{"id":20623,"date":"2017-01-01T00:00:00","date_gmt":"2017-01-01T00:00:00","guid":{"rendered":"https:\/\/crees.org.do\/si-hubiera-que-elegir-un-momento-para-hacer-el-ajuste-fiscal-en-rd-es-ahora\/"},"modified":"2017-01-01T00:00:00","modified_gmt":"2017-01-01T00:00:00","slug":"si-hubiera-que-elegir-un-momento-para-hacer-el-ajuste-fiscal-en-rd-es-ahora","status":"publish","type":"post","link":"https:\/\/crees.org.do\/?p=20623","title":{"rendered":"\u201cSi hubiera que elegir un momento para hacer el ajuste fiscal en RD, es ahora\u201d"},"content":{"rendered":"<div style=\"text-align: justify;\"><span style=\"font-size:12px;\"><span style=\"font-family:verdana,geneva,sans-serif;\"><strong>Autor:<\/strong> Suhelis Tejero&nbsp;<\/span><\/span><\/div>\n<div style=\"text-align: justify;\">&nbsp;<\/div>\n<div style=\"text-align: justify;\"><span style=\"font-size:12px;\"><span style=\"font-family:verdana,geneva,sans-serif;\"><strong>Fecha:<\/strong> 29 mayo del 2017<\/span><\/span><\/div>\n<div style=\"text-align: justify;\">&nbsp;<\/div>\n<div style=\"text-align: justify;\"><span style=\"font-size:12px;\"><span style=\"font-family:verdana,geneva,sans-serif;\">Extra\u00eddo de&nbsp;<a href=\"https:\/\/www.diariolibre.com\/economia\/si-hubiera-que-elegir-un-momento-para-hacer-el-ajuste-fiscal-en-rd-es-ahora-KN7197927\"><span style=\"line-height: 1.5;\">www.diariolibre.com<\/span><\/a><\/span><\/span><\/div>\n<div style=\"text-align: justify;\">&nbsp;<\/div>\n<div>\n<div class=\"text\" mlnid=\"idcon=8301387;order=9.0\" style=\"color: rgb(0, 0, 0); font-family: Times; font-size: medium; line-height: normal;\">\n<p style=\"font-family: Arial, Helvetica, sans-serif; font-size: 17px; color: rgb(51, 51, 51); line-height: 25px; margin-top: 20px; margin-bottom: 20px; text-align: justify;\"><span style=\"font-size:12px;\"><span style=\"font-family:verdana,geneva,sans-serif;\">El profesor de econom\u00eda del IESE Business School de la Universidad de Navarra (Espa\u00f1a), Pedro Videla, tiene muy claro que la Rep\u00fablica Dominicana debe hacer una reforma fiscal cuanto antes. &ldquo;Si hubiera que elegir un timing, es ahora&rdquo;, zanja. Y no habla de una subida de impuestos, sino de todo lo contrario: un esquema impositivo que rebaje los tributos, pero en el que todos paguen, sin exenciones, sin distorsiones.<\/span><\/span><\/p>\n<p style=\"font-family: Arial, Helvetica, sans-serif; font-size: 17px; color: rgb(51, 51, 51); line-height: 25px; margin-top: 20px; margin-bottom: 20px; text-align: justify;\"><span style=\"font-size:12px;\"><span style=\"font-family:verdana,geneva,sans-serif;\">Videla, quien es especialista en econom\u00edas emergentes y visit\u00f3 el pa\u00eds para participar en el programa de Liderazgo para la Gesti\u00f3n P\u00fablica del Barna Management School, alert\u00f3 que la regi\u00f3n latinoamericana, y espec\u00edficamente la Rep\u00fablica Dominicana, enfrenta retos con Donald Trump en la presidencia de Estados Unidos.<\/span><\/span><\/p>\n<p style=\"font-family: Arial, Helvetica, sans-serif; font-size: 17px; color: rgb(51, 51, 51); line-height: 25px; margin-top: 20px; margin-bottom: 20px; text-align: justify;\"><span style=\"font-size:12px;\"><span style=\"font-family:verdana,geneva,sans-serif;\"><b>&mdash;&iquest;Cu\u00e1les son los riesgos?<\/b><\/span><\/span><\/p>\n<p style=\"font-family: Arial, Helvetica, sans-serif; font-size: 17px; color: rgb(51, 51, 51); line-height: 25px; margin-top: 20px; margin-bottom: 20px; text-align: justify;\"><span style=\"font-size:12px;\"><span style=\"font-family:verdana,geneva,sans-serif;\">En el largo plazo el problema est\u00e1 en una restricci\u00f3n a la globalizaci\u00f3n. Aqu\u00ed va desde las exportaciones a EEUU, que Trump vaya a elegir sectores en el que el buy american sea importante, y tambi\u00e9n limitar la migraci\u00f3n y las remesas. Esto implicar\u00eda una disminuci\u00f3n del PIB mundial, del comercio internacional y de ventajas comparativas, lo que significa que en el largo plazo seremos m\u00e1s pobres. En el corto plazo lo que preocupa es que aumentan las tasas de inter\u00e9s en EEUU debido a una pol\u00edtica fiscal expansiva junto a una monetaria contractiva. Estas dos cosas van a hacer que el dinero que lleg\u00f3 a RD o a otro pa\u00eds regrese a EEUU, y con ello habr\u00e1 una depreciaci\u00f3n de la moneda que llevar\u00e1 a que los ratios deuda\/PIB aumenten, y a abrir un proceso de crisis debido a eso.<\/span><\/span><\/p>\n<p style=\"font-family: Arial, Helvetica, sans-serif; font-size: 17px; color: rgb(51, 51, 51); line-height: 25px; margin-top: 20px; margin-bottom: 20px; text-align: justify;\"><span style=\"font-size:12px;\"><span style=\"font-family:verdana,geneva,sans-serif;\"><b>&mdash;&iquest;Ese dinero en riesgo de volver a EEUU es la inversi\u00f3n recibida por el pa\u00eds?<\/b><\/span><\/span><\/p>\n<p style=\"font-family: Arial, Helvetica, sans-serif; font-size: 17px; color: rgb(51, 51, 51); line-height: 25px; margin-top: 20px; margin-bottom: 20px; text-align: justify;\"><span style=\"font-size:12px;\"><span style=\"font-family:verdana,geneva,sans-serif;\">Cuando los intereses en EEUU estaban en cero, vino dinero buscando mejor rentabilidad. Pa\u00edses como RD y otros se endeudaron en d\u00f3lares y a corto plazo. Si por alguna raz\u00f3n el incremento de los tipos en EEUU crea una apreciaci\u00f3n del d\u00f3lar respecto al peso dominicano, todos los pasivos aumentar\u00e1n y los activos disminuir\u00e1n, y esto puede crear serios problemas.<\/span><\/span><\/p>\n<p style=\"font-family: Arial, Helvetica, sans-serif; font-size: 17px; color: rgb(51, 51, 51); line-height: 25px; margin-top: 20px; margin-bottom: 20px; text-align: justify;\"><span style=\"font-size:12px;\"><span style=\"font-family:verdana,geneva,sans-serif;\"><b>&mdash;&iquest;C\u00f3mo evitarlo?<\/b><\/span><\/span><\/p>\n<p style=\"font-family: Arial, Helvetica, sans-serif; font-size: 17px; color: rgb(51, 51, 51); line-height: 25px; margin-top: 20px; margin-bottom: 20px; text-align: justify;\"><span style=\"font-size:12px;\"><span style=\"font-family:verdana,geneva,sans-serif;\">Dando flexibilidad al tipo de cambio, que ya es muy tarde; aumentando las reservas internacionales y teniendo un super\u00e1vit fiscal m\u00e1s amplio para que el sector gubernamental pueda actuar ante una crisis.<\/span><\/span><\/p>\n<p style=\"font-family: Arial, Helvetica, sans-serif; font-size: 17px; color: rgb(51, 51, 51); line-height: 25px; margin-top: 20px; margin-bottom: 20px; text-align: justify;\"><span style=\"font-size:12px;\"><span style=\"font-family:verdana,geneva,sans-serif;\"><b>&mdash;&iquest;Aqu\u00ed est\u00e1n dadas esas condiciones?<\/b><\/span><\/span><\/p>\n<p style=\"font-family: Arial, Helvetica, sans-serif; font-size: 17px; color: rgb(51, 51, 51); line-height: 25px; margin-top: 20px; margin-bottom: 20px; text-align: justify;\"><span style=\"font-size:12px;\"><span style=\"font-family:verdana,geneva,sans-serif;\">Ninguna. Ni las reservas son lo suficientemente grandes, tenemos un d\u00e9ficit primario con tipos de inter\u00e9s bajos internacionales y la mitad de la deuda est\u00e1 denominada en d\u00f3lares. Se necesita hacer un ajuste mucho m\u00e1s importante en el super\u00e1vit primario.<\/span><\/span><\/p>\n<p style=\"font-family: Arial, Helvetica, sans-serif; font-size: 17px; color: rgb(51, 51, 51); line-height: 25px; margin-top: 20px; margin-bottom: 20px; text-align: justify;\"><span style=\"font-size:12px;\"><span style=\"font-family:verdana,geneva,sans-serif;\"><b>&mdash;&iquest;D\u00f3nde hay que ajustar?<\/b><\/span><\/span><\/p>\n<p style=\"font-family: Arial, Helvetica, sans-serif; font-size: 17px; color: rgb(51, 51, 51); line-height: 25px; margin-top: 20px; margin-bottom: 20px; text-align: justify;\"><span style=\"font-size:12px;\"><span style=\"font-family:verdana,geneva,sans-serif;\">O disminuimos los gastos o aumentamos la recaudaci\u00f3n, o una combinaci\u00f3n de ambas. Los gastos se pueden reducir eliminando todos aquellos que son de clientelismo y no para ayudar a gente en problemas. Hay un mont\u00f3n de subvenciones que no van a los m\u00e1s desfavorecidos, sino a los m\u00e1s pudientes del pa\u00eds. Por el lado de los impuestos, la recaudaci\u00f3n dominicana es 14% del PIB, una de las m\u00e1s bajas de la regi\u00f3n y de las econom\u00edas emergentes. Esto no significa que haya que aumentar los impuestos. Quiz\u00e1s tenemos baja recaudaci\u00f3n porque la tasa impositiva es muy alta, entonces hay que pensar en un sistema con incentivos. Reducir la evasi\u00f3n pasa por eliminar los casos especiales y hacer un sistema m\u00e1s sencillo. Claro que esperar esto es como esperar que se aparezca de nuevo la Virgen de Lourdes.<\/span><\/span><\/p>\n<\/div>\n<div class=\"text\" mlnid=\"idcon=8301391;order=13.0\" style=\"color: rgb(0, 0, 0); font-family: Times; font-size: medium; line-height: normal;\">\n<p style=\"font-family: Arial, Helvetica, sans-serif; font-size: 17px; color: rgb(51, 51, 51); line-height: 25px; margin-top: 20px; margin-bottom: 20px; text-align: justify;\"><span style=\"font-size:12px;\"><span style=\"font-family:verdana,geneva,sans-serif;\"><b>&mdash;Y la v\u00eda f\u00e1cil siempre es subir los impuestos&#8230;<\/b><\/span><\/span><\/p>\n<p style=\"font-family: Arial, Helvetica, sans-serif; font-size: 17px; color: rgb(51, 51, 51); line-height: 25px; margin-top: 20px; margin-bottom: 20px; text-align: justify;\"><span style=\"font-size:12px;\"><span style=\"font-family:verdana,geneva,sans-serif;\">Subir los impuestos no hace que paguen m\u00e1s. De hecho, solo 14% de los asalariados de este pa\u00eds pagan impuestos, la mayor\u00eda est\u00e1 exento.<\/span><\/span><\/p>\n<p style=\"font-family: Arial, Helvetica, sans-serif; font-size: 17px; color: rgb(51, 51, 51); line-height: 25px; margin-top: 20px; margin-bottom: 20px; text-align: justify;\"><span style=\"font-size:12px;\"><span style=\"font-family:verdana,geneva,sans-serif;\"><b>&mdash;Una de las v\u00edas para atraer inversiones han sido las exenciones a sectores, como zonas francas&#8230;<\/b><\/span><\/span><\/p>\n<p style=\"font-family: Arial, Helvetica, sans-serif; font-size: 17px; color: rgb(51, 51, 51); line-height: 25px; margin-top: 20px; margin-bottom: 20px; text-align: justify;\"><span style=\"font-size:12px;\"><span style=\"font-family:verdana,geneva,sans-serif;\">Habr\u00eda que evaluar si esta inversi\u00f3n que no paga impuestos crea valor al pa\u00eds. No porque invierta asegura que se est\u00e1 creando riqueza en el pa\u00eds. Y si se eval\u00faa esto y es cierto que esa exenci\u00f3n aumenta la inversi\u00f3n, entonces &iquest;por qu\u00e9 no hacemos del pa\u00eds una zona franca? Si es tan bueno, hag\u00e1moslo. Si estas cosas funcionan tan bien, &iquest;para qu\u00e9 creamos la distorsi\u00f3n de tener sectores privilegiados y otros no? &iquest;C\u00f3mo decido a qui\u00e9n acepto en este sistema? Tienen que haber algunos criterios. &iquest;Cu\u00e1ntos de esos criterios no son criterios de amigos? Preferir\u00eda un sistema que no discrimine entre sectores. Si yo le doy al sector productor de pelotas de f\u00fatbol una exenci\u00f3n, esto genera inversi\u00f3n y crece. Eso es lo que se ve, pero eso no me dice que haya sido bueno, porque han venido recursos de otros sectores que se han destruido para venir a invertir a este. No se qu\u00e9 es lo bueno en eso. Lo mejor ser\u00eda tener un sistema que no discrimine entre sectores. Hagamos del pa\u00eds una zona franca.<\/span><\/span><\/p>\n<p style=\"font-family: Arial, Helvetica, sans-serif; font-size: 17px; color: rgb(51, 51, 51); line-height: 25px; margin-top: 20px; margin-bottom: 20px; text-align: justify;\"><span style=\"font-size:12px;\"><span style=\"font-family:verdana,geneva,sans-serif;\"><b>&mdash;&iquest;C\u00f3mo se hace eso?<\/b><\/span><\/span><\/p>\n<p style=\"font-family: Arial, Helvetica, sans-serif; font-size: 17px; color: rgb(51, 51, 51); line-height: 25px; margin-top: 20px; margin-bottom: 20px; text-align: justify;\"><span style=\"font-size:12px;\"><span style=\"font-family:verdana,geneva,sans-serif;\">Hagamos impuestos para todos, estables y no discriminatorios. Eso ser\u00eda mejor que tener esta situaci\u00f3n. Las evaluaciones de las exenciones aparecen como buenas porque los pol\u00edticos nos dicen &lsquo;mira lo que se ve&rsquo;, pero se olvidan de lo que ha sido destruido por estas pol\u00edticas. No porque haya inversi\u00f3n de pelotas de f\u00fatbol el pa\u00eds est\u00e1 mejor, porque no ha habido inversi\u00f3n en otro sector. &iquest;C\u00f3mo elimino estos problemas y los problemas potenciales de corrupci\u00f3n, de clientelismo, de darle dinero a mis amiguetes y no al resto? Hagamos bajos impuestos para todos y que todos paguen. Esto seguramente aumentar\u00e1 la recaudaci\u00f3n.<\/span><\/span><\/p>\n<p style=\"font-family: Arial, Helvetica, sans-serif; font-size: 17px; color: rgb(51, 51, 51); line-height: 25px; margin-top: 20px; margin-bottom: 20px; text-align: justify;\"><span style=\"font-size:12px;\"><span style=\"font-family:verdana,geneva,sans-serif;\"><b>&mdash;En ese contexto, la deuda se ver\u00e1 afectada por la subida de los intereses&#8230;<\/b><\/span><\/span><\/p>\n<p style=\"font-family: Arial, Helvetica, sans-serif; font-size: 17px; color: rgb(51, 51, 51); line-height: 25px; margin-top: 20px; margin-bottom: 20px; text-align: justify;\"><span style=\"font-size:12px;\"><span style=\"font-family:verdana,geneva,sans-serif;\">Puedes aumentar tu deuda siempre que tu ratio deuda\/PIB no lo haga. Lo que dice el FMI es que la econom\u00eda dominicana necesita crear un super\u00e1vit primario del 2%, que no lo tiene. Hay que hacer el ajuste.<\/span><\/span><\/p>\n<\/div>\n<div class=\"text\" mlnid=\"idcon=8301398;order=20.0\" style=\"color: rgb(0, 0, 0); font-family: Times; font-size: medium; line-height: normal;\">\n<p style=\"font-family: Arial, Helvetica, sans-serif; font-size: 17px; color: rgb(51, 51, 51); line-height: 25px; margin-top: 20px; margin-bottom: 20px; text-align: justify;\"><span style=\"font-size:12px;\"><span style=\"font-family:verdana,geneva,sans-serif;\"><b>&mdash;&iquest;Cu\u00e1ndo hacerlo?<\/b><\/span><\/span><\/p>\n<p style=\"font-family: Arial, Helvetica, sans-serif; font-size: 17px; color: rgb(51, 51, 51); line-height: 25px; margin-top: 20px; margin-bottom: 20px; text-align: justify;\"><span style=\"font-size:12px;\"><span style=\"font-family:verdana,geneva,sans-serif;\">Lo que se le pide al gobierno es un ajuste en el que no ganar\u00e1 ning\u00fan amigo, y es pol\u00edticamente complicado. Tenemos bajos precios del petr\u00f3leo, altos precios del oro y las tasas no han aumentado sustancialmente. Si habr\u00eda que elegir un timing para hacer el ajuste, es ahora.<\/span><\/span><\/p>\n<p style=\"font-family: Arial, Helvetica, sans-serif; font-size: 17px; color: rgb(51, 51, 51); line-height: 25px; margin-top: 20px; margin-bottom: 20px; text-align: justify;\"><span style=\"font-size:12px;\"><span style=\"font-family:verdana,geneva,sans-serif;\">La deuda de este pa\u00eds es de 49.7% del PIB. No hay ninguna raz\u00f3n para separar los montos de la deuda del sector p\u00fablico. Aqu\u00ed hay juegos y disputas del Banco Central con el FMI. La deuda del BCRD no tiene que ser tratada de distinta manera. De hecho, deber\u00eda ya haberse consolidado con la deuda del sector p\u00fablico y traspasarla al sector p\u00fablico. No hay ninguna raz\u00f3n para que se diga que es menor. No. Esa deuda, como cualquier otra deuda, debe estar incluida dentro de los factores de deuda.<\/span><\/span><\/p>\n<p style=\"font-family: Arial, Helvetica, sans-serif; font-size: 17px; color: rgb(51, 51, 51); line-height: 25px; margin-top: 20px; margin-bottom: 20px; text-align: justify;\"><span style=\"font-size:12px;\"><span style=\"font-family:verdana,geneva,sans-serif;\"><b>&mdash;El gobierno dice que el ratio deuda\/PIB est\u00e1 por debajo del promedio de la regi\u00f3n&#8230;<\/b><\/span><\/span><\/p>\n<p style=\"font-family: Arial, Helvetica, sans-serif; font-size: 17px; color: rgb(51, 51, 51); line-height: 25px; margin-top: 20px; margin-bottom: 20px; text-align: justify;\"><span style=\"font-size:12px;\"><span style=\"font-family:verdana,geneva,sans-serif;\">Va Maradona a un banco y pide cinco millones de pesos y a los 10 minutos sale con los cinco millones. Voy yo a un banco y pido cinco millones y se va a re\u00edr todo el mundo. &iquest;Cu\u00e1nto es lo que puede pedir prestado una persona? Depende de la persona. &iquest;Cu\u00e1nto es la deuda que puede tener un pa\u00eds? Depende de cu\u00e1l sea el pa\u00eds. EEUU tiene un incremento persistente de su deuda, un d\u00e9ficit de su cuenta corriente y nada pasa, porque es EEUU. Otros pa\u00edses con niveles de deuda inferiores, como el que tiene Rep\u00fablica Dominicana, tienen problemas. Lo que hay que tratar de ver es cu\u00e1l es la deuda sostenible para el pa\u00eds. Una definici\u00f3n de sostenibilidad sencilla es que t\u00fa puedes incrementar tu deuda siempre que tu ratio deuda\/PIB no aumente. Tu puedes aumentar millones y millones y millones tu deuda, si aumentas tu PIB millones y millones y millones. Lo que est\u00e1 diciendo el FMI es que el ajuste que necesita la econom\u00eda dominicana para mantener la deuda total necesita crear un super\u00e1vit primario del 2%, que no lo tiene. Entonces necesita hacer el ajuste fiscal. El monto de la deuda va a aumentar.<\/span><\/span><\/p>\n<\/div>\n<\/div>\n<div>&nbsp;<\/div>\n<div class=\"pvc_clear\"><\/div>\n<p class=\"pvc_stats all \" data-element-id=\"20623\" style=\"\"><i class=\"pvc-stats-icon medium\" aria-hidden=\"true\"><svg aria-hidden=\"true\" focusable=\"false\" data-prefix=\"far\" data-icon=\"chart-bar\" role=\"img\" xmlns=\"http:\/\/www.w3.org\/2000\/svg\" viewBox=\"0 0 512 512\" class=\"svg-inline--fa fa-chart-bar fa-w-16 fa-2x\"><path fill=\"currentColor\" d=\"M396.8 352h22.4c6.4 0 12.8-6.4 12.8-12.8V108.8c0-6.4-6.4-12.8-12.8-12.8h-22.4c-6.4 0-12.8 6.4-12.8 12.8v230.4c0 6.4 6.4 12.8 12.8 12.8zm-192 0h22.4c6.4 0 12.8-6.4 12.8-12.8V140.8c0-6.4-6.4-12.8-12.8-12.8h-22.4c-6.4 0-12.8 6.4-12.8 12.8v198.4c0 6.4 6.4 12.8 12.8 12.8zm96 0h22.4c6.4 0 12.8-6.4 12.8-12.8V204.8c0-6.4-6.4-12.8-12.8-12.8h-22.4c-6.4 0-12.8 6.4-12.8 12.8v134.4c0 6.4 6.4 12.8 12.8 12.8zM496 400H48V80c0-8.84-7.16-16-16-16H16C7.16 64 0 71.16 0 80v336c0 17.67 14.33 32 32 32h464c8.84 0 16-7.16 16-16v-16c0-8.84-7.16-16-16-16zm-387.2-48h22.4c6.4 0 12.8-6.4 12.8-12.8v-70.4c0-6.4-6.4-12.8-12.8-12.8h-22.4c-6.4 0-12.8 6.4-12.8 12.8v70.4c0 6.4 6.4 12.8 12.8 12.8z\" class=\"\"><\/path><\/svg><\/i> Vistas Totales&nbsp;264&nbsp;, Vistas Hoy&nbsp;2&nbsp;<\/p>\n<div class=\"pvc_clear\"><\/div>\n","protected":false},"excerpt":{"rendered":"<p>Autor: Suhelis Tejero Fecha: 29 mayo del 2017Extra\u00eddo de diariolibre.comEl profesor de econom\u00eda del IESE Business School de la Universidad de Navarra (Espa\u00f1a), Pedro Videla, tiene muy claro que la Rep\u00fablica Dominicana debe hacer una reforma fiscal cuanto antes. \u201cSi hubiera que elegir un timing, es ahora\u201d, zanja. Y no habla de una subida de impuestos, sino de todo lo contrario: un esquema impositivo que rebaje los tributos, pero en el que todos paguen, sin exenciones, sin distorsiones.<\/p>\n<div class=\"pvc_clear\"><\/div>\n<p class=\"pvc_stats all \" data-element-id=\"20623\" style=\"\"><i class=\"pvc-stats-icon medium\" aria-hidden=\"true\"><svg aria-hidden=\"true\" focusable=\"false\" data-prefix=\"far\" data-icon=\"chart-bar\" role=\"img\" xmlns=\"http:\/\/www.w3.org\/2000\/svg\" viewBox=\"0 0 512 512\" class=\"svg-inline--fa fa-chart-bar fa-w-16 fa-2x\"><path fill=\"currentColor\" d=\"M396.8 352h22.4c6.4 0 12.8-6.4 12.8-12.8V108.8c0-6.4-6.4-12.8-12.8-12.8h-22.4c-6.4 0-12.8 6.4-12.8 12.8v230.4c0 6.4 6.4 12.8 12.8 12.8zm-192 0h22.4c6.4 0 12.8-6.4 12.8-12.8V140.8c0-6.4-6.4-12.8-12.8-12.8h-22.4c-6.4 0-12.8 6.4-12.8 12.8v198.4c0 6.4 6.4 12.8 12.8 12.8zm96 0h22.4c6.4 0 12.8-6.4 12.8-12.8V204.8c0-6.4-6.4-12.8-12.8-12.8h-22.4c-6.4 0-12.8 6.4-12.8 12.8v134.4c0 6.4 6.4 12.8 12.8 12.8zM496 400H48V80c0-8.84-7.16-16-16-16H16C7.16 64 0 71.16 0 80v336c0 17.67 14.33 32 32 32h464c8.84 0 16-7.16 16-16v-16c0-8.84-7.16-16-16-16zm-387.2-48h22.4c6.4 0 12.8-6.4 12.8-12.8v-70.4c0-6.4-6.4-12.8-12.8-12.8h-22.4c-6.4 0-12.8 6.4-12.8 12.8v70.4c0 6.4 6.4 12.8 12.8 12.8z\" class=\"\"><\/path><\/svg><\/i> Vistas Totales&nbsp;264&nbsp;, Vistas Hoy&nbsp;2&nbsp;<\/p>\n<div class=\"pvc_clear\"><\/div>\n","protected":false},"author":2,"featured_media":0,"comment_status":"open","ping_status":"open","sticky":false,"template":"","format":"standard","meta":{"footnotes":""},"categories":[21],"tags":[],"class_list":["post-20623","post","type-post","status-publish","format-standard","hentry","category-blog"],"yoast_head":"<!-- This site is optimized with the Yoast SEO plugin v25.2 - https:\/\/yoast.com\/wordpress\/plugins\/seo\/ -->\n<title>\u201cSi hubiera que elegir un momento para hacer el ajuste fiscal en RD, es ahora\u201d | CREES<\/title>\n<meta name=\"robots\" content=\"index, follow, max-snippet:-1, max-image-preview:large, max-video-preview:-1\" \/>\n<link rel=\"canonical\" href=\"https:\/\/crees.org.do\/?p=20623\" \/>\n<meta property=\"og:locale\" content=\"es_ES\" \/>\n<meta property=\"og:type\" content=\"article\" \/>\n<meta property=\"og:title\" content=\"\u201cSi hubiera que elegir un momento para hacer el ajuste fiscal en RD, es ahora\u201d | CREES\" \/>\n<meta property=\"og:description\" content=\"Autor: Suhelis Tejero Fecha: 29 mayo del 2017Extra\u00eddo de diariolibre.comEl profesor de econom\u00eda del IESE Business School de la Universidad de Navarra (Espa\u00f1a), Pedro Videla, tiene muy claro que la Rep\u00fablica Dominicana debe hacer una reforma fiscal cuanto antes. \u201cSi hubiera que elegir un timing, es ahora\u201d, zanja. Y no habla de una subida de impuestos, sino de todo lo contrario: un esquema impositivo que rebaje los tributos, pero en el que todos paguen, sin exenciones, sin distorsiones.\" \/>\n<meta property=\"og:url\" content=\"https:\/\/crees.org.do\/?p=20623\" \/>\n<meta property=\"og:site_name\" content=\"CREES\" \/>\n<meta property=\"article:publisher\" content=\"https:\/\/www.facebook.com\/CREESRD\/\" \/>\n<meta property=\"article:published_time\" content=\"2017-01-01T00:00:00+00:00\" \/>\n<meta property=\"og:image\" content=\"https:\/\/crees.org.do\/wp-content\/uploads\/2022\/03\/crees-logo-1.jpg\" \/>\n\t<meta property=\"og:image:width\" content=\"244\" \/>\n\t<meta property=\"og:image:height\" content=\"71\" \/>\n\t<meta property=\"og:image:type\" content=\"image\/jpeg\" \/>\n<meta name=\"author\" content=\"Crees\" \/>\n<meta name=\"twitter:card\" content=\"summary_large_image\" \/>\n<meta name=\"twitter:creator\" content=\"@CREESRD\" \/>\n<meta name=\"twitter:site\" content=\"@CREESRD\" \/>\n<meta name=\"twitter:label1\" content=\"Escrito por\" \/>\n\t<meta name=\"twitter:data1\" content=\"Crees\" \/>\n\t<meta name=\"twitter:label2\" content=\"Tiempo de lectura\" \/>\n\t<meta name=\"twitter:data2\" content=\"7 minutos\" \/>\n<script type=\"application\/ld+json\" class=\"yoast-schema-graph\">{\"@context\":\"https:\/\/schema.org\",\"@graph\":[{\"@type\":\"Article\",\"@id\":\"https:\/\/crees.org.do\/?p=20623#article\",\"isPartOf\":{\"@id\":\"https:\/\/crees.org.do\/?p=20623\"},\"author\":{\"name\":\"Crees\",\"@id\":\"https:\/\/crees.org.do\/#\/schema\/person\/e7f97cd94d7bf9cd0e0ce30acb7d56b8\"},\"headline\":\"\u201cSi hubiera que elegir un momento para hacer el ajuste fiscal en RD, es ahora\u201d\",\"datePublished\":\"2017-01-01T00:00:00+00:00\",\"mainEntityOfPage\":{\"@id\":\"https:\/\/crees.org.do\/?p=20623\"},\"wordCount\":1479,\"commentCount\":0,\"publisher\":{\"@id\":\"https:\/\/crees.org.do\/#organization\"},\"articleSection\":[\"Blog\"],\"inLanguage\":\"es\"},{\"@type\":\"WebPage\",\"@id\":\"https:\/\/crees.org.do\/?p=20623\",\"url\":\"https:\/\/crees.org.do\/?p=20623\",\"name\":\"\u201cSi hubiera que elegir un momento para hacer el ajuste fiscal en RD, es ahora\u201d | CREES\",\"isPartOf\":{\"@id\":\"https:\/\/crees.org.do\/#website\"},\"datePublished\":\"2017-01-01T00:00:00+00:00\",\"breadcrumb\":{\"@id\":\"https:\/\/crees.org.do\/?p=20623#breadcrumb\"},\"inLanguage\":\"es\",\"potentialAction\":[{\"@type\":\"ReadAction\",\"target\":[\"https:\/\/crees.org.do\/?p=20623\"]}]},{\"@type\":\"BreadcrumbList\",\"@id\":\"https:\/\/crees.org.do\/?p=20623#breadcrumb\",\"itemListElement\":[{\"@type\":\"ListItem\",\"position\":1,\"name\":\"Portada\",\"item\":\"https:\/\/crees.org.do\/\"},{\"@type\":\"ListItem\",\"position\":2,\"name\":\"\u201cSi hubiera que elegir un momento para hacer el ajuste fiscal en RD, es ahora\u201d\"}]},{\"@type\":\"WebSite\",\"@id\":\"https:\/\/crees.org.do\/#website\",\"url\":\"https:\/\/crees.org.do\/\",\"name\":\"CREES\",\"description\":\"Centro Regional de Estrategias Econ\u00f3micas Sostenibles\",\"publisher\":{\"@id\":\"https:\/\/crees.org.do\/#organization\"},\"potentialAction\":[{\"@type\":\"SearchAction\",\"target\":{\"@type\":\"EntryPoint\",\"urlTemplate\":\"https:\/\/crees.org.do\/?s={search_term_string}\"},\"query-input\":{\"@type\":\"PropertyValueSpecification\",\"valueRequired\":true,\"valueName\":\"search_term_string\"}}],\"inLanguage\":\"es\"},{\"@type\":\"Organization\",\"@id\":\"https:\/\/crees.org.do\/#organization\",\"name\":\"CREES | Centro Regional de Estrategias Econ\u00f3micas Sostenibles\",\"url\":\"https:\/\/crees.org.do\/\",\"logo\":{\"@type\":\"ImageObject\",\"inLanguage\":\"es\",\"@id\":\"https:\/\/crees.org.do\/#\/schema\/logo\/image\/\",\"url\":\"https:\/\/crees.org.do\/wp-content\/uploads\/2022\/03\/crees-logo-1.jpg\",\"contentUrl\":\"https:\/\/crees.org.do\/wp-content\/uploads\/2022\/03\/crees-logo-1.jpg\",\"width\":244,\"height\":71,\"caption\":\"CREES | Centro Regional de Estrategias Econ\u00f3micas Sostenibles\"},\"image\":{\"@id\":\"https:\/\/crees.org.do\/#\/schema\/logo\/image\/\"},\"sameAs\":[\"https:\/\/www.facebook.com\/CREESRD\/\",\"https:\/\/x.com\/CREESRD\"]},{\"@type\":\"Person\",\"@id\":\"https:\/\/crees.org.do\/#\/schema\/person\/e7f97cd94d7bf9cd0e0ce30acb7d56b8\",\"name\":\"Crees\",\"image\":{\"@type\":\"ImageObject\",\"inLanguage\":\"es\",\"@id\":\"https:\/\/crees.org.do\/#\/schema\/person\/image\/\",\"url\":\"https:\/\/secure.gravatar.com\/avatar\/390ac8f0be5d9aa046152553e2dd7011b59a512d89c150f5e5f28bb8d9a0b165?s=96&d=mm&r=g\",\"contentUrl\":\"https:\/\/secure.gravatar.com\/avatar\/390ac8f0be5d9aa046152553e2dd7011b59a512d89c150f5e5f28bb8d9a0b165?s=96&d=mm&r=g\",\"caption\":\"Crees\"},\"url\":\"https:\/\/crees.org.do\/?author=2\"}]}<\/script>\n<!-- \/ Yoast SEO plugin. -->","yoast_head_json":{"title":"\u201cSi hubiera que elegir un momento para hacer el ajuste fiscal en RD, es ahora\u201d | CREES","robots":{"index":"index","follow":"follow","max-snippet":"max-snippet:-1","max-image-preview":"max-image-preview:large","max-video-preview":"max-video-preview:-1"},"canonical":"https:\/\/crees.org.do\/?p=20623","og_locale":"es_ES","og_type":"article","og_title":"\u201cSi hubiera que elegir un momento para hacer el ajuste fiscal en RD, es ahora\u201d | CREES","og_description":"Autor: Suhelis Tejero Fecha: 29 mayo del 2017Extra\u00eddo de diariolibre.comEl profesor de econom\u00eda del IESE Business School de la Universidad de Navarra (Espa\u00f1a), Pedro Videla, tiene muy claro que la Rep\u00fablica Dominicana debe hacer una reforma fiscal cuanto antes. \u201cSi hubiera que elegir un timing, es ahora\u201d, zanja. Y no habla de una subida de impuestos, sino de todo lo contrario: un esquema impositivo que rebaje los tributos, pero en el que todos paguen, sin exenciones, sin distorsiones.","og_url":"https:\/\/crees.org.do\/?p=20623","og_site_name":"CREES","article_publisher":"https:\/\/www.facebook.com\/CREESRD\/","article_published_time":"2017-01-01T00:00:00+00:00","og_image":[{"width":244,"height":71,"url":"https:\/\/crees.org.do\/wp-content\/uploads\/2022\/03\/crees-logo-1.jpg","type":"image\/jpeg"}],"author":"Crees","twitter_card":"summary_large_image","twitter_creator":"@CREESRD","twitter_site":"@CREESRD","twitter_misc":{"Escrito por":"Crees","Tiempo de lectura":"7 minutos"},"schema":{"@context":"https:\/\/schema.org","@graph":[{"@type":"Article","@id":"https:\/\/crees.org.do\/?p=20623#article","isPartOf":{"@id":"https:\/\/crees.org.do\/?p=20623"},"author":{"name":"Crees","@id":"https:\/\/crees.org.do\/#\/schema\/person\/e7f97cd94d7bf9cd0e0ce30acb7d56b8"},"headline":"\u201cSi hubiera que elegir un momento para hacer el ajuste fiscal en RD, es ahora\u201d","datePublished":"2017-01-01T00:00:00+00:00","mainEntityOfPage":{"@id":"https:\/\/crees.org.do\/?p=20623"},"wordCount":1479,"commentCount":0,"publisher":{"@id":"https:\/\/crees.org.do\/#organization"},"articleSection":["Blog"],"inLanguage":"es"},{"@type":"WebPage","@id":"https:\/\/crees.org.do\/?p=20623","url":"https:\/\/crees.org.do\/?p=20623","name":"\u201cSi hubiera que elegir un momento para hacer el ajuste fiscal en RD, es ahora\u201d | CREES","isPartOf":{"@id":"https:\/\/crees.org.do\/#website"},"datePublished":"2017-01-01T00:00:00+00:00","breadcrumb":{"@id":"https:\/\/crees.org.do\/?p=20623#breadcrumb"},"inLanguage":"es","potentialAction":[{"@type":"ReadAction","target":["https:\/\/crees.org.do\/?p=20623"]}]},{"@type":"BreadcrumbList","@id":"https:\/\/crees.org.do\/?p=20623#breadcrumb","itemListElement":[{"@type":"ListItem","position":1,"name":"Portada","item":"https:\/\/crees.org.do\/"},{"@type":"ListItem","position":2,"name":"\u201cSi hubiera que elegir un momento para hacer el ajuste fiscal en RD, es ahora\u201d"}]},{"@type":"WebSite","@id":"https:\/\/crees.org.do\/#website","url":"https:\/\/crees.org.do\/","name":"CREES","description":"Centro Regional de Estrategias Econ\u00f3micas Sostenibles","publisher":{"@id":"https:\/\/crees.org.do\/#organization"},"potentialAction":[{"@type":"SearchAction","target":{"@type":"EntryPoint","urlTemplate":"https:\/\/crees.org.do\/?s={search_term_string}"},"query-input":{"@type":"PropertyValueSpecification","valueRequired":true,"valueName":"search_term_string"}}],"inLanguage":"es"},{"@type":"Organization","@id":"https:\/\/crees.org.do\/#organization","name":"CREES | Centro Regional de Estrategias Econ\u00f3micas Sostenibles","url":"https:\/\/crees.org.do\/","logo":{"@type":"ImageObject","inLanguage":"es","@id":"https:\/\/crees.org.do\/#\/schema\/logo\/image\/","url":"https:\/\/crees.org.do\/wp-content\/uploads\/2022\/03\/crees-logo-1.jpg","contentUrl":"https:\/\/crees.org.do\/wp-content\/uploads\/2022\/03\/crees-logo-1.jpg","width":244,"height":71,"caption":"CREES | Centro Regional de Estrategias Econ\u00f3micas Sostenibles"},"image":{"@id":"https:\/\/crees.org.do\/#\/schema\/logo\/image\/"},"sameAs":["https:\/\/www.facebook.com\/CREESRD\/","https:\/\/x.com\/CREESRD"]},{"@type":"Person","@id":"https:\/\/crees.org.do\/#\/schema\/person\/e7f97cd94d7bf9cd0e0ce30acb7d56b8","name":"Crees","image":{"@type":"ImageObject","inLanguage":"es","@id":"https:\/\/crees.org.do\/#\/schema\/person\/image\/","url":"https:\/\/secure.gravatar.com\/avatar\/390ac8f0be5d9aa046152553e2dd7011b59a512d89c150f5e5f28bb8d9a0b165?s=96&d=mm&r=g","contentUrl":"https:\/\/secure.gravatar.com\/avatar\/390ac8f0be5d9aa046152553e2dd7011b59a512d89c150f5e5f28bb8d9a0b165?s=96&d=mm&r=g","caption":"Crees"},"url":"https:\/\/crees.org.do\/?author=2"}]}},"_links":{"self":[{"href":"https:\/\/crees.org.do\/index.php?rest_route=\/wp\/v2\/posts\/20623","targetHints":{"allow":["GET"]}}],"collection":[{"href":"https:\/\/crees.org.do\/index.php?rest_route=\/wp\/v2\/posts"}],"about":[{"href":"https:\/\/crees.org.do\/index.php?rest_route=\/wp\/v2\/types\/post"}],"author":[{"embeddable":true,"href":"https:\/\/crees.org.do\/index.php?rest_route=\/wp\/v2\/users\/2"}],"replies":[{"embeddable":true,"href":"https:\/\/crees.org.do\/index.php?rest_route=%2Fwp%2Fv2%2Fcomments&post=20623"}],"version-history":[{"count":0,"href":"https:\/\/crees.org.do\/index.php?rest_route=\/wp\/v2\/posts\/20623\/revisions"}],"wp:attachment":[{"href":"https:\/\/crees.org.do\/index.php?rest_route=%2Fwp%2Fv2%2Fmedia&parent=20623"}],"wp:term":[{"taxonomy":"category","embeddable":true,"href":"https:\/\/crees.org.do\/index.php?rest_route=%2Fwp%2Fv2%2Fcategories&post=20623"},{"taxonomy":"post_tag","embeddable":true,"href":"https:\/\/crees.org.do\/index.php?rest_route=%2Fwp%2Fv2%2Ftags&post=20623"}],"curies":[{"name":"wp","href":"https:\/\/api.w.org\/{rel}","templated":true}]}}