{"id":20632,"date":"2017-01-01T00:00:00","date_gmt":"2017-01-01T00:00:00","guid":{"rendered":"https:\/\/crees.org.do\/economistas-critican-la-emision-de-us500-millones-de-bonos-soberanos\/"},"modified":"2017-01-01T00:00:00","modified_gmt":"2017-01-01T00:00:00","slug":"economistas-critican-la-emision-de-us500-millones-de-bonos-soberanos","status":"publish","type":"post","link":"https:\/\/crees.org.do\/?p=20632","title":{"rendered":"Economistas critican la emisi\u00f3n de US$500 millones de bonos soberanos"},"content":{"rendered":"<div class=\"text\" mlnid=\"idcon=8374911;order=4.1\" style=\"color: rgb(0, 0, 0); font-family: Times; font-size: medium; line-height: normal;\">\n<p style=\"font-family: Arial, Helvetica, sans-serif; font-size: 14px; color: rgb(51, 51, 51); line-height: 20px; margin-top: 10px; margin-bottom: 10px; text-align: justify;\"><span style=\"font-size:12px;\"><span style=\"font-family:verdana,geneva,sans-serif;\">Autor: Abe<\/span><\/span><span style=\"font-family: verdana, geneva, sans-serif; font-size: 12px;\">l Guzm\u00e1n Then<\/span><\/p>\n<p style=\"font-family: Arial, Helvetica, sans-serif; font-size: 14px; color: rgb(51, 51, 51); line-height: 20px; margin-top: 10px; margin-bottom: 10px; text-align: justify;\"><span style=\"font-family: verdana, geneva, sans-serif; font-size: 12px;\">Fecha: 15 Junio 2017<\/span><\/p>\n<p style=\"font-family: Arial, Helvetica, sans-serif; font-size: 14px; color: rgb(51, 51, 51); line-height: 20px; margin-top: 10px; margin-bottom: 10px; text-align: justify;\"><span style=\"font-size:12px;\"><span style=\"font-family:verdana,geneva,sans-serif;\">Extra\u00eddo de <a href=\"https:\/\/www.diariolibre.com\/economia\/economistas-critican-la-emision-de-us-500-millones-HY7375768\">diariolibre.dom<\/a><\/span><\/span><\/p>\n<p style=\"font-family: Arial, Helvetica, sans-serif; font-size: 14px; color: rgb(51, 51, 51); line-height: 20px; margin-top: 10px; margin-bottom: 10px; text-align: justify;\"><span style=\"font-size:12px;\"><span style=\"font-family:verdana,geneva,sans-serif;\">Mientras economistas y dirigentes opositores consideraron negativo para el pa\u00eds la colocaci\u00f3n de US$500 millones en bonos soberanos, para concluir la construcci\u00f3n de la Central Termo El\u00e9ctrica de Punta Catalina, el Gobierno consider\u00f3 que esto demuestra la confianza que tienen los mercados internacionales en el pa\u00eds.<\/span><\/span><\/p>\n<p style=\"font-family: Arial, Helvetica, sans-serif; font-size: 14px; color: rgb(51, 51, 51); line-height: 20px; margin-top: 10px; margin-bottom: 10px; text-align: justify;\"><span style=\"font-size:12px;\"><span style=\"font-family:verdana,geneva,sans-serif;\">El economista y director de pol\u00edticas p\u00fablicas del Partido Revolucionario Moderno (PRM), Miguel Ceara Hatton, afirm\u00f3 que se est\u00e1 endeudando cada vez m\u00e1s al pa\u00eds y no hay cuentas claras de en qu\u00e9 se est\u00e1n utilizando esos fondos.<\/span><\/span><\/p>\n<p style=\"font-family: Arial, Helvetica, sans-serif; font-size: 14px; color: rgb(51, 51, 51); line-height: 20px; margin-top: 10px; margin-bottom: 10px; text-align: justify;\"><span style=\"font-size:12px;\"><span style=\"font-family:verdana,geneva,sans-serif;\">&ldquo;Hay una carrera desenfrenada de endeudamiento a\u00fan sin haber aclarado la forma en c\u00f3mo se han manejado esos recursos&rdquo;, opin\u00f3.<\/span><\/span><\/p>\n<p style=\"font-family: Arial, Helvetica, sans-serif; font-size: 14px; color: rgb(51, 51, 51); line-height: 20px; margin-top: 10px; margin-bottom: 10px; text-align: justify;\"><span style=\"font-size:12px;\"><span style=\"font-family:verdana,geneva,sans-serif;\">Ceara Hatton explic\u00f3 que los bonos se colocan en un mercado internacional y hay intermediarios que compran y tambi\u00e9n hay compradores directos.<\/span><\/span><\/p>\n<p style=\"font-family: Arial, Helvetica, sans-serif; font-size: 14px; color: rgb(51, 51, 51); line-height: 20px; margin-top: 10px; margin-bottom: 10px; text-align: justify;\"><span style=\"font-size:12px;\"><span style=\"font-family:verdana,geneva,sans-serif;\">&ldquo;No tenemos recursos, gran parte de los recursos presupuestarios se est\u00e1n destinando a seguir pagando deudas, pero lo peor es que no sabemos en qu\u00e9 se est\u00e1n utilizando esos recursos&rdquo;, expuso.<\/span><\/span><\/p>\n<p style=\"font-family: Arial, Helvetica, sans-serif; font-size: 14px; color: rgb(51, 51, 51); line-height: 20px; margin-top: 10px; margin-bottom: 10px; text-align: justify;\"><span style=\"font-size:12px;\"><span style=\"font-family:verdana,geneva,sans-serif;\">Deplor\u00f3 que no se tenga un estado financiero auditado de la Corporaci\u00f3n Dominicana de Empresas El\u00e9ctricas Estatales (CDEEE).<\/span><\/span><\/p>\n<p style=\"font-family: Arial, Helvetica, sans-serif; font-size: 14px; color: rgb(51, 51, 51); line-height: 20px; margin-top: 10px; margin-bottom: 10px; text-align: justify;\"><span style=\"font-size:12px;\"><span style=\"font-family:verdana,geneva,sans-serif;\">Argument\u00f3 que no se puede seguir endeudando al pa\u00eds en una operaci\u00f3n &ldquo;cuyo destino es absolutamente dudoso y donde no hay un manejo transparente&rdquo;.<\/span><\/span><\/p>\n<p style=\"font-family: Arial, Helvetica, sans-serif; font-size: 14px; color: rgb(51, 51, 51); line-height: 20px; margin-top: 10px; margin-bottom: 10px; text-align: justify;\"><span style=\"font-size:12px;\"><span style=\"font-family:verdana,geneva,sans-serif;\">Ceara Hatton consider\u00f3 que es buena la tasa de 5.10% de inter\u00e9s, porque los mercados est\u00e1n saturados de liquidez.<\/span><\/span><\/p>\n<\/div>\n<div class=\"entretitulo\" style=\"font-family: gulliverbold; font-size: 20px; font-weight: bold; color: rgb(34, 34, 34); line-height: 23px; margin: 22px 0px 10px; border-top-width: 1px; border-top-style: solid; border-top-color: rgb(204, 204, 204); padding-top: 12px; text-align: justify;\"><span style=\"font-size:12px;\"><span style=\"font-family:verdana,geneva,sans-serif;\">Confianza en Gobierno<\/span><\/span><\/div>\n<div class=\"text\" mlnid=\"idcon=8374911;order=4.10\" style=\"color: rgb(0, 0, 0); font-family: Times; font-size: medium; line-height: normal;\">\n<p style=\"font-family: Arial, Helvetica, sans-serif; font-size: 14px; color: rgb(51, 51, 51); line-height: 20px; margin-top: 10px; margin-bottom: 10px; text-align: justify;\"><span style=\"font-size:12px;\"><span style=\"font-family:verdana,geneva,sans-serif;\">El ministro Administrativo de la Presidencia, Jos\u00e9 Ram\u00f3n Peralta, manifest\u00f3 que se trata de la tasa de inter\u00e9s m\u00e1s baja hasta la fecha para bonos a 10 a\u00f1os.<\/span><\/span><\/p>\n<p style=\"font-family: Arial, Helvetica, sans-serif; font-size: 14px; color: rgb(51, 51, 51); line-height: 20px; margin-top: 10px; margin-bottom: 10px; text-align: justify;\"><span style=\"font-size:12px;\"><span style=\"font-family:verdana,geneva,sans-serif;\">&ldquo;Eso demuestra la confianza de los mercados internacionales en la inversi\u00f3n y desarrollo de Punta Catalina&rdquo;, indic\u00f3.<\/span><\/span><\/p>\n<p style=\"font-family: Arial, Helvetica, sans-serif; font-size: 14px; color: rgb(51, 51, 51); line-height: 20px; margin-top: 10px; margin-bottom: 10px; text-align: justify;\"><span style=\"font-size:12px;\"><span style=\"font-family:verdana,geneva,sans-serif;\">Peralta defini\u00f3 como excelente la acogida que tuvieron los bonos, por lo que dan cuenta del respaldo internacional que tiene la estabilidad econ\u00f3mica del pa\u00eds.<\/span><\/span><\/p>\n<p style=\"font-family: Arial, Helvetica, sans-serif; font-size: 14px; color: rgb(51, 51, 51); line-height: 20px; margin-top: 10px; margin-bottom: 10px; text-align: justify;\"><span style=\"font-size:12px;\"><span style=\"font-family:verdana,geneva,sans-serif;\">&ldquo;La administraci\u00f3n del presidente Danilo Medina asume plenamente el compromiso para garantizar la transparencia y la estabilidad econ\u00f3mica&rdquo;, dijo.<\/span><\/span><\/p>\n<p style=\"font-family: Arial, Helvetica, sans-serif; font-size: 14px; color: rgb(51, 51, 51); line-height: 20px; margin-top: 10px; margin-bottom: 10px; text-align: justify;\"><span style=\"font-size:12px;\"><span style=\"font-family:verdana,geneva,sans-serif;\">Para Ernesto Selman, economista y vicepresidente Ejecutivo del Centro Regional de Estrategias Econ\u00f3micas Sostenibles (CREES), desde el punto de vista econ\u00f3mico, el Estado est\u00e1 asumiendo deuda con estos bonos para un proyecto que era rentable cuando el petr\u00f3leo estaba por debajo de los US$45 el barril.<\/span><\/span><\/p>\n<p style=\"font-family: Arial, Helvetica, sans-serif; font-size: 14px; color: rgb(51, 51, 51); line-height: 20px; margin-top: 10px; margin-bottom: 10px; text-align: justify;\"><span style=\"font-size:12px;\"><span style=\"font-family:verdana,geneva,sans-serif;\">Selman dijo que, sin embargo, con el petr\u00f3leo a US$45 el barril, el proyecto de la plantas de Punta Catalina no tiene mucho sentido econ\u00f3mico, y la realidad es que el problema del sector el\u00e9ctrico dominicano tiene que ver con la distribuci\u00f3n y no la generaci\u00f3n de energ\u00eda.<\/span><\/span><\/p>\n<p style=\"font-family: Arial, Helvetica, sans-serif; font-size: 14px; color: rgb(51, 51, 51); line-height: 20px; margin-top: 10px; margin-bottom: 10px; text-align: justify;\"><span style=\"font-size:12px;\"><span style=\"font-family:verdana,geneva,sans-serif;\">Se\u00f1al\u00f3 que por encima de esto, con un endeudamiento a niveles que pone en riesgo la estabilidad en el mediano plazo, estim\u00f3 que es una mala idea que el Estado haga las inversiones directamente.<\/span><\/span><\/p>\n<p style=\"font-family: Arial, Helvetica, sans-serif; font-size: 14px; color: rgb(51, 51, 51); line-height: 20px; margin-top: 10px; margin-bottom: 10px; text-align: justify;\"><span style=\"font-size:12px;\"><span style=\"font-family:verdana,geneva,sans-serif;\">&ldquo;Desde el punto de vista pol\u00edtico, me parece improcedente hacer la emisi\u00f3n de bonos antes del informe de la Comisi\u00f3n para esos fines. El momento me parece incorrecto y no sabemos lo que hubo para adjudicar y ejecutar ese proyecto&rdquo;, indic\u00f3.<\/span><\/span><\/p>\n<p style=\"font-family: Arial, Helvetica, sans-serif; font-size: 14px; color: rgb(51, 51, 51); line-height: 20px; margin-top: 10px; margin-bottom: 10px; text-align: justify;\"><span style=\"font-size:12px;\"><span style=\"font-family:verdana,geneva,sans-serif;\">Sobre hasta cu\u00e1ndo el pa\u00eds estar\u00e1 financiando una parte de su presupuesto con deudas, manifest\u00f3 que no hay cambios de pol\u00edticas p\u00fablicas.<\/span><\/span><\/p>\n<p style=\"font-family: Arial, Helvetica, sans-serif; font-size: 14px; color: rgb(51, 51, 51); line-height: 20px; margin-top: 10px; margin-bottom: 10px; text-align: justify;\"><span style=\"font-size:12px;\"><span style=\"font-family:verdana,geneva,sans-serif;\">Sostuvo que desde el a\u00f1o 2000 el pa\u00eds lleva la tendencia de gastar cada vez m\u00e1s y los ingresos, aun en crecimiento constante, son insuficientes para cubrir un elevado gasto p\u00fablico que siempre crece m\u00e1s all\u00e1 de los ingresos.<\/span><\/span><\/p>\n<p style=\"font-family: Arial, Helvetica, sans-serif; font-size: 14px; color: rgb(51, 51, 51); line-height: 20px; margin-top: 10px; margin-bottom: 10px; text-align: justify;\"><span style=\"font-size:12px;\"><span style=\"font-family:verdana,geneva,sans-serif;\">Argument\u00f3 que para cubrir esos d\u00e9ficits (gasto mayor que ingresos) se requiere asumir cada vez mayor deuda.<\/span><\/span><\/p>\n<\/div>\n<p>&nbsp;<\/p>\n<div class=\"pvc_clear\"><\/div>\n<p class=\"pvc_stats all \" data-element-id=\"20632\" style=\"\"><i class=\"pvc-stats-icon medium\" aria-hidden=\"true\"><svg aria-hidden=\"true\" focusable=\"false\" data-prefix=\"far\" data-icon=\"chart-bar\" role=\"img\" xmlns=\"http:\/\/www.w3.org\/2000\/svg\" viewBox=\"0 0 512 512\" class=\"svg-inline--fa fa-chart-bar fa-w-16 fa-2x\"><path fill=\"currentColor\" d=\"M396.8 352h22.4c6.4 0 12.8-6.4 12.8-12.8V108.8c0-6.4-6.4-12.8-12.8-12.8h-22.4c-6.4 0-12.8 6.4-12.8 12.8v230.4c0 6.4 6.4 12.8 12.8 12.8zm-192 0h22.4c6.4 0 12.8-6.4 12.8-12.8V140.8c0-6.4-6.4-12.8-12.8-12.8h-22.4c-6.4 0-12.8 6.4-12.8 12.8v198.4c0 6.4 6.4 12.8 12.8 12.8zm96 0h22.4c6.4 0 12.8-6.4 12.8-12.8V204.8c0-6.4-6.4-12.8-12.8-12.8h-22.4c-6.4 0-12.8 6.4-12.8 12.8v134.4c0 6.4 6.4 12.8 12.8 12.8zM496 400H48V80c0-8.84-7.16-16-16-16H16C7.16 64 0 71.16 0 80v336c0 17.67 14.33 32 32 32h464c8.84 0 16-7.16 16-16v-16c0-8.84-7.16-16-16-16zm-387.2-48h22.4c6.4 0 12.8-6.4 12.8-12.8v-70.4c0-6.4-6.4-12.8-12.8-12.8h-22.4c-6.4 0-12.8 6.4-12.8 12.8v70.4c0 6.4 6.4 12.8 12.8 12.8z\" class=\"\"><\/path><\/svg><\/i> Vistas Totales&nbsp;271&nbsp;, Vistas Hoy&nbsp;2&nbsp;<\/p>\n<div class=\"pvc_clear\"><\/div>\n","protected":false},"excerpt":{"rendered":"<p>Autor: Abel Guzm\u00e1n ThenFecha: 15 Junio 2017Extra\u00eddo de diariolibre.domPara Ernesto Selman, economista y vicepresidente Ejecutivo del Centro Regional de Estrategias Econ\u00f3micas Sostenibles (CREES), desde el punto de vista econ\u00f3mico, el Estado est\u00e1 asumiendo deuda con estos bonos para un proyecto que era rentable cuando el petr\u00f3leo estaba por debajo de los US$45 el barril.<\/p>\n<div class=\"pvc_clear\"><\/div>\n<p class=\"pvc_stats all \" data-element-id=\"20632\" style=\"\"><i class=\"pvc-stats-icon medium\" aria-hidden=\"true\"><svg aria-hidden=\"true\" focusable=\"false\" data-prefix=\"far\" data-icon=\"chart-bar\" role=\"img\" xmlns=\"http:\/\/www.w3.org\/2000\/svg\" viewBox=\"0 0 512 512\" class=\"svg-inline--fa fa-chart-bar fa-w-16 fa-2x\"><path fill=\"currentColor\" d=\"M396.8 352h22.4c6.4 0 12.8-6.4 12.8-12.8V108.8c0-6.4-6.4-12.8-12.8-12.8h-22.4c-6.4 0-12.8 6.4-12.8 12.8v230.4c0 6.4 6.4 12.8 12.8 12.8zm-192 0h22.4c6.4 0 12.8-6.4 12.8-12.8V140.8c0-6.4-6.4-12.8-12.8-12.8h-22.4c-6.4 0-12.8 6.4-12.8 12.8v198.4c0 6.4 6.4 12.8 12.8 12.8zm96 0h22.4c6.4 0 12.8-6.4 12.8-12.8V204.8c0-6.4-6.4-12.8-12.8-12.8h-22.4c-6.4 0-12.8 6.4-12.8 12.8v134.4c0 6.4 6.4 12.8 12.8 12.8zM496 400H48V80c0-8.84-7.16-16-16-16H16C7.16 64 0 71.16 0 80v336c0 17.67 14.33 32 32 32h464c8.84 0 16-7.16 16-16v-16c0-8.84-7.16-16-16-16zm-387.2-48h22.4c6.4 0 12.8-6.4 12.8-12.8v-70.4c0-6.4-6.4-12.8-12.8-12.8h-22.4c-6.4 0-12.8 6.4-12.8 12.8v70.4c0 6.4 6.4 12.8 12.8 12.8z\" class=\"\"><\/path><\/svg><\/i> Vistas Totales&nbsp;271&nbsp;, Vistas Hoy&nbsp;2&nbsp;<\/p>\n<div class=\"pvc_clear\"><\/div>\n","protected":false},"author":2,"featured_media":0,"comment_status":"open","ping_status":"open","sticky":false,"template":"","format":"standard","meta":{"footnotes":""},"categories":[21],"tags":[],"class_list":["post-20632","post","type-post","status-publish","format-standard","hentry","category-blog"],"yoast_head":"<!-- This site is optimized with the Yoast SEO plugin v25.2 - https:\/\/yoast.com\/wordpress\/plugins\/seo\/ -->\n<title>Economistas critican la emisi\u00f3n de US$500 millones de bonos soberanos | CREES<\/title>\n<meta name=\"robots\" content=\"index, follow, max-snippet:-1, max-image-preview:large, max-video-preview:-1\" \/>\n<link rel=\"canonical\" href=\"https:\/\/crees.org.do\/?p=20632\" \/>\n<meta property=\"og:locale\" content=\"es_ES\" \/>\n<meta property=\"og:type\" content=\"article\" \/>\n<meta property=\"og:title\" content=\"Economistas critican la emisi\u00f3n de US$500 millones de bonos soberanos | CREES\" \/>\n<meta property=\"og:description\" content=\"Autor: Abel Guzm\u00e1n ThenFecha: 15 Junio 2017Extra\u00eddo de diariolibre.domPara Ernesto Selman, economista y vicepresidente Ejecutivo del Centro Regional de Estrategias Econ\u00f3micas Sostenibles (CREES), desde el punto de vista econ\u00f3mico, el Estado est\u00e1 asumiendo deuda con estos bonos para un proyecto que era rentable cuando el petr\u00f3leo estaba por debajo de los US$45 el barril.\" \/>\n<meta property=\"og:url\" content=\"https:\/\/crees.org.do\/?p=20632\" \/>\n<meta property=\"og:site_name\" content=\"CREES\" \/>\n<meta property=\"article:publisher\" content=\"https:\/\/www.facebook.com\/CREESRD\/\" \/>\n<meta property=\"article:published_time\" content=\"2017-01-01T00:00:00+00:00\" \/>\n<meta property=\"og:image\" content=\"https:\/\/crees.org.do\/wp-content\/uploads\/2022\/03\/crees-logo-1.jpg\" \/>\n\t<meta property=\"og:image:width\" content=\"244\" \/>\n\t<meta property=\"og:image:height\" content=\"71\" \/>\n\t<meta property=\"og:image:type\" content=\"image\/jpeg\" \/>\n<meta name=\"author\" content=\"Crees\" \/>\n<meta name=\"twitter:card\" content=\"summary_large_image\" \/>\n<meta name=\"twitter:creator\" content=\"@CREESRD\" \/>\n<meta name=\"twitter:site\" content=\"@CREESRD\" \/>\n<meta name=\"twitter:label1\" content=\"Escrito por\" \/>\n\t<meta name=\"twitter:data1\" content=\"Crees\" \/>\n\t<meta name=\"twitter:label2\" content=\"Tiempo de lectura\" \/>\n\t<meta name=\"twitter:data2\" content=\"3 minutos\" \/>\n<script type=\"application\/ld+json\" class=\"yoast-schema-graph\">{\"@context\":\"https:\/\/schema.org\",\"@graph\":[{\"@type\":\"Article\",\"@id\":\"https:\/\/crees.org.do\/?p=20632#article\",\"isPartOf\":{\"@id\":\"https:\/\/crees.org.do\/?p=20632\"},\"author\":{\"name\":\"Crees\",\"@id\":\"https:\/\/crees.org.do\/#\/schema\/person\/e7f97cd94d7bf9cd0e0ce30acb7d56b8\"},\"headline\":\"Economistas critican la emisi\u00f3n de US$500 millones de bonos soberanos\",\"datePublished\":\"2017-01-01T00:00:00+00:00\",\"mainEntityOfPage\":{\"@id\":\"https:\/\/crees.org.do\/?p=20632\"},\"wordCount\":644,\"commentCount\":0,\"publisher\":{\"@id\":\"https:\/\/crees.org.do\/#organization\"},\"articleSection\":[\"Blog\"],\"inLanguage\":\"es\"},{\"@type\":\"WebPage\",\"@id\":\"https:\/\/crees.org.do\/?p=20632\",\"url\":\"https:\/\/crees.org.do\/?p=20632\",\"name\":\"Economistas critican la emisi\u00f3n de US$500 millones de bonos soberanos | CREES\",\"isPartOf\":{\"@id\":\"https:\/\/crees.org.do\/#website\"},\"datePublished\":\"2017-01-01T00:00:00+00:00\",\"breadcrumb\":{\"@id\":\"https:\/\/crees.org.do\/?p=20632#breadcrumb\"},\"inLanguage\":\"es\",\"potentialAction\":[{\"@type\":\"ReadAction\",\"target\":[\"https:\/\/crees.org.do\/?p=20632\"]}]},{\"@type\":\"BreadcrumbList\",\"@id\":\"https:\/\/crees.org.do\/?p=20632#breadcrumb\",\"itemListElement\":[{\"@type\":\"ListItem\",\"position\":1,\"name\":\"Portada\",\"item\":\"https:\/\/crees.org.do\/\"},{\"@type\":\"ListItem\",\"position\":2,\"name\":\"Economistas critican la emisi\u00f3n de US$500 millones de bonos soberanos\"}]},{\"@type\":\"WebSite\",\"@id\":\"https:\/\/crees.org.do\/#website\",\"url\":\"https:\/\/crees.org.do\/\",\"name\":\"CREES\",\"description\":\"Centro Regional de Estrategias Econ\u00f3micas Sostenibles\",\"publisher\":{\"@id\":\"https:\/\/crees.org.do\/#organization\"},\"potentialAction\":[{\"@type\":\"SearchAction\",\"target\":{\"@type\":\"EntryPoint\",\"urlTemplate\":\"https:\/\/crees.org.do\/?s={search_term_string}\"},\"query-input\":{\"@type\":\"PropertyValueSpecification\",\"valueRequired\":true,\"valueName\":\"search_term_string\"}}],\"inLanguage\":\"es\"},{\"@type\":\"Organization\",\"@id\":\"https:\/\/crees.org.do\/#organization\",\"name\":\"CREES | Centro Regional de Estrategias Econ\u00f3micas Sostenibles\",\"url\":\"https:\/\/crees.org.do\/\",\"logo\":{\"@type\":\"ImageObject\",\"inLanguage\":\"es\",\"@id\":\"https:\/\/crees.org.do\/#\/schema\/logo\/image\/\",\"url\":\"https:\/\/crees.org.do\/wp-content\/uploads\/2022\/03\/crees-logo-1.jpg\",\"contentUrl\":\"https:\/\/crees.org.do\/wp-content\/uploads\/2022\/03\/crees-logo-1.jpg\",\"width\":244,\"height\":71,\"caption\":\"CREES | Centro Regional de Estrategias Econ\u00f3micas Sostenibles\"},\"image\":{\"@id\":\"https:\/\/crees.org.do\/#\/schema\/logo\/image\/\"},\"sameAs\":[\"https:\/\/www.facebook.com\/CREESRD\/\",\"https:\/\/x.com\/CREESRD\"]},{\"@type\":\"Person\",\"@id\":\"https:\/\/crees.org.do\/#\/schema\/person\/e7f97cd94d7bf9cd0e0ce30acb7d56b8\",\"name\":\"Crees\",\"image\":{\"@type\":\"ImageObject\",\"inLanguage\":\"es\",\"@id\":\"https:\/\/crees.org.do\/#\/schema\/person\/image\/\",\"url\":\"https:\/\/secure.gravatar.com\/avatar\/390ac8f0be5d9aa046152553e2dd7011b59a512d89c150f5e5f28bb8d9a0b165?s=96&d=mm&r=g\",\"contentUrl\":\"https:\/\/secure.gravatar.com\/avatar\/390ac8f0be5d9aa046152553e2dd7011b59a512d89c150f5e5f28bb8d9a0b165?s=96&d=mm&r=g\",\"caption\":\"Crees\"},\"url\":\"https:\/\/crees.org.do\/?author=2\"}]}<\/script>\n<!-- \/ Yoast SEO plugin. -->","yoast_head_json":{"title":"Economistas critican la emisi\u00f3n de US$500 millones de bonos soberanos | CREES","robots":{"index":"index","follow":"follow","max-snippet":"max-snippet:-1","max-image-preview":"max-image-preview:large","max-video-preview":"max-video-preview:-1"},"canonical":"https:\/\/crees.org.do\/?p=20632","og_locale":"es_ES","og_type":"article","og_title":"Economistas critican la emisi\u00f3n de US$500 millones de bonos soberanos | CREES","og_description":"Autor: Abel Guzm\u00e1n ThenFecha: 15 Junio 2017Extra\u00eddo de diariolibre.domPara Ernesto Selman, economista y vicepresidente Ejecutivo del Centro Regional de Estrategias Econ\u00f3micas Sostenibles (CREES), desde el punto de vista econ\u00f3mico, el Estado est\u00e1 asumiendo deuda con estos bonos para un proyecto que era rentable cuando el petr\u00f3leo estaba por debajo de los US$45 el barril.","og_url":"https:\/\/crees.org.do\/?p=20632","og_site_name":"CREES","article_publisher":"https:\/\/www.facebook.com\/CREESRD\/","article_published_time":"2017-01-01T00:00:00+00:00","og_image":[{"width":244,"height":71,"url":"https:\/\/crees.org.do\/wp-content\/uploads\/2022\/03\/crees-logo-1.jpg","type":"image\/jpeg"}],"author":"Crees","twitter_card":"summary_large_image","twitter_creator":"@CREESRD","twitter_site":"@CREESRD","twitter_misc":{"Escrito por":"Crees","Tiempo de lectura":"3 minutos"},"schema":{"@context":"https:\/\/schema.org","@graph":[{"@type":"Article","@id":"https:\/\/crees.org.do\/?p=20632#article","isPartOf":{"@id":"https:\/\/crees.org.do\/?p=20632"},"author":{"name":"Crees","@id":"https:\/\/crees.org.do\/#\/schema\/person\/e7f97cd94d7bf9cd0e0ce30acb7d56b8"},"headline":"Economistas critican la emisi\u00f3n de US$500 millones de bonos soberanos","datePublished":"2017-01-01T00:00:00+00:00","mainEntityOfPage":{"@id":"https:\/\/crees.org.do\/?p=20632"},"wordCount":644,"commentCount":0,"publisher":{"@id":"https:\/\/crees.org.do\/#organization"},"articleSection":["Blog"],"inLanguage":"es"},{"@type":"WebPage","@id":"https:\/\/crees.org.do\/?p=20632","url":"https:\/\/crees.org.do\/?p=20632","name":"Economistas critican la emisi\u00f3n de US$500 millones de bonos soberanos | CREES","isPartOf":{"@id":"https:\/\/crees.org.do\/#website"},"datePublished":"2017-01-01T00:00:00+00:00","breadcrumb":{"@id":"https:\/\/crees.org.do\/?p=20632#breadcrumb"},"inLanguage":"es","potentialAction":[{"@type":"ReadAction","target":["https:\/\/crees.org.do\/?p=20632"]}]},{"@type":"BreadcrumbList","@id":"https:\/\/crees.org.do\/?p=20632#breadcrumb","itemListElement":[{"@type":"ListItem","position":1,"name":"Portada","item":"https:\/\/crees.org.do\/"},{"@type":"ListItem","position":2,"name":"Economistas critican la emisi\u00f3n de US$500 millones de bonos soberanos"}]},{"@type":"WebSite","@id":"https:\/\/crees.org.do\/#website","url":"https:\/\/crees.org.do\/","name":"CREES","description":"Centro Regional de Estrategias Econ\u00f3micas Sostenibles","publisher":{"@id":"https:\/\/crees.org.do\/#organization"},"potentialAction":[{"@type":"SearchAction","target":{"@type":"EntryPoint","urlTemplate":"https:\/\/crees.org.do\/?s={search_term_string}"},"query-input":{"@type":"PropertyValueSpecification","valueRequired":true,"valueName":"search_term_string"}}],"inLanguage":"es"},{"@type":"Organization","@id":"https:\/\/crees.org.do\/#organization","name":"CREES | Centro Regional de Estrategias Econ\u00f3micas Sostenibles","url":"https:\/\/crees.org.do\/","logo":{"@type":"ImageObject","inLanguage":"es","@id":"https:\/\/crees.org.do\/#\/schema\/logo\/image\/","url":"https:\/\/crees.org.do\/wp-content\/uploads\/2022\/03\/crees-logo-1.jpg","contentUrl":"https:\/\/crees.org.do\/wp-content\/uploads\/2022\/03\/crees-logo-1.jpg","width":244,"height":71,"caption":"CREES | Centro Regional de Estrategias Econ\u00f3micas Sostenibles"},"image":{"@id":"https:\/\/crees.org.do\/#\/schema\/logo\/image\/"},"sameAs":["https:\/\/www.facebook.com\/CREESRD\/","https:\/\/x.com\/CREESRD"]},{"@type":"Person","@id":"https:\/\/crees.org.do\/#\/schema\/person\/e7f97cd94d7bf9cd0e0ce30acb7d56b8","name":"Crees","image":{"@type":"ImageObject","inLanguage":"es","@id":"https:\/\/crees.org.do\/#\/schema\/person\/image\/","url":"https:\/\/secure.gravatar.com\/avatar\/390ac8f0be5d9aa046152553e2dd7011b59a512d89c150f5e5f28bb8d9a0b165?s=96&d=mm&r=g","contentUrl":"https:\/\/secure.gravatar.com\/avatar\/390ac8f0be5d9aa046152553e2dd7011b59a512d89c150f5e5f28bb8d9a0b165?s=96&d=mm&r=g","caption":"Crees"},"url":"https:\/\/crees.org.do\/?author=2"}]}},"_links":{"self":[{"href":"https:\/\/crees.org.do\/index.php?rest_route=\/wp\/v2\/posts\/20632","targetHints":{"allow":["GET"]}}],"collection":[{"href":"https:\/\/crees.org.do\/index.php?rest_route=\/wp\/v2\/posts"}],"about":[{"href":"https:\/\/crees.org.do\/index.php?rest_route=\/wp\/v2\/types\/post"}],"author":[{"embeddable":true,"href":"https:\/\/crees.org.do\/index.php?rest_route=\/wp\/v2\/users\/2"}],"replies":[{"embeddable":true,"href":"https:\/\/crees.org.do\/index.php?rest_route=%2Fwp%2Fv2%2Fcomments&post=20632"}],"version-history":[{"count":0,"href":"https:\/\/crees.org.do\/index.php?rest_route=\/wp\/v2\/posts\/20632\/revisions"}],"wp:attachment":[{"href":"https:\/\/crees.org.do\/index.php?rest_route=%2Fwp%2Fv2%2Fmedia&parent=20632"}],"wp:term":[{"taxonomy":"category","embeddable":true,"href":"https:\/\/crees.org.do\/index.php?rest_route=%2Fwp%2Fv2%2Fcategories&post=20632"},{"taxonomy":"post_tag","embeddable":true,"href":"https:\/\/crees.org.do\/index.php?rest_route=%2Fwp%2Fv2%2Ftags&post=20632"}],"curies":[{"name":"wp","href":"https:\/\/api.w.org\/{rel}","templated":true}]}}