{"id":20646,"date":"2017-01-01T00:00:00","date_gmt":"2017-01-01T00:00:00","guid":{"rendered":"https:\/\/crees.org.do\/tension-y-vacio-1-de-3\/"},"modified":"2017-01-01T00:00:00","modified_gmt":"2017-01-01T00:00:00","slug":"tension-y-vacio-1-de-3","status":"publish","type":"post","link":"https:\/\/crees.org.do\/?p=20646","title":{"rendered":"Tensi\u00f3n y vac\u00edo (1 de 3)"},"content":{"rendered":"<p style=\"color: rgb(0, 0, 0); font-family: Times; font-size: medium; line-height: normal; text-align: justify;\"><span style=\"font-size:12px;\"><span style=\"font-family:verdana,geneva,sans-serif;\">Autor: Eduardo Garc\u00eda Michel<\/span><\/span><\/p>\n<p style=\"color: rgb(0, 0, 0); font-family: Times; font-size: medium; line-height: normal; text-align: justify;\"><span style=\"font-size:12px;\"><span style=\"font-family:verdana,geneva,sans-serif;\">Fecha: 4 Julio del 2017<\/span><\/span><\/p>\n<p style=\"color: rgb(0, 0, 0); font-family: Times; font-size: medium; line-height: normal; text-align: justify;\"><span style=\"font-size:12px;\"><span style=\"font-family:verdana,geneva,sans-serif;\">Extra\u00eddo de <a href=\"https:\/\/www.diariolibre.com\/opinion\/en-directo\/tension-y-vacio-IY7540785\">diariolibre.com.do<\/a><\/span><\/span><\/p>\n<p style=\"color: rgb(0, 0, 0); font-family: Times; font-size: medium; line-height: normal; text-align: justify;\"><span style=\"font-size:12px;\"><span style=\"font-family:verdana,geneva,sans-serif;\">La poblaci\u00f3n se encuentra envuelta en un espeso clima de tensi\u00f3n, comparable a aquellos d\u00edas cuando la democracia se cubr\u00eda con pa\u00f1ales, luego de la desaparici\u00f3n de la dictadura.<\/span><\/span><\/p>\n<p style=\"color: rgb(0, 0, 0); font-family: Times; font-size: medium; line-height: normal; text-align: justify;\"><span style=\"font-size:12px;\"><span style=\"font-family:verdana,geneva,sans-serif;\">Ahora no se trata, como entonces, de temor a la represi\u00f3n. Tampoco de la angustia que sol\u00eda acompa\u00f1ar a la espera de eventuales asonadas. En estos tiempos se ha robustecido la determinaci\u00f3n de vivir en libertad y en el ejercicio irrenunciable de los deberes y derechos pol\u00edticos b\u00e1sicos.<\/span><\/span><\/p>\n<p style=\"color: rgb(0, 0, 0); font-family: Times; font-size: medium; line-height: normal; text-align: justify;\"><span style=\"font-size:12px;\"><span style=\"font-family:verdana,geneva,sans-serif;\">A pesar de eso, el ambiente se siente sobrecargado, como si se estuviera a la espera de grandes sacudidas.<\/span><\/span><\/p>\n<p style=\"color: rgb(0, 0, 0); font-family: Times; font-size: medium; line-height: normal; text-align: justify;\"><span style=\"font-size:12px;\"><span style=\"font-family:verdana,geneva,sans-serif;\">De s\u00fabito, el caso Lava Jato en Brasil, y sus derivaciones por v\u00eda de Odebrecht, ha puesto en evidencia que un pa\u00eds no puede desenvolverse con normalidad, ni progresar en forma inclusiva, sin instituciones fuertes, independientes, que sirvan de contrapeso a los poderes p\u00fablicos.<\/span><\/span><\/p>\n<p style=\"color: rgb(0, 0, 0); font-family: Times; font-size: medium; line-height: normal; text-align: justify;\"><span style=\"font-size:12px;\"><span style=\"font-family:verdana,geneva,sans-serif;\">Hay un vac\u00edo, pendiente de llenar. La tarea de fortalecer las instituciones y la independencia de los poderes p\u00fablicos est\u00e1 inconclusa. Y es urgente culminarla.<\/span><\/span><\/p>\n<p style=\"color: rgb(0, 0, 0); font-family: Times; font-size: medium; line-height: normal; text-align: justify;\"><span style=\"font-size:12px;\"><span style=\"font-family:verdana,geneva,sans-serif;\">Las instancias de control no controlan nada. Han devenido en dependientes por la pr\u00e1ctica consuetudinaria del ejercicio del mando de la rama ejecutiva. La transparencia y rendici\u00f3n de cuentas, han continuado siendo asignaturas pendientes de aprobaci\u00f3n.<\/span><\/span><\/p>\n<p style=\"color: rgb(0, 0, 0); font-family: Times; font-size: medium; line-height: normal; text-align: justify;\"><span style=\"font-size:12px;\"><span style=\"font-family:verdana,geneva,sans-serif;\">La idea fija, obsesiva, que se ha mantenido con persistencia por encima de las diferencias partidarias, es personalizar el poder y perpetuarse, a toda costa. Ese, y no otro, ha sido el eje de todos los males, puesto que en ese empe\u00f1o las fronteras y los l\u00edmites morales, tienden a diluirse.<\/span><\/span><\/p>\n<p style=\"color: rgb(0, 0, 0); font-family: Times; font-size: medium; line-height: normal; text-align: justify;\"><span style=\"font-size:12px;\"><span style=\"font-family:verdana,geneva,sans-serif;\">Desde hace mucho tiempo, solo vale y se teme al poder ejecutivo, envanecido por el control absoluto de los recursos p\u00fablicos, que administra y maneja a su propia conveniencia. A lo cual se agregan los argumentos disuasorios coercitivos de que dispone.<\/span><\/span><\/p>\n<p style=\"color: rgb(0, 0, 0); font-family: Times; font-size: medium; line-height: normal; text-align: justify;\"><span style=\"font-size:12px;\"><span style=\"font-family:verdana,geneva,sans-serif;\">Por v\u00eda de consecuencia, la justicia ha devenido en una caricatura de la majestad que deber\u00eda adornarla. El Congreso Nacional en un lamentable ornamento. Y hasta el cuarto poder, supuesto a ejercer en profundidad la cr\u00edtica como intermediario de la sociedad, se ha convertido en triste caja de resonancia.<\/span><\/span><\/p>\n<p style=\"color: rgb(0, 0, 0); font-family: Times; font-size: medium; line-height: normal; text-align: justify;\"><span style=\"font-size:12px;\"><span style=\"font-family:verdana,geneva,sans-serif;\">Dentro de esas circunstancias surge la tormenta que se inici\u00f3 en Brasil, con el caso Lava Jato, cuya mayor virtud consiste en haber destapado un entramado latinoamericano de corrupci\u00f3n, en el que interactuaban como socios miembros de la clase gobernante y un grupo de empresas.<\/span><\/span><\/p>\n<p style=\"color: rgb(0, 0, 0); font-family: Times; font-size: medium; line-height: normal; text-align: justify;\"><span style=\"font-size:12px;\"><span style=\"font-family:verdana,geneva,sans-serif;\">El mecanismo utilizado era simple: condicionar la concesi\u00f3n y ejecuci\u00f3n de contratos de obras p\u00fablicas a la obtenci\u00f3n de contrapartidas a favor de la clase pol\u00edtica. Las empresas participantes se aseguraban de obtener las licitaciones, ejecutar los contratos y sobrevaluar los costos.<\/span><\/span><\/p>\n<p style=\"color: rgb(0, 0, 0); font-family: Times; font-size: medium; line-height: normal; text-align: justify;\"><span style=\"font-size:12px;\"><span style=\"font-family:verdana,geneva,sans-serif;\">La contrapartida consist\u00eda en distribuir sobornos para obtener las aprobaciones y compartir el monto de las sobrevaluaciones, ya fuere para enriquecer a funcionarios y\/o para asegurarles financiamiento de campa\u00f1as pol\u00edticas y de todo aquello asociado a la aspiraci\u00f3n de ganar o mantenerse en el poder.<\/span><\/span><\/p>\n<p style=\"color: rgb(0, 0, 0); font-family: Times; font-size: medium; line-height: normal; text-align: justify;\"><span style=\"font-size:12px;\"><span style=\"font-family:verdana,geneva,sans-serif;\">Tal entramado, que estuvo operando durante muchos a\u00f1os, ha debilitado aun m\u00e1s las instituciones del pa\u00eds, de por si fr\u00e1giles; tenido consecuencias adversas sobre el sistema de partidos pol\u00edticos; da\u00f1ado la competencia electoral sana; detenido reformas trascendentes.<\/span><\/span><\/p>\n<p style=\"color: rgb(0, 0, 0); font-family: Times; font-size: medium; line-height: normal; text-align: justify;\"><span style=\"font-size:12px;\"><span style=\"font-family:verdana,geneva,sans-serif;\">Ahora, el empe\u00f1o debe centrarse en corregir el rumbo.<\/span><\/span><\/p>\n<p style=\"color: rgb(0, 0, 0); font-family: Times; font-size: medium; line-height: normal; text-align: justify;\"><span style=\"font-size:12px;\"><span style=\"font-family:verdana,geneva,sans-serif;\">Algunos quieren que lo que no se hizo en un tiempo prolongado, se haga ahora de un plumazo. Otros, los menos, dormidos en el sue\u00f1o de su confort premiado, aspiran a que todo contin\u00fae como si nada hubiera pasado.<\/span><\/span><\/p>\n<p style=\"color: rgb(0, 0, 0); font-family: Times; font-size: medium; line-height: normal; text-align: justify;\"><span style=\"font-size:12px;\"><span style=\"font-family:verdana,geneva,sans-serif;\">Y ni lo uno, ni lo otro. No hay espacio para la inercia, pero tampoco para la aventura.<\/span><\/span><\/p>\n<p style=\"color: rgb(0, 0, 0); font-family: Times; font-size: medium; line-height: normal; text-align: justify;\"><span style=\"font-size:12px;\"><span style=\"font-family:verdana,geneva,sans-serif;\">A lo menos que aspira la sociedad es a que, en manos de la justicia est\u00e9n los que en verdad son, sin excepciones; y quienes no son, dejen de ser acosados. El peso de la ley deber\u00eda recaer sobre los responsables, sin cortinas de humo que distraigan la atenci\u00f3n y desvirt\u00faen el proceso.<\/span><\/span><\/p>\n<p style=\"color: rgb(0, 0, 0); font-family: Times; font-size: medium; line-height: normal; text-align: justify;\"><span style=\"font-size:12px;\"><span style=\"font-family:verdana,geneva,sans-serif;\">El reto es enorme. Y la duda que angustia a gran parte de la poblaci\u00f3n, monumental.<\/span><\/span><\/p>\n<p style=\"color: rgb(0, 0, 0); font-family: Times; font-size: medium; line-height: normal; text-align: justify;\"><span style=\"font-size:12px;\"><span style=\"font-family:verdana,geneva,sans-serif;\">El gran enigma es saber si instituciones d\u00e9biles podr\u00e1n comportarse como si fueran fuertes.<\/span><\/span><\/p>\n<p style=\"color: rgb(0, 0, 0); font-family: Times; font-size: medium; line-height: normal; text-align: justify;\"><span style=\"font-size:12px;\"><span style=\"font-family:verdana,geneva,sans-serif;\">Conocer, por ejemplo, si la justicia podr\u00e1 redimirse a si misma, colocarse la venda en los ojos, retomar su augusta majestad, juzgar de acuerdo a los hechos y a las pruebas, con absoluta imparcialidad, y sin influencias de ning\u00fan tipo, ni del poder ni medi\u00e1ticas.<\/span><\/span><\/p>\n<p style=\"color: rgb(0, 0, 0); font-family: Times; font-size: medium; line-height: normal; text-align: justify;\"><span style=\"font-size:12px;\"><span style=\"font-family:verdana,geneva,sans-serif;\">Para que eso ocurra, los jueces tendr\u00e1n que revestirse de valor, elevarse por encima de sus propias miserias humanas, de acuerdo a la oportunidad hist\u00f3rica que se les presenta, sacar a la luz su car\u00e1cter, condici\u00f3n tan dif\u00edcil de rescatar.<\/span><\/span><\/p>\n<p style=\"color: rgb(0, 0, 0); font-family: Times; font-size: medium; line-height: normal; text-align: justify;\"><span style=\"font-size:12px;\"><span style=\"font-family:verdana,geneva,sans-serif;\">De este trance pudiera resultar que se trace una raya, la del antes y el despu\u00e9s. O se termine en una nueva decepci\u00f3n.<\/span><\/span><\/p>\n<p style=\"color: rgb(0, 0, 0); font-family: Times; font-size: medium; line-height: normal; text-align: justify;\"><span style=\"font-size:12px;\"><span style=\"font-family:verdana,geneva,sans-serif;\">Si fuere lo primero, se estar\u00eda en v\u00edsperas de una especie de renacimiento, a partir del cual florecer\u00edan las instituciones, el sistema pol\u00edtico, la econom\u00eda y la sociedad.<\/span><\/span><\/p>\n<p style=\"color: rgb(0, 0, 0); font-family: Times; font-size: medium; line-height: normal; text-align: justify;\"><span style=\"font-size:12px;\"><span style=\"font-family:verdana,geneva,sans-serif;\">En cambio, si terminara en decepci\u00f3n, nadie podr\u00eda anticipar las consecuencias, porque la caldera social est\u00e1 funcionando a temperaturas muy elevadas.<\/span><\/span><\/p>\n<p style=\"color: rgb(0, 0, 0); font-family: Times; font-size: medium; line-height: normal; text-align: justify;\"><span style=\"font-size:12px;\"><span style=\"font-family:verdana,geneva,sans-serif;\">Este pueblo merece un futuro despejado, sin sobresaltos.<\/span><\/span><\/p>\n<div class=\"pvc_clear\"><\/div>\n<p class=\"pvc_stats all \" data-element-id=\"20646\" style=\"\"><i class=\"pvc-stats-icon medium\" aria-hidden=\"true\"><svg aria-hidden=\"true\" focusable=\"false\" data-prefix=\"far\" data-icon=\"chart-bar\" role=\"img\" xmlns=\"http:\/\/www.w3.org\/2000\/svg\" viewBox=\"0 0 512 512\" class=\"svg-inline--fa fa-chart-bar fa-w-16 fa-2x\"><path fill=\"currentColor\" d=\"M396.8 352h22.4c6.4 0 12.8-6.4 12.8-12.8V108.8c0-6.4-6.4-12.8-12.8-12.8h-22.4c-6.4 0-12.8 6.4-12.8 12.8v230.4c0 6.4 6.4 12.8 12.8 12.8zm-192 0h22.4c6.4 0 12.8-6.4 12.8-12.8V140.8c0-6.4-6.4-12.8-12.8-12.8h-22.4c-6.4 0-12.8 6.4-12.8 12.8v198.4c0 6.4 6.4 12.8 12.8 12.8zm96 0h22.4c6.4 0 12.8-6.4 12.8-12.8V204.8c0-6.4-6.4-12.8-12.8-12.8h-22.4c-6.4 0-12.8 6.4-12.8 12.8v134.4c0 6.4 6.4 12.8 12.8 12.8zM496 400H48V80c0-8.84-7.16-16-16-16H16C7.16 64 0 71.16 0 80v336c0 17.67 14.33 32 32 32h464c8.84 0 16-7.16 16-16v-16c0-8.84-7.16-16-16-16zm-387.2-48h22.4c6.4 0 12.8-6.4 12.8-12.8v-70.4c0-6.4-6.4-12.8-12.8-12.8h-22.4c-6.4 0-12.8 6.4-12.8 12.8v70.4c0 6.4 6.4 12.8 12.8 12.8z\" class=\"\"><\/path><\/svg><\/i> Vistas Totales&nbsp;269&nbsp;, Vistas Hoy&nbsp;6&nbsp;<\/p>\n<div class=\"pvc_clear\"><\/div>\n","protected":false},"excerpt":{"rendered":"<p>Autor: Eduardo Garc\u00eda MichelFecha: 4 Julio del 2017Extra\u00eddo de diariolibre.com.doA lo menos que aspira la sociedad es a que, en manos de la Justicia est\u00e9n los que en verdad son, sin excepciones&#8230; El peso de la ley deber\u00eda recaer sobre los responsables&#8230;|<\/p>\n<div class=\"pvc_clear\"><\/div>\n<p class=\"pvc_stats all \" data-element-id=\"20646\" style=\"\"><i class=\"pvc-stats-icon medium\" aria-hidden=\"true\"><svg aria-hidden=\"true\" focusable=\"false\" data-prefix=\"far\" data-icon=\"chart-bar\" role=\"img\" xmlns=\"http:\/\/www.w3.org\/2000\/svg\" viewBox=\"0 0 512 512\" class=\"svg-inline--fa fa-chart-bar fa-w-16 fa-2x\"><path fill=\"currentColor\" d=\"M396.8 352h22.4c6.4 0 12.8-6.4 12.8-12.8V108.8c0-6.4-6.4-12.8-12.8-12.8h-22.4c-6.4 0-12.8 6.4-12.8 12.8v230.4c0 6.4 6.4 12.8 12.8 12.8zm-192 0h22.4c6.4 0 12.8-6.4 12.8-12.8V140.8c0-6.4-6.4-12.8-12.8-12.8h-22.4c-6.4 0-12.8 6.4-12.8 12.8v198.4c0 6.4 6.4 12.8 12.8 12.8zm96 0h22.4c6.4 0 12.8-6.4 12.8-12.8V204.8c0-6.4-6.4-12.8-12.8-12.8h-22.4c-6.4 0-12.8 6.4-12.8 12.8v134.4c0 6.4 6.4 12.8 12.8 12.8zM496 400H48V80c0-8.84-7.16-16-16-16H16C7.16 64 0 71.16 0 80v336c0 17.67 14.33 32 32 32h464c8.84 0 16-7.16 16-16v-16c0-8.84-7.16-16-16-16zm-387.2-48h22.4c6.4 0 12.8-6.4 12.8-12.8v-70.4c0-6.4-6.4-12.8-12.8-12.8h-22.4c-6.4 0-12.8 6.4-12.8 12.8v70.4c0 6.4 6.4 12.8 12.8 12.8z\" class=\"\"><\/path><\/svg><\/i> Vistas Totales&nbsp;269&nbsp;, Vistas Hoy&nbsp;6&nbsp;<\/p>\n<div class=\"pvc_clear\"><\/div>\n","protected":false},"author":2,"featured_media":0,"comment_status":"open","ping_status":"open","sticky":false,"template":"","format":"standard","meta":{"footnotes":""},"categories":[21],"tags":[],"class_list":["post-20646","post","type-post","status-publish","format-standard","hentry","category-blog"],"yoast_head":"<!-- This site is optimized with the Yoast SEO plugin v25.2 - https:\/\/yoast.com\/wordpress\/plugins\/seo\/ -->\n<title>Tensi\u00f3n y vac\u00edo (1 de 3) | CREES<\/title>\n<meta name=\"robots\" content=\"index, follow, max-snippet:-1, max-image-preview:large, max-video-preview:-1\" \/>\n<link rel=\"canonical\" href=\"https:\/\/crees.org.do\/?p=20646\" \/>\n<meta property=\"og:locale\" content=\"es_ES\" \/>\n<meta property=\"og:type\" content=\"article\" \/>\n<meta property=\"og:title\" content=\"Tensi\u00f3n y vac\u00edo (1 de 3) | CREES\" \/>\n<meta property=\"og:description\" content=\"Autor: Eduardo Garc\u00eda MichelFecha: 4 Julio del 2017Extra\u00eddo de diariolibre.com.doA lo menos que aspira la sociedad es a que, en manos de la Justicia est\u00e9n los que en verdad son, sin excepciones... El peso de la ley deber\u00eda recaer sobre los responsables...|\" \/>\n<meta property=\"og:url\" content=\"https:\/\/crees.org.do\/?p=20646\" \/>\n<meta property=\"og:site_name\" content=\"CREES\" \/>\n<meta property=\"article:publisher\" content=\"https:\/\/www.facebook.com\/CREESRD\/\" \/>\n<meta property=\"article:published_time\" content=\"2017-01-01T00:00:00+00:00\" \/>\n<meta property=\"og:image\" content=\"https:\/\/crees.org.do\/wp-content\/uploads\/2022\/03\/crees-logo-1.jpg\" \/>\n\t<meta property=\"og:image:width\" content=\"244\" \/>\n\t<meta property=\"og:image:height\" content=\"71\" \/>\n\t<meta property=\"og:image:type\" content=\"image\/jpeg\" \/>\n<meta name=\"author\" content=\"Crees\" \/>\n<meta name=\"twitter:card\" content=\"summary_large_image\" \/>\n<meta name=\"twitter:creator\" content=\"@CREESRD\" \/>\n<meta name=\"twitter:site\" content=\"@CREESRD\" \/>\n<meta name=\"twitter:label1\" content=\"Escrito por\" \/>\n\t<meta name=\"twitter:data1\" content=\"Crees\" \/>\n\t<meta name=\"twitter:label2\" content=\"Tiempo de lectura\" \/>\n\t<meta name=\"twitter:data2\" content=\"5 minutos\" \/>\n<script type=\"application\/ld+json\" class=\"yoast-schema-graph\">{\"@context\":\"https:\/\/schema.org\",\"@graph\":[{\"@type\":\"Article\",\"@id\":\"https:\/\/crees.org.do\/?p=20646#article\",\"isPartOf\":{\"@id\":\"https:\/\/crees.org.do\/?p=20646\"},\"author\":{\"name\":\"Crees\",\"@id\":\"https:\/\/crees.org.do\/#\/schema\/person\/e7f97cd94d7bf9cd0e0ce30acb7d56b8\"},\"headline\":\"Tensi\u00f3n y vac\u00edo (1 de 3)\",\"datePublished\":\"2017-01-01T00:00:00+00:00\",\"mainEntityOfPage\":{\"@id\":\"https:\/\/crees.org.do\/?p=20646\"},\"wordCount\":915,\"commentCount\":0,\"publisher\":{\"@id\":\"https:\/\/crees.org.do\/#organization\"},\"articleSection\":[\"Blog\"],\"inLanguage\":\"es\"},{\"@type\":\"WebPage\",\"@id\":\"https:\/\/crees.org.do\/?p=20646\",\"url\":\"https:\/\/crees.org.do\/?p=20646\",\"name\":\"Tensi\u00f3n y vac\u00edo (1 de 3) | CREES\",\"isPartOf\":{\"@id\":\"https:\/\/crees.org.do\/#website\"},\"datePublished\":\"2017-01-01T00:00:00+00:00\",\"breadcrumb\":{\"@id\":\"https:\/\/crees.org.do\/?p=20646#breadcrumb\"},\"inLanguage\":\"es\",\"potentialAction\":[{\"@type\":\"ReadAction\",\"target\":[\"https:\/\/crees.org.do\/?p=20646\"]}]},{\"@type\":\"BreadcrumbList\",\"@id\":\"https:\/\/crees.org.do\/?p=20646#breadcrumb\",\"itemListElement\":[{\"@type\":\"ListItem\",\"position\":1,\"name\":\"Portada\",\"item\":\"https:\/\/crees.org.do\/\"},{\"@type\":\"ListItem\",\"position\":2,\"name\":\"Tensi\u00f3n y vac\u00edo (1 de 3)\"}]},{\"@type\":\"WebSite\",\"@id\":\"https:\/\/crees.org.do\/#website\",\"url\":\"https:\/\/crees.org.do\/\",\"name\":\"CREES\",\"description\":\"Centro Regional de Estrategias Econ\u00f3micas Sostenibles\",\"publisher\":{\"@id\":\"https:\/\/crees.org.do\/#organization\"},\"potentialAction\":[{\"@type\":\"SearchAction\",\"target\":{\"@type\":\"EntryPoint\",\"urlTemplate\":\"https:\/\/crees.org.do\/?s={search_term_string}\"},\"query-input\":{\"@type\":\"PropertyValueSpecification\",\"valueRequired\":true,\"valueName\":\"search_term_string\"}}],\"inLanguage\":\"es\"},{\"@type\":\"Organization\",\"@id\":\"https:\/\/crees.org.do\/#organization\",\"name\":\"CREES | Centro Regional de Estrategias Econ\u00f3micas Sostenibles\",\"url\":\"https:\/\/crees.org.do\/\",\"logo\":{\"@type\":\"ImageObject\",\"inLanguage\":\"es\",\"@id\":\"https:\/\/crees.org.do\/#\/schema\/logo\/image\/\",\"url\":\"https:\/\/crees.org.do\/wp-content\/uploads\/2022\/03\/crees-logo-1.jpg\",\"contentUrl\":\"https:\/\/crees.org.do\/wp-content\/uploads\/2022\/03\/crees-logo-1.jpg\",\"width\":244,\"height\":71,\"caption\":\"CREES | Centro Regional de Estrategias Econ\u00f3micas Sostenibles\"},\"image\":{\"@id\":\"https:\/\/crees.org.do\/#\/schema\/logo\/image\/\"},\"sameAs\":[\"https:\/\/www.facebook.com\/CREESRD\/\",\"https:\/\/x.com\/CREESRD\"]},{\"@type\":\"Person\",\"@id\":\"https:\/\/crees.org.do\/#\/schema\/person\/e7f97cd94d7bf9cd0e0ce30acb7d56b8\",\"name\":\"Crees\",\"image\":{\"@type\":\"ImageObject\",\"inLanguage\":\"es\",\"@id\":\"https:\/\/crees.org.do\/#\/schema\/person\/image\/\",\"url\":\"https:\/\/secure.gravatar.com\/avatar\/390ac8f0be5d9aa046152553e2dd7011b59a512d89c150f5e5f28bb8d9a0b165?s=96&d=mm&r=g\",\"contentUrl\":\"https:\/\/secure.gravatar.com\/avatar\/390ac8f0be5d9aa046152553e2dd7011b59a512d89c150f5e5f28bb8d9a0b165?s=96&d=mm&r=g\",\"caption\":\"Crees\"},\"url\":\"https:\/\/crees.org.do\/?author=2\"}]}<\/script>\n<!-- \/ Yoast SEO plugin. -->","yoast_head_json":{"title":"Tensi\u00f3n y vac\u00edo (1 de 3) | CREES","robots":{"index":"index","follow":"follow","max-snippet":"max-snippet:-1","max-image-preview":"max-image-preview:large","max-video-preview":"max-video-preview:-1"},"canonical":"https:\/\/crees.org.do\/?p=20646","og_locale":"es_ES","og_type":"article","og_title":"Tensi\u00f3n y vac\u00edo (1 de 3) | CREES","og_description":"Autor: Eduardo Garc\u00eda MichelFecha: 4 Julio del 2017Extra\u00eddo de diariolibre.com.doA lo menos que aspira la sociedad es a que, en manos de la Justicia est\u00e9n los que en verdad son, sin excepciones... El peso de la ley deber\u00eda recaer sobre los responsables...|","og_url":"https:\/\/crees.org.do\/?p=20646","og_site_name":"CREES","article_publisher":"https:\/\/www.facebook.com\/CREESRD\/","article_published_time":"2017-01-01T00:00:00+00:00","og_image":[{"width":244,"height":71,"url":"https:\/\/crees.org.do\/wp-content\/uploads\/2022\/03\/crees-logo-1.jpg","type":"image\/jpeg"}],"author":"Crees","twitter_card":"summary_large_image","twitter_creator":"@CREESRD","twitter_site":"@CREESRD","twitter_misc":{"Escrito por":"Crees","Tiempo de lectura":"5 minutos"},"schema":{"@context":"https:\/\/schema.org","@graph":[{"@type":"Article","@id":"https:\/\/crees.org.do\/?p=20646#article","isPartOf":{"@id":"https:\/\/crees.org.do\/?p=20646"},"author":{"name":"Crees","@id":"https:\/\/crees.org.do\/#\/schema\/person\/e7f97cd94d7bf9cd0e0ce30acb7d56b8"},"headline":"Tensi\u00f3n y vac\u00edo (1 de 3)","datePublished":"2017-01-01T00:00:00+00:00","mainEntityOfPage":{"@id":"https:\/\/crees.org.do\/?p=20646"},"wordCount":915,"commentCount":0,"publisher":{"@id":"https:\/\/crees.org.do\/#organization"},"articleSection":["Blog"],"inLanguage":"es"},{"@type":"WebPage","@id":"https:\/\/crees.org.do\/?p=20646","url":"https:\/\/crees.org.do\/?p=20646","name":"Tensi\u00f3n y vac\u00edo (1 de 3) | CREES","isPartOf":{"@id":"https:\/\/crees.org.do\/#website"},"datePublished":"2017-01-01T00:00:00+00:00","breadcrumb":{"@id":"https:\/\/crees.org.do\/?p=20646#breadcrumb"},"inLanguage":"es","potentialAction":[{"@type":"ReadAction","target":["https:\/\/crees.org.do\/?p=20646"]}]},{"@type":"BreadcrumbList","@id":"https:\/\/crees.org.do\/?p=20646#breadcrumb","itemListElement":[{"@type":"ListItem","position":1,"name":"Portada","item":"https:\/\/crees.org.do\/"},{"@type":"ListItem","position":2,"name":"Tensi\u00f3n y vac\u00edo (1 de 3)"}]},{"@type":"WebSite","@id":"https:\/\/crees.org.do\/#website","url":"https:\/\/crees.org.do\/","name":"CREES","description":"Centro Regional de Estrategias Econ\u00f3micas Sostenibles","publisher":{"@id":"https:\/\/crees.org.do\/#organization"},"potentialAction":[{"@type":"SearchAction","target":{"@type":"EntryPoint","urlTemplate":"https:\/\/crees.org.do\/?s={search_term_string}"},"query-input":{"@type":"PropertyValueSpecification","valueRequired":true,"valueName":"search_term_string"}}],"inLanguage":"es"},{"@type":"Organization","@id":"https:\/\/crees.org.do\/#organization","name":"CREES | Centro Regional de Estrategias Econ\u00f3micas Sostenibles","url":"https:\/\/crees.org.do\/","logo":{"@type":"ImageObject","inLanguage":"es","@id":"https:\/\/crees.org.do\/#\/schema\/logo\/image\/","url":"https:\/\/crees.org.do\/wp-content\/uploads\/2022\/03\/crees-logo-1.jpg","contentUrl":"https:\/\/crees.org.do\/wp-content\/uploads\/2022\/03\/crees-logo-1.jpg","width":244,"height":71,"caption":"CREES | Centro Regional de Estrategias Econ\u00f3micas Sostenibles"},"image":{"@id":"https:\/\/crees.org.do\/#\/schema\/logo\/image\/"},"sameAs":["https:\/\/www.facebook.com\/CREESRD\/","https:\/\/x.com\/CREESRD"]},{"@type":"Person","@id":"https:\/\/crees.org.do\/#\/schema\/person\/e7f97cd94d7bf9cd0e0ce30acb7d56b8","name":"Crees","image":{"@type":"ImageObject","inLanguage":"es","@id":"https:\/\/crees.org.do\/#\/schema\/person\/image\/","url":"https:\/\/secure.gravatar.com\/avatar\/390ac8f0be5d9aa046152553e2dd7011b59a512d89c150f5e5f28bb8d9a0b165?s=96&d=mm&r=g","contentUrl":"https:\/\/secure.gravatar.com\/avatar\/390ac8f0be5d9aa046152553e2dd7011b59a512d89c150f5e5f28bb8d9a0b165?s=96&d=mm&r=g","caption":"Crees"},"url":"https:\/\/crees.org.do\/?author=2"}]}},"_links":{"self":[{"href":"https:\/\/crees.org.do\/index.php?rest_route=\/wp\/v2\/posts\/20646","targetHints":{"allow":["GET"]}}],"collection":[{"href":"https:\/\/crees.org.do\/index.php?rest_route=\/wp\/v2\/posts"}],"about":[{"href":"https:\/\/crees.org.do\/index.php?rest_route=\/wp\/v2\/types\/post"}],"author":[{"embeddable":true,"href":"https:\/\/crees.org.do\/index.php?rest_route=\/wp\/v2\/users\/2"}],"replies":[{"embeddable":true,"href":"https:\/\/crees.org.do\/index.php?rest_route=%2Fwp%2Fv2%2Fcomments&post=20646"}],"version-history":[{"count":0,"href":"https:\/\/crees.org.do\/index.php?rest_route=\/wp\/v2\/posts\/20646\/revisions"}],"wp:attachment":[{"href":"https:\/\/crees.org.do\/index.php?rest_route=%2Fwp%2Fv2%2Fmedia&parent=20646"}],"wp:term":[{"taxonomy":"category","embeddable":true,"href":"https:\/\/crees.org.do\/index.php?rest_route=%2Fwp%2Fv2%2Fcategories&post=20646"},{"taxonomy":"post_tag","embeddable":true,"href":"https:\/\/crees.org.do\/index.php?rest_route=%2Fwp%2Fv2%2Ftags&post=20646"}],"curies":[{"name":"wp","href":"https:\/\/api.w.org\/{rel}","templated":true}]}}