{"id":20647,"date":"2017-01-01T00:00:00","date_gmt":"2017-01-01T00:00:00","guid":{"rendered":"https:\/\/crees.org.do\/ha-sido-responsable-el-manejo-de-la-deuda-publica\/"},"modified":"2017-01-01T00:00:00","modified_gmt":"2017-01-01T00:00:00","slug":"ha-sido-responsable-el-manejo-de-la-deuda-publica","status":"publish","type":"post","link":"https:\/\/crees.org.do\/?p=20647","title":{"rendered":"\u00bfHa sido responsable el manejo de la deuda p\u00fablica?"},"content":{"rendered":"<p style=\"font-family: Arial, Helvetica, sans-serif; color: rgb(51, 51, 51); line-height: 20px; margin-top: 10px; margin-bottom: 10px; text-align: justify;\"><span style=\"font-size:12px;\"><span style=\"font-family:verdana,geneva,sans-serif;\"><span style=\"color: rgb(59, 59, 59); line-height: 1.5;\">Autor: Pedro Silverio \u00c1lvarez<\/span><\/span><\/span><\/p>\n<div><span style=\"font-size:12px;\"><span style=\"font-family:verdana,geneva,sans-serif;\">Fecha: 14 julio del 2017<\/span><\/span><\/div>\n<div>&nbsp;<\/div>\n<div><span style=\"font-size:12px;\"><span style=\"font-family:verdana,geneva,sans-serif;\">Extra\u00eddo de <a href=\"https:\/\/www.diariolibre.com\/opinion\/en-directo\/ha-sido-responsable-el-manejo-de-la-deuda-publica-LC7620580\">diariolibre.com<\/a><\/span><\/span><\/div>\n<div>&nbsp;<\/div>\n<p style=\"font-family: Arial, Helvetica, sans-serif; color: rgb(51, 51, 51); line-height: 20px; margin-top: 10px; margin-bottom: 10px; text-align: justify;\"><span style=\"font-size:12px;\"><span style=\"font-family:verdana,geneva,sans-serif;\"><i>&ldquo;Reafirmo ante ustedes que nuestra deuda p\u00fablica tiene niveles sostenibles y est\u00e1 siendo manejada de manera correcta y responsable. (&#8230;) el verdadero riesgo de la econom\u00eda dominicana no est\u00e1 en la deuda p\u00fablica como han querido vender algunos economistas, hacedores de opini\u00f3n p\u00fablica y pol\u00edticos de oposici\u00f3n&#8230;&rdquo;<\/i>&nbsp;Presentaci\u00f3n del Ministro de Hacienda en la C\u00e1mara Am\u00e9rica de Comercio (AMCHAMRD), junio 28, 2017<\/span><\/span><\/p>\n<p style=\"font-family: Arial, Helvetica, sans-serif; color: rgb(51, 51, 51); line-height: 20px; margin-top: 10px; margin-bottom: 10px; text-align: justify;\"><span style=\"font-size:12px;\"><span style=\"font-family:verdana,geneva,sans-serif;\"><i>&ldquo;El ajuste [fiscal] ser\u00e1 insuficiente para prevenir un escalamiento en la deuda p\u00fablica consolidada, dadas las anticipadas presiones sobre la posici\u00f3n fiscal. (&#8230;) el d\u00e9ficit p\u00fablico consolidado aumentar\u00eda a 5% del PIB en el mediano plazo, empujando la ratio de deuda de 48.5% estimado en 2015 a 53% en 2020.&rdquo;<\/i>&nbsp;FMI, febrero 2, 2016<\/span><\/span><\/p>\n<p style=\"font-family: Arial, Helvetica, sans-serif; color: rgb(51, 51, 51); line-height: 20px; margin-top: 10px; margin-bottom: 10px; text-align: justify;\"><span style=\"font-size:12px;\"><span style=\"font-family:verdana,geneva,sans-serif;\">Vender optimismo es una tarea que no solo depende de una buena pol\u00edtica comunicacional; se necesita tambi\u00e9n de un incuestionable respaldo de la realidad. Cuando el discurso se aparta de la realidad, la reacci\u00f3n de la opini\u00f3n p\u00fablica puede ser agravada por la desconfianza que genera un optimismo desbordado e infundado. Se entiende que un Ministro de Hacienda vaya a la C\u00e1mara Americana de Comercio y pronuncie un discurso que permita una mejor apreciaci\u00f3n del comportamiento de las finanzas p\u00fablicas; especialmente, delante de los m\u00e1s importantes empresarios del pa\u00eds.<\/span><\/span><\/p>\n<p style=\"font-family: Arial, Helvetica, sans-serif; color: rgb(51, 51, 51); line-height: 20px; margin-top: 10px; margin-bottom: 10px; text-align: justify;\"><span style=\"font-size:12px;\"><span style=\"font-family:verdana,geneva,sans-serif;\">No se entiende, sin embargo, que el argumento central de la presentaci\u00f3n -que la deuda ha sido ejemplarmente manejada y no hay riesgos asociados a ella- se fundamente en la manipulaci\u00f3n de un dato tan f\u00e1cil de comprobar como la proporci\u00f3n de la deuda del sector p\u00fablico no financiero con respecto al PIB. De acuerdo con lo dicho por el ministro, en la presente administraci\u00f3n dicha proporci\u00f3n apenas ha aumentado un 1% o, mejor dicho, un punto porcentual, cuando se compara el nivel de la deuda en 2013 y la existente a mayo 2017. Pero, resulta, que la presente administraci\u00f3n no tom\u00f3 posesi\u00f3n en agosto de 2013, sino en agosto de 2012. Y esto hace una diferencia muy importante. Al 31 de diciembre de 2012 la relaci\u00f3n deuda\/PIB era de 32.5%, mientras que en mayo de este a\u00f1o se elev\u00f3 hasta el 38.5%, para un incremento del 19%, o de 6 puntos porcentuales. Esto quiere decir que el coeficiente de la deuda se increment\u00f3 seis veces m\u00e1s que lo dicho por el ministro.<\/span><\/span><\/p>\n<p style=\"font-family: Arial, Helvetica, sans-serif; color: rgb(51, 51, 51); line-height: 20px; margin-top: 10px; margin-bottom: 10px; text-align: justify;\"><span style=\"font-size:12px;\"><span style=\"font-family:verdana,geneva,sans-serif;\">Algo m\u00e1s&#8230; En diciembre de 2015 el citado coeficiente registr\u00f3 un 35.4%; de manera que en a\u00f1o y medio &ndash; a mayo 2017- se increment\u00f3 en tres puntos porcentuales. Si la recompra de Petrocaribe no se hubiese realizado hubiera habido que agregar otros tres puntos porcentuales a la relaci\u00f3n deuda\/PIB, debido a que dicha recompra redujo este coeficiente en 3.1 puntos porcentuales, de acuerdo con c\u00e1lculos del FMI. Por tanto, la recompra de la deuda con Petrocaribe le permiti\u00f3 al gobierno endeudarse m\u00e1s sin que se tradujera en un incremento del coeficiente deuda\/PIB. Aun as\u00ed, ya la deuda del sector p\u00fablico se encuentra en la proximidad del 53% del PIB, un porcentaje que el FMI tem\u00eda que ocurriese para el 2020 y que se ha alcanzado con dos a\u00f1os de ventaja.<\/span><\/span><\/p>\n<p style=\"font-family: Arial, Helvetica, sans-serif; color: rgb(51, 51, 51); line-height: 20px; margin-top: 10px; margin-bottom: 10px; text-align: justify;\"><span style=\"font-size:12px;\"><span style=\"font-family:verdana,geneva,sans-serif;\">Las cifras oficiales indican que la presente administraci\u00f3n ha agregado al stock de deuda del sector p\u00fablico no financiero unos nueve mil millones de d\u00f3lares, para un endeudamiento promedio de unos dos mil millones por a\u00f1o, al pasar de USD 19,463.3 millones en el 2012 a USD 28,369.3 millones en mayo de 2017. Se trata de una velocidad de endeudamiento muy superior a la registrada en los primeros doce a\u00f1os del presente siglo, cuando se acumul\u00f3 deuda p\u00fablica a un ritmo de unos USD 1,300 millones por a\u00f1o. La mayor parte de ese incremento se ha originado en las emisiones de bonos soberanos y, en menor medida, en emisiones de t\u00edtulos por parte del Ministerio de Hacienda. En este sentido, la presente administraci\u00f3n ha incrementado el stock de bonos soberanos en m\u00e1s de USD 8,500 millones, una suma extraordinaria si tomamos en cuenta que en 2012 el balance de bonos soberanos era de apenas USD 2,466 millones.<\/span><\/span><\/p>\n<p style=\"font-family: Arial, Helvetica, sans-serif; color: rgb(51, 51, 51); line-height: 20px; margin-top: 10px; margin-bottom: 10px; text-align: justify;\"><span style=\"font-size:12px;\"><span style=\"font-family:verdana,geneva,sans-serif;\">El Ministro de Hacienda entiende que el endeudamiento no es el problema, sino la baja presi\u00f3n tributaria. En realidad, el aumento de la presi\u00f3n tributaria no garantizar\u00eda una soluci\u00f3n al problema del endeudamiento. De hecho, muchos pa\u00edses presentan altos niveles de endeudamiento con altas tasas de presi\u00f3n tributaria. Si de algo estamos seguros es que la &laquo;creatividad&raquo; de los bur\u00f3cratas para gastar supera por mucho a la velocidad con la que los recursos tributarios pueden ser incrementados.<\/span><\/span><\/p>\n<p style=\"font-family: Arial, Helvetica, sans-serif; color: rgb(51, 51, 51); line-height: 20px; margin-top: 10px; margin-bottom: 10px; text-align: justify;\"><span style=\"font-size:12px;\"><span style=\"font-family:verdana,geneva,sans-serif;\">Asimismo, una composici\u00f3n de la deuda p\u00fablica en donde la deuda en moneda extranjera es casi el doble de la deuda en moneda local es una fuente importante de riesgos para las finanzas p\u00fablicas. Recordemos que la sostenibilidad fiscal est\u00e1 asociada con la capacidad del gobierno de cumplir con sus compromisos presentes y futuros en un entorno de riesgos asociados con el surgimiento de pasivos contingentes. Uno de esos pasivos contingentes es la tasa de cambio. A los fines de las finanzas p\u00fablicas lo m\u00e1s conveniente -aunque no lo sea para la econom\u00eda- es una tasa de cambio fija, porque la deuda est\u00e1 expresada mayormente en moneda extranjera; en consecuencia, una devaluaci\u00f3n podr\u00eda poner en peligro la capacidad del gobierno para honrar sus compromisos externos. Para mitigar estos potenciales efectos, la pol\u00edtica cambiaria tiende a tener un sesgo en favor de la fijaci\u00f3n de la tasa de cambio, lo que opera como un impuesto disfrazado al sector exportador. E induce a que el Banco Central emita deuda para defender la sobrevaloraci\u00f3n del peso dominicano.<\/span><\/span><\/p>\n<p style=\"font-family: Arial, Helvetica, sans-serif; color: rgb(51, 51, 51); line-height: 20px; margin-top: 10px; margin-bottom: 10px; text-align: justify;\"><span style=\"font-size:12px;\"><span style=\"font-family:verdana,geneva,sans-serif;\">La pol\u00edtica de endeudamiento ha sido utilizada para evitar que se aborden con responsabilidad las necesarias reformas que deben aplicarse al gasto p\u00fablico, como paso previo para una verdadera reforma impositiva. Un d\u00e9ficit fiscal consolidado en la proximidad del 5% es muy peligroso, pues el gobierno no puede endeudarse indefinidamente, como tampoco puede seguir dedicando m\u00e1s de un tercio de los recursos tributarios para el servicio de la deuda. No sabemos si esto es &laquo;correcto y responsable&raquo;, pero es sencillamente insostenible.<\/span><\/span><\/p>\n<div class=\"pvc_clear\"><\/div>\n<p class=\"pvc_stats all \" data-element-id=\"20647\" style=\"\"><i class=\"pvc-stats-icon medium\" aria-hidden=\"true\"><svg aria-hidden=\"true\" focusable=\"false\" data-prefix=\"far\" data-icon=\"chart-bar\" role=\"img\" xmlns=\"http:\/\/www.w3.org\/2000\/svg\" viewBox=\"0 0 512 512\" class=\"svg-inline--fa fa-chart-bar fa-w-16 fa-2x\"><path fill=\"currentColor\" d=\"M396.8 352h22.4c6.4 0 12.8-6.4 12.8-12.8V108.8c0-6.4-6.4-12.8-12.8-12.8h-22.4c-6.4 0-12.8 6.4-12.8 12.8v230.4c0 6.4 6.4 12.8 12.8 12.8zm-192 0h22.4c6.4 0 12.8-6.4 12.8-12.8V140.8c0-6.4-6.4-12.8-12.8-12.8h-22.4c-6.4 0-12.8 6.4-12.8 12.8v198.4c0 6.4 6.4 12.8 12.8 12.8zm96 0h22.4c6.4 0 12.8-6.4 12.8-12.8V204.8c0-6.4-6.4-12.8-12.8-12.8h-22.4c-6.4 0-12.8 6.4-12.8 12.8v134.4c0 6.4 6.4 12.8 12.8 12.8zM496 400H48V80c0-8.84-7.16-16-16-16H16C7.16 64 0 71.16 0 80v336c0 17.67 14.33 32 32 32h464c8.84 0 16-7.16 16-16v-16c0-8.84-7.16-16-16-16zm-387.2-48h22.4c6.4 0 12.8-6.4 12.8-12.8v-70.4c0-6.4-6.4-12.8-12.8-12.8h-22.4c-6.4 0-12.8 6.4-12.8 12.8v70.4c0 6.4 6.4 12.8 12.8 12.8z\" class=\"\"><\/path><\/svg><\/i> Vistas Totales&nbsp;262&nbsp;, Vistas Hoy&nbsp;2&nbsp;<\/p>\n<div class=\"pvc_clear\"><\/div>\n","protected":false},"excerpt":{"rendered":"<p>Autor: Pedro Silverio \u00c1lvarezFecha: 14 julio del 2017Extra\u00eddo de diariolibre.comVender optimismo es una tarea que no solo depende de una buena pol\u00edtica comunicacional; se necesita tambi\u00e9n de un incuestionable respaldo de la realidad. Cuando el discurso se aparta de la realidad, la reacci\u00f3n de la opini\u00f3n p\u00fablica puede ser agravada por la desconfianza que genera un optimismo desbordado e infundado. Se entiende que un Ministro de Hacienda vaya a la C\u00e1mara Americana de Comercio y pronuncie un discurso que permita una mejor apreciaci\u00f3n del comportamiento de las finanzas p\u00fablicas; especialmente, delante de los m\u00e1s importantes empresarios del pa\u00eds.<\/p>\n<div class=\"pvc_clear\"><\/div>\n<p class=\"pvc_stats all \" data-element-id=\"20647\" style=\"\"><i class=\"pvc-stats-icon medium\" aria-hidden=\"true\"><svg aria-hidden=\"true\" focusable=\"false\" data-prefix=\"far\" data-icon=\"chart-bar\" role=\"img\" xmlns=\"http:\/\/www.w3.org\/2000\/svg\" viewBox=\"0 0 512 512\" class=\"svg-inline--fa fa-chart-bar fa-w-16 fa-2x\"><path fill=\"currentColor\" d=\"M396.8 352h22.4c6.4 0 12.8-6.4 12.8-12.8V108.8c0-6.4-6.4-12.8-12.8-12.8h-22.4c-6.4 0-12.8 6.4-12.8 12.8v230.4c0 6.4 6.4 12.8 12.8 12.8zm-192 0h22.4c6.4 0 12.8-6.4 12.8-12.8V140.8c0-6.4-6.4-12.8-12.8-12.8h-22.4c-6.4 0-12.8 6.4-12.8 12.8v198.4c0 6.4 6.4 12.8 12.8 12.8zm96 0h22.4c6.4 0 12.8-6.4 12.8-12.8V204.8c0-6.4-6.4-12.8-12.8-12.8h-22.4c-6.4 0-12.8 6.4-12.8 12.8v134.4c0 6.4 6.4 12.8 12.8 12.8zM496 400H48V80c0-8.84-7.16-16-16-16H16C7.16 64 0 71.16 0 80v336c0 17.67 14.33 32 32 32h464c8.84 0 16-7.16 16-16v-16c0-8.84-7.16-16-16-16zm-387.2-48h22.4c6.4 0 12.8-6.4 12.8-12.8v-70.4c0-6.4-6.4-12.8-12.8-12.8h-22.4c-6.4 0-12.8 6.4-12.8 12.8v70.4c0 6.4 6.4 12.8 12.8 12.8z\" class=\"\"><\/path><\/svg><\/i> Vistas Totales&nbsp;262&nbsp;, Vistas Hoy&nbsp;2&nbsp;<\/p>\n<div class=\"pvc_clear\"><\/div>\n","protected":false},"author":2,"featured_media":0,"comment_status":"open","ping_status":"open","sticky":false,"template":"","format":"standard","meta":{"footnotes":""},"categories":[21],"tags":[],"class_list":["post-20647","post","type-post","status-publish","format-standard","hentry","category-blog"],"yoast_head":"<!-- This site is optimized with the Yoast SEO plugin v25.2 - https:\/\/yoast.com\/wordpress\/plugins\/seo\/ -->\n<title>\u00bfHa sido responsable el manejo de la deuda p\u00fablica? | CREES<\/title>\n<meta name=\"robots\" content=\"index, follow, max-snippet:-1, max-image-preview:large, max-video-preview:-1\" \/>\n<link rel=\"canonical\" href=\"https:\/\/crees.org.do\/?p=20647\" \/>\n<meta property=\"og:locale\" content=\"es_ES\" \/>\n<meta property=\"og:type\" content=\"article\" \/>\n<meta property=\"og:title\" content=\"\u00bfHa sido responsable el manejo de la deuda p\u00fablica? | CREES\" \/>\n<meta property=\"og:description\" content=\"Autor: Pedro Silverio \u00c1lvarezFecha: 14 julio del 2017Extra\u00eddo de diariolibre.comVender optimismo es una tarea que no solo depende de una buena pol\u00edtica comunicacional; se necesita tambi\u00e9n de un incuestionable respaldo de la realidad. Cuando el discurso se aparta de la realidad, la reacci\u00f3n de la opini\u00f3n p\u00fablica puede ser agravada por la desconfianza que genera un optimismo desbordado e infundado. Se entiende que un Ministro de Hacienda vaya a la C\u00e1mara Americana de Comercio y pronuncie un discurso que permita una mejor apreciaci\u00f3n del comportamiento de las finanzas p\u00fablicas; especialmente, delante de los m\u00e1s importantes empresarios del pa\u00eds.\" \/>\n<meta property=\"og:url\" content=\"https:\/\/crees.org.do\/?p=20647\" \/>\n<meta property=\"og:site_name\" content=\"CREES\" \/>\n<meta property=\"article:publisher\" content=\"https:\/\/www.facebook.com\/CREESRD\/\" \/>\n<meta property=\"article:published_time\" content=\"2017-01-01T00:00:00+00:00\" \/>\n<meta property=\"og:image\" content=\"https:\/\/crees.org.do\/wp-content\/uploads\/2022\/03\/crees-logo-1.jpg\" \/>\n\t<meta property=\"og:image:width\" content=\"244\" \/>\n\t<meta property=\"og:image:height\" content=\"71\" \/>\n\t<meta property=\"og:image:type\" content=\"image\/jpeg\" \/>\n<meta name=\"author\" content=\"Crees\" \/>\n<meta name=\"twitter:card\" content=\"summary_large_image\" \/>\n<meta name=\"twitter:creator\" content=\"@CREESRD\" \/>\n<meta name=\"twitter:site\" content=\"@CREESRD\" \/>\n<meta name=\"twitter:label1\" content=\"Escrito por\" \/>\n\t<meta name=\"twitter:data1\" content=\"Crees\" \/>\n\t<meta name=\"twitter:label2\" content=\"Tiempo de lectura\" \/>\n\t<meta name=\"twitter:data2\" content=\"5 minutos\" \/>\n<script type=\"application\/ld+json\" class=\"yoast-schema-graph\">{\"@context\":\"https:\/\/schema.org\",\"@graph\":[{\"@type\":\"Article\",\"@id\":\"https:\/\/crees.org.do\/?p=20647#article\",\"isPartOf\":{\"@id\":\"https:\/\/crees.org.do\/?p=20647\"},\"author\":{\"name\":\"Crees\",\"@id\":\"https:\/\/crees.org.do\/#\/schema\/person\/e7f97cd94d7bf9cd0e0ce30acb7d56b8\"},\"headline\":\"\u00bfHa sido responsable el manejo de la deuda p\u00fablica?\",\"datePublished\":\"2017-01-01T00:00:00+00:00\",\"mainEntityOfPage\":{\"@id\":\"https:\/\/crees.org.do\/?p=20647\"},\"wordCount\":1076,\"commentCount\":0,\"publisher\":{\"@id\":\"https:\/\/crees.org.do\/#organization\"},\"articleSection\":[\"Blog\"],\"inLanguage\":\"es\"},{\"@type\":\"WebPage\",\"@id\":\"https:\/\/crees.org.do\/?p=20647\",\"url\":\"https:\/\/crees.org.do\/?p=20647\",\"name\":\"\u00bfHa sido responsable el manejo de la deuda p\u00fablica? | CREES\",\"isPartOf\":{\"@id\":\"https:\/\/crees.org.do\/#website\"},\"datePublished\":\"2017-01-01T00:00:00+00:00\",\"breadcrumb\":{\"@id\":\"https:\/\/crees.org.do\/?p=20647#breadcrumb\"},\"inLanguage\":\"es\",\"potentialAction\":[{\"@type\":\"ReadAction\",\"target\":[\"https:\/\/crees.org.do\/?p=20647\"]}]},{\"@type\":\"BreadcrumbList\",\"@id\":\"https:\/\/crees.org.do\/?p=20647#breadcrumb\",\"itemListElement\":[{\"@type\":\"ListItem\",\"position\":1,\"name\":\"Portada\",\"item\":\"https:\/\/crees.org.do\/\"},{\"@type\":\"ListItem\",\"position\":2,\"name\":\"\u00bfHa sido responsable el manejo de la deuda p\u00fablica?\"}]},{\"@type\":\"WebSite\",\"@id\":\"https:\/\/crees.org.do\/#website\",\"url\":\"https:\/\/crees.org.do\/\",\"name\":\"CREES\",\"description\":\"Centro Regional de Estrategias Econ\u00f3micas Sostenibles\",\"publisher\":{\"@id\":\"https:\/\/crees.org.do\/#organization\"},\"potentialAction\":[{\"@type\":\"SearchAction\",\"target\":{\"@type\":\"EntryPoint\",\"urlTemplate\":\"https:\/\/crees.org.do\/?s={search_term_string}\"},\"query-input\":{\"@type\":\"PropertyValueSpecification\",\"valueRequired\":true,\"valueName\":\"search_term_string\"}}],\"inLanguage\":\"es\"},{\"@type\":\"Organization\",\"@id\":\"https:\/\/crees.org.do\/#organization\",\"name\":\"CREES | Centro Regional de Estrategias Econ\u00f3micas Sostenibles\",\"url\":\"https:\/\/crees.org.do\/\",\"logo\":{\"@type\":\"ImageObject\",\"inLanguage\":\"es\",\"@id\":\"https:\/\/crees.org.do\/#\/schema\/logo\/image\/\",\"url\":\"https:\/\/crees.org.do\/wp-content\/uploads\/2022\/03\/crees-logo-1.jpg\",\"contentUrl\":\"https:\/\/crees.org.do\/wp-content\/uploads\/2022\/03\/crees-logo-1.jpg\",\"width\":244,\"height\":71,\"caption\":\"CREES | Centro Regional de Estrategias Econ\u00f3micas Sostenibles\"},\"image\":{\"@id\":\"https:\/\/crees.org.do\/#\/schema\/logo\/image\/\"},\"sameAs\":[\"https:\/\/www.facebook.com\/CREESRD\/\",\"https:\/\/x.com\/CREESRD\"]},{\"@type\":\"Person\",\"@id\":\"https:\/\/crees.org.do\/#\/schema\/person\/e7f97cd94d7bf9cd0e0ce30acb7d56b8\",\"name\":\"Crees\",\"image\":{\"@type\":\"ImageObject\",\"inLanguage\":\"es\",\"@id\":\"https:\/\/crees.org.do\/#\/schema\/person\/image\/\",\"url\":\"https:\/\/secure.gravatar.com\/avatar\/390ac8f0be5d9aa046152553e2dd7011b59a512d89c150f5e5f28bb8d9a0b165?s=96&d=mm&r=g\",\"contentUrl\":\"https:\/\/secure.gravatar.com\/avatar\/390ac8f0be5d9aa046152553e2dd7011b59a512d89c150f5e5f28bb8d9a0b165?s=96&d=mm&r=g\",\"caption\":\"Crees\"},\"url\":\"https:\/\/crees.org.do\/?author=2\"}]}<\/script>\n<!-- \/ Yoast SEO plugin. -->","yoast_head_json":{"title":"\u00bfHa sido responsable el manejo de la deuda p\u00fablica? | CREES","robots":{"index":"index","follow":"follow","max-snippet":"max-snippet:-1","max-image-preview":"max-image-preview:large","max-video-preview":"max-video-preview:-1"},"canonical":"https:\/\/crees.org.do\/?p=20647","og_locale":"es_ES","og_type":"article","og_title":"\u00bfHa sido responsable el manejo de la deuda p\u00fablica? | CREES","og_description":"Autor: Pedro Silverio \u00c1lvarezFecha: 14 julio del 2017Extra\u00eddo de diariolibre.comVender optimismo es una tarea que no solo depende de una buena pol\u00edtica comunicacional; se necesita tambi\u00e9n de un incuestionable respaldo de la realidad. Cuando el discurso se aparta de la realidad, la reacci\u00f3n de la opini\u00f3n p\u00fablica puede ser agravada por la desconfianza que genera un optimismo desbordado e infundado. Se entiende que un Ministro de Hacienda vaya a la C\u00e1mara Americana de Comercio y pronuncie un discurso que permita una mejor apreciaci\u00f3n del comportamiento de las finanzas p\u00fablicas; especialmente, delante de los m\u00e1s importantes empresarios del pa\u00eds.","og_url":"https:\/\/crees.org.do\/?p=20647","og_site_name":"CREES","article_publisher":"https:\/\/www.facebook.com\/CREESRD\/","article_published_time":"2017-01-01T00:00:00+00:00","og_image":[{"width":244,"height":71,"url":"https:\/\/crees.org.do\/wp-content\/uploads\/2022\/03\/crees-logo-1.jpg","type":"image\/jpeg"}],"author":"Crees","twitter_card":"summary_large_image","twitter_creator":"@CREESRD","twitter_site":"@CREESRD","twitter_misc":{"Escrito por":"Crees","Tiempo de lectura":"5 minutos"},"schema":{"@context":"https:\/\/schema.org","@graph":[{"@type":"Article","@id":"https:\/\/crees.org.do\/?p=20647#article","isPartOf":{"@id":"https:\/\/crees.org.do\/?p=20647"},"author":{"name":"Crees","@id":"https:\/\/crees.org.do\/#\/schema\/person\/e7f97cd94d7bf9cd0e0ce30acb7d56b8"},"headline":"\u00bfHa sido responsable el manejo de la deuda p\u00fablica?","datePublished":"2017-01-01T00:00:00+00:00","mainEntityOfPage":{"@id":"https:\/\/crees.org.do\/?p=20647"},"wordCount":1076,"commentCount":0,"publisher":{"@id":"https:\/\/crees.org.do\/#organization"},"articleSection":["Blog"],"inLanguage":"es"},{"@type":"WebPage","@id":"https:\/\/crees.org.do\/?p=20647","url":"https:\/\/crees.org.do\/?p=20647","name":"\u00bfHa sido responsable el manejo de la deuda p\u00fablica? | CREES","isPartOf":{"@id":"https:\/\/crees.org.do\/#website"},"datePublished":"2017-01-01T00:00:00+00:00","breadcrumb":{"@id":"https:\/\/crees.org.do\/?p=20647#breadcrumb"},"inLanguage":"es","potentialAction":[{"@type":"ReadAction","target":["https:\/\/crees.org.do\/?p=20647"]}]},{"@type":"BreadcrumbList","@id":"https:\/\/crees.org.do\/?p=20647#breadcrumb","itemListElement":[{"@type":"ListItem","position":1,"name":"Portada","item":"https:\/\/crees.org.do\/"},{"@type":"ListItem","position":2,"name":"\u00bfHa sido responsable el manejo de la deuda p\u00fablica?"}]},{"@type":"WebSite","@id":"https:\/\/crees.org.do\/#website","url":"https:\/\/crees.org.do\/","name":"CREES","description":"Centro Regional de Estrategias Econ\u00f3micas Sostenibles","publisher":{"@id":"https:\/\/crees.org.do\/#organization"},"potentialAction":[{"@type":"SearchAction","target":{"@type":"EntryPoint","urlTemplate":"https:\/\/crees.org.do\/?s={search_term_string}"},"query-input":{"@type":"PropertyValueSpecification","valueRequired":true,"valueName":"search_term_string"}}],"inLanguage":"es"},{"@type":"Organization","@id":"https:\/\/crees.org.do\/#organization","name":"CREES | Centro Regional de Estrategias Econ\u00f3micas Sostenibles","url":"https:\/\/crees.org.do\/","logo":{"@type":"ImageObject","inLanguage":"es","@id":"https:\/\/crees.org.do\/#\/schema\/logo\/image\/","url":"https:\/\/crees.org.do\/wp-content\/uploads\/2022\/03\/crees-logo-1.jpg","contentUrl":"https:\/\/crees.org.do\/wp-content\/uploads\/2022\/03\/crees-logo-1.jpg","width":244,"height":71,"caption":"CREES | Centro Regional de Estrategias Econ\u00f3micas Sostenibles"},"image":{"@id":"https:\/\/crees.org.do\/#\/schema\/logo\/image\/"},"sameAs":["https:\/\/www.facebook.com\/CREESRD\/","https:\/\/x.com\/CREESRD"]},{"@type":"Person","@id":"https:\/\/crees.org.do\/#\/schema\/person\/e7f97cd94d7bf9cd0e0ce30acb7d56b8","name":"Crees","image":{"@type":"ImageObject","inLanguage":"es","@id":"https:\/\/crees.org.do\/#\/schema\/person\/image\/","url":"https:\/\/secure.gravatar.com\/avatar\/390ac8f0be5d9aa046152553e2dd7011b59a512d89c150f5e5f28bb8d9a0b165?s=96&d=mm&r=g","contentUrl":"https:\/\/secure.gravatar.com\/avatar\/390ac8f0be5d9aa046152553e2dd7011b59a512d89c150f5e5f28bb8d9a0b165?s=96&d=mm&r=g","caption":"Crees"},"url":"https:\/\/crees.org.do\/?author=2"}]}},"_links":{"self":[{"href":"https:\/\/crees.org.do\/index.php?rest_route=\/wp\/v2\/posts\/20647","targetHints":{"allow":["GET"]}}],"collection":[{"href":"https:\/\/crees.org.do\/index.php?rest_route=\/wp\/v2\/posts"}],"about":[{"href":"https:\/\/crees.org.do\/index.php?rest_route=\/wp\/v2\/types\/post"}],"author":[{"embeddable":true,"href":"https:\/\/crees.org.do\/index.php?rest_route=\/wp\/v2\/users\/2"}],"replies":[{"embeddable":true,"href":"https:\/\/crees.org.do\/index.php?rest_route=%2Fwp%2Fv2%2Fcomments&post=20647"}],"version-history":[{"count":0,"href":"https:\/\/crees.org.do\/index.php?rest_route=\/wp\/v2\/posts\/20647\/revisions"}],"wp:attachment":[{"href":"https:\/\/crees.org.do\/index.php?rest_route=%2Fwp%2Fv2%2Fmedia&parent=20647"}],"wp:term":[{"taxonomy":"category","embeddable":true,"href":"https:\/\/crees.org.do\/index.php?rest_route=%2Fwp%2Fv2%2Fcategories&post=20647"},{"taxonomy":"post_tag","embeddable":true,"href":"https:\/\/crees.org.do\/index.php?rest_route=%2Fwp%2Fv2%2Ftags&post=20647"}],"curies":[{"name":"wp","href":"https:\/\/api.w.org\/{rel}","templated":true}]}}