{"id":20648,"date":"2017-01-01T00:00:00","date_gmt":"2017-01-01T00:00:00","guid":{"rendered":"https:\/\/crees.org.do\/tension-y-vacio-2-de-3\/"},"modified":"2017-01-01T00:00:00","modified_gmt":"2017-01-01T00:00:00","slug":"tension-y-vacio-2-de-3","status":"publish","type":"post","link":"https:\/\/crees.org.do\/?p=20648","title":{"rendered":"Tensi\u00f3n y vac\u00edo (2 de 3)"},"content":{"rendered":"<div class=\"portlet-boundary portlet-boundary_contentviewerportlet_WAR_newsportlet_  portlet-static portlet-static-end content-viewer-portlet \" id=\"p_p_id_contentviewerportlet_WAR_newsportlet_INSTANCE_e21cd618898f45be8d7520a3cdb3afda_\">\n<div class=\"td-portlet\" style=\"clear: both; position: relative; width: 600px;\">\n<section class=\"portlet\" id=\"portlet_contentviewerportlet_WAR_newsportlet_INSTANCE_e21cd618898f45be8d7520a3cdb3afda\" style=\"border: 0px; padding: 0px;\">\n<div class=\"portlet-content\" style=\"padding: 0px;\">\n<div class=\"portlet-content-container\">\n<div class=\"portlet-body\">\n<div class=\"last td-viewer full-access\">\n<div class=\"detalle-texto\">\n<div class=\"text\" mlnid=\"idcon=8473659;order=3.0\">\n<div style=\"text-align: justify;\"><font face=\"verdana, geneva, sans-serif\"><span style=\"font-size: 12px; line-height: 18px;\">Autor: Eduardo Garc\u00eda Michel<\/span><\/font><\/div>\n<div style=\"text-align: justify;\"><span style=\"font-size: 12px; line-height: 18px; font-family: verdana, geneva, sans-serif;\">Fecha: 11 de julio del 2017<\/span><\/div>\n<div style=\"text-align: justify;\"><span style=\"font-size: 12px; line-height: 18px; font-family: verdana, geneva, sans-serif;\">Extra\u00eddo de <a href=\"https:\/\/www.diariolibre.com\/opinion\/en-directo\/tension-y-vacio-2-de-3-ag7594736\">diariolibre.com<\/a><\/span><\/div>\n<\/div>\n<\/div>\n<\/div>\n<\/div>\n<\/div>\n<\/div>\n<\/section>\n<\/div>\n<\/div>\n<p style=\"font-family: Arial, Helvetica, sans-serif; color: rgb(51, 51, 51); line-height: 20px; margin-top: 10px; margin-bottom: 10px; text-align: justify;\"><span style=\"font-size:12px;\"><span style=\"font-family:verdana,geneva,sans-serif;\">Lo que por mucho tiempo hab\u00eda permanecido en la categor\u00eda de sospecha colectiva, se ha convertido en certeza: una parte importante de la clase gobernante tiende a gestionar el manejo de recursos p\u00fablicos, con la mira puesta en su propia conveniencia.<\/span><\/span><\/p>\n<p style=\"font-family: Arial, Helvetica, sans-serif; color: rgb(51, 51, 51); line-height: 20px; margin-top: 10px; margin-bottom: 10px; text-align: justify;\"><span style=\"font-size:12px;\"><span style=\"font-family:verdana,geneva,sans-serif;\">Esa apreciaci\u00f3n, tan generalizada, menoscaba la credibilidad y honra de la clase gobernante. Peor a\u00fan, no hace justicia con los que pretenden ir a construir la utop\u00eda desde el poder y los confunde con aquellos que solo aspiran a saciar su apetito voraz y vulgar de control y riqueza.<\/span><\/span><\/p>\n<p style=\"font-family: Arial, Helvetica, sans-serif; color: rgb(51, 51, 51); line-height: 20px; margin-top: 10px; margin-bottom: 10px; text-align: justify;\"><span style=\"font-size:12px;\"><span style=\"font-family:verdana,geneva,sans-serif;\">Los partidos y sus l\u00edderes son indispensables para el funcionamiento de la democracia, pero es imposible conducir una naci\u00f3n si quienes est\u00e1n llamados a hacerlo dejan de ser referentes a ser emulados y respetados.<\/span><\/span><\/p>\n<p style=\"font-family: Arial, Helvetica, sans-serif; color: rgb(51, 51, 51); line-height: 20px; margin-top: 10px; margin-bottom: 10px; text-align: justify;\"><span style=\"font-size:12px;\"><span style=\"font-family:verdana,geneva,sans-serif;\">La tarea por delante es fortalecer a los partidos y a su liderazgo, para que puedan jugar su papel decorosamente. Y evitar que fuerzas extra\u00f1as al funcionamiento democr\u00e1tico, intenten aprovechar cualquier vac\u00edo que se produjera como consecuencia del estado de insatisfacci\u00f3n de la poblaci\u00f3n.<\/span><\/span><\/p>\n<p style=\"font-family: Arial, Helvetica, sans-serif; color: rgb(51, 51, 51); line-height: 20px; margin-top: 10px; margin-bottom: 10px; text-align: justify;\"><span style=\"font-size:12px;\"><span style=\"font-family:verdana,geneva,sans-serif;\">En el horizonte se vislumbran dos tipos de salidas a la crisis de credibilidad que se ha creado. Una, judicial; la otra, pol\u00edtica. Ambas se complementan. Ninguna por separado puede reparar la desconfianza existente.<\/span><\/span><\/p>\n<p style=\"font-family: Arial, Helvetica, sans-serif; color: rgb(51, 51, 51); line-height: 20px; margin-top: 10px; margin-bottom: 10px; text-align: justify;\"><span style=\"font-size:12px;\"><span style=\"font-family:verdana,geneva,sans-serif;\">La primera salida, la judicial, consiste en que sean juzgados con imparcialidad todos los que son (no necesariamente los que est\u00e1n) en el expediente Odebrecht, y dejen de estar procesados quienes no lo son.<\/span><\/span><\/p>\n<p style=\"font-family: Arial, Helvetica, sans-serif; color: rgb(51, 51, 51); line-height: 20px; margin-top: 10px; margin-bottom: 10px; text-align: justify;\"><span style=\"font-size:12px;\"><span style=\"font-family:verdana,geneva,sans-serif;\">Hasta ahora no se percibe que el acuerdo alcanzado por el Estado con esa empresa, haya aportado elementos concretos de prueba que cubra el per\u00edodo completo en que ocurrieron los hechos.<\/span><\/span><\/p>\n<p style=\"font-family: Arial, Helvetica, sans-serif; color: rgb(51, 51, 51); line-height: 20px; margin-top: 10px; margin-bottom: 10px; text-align: justify;\"><span style=\"font-size:12px;\"><span style=\"font-family:verdana,geneva,sans-serif;\">La sociedad se pregunta, entonces, &iquest;a qu\u00e9 fines sirve dicho acuerdo?<\/span><\/span><\/p>\n<p style=\"font-family: Arial, Helvetica, sans-serif; color: rgb(51, 51, 51); line-height: 20px; margin-top: 10px; margin-bottom: 10px; text-align: justify;\"><span style=\"font-size:12px;\"><span style=\"font-family:verdana,geneva,sans-serif;\">No basta una menci\u00f3n, carente de concreci\u00f3n, por parte de un delator premiado en Brasil, para procesar a alguien y mucho menos condenarlo. En todo caso, ser\u00eda una simple suposici\u00f3n, sujeta a ser investigada.<\/span><\/span><\/p>\n<p style=\"font-family: Arial, Helvetica, sans-serif; color: rgb(51, 51, 51); line-height: 20px; margin-top: 10px; margin-bottom: 10px; text-align: justify;\"><span style=\"font-size:12px;\"><span style=\"font-family:verdana,geneva,sans-serif;\">En argumento contrario, tampoco basta con que una o m\u00e1s personas no hayan sido mencionadas expl\u00edcitamente en los papeles de Brasil disponibles hasta ahora, para liberarla de sospecha y enjuiciamiento, si las evidencias y apariencias condujeran a la necesidad de incriminarlas.<\/span><\/span><\/p>\n<p style=\"font-family: Arial, Helvetica, sans-serif; color: rgb(51, 51, 51); line-height: 20px; margin-top: 10px; margin-bottom: 10px; text-align: justify;\"><span style=\"font-size:12px;\"><span style=\"font-family:verdana,geneva,sans-serif;\">La investigaci\u00f3n tendr\u00eda que extenderse al per\u00edodo completo en que ocurri\u00f3 el intercambio de intereses: por un lado, adjudicaci\u00f3n de obras, con sus posteriores sobrevaluaciones, y, por otro, pago de sobornos y apoyo financiero para cubrir eventos pol\u00edticos, electorales y no electorales.<\/span><\/span><\/p>\n<p style=\"font-family: Arial, Helvetica, sans-serif; color: rgb(51, 51, 51); line-height: 20px; margin-top: 10px; margin-bottom: 10px; text-align: justify;\"><span style=\"font-size:12px;\"><span style=\"font-family:verdana,geneva,sans-serif;\">Y ser realizada por fuentes genuinamente interesadas en escudri\u00f1ar la verdad. Ese punto, es el meollo del asunto. Si no las hubiere, o estuvieren parcializadas, se estar\u00eda echando m\u00e1s carb\u00f3n a la caldera social ya en ebullici\u00f3n.<\/span><\/span><\/p>\n<p style=\"font-family: Arial, Helvetica, sans-serif; color: rgb(51, 51, 51); line-height: 20px; margin-top: 10px; margin-bottom: 10px; text-align: justify;\"><span style=\"font-size:12px;\"><span style=\"font-family:verdana,geneva,sans-serif;\">Y ah\u00ed, emerge como un iceberg la debilidad del proceso que se lleva a cabo, pues lo transcurrido hasta ahora fomenta la idea de trato selectivo, apegado al populismo judicial, como si alguna mano invisible lo estuviera dirigiendo.<\/span><\/span><\/p>\n<p style=\"font-family: Arial, Helvetica, sans-serif; color: rgb(51, 51, 51); line-height: 20px; margin-top: 10px; margin-bottom: 10px; text-align: justify;\"><span style=\"font-size:12px;\"><span style=\"font-family:verdana,geneva,sans-serif;\">Cualquier resultado obtenido mediante la desnaturalizaci\u00f3n del proceso judicial, pospondr\u00eda para m\u00e1s adelante las ansias de adecentamiento del sistema pol\u00edtico y crear\u00eda un sentimiento de necesidad de cobro de cuentas a futuro.<\/span><\/span><\/p>\n<p style=\"font-family: Arial, Helvetica, sans-serif; color: rgb(51, 51, 51); line-height: 20px; margin-top: 10px; margin-bottom: 10px; text-align: justify;\"><span style=\"font-size:12px;\"><span style=\"font-family:verdana,geneva,sans-serif;\">En Brasil, donde s\u00ed ha habido correctivos y castigos, el estamento judicial opera con independencia. Aqu\u00ed no puede decirse lo mismo, aunque debe reconocerse que existen jueces que constituyen una digna excepci\u00f3n a esa regla, tal y como lo acaba de demostrar Miriam Germ\u00e1n al pronunciar su voto disidente. Y como ella hay otros que honran la majestad de la justicia.<\/span><\/span><\/p>\n<p style=\"font-family: Arial, Helvetica, sans-serif; color: rgb(51, 51, 51); line-height: 20px; margin-top: 10px; margin-bottom: 10px; text-align: justify;\"><span style=\"font-size:12px;\"><span style=\"font-family:verdana,geneva,sans-serif;\">Ante esas circunstancias, el reto es buscar una soluci\u00f3n que comporte un umbral, aun fuere m\u00ednimo, de imparcialidad.<\/span><\/span><\/p>\n<p style=\"font-family: Arial, Helvetica, sans-serif; color: rgb(51, 51, 51); line-height: 20px; margin-top: 10px; margin-bottom: 10px; text-align: justify;\"><span style=\"font-size:12px;\"><span style=\"font-family:verdana,geneva,sans-serif;\">No se trata de sacar el proceso judicial de su entorno institucional, sino de fortalecer sus integrantes, por ejemplo, mediante la designaci\u00f3n de fiscales y jueces independientes de los centros de poder, pasados y presentes.<\/span><\/span><\/p>\n<p style=\"font-family: Arial, Helvetica, sans-serif; color: rgb(51, 51, 51); line-height: 20px; margin-top: 10px; margin-bottom: 10px; text-align: justify;\"><span style=\"font-size:12px;\"><span style=\"font-family:verdana,geneva,sans-serif;\">Algo similar a lo que se hizo en 1962, cuando se crearon tribunales especiales para juzgar, entre otros, el crimen cometido contra las hermanas Mirabal, y confiscar las fortunas mal habidas.<\/span><\/span><\/p>\n<p style=\"font-family: Arial, Helvetica, sans-serif; color: rgb(51, 51, 51); line-height: 20px; margin-top: 10px; margin-bottom: 10px; text-align: justify;\"><span style=\"font-size:12px;\"><span style=\"font-family:verdana,geneva,sans-serif;\">Si as\u00ed se hiciera, el escarmiento resultante de las sentencias que pudieran pronunciar los tribunales, pondr\u00eda bases firmes para el reforzamiento de la institucionalidad y promover\u00eda un cambio de conducta en la esfera pol\u00edtica.<\/span><\/span><\/p>\n<p style=\"font-family: Arial, Helvetica, sans-serif; color: rgb(51, 51, 51); line-height: 20px; margin-top: 10px; margin-bottom: 10px; text-align: justify;\"><span style=\"font-size:12px;\"><span style=\"font-family:verdana,geneva,sans-serif;\">Quien sabe si de ah\u00ed pudiera resultar que se modelara en tablas de acero la idea de que al Estado no se puede ir a medrar, sino a servir.<\/span><\/span><\/p>\n<p style=\"font-family: Arial, Helvetica, sans-serif; color: rgb(51, 51, 51); line-height: 20px; margin-top: 10px; margin-bottom: 10px; text-align: justify;\"><span style=\"font-size:12px;\"><span style=\"font-family:verdana,geneva,sans-serif;\">Ese es el ejemplo que el pa\u00eds espera recibir de la clase pol\u00edtica. Y ser\u00eda el cimiento para la fundaci\u00f3n de una naci\u00f3n pr\u00f3spera, dotada de instituciones fuertes, guiada por la \u00e9tica y el desempe\u00f1o de un servicio p\u00fablico de calidad, de amplio reconocimiento ciudadano.<\/span><\/span><\/p>\n<p style=\"font-family: Arial, Helvetica, sans-serif; color: rgb(51, 51, 51); line-height: 20px; margin-top: 10px; margin-bottom: 10px; text-align: justify;\"><span style=\"font-size:12px;\"><span style=\"font-family:verdana,geneva,sans-serif;\">Cuando eso ocurra, la clase pol\u00edtica podr\u00e1 reivindicar la condici\u00f3n de ejercer la vocaci\u00f3n m\u00e1s noble. Y disfrutar de la admiraci\u00f3n de todos.<\/span><\/span><\/p>\n<div class=\"pvc_clear\"><\/div>\n<p class=\"pvc_stats all \" data-element-id=\"20648\" style=\"\"><i class=\"pvc-stats-icon medium\" aria-hidden=\"true\"><svg aria-hidden=\"true\" focusable=\"false\" data-prefix=\"far\" data-icon=\"chart-bar\" role=\"img\" xmlns=\"http:\/\/www.w3.org\/2000\/svg\" viewBox=\"0 0 512 512\" class=\"svg-inline--fa fa-chart-bar fa-w-16 fa-2x\"><path fill=\"currentColor\" d=\"M396.8 352h22.4c6.4 0 12.8-6.4 12.8-12.8V108.8c0-6.4-6.4-12.8-12.8-12.8h-22.4c-6.4 0-12.8 6.4-12.8 12.8v230.4c0 6.4 6.4 12.8 12.8 12.8zm-192 0h22.4c6.4 0 12.8-6.4 12.8-12.8V140.8c0-6.4-6.4-12.8-12.8-12.8h-22.4c-6.4 0-12.8 6.4-12.8 12.8v198.4c0 6.4 6.4 12.8 12.8 12.8zm96 0h22.4c6.4 0 12.8-6.4 12.8-12.8V204.8c0-6.4-6.4-12.8-12.8-12.8h-22.4c-6.4 0-12.8 6.4-12.8 12.8v134.4c0 6.4 6.4 12.8 12.8 12.8zM496 400H48V80c0-8.84-7.16-16-16-16H16C7.16 64 0 71.16 0 80v336c0 17.67 14.33 32 32 32h464c8.84 0 16-7.16 16-16v-16c0-8.84-7.16-16-16-16zm-387.2-48h22.4c6.4 0 12.8-6.4 12.8-12.8v-70.4c0-6.4-6.4-12.8-12.8-12.8h-22.4c-6.4 0-12.8 6.4-12.8 12.8v70.4c0 6.4 6.4 12.8 12.8 12.8z\" class=\"\"><\/path><\/svg><\/i> Vistas Totales&nbsp;272&nbsp;, Vistas Hoy&nbsp;6&nbsp;<\/p>\n<div class=\"pvc_clear\"><\/div>\n","protected":false},"excerpt":{"rendered":"<p>Autor:Eduardo Garc\u00eda MichelFecha: 11 de julio del 2017Extra\u00eddo de diariolibre.comEn el horizonte se vislumbran dos tipos de salidas a la crisis de credibilidad que se ha creado. Una, judicial; la otra, pol\u00edtica. Ambas se complementan. Ninguna por separado puede reparar la desconfianza existente.<\/p>\n<div class=\"pvc_clear\"><\/div>\n<p class=\"pvc_stats all \" data-element-id=\"20648\" style=\"\"><i class=\"pvc-stats-icon medium\" aria-hidden=\"true\"><svg aria-hidden=\"true\" focusable=\"false\" data-prefix=\"far\" data-icon=\"chart-bar\" role=\"img\" xmlns=\"http:\/\/www.w3.org\/2000\/svg\" viewBox=\"0 0 512 512\" class=\"svg-inline--fa fa-chart-bar fa-w-16 fa-2x\"><path fill=\"currentColor\" d=\"M396.8 352h22.4c6.4 0 12.8-6.4 12.8-12.8V108.8c0-6.4-6.4-12.8-12.8-12.8h-22.4c-6.4 0-12.8 6.4-12.8 12.8v230.4c0 6.4 6.4 12.8 12.8 12.8zm-192 0h22.4c6.4 0 12.8-6.4 12.8-12.8V140.8c0-6.4-6.4-12.8-12.8-12.8h-22.4c-6.4 0-12.8 6.4-12.8 12.8v198.4c0 6.4 6.4 12.8 12.8 12.8zm96 0h22.4c6.4 0 12.8-6.4 12.8-12.8V204.8c0-6.4-6.4-12.8-12.8-12.8h-22.4c-6.4 0-12.8 6.4-12.8 12.8v134.4c0 6.4 6.4 12.8 12.8 12.8zM496 400H48V80c0-8.84-7.16-16-16-16H16C7.16 64 0 71.16 0 80v336c0 17.67 14.33 32 32 32h464c8.84 0 16-7.16 16-16v-16c0-8.84-7.16-16-16-16zm-387.2-48h22.4c6.4 0 12.8-6.4 12.8-12.8v-70.4c0-6.4-6.4-12.8-12.8-12.8h-22.4c-6.4 0-12.8 6.4-12.8 12.8v70.4c0 6.4 6.4 12.8 12.8 12.8z\" class=\"\"><\/path><\/svg><\/i> Vistas Totales&nbsp;272&nbsp;, Vistas Hoy&nbsp;6&nbsp;<\/p>\n<div class=\"pvc_clear\"><\/div>\n","protected":false},"author":2,"featured_media":0,"comment_status":"open","ping_status":"open","sticky":false,"template":"","format":"standard","meta":{"footnotes":""},"categories":[21],"tags":[],"class_list":["post-20648","post","type-post","status-publish","format-standard","hentry","category-blog"],"yoast_head":"<!-- This site is optimized with the Yoast SEO plugin v25.2 - https:\/\/yoast.com\/wordpress\/plugins\/seo\/ -->\n<title>Tensi\u00f3n y vac\u00edo (2 de 3) | CREES<\/title>\n<meta name=\"robots\" content=\"index, follow, max-snippet:-1, max-image-preview:large, max-video-preview:-1\" \/>\n<link rel=\"canonical\" href=\"https:\/\/crees.org.do\/?p=20648\" \/>\n<meta property=\"og:locale\" content=\"es_ES\" \/>\n<meta property=\"og:type\" content=\"article\" \/>\n<meta property=\"og:title\" content=\"Tensi\u00f3n y vac\u00edo (2 de 3) | CREES\" \/>\n<meta property=\"og:description\" content=\"Autor:Eduardo Garc\u00eda MichelFecha: 11 de julio del 2017Extra\u00eddo de diariolibre.comEn el horizonte se vislumbran dos tipos de salidas a la crisis de credibilidad que se ha creado. Una, judicial; la otra, pol\u00edtica. Ambas se complementan. Ninguna por separado puede reparar la desconfianza existente.\" \/>\n<meta property=\"og:url\" content=\"https:\/\/crees.org.do\/?p=20648\" \/>\n<meta property=\"og:site_name\" content=\"CREES\" \/>\n<meta property=\"article:publisher\" content=\"https:\/\/www.facebook.com\/CREESRD\/\" \/>\n<meta property=\"article:published_time\" content=\"2017-01-01T00:00:00+00:00\" \/>\n<meta property=\"og:image\" content=\"https:\/\/crees.org.do\/wp-content\/uploads\/2022\/03\/crees-logo-1.jpg\" \/>\n\t<meta property=\"og:image:width\" content=\"244\" \/>\n\t<meta property=\"og:image:height\" content=\"71\" \/>\n\t<meta property=\"og:image:type\" content=\"image\/jpeg\" \/>\n<meta name=\"author\" content=\"Crees\" \/>\n<meta name=\"twitter:card\" content=\"summary_large_image\" \/>\n<meta name=\"twitter:creator\" content=\"@CREESRD\" \/>\n<meta name=\"twitter:site\" content=\"@CREESRD\" \/>\n<meta name=\"twitter:label1\" content=\"Escrito por\" \/>\n\t<meta name=\"twitter:data1\" content=\"Crees\" \/>\n\t<meta name=\"twitter:label2\" content=\"Tiempo de lectura\" \/>\n\t<meta name=\"twitter:data2\" content=\"4 minutos\" \/>\n<script type=\"application\/ld+json\" class=\"yoast-schema-graph\">{\"@context\":\"https:\/\/schema.org\",\"@graph\":[{\"@type\":\"Article\",\"@id\":\"https:\/\/crees.org.do\/?p=20648#article\",\"isPartOf\":{\"@id\":\"https:\/\/crees.org.do\/?p=20648\"},\"author\":{\"name\":\"Crees\",\"@id\":\"https:\/\/crees.org.do\/#\/schema\/person\/e7f97cd94d7bf9cd0e0ce30acb7d56b8\"},\"headline\":\"Tensi\u00f3n y vac\u00edo (2 de 3)\",\"datePublished\":\"2017-01-01T00:00:00+00:00\",\"mainEntityOfPage\":{\"@id\":\"https:\/\/crees.org.do\/?p=20648\"},\"wordCount\":857,\"commentCount\":0,\"publisher\":{\"@id\":\"https:\/\/crees.org.do\/#organization\"},\"articleSection\":[\"Blog\"],\"inLanguage\":\"es\"},{\"@type\":\"WebPage\",\"@id\":\"https:\/\/crees.org.do\/?p=20648\",\"url\":\"https:\/\/crees.org.do\/?p=20648\",\"name\":\"Tensi\u00f3n y vac\u00edo (2 de 3) | CREES\",\"isPartOf\":{\"@id\":\"https:\/\/crees.org.do\/#website\"},\"datePublished\":\"2017-01-01T00:00:00+00:00\",\"breadcrumb\":{\"@id\":\"https:\/\/crees.org.do\/?p=20648#breadcrumb\"},\"inLanguage\":\"es\",\"potentialAction\":[{\"@type\":\"ReadAction\",\"target\":[\"https:\/\/crees.org.do\/?p=20648\"]}]},{\"@type\":\"BreadcrumbList\",\"@id\":\"https:\/\/crees.org.do\/?p=20648#breadcrumb\",\"itemListElement\":[{\"@type\":\"ListItem\",\"position\":1,\"name\":\"Portada\",\"item\":\"https:\/\/crees.org.do\/\"},{\"@type\":\"ListItem\",\"position\":2,\"name\":\"Tensi\u00f3n y vac\u00edo (2 de 3)\"}]},{\"@type\":\"WebSite\",\"@id\":\"https:\/\/crees.org.do\/#website\",\"url\":\"https:\/\/crees.org.do\/\",\"name\":\"CREES\",\"description\":\"Centro Regional de Estrategias Econ\u00f3micas Sostenibles\",\"publisher\":{\"@id\":\"https:\/\/crees.org.do\/#organization\"},\"potentialAction\":[{\"@type\":\"SearchAction\",\"target\":{\"@type\":\"EntryPoint\",\"urlTemplate\":\"https:\/\/crees.org.do\/?s={search_term_string}\"},\"query-input\":{\"@type\":\"PropertyValueSpecification\",\"valueRequired\":true,\"valueName\":\"search_term_string\"}}],\"inLanguage\":\"es\"},{\"@type\":\"Organization\",\"@id\":\"https:\/\/crees.org.do\/#organization\",\"name\":\"CREES | Centro Regional de Estrategias Econ\u00f3micas Sostenibles\",\"url\":\"https:\/\/crees.org.do\/\",\"logo\":{\"@type\":\"ImageObject\",\"inLanguage\":\"es\",\"@id\":\"https:\/\/crees.org.do\/#\/schema\/logo\/image\/\",\"url\":\"https:\/\/crees.org.do\/wp-content\/uploads\/2022\/03\/crees-logo-1.jpg\",\"contentUrl\":\"https:\/\/crees.org.do\/wp-content\/uploads\/2022\/03\/crees-logo-1.jpg\",\"width\":244,\"height\":71,\"caption\":\"CREES | Centro Regional de Estrategias Econ\u00f3micas Sostenibles\"},\"image\":{\"@id\":\"https:\/\/crees.org.do\/#\/schema\/logo\/image\/\"},\"sameAs\":[\"https:\/\/www.facebook.com\/CREESRD\/\",\"https:\/\/x.com\/CREESRD\"]},{\"@type\":\"Person\",\"@id\":\"https:\/\/crees.org.do\/#\/schema\/person\/e7f97cd94d7bf9cd0e0ce30acb7d56b8\",\"name\":\"Crees\",\"image\":{\"@type\":\"ImageObject\",\"inLanguage\":\"es\",\"@id\":\"https:\/\/crees.org.do\/#\/schema\/person\/image\/\",\"url\":\"https:\/\/secure.gravatar.com\/avatar\/390ac8f0be5d9aa046152553e2dd7011b59a512d89c150f5e5f28bb8d9a0b165?s=96&d=mm&r=g\",\"contentUrl\":\"https:\/\/secure.gravatar.com\/avatar\/390ac8f0be5d9aa046152553e2dd7011b59a512d89c150f5e5f28bb8d9a0b165?s=96&d=mm&r=g\",\"caption\":\"Crees\"},\"url\":\"https:\/\/crees.org.do\/?author=2\"}]}<\/script>\n<!-- \/ Yoast SEO plugin. -->","yoast_head_json":{"title":"Tensi\u00f3n y vac\u00edo (2 de 3) | CREES","robots":{"index":"index","follow":"follow","max-snippet":"max-snippet:-1","max-image-preview":"max-image-preview:large","max-video-preview":"max-video-preview:-1"},"canonical":"https:\/\/crees.org.do\/?p=20648","og_locale":"es_ES","og_type":"article","og_title":"Tensi\u00f3n y vac\u00edo (2 de 3) | CREES","og_description":"Autor:Eduardo Garc\u00eda MichelFecha: 11 de julio del 2017Extra\u00eddo de diariolibre.comEn el horizonte se vislumbran dos tipos de salidas a la crisis de credibilidad que se ha creado. Una, judicial; la otra, pol\u00edtica. Ambas se complementan. Ninguna por separado puede reparar la desconfianza existente.","og_url":"https:\/\/crees.org.do\/?p=20648","og_site_name":"CREES","article_publisher":"https:\/\/www.facebook.com\/CREESRD\/","article_published_time":"2017-01-01T00:00:00+00:00","og_image":[{"width":244,"height":71,"url":"https:\/\/crees.org.do\/wp-content\/uploads\/2022\/03\/crees-logo-1.jpg","type":"image\/jpeg"}],"author":"Crees","twitter_card":"summary_large_image","twitter_creator":"@CREESRD","twitter_site":"@CREESRD","twitter_misc":{"Escrito por":"Crees","Tiempo de lectura":"4 minutos"},"schema":{"@context":"https:\/\/schema.org","@graph":[{"@type":"Article","@id":"https:\/\/crees.org.do\/?p=20648#article","isPartOf":{"@id":"https:\/\/crees.org.do\/?p=20648"},"author":{"name":"Crees","@id":"https:\/\/crees.org.do\/#\/schema\/person\/e7f97cd94d7bf9cd0e0ce30acb7d56b8"},"headline":"Tensi\u00f3n y vac\u00edo (2 de 3)","datePublished":"2017-01-01T00:00:00+00:00","mainEntityOfPage":{"@id":"https:\/\/crees.org.do\/?p=20648"},"wordCount":857,"commentCount":0,"publisher":{"@id":"https:\/\/crees.org.do\/#organization"},"articleSection":["Blog"],"inLanguage":"es"},{"@type":"WebPage","@id":"https:\/\/crees.org.do\/?p=20648","url":"https:\/\/crees.org.do\/?p=20648","name":"Tensi\u00f3n y vac\u00edo (2 de 3) | CREES","isPartOf":{"@id":"https:\/\/crees.org.do\/#website"},"datePublished":"2017-01-01T00:00:00+00:00","breadcrumb":{"@id":"https:\/\/crees.org.do\/?p=20648#breadcrumb"},"inLanguage":"es","potentialAction":[{"@type":"ReadAction","target":["https:\/\/crees.org.do\/?p=20648"]}]},{"@type":"BreadcrumbList","@id":"https:\/\/crees.org.do\/?p=20648#breadcrumb","itemListElement":[{"@type":"ListItem","position":1,"name":"Portada","item":"https:\/\/crees.org.do\/"},{"@type":"ListItem","position":2,"name":"Tensi\u00f3n y vac\u00edo (2 de 3)"}]},{"@type":"WebSite","@id":"https:\/\/crees.org.do\/#website","url":"https:\/\/crees.org.do\/","name":"CREES","description":"Centro Regional de Estrategias Econ\u00f3micas Sostenibles","publisher":{"@id":"https:\/\/crees.org.do\/#organization"},"potentialAction":[{"@type":"SearchAction","target":{"@type":"EntryPoint","urlTemplate":"https:\/\/crees.org.do\/?s={search_term_string}"},"query-input":{"@type":"PropertyValueSpecification","valueRequired":true,"valueName":"search_term_string"}}],"inLanguage":"es"},{"@type":"Organization","@id":"https:\/\/crees.org.do\/#organization","name":"CREES | Centro Regional de Estrategias Econ\u00f3micas Sostenibles","url":"https:\/\/crees.org.do\/","logo":{"@type":"ImageObject","inLanguage":"es","@id":"https:\/\/crees.org.do\/#\/schema\/logo\/image\/","url":"https:\/\/crees.org.do\/wp-content\/uploads\/2022\/03\/crees-logo-1.jpg","contentUrl":"https:\/\/crees.org.do\/wp-content\/uploads\/2022\/03\/crees-logo-1.jpg","width":244,"height":71,"caption":"CREES | Centro Regional de Estrategias Econ\u00f3micas Sostenibles"},"image":{"@id":"https:\/\/crees.org.do\/#\/schema\/logo\/image\/"},"sameAs":["https:\/\/www.facebook.com\/CREESRD\/","https:\/\/x.com\/CREESRD"]},{"@type":"Person","@id":"https:\/\/crees.org.do\/#\/schema\/person\/e7f97cd94d7bf9cd0e0ce30acb7d56b8","name":"Crees","image":{"@type":"ImageObject","inLanguage":"es","@id":"https:\/\/crees.org.do\/#\/schema\/person\/image\/","url":"https:\/\/secure.gravatar.com\/avatar\/390ac8f0be5d9aa046152553e2dd7011b59a512d89c150f5e5f28bb8d9a0b165?s=96&d=mm&r=g","contentUrl":"https:\/\/secure.gravatar.com\/avatar\/390ac8f0be5d9aa046152553e2dd7011b59a512d89c150f5e5f28bb8d9a0b165?s=96&d=mm&r=g","caption":"Crees"},"url":"https:\/\/crees.org.do\/?author=2"}]}},"_links":{"self":[{"href":"https:\/\/crees.org.do\/index.php?rest_route=\/wp\/v2\/posts\/20648","targetHints":{"allow":["GET"]}}],"collection":[{"href":"https:\/\/crees.org.do\/index.php?rest_route=\/wp\/v2\/posts"}],"about":[{"href":"https:\/\/crees.org.do\/index.php?rest_route=\/wp\/v2\/types\/post"}],"author":[{"embeddable":true,"href":"https:\/\/crees.org.do\/index.php?rest_route=\/wp\/v2\/users\/2"}],"replies":[{"embeddable":true,"href":"https:\/\/crees.org.do\/index.php?rest_route=%2Fwp%2Fv2%2Fcomments&post=20648"}],"version-history":[{"count":0,"href":"https:\/\/crees.org.do\/index.php?rest_route=\/wp\/v2\/posts\/20648\/revisions"}],"wp:attachment":[{"href":"https:\/\/crees.org.do\/index.php?rest_route=%2Fwp%2Fv2%2Fmedia&parent=20648"}],"wp:term":[{"taxonomy":"category","embeddable":true,"href":"https:\/\/crees.org.do\/index.php?rest_route=%2Fwp%2Fv2%2Fcategories&post=20648"},{"taxonomy":"post_tag","embeddable":true,"href":"https:\/\/crees.org.do\/index.php?rest_route=%2Fwp%2Fv2%2Ftags&post=20648"}],"curies":[{"name":"wp","href":"https:\/\/api.w.org\/{rel}","templated":true}]}}