{"id":20649,"date":"2017-01-01T00:00:00","date_gmt":"2017-01-01T00:00:00","guid":{"rendered":"https:\/\/crees.org.do\/tension-y-vacio-3-de-3\/"},"modified":"2017-01-01T00:00:00","modified_gmt":"2017-01-01T00:00:00","slug":"tension-y-vacio-3-de-3","status":"publish","type":"post","link":"https:\/\/crees.org.do\/?p=20649","title":{"rendered":"Tensi\u00f3n y vac\u00edo (3 de 3)"},"content":{"rendered":"<p style=\"font-family: Arial, Helvetica, sans-serif; color: rgb(51, 51, 51); line-height: 20px; margin-top: 10px; margin-bottom: 10px; text-align: justify;\"><span style=\"font-size:12px;\"><span style=\"font-family:verdana,geneva,sans-serif;\">Autor: Eduardo Garc\u00eda Michel<\/span><\/span><\/p>\n<p style=\"font-family: Arial, Helvetica, sans-serif; color: rgb(51, 51, 51); line-height: 20px; margin-top: 10px; margin-bottom: 10px; text-align: justify;\"><span style=\"font-size:12px;\"><span style=\"font-family:verdana,geneva,sans-serif;\">Fecha: 18 de julio del 2017<\/span><\/span><\/p>\n<p style=\"font-family: Arial, Helvetica, sans-serif; color: rgb(51, 51, 51); line-height: 20px; margin-top: 10px; margin-bottom: 10px; text-align: justify;\"><span style=\"font-size:12px;\"><span style=\"font-family:verdana,geneva,sans-serif;\">Extra\u00eddo de <a href=\"https:\/\/www.diariolibre.com\/opinion\/en-directo\/tension-y-vacio-3-de-3-AJ7649255\">diariolibre.com<\/a><\/span><\/span><\/p>\n<p style=\"font-family: Arial, Helvetica, sans-serif; color: rgb(51, 51, 51); line-height: 20px; margin-top: 10px; margin-bottom: 10px; text-align: justify;\"><span style=\"font-size:12px;\"><span style=\"font-family:verdana,geneva,sans-serif;\">La otra salida a la crisis de credibilidad, es la concertaci\u00f3n de un pacto de largo alcance que cubra el espectro pol\u00edtico institucional, econ\u00f3mico y social.<\/span><\/span><\/p>\n<p style=\"font-family: Arial, Helvetica, sans-serif; color: rgb(51, 51, 51); line-height: 20px; margin-top: 10px; margin-bottom: 10px; text-align: justify;\"><span style=\"font-size:12px;\"><span style=\"font-family:verdana,geneva,sans-serif;\">Los pactos tienen mala fama. Se firman para aparentar que los temas de inter\u00e9s ciudadano se toman en serio, pero luego de firmados casi ninguno se cumple.<\/span><\/span><\/p>\n<p style=\"font-family: Arial, Helvetica, sans-serif; color: rgb(51, 51, 51); line-height: 20px; margin-top: 10px; margin-bottom: 10px; text-align: justify;\"><span style=\"font-size:12px;\"><span style=\"font-family:verdana,geneva,sans-serif;\">En esta ocasi\u00f3n, un pacto tendr\u00eda que ser para que se cumpla. Si no fuera as\u00ed, pudiera acontecer un riesgo mayor, el del socavamiento progresivo de las condiciones de gobernabilidad. El pacto tambi\u00e9n servir\u00eda para devolver a la poblaci\u00f3n la ilusi\u00f3n de que se est\u00e1 construyendo un pa\u00eds mejor, m\u00e1s incluyente, organizado, institucionalizado, dotado de un proyecto de naci\u00f3n.<\/span><\/span><\/p>\n<p style=\"font-family: Arial, Helvetica, sans-serif; color: rgb(51, 51, 51); line-height: 20px; margin-top: 10px; margin-bottom: 10px; text-align: justify;\"><span style=\"font-size:12px;\"><span style=\"font-family:verdana,geneva,sans-serif;\">El compromiso debe ser que se acceda al poder para llevar a cabo ese proyecto de naci\u00f3n, en vez de hacerlo para luego intentar permanecer por medio de la ejecuci\u00f3n de pol\u00edticas clientelares y populistas. El cambio que se necesita es ese.<\/span><\/span><\/p>\n<p style=\"font-family: Arial, Helvetica, sans-serif; color: rgb(51, 51, 51); line-height: 20px; margin-top: 10px; margin-bottom: 10px; text-align: justify;\"><span style=\"font-size:12px;\"><span style=\"font-family:verdana,geneva,sans-serif;\">Y para asegurarse de que sea as\u00ed, hay que remover los tu\u00e9tanos del segmento pol\u00edtico institucional.<\/span><\/span><\/p>\n<p style=\"font-family: Arial, Helvetica, sans-serif; color: rgb(51, 51, 51); line-height: 20px; margin-top: 10px; margin-bottom: 10px; text-align: justify;\"><span style=\"font-size:12px;\"><span style=\"font-family:verdana,geneva,sans-serif;\">En particular, hay un tu\u00e9tano resbaloso, repleto de cart\u00edlagos escurridizos, que cuando parece que se tiene controlado, sometido, se sacude, vuelve y cobra vida. Lleva el nombre de reelecci\u00f3n.<\/span><\/span><\/p>\n<p style=\"font-family: Arial, Helvetica, sans-serif; color: rgb(51, 51, 51); line-height: 20px; margin-top: 10px; margin-bottom: 10px; text-align: justify;\"><span style=\"font-size:12px;\"><span style=\"font-family:verdana,geneva,sans-serif;\">Cualquier soluci\u00f3n pol\u00edtica tendr\u00eda que partir de la base de que no habr\u00e1 otro intento de reelecci\u00f3n. A\u00f1adir un ingrediente de duda en este aspecto, luego de la tormentosa reforma del 2014, ser\u00eda desatar al mismo tiempo todos los demonios.<\/span><\/span><\/p>\n<p style=\"font-family: Arial, Helvetica, sans-serif; color: rgb(51, 51, 51); line-height: 20px; margin-top: 10px; margin-bottom: 10px; text-align: justify;\"><span style=\"font-size:12px;\"><span style=\"font-family:verdana,geneva,sans-serif;\">Cualquier b\u00fasqueda de tranquilidad, liberaci\u00f3n leg\u00edtima de acosos, no podr\u00eda lograrse aferr\u00e1ndose al poder para tapar lo que se ha hecho mal, sino por medio del esfuerzo que se haga para terminar bien la labor de gobierno y en favor del fortalecimiento de las instituciones.<\/span><\/span><\/p>\n<p style=\"font-family: Arial, Helvetica, sans-serif; color: rgb(51, 51, 51); line-height: 20px; margin-top: 10px; margin-bottom: 10px; text-align: justify;\"><span style=\"font-size:12px;\"><span style=\"font-family:verdana,geneva,sans-serif;\">En el aspecto pol\u00edtico, el comienzo son las elecciones. Deben estar revestidas de condiciones que aseguren la equidad en la participaci\u00f3n, verbigracia organismos de gesti\u00f3n electoral y de soluci\u00f3n de controversias imparciales; reglas de financiaci\u00f3n de los partidos, transparentes y restrictivas; uso igualitario de los medios de comunicaci\u00f3n; cese de la utilizaci\u00f3n de recursos p\u00fablicos para apoyar la candidatura oficial.<\/span><\/span><\/p>\n<p style=\"font-family: Arial, Helvetica, sans-serif; color: rgb(51, 51, 51); line-height: 20px; margin-top: 10px; margin-bottom: 10px; text-align: justify;\"><span style=\"font-size:12px;\"><span style=\"font-family:verdana,geneva,sans-serif;\">Los partidos pol\u00edticos deben abrirse a la competencia interna mediante la celebraci\u00f3n de primarias simult\u00e1neas y el uso del padr\u00f3n electoral.<\/span><\/span><\/p>\n<p style=\"font-family: Arial, Helvetica, sans-serif; color: rgb(51, 51, 51); line-height: 20px; margin-top: 10px; margin-bottom: 10px; text-align: justify;\"><span style=\"font-size:12px;\"><span style=\"font-family:verdana,geneva,sans-serif;\">Hay que propender a que al Congreso Nacional se ascienda por m\u00e9ritos propios, y no por los fondos que se posean para realizar la campa\u00f1a electoral. Este organismo debe estar enfocado en ser contrapeso del poder ejecutivo, en vez de instrumento complaciente que apruebe todas sus iniciativas.<\/span><\/span><\/p>\n<p style=\"font-family: Arial, Helvetica, sans-serif; color: rgb(51, 51, 51); line-height: 20px; margin-top: 10px; margin-bottom: 10px; text-align: justify;\"><span style=\"font-size:12px;\"><span style=\"font-family:verdana,geneva,sans-serif;\">Los l\u00edderes provinciales deben ascender por sus propios m\u00e9ritos y capacidad de liderazgo, en vez de ser tributarios del dedo que los se\u00f1ala desde la c\u00fapula partidaria o del poder. Lo mismo pudiera decirse sobre la elecci\u00f3n de las autoridades municipales.<\/span><\/span><\/p>\n<p style=\"font-family: Arial, Helvetica, sans-serif; color: rgb(51, 51, 51); line-height: 20px; margin-top: 10px; margin-bottom: 10px; text-align: justify;\"><span style=\"font-size:12px;\"><span style=\"font-family:verdana,geneva,sans-serif;\">La reforma debe ser aprovechada para reestructurar la organizaci\u00f3n pol\u00edtica geogr\u00e1fica. Es innecesario tener tantas provincias, senadores y diputados, ediles.<\/span><\/span><\/p>\n<p style=\"font-family: Arial, Helvetica, sans-serif; color: rgb(51, 51, 51); line-height: 20px; margin-top: 10px; margin-bottom: 10px; text-align: justify;\"><span style=\"font-size:12px;\"><span style=\"font-family:verdana,geneva,sans-serif;\">El otro eslab\u00f3n sensitivo es el aparato judicial. Lo ideal es que las cortes sean integradas por profesionales de car\u00e1cter, independientes del poder pol\u00edtico.<\/span><\/span><\/p>\n<p style=\"font-family: Arial, Helvetica, sans-serif; color: rgb(51, 51, 51); line-height: 20px; margin-top: 10px; margin-bottom: 10px; text-align: justify;\"><span style=\"font-size:12px;\"><span style=\"font-family:verdana,geneva,sans-serif;\">El Consejo Nacional de la Magistratura como \u00f3rgano matriz de las altas cortes, no mejora en nada el sistema anterior de elecci\u00f3n de los jueces por el Senado, pero tampoco lo empeora. El poder judicial sigue adoleciendo de la independencia que le es tan necesaria.<\/span><\/span><\/p>\n<p style=\"font-family: Arial, Helvetica, sans-serif; color: rgb(51, 51, 51); line-height: 20px; margin-top: 10px; margin-bottom: 10px; text-align: justify;\"><span style=\"font-size:12px;\"><span style=\"font-family:verdana,geneva,sans-serif;\">Los acontecimientos que siguen ocurriendo en Brasil, se\u00f1alan con claridad que las decisiones adoptadas por fiscales y jueces en contra de integrantes del sistema pol\u00edtico manchados por la corrupci\u00f3n, solo han podido ser adoptadas porque ninguno de ellos debe su investidura al poder pol\u00edtico.<\/span><\/span><\/p>\n<p style=\"font-family: Arial, Helvetica, sans-serif; color: rgb(51, 51, 51); line-height: 20px; margin-top: 10px; margin-bottom: 10px; text-align: justify;\"><span style=\"font-size:12px;\"><span style=\"font-family:verdana,geneva,sans-serif;\">Por tanto, hay que buscar una f\u00f3rmula que permita reconstituir al poder judicial en base al m\u00e9rito, car\u00e1cter, prudencia, sin llegar a excesos que conduzcan a la inestabilidad de las instituciones.<\/span><\/span><\/p>\n<p style=\"font-family: Arial, Helvetica, sans-serif; color: rgb(51, 51, 51); line-height: 20px; margin-top: 10px; margin-bottom: 10px; text-align: justify;\"><span style=\"font-size:12px;\"><span style=\"font-family:verdana,geneva,sans-serif;\">En cuanto al plano econ\u00f3mico, social y ambiental, es mucho lo que est\u00e1 pendiente.<\/span><\/span><\/p>\n<p style=\"font-family: Arial, Helvetica, sans-serif; color: rgb(51, 51, 51); line-height: 20px; margin-top: 10px; margin-bottom: 10px; text-align: justify;\"><span style=\"font-size:12px;\"><span style=\"font-family:verdana,geneva,sans-serif;\">Trabajar sin descanso por una naci\u00f3n sostenible, desde la perspectiva de los recursos naturales.<\/span><\/span><\/p>\n<p style=\"font-family: Arial, Helvetica, sans-serif; color: rgb(51, 51, 51); line-height: 20px; margin-top: 10px; margin-bottom: 10px; text-align: justify;\"><span style=\"font-size:12px;\"><span style=\"font-family:verdana,geneva,sans-serif;\">Consolidar la seguridad social para ponerla al alcance de todos, con servicios de calidad. Ajustar el C\u00f3digo de Trabajo para darle la flexibilidad que le falta. Poner en aplicaci\u00f3n plena las leyes de migraci\u00f3n y revertir la invasi\u00f3n pasiva de inmigrantes ilegales, aplicando la cl\u00e1usula 80-20 contenida en el C\u00f3digo del Trabajo.<\/span><\/span><\/p>\n<p style=\"font-family: Arial, Helvetica, sans-serif; color: rgb(51, 51, 51); line-height: 20px; margin-top: 10px; margin-bottom: 10px; text-align: justify;\"><span style=\"font-size:12px;\"><span style=\"font-family:verdana,geneva,sans-serif;\">Reformar el sistema de transporte de carga y pasajeros.<\/span><\/span><\/p>\n<p style=\"font-family: Arial, Helvetica, sans-serif; color: rgb(51, 51, 51); line-height: 20px; margin-top: 10px; margin-bottom: 10px; text-align: justify;\"><span style=\"font-size:12px;\"><span style=\"font-family:verdana,geneva,sans-serif;\">Terminar de resolver los problemas del sistema el\u00e9ctrico, mediante la decisi\u00f3n de eliminar las p\u00e9rdidas no t\u00e9cnicas y perseguir la eficiencia. La electricidad debe dejar de ser un servicio sometido a la pr\u00e9dica populista.<\/span><\/span><\/p>\n<p style=\"font-family: Arial, Helvetica, sans-serif; color: rgb(51, 51, 51); line-height: 20px; margin-top: 10px; margin-bottom: 10px; text-align: justify;\"><span style=\"font-size:12px;\"><span style=\"font-family:verdana,geneva,sans-serif;\">Acabar con el pozo sin fondo de la deuda cuasi fiscal por medio del uso de recursos p\u00fablicos para la extinci\u00f3n de la fuente que la origina, la emisi\u00f3n de certificados por parte del Banco Central.<\/span><\/span><\/p>\n<p style=\"font-family: Arial, Helvetica, sans-serif; color: rgb(51, 51, 51); line-height: 20px; margin-top: 10px; margin-bottom: 10px; text-align: justify;\"><span style=\"font-size:12px;\"><span style=\"font-family:verdana,geneva,sans-serif;\">Acometer la reforma fiscal, tanto por el lado del ingreso como del gasto, con miras a imponer un modelo econ\u00f3mico orientado a las exportaciones, competitivo e incluyente.<\/span><\/span><\/p>\n<p style=\"font-family: Arial, Helvetica, sans-serif; color: rgb(51, 51, 51); line-height: 20px; margin-top: 10px; margin-bottom: 10px; text-align: justify;\"><span style=\"font-size:12px;\"><span style=\"font-family:verdana,geneva,sans-serif;\">El futuro ser\u00e1 lo que acordemos hoy que llegue a ser.<\/span><\/span><\/p>\n<div class=\"pvc_clear\"><\/div>\n<p class=\"pvc_stats all \" data-element-id=\"20649\" style=\"\"><i class=\"pvc-stats-icon medium\" aria-hidden=\"true\"><svg aria-hidden=\"true\" focusable=\"false\" data-prefix=\"far\" data-icon=\"chart-bar\" role=\"img\" xmlns=\"http:\/\/www.w3.org\/2000\/svg\" viewBox=\"0 0 512 512\" class=\"svg-inline--fa fa-chart-bar fa-w-16 fa-2x\"><path fill=\"currentColor\" d=\"M396.8 352h22.4c6.4 0 12.8-6.4 12.8-12.8V108.8c0-6.4-6.4-12.8-12.8-12.8h-22.4c-6.4 0-12.8 6.4-12.8 12.8v230.4c0 6.4 6.4 12.8 12.8 12.8zm-192 0h22.4c6.4 0 12.8-6.4 12.8-12.8V140.8c0-6.4-6.4-12.8-12.8-12.8h-22.4c-6.4 0-12.8 6.4-12.8 12.8v198.4c0 6.4 6.4 12.8 12.8 12.8zm96 0h22.4c6.4 0 12.8-6.4 12.8-12.8V204.8c0-6.4-6.4-12.8-12.8-12.8h-22.4c-6.4 0-12.8 6.4-12.8 12.8v134.4c0 6.4 6.4 12.8 12.8 12.8zM496 400H48V80c0-8.84-7.16-16-16-16H16C7.16 64 0 71.16 0 80v336c0 17.67 14.33 32 32 32h464c8.84 0 16-7.16 16-16v-16c0-8.84-7.16-16-16-16zm-387.2-48h22.4c6.4 0 12.8-6.4 12.8-12.8v-70.4c0-6.4-6.4-12.8-12.8-12.8h-22.4c-6.4 0-12.8 6.4-12.8 12.8v70.4c0 6.4 6.4 12.8 12.8 12.8z\" class=\"\"><\/path><\/svg><\/i> Vistas Totales&nbsp;263&nbsp;, Vistas Hoy&nbsp;6&nbsp;<\/p>\n<div class=\"pvc_clear\"><\/div>\n","protected":false},"excerpt":{"rendered":"<p>Autor: Eduardo Garc\u00eda MichelFecha: 18 de julio del 2017Extra\u00eddo de diariolibre.comLa otra salida a la crisis de credibilidad, es la concertaci\u00f3n de un pacto de largo alcance que cubra el espectro pol\u00edtico institucional, econ\u00f3mico y social.<\/p>\n<div class=\"pvc_clear\"><\/div>\n<p class=\"pvc_stats all \" data-element-id=\"20649\" style=\"\"><i class=\"pvc-stats-icon medium\" aria-hidden=\"true\"><svg aria-hidden=\"true\" focusable=\"false\" data-prefix=\"far\" data-icon=\"chart-bar\" role=\"img\" xmlns=\"http:\/\/www.w3.org\/2000\/svg\" viewBox=\"0 0 512 512\" class=\"svg-inline--fa fa-chart-bar fa-w-16 fa-2x\"><path fill=\"currentColor\" d=\"M396.8 352h22.4c6.4 0 12.8-6.4 12.8-12.8V108.8c0-6.4-6.4-12.8-12.8-12.8h-22.4c-6.4 0-12.8 6.4-12.8 12.8v230.4c0 6.4 6.4 12.8 12.8 12.8zm-192 0h22.4c6.4 0 12.8-6.4 12.8-12.8V140.8c0-6.4-6.4-12.8-12.8-12.8h-22.4c-6.4 0-12.8 6.4-12.8 12.8v198.4c0 6.4 6.4 12.8 12.8 12.8zm96 0h22.4c6.4 0 12.8-6.4 12.8-12.8V204.8c0-6.4-6.4-12.8-12.8-12.8h-22.4c-6.4 0-12.8 6.4-12.8 12.8v134.4c0 6.4 6.4 12.8 12.8 12.8zM496 400H48V80c0-8.84-7.16-16-16-16H16C7.16 64 0 71.16 0 80v336c0 17.67 14.33 32 32 32h464c8.84 0 16-7.16 16-16v-16c0-8.84-7.16-16-16-16zm-387.2-48h22.4c6.4 0 12.8-6.4 12.8-12.8v-70.4c0-6.4-6.4-12.8-12.8-12.8h-22.4c-6.4 0-12.8 6.4-12.8 12.8v70.4c0 6.4 6.4 12.8 12.8 12.8z\" class=\"\"><\/path><\/svg><\/i> Vistas Totales&nbsp;263&nbsp;, Vistas Hoy&nbsp;6&nbsp;<\/p>\n<div class=\"pvc_clear\"><\/div>\n","protected":false},"author":2,"featured_media":0,"comment_status":"open","ping_status":"open","sticky":false,"template":"","format":"standard","meta":{"footnotes":""},"categories":[21],"tags":[],"class_list":["post-20649","post","type-post","status-publish","format-standard","hentry","category-blog"],"yoast_head":"<!-- This site is optimized with the Yoast SEO plugin v25.2 - https:\/\/yoast.com\/wordpress\/plugins\/seo\/ -->\n<title>Tensi\u00f3n y vac\u00edo (3 de 3) | CREES<\/title>\n<meta name=\"robots\" content=\"index, follow, max-snippet:-1, max-image-preview:large, max-video-preview:-1\" \/>\n<link rel=\"canonical\" href=\"https:\/\/crees.org.do\/?p=20649\" \/>\n<meta property=\"og:locale\" content=\"es_ES\" \/>\n<meta property=\"og:type\" content=\"article\" \/>\n<meta property=\"og:title\" content=\"Tensi\u00f3n y vac\u00edo (3 de 3) | CREES\" \/>\n<meta property=\"og:description\" content=\"Autor: Eduardo Garc\u00eda MichelFecha: 18 de julio del 2017Extra\u00eddo de diariolibre.comLa otra salida a la crisis de credibilidad, es la concertaci\u00f3n de un pacto de largo alcance que cubra el espectro pol\u00edtico institucional, econ\u00f3mico y social.\" \/>\n<meta property=\"og:url\" content=\"https:\/\/crees.org.do\/?p=20649\" \/>\n<meta property=\"og:site_name\" content=\"CREES\" \/>\n<meta property=\"article:publisher\" content=\"https:\/\/www.facebook.com\/CREESRD\/\" \/>\n<meta property=\"article:published_time\" content=\"2017-01-01T00:00:00+00:00\" \/>\n<meta property=\"og:image\" content=\"https:\/\/crees.org.do\/wp-content\/uploads\/2022\/03\/crees-logo-1.jpg\" \/>\n\t<meta property=\"og:image:width\" content=\"244\" \/>\n\t<meta property=\"og:image:height\" content=\"71\" \/>\n\t<meta property=\"og:image:type\" content=\"image\/jpeg\" \/>\n<meta name=\"author\" content=\"Crees\" \/>\n<meta name=\"twitter:card\" content=\"summary_large_image\" \/>\n<meta name=\"twitter:creator\" content=\"@CREESRD\" \/>\n<meta name=\"twitter:site\" content=\"@CREESRD\" \/>\n<meta name=\"twitter:label1\" content=\"Escrito por\" \/>\n\t<meta name=\"twitter:data1\" content=\"Crees\" \/>\n\t<meta name=\"twitter:label2\" content=\"Tiempo de lectura\" \/>\n\t<meta name=\"twitter:data2\" content=\"5 minutos\" \/>\n<script type=\"application\/ld+json\" class=\"yoast-schema-graph\">{\"@context\":\"https:\/\/schema.org\",\"@graph\":[{\"@type\":\"Article\",\"@id\":\"https:\/\/crees.org.do\/?p=20649#article\",\"isPartOf\":{\"@id\":\"https:\/\/crees.org.do\/?p=20649\"},\"author\":{\"name\":\"Crees\",\"@id\":\"https:\/\/crees.org.do\/#\/schema\/person\/e7f97cd94d7bf9cd0e0ce30acb7d56b8\"},\"headline\":\"Tensi\u00f3n y vac\u00edo (3 de 3)\",\"datePublished\":\"2017-01-01T00:00:00+00:00\",\"mainEntityOfPage\":{\"@id\":\"https:\/\/crees.org.do\/?p=20649\"},\"wordCount\":915,\"commentCount\":0,\"publisher\":{\"@id\":\"https:\/\/crees.org.do\/#organization\"},\"articleSection\":[\"Blog\"],\"inLanguage\":\"es\"},{\"@type\":\"WebPage\",\"@id\":\"https:\/\/crees.org.do\/?p=20649\",\"url\":\"https:\/\/crees.org.do\/?p=20649\",\"name\":\"Tensi\u00f3n y vac\u00edo (3 de 3) | CREES\",\"isPartOf\":{\"@id\":\"https:\/\/crees.org.do\/#website\"},\"datePublished\":\"2017-01-01T00:00:00+00:00\",\"breadcrumb\":{\"@id\":\"https:\/\/crees.org.do\/?p=20649#breadcrumb\"},\"inLanguage\":\"es\",\"potentialAction\":[{\"@type\":\"ReadAction\",\"target\":[\"https:\/\/crees.org.do\/?p=20649\"]}]},{\"@type\":\"BreadcrumbList\",\"@id\":\"https:\/\/crees.org.do\/?p=20649#breadcrumb\",\"itemListElement\":[{\"@type\":\"ListItem\",\"position\":1,\"name\":\"Portada\",\"item\":\"https:\/\/crees.org.do\/\"},{\"@type\":\"ListItem\",\"position\":2,\"name\":\"Tensi\u00f3n y vac\u00edo (3 de 3)\"}]},{\"@type\":\"WebSite\",\"@id\":\"https:\/\/crees.org.do\/#website\",\"url\":\"https:\/\/crees.org.do\/\",\"name\":\"CREES\",\"description\":\"Centro Regional de Estrategias Econ\u00f3micas Sostenibles\",\"publisher\":{\"@id\":\"https:\/\/crees.org.do\/#organization\"},\"potentialAction\":[{\"@type\":\"SearchAction\",\"target\":{\"@type\":\"EntryPoint\",\"urlTemplate\":\"https:\/\/crees.org.do\/?s={search_term_string}\"},\"query-input\":{\"@type\":\"PropertyValueSpecification\",\"valueRequired\":true,\"valueName\":\"search_term_string\"}}],\"inLanguage\":\"es\"},{\"@type\":\"Organization\",\"@id\":\"https:\/\/crees.org.do\/#organization\",\"name\":\"CREES | Centro Regional de Estrategias Econ\u00f3micas Sostenibles\",\"url\":\"https:\/\/crees.org.do\/\",\"logo\":{\"@type\":\"ImageObject\",\"inLanguage\":\"es\",\"@id\":\"https:\/\/crees.org.do\/#\/schema\/logo\/image\/\",\"url\":\"https:\/\/crees.org.do\/wp-content\/uploads\/2022\/03\/crees-logo-1.jpg\",\"contentUrl\":\"https:\/\/crees.org.do\/wp-content\/uploads\/2022\/03\/crees-logo-1.jpg\",\"width\":244,\"height\":71,\"caption\":\"CREES | Centro Regional de Estrategias Econ\u00f3micas Sostenibles\"},\"image\":{\"@id\":\"https:\/\/crees.org.do\/#\/schema\/logo\/image\/\"},\"sameAs\":[\"https:\/\/www.facebook.com\/CREESRD\/\",\"https:\/\/x.com\/CREESRD\"]},{\"@type\":\"Person\",\"@id\":\"https:\/\/crees.org.do\/#\/schema\/person\/e7f97cd94d7bf9cd0e0ce30acb7d56b8\",\"name\":\"Crees\",\"image\":{\"@type\":\"ImageObject\",\"inLanguage\":\"es\",\"@id\":\"https:\/\/crees.org.do\/#\/schema\/person\/image\/\",\"url\":\"https:\/\/secure.gravatar.com\/avatar\/390ac8f0be5d9aa046152553e2dd7011b59a512d89c150f5e5f28bb8d9a0b165?s=96&d=mm&r=g\",\"contentUrl\":\"https:\/\/secure.gravatar.com\/avatar\/390ac8f0be5d9aa046152553e2dd7011b59a512d89c150f5e5f28bb8d9a0b165?s=96&d=mm&r=g\",\"caption\":\"Crees\"},\"url\":\"https:\/\/crees.org.do\/?author=2\"}]}<\/script>\n<!-- \/ Yoast SEO plugin. -->","yoast_head_json":{"title":"Tensi\u00f3n y vac\u00edo (3 de 3) | CREES","robots":{"index":"index","follow":"follow","max-snippet":"max-snippet:-1","max-image-preview":"max-image-preview:large","max-video-preview":"max-video-preview:-1"},"canonical":"https:\/\/crees.org.do\/?p=20649","og_locale":"es_ES","og_type":"article","og_title":"Tensi\u00f3n y vac\u00edo (3 de 3) | CREES","og_description":"Autor: Eduardo Garc\u00eda MichelFecha: 18 de julio del 2017Extra\u00eddo de diariolibre.comLa otra salida a la crisis de credibilidad, es la concertaci\u00f3n de un pacto de largo alcance que cubra el espectro pol\u00edtico institucional, econ\u00f3mico y social.","og_url":"https:\/\/crees.org.do\/?p=20649","og_site_name":"CREES","article_publisher":"https:\/\/www.facebook.com\/CREESRD\/","article_published_time":"2017-01-01T00:00:00+00:00","og_image":[{"width":244,"height":71,"url":"https:\/\/crees.org.do\/wp-content\/uploads\/2022\/03\/crees-logo-1.jpg","type":"image\/jpeg"}],"author":"Crees","twitter_card":"summary_large_image","twitter_creator":"@CREESRD","twitter_site":"@CREESRD","twitter_misc":{"Escrito por":"Crees","Tiempo de lectura":"5 minutos"},"schema":{"@context":"https:\/\/schema.org","@graph":[{"@type":"Article","@id":"https:\/\/crees.org.do\/?p=20649#article","isPartOf":{"@id":"https:\/\/crees.org.do\/?p=20649"},"author":{"name":"Crees","@id":"https:\/\/crees.org.do\/#\/schema\/person\/e7f97cd94d7bf9cd0e0ce30acb7d56b8"},"headline":"Tensi\u00f3n y vac\u00edo (3 de 3)","datePublished":"2017-01-01T00:00:00+00:00","mainEntityOfPage":{"@id":"https:\/\/crees.org.do\/?p=20649"},"wordCount":915,"commentCount":0,"publisher":{"@id":"https:\/\/crees.org.do\/#organization"},"articleSection":["Blog"],"inLanguage":"es"},{"@type":"WebPage","@id":"https:\/\/crees.org.do\/?p=20649","url":"https:\/\/crees.org.do\/?p=20649","name":"Tensi\u00f3n y vac\u00edo (3 de 3) | CREES","isPartOf":{"@id":"https:\/\/crees.org.do\/#website"},"datePublished":"2017-01-01T00:00:00+00:00","breadcrumb":{"@id":"https:\/\/crees.org.do\/?p=20649#breadcrumb"},"inLanguage":"es","potentialAction":[{"@type":"ReadAction","target":["https:\/\/crees.org.do\/?p=20649"]}]},{"@type":"BreadcrumbList","@id":"https:\/\/crees.org.do\/?p=20649#breadcrumb","itemListElement":[{"@type":"ListItem","position":1,"name":"Portada","item":"https:\/\/crees.org.do\/"},{"@type":"ListItem","position":2,"name":"Tensi\u00f3n y vac\u00edo (3 de 3)"}]},{"@type":"WebSite","@id":"https:\/\/crees.org.do\/#website","url":"https:\/\/crees.org.do\/","name":"CREES","description":"Centro Regional de Estrategias Econ\u00f3micas Sostenibles","publisher":{"@id":"https:\/\/crees.org.do\/#organization"},"potentialAction":[{"@type":"SearchAction","target":{"@type":"EntryPoint","urlTemplate":"https:\/\/crees.org.do\/?s={search_term_string}"},"query-input":{"@type":"PropertyValueSpecification","valueRequired":true,"valueName":"search_term_string"}}],"inLanguage":"es"},{"@type":"Organization","@id":"https:\/\/crees.org.do\/#organization","name":"CREES | Centro Regional de Estrategias Econ\u00f3micas Sostenibles","url":"https:\/\/crees.org.do\/","logo":{"@type":"ImageObject","inLanguage":"es","@id":"https:\/\/crees.org.do\/#\/schema\/logo\/image\/","url":"https:\/\/crees.org.do\/wp-content\/uploads\/2022\/03\/crees-logo-1.jpg","contentUrl":"https:\/\/crees.org.do\/wp-content\/uploads\/2022\/03\/crees-logo-1.jpg","width":244,"height":71,"caption":"CREES | Centro Regional de Estrategias Econ\u00f3micas Sostenibles"},"image":{"@id":"https:\/\/crees.org.do\/#\/schema\/logo\/image\/"},"sameAs":["https:\/\/www.facebook.com\/CREESRD\/","https:\/\/x.com\/CREESRD"]},{"@type":"Person","@id":"https:\/\/crees.org.do\/#\/schema\/person\/e7f97cd94d7bf9cd0e0ce30acb7d56b8","name":"Crees","image":{"@type":"ImageObject","inLanguage":"es","@id":"https:\/\/crees.org.do\/#\/schema\/person\/image\/","url":"https:\/\/secure.gravatar.com\/avatar\/390ac8f0be5d9aa046152553e2dd7011b59a512d89c150f5e5f28bb8d9a0b165?s=96&d=mm&r=g","contentUrl":"https:\/\/secure.gravatar.com\/avatar\/390ac8f0be5d9aa046152553e2dd7011b59a512d89c150f5e5f28bb8d9a0b165?s=96&d=mm&r=g","caption":"Crees"},"url":"https:\/\/crees.org.do\/?author=2"}]}},"_links":{"self":[{"href":"https:\/\/crees.org.do\/index.php?rest_route=\/wp\/v2\/posts\/20649","targetHints":{"allow":["GET"]}}],"collection":[{"href":"https:\/\/crees.org.do\/index.php?rest_route=\/wp\/v2\/posts"}],"about":[{"href":"https:\/\/crees.org.do\/index.php?rest_route=\/wp\/v2\/types\/post"}],"author":[{"embeddable":true,"href":"https:\/\/crees.org.do\/index.php?rest_route=\/wp\/v2\/users\/2"}],"replies":[{"embeddable":true,"href":"https:\/\/crees.org.do\/index.php?rest_route=%2Fwp%2Fv2%2Fcomments&post=20649"}],"version-history":[{"count":0,"href":"https:\/\/crees.org.do\/index.php?rest_route=\/wp\/v2\/posts\/20649\/revisions"}],"wp:attachment":[{"href":"https:\/\/crees.org.do\/index.php?rest_route=%2Fwp%2Fv2%2Fmedia&parent=20649"}],"wp:term":[{"taxonomy":"category","embeddable":true,"href":"https:\/\/crees.org.do\/index.php?rest_route=%2Fwp%2Fv2%2Fcategories&post=20649"},{"taxonomy":"post_tag","embeddable":true,"href":"https:\/\/crees.org.do\/index.php?rest_route=%2Fwp%2Fv2%2Ftags&post=20649"}],"curies":[{"name":"wp","href":"https:\/\/api.w.org\/{rel}","templated":true}]}}