{"id":20656,"date":"2017-01-01T00:00:00","date_gmt":"2017-01-01T00:00:00","guid":{"rendered":"https:\/\/crees.org.do\/los-5-sectores-responsables-de-la-informalidad-laboral-en-rd\/"},"modified":"2017-01-01T00:00:00","modified_gmt":"2017-01-01T00:00:00","slug":"los-5-sectores-responsables-de-la-informalidad-laboral-en-rd","status":"publish","type":"post","link":"https:\/\/crees.org.do\/?p=20656","title":{"rendered":"Los 5 sectores responsables de la informalidad laboral en RD"},"content":{"rendered":"<div style=\"text-align: justify;\"><span style=\"font-size:12px;\"><span style=\"font-family:verdana,geneva,sans-serif;\">Autor: Pablo Garc\u00eda<\/span><\/span><\/div>\n<div style=\"text-align: justify;\">&nbsp;<\/div>\n<div style=\"text-align: justify;\"><span style=\"font-family: verdana, geneva, sans-serif; font-size: 12px; line-height: 1.5;\">Fecha: 18 de julio del 2017<\/span><\/div>\n<div style=\"text-align: justify;\">&nbsp;<\/div>\n<div style=\"text-align: justify;\"><span style=\"font-size:12px;\"><span style=\"font-family:verdana,geneva,sans-serif;\">Extra\u00eddo de <a href=\"https:\/\/www.eldinero.com.do\/44777\/los-cinco-sectores-responsables-de-la-informalidad-laboral-en-rd\/\">eldinero.com.do<\/a><\/span><\/span><\/div>\n<div style=\"text-align: justify;\">&nbsp;<\/div>\n<div>\n<p style=\"box-sizing: border-box; font-family: Roboto, sans-serif; line-height: 1.5; font-size: 18px; margin-bottom: 0px; padding-top: 0px; padding-bottom: 1em; color: rgb(68, 68, 68); text-align: justify;\"><span style=\"font-size:12px;\"><span style=\"font-family:verdana,geneva,sans-serif;\"><span style=\"line-height: 27px; background-color: rgb(255, 255, 255);\">El comercio al por mayor y detalle, los hoteles, bares y restaurantes; la construcci\u00f3n, el transporte y la comunicaci\u00f3n, y la agricultura figuran entre las principales actividades responsables del aumento en la informalidad laboral en Rep\u00fablica Dominicana, desde 2008 hasta 2016.<\/span><\/span><\/span><\/p>\n<p style=\"box-sizing: border-box; font-family: Roboto, sans-serif; line-height: 1.5; font-size: 18px; margin-bottom: 0px; padding-top: 0px; padding-bottom: 1em; color: rgb(68, 68, 68); text-align: justify;\"><span style=\"font-size:12px;\"><span style=\"font-family:verdana,geneva,sans-serif;\">El a\u00f1o pasado, las citadas cinco actividades econ\u00f3micas ocuparon 1,676,899 personas de los 2,317,165 trabajadores informales, equivalente al 72.3% del total de los estimados por el Banco Central (BC).<\/span><\/span><\/p>\n<p style=\"box-sizing: border-box; font-family: Roboto, sans-serif; line-height: 1.5; font-size: 18px; margin-bottom: 0px; padding-top: 0px; padding-bottom: 1em; color: rgb(68, 68, 68); text-align: justify;\"><span style=\"font-size:12px;\"><span style=\"font-family:verdana,geneva,sans-serif;\">Hasta el a\u00f1o pasado, de los 4,414,520 personas que realizaban alguna labor, remunerada o no, el sector informal representaba el 52.4%, siendo el comercio, con 613,503, la actividad que mayor cantidad empleaba, equivalente al 26.4%, de acuerdo a las estad\u00edsticas.<\/span><\/span><\/p>\n<p style=\"box-sizing: border-box; font-family: Roboto, sans-serif; line-height: 1.5; font-size: 18px; margin-bottom: 0px; padding-top: 0px; padding-bottom: 1em; color: rgb(68, 68, 68); text-align: justify;\"><span style=\"font-size:12px;\"><span style=\"font-family:verdana,geneva,sans-serif;\">Las actividades informales agrupadas bajo el rengl\u00f3n &ldquo;otros servicios&rdquo;, pasaron de 390,915 personas ocupadas en 2008 a 491,627 en 2016, equivalente a un crecimiento de 25.7% (100,712 nuevos puestos).<\/span><\/span><\/p>\n<p style=\"box-sizing: border-box; font-family: Roboto, sans-serif; line-height: 1.5; font-size: 18px; margin-bottom: 0px; padding-top: 0px; padding-bottom: 1em; color: rgb(68, 68, 68); text-align: justify;\"><span style=\"font-size:12px;\"><span style=\"font-family:verdana,geneva,sans-serif;\">A los servicios le sigue el comercio, que gener\u00f3 desde 2008 a 2016 un total de 87,811 puestos de trabajo; la construcci\u00f3n, con 36,893; los hoteles, bares y restaurantes con 27,547, el transporte y comunicaci\u00f3n con 21,478, y la agricultura 16,500, seg\u00fan el BC.<\/span><\/span><\/p>\n<p style=\"box-sizing: border-box; font-family: Roboto, sans-serif; line-height: 1.5; font-size: 18px; margin-bottom: 0px; padding-top: 0px; padding-bottom: 1em; color: rgb(68, 68, 68); text-align: justify;\"><span style=\"font-size:12px;\"><span style=\"font-family:verdana,geneva,sans-serif;\"><a data-rel=\"lightbox-0\" href=\"https:\/\/i2.wp.com\/www.eldinero.com.do\/wp-content\/uploads\/ingreso-promedio-poblacion-ocupada.jpg?ssl=1\" style=\"box-sizing: border-box; color: rgb(145, 198, 74);\"><img fetchpriority=\"high\" decoding=\"async\" alt=\"ingreso promedio poblacion ocupada\" class=\"alignright wp-image-44801\" height=\"297\" sizes=\"(max-width: 390px) 100vw, 390px\" src=\"https:\/\/crees.org.do\/wp-content\/uploads\/2021\/08\/ingreso-promedio-poblacion-ocupada.jpg\" srcset=\"https:\/\/crees.org.do\/wp-content\/uploads\/2021\/08\/ingreso-promedio-poblacion-ocupada.jpg 578w, https:\/\/crees.org.do\/wp-content\/uploads\/2021\/08\/ingreso-promedio-poblacion-ocupada.jpg 263w, https:\/\/crees.org.do\/wp-content\/uploads\/2021\/08\/ingreso-promedio-poblacion-ocupada.jpg 125w, https:\/\/crees.org.do\/wp-content\/uploads\/2021\/08\/ingreso-promedio-poblacion-ocupada.jpg 75w, https:\/\/crees.org.do\/wp-content\/uploads\/2021\/08\/ingreso-promedio-poblacion-ocupada.jpg 648w\" style=\"box-sizing: border-box; border: 1px solid rgb(203, 205, 204); vertical-align: middle; float: right; width: 400.667px; padding: 4px; margin: 2px 3px 5px 8px; display: inline; height: auto;\" width=\"390\" \/><\/a>En total, la econom\u00eda gener\u00f3 en el citado per\u00edodo 258,242 puestos informales, al pasar de 2,058,923 en 2008 a 2,317,165 el a\u00f1o pasado, para un crecimiento de 12.5%.<\/span><\/span><\/p>\n<p style=\"box-sizing: border-box; font-family: Roboto, sans-serif; line-height: 1.5; font-size: 18px; margin-bottom: 0px; padding-top: 0px; padding-bottom: 1em; color: rgb(68, 68, 68); text-align: justify;\"><span style=\"font-size:12px;\"><span style=\"font-family:verdana,geneva,sans-serif;\">Durante los \u00faltimos nueve a\u00f1os, solo la industria manufacturera ha reducido la mano de obra informal, con una baja de 30,527 puestos.<\/span><\/span><\/p>\n<p style=\"box-sizing: border-box; font-family: Roboto, sans-serif; line-height: 1.5; font-size: 18px; margin-bottom: 0px; padding-top: 0px; padding-bottom: 1em; color: rgb(68, 68, 68); text-align: justify;\"><span style=\"font-size:12px;\"><span style=\"font-family:verdana,geneva,sans-serif;\">Franklin V\u00e1squez, decano del \u00e1rea de Negocios del Instituto Tecnol\u00f3gico de Santo Domingo (Intec), recuerda que la informalidad es negativa porque crea una econom\u00eda subterr\u00e1nea, la cual no se puede medir.<\/span><\/span><\/p>\n<p style=\"box-sizing: border-box; font-family: Roboto, sans-serif; line-height: 1.5; font-size: 18px; margin-bottom: 0px; padding-top: 0px; padding-bottom: 1em; color: rgb(68, 68, 68); text-align: justify;\"><span style=\"font-size:12px;\"><span style=\"font-family:verdana,geneva,sans-serif;\">&ldquo;Puedes hacer estimaciones, pero medir exactamente no puedes y entonces est\u00e1s subestimando el PIB (producto interno bruto)&rdquo;, agrega V\u00e1squez.<\/span><\/span><\/p>\n<p style=\"box-sizing: border-box; font-family: Roboto, sans-serif; line-height: 1.5; font-size: 18px; margin-bottom: 0px; padding-top: 0px; padding-bottom: 1em; color: rgb(68, 68, 68); text-align: justify;\"><span style=\"font-size:12px;\"><span style=\"font-family:verdana,geneva,sans-serif;\">Asegura que la informalidad no es solo un fen\u00f3meno de Rep\u00fablica Dominicana, sino de toda Am\u00e9rica Latina, debido a que las estructuras productivas no generan los empleos suficientes para garantizar que la poblaci\u00f3n econ\u00f3micamente activa y el crecimiento de \u00e9sta encuentre trabajo.<\/span><\/span><\/p>\n<p style=\"box-sizing: border-box; font-family: Roboto, sans-serif; line-height: 1.5; font-size: 18px; margin-bottom: 0px; padding-top: 0px; padding-bottom: 1em; color: rgb(68, 68, 68); text-align: justify;\"><span style=\"font-size:12px;\"><span style=\"font-family:verdana,geneva,sans-serif;\">&ldquo;Yo no creo que nadie quiera ser informal, pero si t\u00fa no tienes empleo y si no hay empleos formales, algo t\u00fa tienes que hacer para sobrevivir&rdquo;, explica el docente.<\/span><\/span><\/p>\n<p style=\"box-sizing: border-box; font-family: Roboto, sans-serif; line-height: 1.5; font-size: 18px; margin-bottom: 0px; padding-top: 0px; padding-bottom: 1em; color: rgb(68, 68, 68); text-align: justify;\"><span style=\"font-size:12px;\"><span style=\"font-family:verdana,geneva,sans-serif;\">Cita como otro elemento negativo de la informalidad el hecho de que la misma se convierte en una cultura y en una carga para el Estado, que deja de cobrar los impuestos correspondientes.<\/span><\/span><\/p>\n<p style=\"box-sizing: border-box; font-family: Roboto, sans-serif; line-height: 1.5; font-size: 18px; margin-bottom: 0px; padding-top: 0px; padding-bottom: 1em; color: rgb(68, 68, 68); text-align: justify;\"><span style=\"font-size:12px;\"><span style=\"font-family:verdana,geneva,sans-serif;\">&ldquo;Las microempresas informales, b\u00e1sicamente, no pagan impuestos y se ve como una ganancia para el empresario. Pero obviamente, eso tiene elementos negativos. Se genera una cultura donde el paso de la empresa informal del padre a hijo a nieto se mantiene a trav\u00e9s del tiempo&rdquo;, expresa.<\/span><\/span><\/p>\n<h2 style=\"box-sizing: border-box; font-family: Conv_MuseoSlabRegular; font-weight: bold; line-height: normal; color: rgb(66, 66, 81); margin-top: 0px; margin-bottom: 1em; font-size: 34px; padding: 10px 0px; text-align: justify;\"><span style=\"font-size:12px;\"><span style=\"font-family:verdana,geneva,sans-serif;\">Salarios<\/span><\/span><\/h2>\n<p style=\"box-sizing: border-box; font-family: Roboto, sans-serif; line-height: 1.5; font-size: 18px; margin-bottom: 0px; padding-top: 0px; padding-bottom: 1em; color: rgb(68, 68, 68); text-align: justify;\"><span style=\"font-size:12px;\"><span style=\"font-family:verdana,geneva,sans-serif;\">Aunque los ingresos por hora en el sector formal son m\u00e1s elevados que en el informal, el ritmo de crecimiento entre ambos, desde 2008 hasta 2016 no ha sido tan marcado.<\/span><\/span><\/p>\n<p style=\"box-sizing: border-box; font-family: Roboto, sans-serif; line-height: 1.5; font-size: 18px; margin-bottom: 0px; padding-top: 0px; padding-bottom: 1em; color: rgb(68, 68, 68); text-align: justify;\"><span style=\"font-size:12px;\"><span style=\"font-family:verdana,geneva,sans-serif;\">De acuerdo a las cifras del Banco Central, el salario promedio, por hora, en el sector formal, creci\u00f3 RD$36.8 desde 2008 hasta el a\u00f1o pasado, al pasar de RD$73.3 a RD$110.1.<\/span><\/span><\/p>\n<p style=\"box-sizing: border-box; font-family: Roboto, sans-serif; line-height: 1.5; font-size: 18px; margin-bottom: 0px; padding-top: 0px; padding-bottom: 1em; color: rgb(68, 68, 68); text-align: justify;\"><span style=\"font-size:12px;\"><span style=\"font-family:verdana,geneva,sans-serif;\"><a data-rel=\"lightbox-1\" href=\"https:\/\/i1.wp.com\/www.eldinero.com.do\/wp-content\/uploads\/poblacion-ocupada-sectores.jpg?ssl=1\" style=\"box-sizing: border-box; color: rgb(145, 198, 74);\" title=\"\"><img decoding=\"async\" alt=\"poblacion ocupada sectores\" class=\"alignright size-medium wp-image-44800\" height=\"440\" sizes=\"(max-width: 359px) 100vw, 359px\" src=\"https:\/\/crees.org.do\/wp-content\/uploads\/2021\/08\/poblacion-ocupada-sectores.jpg\" srcset=\"https:\/\/crees.org.do\/wp-content\/uploads\/2021\/08\/poblacion-ocupada-sectores.jpg 359w, https:\/\/crees.org.do\/wp-content\/uploads\/2021\/08\/poblacion-ocupada-sectores.jpg 163w, https:\/\/crees.org.do\/wp-content\/uploads\/2021\/08\/poblacion-ocupada-sectores.jpg 102w, https:\/\/crees.org.do\/wp-content\/uploads\/2021\/08\/poblacion-ocupada-sectores.jpg 61w, https:\/\/crees.org.do\/wp-content\/uploads\/2021\/08\/poblacion-ocupada-sectores.jpg 649w\" style=\"box-sizing: border-box; border: 1px solid rgb(203, 205, 204); vertical-align: middle; float: right; width: 369.667px; max-width: 100%; height: auto; padding: 4px; margin: 2px 3px 5px 8px; display: inline;\" width=\"358\" \/><\/a>Sin embargo, en el informal el crecimiento promedio de los ingresos fue de RD$30.5, al pasar de RD$54.9 en 2008 a RD$85.4 en 2016.<\/span><\/span><\/p>\n<p style=\"box-sizing: border-box; font-family: Roboto, sans-serif; line-height: 1.5; font-size: 18px; margin-bottom: 0px; padding-top: 0px; padding-bottom: 1em; color: rgb(68, 68, 68); text-align: justify;\"><span style=\"font-size:12px;\"><span style=\"font-family:verdana,geneva,sans-serif;\">&ldquo;Si bien la formalidad laboral es deseable y necesaria en materia de seguridad social y el \u00e1mbito fiscal, lo m\u00e1s importante en econom\u00edas en v\u00edas de desarrollo es que la gente trabaje y se gane la vida. En el pa\u00eds muchos trabajadores deciden ser informales voluntariamente, al realizar un an\u00e1lisis costo-beneficio de sus alternativas en el sector formal&rdquo;, seg\u00fan el gobernador del BC, H\u00e9ctor Valdez Albizu, durante una reuni\u00f3n con la Uni\u00f3n Nacional de Empresarios (UNE).<\/span><\/span><\/p>\n<p style=\"box-sizing: border-box; font-family: Roboto, sans-serif; line-height: 1.5; font-size: 18px; margin-bottom: 0px; padding-top: 0px; padding-bottom: 1em; color: rgb(68, 68, 68); text-align: justify;\"><span style=\"font-size:12px;\"><span style=\"font-family:verdana,geneva,sans-serif;\">Un art\u00edculo publicado por el BC en su web, que recoge el punto de vista del funcionario, asegura adem\u00e1s que, &ldquo;en otras palabras, muchos trabajadores, debido a los bajos salarios que devengar\u00edan en el sector formal deciden voluntariamente trabajar de manera independiente en la informalidad para generar mayores ingresos&rdquo;.<\/span><\/span><\/p>\n<p style=\"box-sizing: border-box; font-family: Roboto, sans-serif; line-height: 1.5; font-size: 18px; margin-bottom: 0px; padding-top: 0px; padding-bottom: 1em; color: rgb(68, 68, 68); text-align: justify;\"><span style=\"font-size:12px;\"><span style=\"font-family:verdana,geneva,sans-serif;\">Para el vicepresidente del Centro Regional de Estrategias Econ\u00f3micas Sostenibles (Crees), Ernesto Selman, hay dos factores principales que influyen en los niveles de empleos informales: el sistema y el C\u00f3digo Tributario.<\/span><\/span><\/p>\n<p style=\"box-sizing: border-box; font-family: Roboto, sans-serif; line-height: 1.5; font-size: 18px; margin-bottom: 0px; padding-top: 0px; padding-bottom: 1em; color: rgb(68, 68, 68); text-align: justify;\"><span style=\"font-size:12px;\"><span style=\"font-family:verdana,geneva,sans-serif;\">Detalla que el sistema tributario impone &ldquo;muchas&rdquo; figuras impositivas con altas tasas, lo que promueve las transacciones informales, la evasi\u00f3n y elusi\u00f3n de impuestos.<\/span><\/span><\/p>\n<p style=\"box-sizing: border-box; font-family: Roboto, sans-serif; line-height: 1.5; font-size: 18px; margin-bottom: 0px; padding-top: 0px; padding-bottom: 1em; color: rgb(68, 68, 68); text-align: justify;\"><span style=\"font-size:12px;\"><span style=\"font-family:verdana,geneva,sans-serif;\">Mientras que el C\u00f3digo Tributario impone un alto costo laboral no salarial. &ldquo;No hablamos de lo que no est\u00e1n recibiendo los trabajadores por su salario, sino de los costos que asumen las empresas en adici\u00f3n a lo que le pagan a los trabajadores&rdquo;, explica Selman.<\/span><\/span><\/p>\n<p style=\"box-sizing: border-box; font-family: Roboto, sans-serif; line-height: 1.5; font-size: 18px; margin-bottom: 0px; padding-top: 0px; padding-bottom: 1em; color: rgb(68, 68, 68); text-align: justify;\"><span style=\"font-size:12px;\"><span style=\"font-family:verdana,geneva,sans-serif;\">Dice que parte de esos costos tienen que ver con la cesant\u00eda y elementos que se van a\u00f1adiendo al costo mismo del salario.<\/span><\/span><\/p>\n<p style=\"box-sizing: border-box; font-family: Roboto, sans-serif; line-height: 1.5; font-size: 18px; margin-bottom: 0px; padding-top: 0px; padding-bottom: 1em; color: rgb(68, 68, 68); text-align: justify;\"><span style=\"font-size:12px;\"><span style=\"font-family:verdana,geneva,sans-serif;\">El documento del BC explica que &ldquo;la informalidad en el mercado laboral dominicano es un fen\u00f3meno complejo, heterog\u00e9neo con distintas motivaciones, donde coexisten trabajadores asalariados en condiciones precarias por los bajos salarios devengados y &lsquo;cuentapropistas&rsquo; que eligen voluntariamente ser trabajadores independientes&rdquo;.<\/span><\/span><\/p>\n<p style=\"box-sizing: border-box; font-family: Roboto, sans-serif; line-height: 1.5; font-size: 18px; margin-bottom: 0px; padding-top: 0px; padding-bottom: 1em; color: rgb(68, 68, 68); text-align: justify;\"><span style=\"font-size:12px;\"><span style=\"font-family:verdana,geneva,sans-serif;\">&ldquo;Esto se explica, en parte, por el estancamiento en los salarios reales, as\u00ed como por lo dif\u00edcil, burocr\u00e1tico y costoso en t\u00e9rminos impositivos, que resulta emprender negocios en el sector formal dominicano&rdquo;, a\u00f1ade la entidad financiera.<\/span><\/span><\/p>\n<h2 style=\"box-sizing: border-box; font-family: Conv_MuseoSlabRegular; font-weight: bold; line-height: normal; color: rgb(66, 66, 81); margin-top: 0px; margin-bottom: 1em; font-size: 34px; padding: 10px 0px; text-align: justify;\"><span style=\"font-size:12px;\"><span style=\"font-family:verdana,geneva,sans-serif;\">Medidas<\/span><\/span><\/h2>\n<p style=\"box-sizing: border-box; font-family: Roboto, sans-serif; line-height: 1.5; font-size: 18px; margin-bottom: 0px; padding-top: 0px; padding-bottom: 1em; color: rgb(68, 68, 68); text-align: justify;\"><span style=\"font-size:12px;\"><span style=\"font-family:verdana,geneva,sans-serif;\">Desde el a\u00f1o 2008, el Banco Central registra 792,547 nuevas personas ocupadas, de las cuales el 32.5% (258,242) han sido empleadas por el sector informal.<\/span><\/span><\/p>\n<p style=\"box-sizing: border-box; font-family: Roboto, sans-serif; line-height: 1.5; font-size: 18px; margin-bottom: 0px; padding-top: 0px; padding-bottom: 1em; color: rgb(68, 68, 68); text-align: justify;\"><span style=\"font-size:12px;\"><span style=\"font-family:verdana,geneva,sans-serif;\">Durante el per\u00edodo 2008-2016 la administraci\u00f3n p\u00fablica ha contribuido al crecimiento de los puestos formales con 65,872, seg\u00fan el BC, aunque las estad\u00edsticas de la Tesorer\u00eda de la Seguridad Social (TSS) no concuerdan con la del banco.<\/span><\/span><\/p>\n<p style=\"box-sizing: border-box; font-family: Roboto, sans-serif; line-height: 1.5; font-size: 18px; margin-bottom: 0px; padding-top: 0px; padding-bottom: 1em; color: rgb(68, 68, 68); text-align: justify;\"><span style=\"font-size:12px;\"><span style=\"font-family:verdana,geneva,sans-serif;\">De acuerdo a la TSS, los empleados p\u00fablicos, centralizados y descentralizados, sumaban 515,484 al cierre de 2016, el 27.6% del total de empleados formales del pa\u00eds.<\/span><\/span><\/p>\n<p style=\"box-sizing: border-box; font-family: Roboto, sans-serif; line-height: 1.5; font-size: 18px; margin-bottom: 0px; padding-top: 0px; padding-bottom: 1em; color: rgb(68, 68, 68); text-align: justify;\"><span style=\"font-size:12px;\"><span style=\"font-family:verdana,geneva,sans-serif;\">El docente de Intec Franklin V\u00e1squez recomienda al Estado, para reducir la informalidad, el cambio progresivo de la estructura productiva, &ldquo;en sus ra\u00edces y pecados originales&rdquo;.<\/span><\/span><\/p>\n<p style=\"box-sizing: border-box; font-family: Roboto, sans-serif; line-height: 1.5; font-size: 18px; margin-bottom: 0px; padding-top: 0px; padding-bottom: 1em; color: rgb(68, 68, 68); text-align: justify;\">&nbsp;<\/p>\n<p style=\"box-sizing: border-box; font-family: Roboto, sans-serif; line-height: 1.5; font-size: 18px; margin-bottom: 0px; padding-top: 0px; padding-bottom: 1em; color: rgb(68, 68, 68);\"><span style=\"font-size:12px;\"><span style=\"font-family:verdana,geneva,sans-serif;\"><img decoding=\"async\" alt=\"empleos formal informal\" class=\"aligncenter size-full wp-image-44798\" height=\"540\" sizes=\"(max-width: 675px) 100vw, 675px\" src=\"https:\/\/crees.org.do\/wp-content\/uploads\/2021\/08\/empleos-formal-informal.jpg\" srcset=\"https:\/\/crees.org.do\/wp-content\/uploads\/2021\/08\/empleos-formal-informal.jpg 675w, https:\/\/crees.org.do\/wp-content\/uploads\/2021\/08\/empleos-formal-informal.jpg 251w, https:\/\/crees.org.do\/wp-content\/uploads\/2021\/08\/empleos-formal-informal.jpg 553w, https:\/\/crees.org.do\/wp-content\/uploads\/2021\/08\/empleos-formal-informal.jpg 125w, https:\/\/crees.org.do\/wp-content\/uploads\/2021\/08\/empleos-formal-informal.jpg 75w\" style=\"box-sizing: border-box; border: 1px solid rgb(203, 205, 204); vertical-align: middle; clear: both; margin: 2px auto 5px; max-width: 100%; height: auto; display: block; padding: 4px; width: 689px; text-align: justify;\" width=\"678\" \/><\/span><\/span><\/p>\n<p style=\"box-sizing: border-box; font-family: Roboto, sans-serif; line-height: 1.5; font-size: 18px; margin-bottom: 0px; padding-top: 0px; padding-bottom: 1em; color: rgb(68, 68, 68); text-align: justify;\"><br style=\"box-sizing: border-box;\" \/><span style=\"font-size:12px;\"><span style=\"font-family:verdana,geneva,sans-serif;\">&ldquo;El Estado debe promover que esos sectores informales, a trav\u00e9s de programas de financiamiento o acompa\u00f1amiento, se vayan poco a poco formalizando, pero no a trav\u00e9s del cobro de impuestos, sino del apoyo para la mejora de la productividad, lo que generar\u00eda una din\u00e1mica m\u00e1s positiva para la econom\u00eda y para los mismos empresarios&rdquo;, sugiere.<\/span><\/span><\/p>\n<p style=\"box-sizing: border-box; font-family: Roboto, sans-serif; line-height: 1.5; font-size: 18px; margin-bottom: 0px; padding-top: 0px; padding-bottom: 1em; color: rgb(68, 68, 68); text-align: justify;\"><span style=\"font-size:12px;\"><span style=\"font-family:verdana,geneva,sans-serif;\">V\u00e1squez sostiene que cuando el microempresario informal entra al sistema de la Direcci\u00f3n General de Impuestos Internos (DGII) se le aplican todos los impuestos, &ldquo;no le importa a nadie si t\u00fa puedes o no pagarlos&rdquo;. &ldquo;La gente, como no es tonto ni perezoso, simplemente no se formaliza&rdquo;, a\u00f1ade.<\/span><\/span><\/p>\n<p style=\"box-sizing: border-box; font-family: Roboto, sans-serif; line-height: 1.5; font-size: 18px; margin-bottom: 0px; padding-top: 0px; padding-bottom: 1em; color: rgb(68, 68, 68); text-align: justify;\"><span style=\"font-size:12px;\"><span style=\"font-family:verdana,geneva,sans-serif;\">Mientras que el vicepresidente del Crees, Ernesto Selman, opina que se debe reducir del 18% al 10% el impuesto a la transferencia de bienes industrializados y servicios (ITBIS), lo que eliminar\u00eda el incentivo a hacer &ldquo;transacciones por fuera&rdquo;.<\/span><\/span><\/p>\n<h2 style=\"box-sizing: border-box; font-family: Conv_MuseoSlabRegular; font-weight: bold; line-height: normal; color: rgb(66, 66, 81); margin-top: 0px; margin-bottom: 1em; font-size: 34px; padding: 10px 0px; text-align: justify;\"><span style=\"font-size:12px;\"><span style=\"font-family:verdana,geneva,sans-serif;\">Bajos ingresos<\/span><\/span><\/h2>\n<p style=\"box-sizing: border-box; font-family: Roboto, sans-serif; line-height: 1.5; font-size: 18px; margin-bottom: 0px; padding-top: 0px; padding-bottom: 1em; color: rgb(68, 68, 68); text-align: justify;\"><span style=\"font-size:12px;\"><span style=\"font-family:verdana,geneva,sans-serif;\">Para el Banco Central las razones subyacentes que explican la informalidad incluyen factores relacionados con la segmentaci\u00f3n o exclusi\u00f3n en el mercado laboral, lo que impide que trabajadores (en su mayor\u00eda de bajo nivel de preparaci\u00f3n o habilidades) se inserten en el mercado formal.<\/span><\/span><\/p>\n<p style=\"box-sizing: border-box; font-family: Roboto, sans-serif; line-height: 1.5; font-size: 18px; margin-bottom: 0px; padding-top: 0px; padding-bottom: 1em; color: rgb(68, 68, 68); text-align: justify;\"><span style=\"font-size:12px;\"><span style=\"font-family:verdana,geneva,sans-serif;\">Adem\u00e1s, apunta como un problema las regulaciones e impuestos que representan una carga onerosa para que las empresas puedan formalizarse e incentivan a la evasi\u00f3n o bien a la elusi\u00f3n de impuestos. Estas, adem\u00e1s de los bajos ingresos de los trabajadores formales, podr\u00edan ser las principales causas que contribuyen a aumentar la informalidad en Rep\u00fablica Dominicana.<\/span><\/span><\/p>\n<p style=\"box-sizing: border-box; font-family: Roboto, sans-serif; line-height: 1.5; font-size: 18px; margin-bottom: 0px; padding-top: 0px; padding-bottom: 1em; color: rgb(68, 68, 68); text-align: justify;\"><span style=\"font-size:12px;\"><span style=\"font-family:verdana,geneva,sans-serif;\">&ldquo;Los trabajadores t\u00e9cnicos del nivel medio, empleados de oficina, trabajadores de los servicios, operarios, artesanos, conductores y trabajadores no calificados, devengan en promedio ingresos por hora m\u00e1s elevados en el sector informal que el formal y en la mayor\u00eda de los casos trabajan menos horas que los formales&rdquo;, se desprende del art\u00edculo. &ldquo;Algunas consideraciones sobre la informalidad y los ingresos en el mercado laboral de Rep\u00fablica Dominicana, parte II&rdquo;, publicado en 2014.<\/span><\/span><\/p>\n<h2 style=\"box-sizing: border-box; font-family: Conv_MuseoSlabRegular; font-weight: bold; line-height: normal; color: rgb(66, 66, 81); margin-top: 0px; margin-bottom: 1em; font-size: 34px; padding: 10px 0px; text-align: justify;\"><span style=\"font-size:12px;\"><span style=\"font-family:verdana,geneva,sans-serif;\">Informalidad urbana<\/span><\/span><\/h2>\n<p style=\"box-sizing: border-box; font-family: Roboto, sans-serif; line-height: 1.5; font-size: 18px; margin-bottom: 0px; padding-top: 0px; padding-bottom: 1em; color: rgb(68, 68, 68); text-align: justify;\"><span style=\"font-size:12px;\"><span style=\"font-family:verdana,geneva,sans-serif;\">El Programa de Empleo Regional para Am\u00e9rica Latina y el Caribe (PREALC) de la Organizaci\u00f3n Internacional del Trabajo (OIT) define el sector informal como aquellos que laboran en empresas de menos de cinco empleados, trabajadores por cuenta propia o patronos que est\u00e1n en los grupos ocupacionales: agricultores y ganaderos, operadores y conductores, artesanos y operarios, comerciantes y vendedores, y asalariados no calificados, trabajadores familiares no remunerados y el servicio dom\u00e9stico.<\/span><\/span><\/p>\n<p style=\"box-sizing: border-box; font-family: Roboto, sans-serif; line-height: 1.5; font-size: 18px; margin-bottom: 0px; padding-top: 0px; padding-bottom: 1em; color: rgb(68, 68, 68); text-align: justify;\"><span style=\"font-size:12px;\"><span style=\"font-family:verdana,geneva,sans-serif;\">Utilizando ese criterio, y focalizado solo en la parte urbana, la Comisi\u00f3n Econ\u00f3mica para Am\u00e9rica Latina y el Caribe (Cepal) elabor\u00f3 un cuadro comparativo de los pa\u00edses de Am\u00e9rica Latina, en el cual Rep\u00fablica Dominicana presenta una informalidad urbana de 48.4%, superior al promedio de la regi\u00f3n, que es 46.4%.<\/span><\/span><\/p>\n<p style=\"box-sizing: border-box; font-family: Roboto, sans-serif; line-height: 1.5; font-size: 18px; margin-bottom: 0px; padding-top: 0px; padding-bottom: 1em; color: rgb(68, 68, 68); text-align: justify;\"><span style=\"font-size:12px;\"><span style=\"font-family:verdana,geneva,sans-serif;\">En dicho cuadro, Chile, Panam\u00e1, Uruguay, Argentina, Costa Rica, Brasil y M\u00e9xico tienen una informalidad urbana por debajo del promedio regional.<br style=\"box-sizing: border-box;\" \/>Mientras que la lista la encabezan Bolivia, con 57.6%, seguida de Per\u00fa (57.2%) y Guatemala (57%).<\/span><\/span><\/p>\n<\/div>\n<p>&nbsp;<\/p>\n<div class=\"pvc_clear\"><\/div>\n<p class=\"pvc_stats all \" data-element-id=\"20656\" style=\"\"><i class=\"pvc-stats-icon medium\" aria-hidden=\"true\"><svg aria-hidden=\"true\" focusable=\"false\" data-prefix=\"far\" data-icon=\"chart-bar\" role=\"img\" xmlns=\"http:\/\/www.w3.org\/2000\/svg\" viewBox=\"0 0 512 512\" class=\"svg-inline--fa fa-chart-bar fa-w-16 fa-2x\"><path fill=\"currentColor\" d=\"M396.8 352h22.4c6.4 0 12.8-6.4 12.8-12.8V108.8c0-6.4-6.4-12.8-12.8-12.8h-22.4c-6.4 0-12.8 6.4-12.8 12.8v230.4c0 6.4 6.4 12.8 12.8 12.8zm-192 0h22.4c6.4 0 12.8-6.4 12.8-12.8V140.8c0-6.4-6.4-12.8-12.8-12.8h-22.4c-6.4 0-12.8 6.4-12.8 12.8v198.4c0 6.4 6.4 12.8 12.8 12.8zm96 0h22.4c6.4 0 12.8-6.4 12.8-12.8V204.8c0-6.4-6.4-12.8-12.8-12.8h-22.4c-6.4 0-12.8 6.4-12.8 12.8v134.4c0 6.4 6.4 12.8 12.8 12.8zM496 400H48V80c0-8.84-7.16-16-16-16H16C7.16 64 0 71.16 0 80v336c0 17.67 14.33 32 32 32h464c8.84 0 16-7.16 16-16v-16c0-8.84-7.16-16-16-16zm-387.2-48h22.4c6.4 0 12.8-6.4 12.8-12.8v-70.4c0-6.4-6.4-12.8-12.8-12.8h-22.4c-6.4 0-12.8 6.4-12.8 12.8v70.4c0 6.4 6.4 12.8 12.8 12.8z\" class=\"\"><\/path><\/svg><\/i> Vistas Totales&nbsp;1,159&nbsp;, Vistas Hoy&nbsp;8&nbsp;<\/p>\n<div class=\"pvc_clear\"><\/div>\n","protected":false},"excerpt":{"rendered":"<p>Autor: Pablo Garc\u00edaFecha: 18 de julio del 2017Extra\u00eddo de eldinero.com.doEl comercio al por mayor y detalle, los hoteles, bares y restaurantes; la construcci\u00f3n, el transporte y la comunicaci\u00f3n, y la agricultura figuran entre las principales actividades responsables del aumento en la informalidad laboral en Rep\u00fablica Dominicana, desde 2008 hasta 2016<\/p>\n<div class=\"pvc_clear\"><\/div>\n<p class=\"pvc_stats all \" data-element-id=\"20656\" style=\"\"><i class=\"pvc-stats-icon medium\" aria-hidden=\"true\"><svg aria-hidden=\"true\" focusable=\"false\" data-prefix=\"far\" data-icon=\"chart-bar\" role=\"img\" xmlns=\"http:\/\/www.w3.org\/2000\/svg\" viewBox=\"0 0 512 512\" class=\"svg-inline--fa fa-chart-bar fa-w-16 fa-2x\"><path fill=\"currentColor\" d=\"M396.8 352h22.4c6.4 0 12.8-6.4 12.8-12.8V108.8c0-6.4-6.4-12.8-12.8-12.8h-22.4c-6.4 0-12.8 6.4-12.8 12.8v230.4c0 6.4 6.4 12.8 12.8 12.8zm-192 0h22.4c6.4 0 12.8-6.4 12.8-12.8V140.8c0-6.4-6.4-12.8-12.8-12.8h-22.4c-6.4 0-12.8 6.4-12.8 12.8v198.4c0 6.4 6.4 12.8 12.8 12.8zm96 0h22.4c6.4 0 12.8-6.4 12.8-12.8V204.8c0-6.4-6.4-12.8-12.8-12.8h-22.4c-6.4 0-12.8 6.4-12.8 12.8v134.4c0 6.4 6.4 12.8 12.8 12.8zM496 400H48V80c0-8.84-7.16-16-16-16H16C7.16 64 0 71.16 0 80v336c0 17.67 14.33 32 32 32h464c8.84 0 16-7.16 16-16v-16c0-8.84-7.16-16-16-16zm-387.2-48h22.4c6.4 0 12.8-6.4 12.8-12.8v-70.4c0-6.4-6.4-12.8-12.8-12.8h-22.4c-6.4 0-12.8 6.4-12.8 12.8v70.4c0 6.4 6.4 12.8 12.8 12.8z\" class=\"\"><\/path><\/svg><\/i> Vistas Totales&nbsp;1,159&nbsp;, Vistas Hoy&nbsp;8&nbsp;<\/p>\n<div class=\"pvc_clear\"><\/div>\n","protected":false},"author":2,"featured_media":0,"comment_status":"open","ping_status":"open","sticky":false,"template":"","format":"standard","meta":{"footnotes":""},"categories":[21],"tags":[],"class_list":["post-20656","post","type-post","status-publish","format-standard","hentry","category-blog"],"yoast_head":"<!-- This site is optimized with the Yoast SEO plugin v25.2 - https:\/\/yoast.com\/wordpress\/plugins\/seo\/ -->\n<title>Los 5 sectores responsables de la informalidad laboral en RD | CREES<\/title>\n<meta name=\"robots\" content=\"index, follow, max-snippet:-1, max-image-preview:large, max-video-preview:-1\" \/>\n<link rel=\"canonical\" href=\"https:\/\/crees.org.do\/?p=20656\" \/>\n<meta property=\"og:locale\" content=\"es_ES\" \/>\n<meta property=\"og:type\" content=\"article\" \/>\n<meta property=\"og:title\" content=\"Los 5 sectores responsables de la informalidad laboral en RD | CREES\" \/>\n<meta property=\"og:description\" content=\"Autor: Pablo Garc\u00edaFecha: 18 de julio del 2017Extra\u00eddo de eldinero.com.doEl comercio al por mayor y detalle, los hoteles, bares y restaurantes; la construcci\u00f3n, el transporte y la comunicaci\u00f3n, y la agricultura figuran entre las principales actividades responsables del aumento en la informalidad laboral en Rep\u00fablica Dominicana, desde 2008 hasta 2016\" \/>\n<meta property=\"og:url\" content=\"https:\/\/crees.org.do\/?p=20656\" \/>\n<meta property=\"og:site_name\" content=\"CREES\" \/>\n<meta property=\"article:publisher\" content=\"https:\/\/www.facebook.com\/CREESRD\/\" \/>\n<meta property=\"article:published_time\" content=\"2017-01-01T00:00:00+00:00\" \/>\n<meta property=\"og:image\" content=\"https:\/\/crees.org.do\/wp-content\/uploads\/2021\/08\/ingreso-promedio-poblacion-ocupada.jpg\" \/>\n<meta name=\"author\" content=\"Crees\" \/>\n<meta name=\"twitter:card\" content=\"summary_large_image\" \/>\n<meta name=\"twitter:creator\" content=\"@CREESRD\" \/>\n<meta name=\"twitter:site\" content=\"@CREESRD\" \/>\n<meta name=\"twitter:label1\" content=\"Escrito por\" \/>\n\t<meta name=\"twitter:data1\" content=\"Crees\" \/>\n\t<meta name=\"twitter:label2\" content=\"Tiempo de lectura\" \/>\n\t<meta name=\"twitter:data2\" content=\"8 minutos\" \/>\n<script type=\"application\/ld+json\" class=\"yoast-schema-graph\">{\"@context\":\"https:\/\/schema.org\",\"@graph\":[{\"@type\":\"Article\",\"@id\":\"https:\/\/crees.org.do\/?p=20656#article\",\"isPartOf\":{\"@id\":\"https:\/\/crees.org.do\/?p=20656\"},\"author\":{\"name\":\"Crees\",\"@id\":\"https:\/\/crees.org.do\/#\/schema\/person\/e7f97cd94d7bf9cd0e0ce30acb7d56b8\"},\"headline\":\"Los 5 sectores responsables de la informalidad laboral en RD\",\"datePublished\":\"2017-01-01T00:00:00+00:00\",\"mainEntityOfPage\":{\"@id\":\"https:\/\/crees.org.do\/?p=20656\"},\"wordCount\":1556,\"commentCount\":0,\"publisher\":{\"@id\":\"https:\/\/crees.org.do\/#organization\"},\"image\":{\"@id\":\"https:\/\/crees.org.do\/?p=20656#primaryimage\"},\"thumbnailUrl\":\"https:\/\/crees.org.do\/wp-content\/uploads\/2021\/08\/ingreso-promedio-poblacion-ocupada.jpg\",\"articleSection\":[\"Blog\"],\"inLanguage\":\"es\"},{\"@type\":\"WebPage\",\"@id\":\"https:\/\/crees.org.do\/?p=20656\",\"url\":\"https:\/\/crees.org.do\/?p=20656\",\"name\":\"Los 5 sectores responsables de la informalidad laboral en RD | CREES\",\"isPartOf\":{\"@id\":\"https:\/\/crees.org.do\/#website\"},\"primaryImageOfPage\":{\"@id\":\"https:\/\/crees.org.do\/?p=20656#primaryimage\"},\"image\":{\"@id\":\"https:\/\/crees.org.do\/?p=20656#primaryimage\"},\"thumbnailUrl\":\"https:\/\/crees.org.do\/wp-content\/uploads\/2021\/08\/ingreso-promedio-poblacion-ocupada.jpg\",\"datePublished\":\"2017-01-01T00:00:00+00:00\",\"breadcrumb\":{\"@id\":\"https:\/\/crees.org.do\/?p=20656#breadcrumb\"},\"inLanguage\":\"es\",\"potentialAction\":[{\"@type\":\"ReadAction\",\"target\":[\"https:\/\/crees.org.do\/?p=20656\"]}]},{\"@type\":\"ImageObject\",\"inLanguage\":\"es\",\"@id\":\"https:\/\/crees.org.do\/?p=20656#primaryimage\",\"url\":\"https:\/\/crees.org.do\/wp-content\/uploads\/2021\/08\/ingreso-promedio-poblacion-ocupada.jpg\",\"contentUrl\":\"https:\/\/crees.org.do\/wp-content\/uploads\/2021\/08\/ingreso-promedio-poblacion-ocupada.jpg\",\"width\":390,\"height\":297},{\"@type\":\"BreadcrumbList\",\"@id\":\"https:\/\/crees.org.do\/?p=20656#breadcrumb\",\"itemListElement\":[{\"@type\":\"ListItem\",\"position\":1,\"name\":\"Portada\",\"item\":\"https:\/\/crees.org.do\/\"},{\"@type\":\"ListItem\",\"position\":2,\"name\":\"Los 5 sectores responsables de la informalidad laboral en RD\"}]},{\"@type\":\"WebSite\",\"@id\":\"https:\/\/crees.org.do\/#website\",\"url\":\"https:\/\/crees.org.do\/\",\"name\":\"CREES\",\"description\":\"Centro Regional de Estrategias Econ\u00f3micas Sostenibles\",\"publisher\":{\"@id\":\"https:\/\/crees.org.do\/#organization\"},\"potentialAction\":[{\"@type\":\"SearchAction\",\"target\":{\"@type\":\"EntryPoint\",\"urlTemplate\":\"https:\/\/crees.org.do\/?s={search_term_string}\"},\"query-input\":{\"@type\":\"PropertyValueSpecification\",\"valueRequired\":true,\"valueName\":\"search_term_string\"}}],\"inLanguage\":\"es\"},{\"@type\":\"Organization\",\"@id\":\"https:\/\/crees.org.do\/#organization\",\"name\":\"CREES | Centro Regional de Estrategias Econ\u00f3micas Sostenibles\",\"url\":\"https:\/\/crees.org.do\/\",\"logo\":{\"@type\":\"ImageObject\",\"inLanguage\":\"es\",\"@id\":\"https:\/\/crees.org.do\/#\/schema\/logo\/image\/\",\"url\":\"https:\/\/crees.org.do\/wp-content\/uploads\/2022\/03\/crees-logo-1.jpg\",\"contentUrl\":\"https:\/\/crees.org.do\/wp-content\/uploads\/2022\/03\/crees-logo-1.jpg\",\"width\":244,\"height\":71,\"caption\":\"CREES | Centro Regional de Estrategias Econ\u00f3micas Sostenibles\"},\"image\":{\"@id\":\"https:\/\/crees.org.do\/#\/schema\/logo\/image\/\"},\"sameAs\":[\"https:\/\/www.facebook.com\/CREESRD\/\",\"https:\/\/x.com\/CREESRD\"]},{\"@type\":\"Person\",\"@id\":\"https:\/\/crees.org.do\/#\/schema\/person\/e7f97cd94d7bf9cd0e0ce30acb7d56b8\",\"name\":\"Crees\",\"image\":{\"@type\":\"ImageObject\",\"inLanguage\":\"es\",\"@id\":\"https:\/\/crees.org.do\/#\/schema\/person\/image\/\",\"url\":\"https:\/\/secure.gravatar.com\/avatar\/390ac8f0be5d9aa046152553e2dd7011b59a512d89c150f5e5f28bb8d9a0b165?s=96&d=mm&r=g\",\"contentUrl\":\"https:\/\/secure.gravatar.com\/avatar\/390ac8f0be5d9aa046152553e2dd7011b59a512d89c150f5e5f28bb8d9a0b165?s=96&d=mm&r=g\",\"caption\":\"Crees\"},\"url\":\"https:\/\/crees.org.do\/?author=2\"}]}<\/script>\n<!-- \/ Yoast SEO plugin. -->","yoast_head_json":{"title":"Los 5 sectores responsables de la informalidad laboral en RD | CREES","robots":{"index":"index","follow":"follow","max-snippet":"max-snippet:-1","max-image-preview":"max-image-preview:large","max-video-preview":"max-video-preview:-1"},"canonical":"https:\/\/crees.org.do\/?p=20656","og_locale":"es_ES","og_type":"article","og_title":"Los 5 sectores responsables de la informalidad laboral en RD | CREES","og_description":"Autor: Pablo Garc\u00edaFecha: 18 de julio del 2017Extra\u00eddo de eldinero.com.doEl comercio al por mayor y detalle, los hoteles, bares y restaurantes; la construcci\u00f3n, el transporte y la comunicaci\u00f3n, y la agricultura figuran entre las principales actividades responsables del aumento en la informalidad laboral en Rep\u00fablica Dominicana, desde 2008 hasta 2016","og_url":"https:\/\/crees.org.do\/?p=20656","og_site_name":"CREES","article_publisher":"https:\/\/www.facebook.com\/CREESRD\/","article_published_time":"2017-01-01T00:00:00+00:00","og_image":[{"url":"https:\/\/crees.org.do\/wp-content\/uploads\/2021\/08\/ingreso-promedio-poblacion-ocupada.jpg","type":"","width":"","height":""}],"author":"Crees","twitter_card":"summary_large_image","twitter_creator":"@CREESRD","twitter_site":"@CREESRD","twitter_misc":{"Escrito por":"Crees","Tiempo de lectura":"8 minutos"},"schema":{"@context":"https:\/\/schema.org","@graph":[{"@type":"Article","@id":"https:\/\/crees.org.do\/?p=20656#article","isPartOf":{"@id":"https:\/\/crees.org.do\/?p=20656"},"author":{"name":"Crees","@id":"https:\/\/crees.org.do\/#\/schema\/person\/e7f97cd94d7bf9cd0e0ce30acb7d56b8"},"headline":"Los 5 sectores responsables de la informalidad laboral en RD","datePublished":"2017-01-01T00:00:00+00:00","mainEntityOfPage":{"@id":"https:\/\/crees.org.do\/?p=20656"},"wordCount":1556,"commentCount":0,"publisher":{"@id":"https:\/\/crees.org.do\/#organization"},"image":{"@id":"https:\/\/crees.org.do\/?p=20656#primaryimage"},"thumbnailUrl":"https:\/\/crees.org.do\/wp-content\/uploads\/2021\/08\/ingreso-promedio-poblacion-ocupada.jpg","articleSection":["Blog"],"inLanguage":"es"},{"@type":"WebPage","@id":"https:\/\/crees.org.do\/?p=20656","url":"https:\/\/crees.org.do\/?p=20656","name":"Los 5 sectores responsables de la informalidad laboral en RD | CREES","isPartOf":{"@id":"https:\/\/crees.org.do\/#website"},"primaryImageOfPage":{"@id":"https:\/\/crees.org.do\/?p=20656#primaryimage"},"image":{"@id":"https:\/\/crees.org.do\/?p=20656#primaryimage"},"thumbnailUrl":"https:\/\/crees.org.do\/wp-content\/uploads\/2021\/08\/ingreso-promedio-poblacion-ocupada.jpg","datePublished":"2017-01-01T00:00:00+00:00","breadcrumb":{"@id":"https:\/\/crees.org.do\/?p=20656#breadcrumb"},"inLanguage":"es","potentialAction":[{"@type":"ReadAction","target":["https:\/\/crees.org.do\/?p=20656"]}]},{"@type":"ImageObject","inLanguage":"es","@id":"https:\/\/crees.org.do\/?p=20656#primaryimage","url":"https:\/\/crees.org.do\/wp-content\/uploads\/2021\/08\/ingreso-promedio-poblacion-ocupada.jpg","contentUrl":"https:\/\/crees.org.do\/wp-content\/uploads\/2021\/08\/ingreso-promedio-poblacion-ocupada.jpg","width":390,"height":297},{"@type":"BreadcrumbList","@id":"https:\/\/crees.org.do\/?p=20656#breadcrumb","itemListElement":[{"@type":"ListItem","position":1,"name":"Portada","item":"https:\/\/crees.org.do\/"},{"@type":"ListItem","position":2,"name":"Los 5 sectores responsables de la informalidad laboral en RD"}]},{"@type":"WebSite","@id":"https:\/\/crees.org.do\/#website","url":"https:\/\/crees.org.do\/","name":"CREES","description":"Centro Regional de Estrategias Econ\u00f3micas Sostenibles","publisher":{"@id":"https:\/\/crees.org.do\/#organization"},"potentialAction":[{"@type":"SearchAction","target":{"@type":"EntryPoint","urlTemplate":"https:\/\/crees.org.do\/?s={search_term_string}"},"query-input":{"@type":"PropertyValueSpecification","valueRequired":true,"valueName":"search_term_string"}}],"inLanguage":"es"},{"@type":"Organization","@id":"https:\/\/crees.org.do\/#organization","name":"CREES | Centro Regional de Estrategias Econ\u00f3micas Sostenibles","url":"https:\/\/crees.org.do\/","logo":{"@type":"ImageObject","inLanguage":"es","@id":"https:\/\/crees.org.do\/#\/schema\/logo\/image\/","url":"https:\/\/crees.org.do\/wp-content\/uploads\/2022\/03\/crees-logo-1.jpg","contentUrl":"https:\/\/crees.org.do\/wp-content\/uploads\/2022\/03\/crees-logo-1.jpg","width":244,"height":71,"caption":"CREES | Centro Regional de Estrategias Econ\u00f3micas Sostenibles"},"image":{"@id":"https:\/\/crees.org.do\/#\/schema\/logo\/image\/"},"sameAs":["https:\/\/www.facebook.com\/CREESRD\/","https:\/\/x.com\/CREESRD"]},{"@type":"Person","@id":"https:\/\/crees.org.do\/#\/schema\/person\/e7f97cd94d7bf9cd0e0ce30acb7d56b8","name":"Crees","image":{"@type":"ImageObject","inLanguage":"es","@id":"https:\/\/crees.org.do\/#\/schema\/person\/image\/","url":"https:\/\/secure.gravatar.com\/avatar\/390ac8f0be5d9aa046152553e2dd7011b59a512d89c150f5e5f28bb8d9a0b165?s=96&d=mm&r=g","contentUrl":"https:\/\/secure.gravatar.com\/avatar\/390ac8f0be5d9aa046152553e2dd7011b59a512d89c150f5e5f28bb8d9a0b165?s=96&d=mm&r=g","caption":"Crees"},"url":"https:\/\/crees.org.do\/?author=2"}]}},"_links":{"self":[{"href":"https:\/\/crees.org.do\/index.php?rest_route=\/wp\/v2\/posts\/20656","targetHints":{"allow":["GET"]}}],"collection":[{"href":"https:\/\/crees.org.do\/index.php?rest_route=\/wp\/v2\/posts"}],"about":[{"href":"https:\/\/crees.org.do\/index.php?rest_route=\/wp\/v2\/types\/post"}],"author":[{"embeddable":true,"href":"https:\/\/crees.org.do\/index.php?rest_route=\/wp\/v2\/users\/2"}],"replies":[{"embeddable":true,"href":"https:\/\/crees.org.do\/index.php?rest_route=%2Fwp%2Fv2%2Fcomments&post=20656"}],"version-history":[{"count":0,"href":"https:\/\/crees.org.do\/index.php?rest_route=\/wp\/v2\/posts\/20656\/revisions"}],"wp:attachment":[{"href":"https:\/\/crees.org.do\/index.php?rest_route=%2Fwp%2Fv2%2Fmedia&parent=20656"}],"wp:term":[{"taxonomy":"category","embeddable":true,"href":"https:\/\/crees.org.do\/index.php?rest_route=%2Fwp%2Fv2%2Fcategories&post=20656"},{"taxonomy":"post_tag","embeddable":true,"href":"https:\/\/crees.org.do\/index.php?rest_route=%2Fwp%2Fv2%2Ftags&post=20656"}],"curies":[{"name":"wp","href":"https:\/\/api.w.org\/{rel}","templated":true}]}}