{"id":20661,"date":"2017-01-01T00:00:00","date_gmt":"2017-01-01T00:00:00","guid":{"rendered":"https:\/\/crees.org.do\/pago-de-intereses-de-deuda-en-el-ano-2018-equivaldra-a-un-3-3-del-pib\/"},"modified":"2017-01-01T00:00:00","modified_gmt":"2017-01-01T00:00:00","slug":"pago-de-intereses-de-deuda-en-el-ano-2018-equivaldra-a-un-3-3-del-pib","status":"publish","type":"post","link":"https:\/\/crees.org.do\/?p=20661","title":{"rendered":"Pago de intereses de deuda en el a\u00f1o 2018 equivaldr\u00e1 a un 3.3% del PIB"},"content":{"rendered":"<div mlnid=\"idcon=8550937;order=4.1\">\n<p style=\"text-align: justify;\"><span style=\"font-size: 12px;\"><span style=\"font-family: verdana, geneva, sans-serif;\">Autor: Suhelis Tejero<\/span><\/span><\/p>\n<p style=\"text-align: justify;\"><span style=\"font-size: 12px;\"><span style=\"font-family: verdana, geneva, sans-serif;\">Fecha: 27 de julio del 2017<\/span><\/span><\/p>\n<p style=\"text-align: justify;\"><span style=\"font-size: 12px;\"><span style=\"font-family: verdana, geneva, sans-serif;\">Extra\u00eddo de&nbsp;<a href=\"https:\/\/www.diariolibre.com\/economia\/pago-de-intereses-de-deuda-en-el-ano-2018-equivaldra-a-un-3-3-del-pib-KN7719963\">diariolibre.com<\/a><\/span><\/span><\/p>\n<p style=\"text-align: justify;\"><span style=\"font-family: verdana, geneva, sans-serif; font-size: 12px; line-height: 1.5;\">El monto que el gobierno calcula que se deber\u00e1 destinar en 2018 para el pago de los intereses por la deuda p\u00fablica, tanto interna como externa, representar\u00e1 3.3% del Producto Interno Bruto (PIB), levemente por encima del 3.2% del PIB que se dispondr\u00e1 este a\u00f1o para tal fin.<\/span><\/p>\n<p style=\"text-align: justify;\"><span style=\"font-size: 12px;\"><span style=\"font-family: verdana, geneva, sans-serif;\">En total, la Direcci\u00f3n General de Presupuesto calcul\u00f3 en el &ldquo;Informe de Avance de las Proyecciones Macroecon\u00f3micas y Fiscales 2018&rdquo;, que el gasto en pago de intereses ser\u00e1 de RD$126,644.5 millones ese a\u00f1o, lo que equivale a 18.6% de los egresos de 2018, que la instituci\u00f3n presupuestaria propone que asciendan a RD$679,920.5 millones. Esa porci\u00f3n del gasto que se calcula para cancelar deuda p\u00fablica incluye s\u00f3lo el pago de intereses, no de amortizaciones.<\/span><\/span><\/p>\n<p style=\"text-align: justify;\"><span style=\"font-size: 12px;\"><span style=\"font-family: verdana, geneva, sans-serif;\">El documento advierte que para el per\u00edodo 2019-2021 se estima que el pago de intereses de la deuda ascienda a 3.5% del PIB.<\/span><\/span><\/p>\n<p style=\"text-align: justify;\"><span style=\"font-size: 12px;\"><span style=\"font-family: verdana, geneva, sans-serif;\">Ese progresivo ascenso de los compromisos es lo que preocupa a algunos economistas, como al director de Investigaciones del Centro Regional de Estrategias Econ\u00f3micas Sostenibles (CREES), Miguel Collado Di Franco, quien cree que el nivel de deuda inquieta, sobre todo a futuro, por el peso que tendr\u00e1n los requerimientos de pago de capital e intereses de deuda sobre los ingresos de divisas del pa\u00eds.<\/span><\/span><\/p>\n<p style=\"text-align: justify;\"><span style=\"font-size: 12px;\"><span style=\"font-family: verdana, geneva, sans-serif;\">Pero, por los momentos, no duda de la capacidad del pa\u00eds de cumplir con sus compromisos financieros. &ldquo;S\u00ed hay capacidad de pagos. Lo preocupante, en realidad, es la tendencia de la deuda&rdquo;, dijo.<\/span><\/span><\/p>\n<p style=\"text-align: justify;\"><span style=\"font-size: 12px;\"><span style=\"font-family: verdana, geneva, sans-serif;\">Hasta mayo, la del Sector P\u00fablico No Financiero (SPNF) equival\u00eda a 38.3% del PIB. Moody&rsquo;s, que en d\u00edas pasados mejor\u00f3 la calificaci\u00f3n de riesgo de Rep\u00fablica Dominicana a Ba3, dijo en el informe que no esperaba una reducci\u00f3n significativa de la deuda y, m\u00e1s bien proyect\u00f3 que cerrar\u00eda el a\u00f1o en 38.7% del PIB. Para 2018 la calcula en 39% del PIB.<\/span><\/span><\/p>\n<p style=\"text-align: justify;\"><strong><span style=\"font-size: 12px;\"><span style=\"font-family: verdana, geneva, sans-serif;\">Reservas suficientes<\/span><\/span><\/strong><\/p>\n<\/div>\n<div mlnid=\"idcon=8550937;order=4.8\">\n<p style=\"text-align: justify;\"><span style=\"font-size: 12px;\"><span style=\"font-family: verdana, geneva, sans-serif;\">Esta semana se pagan los rendimientos semestrales de los bonos soberanos 2024, 2025, 2026, 2027, 2044 y 2045, m\u00e1s otros compromisos de deuda interna, que entre todos suman unos US$400 millones, seg\u00fan los datos oficiales.<\/span><\/span><\/p>\n<p style=\"text-align: justify;\"><span style=\"font-size: 12px;\"><span style=\"font-family: verdana, geneva, sans-serif;\">En un a\u00f1o, las reservas internacionales -los ahorros en d\u00f3lares con los que los pa\u00edses hacen frente a compromisos en monedas extranjeras, como la deuda externa y las importaciones- han crecido 22.9%, el mayor alza en cinco a\u00f1os. Para el cierre de junio, sumaban US$6,512.8 millones, seg\u00fan datos del Banco Central de la Rep\u00fablica Dominicana.<\/span><\/span><\/p>\n<p style=\"text-align: justify;\"><span style=\"font-size: 12px;\"><span style=\"font-family: verdana, geneva, sans-serif;\">Recientemente, el ministro de Hacienda, Donald Guerrero, ha dicho que el riesgo de la econom\u00eda es la recaudaci\u00f3n, no la deuda. Pero el de Econom\u00eda, Isidoro Santana, ha mostrado inquietud, porque cada vez m\u00e1s recursos se comprometen en el pago del servicio de la deuda.<\/span><\/span><\/p>\n<div>&nbsp;<\/div>\n<\/div>\n<p>&nbsp;<\/p>\n<div class=\"pvc_clear\"><\/div>\n<p class=\"pvc_stats all \" data-element-id=\"20661\" style=\"\"><i class=\"pvc-stats-icon medium\" aria-hidden=\"true\"><svg aria-hidden=\"true\" focusable=\"false\" data-prefix=\"far\" data-icon=\"chart-bar\" role=\"img\" xmlns=\"http:\/\/www.w3.org\/2000\/svg\" viewBox=\"0 0 512 512\" class=\"svg-inline--fa fa-chart-bar fa-w-16 fa-2x\"><path fill=\"currentColor\" d=\"M396.8 352h22.4c6.4 0 12.8-6.4 12.8-12.8V108.8c0-6.4-6.4-12.8-12.8-12.8h-22.4c-6.4 0-12.8 6.4-12.8 12.8v230.4c0 6.4 6.4 12.8 12.8 12.8zm-192 0h22.4c6.4 0 12.8-6.4 12.8-12.8V140.8c0-6.4-6.4-12.8-12.8-12.8h-22.4c-6.4 0-12.8 6.4-12.8 12.8v198.4c0 6.4 6.4 12.8 12.8 12.8zm96 0h22.4c6.4 0 12.8-6.4 12.8-12.8V204.8c0-6.4-6.4-12.8-12.8-12.8h-22.4c-6.4 0-12.8 6.4-12.8 12.8v134.4c0 6.4 6.4 12.8 12.8 12.8zM496 400H48V80c0-8.84-7.16-16-16-16H16C7.16 64 0 71.16 0 80v336c0 17.67 14.33 32 32 32h464c8.84 0 16-7.16 16-16v-16c0-8.84-7.16-16-16-16zm-387.2-48h22.4c6.4 0 12.8-6.4 12.8-12.8v-70.4c0-6.4-6.4-12.8-12.8-12.8h-22.4c-6.4 0-12.8 6.4-12.8 12.8v70.4c0 6.4 6.4 12.8 12.8 12.8z\" class=\"\"><\/path><\/svg><\/i> Vistas Totales&nbsp;266&nbsp;, Vistas Hoy&nbsp;2&nbsp;<\/p>\n<div class=\"pvc_clear\"><\/div>\n","protected":false},"excerpt":{"rendered":"<p>Autor: Suhelis TejeroFecha: 27 de julio del 2017Extra\u00eddo de diariolibre.comEl monto que el gobierno calcula que se deber\u00e1 destinar en 2018 para el pago de los intereses por la deuda p\u00fablica, tanto interna como externa, representar\u00e1 3.3% del Producto Interno Bruto (PIB), levemente por encima del 3.2% del PIB que se dispondr\u00e1 este a\u00f1o para tal fin.<\/p>\n<div class=\"pvc_clear\"><\/div>\n<p class=\"pvc_stats all \" data-element-id=\"20661\" style=\"\"><i class=\"pvc-stats-icon medium\" aria-hidden=\"true\"><svg aria-hidden=\"true\" focusable=\"false\" data-prefix=\"far\" data-icon=\"chart-bar\" role=\"img\" xmlns=\"http:\/\/www.w3.org\/2000\/svg\" viewBox=\"0 0 512 512\" class=\"svg-inline--fa fa-chart-bar fa-w-16 fa-2x\"><path fill=\"currentColor\" d=\"M396.8 352h22.4c6.4 0 12.8-6.4 12.8-12.8V108.8c0-6.4-6.4-12.8-12.8-12.8h-22.4c-6.4 0-12.8 6.4-12.8 12.8v230.4c0 6.4 6.4 12.8 12.8 12.8zm-192 0h22.4c6.4 0 12.8-6.4 12.8-12.8V140.8c0-6.4-6.4-12.8-12.8-12.8h-22.4c-6.4 0-12.8 6.4-12.8 12.8v198.4c0 6.4 6.4 12.8 12.8 12.8zm96 0h22.4c6.4 0 12.8-6.4 12.8-12.8V204.8c0-6.4-6.4-12.8-12.8-12.8h-22.4c-6.4 0-12.8 6.4-12.8 12.8v134.4c0 6.4 6.4 12.8 12.8 12.8zM496 400H48V80c0-8.84-7.16-16-16-16H16C7.16 64 0 71.16 0 80v336c0 17.67 14.33 32 32 32h464c8.84 0 16-7.16 16-16v-16c0-8.84-7.16-16-16-16zm-387.2-48h22.4c6.4 0 12.8-6.4 12.8-12.8v-70.4c0-6.4-6.4-12.8-12.8-12.8h-22.4c-6.4 0-12.8 6.4-12.8 12.8v70.4c0 6.4 6.4 12.8 12.8 12.8z\" class=\"\"><\/path><\/svg><\/i> Vistas Totales&nbsp;266&nbsp;, Vistas Hoy&nbsp;2&nbsp;<\/p>\n<div class=\"pvc_clear\"><\/div>\n","protected":false},"author":2,"featured_media":0,"comment_status":"open","ping_status":"open","sticky":false,"template":"","format":"standard","meta":{"footnotes":""},"categories":[21],"tags":[],"class_list":["post-20661","post","type-post","status-publish","format-standard","hentry","category-blog"],"yoast_head":"<!-- This site is optimized with the Yoast SEO plugin v25.2 - https:\/\/yoast.com\/wordpress\/plugins\/seo\/ -->\n<title>Pago de intereses de deuda en el a\u00f1o 2018 equivaldr\u00e1 a un 3.3% del PIB | CREES<\/title>\n<meta name=\"robots\" content=\"index, follow, max-snippet:-1, max-image-preview:large, max-video-preview:-1\" \/>\n<link rel=\"canonical\" href=\"https:\/\/crees.org.do\/?p=20661\" \/>\n<meta property=\"og:locale\" content=\"es_ES\" \/>\n<meta property=\"og:type\" content=\"article\" \/>\n<meta property=\"og:title\" content=\"Pago de intereses de deuda en el a\u00f1o 2018 equivaldr\u00e1 a un 3.3% del PIB | CREES\" \/>\n<meta property=\"og:description\" content=\"Autor: Suhelis TejeroFecha: 27 de julio del 2017Extra\u00eddo de diariolibre.comEl monto que el gobierno calcula que se deber\u00e1 destinar en 2018 para el pago de los intereses por la deuda p\u00fablica, tanto interna como externa, representar\u00e1 3.3% del Producto Interno Bruto (PIB), levemente por encima del 3.2% del PIB que se dispondr\u00e1 este a\u00f1o para tal fin.\" \/>\n<meta property=\"og:url\" content=\"https:\/\/crees.org.do\/?p=20661\" \/>\n<meta property=\"og:site_name\" content=\"CREES\" \/>\n<meta property=\"article:publisher\" content=\"https:\/\/www.facebook.com\/CREESRD\/\" \/>\n<meta property=\"article:published_time\" content=\"2017-01-01T00:00:00+00:00\" \/>\n<meta property=\"og:image\" content=\"https:\/\/crees.org.do\/wp-content\/uploads\/2022\/03\/crees-logo-1.jpg\" \/>\n\t<meta property=\"og:image:width\" content=\"244\" \/>\n\t<meta property=\"og:image:height\" content=\"71\" \/>\n\t<meta property=\"og:image:type\" content=\"image\/jpeg\" \/>\n<meta name=\"author\" content=\"Crees\" \/>\n<meta name=\"twitter:card\" content=\"summary_large_image\" \/>\n<meta name=\"twitter:creator\" content=\"@CREESRD\" \/>\n<meta name=\"twitter:site\" content=\"@CREESRD\" \/>\n<meta name=\"twitter:label1\" content=\"Escrito por\" \/>\n\t<meta name=\"twitter:data1\" content=\"Crees\" \/>\n\t<meta name=\"twitter:label2\" content=\"Tiempo de lectura\" \/>\n\t<meta name=\"twitter:data2\" content=\"2 minutos\" \/>\n<script type=\"application\/ld+json\" class=\"yoast-schema-graph\">{\"@context\":\"https:\/\/schema.org\",\"@graph\":[{\"@type\":\"Article\",\"@id\":\"https:\/\/crees.org.do\/?p=20661#article\",\"isPartOf\":{\"@id\":\"https:\/\/crees.org.do\/?p=20661\"},\"author\":{\"name\":\"Crees\",\"@id\":\"https:\/\/crees.org.do\/#\/schema\/person\/e7f97cd94d7bf9cd0e0ce30acb7d56b8\"},\"headline\":\"Pago de intereses de deuda en el a\u00f1o 2018 equivaldr\u00e1 a un 3.3% del PIB\",\"datePublished\":\"2017-01-01T00:00:00+00:00\",\"mainEntityOfPage\":{\"@id\":\"https:\/\/crees.org.do\/?p=20661\"},\"wordCount\":492,\"commentCount\":0,\"publisher\":{\"@id\":\"https:\/\/crees.org.do\/#organization\"},\"articleSection\":[\"Blog\"],\"inLanguage\":\"es\"},{\"@type\":\"WebPage\",\"@id\":\"https:\/\/crees.org.do\/?p=20661\",\"url\":\"https:\/\/crees.org.do\/?p=20661\",\"name\":\"Pago de intereses de deuda en el a\u00f1o 2018 equivaldr\u00e1 a un 3.3% del PIB | CREES\",\"isPartOf\":{\"@id\":\"https:\/\/crees.org.do\/#website\"},\"datePublished\":\"2017-01-01T00:00:00+00:00\",\"breadcrumb\":{\"@id\":\"https:\/\/crees.org.do\/?p=20661#breadcrumb\"},\"inLanguage\":\"es\",\"potentialAction\":[{\"@type\":\"ReadAction\",\"target\":[\"https:\/\/crees.org.do\/?p=20661\"]}]},{\"@type\":\"BreadcrumbList\",\"@id\":\"https:\/\/crees.org.do\/?p=20661#breadcrumb\",\"itemListElement\":[{\"@type\":\"ListItem\",\"position\":1,\"name\":\"Portada\",\"item\":\"https:\/\/crees.org.do\/\"},{\"@type\":\"ListItem\",\"position\":2,\"name\":\"Pago de intereses de deuda en el a\u00f1o 2018 equivaldr\u00e1 a un 3.3% del PIB\"}]},{\"@type\":\"WebSite\",\"@id\":\"https:\/\/crees.org.do\/#website\",\"url\":\"https:\/\/crees.org.do\/\",\"name\":\"CREES\",\"description\":\"Centro Regional de Estrategias Econ\u00f3micas Sostenibles\",\"publisher\":{\"@id\":\"https:\/\/crees.org.do\/#organization\"},\"potentialAction\":[{\"@type\":\"SearchAction\",\"target\":{\"@type\":\"EntryPoint\",\"urlTemplate\":\"https:\/\/crees.org.do\/?s={search_term_string}\"},\"query-input\":{\"@type\":\"PropertyValueSpecification\",\"valueRequired\":true,\"valueName\":\"search_term_string\"}}],\"inLanguage\":\"es\"},{\"@type\":\"Organization\",\"@id\":\"https:\/\/crees.org.do\/#organization\",\"name\":\"CREES | Centro Regional de Estrategias Econ\u00f3micas Sostenibles\",\"url\":\"https:\/\/crees.org.do\/\",\"logo\":{\"@type\":\"ImageObject\",\"inLanguage\":\"es\",\"@id\":\"https:\/\/crees.org.do\/#\/schema\/logo\/image\/\",\"url\":\"https:\/\/crees.org.do\/wp-content\/uploads\/2022\/03\/crees-logo-1.jpg\",\"contentUrl\":\"https:\/\/crees.org.do\/wp-content\/uploads\/2022\/03\/crees-logo-1.jpg\",\"width\":244,\"height\":71,\"caption\":\"CREES | Centro Regional de Estrategias Econ\u00f3micas Sostenibles\"},\"image\":{\"@id\":\"https:\/\/crees.org.do\/#\/schema\/logo\/image\/\"},\"sameAs\":[\"https:\/\/www.facebook.com\/CREESRD\/\",\"https:\/\/x.com\/CREESRD\"]},{\"@type\":\"Person\",\"@id\":\"https:\/\/crees.org.do\/#\/schema\/person\/e7f97cd94d7bf9cd0e0ce30acb7d56b8\",\"name\":\"Crees\",\"image\":{\"@type\":\"ImageObject\",\"inLanguage\":\"es\",\"@id\":\"https:\/\/crees.org.do\/#\/schema\/person\/image\/\",\"url\":\"https:\/\/secure.gravatar.com\/avatar\/390ac8f0be5d9aa046152553e2dd7011b59a512d89c150f5e5f28bb8d9a0b165?s=96&d=mm&r=g\",\"contentUrl\":\"https:\/\/secure.gravatar.com\/avatar\/390ac8f0be5d9aa046152553e2dd7011b59a512d89c150f5e5f28bb8d9a0b165?s=96&d=mm&r=g\",\"caption\":\"Crees\"},\"url\":\"https:\/\/crees.org.do\/?author=2\"}]}<\/script>\n<!-- \/ Yoast SEO plugin. -->","yoast_head_json":{"title":"Pago de intereses de deuda en el a\u00f1o 2018 equivaldr\u00e1 a un 3.3% del PIB | CREES","robots":{"index":"index","follow":"follow","max-snippet":"max-snippet:-1","max-image-preview":"max-image-preview:large","max-video-preview":"max-video-preview:-1"},"canonical":"https:\/\/crees.org.do\/?p=20661","og_locale":"es_ES","og_type":"article","og_title":"Pago de intereses de deuda en el a\u00f1o 2018 equivaldr\u00e1 a un 3.3% del PIB | CREES","og_description":"Autor: Suhelis TejeroFecha: 27 de julio del 2017Extra\u00eddo de diariolibre.comEl monto que el gobierno calcula que se deber\u00e1 destinar en 2018 para el pago de los intereses por la deuda p\u00fablica, tanto interna como externa, representar\u00e1 3.3% del Producto Interno Bruto (PIB), levemente por encima del 3.2% del PIB que se dispondr\u00e1 este a\u00f1o para tal fin.","og_url":"https:\/\/crees.org.do\/?p=20661","og_site_name":"CREES","article_publisher":"https:\/\/www.facebook.com\/CREESRD\/","article_published_time":"2017-01-01T00:00:00+00:00","og_image":[{"width":244,"height":71,"url":"https:\/\/crees.org.do\/wp-content\/uploads\/2022\/03\/crees-logo-1.jpg","type":"image\/jpeg"}],"author":"Crees","twitter_card":"summary_large_image","twitter_creator":"@CREESRD","twitter_site":"@CREESRD","twitter_misc":{"Escrito por":"Crees","Tiempo de lectura":"2 minutos"},"schema":{"@context":"https:\/\/schema.org","@graph":[{"@type":"Article","@id":"https:\/\/crees.org.do\/?p=20661#article","isPartOf":{"@id":"https:\/\/crees.org.do\/?p=20661"},"author":{"name":"Crees","@id":"https:\/\/crees.org.do\/#\/schema\/person\/e7f97cd94d7bf9cd0e0ce30acb7d56b8"},"headline":"Pago de intereses de deuda en el a\u00f1o 2018 equivaldr\u00e1 a un 3.3% del PIB","datePublished":"2017-01-01T00:00:00+00:00","mainEntityOfPage":{"@id":"https:\/\/crees.org.do\/?p=20661"},"wordCount":492,"commentCount":0,"publisher":{"@id":"https:\/\/crees.org.do\/#organization"},"articleSection":["Blog"],"inLanguage":"es"},{"@type":"WebPage","@id":"https:\/\/crees.org.do\/?p=20661","url":"https:\/\/crees.org.do\/?p=20661","name":"Pago de intereses de deuda en el a\u00f1o 2018 equivaldr\u00e1 a un 3.3% del PIB | CREES","isPartOf":{"@id":"https:\/\/crees.org.do\/#website"},"datePublished":"2017-01-01T00:00:00+00:00","breadcrumb":{"@id":"https:\/\/crees.org.do\/?p=20661#breadcrumb"},"inLanguage":"es","potentialAction":[{"@type":"ReadAction","target":["https:\/\/crees.org.do\/?p=20661"]}]},{"@type":"BreadcrumbList","@id":"https:\/\/crees.org.do\/?p=20661#breadcrumb","itemListElement":[{"@type":"ListItem","position":1,"name":"Portada","item":"https:\/\/crees.org.do\/"},{"@type":"ListItem","position":2,"name":"Pago de intereses de deuda en el a\u00f1o 2018 equivaldr\u00e1 a un 3.3% del PIB"}]},{"@type":"WebSite","@id":"https:\/\/crees.org.do\/#website","url":"https:\/\/crees.org.do\/","name":"CREES","description":"Centro Regional de Estrategias Econ\u00f3micas Sostenibles","publisher":{"@id":"https:\/\/crees.org.do\/#organization"},"potentialAction":[{"@type":"SearchAction","target":{"@type":"EntryPoint","urlTemplate":"https:\/\/crees.org.do\/?s={search_term_string}"},"query-input":{"@type":"PropertyValueSpecification","valueRequired":true,"valueName":"search_term_string"}}],"inLanguage":"es"},{"@type":"Organization","@id":"https:\/\/crees.org.do\/#organization","name":"CREES | Centro Regional de Estrategias Econ\u00f3micas Sostenibles","url":"https:\/\/crees.org.do\/","logo":{"@type":"ImageObject","inLanguage":"es","@id":"https:\/\/crees.org.do\/#\/schema\/logo\/image\/","url":"https:\/\/crees.org.do\/wp-content\/uploads\/2022\/03\/crees-logo-1.jpg","contentUrl":"https:\/\/crees.org.do\/wp-content\/uploads\/2022\/03\/crees-logo-1.jpg","width":244,"height":71,"caption":"CREES | Centro Regional de Estrategias Econ\u00f3micas Sostenibles"},"image":{"@id":"https:\/\/crees.org.do\/#\/schema\/logo\/image\/"},"sameAs":["https:\/\/www.facebook.com\/CREESRD\/","https:\/\/x.com\/CREESRD"]},{"@type":"Person","@id":"https:\/\/crees.org.do\/#\/schema\/person\/e7f97cd94d7bf9cd0e0ce30acb7d56b8","name":"Crees","image":{"@type":"ImageObject","inLanguage":"es","@id":"https:\/\/crees.org.do\/#\/schema\/person\/image\/","url":"https:\/\/secure.gravatar.com\/avatar\/390ac8f0be5d9aa046152553e2dd7011b59a512d89c150f5e5f28bb8d9a0b165?s=96&d=mm&r=g","contentUrl":"https:\/\/secure.gravatar.com\/avatar\/390ac8f0be5d9aa046152553e2dd7011b59a512d89c150f5e5f28bb8d9a0b165?s=96&d=mm&r=g","caption":"Crees"},"url":"https:\/\/crees.org.do\/?author=2"}]}},"_links":{"self":[{"href":"https:\/\/crees.org.do\/index.php?rest_route=\/wp\/v2\/posts\/20661","targetHints":{"allow":["GET"]}}],"collection":[{"href":"https:\/\/crees.org.do\/index.php?rest_route=\/wp\/v2\/posts"}],"about":[{"href":"https:\/\/crees.org.do\/index.php?rest_route=\/wp\/v2\/types\/post"}],"author":[{"embeddable":true,"href":"https:\/\/crees.org.do\/index.php?rest_route=\/wp\/v2\/users\/2"}],"replies":[{"embeddable":true,"href":"https:\/\/crees.org.do\/index.php?rest_route=%2Fwp%2Fv2%2Fcomments&post=20661"}],"version-history":[{"count":0,"href":"https:\/\/crees.org.do\/index.php?rest_route=\/wp\/v2\/posts\/20661\/revisions"}],"wp:attachment":[{"href":"https:\/\/crees.org.do\/index.php?rest_route=%2Fwp%2Fv2%2Fmedia&parent=20661"}],"wp:term":[{"taxonomy":"category","embeddable":true,"href":"https:\/\/crees.org.do\/index.php?rest_route=%2Fwp%2Fv2%2Fcategories&post=20661"},{"taxonomy":"post_tag","embeddable":true,"href":"https:\/\/crees.org.do\/index.php?rest_route=%2Fwp%2Fv2%2Ftags&post=20661"}],"curies":[{"name":"wp","href":"https:\/\/api.w.org\/{rel}","templated":true}]}}