{"id":20673,"date":"2017-01-01T00:00:00","date_gmt":"2017-01-01T00:00:00","guid":{"rendered":"https:\/\/crees.org.do\/el-fantasma-de-la-deuda-publica\/"},"modified":"2017-01-01T00:00:00","modified_gmt":"2017-01-01T00:00:00","slug":"el-fantasma-de-la-deuda-publica","status":"publish","type":"post","link":"https:\/\/crees.org.do\/?p=20673","title":{"rendered":"El fantasma de la deuda p\u00fablica"},"content":{"rendered":"<div class=\"text\" mlnid=\"idcon=8878168;order=9.0\" style=\"color: rgb(0, 0, 0); font-family: Times; font-size: medium; line-height: normal;\">\n<p style=\"font-family: Arial, Helvetica, sans-serif; font-size: 14px; color: rgb(51, 51, 51); line-height: 20px; margin-top: 10px; margin-bottom: 10px; text-align: justify;\"><span style=\"font-size:12px;\"><span style=\"font-family:verdana,geneva,sans-serif;\">Autor: &nbsp;Alejandro Fern\u00e1ndez W.<\/span><\/span><\/p>\n<p style=\"font-family: Arial, Helvetica, sans-serif; font-size: 14px; color: rgb(51, 51, 51); line-height: 20px; margin-top: 10px; margin-bottom: 10px; text-align: justify;\"><span style=\"font-size:12px;\"><span style=\"font-family:verdana,geneva,sans-serif;\">Fecha: 28 de septiembre del 2017<\/span><\/span><\/p>\n<p style=\"font-family: Arial, Helvetica, sans-serif; font-size: 14px; color: rgb(51, 51, 51); line-height: 20px; margin-top: 10px; margin-bottom: 10px; text-align: justify;\"><span style=\"font-size:12px;\"><span style=\"font-family:verdana,geneva,sans-serif;\">Extra\u00eddo de&nbsp;<a href=\"https:\/\/www.diariolibre.com\/economia\/argentarium\/el-fantasma-de-la-deuda-publica-DF8263072\">diariolibre.com<\/a><\/span><\/span><\/p>\n<p style=\"font-family: Arial, Helvetica, sans-serif; font-size: 14px; color: rgb(51, 51, 51); line-height: 20px; margin-top: 10px; margin-bottom: 10px; text-align: justify;\">&nbsp;<\/p>\n<p style=\"font-family: Arial, Helvetica, sans-serif; font-size: 14px; color: rgb(51, 51, 51); line-height: 20px; margin-top: 10px; margin-bottom: 10px; text-align: justify;\"><span style=\"font-size:12px;\"><span style=\"font-family:verdana,geneva,sans-serif;\">El tiempo, insisto, vuela. Nuevamente discutiremos las implicaciones del futuro de las finanzas p\u00fablicas de nuestro pa\u00eds, a&nbsp;<\/span><\/span><span style=\"font-family: verdana, geneva, sans-serif; font-size: 12px;\">ra\u00edz del presupuesto general para 2018. Otra vez, lamentablemente, con un continuo d\u00e9ficit fiscal, seguir\u00e1 en aumento la deuda p\u00fablica que usted, sus hijos, nietos y bisnietos pagar\u00e1n.<\/span><\/p>\n<p style=\"font-family: Arial, Helvetica, sans-serif; font-size: 14px; color: rgb(51, 51, 51); line-height: 20px; margin-top: 10px; margin-bottom: 10px; text-align: justify;\"><span style=\"font-size:12px;\"><span style=\"font-family:verdana,geneva,sans-serif;\">M\u00e1s all\u00e1 de las discusiones sobre su sostenibilidad o no, desde los inicios de esta columna hemos observado el impacto que la deuda p\u00fablica tiene sobre los balances de la banca y el desplazamiento (&ldquo;crowding-out&rdquo;) que ocurre cuando se financia al Ministerio de Hacienda y no, por ejemplo, a los sectores productivos.<\/span><\/span><\/p>\n<p style=\"font-family: Arial, Helvetica, sans-serif; font-size: 14px; color: rgb(51, 51, 51); line-height: 20px; margin-top: 10px; margin-bottom: 10px; text-align: justify;\"><span style=\"font-size:12px;\"><span style=\"font-family:verdana,geneva,sans-serif;\">En t\u00e9rminos absolutos, el nivel de financiamiento de la banca a favor del gobierno dominicano lleg\u00f3 a su punto m\u00e1s alto este a\u00f1o, al alcanzar los RD$185 mil millones. Hablamos del &ldquo;gobierno&rdquo; y no del Estado, pues exclu\u00edmos de nuestros an\u00e1lisis los t\u00edtulos del Banco Central de la Rep\u00fablica Dominicana.<\/span><\/span><\/p>\n<p style=\"font-family: Arial, Helvetica, sans-serif; font-size: 14px; color: rgb(51, 51, 51); line-height: 20px; margin-top: 10px; margin-bottom: 10px; text-align: justify;\"><span style=\"font-size:12px;\"><span style=\"font-family:verdana,geneva,sans-serif;\">Observe la cifra r\u00e9cord en la primera gr\u00e1fica, donde podr\u00e1 apreciar c\u00f3mo se ha canalizado este cr\u00e9dito. Cada vez m\u00e1s es por v\u00eda de la adquisici\u00f3n de t\u00edtulos de Hacienda y no, como tradicionalmente ocurr\u00eda, por desembolosos de contratos de pr\u00e9stamos desde el Reservas y de otros bancos.<\/span><\/span><\/p>\n<p style=\"font-family: Arial, Helvetica, sans-serif; font-size: 14px; color: rgb(51, 51, 51); line-height: 20px; margin-top: 10px; margin-bottom: 10px; text-align: justify;\"><span style=\"font-size:12px;\"><span style=\"font-family:verdana,geneva,sans-serif;\">Hace cinco a\u00f1os, en 2012, la escalada alcista del cr\u00e9dito p\u00fablico en la banca preocupaba a muchos, significativamente al Fondo Monetario Internacional que en el 2013 emiti\u00f3 la alerta que publicamos otra vez en la cita de arriba.<\/span><\/span><\/p>\n<p style=\"font-family: Arial, Helvetica, sans-serif; font-size: 14px; color: rgb(51, 51, 51); line-height: 20px; margin-top: 10px; margin-bottom: 10px; text-align: justify;\"><span style=\"font-size:12px;\"><span style=\"font-family:verdana,geneva,sans-serif;\">Si bien es cierto que llama la atenci\u00f3n el aumento que se ha generado desde entonces, al pasar de RD$116 mil millones a RD$179 mil millones, en la segunda gr\u00e1fica vemos que, en t\u00e9rminos relativos al patrimonio bancario, las cifras m\u00e1s recientes, tanto del cr\u00e9dito p\u00fablico bruto como del neto, han mejorado al bajar de 95% al 87% y de 58% al 41%, respectivamente.<\/span><\/span><\/p>\n<p style=\"font-family: Arial, Helvetica, sans-serif; font-size: 14px; color: rgb(51, 51, 51); line-height: 20px; margin-top: 10px; margin-bottom: 10px; text-align: justify;\"><span style=\"font-size:12px;\"><span style=\"font-family:verdana,geneva,sans-serif;\">Pienso, sin embargo, que la mejora en t\u00e9rminos relativos es, hasta cierto punto, enga\u00f1osa. Como vemos en la cifra destacada, a trav\u00e9s del Fideicomiso RD V\u00edal se ha acumulado una deuda de casi RD$25 mil millones con la banca dominicana.<\/span><\/span><\/p>\n<p style=\"font-family: Arial, Helvetica, sans-serif; font-size: 14px; color: rgb(51, 51, 51); line-height: 20px; margin-top: 10px; margin-bottom: 10px; text-align: justify;\"><span style=\"font-size:12px;\"><span style=\"font-family:verdana,geneva,sans-serif;\">Aunque para fines estad\u00edsticos no es considerada deuda propiamente &ldquo;p\u00fablica&rdquo;, de hecho lo es. Sume este monto y ver\u00e1 que es muy poco lo avanzado en cuanto a limitar la exposici\u00f3n real de la banca al endeudamiento p\u00fablico.<\/span><\/span><\/p>\n<p style=\"font-family: Arial, Helvetica, sans-serif; font-size: 14px; color: rgb(51, 51, 51); line-height: 20px; margin-top: 10px; margin-bottom: 10px; text-align: justify;\"><span style=\"font-size:12px;\"><span style=\"font-family:verdana,geneva,sans-serif;\">Adicione a lo anterior la exposici\u00f3n a t\u00edtulos del Banco Central directamente desde la banca, e indirectamente al Banco Central y el Ministerio de Hacienda con nuestros fondos de pensiones y entender\u00e1 mejor el por qu\u00e9 urge una real consolidaci\u00f3n de las finanzas p\u00fablicas, no en el 2028 sino en el 2018.<\/span><\/span><\/p>\n<p style=\"font-family: Arial, Helvetica, sans-serif; font-size: 14px; color: rgb(51, 51, 51); line-height: 20px; margin-top: 10px; margin-bottom: 10px; text-align: justify;\"><span style=\"font-size:12px;\"><span style=\"font-family:verdana,geneva,sans-serif;\">Si el ejercicio se le hace teorico, invito a ponderar nuestra \u00faltima gr\u00e1fica. En los \u00faltimos diez a\u00f1os, el gobierno dominicano ha recibido m\u00e1s de RD$147 mil millones en cr\u00e9dito bancario adicional.<\/span><\/span><\/p>\n<p style=\"font-family: Arial, Helvetica, sans-serif; font-size: 14px; color: rgb(51, 51, 51); line-height: 20px; margin-top: 10px; margin-bottom: 10px; text-align: justify;\"><span style=\"font-size:12px;\"><span style=\"font-family:verdana,geneva,sans-serif;\">Ese aumento en el cr\u00e9dito p\u00fablico es igual al apoyo adicional que los sectores productivos como la construcci\u00f3n, el turismo, la industria, la agricultura y la microempresa, que suman m\u00e1s del 35% del PIB, recibieron en igual per\u00edodo.<\/span><\/span><\/p>\n<p style=\"font-family: Arial, Helvetica, sans-serif; font-size: 14px; color: rgb(51, 51, 51); line-height: 20px; margin-top: 10px; margin-bottom: 10px; text-align: justify;\"><span style=\"font-size:12px;\"><span style=\"font-family:verdana,geneva,sans-serif;\">Si el ahorro nacional debe canalizarse para apoyar a los verdaderos creadores de riquezas, valor y empleo sostenible en una econom\u00eda, &iquest;de verdad pensamos repetir lo transcurrido en la \u00faltima d\u00e9cada en la que viene? A este paso, para all\u00e1 es que vamos. Lamentablemente.<\/span><\/span><\/p>\n<\/div>\n<div class=\"infografia\" style=\"color: rgb(0, 0, 0); font-family: Times; font-size: medium; line-height: normal;\">\n<div frame=\"image_infographic\" style=\"margin: 0px auto; vertical-align: middle; width: 600px; height: 396px; text-align: justify;\"><span style=\"font-size:12px;\"><span style=\"font-family:verdana,geneva,sans-serif;\"><img fetchpriority=\"high\" decoding=\"async\" alt=\"Image\" class=\"lazyloaded\" data-srcset=\"\/\/www.diariolibre.com\/binrepository\/600x396\/0c0\/0d0\/none\/10904\/AGFU\/image_content_8878164_20170927204618.jpg 600w\" height=\"396\" itercontenttypein=\"Infografia\" itercontenttypeout=\"Infografia\" iterimgid=\"8878164\" src=\"data:image\/svg+xml;charset=utf-8,%3Csvg%20xmlns%3D'http%3A%2F%2Fwww.w3.org%2F2000%2Fsvg'%20viewBox%3D'0%200%20600%20396'%2F%3E\" srcset=\"\/\/www.diariolibre.com\/binrepository\/600x396\/0c0\/0d0\/none\/10904\/AGFU\/image_content_8878164_20170927204618.jpg 600w\" width=\"600\" \/><\/span><\/span><\/div>\n<\/div>\n<div class=\"infografia\" style=\"color: rgb(0, 0, 0); font-family: Times; font-size: medium; line-height: normal;\">\n<div frame=\"image_infographic\" style=\"margin: 0px auto; vertical-align: middle; width: 600px; height: 396px; text-align: justify;\"><span style=\"font-size:12px;\"><span style=\"font-family:verdana,geneva,sans-serif;\"><img decoding=\"async\" alt=\"Image\" class=\"lazyloaded\" data-srcset=\"\/\/www.diariolibre.com\/binrepository\/600x396\/0c0\/0d0\/none\/10904\/FGFU\/image_content_8878163_20170927204618.jpg 600w\" height=\"396\" itercontenttypein=\"Infografia\" itercontenttypeout=\"Infografia\" iterimgid=\"8878163\" src=\"data:image\/svg+xml;charset=utf-8,%3Csvg%20xmlns%3D'http%3A%2F%2Fwww.w3.org%2F2000%2Fsvg'%20viewBox%3D'0%200%20600%20396'%2F%3E\" srcset=\"\/\/www.diariolibre.com\/binrepository\/600x396\/0c0\/0d0\/none\/10904\/FGFU\/image_content_8878163_20170927204618.jpg 600w\" width=\"600\" \/><\/span><\/span><\/div>\n<\/div>\n<div class=\"infografia\" style=\"color: rgb(0, 0, 0); font-family: Times; font-size: medium; line-height: normal;\">\n<div frame=\"image_infographic\" style=\"margin: 0px auto; vertical-align: middle; width: 600px; height: 396px; text-align: justify;\"><span style=\"font-size:12px;\"><span style=\"font-family:verdana,geneva,sans-serif;\"><img decoding=\"async\" alt=\"Image\" class=\"lazyloaded\" data-srcset=\"\/\/www.diariolibre.com\/binrepository\/600x396\/0c0\/0d0\/none\/10904\/GGFU\/image_content_8878162_20170927204618.jpg 600w\" height=\"396\" itercontenttypein=\"Infografia\" itercontenttypeout=\"Infografia\" iterimgid=\"8878162\" src=\"data:image\/svg+xml;charset=utf-8,%3Csvg%20xmlns%3D'http%3A%2F%2Fwww.w3.org%2F2000%2Fsvg'%20viewBox%3D'0%200%20600%20396'%2F%3E\" srcset=\"\/\/www.diariolibre.com\/binrepository\/600x396\/0c0\/0d0\/none\/10904\/GGFU\/image_content_8878162_20170927204618.jpg 600w\" width=\"600\" \/><\/span><\/span><\/div>\n<\/div>\n<div class=\"infografia\" style=\"color: rgb(0, 0, 0); font-family: Times; font-size: medium; line-height: normal;\">\n<div frame=\"image_infographic\" style=\"margin: 0px auto; vertical-align: middle; width: 600px; height: 396px; text-align: justify;\"><span style=\"font-size:12px;\"><span style=\"font-family:verdana,geneva,sans-serif;\"><img loading=\"lazy\" decoding=\"async\" alt=\"Image\" class=\"lazyloaded\" data-srcset=\"\/\/www.diariolibre.com\/binrepository\/600x396\/0c0\/0d0\/none\/10904\/DGFU\/image_content_8878161_20170927204618.jpg 600w\" height=\"396\" itercontenttypein=\"Infografia\" itercontenttypeout=\"Infografia\" iterimgid=\"8878161\" src=\"data:image\/svg+xml;charset=utf-8,%3Csvg%20xmlns%3D'http%3A%2F%2Fwww.w3.org%2F2000%2Fsvg'%20viewBox%3D'0%200%20600%20396'%2F%3E\" srcset=\"\/\/www.diariolibre.com\/binrepository\/600x396\/0c0\/0d0\/none\/10904\/DGFU\/image_content_8878161_20170927204618.jpg 600w\" width=\"600\" \/><\/span><\/span><\/div>\n<\/div>\n<p>&nbsp;<\/p>\n<div class=\"pvc_clear\"><\/div>\n<p class=\"pvc_stats all \" data-element-id=\"20673\" style=\"\"><i class=\"pvc-stats-icon medium\" aria-hidden=\"true\"><svg aria-hidden=\"true\" focusable=\"false\" data-prefix=\"far\" data-icon=\"chart-bar\" role=\"img\" xmlns=\"http:\/\/www.w3.org\/2000\/svg\" viewBox=\"0 0 512 512\" class=\"svg-inline--fa fa-chart-bar fa-w-16 fa-2x\"><path fill=\"currentColor\" d=\"M396.8 352h22.4c6.4 0 12.8-6.4 12.8-12.8V108.8c0-6.4-6.4-12.8-12.8-12.8h-22.4c-6.4 0-12.8 6.4-12.8 12.8v230.4c0 6.4 6.4 12.8 12.8 12.8zm-192 0h22.4c6.4 0 12.8-6.4 12.8-12.8V140.8c0-6.4-6.4-12.8-12.8-12.8h-22.4c-6.4 0-12.8 6.4-12.8 12.8v198.4c0 6.4 6.4 12.8 12.8 12.8zm96 0h22.4c6.4 0 12.8-6.4 12.8-12.8V204.8c0-6.4-6.4-12.8-12.8-12.8h-22.4c-6.4 0-12.8 6.4-12.8 12.8v134.4c0 6.4 6.4 12.8 12.8 12.8zM496 400H48V80c0-8.84-7.16-16-16-16H16C7.16 64 0 71.16 0 80v336c0 17.67 14.33 32 32 32h464c8.84 0 16-7.16 16-16v-16c0-8.84-7.16-16-16-16zm-387.2-48h22.4c6.4 0 12.8-6.4 12.8-12.8v-70.4c0-6.4-6.4-12.8-12.8-12.8h-22.4c-6.4 0-12.8 6.4-12.8 12.8v70.4c0 6.4 6.4 12.8 12.8 12.8z\" class=\"\"><\/path><\/svg><\/i> Vistas Totales&nbsp;288&nbsp;, Vistas Hoy&nbsp;1&nbsp;<\/p>\n<div class=\"pvc_clear\"><\/div>\n","protected":false},"excerpt":{"rendered":"<p>Autor:  Alejandro Fern\u00e1ndez W.Fecha: 28 de septiembre del 2017Extra\u00eddo de diariolibre.comEl tiempo, insisto, vuela. Nuevamente discutiremos las implicaciones del futuro de las finanzas p\u00fablicas de nuestro pa\u00eds, a ra\u00edz del presupuesto general para 2018. Otra vez, lamentablemente, con un continuo d\u00e9ficit fiscal, seguir\u00e1 en aumento la deuda p\u00fablica que usted, sus hijos, nietos y bisnietos pagar\u00e1n.<\/p>\n<div class=\"pvc_clear\"><\/div>\n<p class=\"pvc_stats all \" data-element-id=\"20673\" style=\"\"><i class=\"pvc-stats-icon medium\" aria-hidden=\"true\"><svg aria-hidden=\"true\" focusable=\"false\" data-prefix=\"far\" data-icon=\"chart-bar\" role=\"img\" xmlns=\"http:\/\/www.w3.org\/2000\/svg\" viewBox=\"0 0 512 512\" class=\"svg-inline--fa fa-chart-bar fa-w-16 fa-2x\"><path fill=\"currentColor\" d=\"M396.8 352h22.4c6.4 0 12.8-6.4 12.8-12.8V108.8c0-6.4-6.4-12.8-12.8-12.8h-22.4c-6.4 0-12.8 6.4-12.8 12.8v230.4c0 6.4 6.4 12.8 12.8 12.8zm-192 0h22.4c6.4 0 12.8-6.4 12.8-12.8V140.8c0-6.4-6.4-12.8-12.8-12.8h-22.4c-6.4 0-12.8 6.4-12.8 12.8v198.4c0 6.4 6.4 12.8 12.8 12.8zm96 0h22.4c6.4 0 12.8-6.4 12.8-12.8V204.8c0-6.4-6.4-12.8-12.8-12.8h-22.4c-6.4 0-12.8 6.4-12.8 12.8v134.4c0 6.4 6.4 12.8 12.8 12.8zM496 400H48V80c0-8.84-7.16-16-16-16H16C7.16 64 0 71.16 0 80v336c0 17.67 14.33 32 32 32h464c8.84 0 16-7.16 16-16v-16c0-8.84-7.16-16-16-16zm-387.2-48h22.4c6.4 0 12.8-6.4 12.8-12.8v-70.4c0-6.4-6.4-12.8-12.8-12.8h-22.4c-6.4 0-12.8 6.4-12.8 12.8v70.4c0 6.4 6.4 12.8 12.8 12.8z\" class=\"\"><\/path><\/svg><\/i> Vistas Totales&nbsp;288&nbsp;, Vistas Hoy&nbsp;1&nbsp;<\/p>\n<div class=\"pvc_clear\"><\/div>\n","protected":false},"author":2,"featured_media":0,"comment_status":"open","ping_status":"open","sticky":false,"template":"","format":"standard","meta":{"footnotes":""},"categories":[21],"tags":[],"class_list":["post-20673","post","type-post","status-publish","format-standard","hentry","category-blog"],"yoast_head":"<!-- This site is optimized with the Yoast SEO plugin v25.2 - https:\/\/yoast.com\/wordpress\/plugins\/seo\/ -->\n<title>El fantasma de la deuda p\u00fablica | CREES<\/title>\n<meta name=\"robots\" content=\"index, follow, max-snippet:-1, max-image-preview:large, max-video-preview:-1\" \/>\n<link rel=\"canonical\" href=\"https:\/\/crees.org.do\/?p=20673\" \/>\n<meta property=\"og:locale\" content=\"es_ES\" \/>\n<meta property=\"og:type\" content=\"article\" \/>\n<meta property=\"og:title\" content=\"El fantasma de la deuda p\u00fablica | CREES\" \/>\n<meta property=\"og:description\" content=\"Autor: Alejandro Fern\u00e1ndez W.Fecha: 28 de septiembre del 2017Extra\u00eddo de diariolibre.comEl tiempo, insisto, vuela. Nuevamente discutiremos las implicaciones del futuro de las finanzas p\u00fablicas de nuestro pa\u00eds, a ra\u00edz del presupuesto general para 2018. Otra vez, lamentablemente, con un continuo d\u00e9ficit fiscal, seguir\u00e1 en aumento la deuda p\u00fablica que usted, sus hijos, nietos y bisnietos pagar\u00e1n.\" \/>\n<meta property=\"og:url\" content=\"https:\/\/crees.org.do\/?p=20673\" \/>\n<meta property=\"og:site_name\" content=\"CREES\" \/>\n<meta property=\"article:publisher\" content=\"https:\/\/www.facebook.com\/CREESRD\/\" \/>\n<meta property=\"article:published_time\" content=\"2017-01-01T00:00:00+00:00\" \/>\n<meta property=\"og:image\" content=\"\" \/>\n<meta name=\"author\" content=\"Crees\" \/>\n<meta name=\"twitter:card\" content=\"summary_large_image\" \/>\n<meta name=\"twitter:creator\" content=\"@CREESRD\" \/>\n<meta name=\"twitter:site\" content=\"@CREESRD\" \/>\n<meta name=\"twitter:label1\" content=\"Escrito por\" \/>\n\t<meta name=\"twitter:data1\" content=\"Crees\" \/>\n\t<meta name=\"twitter:label2\" content=\"Tiempo de lectura\" \/>\n\t<meta name=\"twitter:data2\" content=\"3 minutos\" \/>\n<script type=\"application\/ld+json\" class=\"yoast-schema-graph\">{\"@context\":\"https:\/\/schema.org\",\"@graph\":[{\"@type\":\"Article\",\"@id\":\"https:\/\/crees.org.do\/?p=20673#article\",\"isPartOf\":{\"@id\":\"https:\/\/crees.org.do\/?p=20673\"},\"author\":{\"name\":\"Crees\",\"@id\":\"https:\/\/crees.org.do\/#\/schema\/person\/e7f97cd94d7bf9cd0e0ce30acb7d56b8\"},\"headline\":\"El fantasma de la deuda p\u00fablica\",\"datePublished\":\"2017-01-01T00:00:00+00:00\",\"mainEntityOfPage\":{\"@id\":\"https:\/\/crees.org.do\/?p=20673\"},\"wordCount\":622,\"commentCount\":0,\"publisher\":{\"@id\":\"https:\/\/crees.org.do\/#organization\"},\"articleSection\":[\"Blog\"],\"inLanguage\":\"es\"},{\"@type\":\"WebPage\",\"@id\":\"https:\/\/crees.org.do\/?p=20673\",\"url\":\"https:\/\/crees.org.do\/?p=20673\",\"name\":\"El fantasma de la deuda p\u00fablica | CREES\",\"isPartOf\":{\"@id\":\"https:\/\/crees.org.do\/#website\"},\"datePublished\":\"2017-01-01T00:00:00+00:00\",\"breadcrumb\":{\"@id\":\"https:\/\/crees.org.do\/?p=20673#breadcrumb\"},\"inLanguage\":\"es\",\"potentialAction\":[{\"@type\":\"ReadAction\",\"target\":[\"https:\/\/crees.org.do\/?p=20673\"]}]},{\"@type\":\"BreadcrumbList\",\"@id\":\"https:\/\/crees.org.do\/?p=20673#breadcrumb\",\"itemListElement\":[{\"@type\":\"ListItem\",\"position\":1,\"name\":\"Portada\",\"item\":\"https:\/\/crees.org.do\/\"},{\"@type\":\"ListItem\",\"position\":2,\"name\":\"El fantasma de la deuda p\u00fablica\"}]},{\"@type\":\"WebSite\",\"@id\":\"https:\/\/crees.org.do\/#website\",\"url\":\"https:\/\/crees.org.do\/\",\"name\":\"CREES\",\"description\":\"Centro Regional de Estrategias Econ\u00f3micas Sostenibles\",\"publisher\":{\"@id\":\"https:\/\/crees.org.do\/#organization\"},\"potentialAction\":[{\"@type\":\"SearchAction\",\"target\":{\"@type\":\"EntryPoint\",\"urlTemplate\":\"https:\/\/crees.org.do\/?s={search_term_string}\"},\"query-input\":{\"@type\":\"PropertyValueSpecification\",\"valueRequired\":true,\"valueName\":\"search_term_string\"}}],\"inLanguage\":\"es\"},{\"@type\":\"Organization\",\"@id\":\"https:\/\/crees.org.do\/#organization\",\"name\":\"CREES | Centro Regional de Estrategias Econ\u00f3micas Sostenibles\",\"url\":\"https:\/\/crees.org.do\/\",\"logo\":{\"@type\":\"ImageObject\",\"inLanguage\":\"es\",\"@id\":\"https:\/\/crees.org.do\/#\/schema\/logo\/image\/\",\"url\":\"https:\/\/crees.org.do\/wp-content\/uploads\/2022\/03\/crees-logo-1.jpg\",\"contentUrl\":\"https:\/\/crees.org.do\/wp-content\/uploads\/2022\/03\/crees-logo-1.jpg\",\"width\":244,\"height\":71,\"caption\":\"CREES | Centro Regional de Estrategias Econ\u00f3micas Sostenibles\"},\"image\":{\"@id\":\"https:\/\/crees.org.do\/#\/schema\/logo\/image\/\"},\"sameAs\":[\"https:\/\/www.facebook.com\/CREESRD\/\",\"https:\/\/x.com\/CREESRD\"]},{\"@type\":\"Person\",\"@id\":\"https:\/\/crees.org.do\/#\/schema\/person\/e7f97cd94d7bf9cd0e0ce30acb7d56b8\",\"name\":\"Crees\",\"image\":{\"@type\":\"ImageObject\",\"inLanguage\":\"es\",\"@id\":\"https:\/\/crees.org.do\/#\/schema\/person\/image\/\",\"url\":\"https:\/\/secure.gravatar.com\/avatar\/390ac8f0be5d9aa046152553e2dd7011b59a512d89c150f5e5f28bb8d9a0b165?s=96&d=mm&r=g\",\"contentUrl\":\"https:\/\/secure.gravatar.com\/avatar\/390ac8f0be5d9aa046152553e2dd7011b59a512d89c150f5e5f28bb8d9a0b165?s=96&d=mm&r=g\",\"caption\":\"Crees\"},\"url\":\"https:\/\/crees.org.do\/?author=2\"}]}<\/script>\n<!-- \/ Yoast SEO plugin. -->","yoast_head_json":{"title":"El fantasma de la deuda p\u00fablica | CREES","robots":{"index":"index","follow":"follow","max-snippet":"max-snippet:-1","max-image-preview":"max-image-preview:large","max-video-preview":"max-video-preview:-1"},"canonical":"https:\/\/crees.org.do\/?p=20673","og_locale":"es_ES","og_type":"article","og_title":"El fantasma de la deuda p\u00fablica | CREES","og_description":"Autor: Alejandro Fern\u00e1ndez W.Fecha: 28 de septiembre del 2017Extra\u00eddo de diariolibre.comEl tiempo, insisto, vuela. Nuevamente discutiremos las implicaciones del futuro de las finanzas p\u00fablicas de nuestro pa\u00eds, a ra\u00edz del presupuesto general para 2018. Otra vez, lamentablemente, con un continuo d\u00e9ficit fiscal, seguir\u00e1 en aumento la deuda p\u00fablica que usted, sus hijos, nietos y bisnietos pagar\u00e1n.","og_url":"https:\/\/crees.org.do\/?p=20673","og_site_name":"CREES","article_publisher":"https:\/\/www.facebook.com\/CREESRD\/","article_published_time":"2017-01-01T00:00:00+00:00","og_image":[{"url":"data:image\/svg+xml;charset=utf-8,%3Csvg%20xmlns%3D'http%3A%2F%2Fwww.w3.org%2F2000%2Fsvg'%20viewBox%3D'0%200%20600%20396'%2F%3E","type":"","width":"","height":""}],"author":"Crees","twitter_card":"summary_large_image","twitter_creator":"@CREESRD","twitter_site":"@CREESRD","twitter_misc":{"Escrito por":"Crees","Tiempo de lectura":"3 minutos"},"schema":{"@context":"https:\/\/schema.org","@graph":[{"@type":"Article","@id":"https:\/\/crees.org.do\/?p=20673#article","isPartOf":{"@id":"https:\/\/crees.org.do\/?p=20673"},"author":{"name":"Crees","@id":"https:\/\/crees.org.do\/#\/schema\/person\/e7f97cd94d7bf9cd0e0ce30acb7d56b8"},"headline":"El fantasma de la deuda p\u00fablica","datePublished":"2017-01-01T00:00:00+00:00","mainEntityOfPage":{"@id":"https:\/\/crees.org.do\/?p=20673"},"wordCount":622,"commentCount":0,"publisher":{"@id":"https:\/\/crees.org.do\/#organization"},"articleSection":["Blog"],"inLanguage":"es"},{"@type":"WebPage","@id":"https:\/\/crees.org.do\/?p=20673","url":"https:\/\/crees.org.do\/?p=20673","name":"El fantasma de la deuda p\u00fablica | CREES","isPartOf":{"@id":"https:\/\/crees.org.do\/#website"},"datePublished":"2017-01-01T00:00:00+00:00","breadcrumb":{"@id":"https:\/\/crees.org.do\/?p=20673#breadcrumb"},"inLanguage":"es","potentialAction":[{"@type":"ReadAction","target":["https:\/\/crees.org.do\/?p=20673"]}]},{"@type":"BreadcrumbList","@id":"https:\/\/crees.org.do\/?p=20673#breadcrumb","itemListElement":[{"@type":"ListItem","position":1,"name":"Portada","item":"https:\/\/crees.org.do\/"},{"@type":"ListItem","position":2,"name":"El fantasma de la deuda p\u00fablica"}]},{"@type":"WebSite","@id":"https:\/\/crees.org.do\/#website","url":"https:\/\/crees.org.do\/","name":"CREES","description":"Centro Regional de Estrategias Econ\u00f3micas Sostenibles","publisher":{"@id":"https:\/\/crees.org.do\/#organization"},"potentialAction":[{"@type":"SearchAction","target":{"@type":"EntryPoint","urlTemplate":"https:\/\/crees.org.do\/?s={search_term_string}"},"query-input":{"@type":"PropertyValueSpecification","valueRequired":true,"valueName":"search_term_string"}}],"inLanguage":"es"},{"@type":"Organization","@id":"https:\/\/crees.org.do\/#organization","name":"CREES | Centro Regional de Estrategias Econ\u00f3micas Sostenibles","url":"https:\/\/crees.org.do\/","logo":{"@type":"ImageObject","inLanguage":"es","@id":"https:\/\/crees.org.do\/#\/schema\/logo\/image\/","url":"https:\/\/crees.org.do\/wp-content\/uploads\/2022\/03\/crees-logo-1.jpg","contentUrl":"https:\/\/crees.org.do\/wp-content\/uploads\/2022\/03\/crees-logo-1.jpg","width":244,"height":71,"caption":"CREES | Centro Regional de Estrategias Econ\u00f3micas Sostenibles"},"image":{"@id":"https:\/\/crees.org.do\/#\/schema\/logo\/image\/"},"sameAs":["https:\/\/www.facebook.com\/CREESRD\/","https:\/\/x.com\/CREESRD"]},{"@type":"Person","@id":"https:\/\/crees.org.do\/#\/schema\/person\/e7f97cd94d7bf9cd0e0ce30acb7d56b8","name":"Crees","image":{"@type":"ImageObject","inLanguage":"es","@id":"https:\/\/crees.org.do\/#\/schema\/person\/image\/","url":"https:\/\/secure.gravatar.com\/avatar\/390ac8f0be5d9aa046152553e2dd7011b59a512d89c150f5e5f28bb8d9a0b165?s=96&d=mm&r=g","contentUrl":"https:\/\/secure.gravatar.com\/avatar\/390ac8f0be5d9aa046152553e2dd7011b59a512d89c150f5e5f28bb8d9a0b165?s=96&d=mm&r=g","caption":"Crees"},"url":"https:\/\/crees.org.do\/?author=2"}]}},"_links":{"self":[{"href":"https:\/\/crees.org.do\/index.php?rest_route=\/wp\/v2\/posts\/20673","targetHints":{"allow":["GET"]}}],"collection":[{"href":"https:\/\/crees.org.do\/index.php?rest_route=\/wp\/v2\/posts"}],"about":[{"href":"https:\/\/crees.org.do\/index.php?rest_route=\/wp\/v2\/types\/post"}],"author":[{"embeddable":true,"href":"https:\/\/crees.org.do\/index.php?rest_route=\/wp\/v2\/users\/2"}],"replies":[{"embeddable":true,"href":"https:\/\/crees.org.do\/index.php?rest_route=%2Fwp%2Fv2%2Fcomments&post=20673"}],"version-history":[{"count":0,"href":"https:\/\/crees.org.do\/index.php?rest_route=\/wp\/v2\/posts\/20673\/revisions"}],"wp:attachment":[{"href":"https:\/\/crees.org.do\/index.php?rest_route=%2Fwp%2Fv2%2Fmedia&parent=20673"}],"wp:term":[{"taxonomy":"category","embeddable":true,"href":"https:\/\/crees.org.do\/index.php?rest_route=%2Fwp%2Fv2%2Fcategories&post=20673"},{"taxonomy":"post_tag","embeddable":true,"href":"https:\/\/crees.org.do\/index.php?rest_route=%2Fwp%2Fv2%2Ftags&post=20673"}],"curies":[{"name":"wp","href":"https:\/\/api.w.org\/{rel}","templated":true}]}}