{"id":20698,"date":"2018-01-01T00:00:00","date_gmt":"2018-01-01T00:00:00","guid":{"rendered":"https:\/\/crees.org.do\/economistas-destacan-rezago-en-reformas-estructurales-del-pais-aun-cuando-proyectan-que-la-economia-crecera-en-2018\/"},"modified":"2018-01-01T00:00:00","modified_gmt":"2018-01-01T00:00:00","slug":"economistas-destacan-rezago-en-reformas-estructurales-del-pais-aun-cuando-proyectan-que-la-economia-crecera-en-2018","status":"publish","type":"post","link":"https:\/\/crees.org.do\/?p=20698","title":{"rendered":"Economistas destacan rezago en reformas estructurales del pa\u00eds, aun cuando proyectan que la econom\u00eda crecer\u00e1 en 2018"},"content":{"rendered":"<div style=\"text-align: justify;\"><span style=\"font-size:12px;\"><span style=\"font-family:verdana,geneva,sans-serif;\">Fecha: 21 de diciembre 2017<\/span><\/span><\/div>\n<p style=\"margin-bottom: 10px; padding: 0px; border: 0px; outline: 0px; vertical-align: baseline; color: rgb(51, 51, 51); line-height: 18px; text-align: justify; background-color: rgb(255, 255, 255);\"><span style=\"font-size:12px;\"><span style=\"font-family:verdana,geneva,sans-serif;\"><span style=\"color: rgb(59, 59, 59); line-height: 1.5;\">Extra\u00eddo de <a href=\"https:\/\/www.listindiario.com\/economia\/2017\/12\/21\/495856\/economistas-destacan-rezago-en-reformas-estructurales-del-pais-aun-cuando-proyectan-que-la-economia-crecera-en-2018\">listindiario.com<\/a><\/span><\/span><\/span><\/p>\n<p style=\"margin-bottom: 10px; padding: 0px; border: 0px; outline: 0px; vertical-align: baseline; color: rgb(51, 51, 51); line-height: 18px; text-align: justify; background-color: rgb(255, 255, 255);\"><span style=\"font-size:12px;\"><span style=\"font-family:verdana,geneva,sans-serif;\">Los economista Miguel Collado Di Franco, del Centro Regional de Estrategias Econ\u00f3micas Sostenibles (CREES); y Henri Hebrard, coincidieron en que la Rep\u00fablica Dominicana contin\u00faa al rezago en cuanto a las profundas reformas estructurales que requiere la econom\u00eda.<\/span><\/span><\/p>\n<p style=\"margin-bottom: 10px; padding: 0px; border: 0px; outline: 0px; vertical-align: baseline; color: rgb(51, 51, 51); line-height: 18px; text-align: justify; background-color: rgb(255, 255, 255);\"><span style=\"font-size:12px;\"><span style=\"font-family:verdana,geneva,sans-serif;\">Aunque Hebrard plante\u00f3 que &ldquo;cree que vamos a tener un buen crecimiento&rdquo; durante 2018, siempre y cuando el precio del barril del petr\u00f3leo se mantenga por debajo de los 60 d\u00f3lares y el pa\u00eds no sea afectado por alguna &ldquo;mega tormenta&rdquo;.<\/span><\/span><\/p>\n<p style=\"margin-bottom: 10px; padding: 0px; border: 0px; outline: 0px; vertical-align: baseline; color: rgb(51, 51, 51); line-height: 18px; text-align: justify; background-color: rgb(255, 255, 255);\"><span style=\"font-size:12px;\"><span style=\"font-family:verdana,geneva,sans-serif;\">Ambos profesionales compartieron en el programa Propuesta de la Noche, que se difunde por Digital 15 bajo la conducci\u00f3n del periodista Manuel Jim\u00e9nez, en el que plantearon que aun cuando la econom\u00eda ha mantenido su crecimiento durante a\u00f1os, todav\u00eda adolece de reformas vitales para que dicho crecimiento impacte a la poblaci\u00f3n. &nbsp;&nbsp;<\/span><\/span><\/p>\n<p style=\"margin-bottom: 10px; padding: 0px; border: 0px; outline: 0px; vertical-align: baseline; color: rgb(51, 51, 51); line-height: 18px; text-align: justify; background-color: rgb(255, 255, 255);\"><span style=\"font-size:12px;\"><span style=\"font-family:verdana,geneva,sans-serif;\">&ldquo;Hay obsesi\u00f3n por el crecimiento, pero m\u00e1s que eso deber\u00eda haber mejor\u00eda y bienestar para la poblaci\u00f3n y esa es la materia pendiente&rdquo;, dijo Hebrard, mientras Collado Di Franco sostuvo que &ldquo;en realidad la econom\u00eda dominicana necesita reformas estructurales y cambiar el clima de inversi\u00f3n y tener mayor competitividad&rdquo;, para que la ciudadan\u00eda perciba el crecimiento. &nbsp;&nbsp;&nbsp;&nbsp;<\/span><\/span><\/p>\n<p style=\"margin-bottom: 10px; padding: 0px; border: 0px; outline: 0px; vertical-align: baseline; color: rgb(51, 51, 51); line-height: 18px; text-align: justify; background-color: rgb(255, 255, 255);\"><span style=\"font-size:12px;\"><span style=\"font-family:verdana,geneva,sans-serif;\">Hebrard y Collado Di Franco participaron del programa especial con motivo de las festividades navide\u00f1as, en el que fueron invitados para evaluar el desempe\u00f1o de la econom\u00eda en 2017 y las perspectivas para 2018.<\/span><\/span><\/p>\n<p style=\"margin-bottom: 10px; padding: 0px; border: 0px; outline: 0px; vertical-align: baseline; color: rgb(51, 51, 51); line-height: 18px; text-align: justify; background-color: rgb(255, 255, 255);\"><span style=\"font-size:12px;\"><span style=\"font-family:verdana,geneva,sans-serif;\">El primero se\u00f1al\u00f3 que &ldquo;este a\u00f1o no ha sido tan malo&rdquo;, consecuencia del empuje que lograron pilares como el turismo, que pese a las tormentas que impactaron la naci\u00f3n en los meses septiembre, logr\u00f3 crecer como sector y tambi\u00e9n logr\u00f3 &ldquo;resucitar la zona de Puerta Plata&rdquo;, que en a\u00f1os atr\u00e1s se vend\u00eda como uno de los principales polos tur\u00edsticos del pa\u00eds.<\/span><\/span><\/p>\n<p style=\"margin-bottom: 10px; padding: 0px; border: 0px; outline: 0px; vertical-align: baseline; color: rgb(51, 51, 51); line-height: 18px; text-align: justify; background-color: rgb(255, 255, 255);\"><span style=\"font-size:12px;\"><span style=\"font-family:verdana,geneva,sans-serif;\">Hebrard dijo que los pa\u00edses de la regi\u00f3n observan con envidia el crecimiento de la econom\u00eda dominicana, la cual para el 2018 se proyecta en 5 por ciento, aunque \u00e9l estima que terminar\u00e1 &ldquo;m\u00e1s cerca del 4 por ciento&rdquo;. Observ\u00f3 que pese a dicho crecimiento, la econom\u00eda dominicana no es s\u00f3lida.&nbsp;<\/span><\/span><\/p>\n<p style=\"margin-bottom: 10px; padding: 0px; border: 0px; outline: 0px; vertical-align: baseline; color: rgb(51, 51, 51); line-height: 18px; text-align: justify; background-color: rgb(255, 255, 255);\"><span style=\"font-size:12px;\"><span style=\"font-family:verdana,geneva,sans-serif;\">&ldquo;La Rep\u00fablica Dominicana necesita un crecimiento mayor que econom\u00edas de la regi\u00f3n similares, para que no haya problemas econ\u00f3micos. Un crecimiento de 4% para cualquier otra econom\u00eda ser\u00eda muy bueno, pero para la RD no lo es&rdquo;, se\u00f1al\u00f3 Hebrard, porque en el pa\u00eds el gasto p\u00fablico se ha incrementado m\u00e1s que el Producto Interno Bruto (PIB). &nbsp;<\/span><\/span><\/p>\n<p style=\"margin-bottom: 10px; padding: 0px; border: 0px; outline: 0px; vertical-align: baseline; color: rgb(51, 51, 51); line-height: 18px; text-align: justify; background-color: rgb(255, 255, 255);\"><span style=\"font-size:12px;\"><span style=\"font-family:verdana,geneva,sans-serif;\">Mientras Collado Di Franco plante\u00f3 que &ldquo;hubiese querido&rdquo; hablar bien del desempe\u00f1o econ\u00f3mico de este a\u00f1o, &ldquo;pero desafortunadamente las cifras econ\u00f3micas, la realidad, est\u00e1 diciendo que el 2017 fue caracterizado por una desaceleraci\u00f3n en el crecimiento&rdquo; y, adem\u00e1s, que contin\u00faa &ldquo;por la senda del crecimiento del endeudamiento p\u00fablico&rdquo;.&nbsp;<\/span><\/span><\/p>\n<p style=\"margin-bottom: 10px; padding: 0px; border: 0px; outline: 0px; vertical-align: baseline; color: rgb(51, 51, 51); line-height: 18px; text-align: justify; background-color: rgb(255, 255, 255);\"><span style=\"font-size:12px;\"><span style=\"font-family:verdana,geneva,sans-serif;\">Dijo que se trata de &ldquo;un a\u00f1o con ausencia marcada por realizar y llevar a cabo pol\u00edticas p\u00fablicas tendentes a crear un mejor clima de inversi\u00f3n&rdquo; en el pa\u00eds. Argument\u00f3 que la econom\u00eda dominicana debe enfocarse en promover las inversiones y las exportaciones no mineras, las cuales, seg\u00fan plante\u00f3, vienen decreciendo.<\/span><\/span><\/p>\n<p style=\"margin-bottom: 10px; padding: 0px; border: 0px; outline: 0px; vertical-align: baseline; color: rgb(51, 51, 51); line-height: 18px; text-align: justify; background-color: rgb(255, 255, 255);\"><span style=\"font-size:12px;\"><span style=\"font-family:verdana,geneva,sans-serif;\">Record\u00f3 que informes internacionales como el Doing Business confirman el deterioro en el clima de inversi\u00f3n de Rep\u00fablica Dominicana, en donde no se le pone frente a las reformas estructurales que requiere la econom\u00eda, como por ejemplo la sugerida a principios de a\u00f1o por el Fondo Monetario Internacional, de que se &ldquo;adopten reglas presupuestarias&rdquo; claras.<\/span><\/span><\/p>\n<p style=\"margin-bottom: 10px; padding: 0px; border: 0px; outline: 0px; vertical-align: baseline; color: rgb(51, 51, 51); line-height: 18px; text-align: justify; background-color: rgb(255, 255, 255);\"><span style=\"font-size:12px;\"><span style=\"font-family:verdana,geneva,sans-serif;\"><strong>Sistema Tribunario Diferente<\/strong><\/span><\/span><\/p>\n<p style=\"margin-bottom: 10px; padding: 0px; border: 0px; outline: 0px; vertical-align: baseline; color: rgb(51, 51, 51); line-height: 18px; text-align: justify; background-color: rgb(255, 255, 255);\"><span style=\"font-size:12px;\"><span style=\"font-family:verdana,geneva,sans-serif;\">Collado Di Franco plante\u00f3 que RD necesita un sistema tributario que le permita cambiar la realidad actual, puesto que &ldquo;tiene un sistema tributario muy dif\u00edcil para ser cumplido por los empresarios, por los emprendedores, pero tambi\u00e9n para ser administrado por la autoridad tributaria&rdquo;.<\/span><\/span><\/p>\n<p style=\"margin-bottom: 10px; padding: 0px; border: 0px; outline: 0px; vertical-align: baseline; color: rgb(51, 51, 51); line-height: 18px; text-align: justify; background-color: rgb(255, 255, 255);\"><span style=\"font-size:12px;\"><span style=\"font-family:verdana,geneva,sans-serif;\">Opin\u00f3 que &ldquo;lo dif\u00edcil&rdquo; del sistema tribunario nacional explica el nivel de informalidad que registra el mercado laboral, que ronda el 58 por ciento y tira en contra de la inversi\u00f3n extranjera y local.<\/span><\/span><\/p>\n<p style=\"margin-bottom: 10px; padding: 0px; border: 0px; outline: 0px; vertical-align: baseline; color: rgb(51, 51, 51); line-height: 18px; text-align: justify; background-color: rgb(255, 255, 255);\"><span style=\"font-size:12px;\"><span style=\"font-family:verdana,geneva,sans-serif;\">Dijo que &ldquo;necesitamos un sistema (tributario) m\u00e1s simple que el que tenemos actualmente, con tasas que cubran una mayor base, pero m\u00e1s baja que la actual&rdquo;. Puso como ejemplo a Estados Unidos, donde se realizan ajustes a la baja en el sistema tributario.<\/span><\/span><\/p>\n<p style=\"margin-bottom: 10px; padding: 0px; border: 0px; outline: 0px; vertical-align: baseline; color: rgb(51, 51, 51); line-height: 18px; text-align: justify; background-color: rgb(255, 255, 255);\"><span style=\"font-size:12px;\"><span style=\"font-family:verdana,geneva,sans-serif;\">En ese sentido Hebrard sostuvo que la reforma fiscal de Estados Unidos puede tener un impacto positivo en la econom\u00eda local, como m\u00e1s crecimiento, m\u00e1s remesas, m\u00e1s turistas y m\u00e1s exportaciones, pero tambi\u00e9n que podr\u00eda tener menos disponibilidad de inversiones de capitales de EEUU en Rep\u00fablica Dominicana.<\/span><\/span><\/p>\n<p style=\"margin-bottom: 10px; padding: 0px; border: 0px; outline: 0px; vertical-align: baseline; color: rgb(51, 51, 51); line-height: 18px; text-align: justify; background-color: rgb(255, 255, 255);\"><span style=\"font-size:12px;\"><span style=\"font-family:verdana,geneva,sans-serif;\">&nbsp;&ldquo;Lo que es bueno en Estados Unidos, es muy bueno para la Rep\u00fablica Dominicana, pero tambi\u00e9n lo que es malo, es s\u00faper malo para Rep\u00fablica Dominicana&rdquo;, aclar\u00f3. &nbsp;Se\u00f1al\u00f3 que quiz\u00e1 para 2018 est\u00e9n dadas las condiciones para que se lleve a cabo el esperado pacto fiscal. &nbsp;<\/span><\/span><\/p>\n<div class=\"pvc_clear\"><\/div>\n<p class=\"pvc_stats all \" data-element-id=\"20698\" style=\"\"><i class=\"pvc-stats-icon medium\" aria-hidden=\"true\"><svg aria-hidden=\"true\" focusable=\"false\" data-prefix=\"far\" data-icon=\"chart-bar\" role=\"img\" xmlns=\"http:\/\/www.w3.org\/2000\/svg\" viewBox=\"0 0 512 512\" class=\"svg-inline--fa fa-chart-bar fa-w-16 fa-2x\"><path fill=\"currentColor\" d=\"M396.8 352h22.4c6.4 0 12.8-6.4 12.8-12.8V108.8c0-6.4-6.4-12.8-12.8-12.8h-22.4c-6.4 0-12.8 6.4-12.8 12.8v230.4c0 6.4 6.4 12.8 12.8 12.8zm-192 0h22.4c6.4 0 12.8-6.4 12.8-12.8V140.8c0-6.4-6.4-12.8-12.8-12.8h-22.4c-6.4 0-12.8 6.4-12.8 12.8v198.4c0 6.4 6.4 12.8 12.8 12.8zm96 0h22.4c6.4 0 12.8-6.4 12.8-12.8V204.8c0-6.4-6.4-12.8-12.8-12.8h-22.4c-6.4 0-12.8 6.4-12.8 12.8v134.4c0 6.4 6.4 12.8 12.8 12.8zM496 400H48V80c0-8.84-7.16-16-16-16H16C7.16 64 0 71.16 0 80v336c0 17.67 14.33 32 32 32h464c8.84 0 16-7.16 16-16v-16c0-8.84-7.16-16-16-16zm-387.2-48h22.4c6.4 0 12.8-6.4 12.8-12.8v-70.4c0-6.4-6.4-12.8-12.8-12.8h-22.4c-6.4 0-12.8 6.4-12.8 12.8v70.4c0 6.4 6.4 12.8 12.8 12.8z\" class=\"\"><\/path><\/svg><\/i> Vistas Totales&nbsp;283&nbsp;, Vistas Hoy&nbsp;2&nbsp;<\/p>\n<div class=\"pvc_clear\"><\/div>\n","protected":false},"excerpt":{"rendered":"<p>Fecha: 21 de diciembre 2017Extra\u00eddo de listindiario.comLos economista Miguel Collado Di Franco, del Centro Regional de Estrategias Econ\u00f3micas Sostenibles (CREES); y Henri Hebrard, coincidieron en que la Rep\u00fablica Dominicana contin\u00faa al rezago en cuanto a las profundas reformas estructurales que requiere la econom\u00eda.<\/p>\n<div class=\"pvc_clear\"><\/div>\n<p class=\"pvc_stats all \" data-element-id=\"20698\" style=\"\"><i class=\"pvc-stats-icon medium\" aria-hidden=\"true\"><svg aria-hidden=\"true\" focusable=\"false\" data-prefix=\"far\" data-icon=\"chart-bar\" role=\"img\" xmlns=\"http:\/\/www.w3.org\/2000\/svg\" viewBox=\"0 0 512 512\" class=\"svg-inline--fa fa-chart-bar fa-w-16 fa-2x\"><path fill=\"currentColor\" d=\"M396.8 352h22.4c6.4 0 12.8-6.4 12.8-12.8V108.8c0-6.4-6.4-12.8-12.8-12.8h-22.4c-6.4 0-12.8 6.4-12.8 12.8v230.4c0 6.4 6.4 12.8 12.8 12.8zm-192 0h22.4c6.4 0 12.8-6.4 12.8-12.8V140.8c0-6.4-6.4-12.8-12.8-12.8h-22.4c-6.4 0-12.8 6.4-12.8 12.8v198.4c0 6.4 6.4 12.8 12.8 12.8zm96 0h22.4c6.4 0 12.8-6.4 12.8-12.8V204.8c0-6.4-6.4-12.8-12.8-12.8h-22.4c-6.4 0-12.8 6.4-12.8 12.8v134.4c0 6.4 6.4 12.8 12.8 12.8zM496 400H48V80c0-8.84-7.16-16-16-16H16C7.16 64 0 71.16 0 80v336c0 17.67 14.33 32 32 32h464c8.84 0 16-7.16 16-16v-16c0-8.84-7.16-16-16-16zm-387.2-48h22.4c6.4 0 12.8-6.4 12.8-12.8v-70.4c0-6.4-6.4-12.8-12.8-12.8h-22.4c-6.4 0-12.8 6.4-12.8 12.8v70.4c0 6.4 6.4 12.8 12.8 12.8z\" class=\"\"><\/path><\/svg><\/i> Vistas Totales&nbsp;283&nbsp;, Vistas Hoy&nbsp;2&nbsp;<\/p>\n<div class=\"pvc_clear\"><\/div>\n","protected":false},"author":2,"featured_media":0,"comment_status":"open","ping_status":"open","sticky":false,"template":"","format":"standard","meta":{"footnotes":""},"categories":[21],"tags":[],"class_list":["post-20698","post","type-post","status-publish","format-standard","hentry","category-blog"],"yoast_head":"<!-- This site is optimized with the Yoast SEO plugin v25.2 - https:\/\/yoast.com\/wordpress\/plugins\/seo\/ -->\n<title>Economistas destacan rezago en reformas estructurales del pa\u00eds, aun cuando proyectan que la econom\u00eda crecer\u00e1 en 2018 | CREES<\/title>\n<meta name=\"robots\" content=\"index, follow, max-snippet:-1, max-image-preview:large, max-video-preview:-1\" \/>\n<link rel=\"canonical\" href=\"https:\/\/crees.org.do\/?p=20698\" \/>\n<meta property=\"og:locale\" content=\"es_ES\" \/>\n<meta property=\"og:type\" content=\"article\" \/>\n<meta property=\"og:title\" content=\"Economistas destacan rezago en reformas estructurales del pa\u00eds, aun cuando proyectan que la econom\u00eda crecer\u00e1 en 2018 | CREES\" \/>\n<meta property=\"og:description\" content=\"Fecha: 21 de diciembre 2017Extra\u00eddo de listindiario.comLos economista Miguel Collado Di Franco, del Centro Regional de Estrategias Econ\u00f3micas Sostenibles (CREES); y Henri Hebrard, coincidieron en que la Rep\u00fablica Dominicana contin\u00faa al rezago en cuanto a las profundas reformas estructurales que requiere la econom\u00eda.\" \/>\n<meta property=\"og:url\" content=\"https:\/\/crees.org.do\/?p=20698\" \/>\n<meta property=\"og:site_name\" content=\"CREES\" \/>\n<meta property=\"article:publisher\" content=\"https:\/\/www.facebook.com\/CREESRD\/\" \/>\n<meta property=\"article:published_time\" content=\"2018-01-01T00:00:00+00:00\" \/>\n<meta property=\"og:image\" content=\"https:\/\/crees.org.do\/wp-content\/uploads\/2022\/03\/crees-logo-1.jpg\" \/>\n\t<meta property=\"og:image:width\" content=\"244\" \/>\n\t<meta property=\"og:image:height\" content=\"71\" \/>\n\t<meta property=\"og:image:type\" content=\"image\/jpeg\" \/>\n<meta name=\"author\" content=\"Crees\" \/>\n<meta name=\"twitter:card\" content=\"summary_large_image\" \/>\n<meta name=\"twitter:creator\" content=\"@CREESRD\" \/>\n<meta name=\"twitter:site\" content=\"@CREESRD\" \/>\n<meta name=\"twitter:label1\" content=\"Escrito por\" \/>\n\t<meta name=\"twitter:data1\" content=\"Crees\" \/>\n\t<meta name=\"twitter:label2\" content=\"Tiempo de lectura\" \/>\n\t<meta name=\"twitter:data2\" content=\"4 minutos\" \/>\n<script type=\"application\/ld+json\" class=\"yoast-schema-graph\">{\"@context\":\"https:\/\/schema.org\",\"@graph\":[{\"@type\":\"Article\",\"@id\":\"https:\/\/crees.org.do\/?p=20698#article\",\"isPartOf\":{\"@id\":\"https:\/\/crees.org.do\/?p=20698\"},\"author\":{\"name\":\"Crees\",\"@id\":\"https:\/\/crees.org.do\/#\/schema\/person\/e7f97cd94d7bf9cd0e0ce30acb7d56b8\"},\"headline\":\"Economistas destacan rezago en reformas estructurales del pa\u00eds, aun cuando proyectan que la econom\u00eda crecer\u00e1 en 2018\",\"datePublished\":\"2018-01-01T00:00:00+00:00\",\"mainEntityOfPage\":{\"@id\":\"https:\/\/crees.org.do\/?p=20698\"},\"wordCount\":905,\"commentCount\":0,\"publisher\":{\"@id\":\"https:\/\/crees.org.do\/#organization\"},\"articleSection\":[\"Blog\"],\"inLanguage\":\"es\"},{\"@type\":\"WebPage\",\"@id\":\"https:\/\/crees.org.do\/?p=20698\",\"url\":\"https:\/\/crees.org.do\/?p=20698\",\"name\":\"Economistas destacan rezago en reformas estructurales del pa\u00eds, aun cuando proyectan que la econom\u00eda crecer\u00e1 en 2018 | CREES\",\"isPartOf\":{\"@id\":\"https:\/\/crees.org.do\/#website\"},\"datePublished\":\"2018-01-01T00:00:00+00:00\",\"breadcrumb\":{\"@id\":\"https:\/\/crees.org.do\/?p=20698#breadcrumb\"},\"inLanguage\":\"es\",\"potentialAction\":[{\"@type\":\"ReadAction\",\"target\":[\"https:\/\/crees.org.do\/?p=20698\"]}]},{\"@type\":\"BreadcrumbList\",\"@id\":\"https:\/\/crees.org.do\/?p=20698#breadcrumb\",\"itemListElement\":[{\"@type\":\"ListItem\",\"position\":1,\"name\":\"Portada\",\"item\":\"https:\/\/crees.org.do\/\"},{\"@type\":\"ListItem\",\"position\":2,\"name\":\"Economistas destacan rezago en reformas estructurales del pa\u00eds, aun cuando proyectan que la econom\u00eda crecer\u00e1 en 2018\"}]},{\"@type\":\"WebSite\",\"@id\":\"https:\/\/crees.org.do\/#website\",\"url\":\"https:\/\/crees.org.do\/\",\"name\":\"CREES\",\"description\":\"Centro Regional de Estrategias Econ\u00f3micas Sostenibles\",\"publisher\":{\"@id\":\"https:\/\/crees.org.do\/#organization\"},\"potentialAction\":[{\"@type\":\"SearchAction\",\"target\":{\"@type\":\"EntryPoint\",\"urlTemplate\":\"https:\/\/crees.org.do\/?s={search_term_string}\"},\"query-input\":{\"@type\":\"PropertyValueSpecification\",\"valueRequired\":true,\"valueName\":\"search_term_string\"}}],\"inLanguage\":\"es\"},{\"@type\":\"Organization\",\"@id\":\"https:\/\/crees.org.do\/#organization\",\"name\":\"CREES | Centro Regional de Estrategias Econ\u00f3micas Sostenibles\",\"url\":\"https:\/\/crees.org.do\/\",\"logo\":{\"@type\":\"ImageObject\",\"inLanguage\":\"es\",\"@id\":\"https:\/\/crees.org.do\/#\/schema\/logo\/image\/\",\"url\":\"https:\/\/crees.org.do\/wp-content\/uploads\/2022\/03\/crees-logo-1.jpg\",\"contentUrl\":\"https:\/\/crees.org.do\/wp-content\/uploads\/2022\/03\/crees-logo-1.jpg\",\"width\":244,\"height\":71,\"caption\":\"CREES | Centro Regional de Estrategias Econ\u00f3micas Sostenibles\"},\"image\":{\"@id\":\"https:\/\/crees.org.do\/#\/schema\/logo\/image\/\"},\"sameAs\":[\"https:\/\/www.facebook.com\/CREESRD\/\",\"https:\/\/x.com\/CREESRD\"]},{\"@type\":\"Person\",\"@id\":\"https:\/\/crees.org.do\/#\/schema\/person\/e7f97cd94d7bf9cd0e0ce30acb7d56b8\",\"name\":\"Crees\",\"image\":{\"@type\":\"ImageObject\",\"inLanguage\":\"es\",\"@id\":\"https:\/\/crees.org.do\/#\/schema\/person\/image\/\",\"url\":\"https:\/\/secure.gravatar.com\/avatar\/390ac8f0be5d9aa046152553e2dd7011b59a512d89c150f5e5f28bb8d9a0b165?s=96&d=mm&r=g\",\"contentUrl\":\"https:\/\/secure.gravatar.com\/avatar\/390ac8f0be5d9aa046152553e2dd7011b59a512d89c150f5e5f28bb8d9a0b165?s=96&d=mm&r=g\",\"caption\":\"Crees\"},\"url\":\"https:\/\/crees.org.do\/?author=2\"}]}<\/script>\n<!-- \/ Yoast SEO plugin. -->","yoast_head_json":{"title":"Economistas destacan rezago en reformas estructurales del pa\u00eds, aun cuando proyectan que la econom\u00eda crecer\u00e1 en 2018 | CREES","robots":{"index":"index","follow":"follow","max-snippet":"max-snippet:-1","max-image-preview":"max-image-preview:large","max-video-preview":"max-video-preview:-1"},"canonical":"https:\/\/crees.org.do\/?p=20698","og_locale":"es_ES","og_type":"article","og_title":"Economistas destacan rezago en reformas estructurales del pa\u00eds, aun cuando proyectan que la econom\u00eda crecer\u00e1 en 2018 | CREES","og_description":"Fecha: 21 de diciembre 2017Extra\u00eddo de listindiario.comLos economista Miguel Collado Di Franco, del Centro Regional de Estrategias Econ\u00f3micas Sostenibles (CREES); y Henri Hebrard, coincidieron en que la Rep\u00fablica Dominicana contin\u00faa al rezago en cuanto a las profundas reformas estructurales que requiere la econom\u00eda.","og_url":"https:\/\/crees.org.do\/?p=20698","og_site_name":"CREES","article_publisher":"https:\/\/www.facebook.com\/CREESRD\/","article_published_time":"2018-01-01T00:00:00+00:00","og_image":[{"width":244,"height":71,"url":"https:\/\/crees.org.do\/wp-content\/uploads\/2022\/03\/crees-logo-1.jpg","type":"image\/jpeg"}],"author":"Crees","twitter_card":"summary_large_image","twitter_creator":"@CREESRD","twitter_site":"@CREESRD","twitter_misc":{"Escrito por":"Crees","Tiempo de lectura":"4 minutos"},"schema":{"@context":"https:\/\/schema.org","@graph":[{"@type":"Article","@id":"https:\/\/crees.org.do\/?p=20698#article","isPartOf":{"@id":"https:\/\/crees.org.do\/?p=20698"},"author":{"name":"Crees","@id":"https:\/\/crees.org.do\/#\/schema\/person\/e7f97cd94d7bf9cd0e0ce30acb7d56b8"},"headline":"Economistas destacan rezago en reformas estructurales del pa\u00eds, aun cuando proyectan que la econom\u00eda crecer\u00e1 en 2018","datePublished":"2018-01-01T00:00:00+00:00","mainEntityOfPage":{"@id":"https:\/\/crees.org.do\/?p=20698"},"wordCount":905,"commentCount":0,"publisher":{"@id":"https:\/\/crees.org.do\/#organization"},"articleSection":["Blog"],"inLanguage":"es"},{"@type":"WebPage","@id":"https:\/\/crees.org.do\/?p=20698","url":"https:\/\/crees.org.do\/?p=20698","name":"Economistas destacan rezago en reformas estructurales del pa\u00eds, aun cuando proyectan que la econom\u00eda crecer\u00e1 en 2018 | CREES","isPartOf":{"@id":"https:\/\/crees.org.do\/#website"},"datePublished":"2018-01-01T00:00:00+00:00","breadcrumb":{"@id":"https:\/\/crees.org.do\/?p=20698#breadcrumb"},"inLanguage":"es","potentialAction":[{"@type":"ReadAction","target":["https:\/\/crees.org.do\/?p=20698"]}]},{"@type":"BreadcrumbList","@id":"https:\/\/crees.org.do\/?p=20698#breadcrumb","itemListElement":[{"@type":"ListItem","position":1,"name":"Portada","item":"https:\/\/crees.org.do\/"},{"@type":"ListItem","position":2,"name":"Economistas destacan rezago en reformas estructurales del pa\u00eds, aun cuando proyectan que la econom\u00eda crecer\u00e1 en 2018"}]},{"@type":"WebSite","@id":"https:\/\/crees.org.do\/#website","url":"https:\/\/crees.org.do\/","name":"CREES","description":"Centro Regional de Estrategias Econ\u00f3micas Sostenibles","publisher":{"@id":"https:\/\/crees.org.do\/#organization"},"potentialAction":[{"@type":"SearchAction","target":{"@type":"EntryPoint","urlTemplate":"https:\/\/crees.org.do\/?s={search_term_string}"},"query-input":{"@type":"PropertyValueSpecification","valueRequired":true,"valueName":"search_term_string"}}],"inLanguage":"es"},{"@type":"Organization","@id":"https:\/\/crees.org.do\/#organization","name":"CREES | Centro Regional de Estrategias Econ\u00f3micas Sostenibles","url":"https:\/\/crees.org.do\/","logo":{"@type":"ImageObject","inLanguage":"es","@id":"https:\/\/crees.org.do\/#\/schema\/logo\/image\/","url":"https:\/\/crees.org.do\/wp-content\/uploads\/2022\/03\/crees-logo-1.jpg","contentUrl":"https:\/\/crees.org.do\/wp-content\/uploads\/2022\/03\/crees-logo-1.jpg","width":244,"height":71,"caption":"CREES | Centro Regional de Estrategias Econ\u00f3micas Sostenibles"},"image":{"@id":"https:\/\/crees.org.do\/#\/schema\/logo\/image\/"},"sameAs":["https:\/\/www.facebook.com\/CREESRD\/","https:\/\/x.com\/CREESRD"]},{"@type":"Person","@id":"https:\/\/crees.org.do\/#\/schema\/person\/e7f97cd94d7bf9cd0e0ce30acb7d56b8","name":"Crees","image":{"@type":"ImageObject","inLanguage":"es","@id":"https:\/\/crees.org.do\/#\/schema\/person\/image\/","url":"https:\/\/secure.gravatar.com\/avatar\/390ac8f0be5d9aa046152553e2dd7011b59a512d89c150f5e5f28bb8d9a0b165?s=96&d=mm&r=g","contentUrl":"https:\/\/secure.gravatar.com\/avatar\/390ac8f0be5d9aa046152553e2dd7011b59a512d89c150f5e5f28bb8d9a0b165?s=96&d=mm&r=g","caption":"Crees"},"url":"https:\/\/crees.org.do\/?author=2"}]}},"_links":{"self":[{"href":"https:\/\/crees.org.do\/index.php?rest_route=\/wp\/v2\/posts\/20698","targetHints":{"allow":["GET"]}}],"collection":[{"href":"https:\/\/crees.org.do\/index.php?rest_route=\/wp\/v2\/posts"}],"about":[{"href":"https:\/\/crees.org.do\/index.php?rest_route=\/wp\/v2\/types\/post"}],"author":[{"embeddable":true,"href":"https:\/\/crees.org.do\/index.php?rest_route=\/wp\/v2\/users\/2"}],"replies":[{"embeddable":true,"href":"https:\/\/crees.org.do\/index.php?rest_route=%2Fwp%2Fv2%2Fcomments&post=20698"}],"version-history":[{"count":0,"href":"https:\/\/crees.org.do\/index.php?rest_route=\/wp\/v2\/posts\/20698\/revisions"}],"wp:attachment":[{"href":"https:\/\/crees.org.do\/index.php?rest_route=%2Fwp%2Fv2%2Fmedia&parent=20698"}],"wp:term":[{"taxonomy":"category","embeddable":true,"href":"https:\/\/crees.org.do\/index.php?rest_route=%2Fwp%2Fv2%2Fcategories&post=20698"},{"taxonomy":"post_tag","embeddable":true,"href":"https:\/\/crees.org.do\/index.php?rest_route=%2Fwp%2Fv2%2Ftags&post=20698"}],"curies":[{"name":"wp","href":"https:\/\/api.w.org\/{rel}","templated":true}]}}