{"id":20724,"date":"2018-01-02T00:00:00","date_gmt":"2018-01-02T00:00:00","guid":{"rendered":"https:\/\/crees.org.do\/economistas-ponen-en-dudas-medidas-monetarias-tengan-impacto-tan-fuerte\/"},"modified":"2018-01-02T00:00:00","modified_gmt":"2018-01-02T00:00:00","slug":"economistas-ponen-en-dudas-medidas-monetarias-tengan-impacto-tan-fuerte","status":"publish","type":"post","link":"https:\/\/crees.org.do\/?p=20724","title":{"rendered":"Economistas ponen en dudas medidas monetarias tengan impacto tan fuerte"},"content":{"rendered":"<p style=\"box-sizing: border-box; margin-bottom: 10px; line-height: 1.5em; font-size: 1.5em; color: rgb(51, 51, 51); font-family: &quot;Open Sans&quot;, sans-serif; background-color: rgb(255, 255, 255); text-align: justify;\"><span style=\"font-size:12px;\"><span style=\"font-family:verdana,geneva,sans-serif;\">Autor: Ubaldo Guzm\u00e1n Molina<\/span><\/span><\/p>\n<p style=\"box-sizing: border-box; margin-bottom: 10px; line-height: 1.5em; font-size: 1.5em; color: rgb(51, 51, 51); font-family: &quot;Open Sans&quot;, sans-serif; background-color: rgb(255, 255, 255); text-align: justify;\"><span style=\"font-size:12px;\"><span style=\"font-family:verdana,geneva,sans-serif;\">Fecha: 9 de febrero del 2018<\/span><\/span><\/p>\n<p style=\"box-sizing: border-box; margin-bottom: 10px; line-height: 1.5em; font-size: 1.5em; color: rgb(51, 51, 51); font-family: &quot;Open Sans&quot;, sans-serif; background-color: rgb(255, 255, 255); text-align: justify;\"><span style=\"font-size:12px;\"><span style=\"font-family:verdana,geneva,sans-serif;\">Extra\u00eddo de <a href=\"http:\/\/hoy.com.do\/economistas-ponen-en-dudas-medidas-monetarias-tengan-impacto-tan-fuerte\/\">hoy.com.do<\/a><\/span><\/span><\/p>\n<p style=\"box-sizing: border-box; margin-bottom: 10px; line-height: 1.5em; font-size: 1.5em; color: rgb(51, 51, 51); font-family: &quot;Open Sans&quot;, sans-serif; background-color: rgb(255, 255, 255); text-align: justify;\"><span style=\"font-size:12px;\"><span style=\"font-family:verdana,geneva,sans-serif;\">Los economistas Ernesto Selman, Pavel Isa Contreras y Miguel Collado Di Franco consideraron ayer que existen inconsistencias en el informe de la econom\u00eda dominicana presentado por el Banco Central.<br style=\"box-sizing: border-box; line-height: 2.7em;\" \/>Hablaron en una actividad organizada por la Asociaci\u00f3n de Empresas Industriales de Herrera y Provincia Santo Domingo.<br style=\"box-sizing: border-box; line-height: 2.7em;\" \/>Selman, vicepresidente ejecutivo del Centro Regional de Estrategias Econ\u00f3micas Sostenibles (CREES), sostuvo que el informe del Banco Central tiene algunas inconsistencias estad\u00edsticas importantes, entre ellas que el sector de la construcci\u00f3n, el cual tiene mucha ponderaci\u00f3n en la econom\u00eda, registr\u00f3 un crecimiento nulo a septiembre del 2017 y, sin embargo, termin\u00f3 creciendo 3.7%.<br style=\"box-sizing: border-box; line-height: 2.7em;\" \/>&ldquo;Es decir, tuvo que crecer 15.2% en el \u00faltimo trimestre para que en el a\u00f1o completo creciera 3.7%. Ah\u00ed hay una inconsistencia importante que hay que tomar en cuenta&rdquo;, dijo.<br style=\"box-sizing: border-box; line-height: 2.7em;\" \/>Expres\u00f3 que a pesar de que 2017 fue un a\u00f1o lluvioso, de fen\u00f3menos naturales e inundaciones, lo que afect\u00f3 la producci\u00f3n y la infraestructura, el informe del Banco Central se\u00f1ala que la agricultura creci\u00f3 5.9%.<br style=\"box-sizing: border-box; line-height: 2.7em;\" \/>Manifest\u00f3 que llama la atenci\u00f3n que un solo trimestre de inversi\u00f3n extranjera directa ingresara al pa\u00eds el mismo monto que en nueve meses.<br style=\"box-sizing: border-box; line-height: 2.7em;\" \/>Sostuvo que tambi\u00e9n en la generaci\u00f3n de empleos existe una inconsistencia importante.<br style=\"box-sizing: border-box; line-height: 2.7em;\" \/>De su lado, Pavel Isa Contreras cree que el gobernador del Banco Central, H\u00e9ctor Valdez Albizu, exagera cuando se\u00f1ala que el impacto de las tormentas Irma y Mar\u00eda represent\u00f3 un 1% del producto bruto Interno (PIB). Se pregunt\u00f3 cu\u00e1nto pudo haber participado el crecimiento del PIB en un mes del a\u00f1o.<br style=\"box-sizing: border-box; line-height: 2.7em;\" \/>&ldquo;Ah\u00ed el gobernador se manej\u00f3 como suele manejarse, en t\u00e9rminos muy de imagen y pol\u00edtico&rdquo;, sostuvo.<br style=\"box-sizing: border-box; line-height: 2.7em;\" \/>Expres\u00f3 que la baja en el ritmo del crecimiento en el 2017 fue culpa del Banco Central, porque apret\u00f3 mucho la pol\u00edtica monetaria en el primer semestre del a\u00f1o para despu\u00e9s venir corriendo a &ldquo;soltar la presa&rdquo;.<br style=\"box-sizing: border-box; line-height: 2.7em;\" \/>Consider\u00f3 que el Banco Central se maneja con flexiblidad cuando los n\u00fameros de crecimiento econ\u00f3mico aprietan y que eso mismo ocurri\u00f3 en el 2013.<br style=\"box-sizing: border-box; line-height: 2.7em;\" \/>Collado, economista s\u00e9nior del CREES, consider\u00f3 que se ha sobredimensionado el impacto de las tormentas Irma y Mar\u00eda en la econom\u00eda.<br style=\"box-sizing: border-box; line-height: 2.7em;\" \/>Expres\u00f3 que no parece consistente el incremento registrado en el \u00faltimo trimestre del a\u00f1o por el sector de construcci\u00f3n.<br style=\"box-sizing: border-box; line-height: 2.7em;\" \/>Cree que se pueden tener medidas artificiales de promoci\u00f3n del cr\u00e9dito, pero no se destin\u00f3 a la construcci\u00f3n.<br style=\"box-sizing: border-box; line-height: 2.7em;\" \/>Selman, Isa Contreras y Collado comentaron las ponencias de los economistas Miguel Ceara Hatton y Henry Hebrard.<br style=\"box-sizing: border-box; line-height: 2.7em;\" \/>Ceara hizo una propuesta para corregir la situaci\u00f3n fiscal y de deuda p\u00fablica 2018, mientras Hebrard analiz\u00f3 el comportamiento de la econom\u00eda del a\u00f1o pasado durante el encuentro organizado por la Asociaci\u00f3n de Empresas Industriales de Herrera y Provincia de Santo Domingo, cuyo presidente, Antonio Taveras Guzm\u00e1n, pronunci\u00f3 las palabras de introducci\u00f3n.<br style=\"box-sizing: border-box; line-height: 2.7em;\" \/>Ceara Hatton propuso que el crecimiento del gasto p\u00fablico debe ser menor que el crecimiento de los ingresos tributarios, a fin de que pueda eliminar el d\u00e9ficit fiscal.<br style=\"box-sizing: border-box; line-height: 2.7em;\" \/>Sostuvo que hay que enfrentar el d\u00e9ficit del Gobierno que se ha convertido en una &ldquo;m\u00e1quina de creaci\u00f3n de deuda p\u00fablica&rdquo; y que sit\u00faa a la Rep\u00fablica Dominicana en una trayectoria de colisi\u00f3n.<br style=\"box-sizing: border-box; line-height: 2.7em;\" \/>Dijo que sabiendo que el gasto agregado (incluyendo el gasto p\u00fablico) determina el nivel de actividad econ\u00f3mica y el empleo en el corto y largo plazo hay que dise\u00f1ar una pol\u00edtica fiscal que afecte lo menos posible nivel de PIB y el empleo, pero que al mismo tiempo garantice estabilidad y sostenibilidad.<br style=\"box-sizing: border-box; line-height: 2.7em;\" \/>Hebrard dijo que el crecimiento econ\u00f3mico del 2017 fue insuficiente, porque debajo del 5% se tiene una serie de problemas.<\/span><\/span><\/p>\n<p style=\"box-sizing: border-box; margin-bottom: 10px; line-height: 1.5em; font-size: 1.5em; color: rgb(51, 51, 51); font-family: &quot;Open Sans&quot;, sans-serif; background-color: rgb(255, 255, 255); text-align: justify;\"><span style=\"font-size:12px;\"><span style=\"font-family:verdana,geneva,sans-serif;\">Expres\u00f3 que el nivel de crecimiento ha sido posible por medidas monetarias en el segundo semestre y una relativa aceleraci\u00f3n del gasto p\u00fablico.<br style=\"box-sizing: border-box; line-height: 2.7em;\" \/>Expres\u00f3 que de los 110,000 empleos creados en 2017, el sector p\u00fablico aport\u00f3 m\u00e1s de 60,000. Se\u00f1al\u00f3 que el sector privado formal ha disminuido su personal.<br style=\"box-sizing: border-box; line-height: 2.7em;\" \/>Entiende que los factores negativos del a\u00f1o pasado fueron compensados por el excelente desempe\u00f1o de la econom\u00eda de Estados Unidos y las medidas monetarias para disminuir las tasas de inter\u00e9s.<\/span><\/span><\/p>\n<div class=\"pvc_clear\"><\/div>\n<p class=\"pvc_stats all \" data-element-id=\"20724\" style=\"\"><i class=\"pvc-stats-icon medium\" aria-hidden=\"true\"><svg aria-hidden=\"true\" focusable=\"false\" data-prefix=\"far\" data-icon=\"chart-bar\" role=\"img\" xmlns=\"http:\/\/www.w3.org\/2000\/svg\" viewBox=\"0 0 512 512\" class=\"svg-inline--fa fa-chart-bar fa-w-16 fa-2x\"><path fill=\"currentColor\" d=\"M396.8 352h22.4c6.4 0 12.8-6.4 12.8-12.8V108.8c0-6.4-6.4-12.8-12.8-12.8h-22.4c-6.4 0-12.8 6.4-12.8 12.8v230.4c0 6.4 6.4 12.8 12.8 12.8zm-192 0h22.4c6.4 0 12.8-6.4 12.8-12.8V140.8c0-6.4-6.4-12.8-12.8-12.8h-22.4c-6.4 0-12.8 6.4-12.8 12.8v198.4c0 6.4 6.4 12.8 12.8 12.8zm96 0h22.4c6.4 0 12.8-6.4 12.8-12.8V204.8c0-6.4-6.4-12.8-12.8-12.8h-22.4c-6.4 0-12.8 6.4-12.8 12.8v134.4c0 6.4 6.4 12.8 12.8 12.8zM496 400H48V80c0-8.84-7.16-16-16-16H16C7.16 64 0 71.16 0 80v336c0 17.67 14.33 32 32 32h464c8.84 0 16-7.16 16-16v-16c0-8.84-7.16-16-16-16zm-387.2-48h22.4c6.4 0 12.8-6.4 12.8-12.8v-70.4c0-6.4-6.4-12.8-12.8-12.8h-22.4c-6.4 0-12.8 6.4-12.8 12.8v70.4c0 6.4 6.4 12.8 12.8 12.8z\" class=\"\"><\/path><\/svg><\/i> Vistas Totales&nbsp;283&nbsp;, Vistas Hoy&nbsp;1&nbsp;<\/p>\n<div class=\"pvc_clear\"><\/div>\n","protected":false},"excerpt":{"rendered":"<p>Autor: Ubaldo Guzm\u00e1n MolinaFecha: 9 de febrero del 2018Extra\u00eddo de hoy.com.doLos economistas Ernesto Selman, Pavel Isa Contreras y Miguel Collado Di Franco consideraron ayer que existen inconsistencias en el informe de la econom\u00eda dominicana presentado por el Banco Central.<\/p>\n<div class=\"pvc_clear\"><\/div>\n<p class=\"pvc_stats all \" data-element-id=\"20724\" style=\"\"><i class=\"pvc-stats-icon medium\" aria-hidden=\"true\"><svg aria-hidden=\"true\" focusable=\"false\" data-prefix=\"far\" data-icon=\"chart-bar\" role=\"img\" xmlns=\"http:\/\/www.w3.org\/2000\/svg\" viewBox=\"0 0 512 512\" class=\"svg-inline--fa fa-chart-bar fa-w-16 fa-2x\"><path fill=\"currentColor\" d=\"M396.8 352h22.4c6.4 0 12.8-6.4 12.8-12.8V108.8c0-6.4-6.4-12.8-12.8-12.8h-22.4c-6.4 0-12.8 6.4-12.8 12.8v230.4c0 6.4 6.4 12.8 12.8 12.8zm-192 0h22.4c6.4 0 12.8-6.4 12.8-12.8V140.8c0-6.4-6.4-12.8-12.8-12.8h-22.4c-6.4 0-12.8 6.4-12.8 12.8v198.4c0 6.4 6.4 12.8 12.8 12.8zm96 0h22.4c6.4 0 12.8-6.4 12.8-12.8V204.8c0-6.4-6.4-12.8-12.8-12.8h-22.4c-6.4 0-12.8 6.4-12.8 12.8v134.4c0 6.4 6.4 12.8 12.8 12.8zM496 400H48V80c0-8.84-7.16-16-16-16H16C7.16 64 0 71.16 0 80v336c0 17.67 14.33 32 32 32h464c8.84 0 16-7.16 16-16v-16c0-8.84-7.16-16-16-16zm-387.2-48h22.4c6.4 0 12.8-6.4 12.8-12.8v-70.4c0-6.4-6.4-12.8-12.8-12.8h-22.4c-6.4 0-12.8 6.4-12.8 12.8v70.4c0 6.4 6.4 12.8 12.8 12.8z\" class=\"\"><\/path><\/svg><\/i> Vistas Totales&nbsp;283&nbsp;, Vistas Hoy&nbsp;1&nbsp;<\/p>\n<div class=\"pvc_clear\"><\/div>\n","protected":false},"author":2,"featured_media":0,"comment_status":"open","ping_status":"open","sticky":false,"template":"","format":"standard","meta":{"footnotes":""},"categories":[21],"tags":[],"class_list":["post-20724","post","type-post","status-publish","format-standard","hentry","category-blog"],"yoast_head":"<!-- This site is optimized with the Yoast SEO plugin v25.2 - https:\/\/yoast.com\/wordpress\/plugins\/seo\/ -->\n<title>Economistas ponen en dudas medidas monetarias tengan impacto tan fuerte | CREES<\/title>\n<meta name=\"robots\" content=\"index, follow, max-snippet:-1, max-image-preview:large, max-video-preview:-1\" \/>\n<link rel=\"canonical\" href=\"https:\/\/crees.org.do\/?p=20724\" \/>\n<meta property=\"og:locale\" content=\"es_ES\" \/>\n<meta property=\"og:type\" content=\"article\" \/>\n<meta property=\"og:title\" content=\"Economistas ponen en dudas medidas monetarias tengan impacto tan fuerte | CREES\" \/>\n<meta property=\"og:description\" content=\"Autor: Ubaldo Guzm\u00e1n MolinaFecha: 9 de febrero del 2018Extra\u00eddo de hoy.com.doLos economistas Ernesto Selman, Pavel Isa Contreras y Miguel Collado Di Franco consideraron ayer que existen inconsistencias en el informe de la econom\u00eda dominicana presentado por el Banco Central.\" \/>\n<meta property=\"og:url\" content=\"https:\/\/crees.org.do\/?p=20724\" \/>\n<meta property=\"og:site_name\" content=\"CREES\" \/>\n<meta property=\"article:publisher\" content=\"https:\/\/www.facebook.com\/CREESRD\/\" \/>\n<meta property=\"article:published_time\" content=\"2018-01-02T00:00:00+00:00\" \/>\n<meta property=\"og:image\" content=\"https:\/\/crees.org.do\/wp-content\/uploads\/2022\/03\/crees-logo-1.jpg\" \/>\n\t<meta property=\"og:image:width\" content=\"244\" \/>\n\t<meta property=\"og:image:height\" content=\"71\" \/>\n\t<meta property=\"og:image:type\" content=\"image\/jpeg\" \/>\n<meta name=\"author\" content=\"Crees\" \/>\n<meta name=\"twitter:card\" content=\"summary_large_image\" \/>\n<meta name=\"twitter:creator\" content=\"@CREESRD\" \/>\n<meta name=\"twitter:site\" content=\"@CREESRD\" \/>\n<meta name=\"twitter:label1\" content=\"Escrito por\" \/>\n\t<meta name=\"twitter:data1\" content=\"Crees\" \/>\n\t<meta name=\"twitter:label2\" content=\"Tiempo de lectura\" \/>\n\t<meta name=\"twitter:data2\" content=\"4 minutos\" \/>\n<script type=\"application\/ld+json\" class=\"yoast-schema-graph\">{\"@context\":\"https:\/\/schema.org\",\"@graph\":[{\"@type\":\"Article\",\"@id\":\"https:\/\/crees.org.do\/?p=20724#article\",\"isPartOf\":{\"@id\":\"https:\/\/crees.org.do\/?p=20724\"},\"author\":{\"name\":\"Crees\",\"@id\":\"https:\/\/crees.org.do\/#\/schema\/person\/e7f97cd94d7bf9cd0e0ce30acb7d56b8\"},\"headline\":\"Economistas ponen en dudas medidas monetarias tengan impacto tan fuerte\",\"datePublished\":\"2018-01-02T00:00:00+00:00\",\"mainEntityOfPage\":{\"@id\":\"https:\/\/crees.org.do\/?p=20724\"},\"wordCount\":751,\"commentCount\":0,\"publisher\":{\"@id\":\"https:\/\/crees.org.do\/#organization\"},\"articleSection\":[\"Blog\"],\"inLanguage\":\"es\"},{\"@type\":\"WebPage\",\"@id\":\"https:\/\/crees.org.do\/?p=20724\",\"url\":\"https:\/\/crees.org.do\/?p=20724\",\"name\":\"Economistas ponen en dudas medidas monetarias tengan impacto tan fuerte | CREES\",\"isPartOf\":{\"@id\":\"https:\/\/crees.org.do\/#website\"},\"datePublished\":\"2018-01-02T00:00:00+00:00\",\"breadcrumb\":{\"@id\":\"https:\/\/crees.org.do\/?p=20724#breadcrumb\"},\"inLanguage\":\"es\",\"potentialAction\":[{\"@type\":\"ReadAction\",\"target\":[\"https:\/\/crees.org.do\/?p=20724\"]}]},{\"@type\":\"BreadcrumbList\",\"@id\":\"https:\/\/crees.org.do\/?p=20724#breadcrumb\",\"itemListElement\":[{\"@type\":\"ListItem\",\"position\":1,\"name\":\"Portada\",\"item\":\"https:\/\/crees.org.do\/\"},{\"@type\":\"ListItem\",\"position\":2,\"name\":\"Economistas ponen en dudas medidas monetarias tengan impacto tan fuerte\"}]},{\"@type\":\"WebSite\",\"@id\":\"https:\/\/crees.org.do\/#website\",\"url\":\"https:\/\/crees.org.do\/\",\"name\":\"CREES\",\"description\":\"Centro Regional de Estrategias Econ\u00f3micas Sostenibles\",\"publisher\":{\"@id\":\"https:\/\/crees.org.do\/#organization\"},\"potentialAction\":[{\"@type\":\"SearchAction\",\"target\":{\"@type\":\"EntryPoint\",\"urlTemplate\":\"https:\/\/crees.org.do\/?s={search_term_string}\"},\"query-input\":{\"@type\":\"PropertyValueSpecification\",\"valueRequired\":true,\"valueName\":\"search_term_string\"}}],\"inLanguage\":\"es\"},{\"@type\":\"Organization\",\"@id\":\"https:\/\/crees.org.do\/#organization\",\"name\":\"CREES | Centro Regional de Estrategias Econ\u00f3micas Sostenibles\",\"url\":\"https:\/\/crees.org.do\/\",\"logo\":{\"@type\":\"ImageObject\",\"inLanguage\":\"es\",\"@id\":\"https:\/\/crees.org.do\/#\/schema\/logo\/image\/\",\"url\":\"https:\/\/crees.org.do\/wp-content\/uploads\/2022\/03\/crees-logo-1.jpg\",\"contentUrl\":\"https:\/\/crees.org.do\/wp-content\/uploads\/2022\/03\/crees-logo-1.jpg\",\"width\":244,\"height\":71,\"caption\":\"CREES | Centro Regional de Estrategias Econ\u00f3micas Sostenibles\"},\"image\":{\"@id\":\"https:\/\/crees.org.do\/#\/schema\/logo\/image\/\"},\"sameAs\":[\"https:\/\/www.facebook.com\/CREESRD\/\",\"https:\/\/x.com\/CREESRD\"]},{\"@type\":\"Person\",\"@id\":\"https:\/\/crees.org.do\/#\/schema\/person\/e7f97cd94d7bf9cd0e0ce30acb7d56b8\",\"name\":\"Crees\",\"image\":{\"@type\":\"ImageObject\",\"inLanguage\":\"es\",\"@id\":\"https:\/\/crees.org.do\/#\/schema\/person\/image\/\",\"url\":\"https:\/\/secure.gravatar.com\/avatar\/390ac8f0be5d9aa046152553e2dd7011b59a512d89c150f5e5f28bb8d9a0b165?s=96&d=mm&r=g\",\"contentUrl\":\"https:\/\/secure.gravatar.com\/avatar\/390ac8f0be5d9aa046152553e2dd7011b59a512d89c150f5e5f28bb8d9a0b165?s=96&d=mm&r=g\",\"caption\":\"Crees\"},\"url\":\"https:\/\/crees.org.do\/?author=2\"}]}<\/script>\n<!-- \/ Yoast SEO plugin. -->","yoast_head_json":{"title":"Economistas ponen en dudas medidas monetarias tengan impacto tan fuerte | CREES","robots":{"index":"index","follow":"follow","max-snippet":"max-snippet:-1","max-image-preview":"max-image-preview:large","max-video-preview":"max-video-preview:-1"},"canonical":"https:\/\/crees.org.do\/?p=20724","og_locale":"es_ES","og_type":"article","og_title":"Economistas ponen en dudas medidas monetarias tengan impacto tan fuerte | CREES","og_description":"Autor: Ubaldo Guzm\u00e1n MolinaFecha: 9 de febrero del 2018Extra\u00eddo de hoy.com.doLos economistas Ernesto Selman, Pavel Isa Contreras y Miguel Collado Di Franco consideraron ayer que existen inconsistencias en el informe de la econom\u00eda dominicana presentado por el Banco Central.","og_url":"https:\/\/crees.org.do\/?p=20724","og_site_name":"CREES","article_publisher":"https:\/\/www.facebook.com\/CREESRD\/","article_published_time":"2018-01-02T00:00:00+00:00","og_image":[{"width":244,"height":71,"url":"https:\/\/crees.org.do\/wp-content\/uploads\/2022\/03\/crees-logo-1.jpg","type":"image\/jpeg"}],"author":"Crees","twitter_card":"summary_large_image","twitter_creator":"@CREESRD","twitter_site":"@CREESRD","twitter_misc":{"Escrito por":"Crees","Tiempo de lectura":"4 minutos"},"schema":{"@context":"https:\/\/schema.org","@graph":[{"@type":"Article","@id":"https:\/\/crees.org.do\/?p=20724#article","isPartOf":{"@id":"https:\/\/crees.org.do\/?p=20724"},"author":{"name":"Crees","@id":"https:\/\/crees.org.do\/#\/schema\/person\/e7f97cd94d7bf9cd0e0ce30acb7d56b8"},"headline":"Economistas ponen en dudas medidas monetarias tengan impacto tan fuerte","datePublished":"2018-01-02T00:00:00+00:00","mainEntityOfPage":{"@id":"https:\/\/crees.org.do\/?p=20724"},"wordCount":751,"commentCount":0,"publisher":{"@id":"https:\/\/crees.org.do\/#organization"},"articleSection":["Blog"],"inLanguage":"es"},{"@type":"WebPage","@id":"https:\/\/crees.org.do\/?p=20724","url":"https:\/\/crees.org.do\/?p=20724","name":"Economistas ponen en dudas medidas monetarias tengan impacto tan fuerte | CREES","isPartOf":{"@id":"https:\/\/crees.org.do\/#website"},"datePublished":"2018-01-02T00:00:00+00:00","breadcrumb":{"@id":"https:\/\/crees.org.do\/?p=20724#breadcrumb"},"inLanguage":"es","potentialAction":[{"@type":"ReadAction","target":["https:\/\/crees.org.do\/?p=20724"]}]},{"@type":"BreadcrumbList","@id":"https:\/\/crees.org.do\/?p=20724#breadcrumb","itemListElement":[{"@type":"ListItem","position":1,"name":"Portada","item":"https:\/\/crees.org.do\/"},{"@type":"ListItem","position":2,"name":"Economistas ponen en dudas medidas monetarias tengan impacto tan fuerte"}]},{"@type":"WebSite","@id":"https:\/\/crees.org.do\/#website","url":"https:\/\/crees.org.do\/","name":"CREES","description":"Centro Regional de Estrategias Econ\u00f3micas Sostenibles","publisher":{"@id":"https:\/\/crees.org.do\/#organization"},"potentialAction":[{"@type":"SearchAction","target":{"@type":"EntryPoint","urlTemplate":"https:\/\/crees.org.do\/?s={search_term_string}"},"query-input":{"@type":"PropertyValueSpecification","valueRequired":true,"valueName":"search_term_string"}}],"inLanguage":"es"},{"@type":"Organization","@id":"https:\/\/crees.org.do\/#organization","name":"CREES | Centro Regional de Estrategias Econ\u00f3micas Sostenibles","url":"https:\/\/crees.org.do\/","logo":{"@type":"ImageObject","inLanguage":"es","@id":"https:\/\/crees.org.do\/#\/schema\/logo\/image\/","url":"https:\/\/crees.org.do\/wp-content\/uploads\/2022\/03\/crees-logo-1.jpg","contentUrl":"https:\/\/crees.org.do\/wp-content\/uploads\/2022\/03\/crees-logo-1.jpg","width":244,"height":71,"caption":"CREES | Centro Regional de Estrategias Econ\u00f3micas Sostenibles"},"image":{"@id":"https:\/\/crees.org.do\/#\/schema\/logo\/image\/"},"sameAs":["https:\/\/www.facebook.com\/CREESRD\/","https:\/\/x.com\/CREESRD"]},{"@type":"Person","@id":"https:\/\/crees.org.do\/#\/schema\/person\/e7f97cd94d7bf9cd0e0ce30acb7d56b8","name":"Crees","image":{"@type":"ImageObject","inLanguage":"es","@id":"https:\/\/crees.org.do\/#\/schema\/person\/image\/","url":"https:\/\/secure.gravatar.com\/avatar\/390ac8f0be5d9aa046152553e2dd7011b59a512d89c150f5e5f28bb8d9a0b165?s=96&d=mm&r=g","contentUrl":"https:\/\/secure.gravatar.com\/avatar\/390ac8f0be5d9aa046152553e2dd7011b59a512d89c150f5e5f28bb8d9a0b165?s=96&d=mm&r=g","caption":"Crees"},"url":"https:\/\/crees.org.do\/?author=2"}]}},"_links":{"self":[{"href":"https:\/\/crees.org.do\/index.php?rest_route=\/wp\/v2\/posts\/20724","targetHints":{"allow":["GET"]}}],"collection":[{"href":"https:\/\/crees.org.do\/index.php?rest_route=\/wp\/v2\/posts"}],"about":[{"href":"https:\/\/crees.org.do\/index.php?rest_route=\/wp\/v2\/types\/post"}],"author":[{"embeddable":true,"href":"https:\/\/crees.org.do\/index.php?rest_route=\/wp\/v2\/users\/2"}],"replies":[{"embeddable":true,"href":"https:\/\/crees.org.do\/index.php?rest_route=%2Fwp%2Fv2%2Fcomments&post=20724"}],"version-history":[{"count":0,"href":"https:\/\/crees.org.do\/index.php?rest_route=\/wp\/v2\/posts\/20724\/revisions"}],"wp:attachment":[{"href":"https:\/\/crees.org.do\/index.php?rest_route=%2Fwp%2Fv2%2Fmedia&parent=20724"}],"wp:term":[{"taxonomy":"category","embeddable":true,"href":"https:\/\/crees.org.do\/index.php?rest_route=%2Fwp%2Fv2%2Fcategories&post=20724"},{"taxonomy":"post_tag","embeddable":true,"href":"https:\/\/crees.org.do\/index.php?rest_route=%2Fwp%2Fv2%2Ftags&post=20724"}],"curies":[{"name":"wp","href":"https:\/\/api.w.org\/{rel}","templated":true}]}}