{"id":20731,"date":"2018-01-03T00:00:00","date_gmt":"2018-01-03T00:00:00","guid":{"rendered":"https:\/\/crees.org.do\/crees-vaticina-pacto-electrico-no-resolvera-los-graves-problemas-que-enfrenta-el-sector\/"},"modified":"2018-01-03T00:00:00","modified_gmt":"2018-01-03T00:00:00","slug":"crees-vaticina-pacto-electrico-no-resolvera-los-graves-problemas-que-enfrenta-el-sector","status":"publish","type":"post","link":"https:\/\/crees.org.do\/?p=20731","title":{"rendered":"CREES vaticina Pacto El\u00e9ctrico no resolver\u00e1 los graves problemas que enfrenta el sector"},"content":{"rendered":"<p style=\"margin-bottom: 10px; padding: 0px; border: 0px; outline: 0px; vertical-align: baseline; color: rgb(51, 51, 51); background-color: rgb(255, 255, 255); text-align: justify;\"><span style=\"font-size:12px;\"><span style=\"font-family:verdana,geneva,sans-serif;\">Autor: List\u00edn Diario<\/span><\/span><\/p>\n<p style=\"margin-bottom: 10px; padding: 0px; border: 0px; outline: 0px; vertical-align: baseline; color: rgb(51, 51, 51); background-color: rgb(255, 255, 255); text-align: justify;\"><span style=\"font-size:12px;\"><span style=\"font-family:verdana,geneva,sans-serif;\">Fecha: 11 de marzo del 2018<\/span><\/span><\/p>\n<p style=\"margin-bottom: 10px; padding: 0px; border: 0px; outline: 0px; vertical-align: baseline; color: rgb(51, 51, 51); background-color: rgb(255, 255, 255); text-align: justify;\"><span style=\"font-size:12px;\"><span style=\"font-family:verdana,geneva,sans-serif;\">El director ejecutivo del Centro Regional de Estrategia Econ\u00f3micas Sostenibles (CREES),&nbsp; vaticin\u00f3 que la firma y puesta el ejecuci\u00f3n del Pacto El\u00e9ctrico no resolver\u00e1 los graves problemas que afectan al sector, caracterizado por apagones, altas facturas y un eterno d\u00e9ficit que le ha costado miles de millones de d\u00f3lares al contribuyente dominicano.<\/span><\/span><\/p>\n<p style=\"margin-bottom: 10px; padding: 0px; border: 0px; outline: 0px; vertical-align: baseline; color: rgb(51, 51, 51); background-color: rgb(255, 255, 255); text-align: justify;\"><span style=\"font-size:12px;\"><span style=\"font-family:verdana,geneva,sans-serif;\">El economista Ernesto Selman dijo que el proyecto de las plantas a carb\u00f3n de Punta Catalina no se concluir\u00e1 hasta el 2020, aunque siendo un poco optimista quiz\u00e1s est\u00e9 listo para finales del 2019.<\/span><\/span><\/p>\n<p style=\"margin-bottom: 10px; padding: 0px; border: 0px; outline: 0px; vertical-align: baseline; color: rgb(51, 51, 51); background-color: rgb(255, 255, 255); text-align: justify;\"><span style=\"font-size:12px;\"><span style=\"font-family:verdana,geneva,sans-serif;\">Selman record\u00f3 que el ministro de Energ\u00eda y Minas, Antonio Isa Conde, dijo que ya se consensu\u00f3 el 5 por ciento de los puntos discutidos en el Pacto, que en ese cinco por ciento restantes se encuentran las temas primordiales.<\/span><\/span><\/p>\n<p style=\"margin-bottom: 10px; padding: 0px; border: 0px; outline: 0px; vertical-align: baseline; color: rgb(51, 51, 51); background-color: rgb(255, 255, 255); text-align: justify;\"><span style=\"font-size:12px;\"><span style=\"font-family:verdana,geneva,sans-serif;\">Entrevistado por H\u00e9ctor Herrera Cabral en el programa D&acute; AGENDA que cada domingo se difunde por Telesistema canal 11, explic\u00f3 que si la estrategia es que el Estado invierta en generaci\u00f3n como est\u00e1 sucediendo con Punta Catalina y mantener el control de las Distribuidoras, evidentemente, eso no ha resultado porque la tercera parte de la energ\u00eda que se genera se pierde por robo, fraude y por deficiencias en las redes de distribuci\u00f3n.<\/span><\/span><\/p>\n<p style=\"margin-bottom: 10px; padding: 0px; border: 0px; outline: 0px; vertical-align: baseline; color: rgb(51, 51, 51); background-color: rgb(255, 255, 255); text-align: justify;\"><span style=\"font-size:12px;\"><span style=\"font-family:verdana,geneva,sans-serif;\">Argument\u00f3 que con eso se est\u00e1 cometiendo un error, pues se est\u00e1 manteniendo el estatus quo, es decir, se hace todo ese ejercicio de que se pueda firmar algo, pero al fin y al cabo se mantiene todo igual.<\/span><\/span><\/p>\n<p style=\"margin-bottom: 10px; padding: 0px; border: 0px; outline: 0px; vertical-align: baseline; color: rgb(51, 51, 51); background-color: rgb(255, 255, 255); text-align: justify;\"><span style=\"font-size:12px;\"><span style=\"font-family:verdana,geneva,sans-serif;\">&ldquo;Entonces hacemos un ejercicio para terminar con el mismo sector el\u00e9ctrico, y cuidado si mirando a ese sector que ten\u00edamos antes de la CDEEE del pasado cuando entraba en generaci\u00f3n, distribuci\u00f3n y transmisi\u00f3n que todav\u00eda se mantiene en manos del Estado dominicano&ldquo;, detall\u00f3 el director ejecutivo del CREES.<\/span><\/span><\/p>\n<p style=\"margin-bottom: 10px; padding: 0px; border: 0px; outline: 0px; vertical-align: baseline; color: rgb(51, 51, 51); background-color: rgb(255, 255, 255); text-align: justify;\"><span style=\"font-size:12px;\"><span style=\"font-family:verdana,geneva,sans-serif;\">Selman puso como ejemplo que en la actualidad el gobierno tiene una inversi\u00f3n en generaci\u00f3n, que seg\u00fan \u00e9l, se aproxima a los tres mil millones de d\u00f3lares, cuando de lo que se genera en la actualidad hay una disponibilidad de alrededor de un 15 por ciento que las distribuidoras no utilizan.<\/span><\/span><\/p>\n<p style=\"margin-bottom: 10px; padding: 0px; border: 0px; outline: 0px; vertical-align: baseline; color: rgb(51, 51, 51); background-color: rgb(255, 255, 255); text-align: justify;\"><span style=\"font-size:12px;\"><span style=\"font-family:verdana,geneva,sans-serif;\">&ldquo;Particularmente nuestros an\u00e1lisis nos dicen que no habr\u00e1 ning\u00fan cambio en el sector el\u00e9ctrico con la firma de este pacto, habr\u00e1n algunos cambios marginales, pero en los fundamentos se mantendr\u00eda el sector el\u00e9ctrico como los vemos hoy d\u00eda&ldquo;, ratific\u00f3 el profesional de la econom\u00eda.<\/span><\/span><\/p>\n<p style=\"margin-bottom: 10px; padding: 0px; border: 0px; outline: 0px; vertical-align: baseline; color: rgb(51, 51, 51); background-color: rgb(255, 255, 255); text-align: justify;\"><span style=\"font-size:12px;\"><span style=\"font-family:verdana,geneva,sans-serif;\">Explic\u00f3 que las distribuidoras no demandan m\u00e1s energ\u00eda, pese haber un 15 por ciento de disponibilidad no usada, se debe a que, en la medida en que la demanda, tiene que pagar m\u00e1s subsidio porque pierde m\u00e1s energ\u00eda.<\/span><\/span><\/p>\n<p style=\"margin-bottom: 10px; padding: 0px; border: 0px; outline: 0px; vertical-align: baseline; color: rgb(51, 51, 51); background-color: rgb(255, 255, 255); text-align: justify;\"><span style=\"font-size:12px;\"><span style=\"font-family:verdana,geneva,sans-serif;\">&ldquo;Si usted pierde una tercera parte de la energ\u00eda que compra, mientras m\u00e1s energ\u00eda usted compra, m\u00e1s pierde, y por ende m\u00e1s subsidio va a tener que buscar departe del gobierno, entonces nosotros seguimos pagando unos subsidios de 350 a 400 millones de d\u00f3lares en los \u00faltimos a\u00f1os luego que baj\u00f3 la factura petrolera&ldquo;, detall\u00f3.<\/span><\/span><\/p>\n<p style=\"margin-bottom: 10px; padding: 0px; border: 0px; outline: 0px; vertical-align: baseline; color: rgb(51, 51, 51); background-color: rgb(255, 255, 255); text-align: justify;\"><span style=\"font-size:12px;\"><span style=\"font-family:verdana,geneva,sans-serif;\">Ernesto Selman reiter\u00f3 que el Pacto El\u00e9ctrico no est\u00e1 aportando nada nuevo a esos temas, y vaticin\u00f3 que todo se mantendr\u00e1 igual a todo lo que se ha visto, y se trata de una visi\u00f3n realista, y no pesimista del sector el\u00e9ctrico<\/span><\/span><\/p>\n<p style=\"margin-bottom: 10px; padding: 0px; border: 0px; outline: 0px; vertical-align: baseline; color: rgb(51, 51, 51); background-color: rgb(255, 255, 255); text-align: justify;\"><span style=\"font-size:12px;\"><span style=\"font-family:verdana,geneva,sans-serif;\">Sobre la terminaci\u00f3n de Punta Catalina, record\u00f3 que el CREES vaticin\u00f3 que no estar\u00eda listo antes del 2019, pero que ahora cuestionan esa fecha y piensa que ser\u00e1 en el 2020 su culminaci\u00f3n, ya que el proyecto est\u00e1 detenido por falta de recursos producto de impase entre el gobierno y el consorcio que construye la obra.<\/span><\/span><\/p>\n<div class=\"pvc_clear\"><\/div>\n<p class=\"pvc_stats all \" data-element-id=\"20731\" style=\"\"><i class=\"pvc-stats-icon medium\" aria-hidden=\"true\"><svg aria-hidden=\"true\" focusable=\"false\" data-prefix=\"far\" data-icon=\"chart-bar\" role=\"img\" xmlns=\"http:\/\/www.w3.org\/2000\/svg\" viewBox=\"0 0 512 512\" class=\"svg-inline--fa fa-chart-bar fa-w-16 fa-2x\"><path fill=\"currentColor\" d=\"M396.8 352h22.4c6.4 0 12.8-6.4 12.8-12.8V108.8c0-6.4-6.4-12.8-12.8-12.8h-22.4c-6.4 0-12.8 6.4-12.8 12.8v230.4c0 6.4 6.4 12.8 12.8 12.8zm-192 0h22.4c6.4 0 12.8-6.4 12.8-12.8V140.8c0-6.4-6.4-12.8-12.8-12.8h-22.4c-6.4 0-12.8 6.4-12.8 12.8v198.4c0 6.4 6.4 12.8 12.8 12.8zm96 0h22.4c6.4 0 12.8-6.4 12.8-12.8V204.8c0-6.4-6.4-12.8-12.8-12.8h-22.4c-6.4 0-12.8 6.4-12.8 12.8v134.4c0 6.4 6.4 12.8 12.8 12.8zM496 400H48V80c0-8.84-7.16-16-16-16H16C7.16 64 0 71.16 0 80v336c0 17.67 14.33 32 32 32h464c8.84 0 16-7.16 16-16v-16c0-8.84-7.16-16-16-16zm-387.2-48h22.4c6.4 0 12.8-6.4 12.8-12.8v-70.4c0-6.4-6.4-12.8-12.8-12.8h-22.4c-6.4 0-12.8 6.4-12.8 12.8v70.4c0 6.4 6.4 12.8 12.8 12.8z\" class=\"\"><\/path><\/svg><\/i> Vistas Totales&nbsp;313&nbsp;, Vistas Hoy&nbsp;1&nbsp;<\/p>\n<div class=\"pvc_clear\"><\/div>\n","protected":false},"excerpt":{"rendered":"<p>Autor: List\u00edn DiarioFecha: 11 de marzo del 2018El director ejecutivo del Centro Regional de Estrategia Econ\u00f3micas Sostenibles (CREES),  vaticin\u00f3 que la firma y puesta el ejecuci\u00f3n del Pacto El\u00e9ctrico no resolver\u00e1 los graves problemas que afectan al sector, caracterizado por apagones, altas facturas y un eterno d\u00e9ficit que le ha costado miles de millones de d\u00f3lares al contribuyente dominicano.<\/p>\n<div class=\"pvc_clear\"><\/div>\n<p class=\"pvc_stats all \" data-element-id=\"20731\" style=\"\"><i class=\"pvc-stats-icon medium\" aria-hidden=\"true\"><svg aria-hidden=\"true\" focusable=\"false\" data-prefix=\"far\" data-icon=\"chart-bar\" role=\"img\" xmlns=\"http:\/\/www.w3.org\/2000\/svg\" viewBox=\"0 0 512 512\" class=\"svg-inline--fa fa-chart-bar fa-w-16 fa-2x\"><path fill=\"currentColor\" d=\"M396.8 352h22.4c6.4 0 12.8-6.4 12.8-12.8V108.8c0-6.4-6.4-12.8-12.8-12.8h-22.4c-6.4 0-12.8 6.4-12.8 12.8v230.4c0 6.4 6.4 12.8 12.8 12.8zm-192 0h22.4c6.4 0 12.8-6.4 12.8-12.8V140.8c0-6.4-6.4-12.8-12.8-12.8h-22.4c-6.4 0-12.8 6.4-12.8 12.8v198.4c0 6.4 6.4 12.8 12.8 12.8zm96 0h22.4c6.4 0 12.8-6.4 12.8-12.8V204.8c0-6.4-6.4-12.8-12.8-12.8h-22.4c-6.4 0-12.8 6.4-12.8 12.8v134.4c0 6.4 6.4 12.8 12.8 12.8zM496 400H48V80c0-8.84-7.16-16-16-16H16C7.16 64 0 71.16 0 80v336c0 17.67 14.33 32 32 32h464c8.84 0 16-7.16 16-16v-16c0-8.84-7.16-16-16-16zm-387.2-48h22.4c6.4 0 12.8-6.4 12.8-12.8v-70.4c0-6.4-6.4-12.8-12.8-12.8h-22.4c-6.4 0-12.8 6.4-12.8 12.8v70.4c0 6.4 6.4 12.8 12.8 12.8z\" class=\"\"><\/path><\/svg><\/i> Vistas Totales&nbsp;313&nbsp;, Vistas Hoy&nbsp;1&nbsp;<\/p>\n<div class=\"pvc_clear\"><\/div>\n","protected":false},"author":2,"featured_media":0,"comment_status":"open","ping_status":"open","sticky":false,"template":"","format":"standard","meta":{"footnotes":""},"categories":[21],"tags":[],"class_list":["post-20731","post","type-post","status-publish","format-standard","hentry","category-blog"],"yoast_head":"<!-- This site is optimized with the Yoast SEO plugin v25.2 - https:\/\/yoast.com\/wordpress\/plugins\/seo\/ -->\n<title>CREES vaticina Pacto El\u00e9ctrico no resolver\u00e1 los graves problemas que enfrenta el sector | CREES<\/title>\n<meta name=\"robots\" content=\"index, follow, max-snippet:-1, max-image-preview:large, max-video-preview:-1\" \/>\n<link rel=\"canonical\" href=\"https:\/\/crees.org.do\/?p=20731\" \/>\n<meta property=\"og:locale\" content=\"es_ES\" \/>\n<meta property=\"og:type\" content=\"article\" \/>\n<meta property=\"og:title\" content=\"CREES vaticina Pacto El\u00e9ctrico no resolver\u00e1 los graves problemas que enfrenta el sector | CREES\" \/>\n<meta property=\"og:description\" content=\"Autor: List\u00edn DiarioFecha: 11 de marzo del 2018El director ejecutivo del Centro Regional de Estrategia Econ\u00f3micas Sostenibles (CREES), vaticin\u00f3 que la firma y puesta el ejecuci\u00f3n del Pacto El\u00e9ctrico no resolver\u00e1 los graves problemas que afectan al sector, caracterizado por apagones, altas facturas y un eterno d\u00e9ficit que le ha costado miles de millones de d\u00f3lares al contribuyente dominicano.\" \/>\n<meta property=\"og:url\" content=\"https:\/\/crees.org.do\/?p=20731\" \/>\n<meta property=\"og:site_name\" content=\"CREES\" \/>\n<meta property=\"article:publisher\" content=\"https:\/\/www.facebook.com\/CREESRD\/\" \/>\n<meta property=\"article:published_time\" content=\"2018-01-03T00:00:00+00:00\" \/>\n<meta property=\"og:image\" content=\"https:\/\/crees.org.do\/wp-content\/uploads\/2022\/03\/crees-logo-1.jpg\" \/>\n\t<meta property=\"og:image:width\" content=\"244\" \/>\n\t<meta property=\"og:image:height\" content=\"71\" \/>\n\t<meta property=\"og:image:type\" content=\"image\/jpeg\" \/>\n<meta name=\"author\" content=\"Crees\" \/>\n<meta name=\"twitter:card\" content=\"summary_large_image\" \/>\n<meta name=\"twitter:creator\" content=\"@CREESRD\" \/>\n<meta name=\"twitter:site\" content=\"@CREESRD\" \/>\n<meta name=\"twitter:label1\" content=\"Escrito por\" \/>\n\t<meta name=\"twitter:data1\" content=\"Crees\" \/>\n\t<meta name=\"twitter:label2\" content=\"Tiempo de lectura\" \/>\n\t<meta name=\"twitter:data2\" content=\"3 minutos\" \/>\n<script type=\"application\/ld+json\" class=\"yoast-schema-graph\">{\"@context\":\"https:\/\/schema.org\",\"@graph\":[{\"@type\":\"Article\",\"@id\":\"https:\/\/crees.org.do\/?p=20731#article\",\"isPartOf\":{\"@id\":\"https:\/\/crees.org.do\/?p=20731\"},\"author\":{\"name\":\"Crees\",\"@id\":\"https:\/\/crees.org.do\/#\/schema\/person\/e7f97cd94d7bf9cd0e0ce30acb7d56b8\"},\"headline\":\"CREES vaticina Pacto El\u00e9ctrico no resolver\u00e1 los graves problemas que enfrenta el sector\",\"datePublished\":\"2018-01-03T00:00:00+00:00\",\"mainEntityOfPage\":{\"@id\":\"https:\/\/crees.org.do\/?p=20731\"},\"wordCount\":639,\"commentCount\":0,\"publisher\":{\"@id\":\"https:\/\/crees.org.do\/#organization\"},\"articleSection\":[\"Blog\"],\"inLanguage\":\"es\"},{\"@type\":\"WebPage\",\"@id\":\"https:\/\/crees.org.do\/?p=20731\",\"url\":\"https:\/\/crees.org.do\/?p=20731\",\"name\":\"CREES vaticina Pacto El\u00e9ctrico no resolver\u00e1 los graves problemas que enfrenta el sector | CREES\",\"isPartOf\":{\"@id\":\"https:\/\/crees.org.do\/#website\"},\"datePublished\":\"2018-01-03T00:00:00+00:00\",\"breadcrumb\":{\"@id\":\"https:\/\/crees.org.do\/?p=20731#breadcrumb\"},\"inLanguage\":\"es\",\"potentialAction\":[{\"@type\":\"ReadAction\",\"target\":[\"https:\/\/crees.org.do\/?p=20731\"]}]},{\"@type\":\"BreadcrumbList\",\"@id\":\"https:\/\/crees.org.do\/?p=20731#breadcrumb\",\"itemListElement\":[{\"@type\":\"ListItem\",\"position\":1,\"name\":\"Portada\",\"item\":\"https:\/\/crees.org.do\/\"},{\"@type\":\"ListItem\",\"position\":2,\"name\":\"CREES vaticina Pacto El\u00e9ctrico no resolver\u00e1 los graves problemas que enfrenta el sector\"}]},{\"@type\":\"WebSite\",\"@id\":\"https:\/\/crees.org.do\/#website\",\"url\":\"https:\/\/crees.org.do\/\",\"name\":\"CREES\",\"description\":\"Centro Regional de Estrategias Econ\u00f3micas Sostenibles\",\"publisher\":{\"@id\":\"https:\/\/crees.org.do\/#organization\"},\"potentialAction\":[{\"@type\":\"SearchAction\",\"target\":{\"@type\":\"EntryPoint\",\"urlTemplate\":\"https:\/\/crees.org.do\/?s={search_term_string}\"},\"query-input\":{\"@type\":\"PropertyValueSpecification\",\"valueRequired\":true,\"valueName\":\"search_term_string\"}}],\"inLanguage\":\"es\"},{\"@type\":\"Organization\",\"@id\":\"https:\/\/crees.org.do\/#organization\",\"name\":\"CREES | Centro Regional de Estrategias Econ\u00f3micas Sostenibles\",\"url\":\"https:\/\/crees.org.do\/\",\"logo\":{\"@type\":\"ImageObject\",\"inLanguage\":\"es\",\"@id\":\"https:\/\/crees.org.do\/#\/schema\/logo\/image\/\",\"url\":\"https:\/\/crees.org.do\/wp-content\/uploads\/2022\/03\/crees-logo-1.jpg\",\"contentUrl\":\"https:\/\/crees.org.do\/wp-content\/uploads\/2022\/03\/crees-logo-1.jpg\",\"width\":244,\"height\":71,\"caption\":\"CREES | Centro Regional de Estrategias Econ\u00f3micas Sostenibles\"},\"image\":{\"@id\":\"https:\/\/crees.org.do\/#\/schema\/logo\/image\/\"},\"sameAs\":[\"https:\/\/www.facebook.com\/CREESRD\/\",\"https:\/\/x.com\/CREESRD\"]},{\"@type\":\"Person\",\"@id\":\"https:\/\/crees.org.do\/#\/schema\/person\/e7f97cd94d7bf9cd0e0ce30acb7d56b8\",\"name\":\"Crees\",\"image\":{\"@type\":\"ImageObject\",\"inLanguage\":\"es\",\"@id\":\"https:\/\/crees.org.do\/#\/schema\/person\/image\/\",\"url\":\"https:\/\/secure.gravatar.com\/avatar\/390ac8f0be5d9aa046152553e2dd7011b59a512d89c150f5e5f28bb8d9a0b165?s=96&d=mm&r=g\",\"contentUrl\":\"https:\/\/secure.gravatar.com\/avatar\/390ac8f0be5d9aa046152553e2dd7011b59a512d89c150f5e5f28bb8d9a0b165?s=96&d=mm&r=g\",\"caption\":\"Crees\"},\"url\":\"https:\/\/crees.org.do\/?author=2\"}]}<\/script>\n<!-- \/ Yoast SEO plugin. -->","yoast_head_json":{"title":"CREES vaticina Pacto El\u00e9ctrico no resolver\u00e1 los graves problemas que enfrenta el sector | CREES","robots":{"index":"index","follow":"follow","max-snippet":"max-snippet:-1","max-image-preview":"max-image-preview:large","max-video-preview":"max-video-preview:-1"},"canonical":"https:\/\/crees.org.do\/?p=20731","og_locale":"es_ES","og_type":"article","og_title":"CREES vaticina Pacto El\u00e9ctrico no resolver\u00e1 los graves problemas que enfrenta el sector | CREES","og_description":"Autor: List\u00edn DiarioFecha: 11 de marzo del 2018El director ejecutivo del Centro Regional de Estrategia Econ\u00f3micas Sostenibles (CREES), vaticin\u00f3 que la firma y puesta el ejecuci\u00f3n del Pacto El\u00e9ctrico no resolver\u00e1 los graves problemas que afectan al sector, caracterizado por apagones, altas facturas y un eterno d\u00e9ficit que le ha costado miles de millones de d\u00f3lares al contribuyente dominicano.","og_url":"https:\/\/crees.org.do\/?p=20731","og_site_name":"CREES","article_publisher":"https:\/\/www.facebook.com\/CREESRD\/","article_published_time":"2018-01-03T00:00:00+00:00","og_image":[{"width":244,"height":71,"url":"https:\/\/crees.org.do\/wp-content\/uploads\/2022\/03\/crees-logo-1.jpg","type":"image\/jpeg"}],"author":"Crees","twitter_card":"summary_large_image","twitter_creator":"@CREESRD","twitter_site":"@CREESRD","twitter_misc":{"Escrito por":"Crees","Tiempo de lectura":"3 minutos"},"schema":{"@context":"https:\/\/schema.org","@graph":[{"@type":"Article","@id":"https:\/\/crees.org.do\/?p=20731#article","isPartOf":{"@id":"https:\/\/crees.org.do\/?p=20731"},"author":{"name":"Crees","@id":"https:\/\/crees.org.do\/#\/schema\/person\/e7f97cd94d7bf9cd0e0ce30acb7d56b8"},"headline":"CREES vaticina Pacto El\u00e9ctrico no resolver\u00e1 los graves problemas que enfrenta el sector","datePublished":"2018-01-03T00:00:00+00:00","mainEntityOfPage":{"@id":"https:\/\/crees.org.do\/?p=20731"},"wordCount":639,"commentCount":0,"publisher":{"@id":"https:\/\/crees.org.do\/#organization"},"articleSection":["Blog"],"inLanguage":"es"},{"@type":"WebPage","@id":"https:\/\/crees.org.do\/?p=20731","url":"https:\/\/crees.org.do\/?p=20731","name":"CREES vaticina Pacto El\u00e9ctrico no resolver\u00e1 los graves problemas que enfrenta el sector | CREES","isPartOf":{"@id":"https:\/\/crees.org.do\/#website"},"datePublished":"2018-01-03T00:00:00+00:00","breadcrumb":{"@id":"https:\/\/crees.org.do\/?p=20731#breadcrumb"},"inLanguage":"es","potentialAction":[{"@type":"ReadAction","target":["https:\/\/crees.org.do\/?p=20731"]}]},{"@type":"BreadcrumbList","@id":"https:\/\/crees.org.do\/?p=20731#breadcrumb","itemListElement":[{"@type":"ListItem","position":1,"name":"Portada","item":"https:\/\/crees.org.do\/"},{"@type":"ListItem","position":2,"name":"CREES vaticina Pacto El\u00e9ctrico no resolver\u00e1 los graves problemas que enfrenta el sector"}]},{"@type":"WebSite","@id":"https:\/\/crees.org.do\/#website","url":"https:\/\/crees.org.do\/","name":"CREES","description":"Centro Regional de Estrategias Econ\u00f3micas Sostenibles","publisher":{"@id":"https:\/\/crees.org.do\/#organization"},"potentialAction":[{"@type":"SearchAction","target":{"@type":"EntryPoint","urlTemplate":"https:\/\/crees.org.do\/?s={search_term_string}"},"query-input":{"@type":"PropertyValueSpecification","valueRequired":true,"valueName":"search_term_string"}}],"inLanguage":"es"},{"@type":"Organization","@id":"https:\/\/crees.org.do\/#organization","name":"CREES | Centro Regional de Estrategias Econ\u00f3micas Sostenibles","url":"https:\/\/crees.org.do\/","logo":{"@type":"ImageObject","inLanguage":"es","@id":"https:\/\/crees.org.do\/#\/schema\/logo\/image\/","url":"https:\/\/crees.org.do\/wp-content\/uploads\/2022\/03\/crees-logo-1.jpg","contentUrl":"https:\/\/crees.org.do\/wp-content\/uploads\/2022\/03\/crees-logo-1.jpg","width":244,"height":71,"caption":"CREES | Centro Regional de Estrategias Econ\u00f3micas Sostenibles"},"image":{"@id":"https:\/\/crees.org.do\/#\/schema\/logo\/image\/"},"sameAs":["https:\/\/www.facebook.com\/CREESRD\/","https:\/\/x.com\/CREESRD"]},{"@type":"Person","@id":"https:\/\/crees.org.do\/#\/schema\/person\/e7f97cd94d7bf9cd0e0ce30acb7d56b8","name":"Crees","image":{"@type":"ImageObject","inLanguage":"es","@id":"https:\/\/crees.org.do\/#\/schema\/person\/image\/","url":"https:\/\/secure.gravatar.com\/avatar\/390ac8f0be5d9aa046152553e2dd7011b59a512d89c150f5e5f28bb8d9a0b165?s=96&d=mm&r=g","contentUrl":"https:\/\/secure.gravatar.com\/avatar\/390ac8f0be5d9aa046152553e2dd7011b59a512d89c150f5e5f28bb8d9a0b165?s=96&d=mm&r=g","caption":"Crees"},"url":"https:\/\/crees.org.do\/?author=2"}]}},"_links":{"self":[{"href":"https:\/\/crees.org.do\/index.php?rest_route=\/wp\/v2\/posts\/20731","targetHints":{"allow":["GET"]}}],"collection":[{"href":"https:\/\/crees.org.do\/index.php?rest_route=\/wp\/v2\/posts"}],"about":[{"href":"https:\/\/crees.org.do\/index.php?rest_route=\/wp\/v2\/types\/post"}],"author":[{"embeddable":true,"href":"https:\/\/crees.org.do\/index.php?rest_route=\/wp\/v2\/users\/2"}],"replies":[{"embeddable":true,"href":"https:\/\/crees.org.do\/index.php?rest_route=%2Fwp%2Fv2%2Fcomments&post=20731"}],"version-history":[{"count":0,"href":"https:\/\/crees.org.do\/index.php?rest_route=\/wp\/v2\/posts\/20731\/revisions"}],"wp:attachment":[{"href":"https:\/\/crees.org.do\/index.php?rest_route=%2Fwp%2Fv2%2Fmedia&parent=20731"}],"wp:term":[{"taxonomy":"category","embeddable":true,"href":"https:\/\/crees.org.do\/index.php?rest_route=%2Fwp%2Fv2%2Fcategories&post=20731"},{"taxonomy":"post_tag","embeddable":true,"href":"https:\/\/crees.org.do\/index.php?rest_route=%2Fwp%2Fv2%2Ftags&post=20731"}],"curies":[{"name":"wp","href":"https:\/\/api.w.org\/{rel}","templated":true}]}}