{"id":20758,"date":"2018-01-05T00:00:00","date_gmt":"2018-01-05T00:00:00","guid":{"rendered":"https:\/\/crees.org.do\/mineria-aporta-el-17-5-de-los-ingresos-de-exportacion\/"},"modified":"2018-01-05T00:00:00","modified_gmt":"2018-01-05T00:00:00","slug":"mineria-aporta-el-17-5-de-los-ingresos-de-exportacion","status":"publish","type":"post","link":"https:\/\/crees.org.do\/?p=20758","title":{"rendered":"Miner\u00eda aporta el 17.5% de los ingresos de exportaci\u00f3n"},"content":{"rendered":"<div><span style=\"font-size:12px;\"><span style=\"font-family:verdana,geneva,sans-serif;\">Fecha: 15 mayo, 2018<\/span><\/span><\/div>\n<p style=\"box-sizing: border-box; margin-bottom: 10px; line-height: 1.5em; color: rgb(51, 51, 51); font-family: &quot;open sans&quot;, sans-serif; font-size: 13px; background-color: rgb(255, 255, 255); text-align: justify;\"><span style=\"font-size:12px;\"><span style=\"font-family:verdana,geneva,sans-serif;\"><span style=\"color: rgb(59, 59, 59);\">Autor: Mayelin Acosta Guzm\u00e1n<\/span><\/span><\/span><\/p>\n<p style=\"box-sizing: border-box; margin-bottom: 10px; line-height: 1.5em; color: rgb(51, 51, 51); font-family: &quot;open sans&quot;, sans-serif; font-size: 13px; background-color: rgb(255, 255, 255); text-align: justify;\"><span style=\"font-size:12px;\"><span style=\"font-family:verdana,geneva,sans-serif;\"><span style=\"color: rgb(59, 59, 59);\">Extra\u00eddo de <a href=\"http:\/\/hoy.com.do\/mineria-aporta-el-17-5-de-los-ingresos-de-exportacion\/\">hoy.com.do<\/a><\/span><\/span><\/span><\/p>\n<p style=\"box-sizing: border-box; margin-bottom: 10px; line-height: 1.5em; color: rgb(51, 51, 51); font-family: &quot;open sans&quot;, sans-serif; font-size: 13px; background-color: rgb(255, 255, 255); text-align: justify;\"><span style=\"font-size:12px;\"><span style=\"font-family:verdana,geneva,sans-serif;\">En los \u00faltimos seis a\u00f1os, las exportaciones mineras han pasado de ser el 1.7% al 17.5 por ciento del total de los ingresos por exportaci\u00f3n de bienes de Rep\u00fablica Dominicana.<br style=\"box-sizing: border-box; line-height: 2.7em;\" \/>Dentro del total exportado en 2017, los minerales alcanzaron el 17.5 por ciento. Este monto es similar al promedio de los cinco \u00faltimos a\u00f1os, el cual se mantuvo 15.1% en promedio.<br style=\"box-sizing: border-box; line-height: 2.7em;\" \/>En 2017 las exportaciones mineras fueron US$1,766.1 millones, cifra que representa el 39.9% de las exportaciones nacionales, excluyendo las de zonas francas.<br style=\"box-sizing: border-box; line-height: 2.7em;\" \/>El pasado a\u00f1o, las exportaciones industriales nacionales en general fueron US$2,185.9 millones, equivalentes a 49.3%, de acuerdo a un an\u00e1lisis.<br style=\"box-sizing: border-box; line-height: 2.7em;\" \/>La miner\u00eda de Rep\u00fablica Dominicana depende, en importante medida, del valor de la extracci\u00f3n de minerales met\u00e1licos como son oro, plata, ferron\u00edquel y cobre.<br style=\"box-sizing: border-box; line-height: 2.7em;\" \/>El pasado a\u00f1o, el oro continu\u00f3 siendo el principal mineral exportado, representando m\u00e1s del 82% del total, con cifras de US$1,456.7 millones; le siguen las exportaciones de ferron\u00edquel con US$152.7 millones; plata, US$82.7 millones; cobre, US$54.3 millones y otros minerales US$19.7 millones.<br style=\"box-sizing: border-box; line-height: 2.7em;\" \/>Sin embargo, de acuerdo a un an\u00e1lisis realizado por los economistas del Centro Regional de Estrategias Econ\u00f3micas Sostenibles (CREES), Miguel Collado y Selma Polanco, la minera requiere de un orden institucional con reglas de juego claras y estables, as\u00ed como de los mecanismos para hacerlas cumplir.<br style=\"box-sizing: border-box; line-height: 2.7em;\" \/>&ldquo;Sin considerar las dotaciones geol\u00f3gicas naturales, las jurisdicciones que tienen un mejor marco jur\u00eddico institucional resultan m\u00e1s atractivas para las inversiones de explotaci\u00f3n&rdquo;, explican.<br style=\"box-sizing: border-box; line-height: 2.7em;\" \/>Los economistas destacan que con una puntuaci\u00f3n de 44.4%, la Rep\u00fablica Dominicana ocup\u00f3 el lugar 74&ordm; entre los 91 pa\u00edses evaluados en 2017 por el Instituto Fraser de Canad\u00e1 en el \u00cdndice de Potencial Minero. Este indicador mide el potencial geol\u00f3gico que tiene cada pa\u00eds, asumiendo que en el mismo se est\u00e1n aplicando las mejores pr\u00e1cticas en pol\u00edticas p\u00fablicas.<\/span><\/span><\/p>\n<p style=\"box-sizing: border-box; margin-bottom: 10px; line-height: 1.5em; color: rgb(51, 51, 51); font-family: &quot;open sans&quot;, sans-serif; font-size: 13px; background-color: rgb(255, 255, 255); text-align: justify;\"><span style=\"font-size:12px;\"><span style=\"font-family:verdana,geneva,sans-serif;\">Por otro lado, la encuesta del Instituto Fraser situ\u00f3 a la Rep\u00fablica Dominicana en el lugar 72&ordm; dentro de las 91 jurisdicciones evaluadas en el \u00cdndice de atracci\u00f3n de inversi\u00f3n. En comparaci\u00f3n con las jurisdicciones de la regi\u00f3n de Am\u00e9rica Latina y el Caribe, la Rep\u00fablica Dominicana ocup\u00f3 el 8&ordm; lugar de quince pa\u00edses encuestados.<br style=\"box-sizing: border-box; line-height: 2.7em;\" \/>Los primeros lugares para la regi\u00f3n lo ocupan Chile, Per\u00fa, M\u00e9xico, Suriname, Colombia, Brasil y Ecuador. El noveno lugar lo ocupa Guayana Francesa, luego le siguen en orden descendente Guyana, Panam\u00e1, Nicaragua, Venezuela, Bolivia y Guatemala.<br style=\"box-sizing: border-box; line-height: 2.7em;\" \/>Es importante resaltar que el incremento de los precios de los materias primas, y en particular los metales, contin\u00faan haciendo atractiva la miner\u00eda, por lo que ante un panorama de precios favorables, la Rep\u00fablica Dominicana debe contar con mejores instituciones y condiciones jur\u00eddicas para poder atraer inversiones en miner\u00eda, exponen los economistas.<\/span><\/span><\/p>\n<div class=\"pvc_clear\"><\/div>\n<p class=\"pvc_stats all \" data-element-id=\"20758\" style=\"\"><i class=\"pvc-stats-icon medium\" aria-hidden=\"true\"><svg aria-hidden=\"true\" focusable=\"false\" data-prefix=\"far\" data-icon=\"chart-bar\" role=\"img\" xmlns=\"http:\/\/www.w3.org\/2000\/svg\" viewBox=\"0 0 512 512\" class=\"svg-inline--fa fa-chart-bar fa-w-16 fa-2x\"><path fill=\"currentColor\" d=\"M396.8 352h22.4c6.4 0 12.8-6.4 12.8-12.8V108.8c0-6.4-6.4-12.8-12.8-12.8h-22.4c-6.4 0-12.8 6.4-12.8 12.8v230.4c0 6.4 6.4 12.8 12.8 12.8zm-192 0h22.4c6.4 0 12.8-6.4 12.8-12.8V140.8c0-6.4-6.4-12.8-12.8-12.8h-22.4c-6.4 0-12.8 6.4-12.8 12.8v198.4c0 6.4 6.4 12.8 12.8 12.8zm96 0h22.4c6.4 0 12.8-6.4 12.8-12.8V204.8c0-6.4-6.4-12.8-12.8-12.8h-22.4c-6.4 0-12.8 6.4-12.8 12.8v134.4c0 6.4 6.4 12.8 12.8 12.8zM496 400H48V80c0-8.84-7.16-16-16-16H16C7.16 64 0 71.16 0 80v336c0 17.67 14.33 32 32 32h464c8.84 0 16-7.16 16-16v-16c0-8.84-7.16-16-16-16zm-387.2-48h22.4c6.4 0 12.8-6.4 12.8-12.8v-70.4c0-6.4-6.4-12.8-12.8-12.8h-22.4c-6.4 0-12.8 6.4-12.8 12.8v70.4c0 6.4 6.4 12.8 12.8 12.8z\" class=\"\"><\/path><\/svg><\/i> Vistas Totales&nbsp;352&nbsp;, Vistas Hoy&nbsp;3&nbsp;<\/p>\n<div class=\"pvc_clear\"><\/div>\n","protected":false},"excerpt":{"rendered":"<p>Fecha: 15 mayo, 2018Autor: Mayelin Acosta Guzm\u00e1nEn los \u00faltimos seis a\u00f1os, las exportaciones mineras han pasado de ser el 1.7% al 17.5 por ciento del total de los ingresos por exportaci\u00f3n de bienes de Rep\u00fablica Dominicana.<\/p>\n<div class=\"pvc_clear\"><\/div>\n<p class=\"pvc_stats all \" data-element-id=\"20758\" style=\"\"><i class=\"pvc-stats-icon medium\" aria-hidden=\"true\"><svg aria-hidden=\"true\" focusable=\"false\" data-prefix=\"far\" data-icon=\"chart-bar\" role=\"img\" xmlns=\"http:\/\/www.w3.org\/2000\/svg\" viewBox=\"0 0 512 512\" class=\"svg-inline--fa fa-chart-bar fa-w-16 fa-2x\"><path fill=\"currentColor\" d=\"M396.8 352h22.4c6.4 0 12.8-6.4 12.8-12.8V108.8c0-6.4-6.4-12.8-12.8-12.8h-22.4c-6.4 0-12.8 6.4-12.8 12.8v230.4c0 6.4 6.4 12.8 12.8 12.8zm-192 0h22.4c6.4 0 12.8-6.4 12.8-12.8V140.8c0-6.4-6.4-12.8-12.8-12.8h-22.4c-6.4 0-12.8 6.4-12.8 12.8v198.4c0 6.4 6.4 12.8 12.8 12.8zm96 0h22.4c6.4 0 12.8-6.4 12.8-12.8V204.8c0-6.4-6.4-12.8-12.8-12.8h-22.4c-6.4 0-12.8 6.4-12.8 12.8v134.4c0 6.4 6.4 12.8 12.8 12.8zM496 400H48V80c0-8.84-7.16-16-16-16H16C7.16 64 0 71.16 0 80v336c0 17.67 14.33 32 32 32h464c8.84 0 16-7.16 16-16v-16c0-8.84-7.16-16-16-16zm-387.2-48h22.4c6.4 0 12.8-6.4 12.8-12.8v-70.4c0-6.4-6.4-12.8-12.8-12.8h-22.4c-6.4 0-12.8 6.4-12.8 12.8v70.4c0 6.4 6.4 12.8 12.8 12.8z\" class=\"\"><\/path><\/svg><\/i> Vistas Totales&nbsp;352&nbsp;, Vistas Hoy&nbsp;3&nbsp;<\/p>\n<div class=\"pvc_clear\"><\/div>\n","protected":false},"author":2,"featured_media":0,"comment_status":"open","ping_status":"open","sticky":false,"template":"","format":"standard","meta":{"footnotes":""},"categories":[21],"tags":[],"class_list":["post-20758","post","type-post","status-publish","format-standard","hentry","category-blog"],"yoast_head":"<!-- This site is optimized with the Yoast SEO plugin v25.2 - https:\/\/yoast.com\/wordpress\/plugins\/seo\/ -->\n<title>Miner\u00eda aporta el 17.5% de los ingresos de exportaci\u00f3n | CREES<\/title>\n<meta name=\"robots\" content=\"index, follow, max-snippet:-1, max-image-preview:large, max-video-preview:-1\" \/>\n<link rel=\"canonical\" href=\"https:\/\/crees.org.do\/?p=20758\" \/>\n<meta property=\"og:locale\" content=\"es_ES\" \/>\n<meta property=\"og:type\" content=\"article\" \/>\n<meta property=\"og:title\" content=\"Miner\u00eda aporta el 17.5% de los ingresos de exportaci\u00f3n | CREES\" \/>\n<meta property=\"og:description\" content=\"Fecha: 15 mayo, 2018Autor: Mayelin Acosta Guzm\u00e1nEn los \u00faltimos seis a\u00f1os, las exportaciones mineras han pasado de ser el 1.7% al 17.5 por ciento del total de los ingresos por exportaci\u00f3n de bienes de Rep\u00fablica Dominicana.\" \/>\n<meta property=\"og:url\" content=\"https:\/\/crees.org.do\/?p=20758\" \/>\n<meta property=\"og:site_name\" content=\"CREES\" \/>\n<meta property=\"article:publisher\" content=\"https:\/\/www.facebook.com\/CREESRD\/\" \/>\n<meta property=\"article:published_time\" content=\"2018-01-05T00:00:00+00:00\" \/>\n<meta property=\"og:image\" content=\"https:\/\/crees.org.do\/wp-content\/uploads\/2022\/03\/crees-logo-1.jpg\" \/>\n\t<meta property=\"og:image:width\" content=\"244\" \/>\n\t<meta property=\"og:image:height\" content=\"71\" \/>\n\t<meta property=\"og:image:type\" content=\"image\/jpeg\" \/>\n<meta name=\"author\" content=\"Crees\" \/>\n<meta name=\"twitter:card\" content=\"summary_large_image\" \/>\n<meta name=\"twitter:creator\" content=\"@CREESRD\" \/>\n<meta name=\"twitter:site\" content=\"@CREESRD\" \/>\n<meta name=\"twitter:label1\" content=\"Escrito por\" \/>\n\t<meta name=\"twitter:data1\" content=\"Crees\" \/>\n\t<meta name=\"twitter:label2\" content=\"Tiempo de lectura\" \/>\n\t<meta name=\"twitter:data2\" content=\"2 minutos\" \/>\n<script type=\"application\/ld+json\" class=\"yoast-schema-graph\">{\"@context\":\"https:\/\/schema.org\",\"@graph\":[{\"@type\":\"Article\",\"@id\":\"https:\/\/crees.org.do\/?p=20758#article\",\"isPartOf\":{\"@id\":\"https:\/\/crees.org.do\/?p=20758\"},\"author\":{\"name\":\"Crees\",\"@id\":\"https:\/\/crees.org.do\/#\/schema\/person\/e7f97cd94d7bf9cd0e0ce30acb7d56b8\"},\"headline\":\"Miner\u00eda aporta el 17.5% de los ingresos de exportaci\u00f3n\",\"datePublished\":\"2018-01-05T00:00:00+00:00\",\"mainEntityOfPage\":{\"@id\":\"https:\/\/crees.org.do\/?p=20758\"},\"wordCount\":497,\"commentCount\":0,\"publisher\":{\"@id\":\"https:\/\/crees.org.do\/#organization\"},\"articleSection\":[\"Blog\"],\"inLanguage\":\"es\"},{\"@type\":\"WebPage\",\"@id\":\"https:\/\/crees.org.do\/?p=20758\",\"url\":\"https:\/\/crees.org.do\/?p=20758\",\"name\":\"Miner\u00eda aporta el 17.5% de los ingresos de exportaci\u00f3n | CREES\",\"isPartOf\":{\"@id\":\"https:\/\/crees.org.do\/#website\"},\"datePublished\":\"2018-01-05T00:00:00+00:00\",\"breadcrumb\":{\"@id\":\"https:\/\/crees.org.do\/?p=20758#breadcrumb\"},\"inLanguage\":\"es\",\"potentialAction\":[{\"@type\":\"ReadAction\",\"target\":[\"https:\/\/crees.org.do\/?p=20758\"]}]},{\"@type\":\"BreadcrumbList\",\"@id\":\"https:\/\/crees.org.do\/?p=20758#breadcrumb\",\"itemListElement\":[{\"@type\":\"ListItem\",\"position\":1,\"name\":\"Portada\",\"item\":\"https:\/\/crees.org.do\/\"},{\"@type\":\"ListItem\",\"position\":2,\"name\":\"Miner\u00eda aporta el 17.5% de los ingresos de exportaci\u00f3n\"}]},{\"@type\":\"WebSite\",\"@id\":\"https:\/\/crees.org.do\/#website\",\"url\":\"https:\/\/crees.org.do\/\",\"name\":\"CREES\",\"description\":\"Centro Regional de Estrategias Econ\u00f3micas Sostenibles\",\"publisher\":{\"@id\":\"https:\/\/crees.org.do\/#organization\"},\"potentialAction\":[{\"@type\":\"SearchAction\",\"target\":{\"@type\":\"EntryPoint\",\"urlTemplate\":\"https:\/\/crees.org.do\/?s={search_term_string}\"},\"query-input\":{\"@type\":\"PropertyValueSpecification\",\"valueRequired\":true,\"valueName\":\"search_term_string\"}}],\"inLanguage\":\"es\"},{\"@type\":\"Organization\",\"@id\":\"https:\/\/crees.org.do\/#organization\",\"name\":\"CREES | Centro Regional de Estrategias Econ\u00f3micas Sostenibles\",\"url\":\"https:\/\/crees.org.do\/\",\"logo\":{\"@type\":\"ImageObject\",\"inLanguage\":\"es\",\"@id\":\"https:\/\/crees.org.do\/#\/schema\/logo\/image\/\",\"url\":\"https:\/\/crees.org.do\/wp-content\/uploads\/2022\/03\/crees-logo-1.jpg\",\"contentUrl\":\"https:\/\/crees.org.do\/wp-content\/uploads\/2022\/03\/crees-logo-1.jpg\",\"width\":244,\"height\":71,\"caption\":\"CREES | Centro Regional de Estrategias Econ\u00f3micas Sostenibles\"},\"image\":{\"@id\":\"https:\/\/crees.org.do\/#\/schema\/logo\/image\/\"},\"sameAs\":[\"https:\/\/www.facebook.com\/CREESRD\/\",\"https:\/\/x.com\/CREESRD\"]},{\"@type\":\"Person\",\"@id\":\"https:\/\/crees.org.do\/#\/schema\/person\/e7f97cd94d7bf9cd0e0ce30acb7d56b8\",\"name\":\"Crees\",\"image\":{\"@type\":\"ImageObject\",\"inLanguage\":\"es\",\"@id\":\"https:\/\/crees.org.do\/#\/schema\/person\/image\/\",\"url\":\"https:\/\/secure.gravatar.com\/avatar\/390ac8f0be5d9aa046152553e2dd7011b59a512d89c150f5e5f28bb8d9a0b165?s=96&d=mm&r=g\",\"contentUrl\":\"https:\/\/secure.gravatar.com\/avatar\/390ac8f0be5d9aa046152553e2dd7011b59a512d89c150f5e5f28bb8d9a0b165?s=96&d=mm&r=g\",\"caption\":\"Crees\"},\"url\":\"https:\/\/crees.org.do\/?author=2\"}]}<\/script>\n<!-- \/ Yoast SEO plugin. -->","yoast_head_json":{"title":"Miner\u00eda aporta el 17.5% de los ingresos de exportaci\u00f3n | CREES","robots":{"index":"index","follow":"follow","max-snippet":"max-snippet:-1","max-image-preview":"max-image-preview:large","max-video-preview":"max-video-preview:-1"},"canonical":"https:\/\/crees.org.do\/?p=20758","og_locale":"es_ES","og_type":"article","og_title":"Miner\u00eda aporta el 17.5% de los ingresos de exportaci\u00f3n | CREES","og_description":"Fecha: 15 mayo, 2018Autor: Mayelin Acosta Guzm\u00e1nEn los \u00faltimos seis a\u00f1os, las exportaciones mineras han pasado de ser el 1.7% al 17.5 por ciento del total de los ingresos por exportaci\u00f3n de bienes de Rep\u00fablica Dominicana.","og_url":"https:\/\/crees.org.do\/?p=20758","og_site_name":"CREES","article_publisher":"https:\/\/www.facebook.com\/CREESRD\/","article_published_time":"2018-01-05T00:00:00+00:00","og_image":[{"width":244,"height":71,"url":"https:\/\/crees.org.do\/wp-content\/uploads\/2022\/03\/crees-logo-1.jpg","type":"image\/jpeg"}],"author":"Crees","twitter_card":"summary_large_image","twitter_creator":"@CREESRD","twitter_site":"@CREESRD","twitter_misc":{"Escrito por":"Crees","Tiempo de lectura":"2 minutos"},"schema":{"@context":"https:\/\/schema.org","@graph":[{"@type":"Article","@id":"https:\/\/crees.org.do\/?p=20758#article","isPartOf":{"@id":"https:\/\/crees.org.do\/?p=20758"},"author":{"name":"Crees","@id":"https:\/\/crees.org.do\/#\/schema\/person\/e7f97cd94d7bf9cd0e0ce30acb7d56b8"},"headline":"Miner\u00eda aporta el 17.5% de los ingresos de exportaci\u00f3n","datePublished":"2018-01-05T00:00:00+00:00","mainEntityOfPage":{"@id":"https:\/\/crees.org.do\/?p=20758"},"wordCount":497,"commentCount":0,"publisher":{"@id":"https:\/\/crees.org.do\/#organization"},"articleSection":["Blog"],"inLanguage":"es"},{"@type":"WebPage","@id":"https:\/\/crees.org.do\/?p=20758","url":"https:\/\/crees.org.do\/?p=20758","name":"Miner\u00eda aporta el 17.5% de los ingresos de exportaci\u00f3n | CREES","isPartOf":{"@id":"https:\/\/crees.org.do\/#website"},"datePublished":"2018-01-05T00:00:00+00:00","breadcrumb":{"@id":"https:\/\/crees.org.do\/?p=20758#breadcrumb"},"inLanguage":"es","potentialAction":[{"@type":"ReadAction","target":["https:\/\/crees.org.do\/?p=20758"]}]},{"@type":"BreadcrumbList","@id":"https:\/\/crees.org.do\/?p=20758#breadcrumb","itemListElement":[{"@type":"ListItem","position":1,"name":"Portada","item":"https:\/\/crees.org.do\/"},{"@type":"ListItem","position":2,"name":"Miner\u00eda aporta el 17.5% de los ingresos de exportaci\u00f3n"}]},{"@type":"WebSite","@id":"https:\/\/crees.org.do\/#website","url":"https:\/\/crees.org.do\/","name":"CREES","description":"Centro Regional de Estrategias Econ\u00f3micas Sostenibles","publisher":{"@id":"https:\/\/crees.org.do\/#organization"},"potentialAction":[{"@type":"SearchAction","target":{"@type":"EntryPoint","urlTemplate":"https:\/\/crees.org.do\/?s={search_term_string}"},"query-input":{"@type":"PropertyValueSpecification","valueRequired":true,"valueName":"search_term_string"}}],"inLanguage":"es"},{"@type":"Organization","@id":"https:\/\/crees.org.do\/#organization","name":"CREES | Centro Regional de Estrategias Econ\u00f3micas Sostenibles","url":"https:\/\/crees.org.do\/","logo":{"@type":"ImageObject","inLanguage":"es","@id":"https:\/\/crees.org.do\/#\/schema\/logo\/image\/","url":"https:\/\/crees.org.do\/wp-content\/uploads\/2022\/03\/crees-logo-1.jpg","contentUrl":"https:\/\/crees.org.do\/wp-content\/uploads\/2022\/03\/crees-logo-1.jpg","width":244,"height":71,"caption":"CREES | Centro Regional de Estrategias Econ\u00f3micas Sostenibles"},"image":{"@id":"https:\/\/crees.org.do\/#\/schema\/logo\/image\/"},"sameAs":["https:\/\/www.facebook.com\/CREESRD\/","https:\/\/x.com\/CREESRD"]},{"@type":"Person","@id":"https:\/\/crees.org.do\/#\/schema\/person\/e7f97cd94d7bf9cd0e0ce30acb7d56b8","name":"Crees","image":{"@type":"ImageObject","inLanguage":"es","@id":"https:\/\/crees.org.do\/#\/schema\/person\/image\/","url":"https:\/\/secure.gravatar.com\/avatar\/390ac8f0be5d9aa046152553e2dd7011b59a512d89c150f5e5f28bb8d9a0b165?s=96&d=mm&r=g","contentUrl":"https:\/\/secure.gravatar.com\/avatar\/390ac8f0be5d9aa046152553e2dd7011b59a512d89c150f5e5f28bb8d9a0b165?s=96&d=mm&r=g","caption":"Crees"},"url":"https:\/\/crees.org.do\/?author=2"}]}},"_links":{"self":[{"href":"https:\/\/crees.org.do\/index.php?rest_route=\/wp\/v2\/posts\/20758","targetHints":{"allow":["GET"]}}],"collection":[{"href":"https:\/\/crees.org.do\/index.php?rest_route=\/wp\/v2\/posts"}],"about":[{"href":"https:\/\/crees.org.do\/index.php?rest_route=\/wp\/v2\/types\/post"}],"author":[{"embeddable":true,"href":"https:\/\/crees.org.do\/index.php?rest_route=\/wp\/v2\/users\/2"}],"replies":[{"embeddable":true,"href":"https:\/\/crees.org.do\/index.php?rest_route=%2Fwp%2Fv2%2Fcomments&post=20758"}],"version-history":[{"count":0,"href":"https:\/\/crees.org.do\/index.php?rest_route=\/wp\/v2\/posts\/20758\/revisions"}],"wp:attachment":[{"href":"https:\/\/crees.org.do\/index.php?rest_route=%2Fwp%2Fv2%2Fmedia&parent=20758"}],"wp:term":[{"taxonomy":"category","embeddable":true,"href":"https:\/\/crees.org.do\/index.php?rest_route=%2Fwp%2Fv2%2Fcategories&post=20758"},{"taxonomy":"post_tag","embeddable":true,"href":"https:\/\/crees.org.do\/index.php?rest_route=%2Fwp%2Fv2%2Ftags&post=20758"}],"curies":[{"name":"wp","href":"https:\/\/api.w.org\/{rel}","templated":true}]}}