{"id":20778,"date":"2019-01-07T00:00:00","date_gmt":"2019-01-07T00:00:00","guid":{"rendered":"https:\/\/crees.org.do\/sectores-empresariales-creen-discurso-de-medina-despeja-incertidumbre-en-agentes-economicos\/"},"modified":"2019-01-07T00:00:00","modified_gmt":"2019-01-07T00:00:00","slug":"sectores-empresariales-creen-discurso-de-medina-despeja-incertidumbre-en-agentes-economicos","status":"publish","type":"post","link":"https:\/\/crees.org.do\/?p=20778","title":{"rendered":"Sectores empresariales creen discurso de Medina despeja incertidumbre en agentes econ\u00f3micos"},"content":{"rendered":"<p style=\"caret-color: rgb(0, 0, 0); color: rgb(0, 0, 0); box-sizing: inherit; margin-bottom: 1rem; font-size: 18px; font-family: Roboto, Arial, sans-serif; text-align: justify;\"><span style=\"font-size:12px;\"><span style=\"font-family:verdana,geneva,sans-serif;\">Autor: Joaqu\u00edn Caraballo<\/span><\/span><\/p>\n<p style=\"caret-color: rgb(0, 0, 0); color: rgb(0, 0, 0); box-sizing: inherit; margin-bottom: 1rem; font-size: 18px; font-family: Roboto, Arial, sans-serif; text-align: justify;\"><span style=\"font-size:12px;\"><span style=\"font-family:verdana,geneva,sans-serif;\">Extra\u00eddo de: Diario Libre<\/span><\/span><\/p>\n<p style=\"caret-color: rgb(0, 0, 0); color: rgb(0, 0, 0); box-sizing: inherit; margin-bottom: 1rem; font-size: 18px; font-family: Roboto, Arial, sans-serif; text-align: justify;\">&nbsp;<\/p>\n<p style=\"caret-color: rgb(0, 0, 0); color: rgb(0, 0, 0); box-sizing: inherit; margin-bottom: 1rem; font-size: 18px; font-family: Roboto, Arial, sans-serif; text-align: justify;\"><span style=\"font-size:12px;\"><span style=\"font-family:verdana,geneva,sans-serif;\">Tras el discurso del presidente de la Rep\u00fablica,&nbsp;Danilo Medina, economistas y representantes del sector empresarial del pa\u00eds valoraron como positivo el anuncio del mandatario, resaltando que con esta medida se fortalece el orden institucional de la naci\u00f3n.<\/span><\/span><\/p>\n<p style=\"caret-color: rgb(0, 0, 0); color: rgb(0, 0, 0); box-sizing: inherit; margin-bottom: 1rem; font-size: 18px; font-family: Roboto, Arial, sans-serif; text-align: justify;\"><span style=\"font-size:12px;\"><span style=\"font-family:verdana,geneva,sans-serif;\">Para Ernesto Selman, vicepresidente ejecutivo del Centro Regional de Estrategias Econ\u00f3micas Sostenibles (Crees), la decisi\u00f3n de Medina elimina la incertidumbre en los sectores econ\u00f3micos y resalta que un mal ambiente pol\u00edtico en un pa\u00eds frena las inversiones, la generaci\u00f3n de empleos, la producci\u00f3n y la generaci\u00f3n de riquezas a nivel general.<\/span><\/span><\/p>\n<p style=\"caret-color: rgb(0, 0, 0); color: rgb(0, 0, 0); box-sizing: inherit; margin-bottom: 1rem; font-size: 18px; font-family: Roboto, Arial, sans-serif; text-align: justify;\"><span style=\"font-size:12px;\"><span style=\"font-family:verdana,geneva,sans-serif;\"><span style=\"background-color: rgb(255, 255, 255);\">&ldquo;Creo que dio un paso importante para quitar presi\u00f3n y tener una perspectiva mejor sobre el futuro. Desde el punto de vista econ\u00f3mico, quita una incertidumbre, unos nubarrones que se ve\u00edan en el horizonte por esas tensiones en los grupos econ\u00f3micos y pol\u00edticos. Y eso ayuda a generar m\u00e1s confianza&rdquo;, precis\u00f3 el economista.<\/span><\/span><\/span><\/p>\n<p style=\"caret-color: rgb(0, 0, 0); color: rgb(0, 0, 0); box-sizing: inherit; margin-bottom: 1rem; font-size: 18px; font-family: Roboto, Arial, sans-serif; text-align: justify;\"><span style=\"font-size:12px;\"><span style=\"font-family:verdana,geneva,sans-serif;\">Puntualiz\u00f3 que lo importante es que las actividades econ\u00f3micas (las inversiones, la producci\u00f3n, la generaci\u00f3n de empleos, el consumo) se generan dentro de un orden institucional.<\/span><\/span><\/p>\n<p style=\"caret-color: rgb(0, 0, 0); color: rgb(0, 0, 0); box-sizing: inherit; margin-bottom: 1rem; font-size: 18px; font-family: Roboto, Arial, sans-serif; text-align: justify;\"><span style=\"font-size:12px;\"><span style=\"font-family:verdana,geneva,sans-serif;\">Precisa que el problema que habr\u00eda en una eventual modificaci\u00f3n a la Constituci\u00f3n era que ese orden&nbsp;<i style=\"box-sizing: inherit;\">i<\/i>nstitucional iba a terminar de romperse.<\/span><\/span><\/p>\n<p style=\"caret-color: rgb(0, 0, 0); color: rgb(0, 0, 0); box-sizing: inherit; margin-bottom: 1rem; font-size: 18px; font-family: Roboto, Arial, sans-serif; text-align: justify;\"><span style=\"font-size:12px;\"><span style=\"font-family:verdana,geneva,sans-serif;\">&ldquo;Con esta decisi\u00f3n de no modificar la Constitucional lo que hace el presidente es evitar ese quebrantamiento del orden institucional y, entonces, eso ayuda a las actividades econ\u00f3micas. Por lo menos le quita esa distorsi\u00f3n adicional que se iba a generar si se modificaba la constituci\u00f3n&rdquo;, explic\u00f3 Ernesto Selman.<\/span><\/span><\/p>\n<p style=\"caret-color: rgb(0, 0, 0); color: rgb(0, 0, 0); box-sizing: inherit; margin-bottom: 1rem; font-size: 18px; font-family: Roboto, Arial, sans-serif; text-align: justify;\"><span style=\"font-size:12px;\"><span style=\"font-family:verdana,geneva,sans-serif;\">Asimismo, el presidente del Consejo Nacional de la Empresas Privadas (CONEP), Pedro Brache, dijo que el anuncio del presidente de la Rep\u00fablica, Danilo Medina, es una muestra de su gran estatura de estadista.<\/span><\/span><\/p>\n<p style=\"caret-color: rgb(0, 0, 0); color: rgb(0, 0, 0); box-sizing: inherit; margin-bottom: 1rem; font-size: 18px; font-family: Roboto, Arial, sans-serif; text-align: justify;\"><span style=\"font-size:12px;\"><span style=\"font-family:verdana,geneva,sans-serif;\">&ldquo;El presidente Medina es un hombre que siempre ha puesto al pueblo dominicano en primer lugar en todas las decisiones que toma. El anuncio de ayer es una muestra de ello. Es un ejemplo de su calidad humana y su gran estatura de estadista&rdquo;, indic\u00f3 el presidente del Conep.<\/span><\/span><\/p>\n<p style=\"caret-color: rgb(0, 0, 0); color: rgb(0, 0, 0); box-sizing: inherit; margin-bottom: 1rem; font-size: 18px; font-family: Roboto, Arial, sans-serif; text-align: justify;\"><span style=\"font-size:12px;\"><span style=\"font-family:verdana,geneva,sans-serif;\">De su lado el economista Rafael Espinal, dijo a Diario Libre que la decisi\u00f3n del presidente Medina trae confianza a los inversionistas tanto nacionales como extranjeros. A\u00f1ade que el tema tratado por el mandatario trae desasosiego y creaba intranquilidad debido a que los agentes econ\u00f3micos siempre toman el pulso de posibles conflictos.<\/span><\/span><\/p>\n<p style=\"caret-color: rgb(0, 0, 0); color: rgb(0, 0, 0); box-sizing: inherit; margin-bottom: 1rem; font-size: 18px; font-family: Roboto, Arial, sans-serif; text-align: justify;\"><span style=\"font-size:12px;\"><span style=\"font-family:verdana,geneva,sans-serif;\">&ldquo;No quiere decir que el discurso del presidente haya resuelto toda la incertidumbre porque estamos en medio de un proceso electoral, de primarias internas, porque todav\u00eda los conflictos en el partido de gobierno prevalecen&rdquo;, expres\u00f3 el coordinador de la Escuela de Econom\u00eda del Instituto Tecnol\u00f3gico de Santo Domingo (Intec).<\/span><\/span><\/p>\n<p style=\"caret-color: rgb(0, 0, 0); color: rgb(0, 0, 0); box-sizing: inherit; margin-bottom: 1rem; font-size: 18px; font-family: Roboto, Arial, sans-serif; text-align: justify;\"><span style=\"font-size:12px;\"><span style=\"font-family:verdana,geneva,sans-serif;\">Subray\u00f3 que el hecho de que el Banco Central de la Rep\u00fablica Dominicana tomara medidas para activar la econom\u00eda es una muestra de que la situaci\u00f3n pol\u00edtica estaba afectando el ritmo de la econom\u00eda.<\/span><\/span><\/p>\n<p style=\"caret-color: rgb(0, 0, 0); color: rgb(0, 0, 0); box-sizing: inherit; margin-bottom: 1rem; font-size: 18px; font-family: Roboto, Arial, sans-serif; text-align: justify;\"><span style=\"font-size:12px;\"><span style=\"font-family:verdana,geneva,sans-serif;\"><span style=\"background-color: rgb(255, 255, 255);\">Reiter\u00f3 que la medida del presidente cambia un poco la perspectiva de los inversionistas y hace menos presi\u00f3n sobre la tasa de cambio.<\/span><\/span><\/span><\/p>\n<p style=\"caret-color: rgb(0, 0, 0); color: rgb(0, 0, 0); box-sizing: inherit; margin-bottom: 1rem; font-size: 18px; font-family: Roboto, Arial, sans-serif; text-align: justify;\"><span style=\"font-size:12px;\"><span style=\"font-family:verdana,geneva,sans-serif;\">Para la vicepresidenta ejecutiva de la Asociaci\u00f3n de Industrias de la Rep\u00fablica Dominicana (AIRD), Circe Alm\u00e1nzar, el mensaje dado por el presidente Danilo Medina constituye un alivio para el sector empresarial y crea un clima de m\u00e1s sosiego para los agentes econ\u00f3micos porque despeja incertidumbre que se estaba generando en el pa\u00eds, sobre todo, en medio del partido de gobierno.<\/span><\/span><\/p>\n<p style=\"caret-color: rgb(0, 0, 0); color: rgb(0, 0, 0); box-sizing: inherit; margin-bottom: 1rem; font-size: 18px; font-family: Roboto, Arial, sans-serif; text-align: justify;\"><span style=\"font-size:12px;\"><span style=\"font-family:verdana,geneva,sans-serif;\">&ldquo;Nos trae tambi\u00e9n un mensaje muy alertador, pues el presidente llam\u00f3, en sus palabras, a los sectores productivos del pa\u00eds y la poblaci\u00f3n dominicana a que sigamos construyendo un pa\u00eds donde se mantenga el clima de inversi\u00f3n, el crecimiento econ\u00f3mico y la estabilidad macroecon\u00f3mica&rdquo;, apunt\u00f3 la ejecutiva.<\/span><\/span><\/p>\n<p style=\"caret-color: rgb(0, 0, 0); color: rgb(0, 0, 0); box-sizing: inherit; margin-bottom: 1rem; font-size: 18px; font-family: Roboto, Arial, sans-serif; text-align: justify;\"><span style=\"font-size:12px;\"><span style=\"font-family:verdana,geneva,sans-serif;\">Asegura que los principales actores de la sociedad tienen que pensar en el pa\u00eds y pensar que acabamos de pasar una crisis de una campa\u00f1a medi\u00e1tica en contra del turismo dominicano, que afecta los ingresos de la Rep\u00fablica Dominicana, sobretodo de divisas.<\/span><\/span><\/p>\n<p style=\"caret-color: rgb(0, 0, 0); color: rgb(0, 0, 0); box-sizing: inherit; margin-bottom: 1rem; font-size: 18px; font-family: Roboto, Arial, sans-serif; text-align: justify;\"><span style=\"font-size:12px;\"><span style=\"font-family:verdana,geneva,sans-serif;\">Aboga para que todos trabajen juntos para poder palear esa situaci\u00f3n y para ello se necesita sosiego en el pa\u00eds, se necesita trabajar de manera conjunta y tener las c\u00e1maras legislativas en lo que verdaderamente importa.<\/span><\/span><\/p>\n<p style=\"caret-color: rgb(0, 0, 0); color: rgb(0, 0, 0); box-sizing: inherit; margin-bottom: 1rem; font-size: 18px; font-family: Roboto, Arial, sans-serif; text-align: justify;\"><span style=\"font-size:12px;\"><span style=\"font-family:verdana,geneva,sans-serif;\">&ldquo;Y a los partidos pol\u00edticos que trabajen a lo interno para que realmente la campa\u00f1a electoral se circunscriba a los periodos que est\u00e1n realmente establecidos en la ley. No podemos estar tanto tiempo pensando en aspectos pol\u00edticos partidarios cuando este pa\u00eds necesita de muchos esfuerzos de los dominicanos para avanzar&rdquo;, expuso la representante del sector industrial del pa\u00eds.<\/span><\/span><\/p>\n<p style=\"caret-color: rgb(0, 0, 0); color: rgb(0, 0, 0); box-sizing: inherit; margin-bottom: 1rem; font-size: 18px; font-family: Roboto, Arial, sans-serif;\">&nbsp;<\/p>\n<div class=\"pvc_clear\"><\/div>\n<p class=\"pvc_stats all \" data-element-id=\"20778\" style=\"\"><i class=\"pvc-stats-icon medium\" aria-hidden=\"true\"><svg aria-hidden=\"true\" focusable=\"false\" data-prefix=\"far\" data-icon=\"chart-bar\" role=\"img\" xmlns=\"http:\/\/www.w3.org\/2000\/svg\" viewBox=\"0 0 512 512\" class=\"svg-inline--fa fa-chart-bar fa-w-16 fa-2x\"><path fill=\"currentColor\" d=\"M396.8 352h22.4c6.4 0 12.8-6.4 12.8-12.8V108.8c0-6.4-6.4-12.8-12.8-12.8h-22.4c-6.4 0-12.8 6.4-12.8 12.8v230.4c0 6.4 6.4 12.8 12.8 12.8zm-192 0h22.4c6.4 0 12.8-6.4 12.8-12.8V140.8c0-6.4-6.4-12.8-12.8-12.8h-22.4c-6.4 0-12.8 6.4-12.8 12.8v198.4c0 6.4 6.4 12.8 12.8 12.8zm96 0h22.4c6.4 0 12.8-6.4 12.8-12.8V204.8c0-6.4-6.4-12.8-12.8-12.8h-22.4c-6.4 0-12.8 6.4-12.8 12.8v134.4c0 6.4 6.4 12.8 12.8 12.8zM496 400H48V80c0-8.84-7.16-16-16-16H16C7.16 64 0 71.16 0 80v336c0 17.67 14.33 32 32 32h464c8.84 0 16-7.16 16-16v-16c0-8.84-7.16-16-16-16zm-387.2-48h22.4c6.4 0 12.8-6.4 12.8-12.8v-70.4c0-6.4-6.4-12.8-12.8-12.8h-22.4c-6.4 0-12.8 6.4-12.8 12.8v70.4c0 6.4 6.4 12.8 12.8 12.8z\" class=\"\"><\/path><\/svg><\/i> Vistas Totales&nbsp;571&nbsp;, Vistas Hoy&nbsp;1&nbsp;<\/p>\n<div class=\"pvc_clear\"><\/div>\n","protected":false},"excerpt":{"rendered":"<p>Publicado el: 24 de julio del 2019Autor: Joaqu\u00edn CaraballoPara Ernesto Selman, vicepresidente ejecutivo del Centro Regional de Estrategias Econ\u00f3micas Sostenibles (Crees), la decisi\u00f3n de Medina elimina la incertidumbre en los sectores econ\u00f3micos y resalta que un mal ambiente pol\u00edtico en un pa\u00eds frena las inversiones, la generaci\u00f3n de empleos, la producci\u00f3n y la generaci\u00f3n de riquezas a nivel general.<\/p>\n<div class=\"pvc_clear\"><\/div>\n<p class=\"pvc_stats all \" data-element-id=\"20778\" style=\"\"><i class=\"pvc-stats-icon medium\" aria-hidden=\"true\"><svg aria-hidden=\"true\" focusable=\"false\" data-prefix=\"far\" data-icon=\"chart-bar\" role=\"img\" xmlns=\"http:\/\/www.w3.org\/2000\/svg\" viewBox=\"0 0 512 512\" class=\"svg-inline--fa fa-chart-bar fa-w-16 fa-2x\"><path fill=\"currentColor\" d=\"M396.8 352h22.4c6.4 0 12.8-6.4 12.8-12.8V108.8c0-6.4-6.4-12.8-12.8-12.8h-22.4c-6.4 0-12.8 6.4-12.8 12.8v230.4c0 6.4 6.4 12.8 12.8 12.8zm-192 0h22.4c6.4 0 12.8-6.4 12.8-12.8V140.8c0-6.4-6.4-12.8-12.8-12.8h-22.4c-6.4 0-12.8 6.4-12.8 12.8v198.4c0 6.4 6.4 12.8 12.8 12.8zm96 0h22.4c6.4 0 12.8-6.4 12.8-12.8V204.8c0-6.4-6.4-12.8-12.8-12.8h-22.4c-6.4 0-12.8 6.4-12.8 12.8v134.4c0 6.4 6.4 12.8 12.8 12.8zM496 400H48V80c0-8.84-7.16-16-16-16H16C7.16 64 0 71.16 0 80v336c0 17.67 14.33 32 32 32h464c8.84 0 16-7.16 16-16v-16c0-8.84-7.16-16-16-16zm-387.2-48h22.4c6.4 0 12.8-6.4 12.8-12.8v-70.4c0-6.4-6.4-12.8-12.8-12.8h-22.4c-6.4 0-12.8 6.4-12.8 12.8v70.4c0 6.4 6.4 12.8 12.8 12.8z\" class=\"\"><\/path><\/svg><\/i> Vistas Totales&nbsp;571&nbsp;, Vistas Hoy&nbsp;1&nbsp;<\/p>\n<div class=\"pvc_clear\"><\/div>\n","protected":false},"author":2,"featured_media":0,"comment_status":"open","ping_status":"open","sticky":false,"template":"","format":"standard","meta":{"footnotes":""},"categories":[21],"tags":[],"class_list":["post-20778","post","type-post","status-publish","format-standard","hentry","category-blog"],"yoast_head":"<!-- This site is optimized with the Yoast SEO plugin v25.2 - https:\/\/yoast.com\/wordpress\/plugins\/seo\/ -->\n<title>Sectores empresariales creen discurso de Medina despeja incertidumbre en agentes econ\u00f3micos | CREES<\/title>\n<meta name=\"robots\" content=\"index, follow, max-snippet:-1, max-image-preview:large, max-video-preview:-1\" \/>\n<link rel=\"canonical\" href=\"https:\/\/crees.org.do\/?p=20778\" \/>\n<meta property=\"og:locale\" content=\"es_ES\" \/>\n<meta property=\"og:type\" content=\"article\" \/>\n<meta property=\"og:title\" content=\"Sectores empresariales creen discurso de Medina despeja incertidumbre en agentes econ\u00f3micos | CREES\" \/>\n<meta property=\"og:description\" content=\"Publicado el: 24 de julio del 2019Autor: Joaqu\u00edn CaraballoPara Ernesto Selman, vicepresidente ejecutivo del Centro Regional de Estrategias Econ\u00f3micas Sostenibles (Crees), la decisi\u00f3n de Medina elimina la incertidumbre en los sectores econ\u00f3micos y resalta que un mal ambiente pol\u00edtico en un pa\u00eds frena las inversiones, la generaci\u00f3n de empleos, la producci\u00f3n y la generaci\u00f3n de riquezas a nivel general.\" \/>\n<meta property=\"og:url\" content=\"https:\/\/crees.org.do\/?p=20778\" \/>\n<meta property=\"og:site_name\" content=\"CREES\" \/>\n<meta property=\"article:publisher\" content=\"https:\/\/www.facebook.com\/CREESRD\/\" \/>\n<meta property=\"article:published_time\" content=\"2019-01-07T00:00:00+00:00\" \/>\n<meta property=\"og:image\" content=\"https:\/\/crees.org.do\/wp-content\/uploads\/2022\/03\/crees-logo-1.jpg\" \/>\n\t<meta property=\"og:image:width\" content=\"244\" \/>\n\t<meta property=\"og:image:height\" content=\"71\" \/>\n\t<meta property=\"og:image:type\" content=\"image\/jpeg\" \/>\n<meta name=\"author\" content=\"Crees\" \/>\n<meta name=\"twitter:card\" content=\"summary_large_image\" \/>\n<meta name=\"twitter:creator\" content=\"@CREESRD\" \/>\n<meta name=\"twitter:site\" content=\"@CREESRD\" \/>\n<meta name=\"twitter:label1\" content=\"Escrito por\" \/>\n\t<meta name=\"twitter:data1\" content=\"Crees\" \/>\n\t<meta name=\"twitter:label2\" content=\"Tiempo de lectura\" \/>\n\t<meta name=\"twitter:data2\" content=\"4 minutos\" \/>\n<script type=\"application\/ld+json\" class=\"yoast-schema-graph\">{\"@context\":\"https:\/\/schema.org\",\"@graph\":[{\"@type\":\"Article\",\"@id\":\"https:\/\/crees.org.do\/?p=20778#article\",\"isPartOf\":{\"@id\":\"https:\/\/crees.org.do\/?p=20778\"},\"author\":{\"name\":\"Crees\",\"@id\":\"https:\/\/crees.org.do\/#\/schema\/person\/e7f97cd94d7bf9cd0e0ce30acb7d56b8\"},\"headline\":\"Sectores empresariales creen discurso de Medina despeja incertidumbre en agentes econ\u00f3micos\",\"datePublished\":\"2019-01-07T00:00:00+00:00\",\"mainEntityOfPage\":{\"@id\":\"https:\/\/crees.org.do\/?p=20778\"},\"wordCount\":826,\"commentCount\":0,\"publisher\":{\"@id\":\"https:\/\/crees.org.do\/#organization\"},\"articleSection\":[\"Blog\"],\"inLanguage\":\"es\"},{\"@type\":\"WebPage\",\"@id\":\"https:\/\/crees.org.do\/?p=20778\",\"url\":\"https:\/\/crees.org.do\/?p=20778\",\"name\":\"Sectores empresariales creen discurso de Medina despeja incertidumbre en agentes econ\u00f3micos | CREES\",\"isPartOf\":{\"@id\":\"https:\/\/crees.org.do\/#website\"},\"datePublished\":\"2019-01-07T00:00:00+00:00\",\"breadcrumb\":{\"@id\":\"https:\/\/crees.org.do\/?p=20778#breadcrumb\"},\"inLanguage\":\"es\",\"potentialAction\":[{\"@type\":\"ReadAction\",\"target\":[\"https:\/\/crees.org.do\/?p=20778\"]}]},{\"@type\":\"BreadcrumbList\",\"@id\":\"https:\/\/crees.org.do\/?p=20778#breadcrumb\",\"itemListElement\":[{\"@type\":\"ListItem\",\"position\":1,\"name\":\"Portada\",\"item\":\"https:\/\/crees.org.do\/\"},{\"@type\":\"ListItem\",\"position\":2,\"name\":\"Sectores empresariales creen discurso de Medina despeja incertidumbre en agentes econ\u00f3micos\"}]},{\"@type\":\"WebSite\",\"@id\":\"https:\/\/crees.org.do\/#website\",\"url\":\"https:\/\/crees.org.do\/\",\"name\":\"CREES\",\"description\":\"Centro Regional de Estrategias Econ\u00f3micas Sostenibles\",\"publisher\":{\"@id\":\"https:\/\/crees.org.do\/#organization\"},\"potentialAction\":[{\"@type\":\"SearchAction\",\"target\":{\"@type\":\"EntryPoint\",\"urlTemplate\":\"https:\/\/crees.org.do\/?s={search_term_string}\"},\"query-input\":{\"@type\":\"PropertyValueSpecification\",\"valueRequired\":true,\"valueName\":\"search_term_string\"}}],\"inLanguage\":\"es\"},{\"@type\":\"Organization\",\"@id\":\"https:\/\/crees.org.do\/#organization\",\"name\":\"CREES | Centro Regional de Estrategias Econ\u00f3micas Sostenibles\",\"url\":\"https:\/\/crees.org.do\/\",\"logo\":{\"@type\":\"ImageObject\",\"inLanguage\":\"es\",\"@id\":\"https:\/\/crees.org.do\/#\/schema\/logo\/image\/\",\"url\":\"https:\/\/crees.org.do\/wp-content\/uploads\/2022\/03\/crees-logo-1.jpg\",\"contentUrl\":\"https:\/\/crees.org.do\/wp-content\/uploads\/2022\/03\/crees-logo-1.jpg\",\"width\":244,\"height\":71,\"caption\":\"CREES | Centro Regional de Estrategias Econ\u00f3micas Sostenibles\"},\"image\":{\"@id\":\"https:\/\/crees.org.do\/#\/schema\/logo\/image\/\"},\"sameAs\":[\"https:\/\/www.facebook.com\/CREESRD\/\",\"https:\/\/x.com\/CREESRD\"]},{\"@type\":\"Person\",\"@id\":\"https:\/\/crees.org.do\/#\/schema\/person\/e7f97cd94d7bf9cd0e0ce30acb7d56b8\",\"name\":\"Crees\",\"image\":{\"@type\":\"ImageObject\",\"inLanguage\":\"es\",\"@id\":\"https:\/\/crees.org.do\/#\/schema\/person\/image\/\",\"url\":\"https:\/\/secure.gravatar.com\/avatar\/390ac8f0be5d9aa046152553e2dd7011b59a512d89c150f5e5f28bb8d9a0b165?s=96&d=mm&r=g\",\"contentUrl\":\"https:\/\/secure.gravatar.com\/avatar\/390ac8f0be5d9aa046152553e2dd7011b59a512d89c150f5e5f28bb8d9a0b165?s=96&d=mm&r=g\",\"caption\":\"Crees\"},\"url\":\"https:\/\/crees.org.do\/?author=2\"}]}<\/script>\n<!-- \/ Yoast SEO plugin. -->","yoast_head_json":{"title":"Sectores empresariales creen discurso de Medina despeja incertidumbre en agentes econ\u00f3micos | CREES","robots":{"index":"index","follow":"follow","max-snippet":"max-snippet:-1","max-image-preview":"max-image-preview:large","max-video-preview":"max-video-preview:-1"},"canonical":"https:\/\/crees.org.do\/?p=20778","og_locale":"es_ES","og_type":"article","og_title":"Sectores empresariales creen discurso de Medina despeja incertidumbre en agentes econ\u00f3micos | CREES","og_description":"Publicado el: 24 de julio del 2019Autor: Joaqu\u00edn CaraballoPara Ernesto Selman, vicepresidente ejecutivo del Centro Regional de Estrategias Econ\u00f3micas Sostenibles (Crees), la decisi\u00f3n de Medina elimina la incertidumbre en los sectores econ\u00f3micos y resalta que un mal ambiente pol\u00edtico en un pa\u00eds frena las inversiones, la generaci\u00f3n de empleos, la producci\u00f3n y la generaci\u00f3n de riquezas a nivel general.","og_url":"https:\/\/crees.org.do\/?p=20778","og_site_name":"CREES","article_publisher":"https:\/\/www.facebook.com\/CREESRD\/","article_published_time":"2019-01-07T00:00:00+00:00","og_image":[{"width":244,"height":71,"url":"https:\/\/crees.org.do\/wp-content\/uploads\/2022\/03\/crees-logo-1.jpg","type":"image\/jpeg"}],"author":"Crees","twitter_card":"summary_large_image","twitter_creator":"@CREESRD","twitter_site":"@CREESRD","twitter_misc":{"Escrito por":"Crees","Tiempo de lectura":"4 minutos"},"schema":{"@context":"https:\/\/schema.org","@graph":[{"@type":"Article","@id":"https:\/\/crees.org.do\/?p=20778#article","isPartOf":{"@id":"https:\/\/crees.org.do\/?p=20778"},"author":{"name":"Crees","@id":"https:\/\/crees.org.do\/#\/schema\/person\/e7f97cd94d7bf9cd0e0ce30acb7d56b8"},"headline":"Sectores empresariales creen discurso de Medina despeja incertidumbre en agentes econ\u00f3micos","datePublished":"2019-01-07T00:00:00+00:00","mainEntityOfPage":{"@id":"https:\/\/crees.org.do\/?p=20778"},"wordCount":826,"commentCount":0,"publisher":{"@id":"https:\/\/crees.org.do\/#organization"},"articleSection":["Blog"],"inLanguage":"es"},{"@type":"WebPage","@id":"https:\/\/crees.org.do\/?p=20778","url":"https:\/\/crees.org.do\/?p=20778","name":"Sectores empresariales creen discurso de Medina despeja incertidumbre en agentes econ\u00f3micos | CREES","isPartOf":{"@id":"https:\/\/crees.org.do\/#website"},"datePublished":"2019-01-07T00:00:00+00:00","breadcrumb":{"@id":"https:\/\/crees.org.do\/?p=20778#breadcrumb"},"inLanguage":"es","potentialAction":[{"@type":"ReadAction","target":["https:\/\/crees.org.do\/?p=20778"]}]},{"@type":"BreadcrumbList","@id":"https:\/\/crees.org.do\/?p=20778#breadcrumb","itemListElement":[{"@type":"ListItem","position":1,"name":"Portada","item":"https:\/\/crees.org.do\/"},{"@type":"ListItem","position":2,"name":"Sectores empresariales creen discurso de Medina despeja incertidumbre en agentes econ\u00f3micos"}]},{"@type":"WebSite","@id":"https:\/\/crees.org.do\/#website","url":"https:\/\/crees.org.do\/","name":"CREES","description":"Centro Regional de Estrategias Econ\u00f3micas Sostenibles","publisher":{"@id":"https:\/\/crees.org.do\/#organization"},"potentialAction":[{"@type":"SearchAction","target":{"@type":"EntryPoint","urlTemplate":"https:\/\/crees.org.do\/?s={search_term_string}"},"query-input":{"@type":"PropertyValueSpecification","valueRequired":true,"valueName":"search_term_string"}}],"inLanguage":"es"},{"@type":"Organization","@id":"https:\/\/crees.org.do\/#organization","name":"CREES | Centro Regional de Estrategias Econ\u00f3micas Sostenibles","url":"https:\/\/crees.org.do\/","logo":{"@type":"ImageObject","inLanguage":"es","@id":"https:\/\/crees.org.do\/#\/schema\/logo\/image\/","url":"https:\/\/crees.org.do\/wp-content\/uploads\/2022\/03\/crees-logo-1.jpg","contentUrl":"https:\/\/crees.org.do\/wp-content\/uploads\/2022\/03\/crees-logo-1.jpg","width":244,"height":71,"caption":"CREES | Centro Regional de Estrategias Econ\u00f3micas Sostenibles"},"image":{"@id":"https:\/\/crees.org.do\/#\/schema\/logo\/image\/"},"sameAs":["https:\/\/www.facebook.com\/CREESRD\/","https:\/\/x.com\/CREESRD"]},{"@type":"Person","@id":"https:\/\/crees.org.do\/#\/schema\/person\/e7f97cd94d7bf9cd0e0ce30acb7d56b8","name":"Crees","image":{"@type":"ImageObject","inLanguage":"es","@id":"https:\/\/crees.org.do\/#\/schema\/person\/image\/","url":"https:\/\/secure.gravatar.com\/avatar\/390ac8f0be5d9aa046152553e2dd7011b59a512d89c150f5e5f28bb8d9a0b165?s=96&d=mm&r=g","contentUrl":"https:\/\/secure.gravatar.com\/avatar\/390ac8f0be5d9aa046152553e2dd7011b59a512d89c150f5e5f28bb8d9a0b165?s=96&d=mm&r=g","caption":"Crees"},"url":"https:\/\/crees.org.do\/?author=2"}]}},"_links":{"self":[{"href":"https:\/\/crees.org.do\/index.php?rest_route=\/wp\/v2\/posts\/20778","targetHints":{"allow":["GET"]}}],"collection":[{"href":"https:\/\/crees.org.do\/index.php?rest_route=\/wp\/v2\/posts"}],"about":[{"href":"https:\/\/crees.org.do\/index.php?rest_route=\/wp\/v2\/types\/post"}],"author":[{"embeddable":true,"href":"https:\/\/crees.org.do\/index.php?rest_route=\/wp\/v2\/users\/2"}],"replies":[{"embeddable":true,"href":"https:\/\/crees.org.do\/index.php?rest_route=%2Fwp%2Fv2%2Fcomments&post=20778"}],"version-history":[{"count":0,"href":"https:\/\/crees.org.do\/index.php?rest_route=\/wp\/v2\/posts\/20778\/revisions"}],"wp:attachment":[{"href":"https:\/\/crees.org.do\/index.php?rest_route=%2Fwp%2Fv2%2Fmedia&parent=20778"}],"wp:term":[{"taxonomy":"category","embeddable":true,"href":"https:\/\/crees.org.do\/index.php?rest_route=%2Fwp%2Fv2%2Fcategories&post=20778"},{"taxonomy":"post_tag","embeddable":true,"href":"https:\/\/crees.org.do\/index.php?rest_route=%2Fwp%2Fv2%2Ftags&post=20778"}],"curies":[{"name":"wp","href":"https:\/\/api.w.org\/{rel}","templated":true}]}}