{"id":20798,"date":"2019-01-08T00:00:00","date_gmt":"2019-01-08T00:00:00","guid":{"rendered":"https:\/\/crees.org.do\/economista-minimiza-caida-de-la-inversion-extranjera-en-2018\/"},"modified":"2019-01-08T00:00:00","modified_gmt":"2019-01-08T00:00:00","slug":"economista-minimiza-caida-de-la-inversion-extranjera-en-2018","status":"publish","type":"post","link":"https:\/\/crees.org.do\/?p=20798","title":{"rendered":"Economista minimiza ca\u00edda de la inversi\u00f3n extranjera en 2018"},"content":{"rendered":"<p style=\"margin-bottom: 1rem; caret-color: rgb(0, 0, 0); color: rgb(0, 0, 0); box-sizing: inherit; font-size: 18px; font-family: Roboto, Arial, sans-serif; text-align: justify;\"><span style=\"font-size: 12px;\">Autor: Ubaldo Guzm\u00e1n Molina<\/span><\/p>\n<p style=\"margin-bottom: 1rem; caret-color: rgb(0, 0, 0); color: rgb(0, 0, 0); box-sizing: inherit; font-size: 18px; font-family: Roboto, Arial, sans-serif; text-align: justify;\"><span style=\"font-size: 12px;\">Extra\u00eddo de: Peri\u00f3dico Hoy<\/span><\/p>\n<p style=\"margin-bottom: 1rem; caret-color: rgb(0, 0, 0); color: rgb(0, 0, 0); box-sizing: inherit; font-size: 18px; font-family: Roboto, Arial, sans-serif; text-align: justify;\">&nbsp;<\/p>\n<p style=\"text-align: justify;\"><span style=\"font-size:12px;\"><span style=\"font-family:verdana,geneva,sans-serif;\"><span style=\"color: rgb(51, 51, 51); background-color: rgb(255, 255, 255);\">El economista senior del Centro Regional de Estrategias Econ\u00f3micas Sostenibles (Crees) minimiz\u00f3 ayer la ca\u00edda del 29% de la Inversi\u00f3n Extranjera Directa (IED) en el pa\u00eds del 2018 comparado con el 2017, debido a que fue provocada por la compra de una parte de las acciones de la Cervecer\u00eda Nacional Dominicana a Ambev.<\/span><\/span><\/span><\/p>\n<p style=\"text-align: justify;\"><span style=\"font-size:12px;\"><span style=\"font-family:verdana,geneva,sans-serif;\"><span style=\"color: rgb(51, 51, 51); background-color: rgb(255, 255, 255);\">Miguel Collado Di Franco afirm\u00f3 que la IED directa en el 2018, que ascendi\u00f3 a US$2,535 millones. Sigui\u00f3 un patr\u00f3n similar a la de 2016.<\/span><\/span><\/span><\/p>\n<p style=\"text-align: justify;\"><span style=\"font-size:12px;\"><span style=\"font-family:verdana,geneva,sans-serif;\"><span style=\"color: rgb(51, 51, 51); background-color: rgb(255, 255, 255);\">Consider\u00f3 que el pa\u00eds necesita mejorar el clima de inversi\u00f3n, la seguridad jur\u00eddica, fortalecer las instituciones y tener mayor estabilidad pol\u00edtico-institucional. Cree que la IED aumentar\u00e1 en el pa\u00eds, en la medida que los costos para hacer negocios mejoren en el pa\u00eds.<\/span><\/span><\/span><\/p>\n<p style=\"text-align: justify;\"><span style=\"font-size:12px;\"><span style=\"font-family:verdana,geneva,sans-serif;\"><span style=\"color: rgb(51, 51, 51); background-color: rgb(255, 255, 255);\">Precis\u00f3 que las estad\u00edsticas de la IED son enga\u00f1osas, debido a que existen registros contables que no indican nuevas entradas de flujo al pa\u00eds.<\/span><\/span><\/span><\/p>\n<p style=\"text-align: justify;\"><span style=\"font-size:12px;\"><span style=\"font-family:verdana,geneva,sans-serif;\"><span style=\"color: rgb(51, 51, 51); background-color: rgb(255, 255, 255);\">Precis\u00f3 que las reinversiones que hacen las empresas radicadas en el pa\u00eds de sus ganancias o utilidades no constituyen un nuevo flujo de inversi\u00f3n extranjera.<\/span><\/span><\/span><\/p>\n<p style=\"text-align: justify;\"><span style=\"font-size:12px;\"><span style=\"font-family:verdana,geneva,sans-serif;\"><span style=\"color: rgb(51, 51, 51); background-color: rgb(255, 255, 255);\">Collado Di Franco coment\u00f3 el informe de la Comisi\u00f3n Econ\u00f3mica para Am\u00e9rica Latina y el Caribe (Cepal), seg\u00fan el cual la IED del pa\u00eds pas\u00f3 de 2017 al 2018 cay\u00f3 US$1,035 millones.<\/span><br style=\"box-sizing: border-box; line-height: 2.7em; color: rgb(51, 51, 51); font-family: roboto, sans-serif; font-size: 18px; background-color: rgb(255, 255, 255);\" \/><span style=\"color: rgb(51, 51, 51); background-color: rgb(255, 255, 255);\">Por otro lado, el economista del Crees mostr\u00f3 preocupaci\u00f3n por el ritmo de endeudamiento del pa\u00eds, pues del 2000 a junio de este a\u00f1o la deuda p\u00fablica ha crecido en 968.2% al pasar de US$4,447.9 millones a US$47,513.2 millones.<\/span><\/span><\/span><\/p>\n<p style=\"text-align: justify;\"><span style=\"font-size:12px;\"><span style=\"font-family:verdana,geneva,sans-serif;\"><span style=\"color: rgb(51, 51, 51); background-color: rgb(255, 255, 255);\">Se\u00f1al\u00f3 que un incremento en el gasto en intereses, independientemente de la relaci\u00f3n deuda\/producto interno bruto, coloca al Estado en una situaci\u00f3n en la cual es m\u00e1s dif\u00edcil enfrentar sus compromisos financieros.<\/span><\/span><\/span><\/p>\n<p style=\"text-align: justify;\"><span style=\"font-size:12px;\"><span style=\"font-family:verdana,geneva,sans-serif;\"><span style=\"color: rgb(51, 51, 51); background-color: rgb(255, 255, 255);\">Explic\u00f3 que para enfrentar el endeudamiento existe un proyecto de Ley de Responsabilidad y Transparencia Fiscal que reposa en el Congreso desde el 2013, pero ha faltado voluntad pol\u00edtica para su aprobaci\u00f3n.<\/span><\/span><\/span><\/p>\n<p style=\"text-align: justify;\"><span style=\"font-size:12px;\"><span style=\"font-family:verdana,geneva,sans-serif;\"><strong style=\"box-sizing: border-box; color: rgb(51, 51, 51); font-family: roboto, sans-serif; font-size: 18px; background-color: rgb(255, 255, 255);\">Responsabilidades<\/strong><\/span><\/span><\/p>\n<p style=\"text-align: justify;\"><span style=\"font-size:12px;\"><span style=\"font-family:verdana,geneva,sans-serif;\"><span style=\"color: rgb(51, 51, 51); background-color: rgb(255, 255, 255);\">Explic\u00f3 que la aprobaci\u00f3n e implementaci\u00f3n de la Ley de Responsabilidad Fiscal contribuir\u00eda a normalizar las finanzas p\u00fablicas y a revertir la senda de insostenibilidad por la que desde hace seis a\u00f1os transita el endeudamiento p\u00fablico. Indic\u00f3 que para disminuir la deuda p\u00fablica se debe reducir el gasto p\u00fablico.<\/span><\/span><\/span><\/p>\n<div class=\"pvc_clear\"><\/div>\n<p class=\"pvc_stats all \" data-element-id=\"20798\" style=\"\"><i class=\"pvc-stats-icon medium\" aria-hidden=\"true\"><svg aria-hidden=\"true\" focusable=\"false\" data-prefix=\"far\" data-icon=\"chart-bar\" role=\"img\" xmlns=\"http:\/\/www.w3.org\/2000\/svg\" viewBox=\"0 0 512 512\" class=\"svg-inline--fa fa-chart-bar fa-w-16 fa-2x\"><path fill=\"currentColor\" d=\"M396.8 352h22.4c6.4 0 12.8-6.4 12.8-12.8V108.8c0-6.4-6.4-12.8-12.8-12.8h-22.4c-6.4 0-12.8 6.4-12.8 12.8v230.4c0 6.4 6.4 12.8 12.8 12.8zm-192 0h22.4c6.4 0 12.8-6.4 12.8-12.8V140.8c0-6.4-6.4-12.8-12.8-12.8h-22.4c-6.4 0-12.8 6.4-12.8 12.8v198.4c0 6.4 6.4 12.8 12.8 12.8zm96 0h22.4c6.4 0 12.8-6.4 12.8-12.8V204.8c0-6.4-6.4-12.8-12.8-12.8h-22.4c-6.4 0-12.8 6.4-12.8 12.8v134.4c0 6.4 6.4 12.8 12.8 12.8zM496 400H48V80c0-8.84-7.16-16-16-16H16C7.16 64 0 71.16 0 80v336c0 17.67 14.33 32 32 32h464c8.84 0 16-7.16 16-16v-16c0-8.84-7.16-16-16-16zm-387.2-48h22.4c6.4 0 12.8-6.4 12.8-12.8v-70.4c0-6.4-6.4-12.8-12.8-12.8h-22.4c-6.4 0-12.8 6.4-12.8 12.8v70.4c0 6.4 6.4 12.8 12.8 12.8z\" class=\"\"><\/path><\/svg><\/i> Vistas Totales&nbsp;287&nbsp;, Vistas Hoy&nbsp;2&nbsp;<\/p>\n<div class=\"pvc_clear\"><\/div>\n","protected":false},"excerpt":{"rendered":"<p>Publicado el: Viernes 16 de agosto del 2019Autor: Ubaldo Guzm\u00e1n MolinaEl economista senior del Centro Regional de Estrategias Econ\u00f3micas Sostenibles (Crees) minimiz\u00f3 ayer la ca\u00edda del 29% de la Inversi\u00f3n Extranjera Directa (IED) en el pa\u00eds del 2018 comparado con el 2017, debido a que fue provocada por la compra de una parte de las acciones de la Cervecer\u00eda Nacional Dominicana a Ambev.<\/p>\n<div class=\"pvc_clear\"><\/div>\n<p class=\"pvc_stats all \" data-element-id=\"20798\" style=\"\"><i class=\"pvc-stats-icon medium\" aria-hidden=\"true\"><svg aria-hidden=\"true\" focusable=\"false\" data-prefix=\"far\" data-icon=\"chart-bar\" role=\"img\" xmlns=\"http:\/\/www.w3.org\/2000\/svg\" viewBox=\"0 0 512 512\" class=\"svg-inline--fa fa-chart-bar fa-w-16 fa-2x\"><path fill=\"currentColor\" d=\"M396.8 352h22.4c6.4 0 12.8-6.4 12.8-12.8V108.8c0-6.4-6.4-12.8-12.8-12.8h-22.4c-6.4 0-12.8 6.4-12.8 12.8v230.4c0 6.4 6.4 12.8 12.8 12.8zm-192 0h22.4c6.4 0 12.8-6.4 12.8-12.8V140.8c0-6.4-6.4-12.8-12.8-12.8h-22.4c-6.4 0-12.8 6.4-12.8 12.8v198.4c0 6.4 6.4 12.8 12.8 12.8zm96 0h22.4c6.4 0 12.8-6.4 12.8-12.8V204.8c0-6.4-6.4-12.8-12.8-12.8h-22.4c-6.4 0-12.8 6.4-12.8 12.8v134.4c0 6.4 6.4 12.8 12.8 12.8zM496 400H48V80c0-8.84-7.16-16-16-16H16C7.16 64 0 71.16 0 80v336c0 17.67 14.33 32 32 32h464c8.84 0 16-7.16 16-16v-16c0-8.84-7.16-16-16-16zm-387.2-48h22.4c6.4 0 12.8-6.4 12.8-12.8v-70.4c0-6.4-6.4-12.8-12.8-12.8h-22.4c-6.4 0-12.8 6.4-12.8 12.8v70.4c0 6.4 6.4 12.8 12.8 12.8z\" class=\"\"><\/path><\/svg><\/i> Vistas Totales&nbsp;287&nbsp;, Vistas Hoy&nbsp;2&nbsp;<\/p>\n<div class=\"pvc_clear\"><\/div>\n","protected":false},"author":2,"featured_media":0,"comment_status":"open","ping_status":"open","sticky":false,"template":"","format":"standard","meta":{"footnotes":""},"categories":[21],"tags":[],"class_list":["post-20798","post","type-post","status-publish","format-standard","hentry","category-blog"],"yoast_head":"<!-- This site is optimized with the Yoast SEO plugin v25.2 - https:\/\/yoast.com\/wordpress\/plugins\/seo\/ -->\n<title>Economista minimiza ca\u00edda de la inversi\u00f3n extranjera en 2018 | CREES<\/title>\n<meta name=\"robots\" content=\"index, follow, max-snippet:-1, max-image-preview:large, max-video-preview:-1\" \/>\n<link rel=\"canonical\" href=\"https:\/\/crees.org.do\/?p=20798\" \/>\n<meta property=\"og:locale\" content=\"es_ES\" \/>\n<meta property=\"og:type\" content=\"article\" \/>\n<meta property=\"og:title\" content=\"Economista minimiza ca\u00edda de la inversi\u00f3n extranjera en 2018 | CREES\" \/>\n<meta property=\"og:description\" content=\"Publicado el: Viernes 16 de agosto del 2019Autor: Ubaldo Guzm\u00e1n MolinaEl economista senior del Centro Regional de Estrategias Econ\u00f3micas Sostenibles (Crees) minimiz\u00f3 ayer la ca\u00edda del 29% de la Inversi\u00f3n Extranjera Directa (IED) en el pa\u00eds del 2018 comparado con el 2017, debido a que fue provocada por la compra de una parte de las acciones de la Cervecer\u00eda Nacional Dominicana a Ambev.\" \/>\n<meta property=\"og:url\" content=\"https:\/\/crees.org.do\/?p=20798\" \/>\n<meta property=\"og:site_name\" content=\"CREES\" \/>\n<meta property=\"article:publisher\" content=\"https:\/\/www.facebook.com\/CREESRD\/\" \/>\n<meta property=\"article:published_time\" content=\"2019-01-08T00:00:00+00:00\" \/>\n<meta property=\"og:image\" content=\"https:\/\/crees.org.do\/wp-content\/uploads\/2022\/03\/crees-logo-1.jpg\" \/>\n\t<meta property=\"og:image:width\" content=\"244\" \/>\n\t<meta property=\"og:image:height\" content=\"71\" \/>\n\t<meta property=\"og:image:type\" content=\"image\/jpeg\" \/>\n<meta name=\"author\" content=\"Crees\" \/>\n<meta name=\"twitter:card\" content=\"summary_large_image\" \/>\n<meta name=\"twitter:creator\" content=\"@CREESRD\" \/>\n<meta name=\"twitter:site\" content=\"@CREESRD\" \/>\n<meta name=\"twitter:label1\" content=\"Escrito por\" \/>\n\t<meta name=\"twitter:data1\" content=\"Crees\" \/>\n\t<meta name=\"twitter:label2\" content=\"Tiempo de lectura\" \/>\n\t<meta name=\"twitter:data2\" content=\"2 minutos\" \/>\n<script type=\"application\/ld+json\" class=\"yoast-schema-graph\">{\"@context\":\"https:\/\/schema.org\",\"@graph\":[{\"@type\":\"Article\",\"@id\":\"https:\/\/crees.org.do\/?p=20798#article\",\"isPartOf\":{\"@id\":\"https:\/\/crees.org.do\/?p=20798\"},\"author\":{\"name\":\"Crees\",\"@id\":\"https:\/\/crees.org.do\/#\/schema\/person\/e7f97cd94d7bf9cd0e0ce30acb7d56b8\"},\"headline\":\"Economista minimiza ca\u00edda de la inversi\u00f3n extranjera en 2018\",\"datePublished\":\"2019-01-08T00:00:00+00:00\",\"mainEntityOfPage\":{\"@id\":\"https:\/\/crees.org.do\/?p=20798\"},\"wordCount\":408,\"commentCount\":0,\"publisher\":{\"@id\":\"https:\/\/crees.org.do\/#organization\"},\"articleSection\":[\"Blog\"],\"inLanguage\":\"es\"},{\"@type\":\"WebPage\",\"@id\":\"https:\/\/crees.org.do\/?p=20798\",\"url\":\"https:\/\/crees.org.do\/?p=20798\",\"name\":\"Economista minimiza ca\u00edda de la inversi\u00f3n extranjera en 2018 | CREES\",\"isPartOf\":{\"@id\":\"https:\/\/crees.org.do\/#website\"},\"datePublished\":\"2019-01-08T00:00:00+00:00\",\"breadcrumb\":{\"@id\":\"https:\/\/crees.org.do\/?p=20798#breadcrumb\"},\"inLanguage\":\"es\",\"potentialAction\":[{\"@type\":\"ReadAction\",\"target\":[\"https:\/\/crees.org.do\/?p=20798\"]}]},{\"@type\":\"BreadcrumbList\",\"@id\":\"https:\/\/crees.org.do\/?p=20798#breadcrumb\",\"itemListElement\":[{\"@type\":\"ListItem\",\"position\":1,\"name\":\"Portada\",\"item\":\"https:\/\/crees.org.do\/\"},{\"@type\":\"ListItem\",\"position\":2,\"name\":\"Economista minimiza ca\u00edda de la inversi\u00f3n extranjera en 2018\"}]},{\"@type\":\"WebSite\",\"@id\":\"https:\/\/crees.org.do\/#website\",\"url\":\"https:\/\/crees.org.do\/\",\"name\":\"CREES\",\"description\":\"Centro Regional de Estrategias Econ\u00f3micas Sostenibles\",\"publisher\":{\"@id\":\"https:\/\/crees.org.do\/#organization\"},\"potentialAction\":[{\"@type\":\"SearchAction\",\"target\":{\"@type\":\"EntryPoint\",\"urlTemplate\":\"https:\/\/crees.org.do\/?s={search_term_string}\"},\"query-input\":{\"@type\":\"PropertyValueSpecification\",\"valueRequired\":true,\"valueName\":\"search_term_string\"}}],\"inLanguage\":\"es\"},{\"@type\":\"Organization\",\"@id\":\"https:\/\/crees.org.do\/#organization\",\"name\":\"CREES | Centro Regional de Estrategias Econ\u00f3micas Sostenibles\",\"url\":\"https:\/\/crees.org.do\/\",\"logo\":{\"@type\":\"ImageObject\",\"inLanguage\":\"es\",\"@id\":\"https:\/\/crees.org.do\/#\/schema\/logo\/image\/\",\"url\":\"https:\/\/crees.org.do\/wp-content\/uploads\/2022\/03\/crees-logo-1.jpg\",\"contentUrl\":\"https:\/\/crees.org.do\/wp-content\/uploads\/2022\/03\/crees-logo-1.jpg\",\"width\":244,\"height\":71,\"caption\":\"CREES | Centro Regional de Estrategias Econ\u00f3micas Sostenibles\"},\"image\":{\"@id\":\"https:\/\/crees.org.do\/#\/schema\/logo\/image\/\"},\"sameAs\":[\"https:\/\/www.facebook.com\/CREESRD\/\",\"https:\/\/x.com\/CREESRD\"]},{\"@type\":\"Person\",\"@id\":\"https:\/\/crees.org.do\/#\/schema\/person\/e7f97cd94d7bf9cd0e0ce30acb7d56b8\",\"name\":\"Crees\",\"image\":{\"@type\":\"ImageObject\",\"inLanguage\":\"es\",\"@id\":\"https:\/\/crees.org.do\/#\/schema\/person\/image\/\",\"url\":\"https:\/\/secure.gravatar.com\/avatar\/390ac8f0be5d9aa046152553e2dd7011b59a512d89c150f5e5f28bb8d9a0b165?s=96&d=mm&r=g\",\"contentUrl\":\"https:\/\/secure.gravatar.com\/avatar\/390ac8f0be5d9aa046152553e2dd7011b59a512d89c150f5e5f28bb8d9a0b165?s=96&d=mm&r=g\",\"caption\":\"Crees\"},\"url\":\"https:\/\/crees.org.do\/?author=2\"}]}<\/script>\n<!-- \/ Yoast SEO plugin. -->","yoast_head_json":{"title":"Economista minimiza ca\u00edda de la inversi\u00f3n extranjera en 2018 | CREES","robots":{"index":"index","follow":"follow","max-snippet":"max-snippet:-1","max-image-preview":"max-image-preview:large","max-video-preview":"max-video-preview:-1"},"canonical":"https:\/\/crees.org.do\/?p=20798","og_locale":"es_ES","og_type":"article","og_title":"Economista minimiza ca\u00edda de la inversi\u00f3n extranjera en 2018 | CREES","og_description":"Publicado el: Viernes 16 de agosto del 2019Autor: Ubaldo Guzm\u00e1n MolinaEl economista senior del Centro Regional de Estrategias Econ\u00f3micas Sostenibles (Crees) minimiz\u00f3 ayer la ca\u00edda del 29% de la Inversi\u00f3n Extranjera Directa (IED) en el pa\u00eds del 2018 comparado con el 2017, debido a que fue provocada por la compra de una parte de las acciones de la Cervecer\u00eda Nacional Dominicana a Ambev.","og_url":"https:\/\/crees.org.do\/?p=20798","og_site_name":"CREES","article_publisher":"https:\/\/www.facebook.com\/CREESRD\/","article_published_time":"2019-01-08T00:00:00+00:00","og_image":[{"width":244,"height":71,"url":"https:\/\/crees.org.do\/wp-content\/uploads\/2022\/03\/crees-logo-1.jpg","type":"image\/jpeg"}],"author":"Crees","twitter_card":"summary_large_image","twitter_creator":"@CREESRD","twitter_site":"@CREESRD","twitter_misc":{"Escrito por":"Crees","Tiempo de lectura":"2 minutos"},"schema":{"@context":"https:\/\/schema.org","@graph":[{"@type":"Article","@id":"https:\/\/crees.org.do\/?p=20798#article","isPartOf":{"@id":"https:\/\/crees.org.do\/?p=20798"},"author":{"name":"Crees","@id":"https:\/\/crees.org.do\/#\/schema\/person\/e7f97cd94d7bf9cd0e0ce30acb7d56b8"},"headline":"Economista minimiza ca\u00edda de la inversi\u00f3n extranjera en 2018","datePublished":"2019-01-08T00:00:00+00:00","mainEntityOfPage":{"@id":"https:\/\/crees.org.do\/?p=20798"},"wordCount":408,"commentCount":0,"publisher":{"@id":"https:\/\/crees.org.do\/#organization"},"articleSection":["Blog"],"inLanguage":"es"},{"@type":"WebPage","@id":"https:\/\/crees.org.do\/?p=20798","url":"https:\/\/crees.org.do\/?p=20798","name":"Economista minimiza ca\u00edda de la inversi\u00f3n extranjera en 2018 | CREES","isPartOf":{"@id":"https:\/\/crees.org.do\/#website"},"datePublished":"2019-01-08T00:00:00+00:00","breadcrumb":{"@id":"https:\/\/crees.org.do\/?p=20798#breadcrumb"},"inLanguage":"es","potentialAction":[{"@type":"ReadAction","target":["https:\/\/crees.org.do\/?p=20798"]}]},{"@type":"BreadcrumbList","@id":"https:\/\/crees.org.do\/?p=20798#breadcrumb","itemListElement":[{"@type":"ListItem","position":1,"name":"Portada","item":"https:\/\/crees.org.do\/"},{"@type":"ListItem","position":2,"name":"Economista minimiza ca\u00edda de la inversi\u00f3n extranjera en 2018"}]},{"@type":"WebSite","@id":"https:\/\/crees.org.do\/#website","url":"https:\/\/crees.org.do\/","name":"CREES","description":"Centro Regional de Estrategias Econ\u00f3micas Sostenibles","publisher":{"@id":"https:\/\/crees.org.do\/#organization"},"potentialAction":[{"@type":"SearchAction","target":{"@type":"EntryPoint","urlTemplate":"https:\/\/crees.org.do\/?s={search_term_string}"},"query-input":{"@type":"PropertyValueSpecification","valueRequired":true,"valueName":"search_term_string"}}],"inLanguage":"es"},{"@type":"Organization","@id":"https:\/\/crees.org.do\/#organization","name":"CREES | Centro Regional de Estrategias Econ\u00f3micas Sostenibles","url":"https:\/\/crees.org.do\/","logo":{"@type":"ImageObject","inLanguage":"es","@id":"https:\/\/crees.org.do\/#\/schema\/logo\/image\/","url":"https:\/\/crees.org.do\/wp-content\/uploads\/2022\/03\/crees-logo-1.jpg","contentUrl":"https:\/\/crees.org.do\/wp-content\/uploads\/2022\/03\/crees-logo-1.jpg","width":244,"height":71,"caption":"CREES | Centro Regional de Estrategias Econ\u00f3micas Sostenibles"},"image":{"@id":"https:\/\/crees.org.do\/#\/schema\/logo\/image\/"},"sameAs":["https:\/\/www.facebook.com\/CREESRD\/","https:\/\/x.com\/CREESRD"]},{"@type":"Person","@id":"https:\/\/crees.org.do\/#\/schema\/person\/e7f97cd94d7bf9cd0e0ce30acb7d56b8","name":"Crees","image":{"@type":"ImageObject","inLanguage":"es","@id":"https:\/\/crees.org.do\/#\/schema\/person\/image\/","url":"https:\/\/secure.gravatar.com\/avatar\/390ac8f0be5d9aa046152553e2dd7011b59a512d89c150f5e5f28bb8d9a0b165?s=96&d=mm&r=g","contentUrl":"https:\/\/secure.gravatar.com\/avatar\/390ac8f0be5d9aa046152553e2dd7011b59a512d89c150f5e5f28bb8d9a0b165?s=96&d=mm&r=g","caption":"Crees"},"url":"https:\/\/crees.org.do\/?author=2"}]}},"_links":{"self":[{"href":"https:\/\/crees.org.do\/index.php?rest_route=\/wp\/v2\/posts\/20798","targetHints":{"allow":["GET"]}}],"collection":[{"href":"https:\/\/crees.org.do\/index.php?rest_route=\/wp\/v2\/posts"}],"about":[{"href":"https:\/\/crees.org.do\/index.php?rest_route=\/wp\/v2\/types\/post"}],"author":[{"embeddable":true,"href":"https:\/\/crees.org.do\/index.php?rest_route=\/wp\/v2\/users\/2"}],"replies":[{"embeddable":true,"href":"https:\/\/crees.org.do\/index.php?rest_route=%2Fwp%2Fv2%2Fcomments&post=20798"}],"version-history":[{"count":0,"href":"https:\/\/crees.org.do\/index.php?rest_route=\/wp\/v2\/posts\/20798\/revisions"}],"wp:attachment":[{"href":"https:\/\/crees.org.do\/index.php?rest_route=%2Fwp%2Fv2%2Fmedia&parent=20798"}],"wp:term":[{"taxonomy":"category","embeddable":true,"href":"https:\/\/crees.org.do\/index.php?rest_route=%2Fwp%2Fv2%2Fcategories&post=20798"},{"taxonomy":"post_tag","embeddable":true,"href":"https:\/\/crees.org.do\/index.php?rest_route=%2Fwp%2Fv2%2Ftags&post=20798"}],"curies":[{"name":"wp","href":"https:\/\/api.w.org\/{rel}","templated":true}]}}