{"id":20799,"date":"2019-01-08T00:00:00","date_gmt":"2019-01-08T00:00:00","guid":{"rendered":"https:\/\/crees.org.do\/crees-dice-deuda-publica-de-rd-aumenta-968-en-18-anos\/"},"modified":"2019-01-08T00:00:00","modified_gmt":"2019-01-08T00:00:00","slug":"crees-dice-deuda-publica-de-rd-aumenta-968-en-18-anos","status":"publish","type":"post","link":"https:\/\/crees.org.do\/?p=20799","title":{"rendered":"Crees dice deuda p\u00fablica de RD aumenta 968% en 18 a\u00f1os"},"content":{"rendered":"<p style=\"text-align: justify;\"><span style=\"font-size:12px;\"><span style=\"font-family:verdana,geneva,sans-serif;\">Autor: Mayelin Acosta Guzm\u00e1n<\/span><\/span><\/p>\n<p style=\"text-align: justify;\"><span style=\"font-size:12px;\"><span style=\"font-family:verdana,geneva,sans-serif;\">Extra\u00eddo de: Peri\u00f3dico Hoy<\/span><\/span><\/p>\n<p style=\"box-sizing: border-box; margin-bottom: 10px; font-size: 18px; line-height: 1.5em; color: rgb(51, 51, 51); font-family: roboto, sans-serif; background-color: rgb(255, 255, 255); text-align: justify;\"><span style=\"font-size:12px;\"><span style=\"font-family:verdana,geneva,sans-serif;\">Desde el a\u00f1o 2000 al primer semestre del 2019, la deuda p\u00fablica consolidada ha crecido en 968.2%, lo que quiere decir que se ha multiplicado casi por diez, de acuerdo con el an\u00e1lisis del Centro Regional de Estrategias Econ\u00f3micas Sostenibles (Crees) sobre &ldquo;Evoluci\u00f3n de la deuda p\u00fablica de Rep\u00fablica Dominicana&rdquo;.<\/span><\/span><\/p>\n<p style=\"box-sizing: border-box; margin-bottom: 10px; font-size: 18px; line-height: 1.5em; color: rgb(51, 51, 51); font-family: roboto, sans-serif; background-color: rgb(255, 255, 255); text-align: justify;\"><span style=\"font-size:12px;\"><span style=\"font-family:verdana,geneva,sans-serif;\">A junio del 2019 la deuda del sector p\u00fablico consolidado fue US$47,513.2 millones, de esta cifra el 72.9% igual a US$31,626.2 millones es deuda del Sector P\u00fablico No Financiero (SPNF) y el 27.1% igual a US$12,887 millones es deuda del Banco Central.<\/span><\/span><\/p>\n<p style=\"box-sizing: border-box; margin-bottom: 10px; font-size: 18px; line-height: 1.5em; color: rgb(51, 51, 51); font-family: roboto, sans-serif; background-color: rgb(255, 255, 255); text-align: justify;\"><span style=\"font-size:12px;\"><span style=\"font-family:verdana,geneva,sans-serif;\">En 2000 la deuda p\u00fablica del pa\u00eds era apenas de US$4,447.9 millones, lo que implica que la deuda pr\u00e1cticamente se ha multiplicado por diez en 18 a\u00f1os, seg\u00fan el an\u00e1lisis.<\/span><\/span><\/p>\n<p style=\"box-sizing: border-box; margin-bottom: 10px; font-size: 18px; line-height: 1.5em; color: rgb(51, 51, 51); font-family: roboto, sans-serif; background-color: rgb(255, 255, 255); text-align: justify;\"><span style=\"font-size:12px;\"><span style=\"font-family:verdana,geneva,sans-serif;\">Con relaci\u00f3n al Producto Interno Bruto (PIB), la deuda del sector p\u00fablico consolidada es el 56.8%, de esta cifra el 41.4% es deuda del SPNF y el 15.4% deuda del Banco Central<\/span><\/span><\/p>\n<p style=\"box-sizing: border-box; margin-bottom: 10px; font-size: 18px; line-height: 1.5em; color: rgb(51, 51, 51); font-family: roboto, sans-serif; background-color: rgb(255, 255, 255); text-align: justify;\"><span style=\"font-size:12px;\"><span style=\"font-family:verdana,geneva,sans-serif;\">La Crees explica que es com\u00fan analizar la deuda como porcentaje del PIB, pero lo cierto es que la deuda no se paga con el PIB, sino con los ingresos del Gobierno por medio de las recaudaciones de los impuestos.<\/span><\/span><\/p>\n<p style=\"box-sizing: border-box; margin-bottom: 10px; font-size: 18px; line-height: 1.5em; color: rgb(51, 51, 51); font-family: roboto, sans-serif; background-color: rgb(255, 255, 255); text-align: justify;\"><span style=\"font-size:12px;\"><span style=\"font-family:verdana,geneva,sans-serif;\">&ldquo;Esto nos lleva a realizar un an\u00e1lisis basado de cuanto est\u00e1 costando el gasto en intereses como proporci\u00f3n de los ingresos tributarios. La tendencia que lleva la deuda no es saludable. Un incremento en el gasto en intereses, independiente de la relaci\u00f3n deuda\/PIB coloca a todo el Estado en una situaci\u00f3n en la cual es m\u00e1s dif\u00edcil hacer frente a sus compromisos financieros&rdquo;, indica.<\/span><\/span><\/p>\n<p style=\"box-sizing: border-box; margin-bottom: 10px; font-size: 18px; line-height: 1.5em; color: rgb(51, 51, 51); font-family: roboto, sans-serif; background-color: rgb(255, 255, 255); text-align: justify;\"><span style=\"font-size:12px;\"><span style=\"font-family:verdana,geneva,sans-serif;\">De acuerdo con los datos de la CREES, el gasto en intereses de la deuda representa m\u00e1s del 23.5% de los ingresos tributarios del pa\u00eds a junio del 2019. Mientras el gasto en intereses del Gobierno central y del Banco Central como porcentaje de los ingresos tributarios del Gobierno central es de 30.5% en igual periodo.<\/span><\/span><\/p>\n<p style=\"box-sizing: border-box; margin-bottom: 10px; font-size: 18px; line-height: 1.5em; color: rgb(51, 51, 51); font-family: roboto, sans-serif; background-color: rgb(255, 255, 255); text-align: justify;\"><span style=\"font-size:12px;\"><span style=\"font-family:verdana,geneva,sans-serif;\">Rep\u00fablica Dominicana ocupa el cuarto lugar de Am\u00e9rica Latina, con un 24.1%, en la relaci\u00f3n al pago de intereses como porcentaje de los ingresos tributarios, seg\u00fan datos de la Comisi\u00f3n Econ\u00f3mica para Am\u00e9rica Latina y el Caribe (Cepal).<br style=\"box-sizing: border-box; line-height: 2.7em;\" \/>El pa\u00eds est\u00e1 detr\u00e1s de Argentina, Brasil y Costa Rica, mientras el promedio en la regi\u00f3n es de 15.8%.<br style=\"box-sizing: border-box; line-height: 2.7em;\" \/>De acuerdo con el an\u00e1lisis de la CREES, el ritmo de endeudamiento del Estado dominicano debe ser reducido de forma sostenible y la \u00fanica forma de lograr este objetivo de pol\u00edtica p\u00fablica es reduciendo el ritmo de crecimiento del gasto p\u00fablico, que es la fuente de los d\u00e9ficits fiscales.<\/span><\/span><\/p>\n<p style=\"box-sizing: border-box; margin-bottom: 10px; font-size: 18px; line-height: 1.5em; color: rgb(51, 51, 51); font-family: roboto, sans-serif; background-color: rgb(255, 255, 255); text-align: justify;\"><span style=\"font-size:12px;\"><span style=\"font-family:verdana,geneva,sans-serif;\">&ldquo;Cuando el gasto p\u00fablico es mayor que el ingreso se genera lo que se conoce como d\u00e9ficit fiscal. Para financiar este d\u00e9ficit la Rep\u00fablica Dominicana ha tomando pr\u00e9stamos lo cual ha aumentado la deuda p\u00fablica&rdquo;, dice el CRESS en el documento.<\/span><\/span><\/p>\n<p style=\"box-sizing: border-box; margin-bottom: 10px; font-size: 18px; line-height: 1.5em; color: rgb(51, 51, 51); font-family: roboto, sans-serif; background-color: rgb(255, 255, 255); text-align: justify;\"><span style=\"font-size:12px;\"><span style=\"font-family:verdana,geneva,sans-serif;\">En el caso de la deuda del SPNF esta aument\u00f3 775.5% en 18 a\u00f1os, es decir del 2000 al primer semestre del 2019 se encuentra en US$34,643.9 millones, de esta un US$11,375.3 millones es deuda interna (67.2%) y US$23,268.6 millones es deuda externa (32.8%). En el 2000 la deuda total fue US$3,956.6 millones.<\/span><\/span><\/p>\n<p>&nbsp;<\/p>\n<div class=\"pvc_clear\"><\/div>\n<p class=\"pvc_stats all \" data-element-id=\"20799\" style=\"\"><i class=\"pvc-stats-icon medium\" aria-hidden=\"true\"><svg aria-hidden=\"true\" focusable=\"false\" data-prefix=\"far\" data-icon=\"chart-bar\" role=\"img\" xmlns=\"http:\/\/www.w3.org\/2000\/svg\" viewBox=\"0 0 512 512\" class=\"svg-inline--fa fa-chart-bar fa-w-16 fa-2x\"><path fill=\"currentColor\" d=\"M396.8 352h22.4c6.4 0 12.8-6.4 12.8-12.8V108.8c0-6.4-6.4-12.8-12.8-12.8h-22.4c-6.4 0-12.8 6.4-12.8 12.8v230.4c0 6.4 6.4 12.8 12.8 12.8zm-192 0h22.4c6.4 0 12.8-6.4 12.8-12.8V140.8c0-6.4-6.4-12.8-12.8-12.8h-22.4c-6.4 0-12.8 6.4-12.8 12.8v198.4c0 6.4 6.4 12.8 12.8 12.8zm96 0h22.4c6.4 0 12.8-6.4 12.8-12.8V204.8c0-6.4-6.4-12.8-12.8-12.8h-22.4c-6.4 0-12.8 6.4-12.8 12.8v134.4c0 6.4 6.4 12.8 12.8 12.8zM496 400H48V80c0-8.84-7.16-16-16-16H16C7.16 64 0 71.16 0 80v336c0 17.67 14.33 32 32 32h464c8.84 0 16-7.16 16-16v-16c0-8.84-7.16-16-16-16zm-387.2-48h22.4c6.4 0 12.8-6.4 12.8-12.8v-70.4c0-6.4-6.4-12.8-12.8-12.8h-22.4c-6.4 0-12.8 6.4-12.8 12.8v70.4c0 6.4 6.4 12.8 12.8 12.8z\" class=\"\"><\/path><\/svg><\/i> Vistas Totales&nbsp;452&nbsp;, Vistas Hoy&nbsp;1&nbsp;<\/p>\n<div class=\"pvc_clear\"><\/div>\n","protected":false},"excerpt":{"rendered":"<p>Publicado el: S\u00e1bado 17 de agosto de 2019 Autor: Mayelin Acosta Guzm\u00e1n Desde el a\u00f1o 2000 al primer semestre del 2019, la deuda p\u00fablica consolidada ha crecido en 968.2%, lo que quiere decir que se ha multiplicado casi por diez, de acuerdo con el an\u00e1lisis del Centro Regional de Estrategias Econ\u00f3micas Sostenibles (Crees) sobre \u201cEvoluci\u00f3n de la deuda p\u00fablica de Rep\u00fablica Dominicana\u201d.<\/p>\n<div class=\"pvc_clear\"><\/div>\n<p class=\"pvc_stats all \" data-element-id=\"20799\" style=\"\"><i class=\"pvc-stats-icon medium\" aria-hidden=\"true\"><svg aria-hidden=\"true\" focusable=\"false\" data-prefix=\"far\" data-icon=\"chart-bar\" role=\"img\" xmlns=\"http:\/\/www.w3.org\/2000\/svg\" viewBox=\"0 0 512 512\" class=\"svg-inline--fa fa-chart-bar fa-w-16 fa-2x\"><path fill=\"currentColor\" d=\"M396.8 352h22.4c6.4 0 12.8-6.4 12.8-12.8V108.8c0-6.4-6.4-12.8-12.8-12.8h-22.4c-6.4 0-12.8 6.4-12.8 12.8v230.4c0 6.4 6.4 12.8 12.8 12.8zm-192 0h22.4c6.4 0 12.8-6.4 12.8-12.8V140.8c0-6.4-6.4-12.8-12.8-12.8h-22.4c-6.4 0-12.8 6.4-12.8 12.8v198.4c0 6.4 6.4 12.8 12.8 12.8zm96 0h22.4c6.4 0 12.8-6.4 12.8-12.8V204.8c0-6.4-6.4-12.8-12.8-12.8h-22.4c-6.4 0-12.8 6.4-12.8 12.8v134.4c0 6.4 6.4 12.8 12.8 12.8zM496 400H48V80c0-8.84-7.16-16-16-16H16C7.16 64 0 71.16 0 80v336c0 17.67 14.33 32 32 32h464c8.84 0 16-7.16 16-16v-16c0-8.84-7.16-16-16-16zm-387.2-48h22.4c6.4 0 12.8-6.4 12.8-12.8v-70.4c0-6.4-6.4-12.8-12.8-12.8h-22.4c-6.4 0-12.8 6.4-12.8 12.8v70.4c0 6.4 6.4 12.8 12.8 12.8z\" class=\"\"><\/path><\/svg><\/i> Vistas Totales&nbsp;452&nbsp;, Vistas Hoy&nbsp;1&nbsp;<\/p>\n<div class=\"pvc_clear\"><\/div>\n","protected":false},"author":2,"featured_media":0,"comment_status":"open","ping_status":"open","sticky":false,"template":"","format":"standard","meta":{"footnotes":""},"categories":[21],"tags":[],"class_list":["post-20799","post","type-post","status-publish","format-standard","hentry","category-blog"],"yoast_head":"<!-- This site is optimized with the Yoast SEO plugin v25.2 - https:\/\/yoast.com\/wordpress\/plugins\/seo\/ -->\n<title>Crees dice deuda p\u00fablica de RD aumenta 968% en 18 a\u00f1os | CREES<\/title>\n<meta name=\"robots\" content=\"index, follow, max-snippet:-1, max-image-preview:large, max-video-preview:-1\" \/>\n<link rel=\"canonical\" href=\"https:\/\/crees.org.do\/?p=20799\" \/>\n<meta property=\"og:locale\" content=\"es_ES\" \/>\n<meta property=\"og:type\" content=\"article\" \/>\n<meta property=\"og:title\" content=\"Crees dice deuda p\u00fablica de RD aumenta 968% en 18 a\u00f1os | CREES\" \/>\n<meta property=\"og:description\" content=\"Publicado el: S\u00e1bado 17 de agosto de 2019 Autor: Mayelin Acosta Guzm\u00e1n Desde el a\u00f1o 2000 al primer semestre del 2019, la deuda p\u00fablica consolidada ha crecido en 968.2%, lo que quiere decir que se ha multiplicado casi por diez, de acuerdo con el an\u00e1lisis del Centro Regional de Estrategias Econ\u00f3micas Sostenibles (Crees) sobre \u201cEvoluci\u00f3n de la deuda p\u00fablica de Rep\u00fablica Dominicana\u201d.\" \/>\n<meta property=\"og:url\" content=\"https:\/\/crees.org.do\/?p=20799\" \/>\n<meta property=\"og:site_name\" content=\"CREES\" \/>\n<meta property=\"article:publisher\" content=\"https:\/\/www.facebook.com\/CREESRD\/\" \/>\n<meta property=\"article:published_time\" content=\"2019-01-08T00:00:00+00:00\" \/>\n<meta property=\"og:image\" content=\"https:\/\/crees.org.do\/wp-content\/uploads\/2022\/03\/crees-logo-1.jpg\" \/>\n\t<meta property=\"og:image:width\" content=\"244\" \/>\n\t<meta property=\"og:image:height\" content=\"71\" \/>\n\t<meta property=\"og:image:type\" content=\"image\/jpeg\" \/>\n<meta name=\"author\" content=\"Crees\" \/>\n<meta name=\"twitter:card\" content=\"summary_large_image\" \/>\n<meta name=\"twitter:creator\" content=\"@CREESRD\" \/>\n<meta name=\"twitter:site\" content=\"@CREESRD\" \/>\n<meta name=\"twitter:label1\" content=\"Escrito por\" \/>\n\t<meta name=\"twitter:data1\" content=\"Crees\" \/>\n\t<meta name=\"twitter:label2\" content=\"Tiempo de lectura\" \/>\n\t<meta name=\"twitter:data2\" content=\"3 minutos\" \/>\n<script type=\"application\/ld+json\" class=\"yoast-schema-graph\">{\"@context\":\"https:\/\/schema.org\",\"@graph\":[{\"@type\":\"Article\",\"@id\":\"https:\/\/crees.org.do\/?p=20799#article\",\"isPartOf\":{\"@id\":\"https:\/\/crees.org.do\/?p=20799\"},\"author\":{\"name\":\"Crees\",\"@id\":\"https:\/\/crees.org.do\/#\/schema\/person\/e7f97cd94d7bf9cd0e0ce30acb7d56b8\"},\"headline\":\"Crees dice deuda p\u00fablica de RD aumenta 968% en 18 a\u00f1os\",\"datePublished\":\"2019-01-08T00:00:00+00:00\",\"mainEntityOfPage\":{\"@id\":\"https:\/\/crees.org.do\/?p=20799\"},\"wordCount\":569,\"commentCount\":0,\"publisher\":{\"@id\":\"https:\/\/crees.org.do\/#organization\"},\"articleSection\":[\"Blog\"],\"inLanguage\":\"es\"},{\"@type\":\"WebPage\",\"@id\":\"https:\/\/crees.org.do\/?p=20799\",\"url\":\"https:\/\/crees.org.do\/?p=20799\",\"name\":\"Crees dice deuda p\u00fablica de RD aumenta 968% en 18 a\u00f1os | CREES\",\"isPartOf\":{\"@id\":\"https:\/\/crees.org.do\/#website\"},\"datePublished\":\"2019-01-08T00:00:00+00:00\",\"breadcrumb\":{\"@id\":\"https:\/\/crees.org.do\/?p=20799#breadcrumb\"},\"inLanguage\":\"es\",\"potentialAction\":[{\"@type\":\"ReadAction\",\"target\":[\"https:\/\/crees.org.do\/?p=20799\"]}]},{\"@type\":\"BreadcrumbList\",\"@id\":\"https:\/\/crees.org.do\/?p=20799#breadcrumb\",\"itemListElement\":[{\"@type\":\"ListItem\",\"position\":1,\"name\":\"Portada\",\"item\":\"https:\/\/crees.org.do\/\"},{\"@type\":\"ListItem\",\"position\":2,\"name\":\"Crees dice deuda p\u00fablica de RD aumenta 968% en 18 a\u00f1os\"}]},{\"@type\":\"WebSite\",\"@id\":\"https:\/\/crees.org.do\/#website\",\"url\":\"https:\/\/crees.org.do\/\",\"name\":\"CREES\",\"description\":\"Centro Regional de Estrategias Econ\u00f3micas Sostenibles\",\"publisher\":{\"@id\":\"https:\/\/crees.org.do\/#organization\"},\"potentialAction\":[{\"@type\":\"SearchAction\",\"target\":{\"@type\":\"EntryPoint\",\"urlTemplate\":\"https:\/\/crees.org.do\/?s={search_term_string}\"},\"query-input\":{\"@type\":\"PropertyValueSpecification\",\"valueRequired\":true,\"valueName\":\"search_term_string\"}}],\"inLanguage\":\"es\"},{\"@type\":\"Organization\",\"@id\":\"https:\/\/crees.org.do\/#organization\",\"name\":\"CREES | Centro Regional de Estrategias Econ\u00f3micas Sostenibles\",\"url\":\"https:\/\/crees.org.do\/\",\"logo\":{\"@type\":\"ImageObject\",\"inLanguage\":\"es\",\"@id\":\"https:\/\/crees.org.do\/#\/schema\/logo\/image\/\",\"url\":\"https:\/\/crees.org.do\/wp-content\/uploads\/2022\/03\/crees-logo-1.jpg\",\"contentUrl\":\"https:\/\/crees.org.do\/wp-content\/uploads\/2022\/03\/crees-logo-1.jpg\",\"width\":244,\"height\":71,\"caption\":\"CREES | Centro Regional de Estrategias Econ\u00f3micas Sostenibles\"},\"image\":{\"@id\":\"https:\/\/crees.org.do\/#\/schema\/logo\/image\/\"},\"sameAs\":[\"https:\/\/www.facebook.com\/CREESRD\/\",\"https:\/\/x.com\/CREESRD\"]},{\"@type\":\"Person\",\"@id\":\"https:\/\/crees.org.do\/#\/schema\/person\/e7f97cd94d7bf9cd0e0ce30acb7d56b8\",\"name\":\"Crees\",\"image\":{\"@type\":\"ImageObject\",\"inLanguage\":\"es\",\"@id\":\"https:\/\/crees.org.do\/#\/schema\/person\/image\/\",\"url\":\"https:\/\/secure.gravatar.com\/avatar\/390ac8f0be5d9aa046152553e2dd7011b59a512d89c150f5e5f28bb8d9a0b165?s=96&d=mm&r=g\",\"contentUrl\":\"https:\/\/secure.gravatar.com\/avatar\/390ac8f0be5d9aa046152553e2dd7011b59a512d89c150f5e5f28bb8d9a0b165?s=96&d=mm&r=g\",\"caption\":\"Crees\"},\"url\":\"https:\/\/crees.org.do\/?author=2\"}]}<\/script>\n<!-- \/ Yoast SEO plugin. -->","yoast_head_json":{"title":"Crees dice deuda p\u00fablica de RD aumenta 968% en 18 a\u00f1os | CREES","robots":{"index":"index","follow":"follow","max-snippet":"max-snippet:-1","max-image-preview":"max-image-preview:large","max-video-preview":"max-video-preview:-1"},"canonical":"https:\/\/crees.org.do\/?p=20799","og_locale":"es_ES","og_type":"article","og_title":"Crees dice deuda p\u00fablica de RD aumenta 968% en 18 a\u00f1os | CREES","og_description":"Publicado el: S\u00e1bado 17 de agosto de 2019 Autor: Mayelin Acosta Guzm\u00e1n Desde el a\u00f1o 2000 al primer semestre del 2019, la deuda p\u00fablica consolidada ha crecido en 968.2%, lo que quiere decir que se ha multiplicado casi por diez, de acuerdo con el an\u00e1lisis del Centro Regional de Estrategias Econ\u00f3micas Sostenibles (Crees) sobre \u201cEvoluci\u00f3n de la deuda p\u00fablica de Rep\u00fablica Dominicana\u201d.","og_url":"https:\/\/crees.org.do\/?p=20799","og_site_name":"CREES","article_publisher":"https:\/\/www.facebook.com\/CREESRD\/","article_published_time":"2019-01-08T00:00:00+00:00","og_image":[{"width":244,"height":71,"url":"https:\/\/crees.org.do\/wp-content\/uploads\/2022\/03\/crees-logo-1.jpg","type":"image\/jpeg"}],"author":"Crees","twitter_card":"summary_large_image","twitter_creator":"@CREESRD","twitter_site":"@CREESRD","twitter_misc":{"Escrito por":"Crees","Tiempo de lectura":"3 minutos"},"schema":{"@context":"https:\/\/schema.org","@graph":[{"@type":"Article","@id":"https:\/\/crees.org.do\/?p=20799#article","isPartOf":{"@id":"https:\/\/crees.org.do\/?p=20799"},"author":{"name":"Crees","@id":"https:\/\/crees.org.do\/#\/schema\/person\/e7f97cd94d7bf9cd0e0ce30acb7d56b8"},"headline":"Crees dice deuda p\u00fablica de RD aumenta 968% en 18 a\u00f1os","datePublished":"2019-01-08T00:00:00+00:00","mainEntityOfPage":{"@id":"https:\/\/crees.org.do\/?p=20799"},"wordCount":569,"commentCount":0,"publisher":{"@id":"https:\/\/crees.org.do\/#organization"},"articleSection":["Blog"],"inLanguage":"es"},{"@type":"WebPage","@id":"https:\/\/crees.org.do\/?p=20799","url":"https:\/\/crees.org.do\/?p=20799","name":"Crees dice deuda p\u00fablica de RD aumenta 968% en 18 a\u00f1os | CREES","isPartOf":{"@id":"https:\/\/crees.org.do\/#website"},"datePublished":"2019-01-08T00:00:00+00:00","breadcrumb":{"@id":"https:\/\/crees.org.do\/?p=20799#breadcrumb"},"inLanguage":"es","potentialAction":[{"@type":"ReadAction","target":["https:\/\/crees.org.do\/?p=20799"]}]},{"@type":"BreadcrumbList","@id":"https:\/\/crees.org.do\/?p=20799#breadcrumb","itemListElement":[{"@type":"ListItem","position":1,"name":"Portada","item":"https:\/\/crees.org.do\/"},{"@type":"ListItem","position":2,"name":"Crees dice deuda p\u00fablica de RD aumenta 968% en 18 a\u00f1os"}]},{"@type":"WebSite","@id":"https:\/\/crees.org.do\/#website","url":"https:\/\/crees.org.do\/","name":"CREES","description":"Centro Regional de Estrategias Econ\u00f3micas Sostenibles","publisher":{"@id":"https:\/\/crees.org.do\/#organization"},"potentialAction":[{"@type":"SearchAction","target":{"@type":"EntryPoint","urlTemplate":"https:\/\/crees.org.do\/?s={search_term_string}"},"query-input":{"@type":"PropertyValueSpecification","valueRequired":true,"valueName":"search_term_string"}}],"inLanguage":"es"},{"@type":"Organization","@id":"https:\/\/crees.org.do\/#organization","name":"CREES | Centro Regional de Estrategias Econ\u00f3micas Sostenibles","url":"https:\/\/crees.org.do\/","logo":{"@type":"ImageObject","inLanguage":"es","@id":"https:\/\/crees.org.do\/#\/schema\/logo\/image\/","url":"https:\/\/crees.org.do\/wp-content\/uploads\/2022\/03\/crees-logo-1.jpg","contentUrl":"https:\/\/crees.org.do\/wp-content\/uploads\/2022\/03\/crees-logo-1.jpg","width":244,"height":71,"caption":"CREES | Centro Regional de Estrategias Econ\u00f3micas Sostenibles"},"image":{"@id":"https:\/\/crees.org.do\/#\/schema\/logo\/image\/"},"sameAs":["https:\/\/www.facebook.com\/CREESRD\/","https:\/\/x.com\/CREESRD"]},{"@type":"Person","@id":"https:\/\/crees.org.do\/#\/schema\/person\/e7f97cd94d7bf9cd0e0ce30acb7d56b8","name":"Crees","image":{"@type":"ImageObject","inLanguage":"es","@id":"https:\/\/crees.org.do\/#\/schema\/person\/image\/","url":"https:\/\/secure.gravatar.com\/avatar\/390ac8f0be5d9aa046152553e2dd7011b59a512d89c150f5e5f28bb8d9a0b165?s=96&d=mm&r=g","contentUrl":"https:\/\/secure.gravatar.com\/avatar\/390ac8f0be5d9aa046152553e2dd7011b59a512d89c150f5e5f28bb8d9a0b165?s=96&d=mm&r=g","caption":"Crees"},"url":"https:\/\/crees.org.do\/?author=2"}]}},"_links":{"self":[{"href":"https:\/\/crees.org.do\/index.php?rest_route=\/wp\/v2\/posts\/20799","targetHints":{"allow":["GET"]}}],"collection":[{"href":"https:\/\/crees.org.do\/index.php?rest_route=\/wp\/v2\/posts"}],"about":[{"href":"https:\/\/crees.org.do\/index.php?rest_route=\/wp\/v2\/types\/post"}],"author":[{"embeddable":true,"href":"https:\/\/crees.org.do\/index.php?rest_route=\/wp\/v2\/users\/2"}],"replies":[{"embeddable":true,"href":"https:\/\/crees.org.do\/index.php?rest_route=%2Fwp%2Fv2%2Fcomments&post=20799"}],"version-history":[{"count":0,"href":"https:\/\/crees.org.do\/index.php?rest_route=\/wp\/v2\/posts\/20799\/revisions"}],"wp:attachment":[{"href":"https:\/\/crees.org.do\/index.php?rest_route=%2Fwp%2Fv2%2Fmedia&parent=20799"}],"wp:term":[{"taxonomy":"category","embeddable":true,"href":"https:\/\/crees.org.do\/index.php?rest_route=%2Fwp%2Fv2%2Fcategories&post=20799"},{"taxonomy":"post_tag","embeddable":true,"href":"https:\/\/crees.org.do\/index.php?rest_route=%2Fwp%2Fv2%2Ftags&post=20799"}],"curies":[{"name":"wp","href":"https:\/\/api.w.org\/{rel}","templated":true}]}}