{"id":20800,"date":"2019-01-08T00:00:00","date_gmt":"2019-01-08T00:00:00","guid":{"rendered":"https:\/\/crees.org.do\/reservas-internacionales-se-reducen-en-un-5-7\/"},"modified":"2019-01-08T00:00:00","modified_gmt":"2019-01-08T00:00:00","slug":"reservas-internacionales-se-reducen-en-un-5-7","status":"publish","type":"post","link":"https:\/\/crees.org.do\/?p=20800","title":{"rendered":"Reservas internacionales se reducen en un 5.7%"},"content":{"rendered":"<p style=\"text-align: justify;\"><span style=\"font-size:12px;\"><span style=\"font-family:verdana,geneva,sans-serif;\">Autor: Grissell Medina<\/span><\/span><\/p>\n<p style=\"text-align: justify;\"><span style=\"font-size:12px;\"><span style=\"font-family:verdana,geneva,sans-serif;\">Extra\u00eddo de: Peri\u00f3dico El Dinero&nbsp;<\/span><\/span><\/p>\n<p style=\"text-align: justify;\"><span style=\"font-size:12px;\"><span style=\"font-family:verdana,geneva,sans-serif;\">Las reservas internacionales son los recursos financieros en divisas con los cuales cuenta un pa\u00eds para garantizar los pagos de los bienes que importa y el servicio de la deuda, asi como para estabilizar el valor de la moneda<\/span><\/span><\/p>\n<p style=\"text-align: justify;\"><span style=\"font-size:12px;\"><span style=\"font-family:verdana,geneva,sans-serif;\">Asi lo explica el Banco Central en su p\u00e1gina web, en la cual se\u00f1ala que una fuerte posici\u00f3n de reservas internacionales funge como indicador de solidez financiera, lo que contribuye a reducir el riesgo soberano.<\/span><\/span><\/p>\n<p style=\"text-align: justify;\"><span style=\"font-size:12px;\"><span style=\"font-family:verdana,geneva,sans-serif;\"><span style=\"color: rgb(68, 68, 68); background-color: rgb(255, 255, 255);\">Uno de los criterios que determinan una posici\u00f3n saludable es que las reservas internacionales netas cubran al menos tres meses de importaciones.<\/span><\/span><\/span><\/p>\n<p style=\"text-align: justify;\"><span style=\"font-size:12px;\"><span style=\"font-family:verdana,geneva,sans-serif;\"><span style=\"color: rgb(68, 68, 68);\">En el caso de Rep\u00fablica Dominicana, durante el per\u00edodo enero-marzo de este a\u00f1o las importaciones totalizaron US$4,790.5 millones. Mientras que al cierre de julio las reservas internacionales netas sumaron US$8,215.0 millones. Significa que la acumulaci\u00f3n de reservas internacionales supera los cuatro meses de importaciones.<\/span><\/span><\/span><\/p>\n<p style=\"box-sizing: border-box; font-family: Lato, sans-serif; line-height: 1.5; font-size: 18px; margin-bottom: 0px; padding-top: 0px; padding-bottom: 1em; color: rgb(68, 68, 68); text-align: justify;\"><span style=\"font-size:12px;\"><span style=\"font-family:verdana,geneva,sans-serif;\">Sin embargo, a principios de junio el directorio ejecutivo del Fondo Monetario Internacional (FMI) inst\u00f3 a &ldquo;aprovechar el actual entorno favorable para incrementar a\u00fan m\u00e1s la resiliencia de la econom\u00eda a posibles shocks, creando espacios fiscales y constituyendo reservas, y a la vez apuntalando el crecimiento a largo plazo y los resultados sociales mediante reformas para abordar obst\u00e1culos estructurales.<\/span><\/span><\/p>\n<p style=\"box-sizing: border-box; font-family: Lato, sans-serif; line-height: 1.5; font-size: 18px; margin-bottom: 0px; padding-top: 0px; padding-bottom: 1em; color: rgb(68, 68, 68); text-align: justify;\"><span style=\"font-size:12px;\"><span style=\"font-family:verdana,geneva,sans-serif;\">Reducci\u00f3n&nbsp;<\/span><\/span><\/p>\n<p style=\"box-sizing: border-box; font-family: Lato, sans-serif; line-height: 1.5; font-size: 18px; margin-bottom: 0px; padding-top: 0px; padding-bottom: 1em; color: rgb(68, 68, 68); text-align: justify;\"><span style=\"font-size:12px;\"><span style=\"font-family:verdana,geneva,sans-serif;\">Las reservas internacionales se redujeron en un 5.7%, al pasar de US$8,711.6 millones en junio a US$8,215 millones en julio. En t\u00e9rminos netos esto equivale una diferencia de US$496.6 millones.<\/span><\/span><\/p>\n<p style=\"text-align: justify;\">&nbsp;<\/p>\n<p style=\"box-sizing: border-box; font-family: Lato, sans-serif; line-height: 1.5; font-size: 18px; margin-bottom: 0px; padding-top: 0px; padding-bottom: 1em; color: rgb(68, 68, 68); text-align: justify;\"><span style=\"font-size:12px;\"><span style=\"font-family:verdana,geneva,sans-serif;\">Ernesto Selman, vicepresidente ejecutivo del Centro Regional de Estrategias Econ\u00f3micas Sostenibles (CREES), asegura que las estad\u00edsticas no reflejan la verdadera reducci\u00f3n que tuvieron, porque cuando entraron los bonos soberanos las reservas internacionales llegaron a US$9,420 millones.<\/span><\/span><\/p>\n<p style=\"box-sizing: border-box; font-family: Lato, sans-serif; line-height: 1.5; font-size: 18px; margin-bottom: 0px; padding-top: 0px; padding-bottom: 1em; color: rgb(68, 68, 68); text-align: justify;\"><span style=\"font-size:12px;\"><span style=\"font-family:verdana,geneva,sans-serif;\">&ldquo;El cinco de junio se registraron US$9,420 millones de las reservas internacionales, es decir, que realmente no bajaron US$500 millones. Desde que entraron los bonos soberanos, los recursos que entraban al Banco Central, las reservas han ca\u00eddo en unos US$1,200 millones, no en US$500 millones&rdquo;, se\u00f1ala.<\/span><\/span><\/p>\n<div class=\"eldin-contenido\" id=\"eldin-1877452117\" style=\"box-sizing: border-box; color: rgb(68, 68, 68); font-family: &quot;Helvetica Neue&quot;, Helvetica, Arial, sans-serif; font-size: 15px; text-align: justify;\">&nbsp;<\/div>\n<p style=\"box-sizing: border-box; font-family: Lato, sans-serif; line-height: 1.5; font-size: 18px; margin-bottom: 0px; padding-top: 0px; padding-bottom: 1em; color: rgb(68, 68, 68); text-align: justify;\"><span style=\"font-size:12px;\"><span style=\"font-family:verdana,geneva,sans-serif;\">A juicio del economista, el problema es que a finales de junio las reservas internacionales ya se hab\u00edan reducido, debido a que entre el 5 y el 30 de junio se inyectaron US$709.5 millones de d\u00f3lares y en julio se inyectaron US$500 millones.<\/span><\/span><\/p>\n<p style=\"box-sizing: border-box; font-family: Lato, sans-serif; line-height: 1.5; font-size: 18px; margin-bottom: 0px; padding-top: 0px; padding-bottom: 1em; color: rgb(68, 68, 68); text-align: justify;\"><span style=\"font-size:12px;\"><span style=\"font-family:verdana,geneva,sans-serif;\">Aun as\u00ed, considera que no est\u00e1 surtiendo efecto la medida tomada por el Banco Central para aguantar la presi\u00f3n del tipo de cambio y para que no se deprecie m\u00e1s la moneda nacional.<\/span><\/span><\/p>\n<p style=\"box-sizing: border-box; font-family: Lato, sans-serif; line-height: 1.5; font-size: 18px; margin-bottom: 0px; padding-top: 0px; padding-bottom: 1em; color: rgb(68, 68, 68); text-align: justify;\"><span style=\"font-size:12px;\"><span style=\"font-family:verdana,geneva,sans-serif;\">Explica que se ha formado un mercado paralelo de divisas, donde el precio del d\u00f3lar es RD$51.75, aunque la tasa de cambio de referencia del Banco Central sea de RD$50.96, para la compra, y RD$51.08, para la venta.<br style=\"box-sizing: border-box;\" \/>Selman afirma que si una persona quiere comprar m\u00e1s de US$1,000 en un agente de cambio o un banco, le dicen que tiene que pagarlo a RD$51.75.<\/span><\/span><\/p>\n<p style=\"box-sizing: border-box; font-family: Lato, sans-serif; line-height: 1.5; font-size: 18px; margin-bottom: 0px; padding-top: 0px; padding-bottom: 1em; color: rgb(68, 68, 68); text-align: justify;\"><span style=\"font-size:12px;\"><span style=\"font-family:verdana,geneva,sans-serif;\">Con relaci\u00f3n a la disminuci\u00f3n de las reservas internacionales, Rafael Espinal, coordinador de la carrera de econom\u00eda del Instituto Tecnol\u00f3gico de Santo Domingo (Intec), opina que obedece a dos factores.<\/span><\/span><\/p>\n<p style=\"box-sizing: border-box; font-family: Lato, sans-serif; line-height: 1.5; font-size: 18px; margin-bottom: 0px; padding-top: 0px; padding-bottom: 1em; color: rgb(68, 68, 68); text-align: justify;\"><span style=\"font-size:12px;\"><span style=\"font-family:verdana,geneva,sans-serif;\">&ldquo;El primero es que el Banco Central ha tenido que transferir pagos de deuda que estaban programados por parte del Gobierno, que correspond\u00eda a la colocaci\u00f3n de los US$2,500 millones que hizo el Gobierno este a\u00f1o y que una parte fue destinado al pago de bonos de deuda de US$500 millones&rdquo;, destac\u00f3 Espinal.<\/span><\/span><\/p>\n<p style=\"box-sizing: border-box; font-family: Lato, sans-serif; line-height: 1.5; font-size: 18px; margin-bottom: 0px; padding-top: 0px; padding-bottom: 1em; color: rgb(68, 68, 68); text-align: justify;\"><span style=\"font-size:12px;\"><span style=\"font-family:verdana,geneva,sans-serif;\">La otra explicaci\u00f3n que ofrece es que el Banco Central ha estado colocando una parte del dinero en el mercado y por eso las reservas no se han incrementado. &ldquo;Hay un desembolso fuerte que transfiere el Gobierno directamente al Banco Central para el pago de deuda correspondiente a ese vencimiento, eso disminuye la reserva&rdquo;, dice.<\/span><\/span><\/p>\n<p style=\"box-sizing: border-box; font-family: Lato, sans-serif; line-height: 1.5; font-size: 18px; margin-bottom: 0px; padding-top: 0px; padding-bottom: 1em; color: rgb(68, 68, 68); text-align: justify;\"><span style=\"font-size:12px;\"><span style=\"font-family:verdana,geneva,sans-serif;\">&ldquo;Por otro lado el Banco Central, que siempre est\u00e1 tendiendo a aumentar, no ha tenido ese aumento porque ha tenido que participar en el mercado. B\u00e1sicamente es por el pago de un vencimiento de bonos de deuda del Gobierno&rdquo;, a\u00f1ade Espinal.<\/span><\/span><\/p>\n<div class=\"pvc_clear\"><\/div>\n<p class=\"pvc_stats all \" data-element-id=\"20800\" style=\"\"><i class=\"pvc-stats-icon medium\" aria-hidden=\"true\"><svg aria-hidden=\"true\" focusable=\"false\" data-prefix=\"far\" data-icon=\"chart-bar\" role=\"img\" xmlns=\"http:\/\/www.w3.org\/2000\/svg\" viewBox=\"0 0 512 512\" class=\"svg-inline--fa fa-chart-bar fa-w-16 fa-2x\"><path fill=\"currentColor\" d=\"M396.8 352h22.4c6.4 0 12.8-6.4 12.8-12.8V108.8c0-6.4-6.4-12.8-12.8-12.8h-22.4c-6.4 0-12.8 6.4-12.8 12.8v230.4c0 6.4 6.4 12.8 12.8 12.8zm-192 0h22.4c6.4 0 12.8-6.4 12.8-12.8V140.8c0-6.4-6.4-12.8-12.8-12.8h-22.4c-6.4 0-12.8 6.4-12.8 12.8v198.4c0 6.4 6.4 12.8 12.8 12.8zm96 0h22.4c6.4 0 12.8-6.4 12.8-12.8V204.8c0-6.4-6.4-12.8-12.8-12.8h-22.4c-6.4 0-12.8 6.4-12.8 12.8v134.4c0 6.4 6.4 12.8 12.8 12.8zM496 400H48V80c0-8.84-7.16-16-16-16H16C7.16 64 0 71.16 0 80v336c0 17.67 14.33 32 32 32h464c8.84 0 16-7.16 16-16v-16c0-8.84-7.16-16-16-16zm-387.2-48h22.4c6.4 0 12.8-6.4 12.8-12.8v-70.4c0-6.4-6.4-12.8-12.8-12.8h-22.4c-6.4 0-12.8 6.4-12.8 12.8v70.4c0 6.4 6.4 12.8 12.8 12.8z\" class=\"\"><\/path><\/svg><\/i> Vistas Totales&nbsp;375&nbsp;, Vistas Hoy&nbsp;2&nbsp;<\/p>\n<div class=\"pvc_clear\"><\/div>\n","protected":false},"excerpt":{"rendered":"<p>Publicado el: Lunes 19 de agosto del 2019Autor: Grissell MedinaLas reservas internacionales son los recursos financieros en divisas con los cuales cuenta un pa\u00eds para garantizar los pagos de los bienes que importa y el servicio de la deuda, as\u00ed como para estabilizar el valor de la moneda.<\/p>\n<div class=\"pvc_clear\"><\/div>\n<p class=\"pvc_stats all \" data-element-id=\"20800\" style=\"\"><i class=\"pvc-stats-icon medium\" aria-hidden=\"true\"><svg aria-hidden=\"true\" focusable=\"false\" data-prefix=\"far\" data-icon=\"chart-bar\" role=\"img\" xmlns=\"http:\/\/www.w3.org\/2000\/svg\" viewBox=\"0 0 512 512\" class=\"svg-inline--fa fa-chart-bar fa-w-16 fa-2x\"><path fill=\"currentColor\" d=\"M396.8 352h22.4c6.4 0 12.8-6.4 12.8-12.8V108.8c0-6.4-6.4-12.8-12.8-12.8h-22.4c-6.4 0-12.8 6.4-12.8 12.8v230.4c0 6.4 6.4 12.8 12.8 12.8zm-192 0h22.4c6.4 0 12.8-6.4 12.8-12.8V140.8c0-6.4-6.4-12.8-12.8-12.8h-22.4c-6.4 0-12.8 6.4-12.8 12.8v198.4c0 6.4 6.4 12.8 12.8 12.8zm96 0h22.4c6.4 0 12.8-6.4 12.8-12.8V204.8c0-6.4-6.4-12.8-12.8-12.8h-22.4c-6.4 0-12.8 6.4-12.8 12.8v134.4c0 6.4 6.4 12.8 12.8 12.8zM496 400H48V80c0-8.84-7.16-16-16-16H16C7.16 64 0 71.16 0 80v336c0 17.67 14.33 32 32 32h464c8.84 0 16-7.16 16-16v-16c0-8.84-7.16-16-16-16zm-387.2-48h22.4c6.4 0 12.8-6.4 12.8-12.8v-70.4c0-6.4-6.4-12.8-12.8-12.8h-22.4c-6.4 0-12.8 6.4-12.8 12.8v70.4c0 6.4 6.4 12.8 12.8 12.8z\" class=\"\"><\/path><\/svg><\/i> Vistas Totales&nbsp;375&nbsp;, Vistas Hoy&nbsp;2&nbsp;<\/p>\n<div class=\"pvc_clear\"><\/div>\n","protected":false},"author":2,"featured_media":0,"comment_status":"open","ping_status":"open","sticky":false,"template":"","format":"standard","meta":{"footnotes":""},"categories":[21],"tags":[],"class_list":["post-20800","post","type-post","status-publish","format-standard","hentry","category-blog"],"yoast_head":"<!-- This site is optimized with the Yoast SEO plugin v25.2 - https:\/\/yoast.com\/wordpress\/plugins\/seo\/ -->\n<title>Reservas internacionales se reducen en un 5.7% | CREES<\/title>\n<meta name=\"robots\" content=\"index, follow, max-snippet:-1, max-image-preview:large, max-video-preview:-1\" \/>\n<link rel=\"canonical\" href=\"https:\/\/crees.org.do\/?p=20800\" \/>\n<meta property=\"og:locale\" content=\"es_ES\" \/>\n<meta property=\"og:type\" content=\"article\" \/>\n<meta property=\"og:title\" content=\"Reservas internacionales se reducen en un 5.7% | CREES\" \/>\n<meta property=\"og:description\" content=\"Publicado el: Lunes 19 de agosto del 2019Autor: Grissell MedinaLas reservas internacionales son los recursos financieros en divisas con los cuales cuenta un pa\u00eds para garantizar los pagos de los bienes que importa y el servicio de la deuda, as\u00ed como para estabilizar el valor de la moneda.\" \/>\n<meta property=\"og:url\" content=\"https:\/\/crees.org.do\/?p=20800\" \/>\n<meta property=\"og:site_name\" content=\"CREES\" \/>\n<meta property=\"article:publisher\" content=\"https:\/\/www.facebook.com\/CREESRD\/\" \/>\n<meta property=\"article:published_time\" content=\"2019-01-08T00:00:00+00:00\" \/>\n<meta property=\"og:image\" content=\"https:\/\/crees.org.do\/wp-content\/uploads\/2022\/03\/crees-logo-1.jpg\" \/>\n\t<meta property=\"og:image:width\" content=\"244\" \/>\n\t<meta property=\"og:image:height\" content=\"71\" \/>\n\t<meta property=\"og:image:type\" content=\"image\/jpeg\" \/>\n<meta name=\"author\" content=\"Crees\" \/>\n<meta name=\"twitter:card\" content=\"summary_large_image\" \/>\n<meta name=\"twitter:creator\" content=\"@CREESRD\" \/>\n<meta name=\"twitter:site\" content=\"@CREESRD\" \/>\n<meta name=\"twitter:label1\" content=\"Escrito por\" \/>\n\t<meta name=\"twitter:data1\" content=\"Crees\" \/>\n\t<meta name=\"twitter:label2\" content=\"Tiempo de lectura\" \/>\n\t<meta name=\"twitter:data2\" content=\"3 minutos\" \/>\n<script type=\"application\/ld+json\" class=\"yoast-schema-graph\">{\"@context\":\"https:\/\/schema.org\",\"@graph\":[{\"@type\":\"Article\",\"@id\":\"https:\/\/crees.org.do\/?p=20800#article\",\"isPartOf\":{\"@id\":\"https:\/\/crees.org.do\/?p=20800\"},\"author\":{\"name\":\"Crees\",\"@id\":\"https:\/\/crees.org.do\/#\/schema\/person\/e7f97cd94d7bf9cd0e0ce30acb7d56b8\"},\"headline\":\"Reservas internacionales se reducen en un 5.7%\",\"datePublished\":\"2019-01-08T00:00:00+00:00\",\"mainEntityOfPage\":{\"@id\":\"https:\/\/crees.org.do\/?p=20800\"},\"wordCount\":694,\"commentCount\":0,\"publisher\":{\"@id\":\"https:\/\/crees.org.do\/#organization\"},\"articleSection\":[\"Blog\"],\"inLanguage\":\"es\"},{\"@type\":\"WebPage\",\"@id\":\"https:\/\/crees.org.do\/?p=20800\",\"url\":\"https:\/\/crees.org.do\/?p=20800\",\"name\":\"Reservas internacionales se reducen en un 5.7% | CREES\",\"isPartOf\":{\"@id\":\"https:\/\/crees.org.do\/#website\"},\"datePublished\":\"2019-01-08T00:00:00+00:00\",\"breadcrumb\":{\"@id\":\"https:\/\/crees.org.do\/?p=20800#breadcrumb\"},\"inLanguage\":\"es\",\"potentialAction\":[{\"@type\":\"ReadAction\",\"target\":[\"https:\/\/crees.org.do\/?p=20800\"]}]},{\"@type\":\"BreadcrumbList\",\"@id\":\"https:\/\/crees.org.do\/?p=20800#breadcrumb\",\"itemListElement\":[{\"@type\":\"ListItem\",\"position\":1,\"name\":\"Portada\",\"item\":\"https:\/\/crees.org.do\/\"},{\"@type\":\"ListItem\",\"position\":2,\"name\":\"Reservas internacionales se reducen en un 5.7%\"}]},{\"@type\":\"WebSite\",\"@id\":\"https:\/\/crees.org.do\/#website\",\"url\":\"https:\/\/crees.org.do\/\",\"name\":\"CREES\",\"description\":\"Centro Regional de Estrategias Econ\u00f3micas Sostenibles\",\"publisher\":{\"@id\":\"https:\/\/crees.org.do\/#organization\"},\"potentialAction\":[{\"@type\":\"SearchAction\",\"target\":{\"@type\":\"EntryPoint\",\"urlTemplate\":\"https:\/\/crees.org.do\/?s={search_term_string}\"},\"query-input\":{\"@type\":\"PropertyValueSpecification\",\"valueRequired\":true,\"valueName\":\"search_term_string\"}}],\"inLanguage\":\"es\"},{\"@type\":\"Organization\",\"@id\":\"https:\/\/crees.org.do\/#organization\",\"name\":\"CREES | Centro Regional de Estrategias Econ\u00f3micas Sostenibles\",\"url\":\"https:\/\/crees.org.do\/\",\"logo\":{\"@type\":\"ImageObject\",\"inLanguage\":\"es\",\"@id\":\"https:\/\/crees.org.do\/#\/schema\/logo\/image\/\",\"url\":\"https:\/\/crees.org.do\/wp-content\/uploads\/2022\/03\/crees-logo-1.jpg\",\"contentUrl\":\"https:\/\/crees.org.do\/wp-content\/uploads\/2022\/03\/crees-logo-1.jpg\",\"width\":244,\"height\":71,\"caption\":\"CREES | Centro Regional de Estrategias Econ\u00f3micas Sostenibles\"},\"image\":{\"@id\":\"https:\/\/crees.org.do\/#\/schema\/logo\/image\/\"},\"sameAs\":[\"https:\/\/www.facebook.com\/CREESRD\/\",\"https:\/\/x.com\/CREESRD\"]},{\"@type\":\"Person\",\"@id\":\"https:\/\/crees.org.do\/#\/schema\/person\/e7f97cd94d7bf9cd0e0ce30acb7d56b8\",\"name\":\"Crees\",\"image\":{\"@type\":\"ImageObject\",\"inLanguage\":\"es\",\"@id\":\"https:\/\/crees.org.do\/#\/schema\/person\/image\/\",\"url\":\"https:\/\/secure.gravatar.com\/avatar\/390ac8f0be5d9aa046152553e2dd7011b59a512d89c150f5e5f28bb8d9a0b165?s=96&d=mm&r=g\",\"contentUrl\":\"https:\/\/secure.gravatar.com\/avatar\/390ac8f0be5d9aa046152553e2dd7011b59a512d89c150f5e5f28bb8d9a0b165?s=96&d=mm&r=g\",\"caption\":\"Crees\"},\"url\":\"https:\/\/crees.org.do\/?author=2\"}]}<\/script>\n<!-- \/ Yoast SEO plugin. -->","yoast_head_json":{"title":"Reservas internacionales se reducen en un 5.7% | CREES","robots":{"index":"index","follow":"follow","max-snippet":"max-snippet:-1","max-image-preview":"max-image-preview:large","max-video-preview":"max-video-preview:-1"},"canonical":"https:\/\/crees.org.do\/?p=20800","og_locale":"es_ES","og_type":"article","og_title":"Reservas internacionales se reducen en un 5.7% | CREES","og_description":"Publicado el: Lunes 19 de agosto del 2019Autor: Grissell MedinaLas reservas internacionales son los recursos financieros en divisas con los cuales cuenta un pa\u00eds para garantizar los pagos de los bienes que importa y el servicio de la deuda, as\u00ed como para estabilizar el valor de la moneda.","og_url":"https:\/\/crees.org.do\/?p=20800","og_site_name":"CREES","article_publisher":"https:\/\/www.facebook.com\/CREESRD\/","article_published_time":"2019-01-08T00:00:00+00:00","og_image":[{"width":244,"height":71,"url":"https:\/\/crees.org.do\/wp-content\/uploads\/2022\/03\/crees-logo-1.jpg","type":"image\/jpeg"}],"author":"Crees","twitter_card":"summary_large_image","twitter_creator":"@CREESRD","twitter_site":"@CREESRD","twitter_misc":{"Escrito por":"Crees","Tiempo de lectura":"3 minutos"},"schema":{"@context":"https:\/\/schema.org","@graph":[{"@type":"Article","@id":"https:\/\/crees.org.do\/?p=20800#article","isPartOf":{"@id":"https:\/\/crees.org.do\/?p=20800"},"author":{"name":"Crees","@id":"https:\/\/crees.org.do\/#\/schema\/person\/e7f97cd94d7bf9cd0e0ce30acb7d56b8"},"headline":"Reservas internacionales se reducen en un 5.7%","datePublished":"2019-01-08T00:00:00+00:00","mainEntityOfPage":{"@id":"https:\/\/crees.org.do\/?p=20800"},"wordCount":694,"commentCount":0,"publisher":{"@id":"https:\/\/crees.org.do\/#organization"},"articleSection":["Blog"],"inLanguage":"es"},{"@type":"WebPage","@id":"https:\/\/crees.org.do\/?p=20800","url":"https:\/\/crees.org.do\/?p=20800","name":"Reservas internacionales se reducen en un 5.7% | CREES","isPartOf":{"@id":"https:\/\/crees.org.do\/#website"},"datePublished":"2019-01-08T00:00:00+00:00","breadcrumb":{"@id":"https:\/\/crees.org.do\/?p=20800#breadcrumb"},"inLanguage":"es","potentialAction":[{"@type":"ReadAction","target":["https:\/\/crees.org.do\/?p=20800"]}]},{"@type":"BreadcrumbList","@id":"https:\/\/crees.org.do\/?p=20800#breadcrumb","itemListElement":[{"@type":"ListItem","position":1,"name":"Portada","item":"https:\/\/crees.org.do\/"},{"@type":"ListItem","position":2,"name":"Reservas internacionales se reducen en un 5.7%"}]},{"@type":"WebSite","@id":"https:\/\/crees.org.do\/#website","url":"https:\/\/crees.org.do\/","name":"CREES","description":"Centro Regional de Estrategias Econ\u00f3micas Sostenibles","publisher":{"@id":"https:\/\/crees.org.do\/#organization"},"potentialAction":[{"@type":"SearchAction","target":{"@type":"EntryPoint","urlTemplate":"https:\/\/crees.org.do\/?s={search_term_string}"},"query-input":{"@type":"PropertyValueSpecification","valueRequired":true,"valueName":"search_term_string"}}],"inLanguage":"es"},{"@type":"Organization","@id":"https:\/\/crees.org.do\/#organization","name":"CREES | Centro Regional de Estrategias Econ\u00f3micas Sostenibles","url":"https:\/\/crees.org.do\/","logo":{"@type":"ImageObject","inLanguage":"es","@id":"https:\/\/crees.org.do\/#\/schema\/logo\/image\/","url":"https:\/\/crees.org.do\/wp-content\/uploads\/2022\/03\/crees-logo-1.jpg","contentUrl":"https:\/\/crees.org.do\/wp-content\/uploads\/2022\/03\/crees-logo-1.jpg","width":244,"height":71,"caption":"CREES | Centro Regional de Estrategias Econ\u00f3micas Sostenibles"},"image":{"@id":"https:\/\/crees.org.do\/#\/schema\/logo\/image\/"},"sameAs":["https:\/\/www.facebook.com\/CREESRD\/","https:\/\/x.com\/CREESRD"]},{"@type":"Person","@id":"https:\/\/crees.org.do\/#\/schema\/person\/e7f97cd94d7bf9cd0e0ce30acb7d56b8","name":"Crees","image":{"@type":"ImageObject","inLanguage":"es","@id":"https:\/\/crees.org.do\/#\/schema\/person\/image\/","url":"https:\/\/secure.gravatar.com\/avatar\/390ac8f0be5d9aa046152553e2dd7011b59a512d89c150f5e5f28bb8d9a0b165?s=96&d=mm&r=g","contentUrl":"https:\/\/secure.gravatar.com\/avatar\/390ac8f0be5d9aa046152553e2dd7011b59a512d89c150f5e5f28bb8d9a0b165?s=96&d=mm&r=g","caption":"Crees"},"url":"https:\/\/crees.org.do\/?author=2"}]}},"_links":{"self":[{"href":"https:\/\/crees.org.do\/index.php?rest_route=\/wp\/v2\/posts\/20800","targetHints":{"allow":["GET"]}}],"collection":[{"href":"https:\/\/crees.org.do\/index.php?rest_route=\/wp\/v2\/posts"}],"about":[{"href":"https:\/\/crees.org.do\/index.php?rest_route=\/wp\/v2\/types\/post"}],"author":[{"embeddable":true,"href":"https:\/\/crees.org.do\/index.php?rest_route=\/wp\/v2\/users\/2"}],"replies":[{"embeddable":true,"href":"https:\/\/crees.org.do\/index.php?rest_route=%2Fwp%2Fv2%2Fcomments&post=20800"}],"version-history":[{"count":0,"href":"https:\/\/crees.org.do\/index.php?rest_route=\/wp\/v2\/posts\/20800\/revisions"}],"wp:attachment":[{"href":"https:\/\/crees.org.do\/index.php?rest_route=%2Fwp%2Fv2%2Fmedia&parent=20800"}],"wp:term":[{"taxonomy":"category","embeddable":true,"href":"https:\/\/crees.org.do\/index.php?rest_route=%2Fwp%2Fv2%2Fcategories&post=20800"},{"taxonomy":"post_tag","embeddable":true,"href":"https:\/\/crees.org.do\/index.php?rest_route=%2Fwp%2Fv2%2Ftags&post=20800"}],"curies":[{"name":"wp","href":"https:\/\/api.w.org\/{rel}","templated":true}]}}