{"id":20802,"date":"2019-01-08T00:00:00","date_gmt":"2019-01-08T00:00:00","guid":{"rendered":"https:\/\/crees.org.do\/comercio-agricultura-y-construccion-absorben-el-57-6-de-la-informalidad-laboral\/"},"modified":"2019-01-08T00:00:00","modified_gmt":"2019-01-08T00:00:00","slug":"comercio-agricultura-y-construccion-absorben-el-57-6-de-la-informalidad-laboral","status":"publish","type":"post","link":"https:\/\/crees.org.do\/?p=20802","title":{"rendered":"Comercio, agricultura y construcci\u00f3n absorben el 57.6% de la informalidad laboral"},"content":{"rendered":"<p style=\"text-align: justify;\"><span style=\"font-size:12px;\"><span style=\"font-family:verdana,geneva,sans-serif;\">Autor: Grissell Medina&nbsp;<\/span><\/span><\/p>\n<p style=\"text-align: justify;\"><span style=\"font-size:12px;\"><span style=\"font-family:verdana,geneva,sans-serif;\">Extra\u00eddo de: Peri\u00f3dico El Dinero&nbsp;<\/span><\/span><\/p>\n<p style=\"text-align: justify;\"><span style=\"font-size:12px;\"><span style=\"font-family:verdana,geneva,sans-serif;\"><span style=\"color: rgb(68, 68, 68); background-color: rgb(255, 255, 255);\">La informalidad no ha disminuido con el tiempo, sino que est\u00e1 aumentando en muchos pa\u00edses. La preocupaci\u00f3n expresada por la Organizaci\u00f3n Internacional de Trabajo (OIT) no excluye a Rep\u00fablica Dominicana, donde la poblaci\u00f3n perteneciente a la econom\u00eda informal se ha incrementado en los \u00faltimos a\u00f1os.<\/span><\/span><\/span><\/p>\n<p style=\"text-align: justify;\"><span style=\"font-size:12px;\"><span style=\"font-family:verdana,geneva,sans-serif;\"><span style=\"color: rgb(68, 68, 68);\">De acuerdo con la OIT, las econom\u00edas informales se caracterizan por una alta incidencia de pobreza y graves d\u00e9ficit de trabajo decente. Adem\u00e1s, comprenden m\u00e1s de la mitad de la mano de obra mundial y m\u00e1s del 90% de las micro y peque\u00f1as empresas en el mundo.<\/span><\/span><\/span><\/p>\n<p style=\"box-sizing: border-box; font-family: Lato, sans-serif; line-height: 1.5; font-size: 18px; margin-bottom: 0px; padding-top: 0px; padding-bottom: 1em; color: rgb(68, 68, 68); text-align: justify;\"><span style=\"font-size:12px;\"><span style=\"font-family:verdana,geneva,sans-serif;\">Cifras del Banco Central indican que la poblaci\u00f3n econ\u00f3micamente activa en el primer trimestre de 2019 totaliza 4,649,282. De esa cantidad, 2,242,559 (48.2%) personas trabajan en el sector formal y 2,145,924 (46.2%) en el informal. El 5.6% (260,799) restante pertenece al servicio dom\u00e9stico.<\/span><\/span><\/p>\n<p style=\"box-sizing: border-box; font-family: Lato, sans-serif; line-height: 1.5; font-size: 18px; margin-bottom: 0px; padding-top: 0px; padding-bottom: 1em; color: rgb(68, 68, 68); text-align: justify;\"><span style=\"font-size:12px;\"><span style=\"font-family:verdana,geneva,sans-serif;\">Sin embargo, a marzo de este a\u00f1o 2,582,804 (55.6%) trabajadores formaban parte de la informalidad total, la cual, seg\u00fan el Centro Regional de Estrategias Econ\u00f3micas Sostenibles (CREES), mide la cantidad de empleados que laboran en las empresas informales y en las formales que realizan parte de sus actividades fuera del sistema legal.<\/span><\/span><\/p>\n<p style=\"box-sizing: border-box; font-family: Lato, sans-serif; line-height: 1.5; font-size: 18px; margin-bottom: 0px; padding-top: 0px; padding-bottom: 1em; color: rgb(68, 68, 68); text-align: justify;\"><span style=\"font-size:12px;\"><span style=\"font-family:verdana,geneva,sans-serif;\">En los \u00faltimos cinco a\u00f1os hubo un incremento de un 12.5% en la informalidad total, si se compara con los 2,296,759 empleos informales que hab\u00edan en 2014. Significa que en la actualidad hay 286,045 puestos de trabajo informales que no exist\u00edan hace cinco a\u00f1os.<\/span><\/span><\/p>\n<p style=\"text-align: justify;\">&nbsp;<\/p>\n<p style=\"text-align: justify;\">&nbsp;<\/p>\n<p style=\"box-sizing: border-box; font-family: Lato, sans-serif; line-height: 1.5; font-size: 18px; margin-bottom: 0px; padding-top: 0px; padding-bottom: 1em; color: rgb(68, 68, 68); text-align: justify;\"><span style=\"font-size:12px;\"><span style=\"font-family:verdana,geneva,sans-serif;\">La Comisi\u00f3n Econ\u00f3mica para Am\u00e9rica Latina y el Caribe (CEPAL) y la Organizaci\u00f3n Internacional del Trabajo (OIT) indican que la expansi\u00f3n del trabajo por cuenta propia y, en varios pa\u00edses, una mayor informalidad del empleo asalariado, representan nuevos retrocesos en el cumplimiento del Objetivo de Desarrollo Sostenible 8.<\/span><\/span><\/p>\n<p style=\"box-sizing: border-box; font-family: Lato, sans-serif; line-height: 1.5; font-size: 18px; margin-bottom: 0px; padding-top: 0px; padding-bottom: 1em; color: rgb(68, 68, 68); text-align: justify;\"><span style=\"font-size:12px;\"><span style=\"font-family:verdana,geneva,sans-serif;\">&ldquo;Al mismo tiempo, se teme que siga en aumento la informalidad laboral, tanto por la debilidad en la generaci\u00f3n de empleo asalariado &mdash;la categor\u00eda de ocupaci\u00f3n que suele aportar la mayor parte del empleo formal&mdash; como por la informalizaci\u00f3n de los empleos existentes como consecuencia de estrategias de reducci\u00f3n de costos&rdquo;, se\u00f1alan las entidades en el informe Coyuntura Laboral en Am\u00e9rica Latina y el Caribe, de mayo de este a\u00f1o.<\/span><\/span><\/p>\n<h2 style=\"box-sizing: border-box; font-family: Conv_MuseoSlabRegular; font-weight: 700; line-height: normal; color: rgb(66, 66, 81); margin-top: 0px; margin-bottom: 1em; font-size: 34px; padding: 10px 0px; text-align: justify;\"><span style=\"font-size:12px;\"><span style=\"font-family:verdana,geneva,sans-serif;\">Sectores<\/span><\/span><\/h2>\n<p style=\"box-sizing: border-box; font-family: Lato, sans-serif; line-height: 1.5; font-size: 18px; margin-bottom: 0px; padding-top: 0px; padding-bottom: 1em; color: rgb(68, 68, 68); text-align: justify;\"><span style=\"font-size:12px;\"><span style=\"font-family:verdana,geneva,sans-serif;\">La informalidad laboral est\u00e1 extendida en la econom\u00eda dominicana, principalmente en sectores donde se demanda m\u00e1s mano de obra. El comercio, la agricultura y la construcci\u00f3n suman 1,236,541 empleados informales, equivalente al 57.6% del total (2,145,924).<\/span><\/span><\/p>\n<p style=\"box-sizing: border-box; font-family: Lato, sans-serif; line-height: 1.5; font-size: 18px; margin-bottom: 0px; padding-top: 0px; padding-bottom: 1em; color: rgb(68, 68, 68); text-align: justify;\"><span style=\"font-size:12px;\"><span style=\"font-family:verdana,geneva,sans-serif;\">Seg\u00fan datos del Banco Central a marzo de este a\u00f1o, esos sectores, sumados al transporte, las industrias y los hoteles, bares y restaurantes, emplean a 1,748,411 personas, que representa el 81.5% del total.<\/span><\/span><\/p>\n<p style=\"box-sizing: border-box; font-family: Lato, sans-serif; line-height: 1.5; font-size: 18px; margin-bottom: 0px; padding-top: 0px; padding-bottom: 1em; color: rgb(68, 68, 68); text-align: justify;\"><span style=\"font-size:12px;\"><span style=\"font-family:verdana,geneva,sans-serif;\">El comercio ocupa la primera posici\u00f3n de la lista. Con 578,802 trabajadores, cuenta con el 26.9% de los empleos informales. En el per\u00edodo 2014-2019 esa actividad gener\u00f3 52,591 puestos de trabajo, para un aumento de un 10%.<\/span><\/span><\/p>\n<p style=\"box-sizing: border-box; font-family: Lato, sans-serif; line-height: 1.5; font-size: 18px; margin-bottom: 0px; padding-top: 0px; padding-bottom: 1em; color: rgb(68, 68, 68); text-align: justify;\"><span style=\"font-size:12px;\"><span style=\"font-family:verdana,geneva,sans-serif;\">Le sigue la agricultura y la ganader\u00eda, donde trabajan 349,835 personas, es decir, el 16.3% del sector informal. En los \u00faltimos cinco a\u00f1os la cantidad de trabajadores del sector se ha reducido en un 4.6%, puesto que en 2014 contaba con 366,783.<\/span><\/span><\/p>\n<p style=\"box-sizing: border-box; font-family: Lato, sans-serif; line-height: 1.5; font-size: 18px; margin-bottom: 0px; padding-top: 0px; padding-bottom: 1em; color: rgb(68, 68, 68); text-align: justify;\"><span style=\"font-size:12px;\"><span style=\"font-family:verdana,geneva,sans-serif;\">En tercer lugar se encuentra la construcci\u00f3n. En ese sector hay 307,904 empleados informales, que representa el 14.3%. Desde 2014 hasta marzo de este a\u00f1o produjo 67,331 nuevos puestos, para un incremento de un 28%.<\/span><\/span><\/p>\n<p style=\"box-sizing: border-box; font-family: Lato, sans-serif; line-height: 1.5; font-size: 18px; margin-bottom: 0px; padding-top: 0px; padding-bottom: 1em; color: rgb(68, 68, 68); text-align: justify;\"><span style=\"font-size:12px;\"><span style=\"font-family:verdana,geneva,sans-serif;\">Un estudio del Banco Mundial publicado en 2017 explica que &ldquo;trabajar en los sectores de la agricultura, la construcci\u00f3n y el comercio aumenta considerablemente la probabilidad de desempe\u00f1arse en la informalidad&rdquo;.<\/span><\/span><\/p>\n<p style=\"box-sizing: border-box; font-family: Lato, sans-serif; line-height: 1.5; font-size: 18px; margin-bottom: 0px; padding-top: 0px; padding-bottom: 1em; color: rgb(68, 68, 68); text-align: justify;\"><span style=\"font-size:12px;\"><span style=\"font-family:verdana,geneva,sans-serif;\">De acuerdo con la entidad, en el caso de quienes trabajan en el sector del comercio, la probabilidad de desempe\u00f1arse en la informalidad es cuatro veces mayor que para quienes trabajan en otros sectores. En la construcci\u00f3n aumenta la raz\u00f3n de verosimilitud casi 10 veces, mientras que trabajar en el sector de la agricultura la aumenta 6.4 veces.<\/span><\/span><\/p>\n<p style=\"box-sizing: border-box; font-family: Lato, sans-serif; line-height: 1.5; font-size: 18px; margin-bottom: 0px; padding-top: 0px; padding-bottom: 1em; color: rgb(68, 68, 68); text-align: justify;\"><span style=\"font-size:12px;\"><span style=\"font-family:verdana,geneva,sans-serif;\">&ldquo;Cabe destacar que estas tres actividades constituyen los principales sectores receptores de mano de obra inmigrante que ingresa al pa\u00eds ilegalmente&rdquo;, se\u00f1ala el documento.<\/span><\/span><\/p>\n<p style=\"box-sizing: border-box; font-family: Lato, sans-serif; line-height: 1.5; font-size: 18px; margin-bottom: 0px; padding-top: 0px; padding-bottom: 1em; color: rgb(68, 68, 68); text-align: justify;\"><span style=\"font-size:12px;\"><span style=\"font-family:verdana,geneva,sans-serif;\">A la construcci\u00f3n le sigue el transporte y las comunicaciones, con 221,742 (10.3%) puestos de trabajo; los hoteles, bares y restaurantes, con 160,626 (7.5%); y las industrias, con 129,502 (6%).<\/span><\/span><\/p>\n<p style=\"box-sizing: border-box; font-family: Lato, sans-serif; line-height: 1.5; font-size: 18px; margin-bottom: 0px; padding-top: 0px; padding-bottom: 1em; color: rgb(68, 68, 68); text-align: justify;\"><span style=\"font-size:12px;\"><span style=\"font-family:verdana,geneva,sans-serif;\">Las actividades informales agrupadas bajo el rengl\u00f3n &ldquo;otros servicios&rdquo; cuentan con 349,626 personas ocupadas, que equivale a un 16.3%.<\/span><\/span><\/p>\n<p style=\"box-sizing: border-box; font-family: Lato, sans-serif; line-height: 1.5; font-size: 18px; margin-bottom: 0px; padding-top: 0px; padding-bottom: 1em; color: rgb(68, 68, 68); text-align: justify;\"><span style=\"font-size:12px;\"><span style=\"font-family:verdana,geneva,sans-serif;\">En cambio, la electricidad, con 441 (0.02%) empleados informales; salud y asistencia social, con 3,872 (0.18%); y ense\u00f1anza, con 19,901 (0.9%) tienen menores niveles de informalidad.<\/span><\/span><\/p>\n<h2 style=\"box-sizing: border-box; font-family: Conv_MuseoSlabRegular; font-weight: 700; line-height: normal; color: rgb(66, 66, 81); margin-top: 0px; margin-bottom: 1em; font-size: 34px; padding: 10px 0px; text-align: justify;\"><span style=\"font-size:12px;\"><span style=\"font-family:verdana,geneva,sans-serif;\">Razones<\/span><\/span><\/h2>\n<p style=\"box-sizing: border-box; font-family: Lato, sans-serif; line-height: 1.5; font-size: 18px; margin-bottom: 0px; padding-top: 0px; padding-bottom: 1em; color: rgb(68, 68, 68); text-align: justify;\"><span style=\"font-size:12px;\"><span style=\"font-family:verdana,geneva,sans-serif;\">Para el Banco Central, las razones subyacentes de la informalidad incluyen factores relacionados con la segmentaci\u00f3n o exclusi\u00f3n en el mercado laboral, que impide que trabajadores (en su mayor\u00eda de bajo nivel de preparaci\u00f3n o habilidades) se inserten en el mercado formal. Tambi\u00e9n indica que las regulaciones e impuestos representan una carga &ldquo;onerosa&rdquo; para que las empresas puedan formalizarse e incentivan a la evasi\u00f3n de impuestos.<\/span><\/span><\/p>\n<p style=\"box-sizing: border-box; font-family: Lato, sans-serif; line-height: 1.5; font-size: 18px; margin-bottom: 0px; padding-top: 0px; padding-bottom: 1em; color: rgb(68, 68, 68); text-align: justify;\"><span style=\"font-size:12px;\"><span style=\"font-family:verdana,geneva,sans-serif;\">&ldquo;Estas, adem\u00e1s de los bajos ingresos de los trabajadores formales, podr\u00edan ser las principales causas que contribuyen a aumentar la informalidad en Rep\u00fablica Dominicana&rdquo;, destaca el BC en el art\u00edculo &ldquo;Algunas consideraciones sobre la informalidad y los ingresos en el mercado laboral de Rep\u00fablica Dominicana, parte II&rdquo;, publicado en 2014.<\/span><\/span><\/p>\n<p style=\"box-sizing: border-box; font-family: Lato, sans-serif; line-height: 1.5; font-size: 18px; margin-bottom: 0px; padding-top: 0px; padding-bottom: 1em; color: rgb(68, 68, 68); text-align: justify;\"><span style=\"font-size:12px;\"><span style=\"font-family:verdana,geneva,sans-serif;\">No obstante, el Banco Mundial considera que en Rep\u00fablica Dominicana el logro educativo constituye el factor m\u00e1s fuerte y sistem\u00e1ticamente correlacionado con la informalidad. La entidad explica que la educaci\u00f3n contribuye en gran medida a la formalizaci\u00f3n y que la formalizaci\u00f3n ser\u00e1 m\u00e1s dif\u00edcil de lograr si no se producen mejoras en el nivel de logro educativo.<\/span><\/span><\/p>\n<p style=\"box-sizing: border-box; font-family: Lato, sans-serif; line-height: 1.5; font-size: 18px; margin-bottom: 0px; padding-top: 0px; padding-bottom: 1em; color: rgb(68, 68, 68); text-align: justify;\"><span style=\"font-size:12px;\"><span style=\"font-family:verdana,geneva,sans-serif;\">&ldquo;Mejorar los logros educativos podr\u00eda impulsar la productividad de los trabajadores, lo cual redundar\u00eda en una mayor predisposici\u00f3n por parte de los empleadores a asumir el costo que suponen los aportes al sistema de seguridad social, las protecciones para los trabajadores y los beneficios obligatorios&rdquo;, se\u00f1ala la investigaci\u00f3n.<\/span><\/span><\/p>\n<p style=\"box-sizing: border-box; font-family: Lato, sans-serif; line-height: 1.5; font-size: 18px; margin-bottom: 0px; padding-top: 0px; padding-bottom: 1em; color: rgb(68, 68, 68); text-align: justify;\"><span style=\"font-size:12px;\"><span style=\"font-family:verdana,geneva,sans-serif;\">Adem\u00e1s, el organismo asegura que los trabajadores formales perciben mayores ingresos salariales, en promedio, que los informales, pero si se toma en cuenta el nivel de educaci\u00f3n y el sector econ\u00f3mico al que pertenecen, los trabajadores informales en realidad parecen ganar salarios ligeramente superiores a los de sus contrapartes del sector formal.<\/span><\/span><\/p>\n<p style=\"box-sizing: border-box; font-family: Lato, sans-serif; line-height: 1.5; font-size: 18px; margin-bottom: 0px; padding-top: 0px; padding-bottom: 1em; color: rgb(68, 68, 68); text-align: justify;\"><span style=\"font-size:12px;\"><span style=\"font-family:verdana,geneva,sans-serif;\"><strong>Precariedad&nbsp;<\/strong><\/span><\/span><\/p>\n<p style=\"box-sizing: border-box; font-family: Lato, sans-serif; line-height: 1.5; font-size: 18px; margin-bottom: 0px; padding-top: 0px; padding-bottom: 1em; color: rgb(68, 68, 68); text-align: justify;\"><span style=\"font-size:12px;\"><span style=\"font-family:verdana,geneva,sans-serif;\"><span style=\"background-color: rgb(255, 255, 255);\">Mat\u00edas Bosch, vicepresidente de la Fundaci\u00f3n Juan Bosch, considera que el problema no es la informalidad, sino el modelo econ\u00f3mico, que a su entender est\u00e1 regido por sectores &ldquo;rentistas, improductivos e importadores&rdquo; y que su preocupaci\u00f3n no es tener un mercado interno ni tener trabajadores bien pagados.<\/span><\/span><\/span><\/p>\n<p style=\"box-sizing: border-box; font-family: Lato, sans-serif; line-height: 1.5; font-size: 18px; margin-bottom: 0px; padding-top: 0px; padding-bottom: 1em; color: rgb(68, 68, 68); text-align: justify;\"><span style=\"font-size:12px;\"><span style=\"font-family:verdana,geneva,sans-serif;\"><span style=\"background-color: rgb(255, 255, 255);\">Bosch asegura que el objetivo de esos sectores no es crear valor, sino la acumulaci\u00f3n de renta.<\/span><\/span><\/span><\/p>\n<p style=\"box-sizing: border-box; font-family: Lato, sans-serif; line-height: 1.5; font-size: 18px; margin-bottom: 0px; padding-top: 0px; padding-bottom: 1em; color: rgb(68, 68, 68); text-align: justify;\"><span style=\"font-size:12px;\"><span style=\"font-family:verdana,geneva,sans-serif;\">De igual manera, critica que las normas salariales tengan 22 salarios m\u00ednimos a gusto del sector empresarial. Adem\u00e1s del no sectorizado y del salario p\u00fablico m\u00ednimo.<\/span><\/span><\/p>\n<p style=\"box-sizing: border-box; font-family: Lato, sans-serif; line-height: 1.5; font-size: 18px; margin-bottom: 0px; padding-top: 0px; padding-bottom: 1em; color: rgb(68, 68, 68); text-align: justify;\"><span style=\"font-size:12px;\"><span style=\"font-family:verdana,geneva,sans-serif;\">&ldquo;Cuando t\u00fa tienes esa realidad, t\u00fa tienes una formalidad s\u00faper precaria, con salarios de hambre y que no tiene espacio. La informalidad jur\u00eddica termina siendo una v\u00eda de escape por lo menos para no tener que pagar los impuestos y una supuesta seguridad social, que cuando t\u00fa necesitas lo que te cubre es una miseria de la cantidad de necesidades de una familia, en la farmacia, servicios m\u00e9dicos y si una persona tiene un accidente tiene que salir a buscar RD$150,000 o RD$200,000&rdquo;, explica.<\/span><\/span><\/p>\n<p style=\"box-sizing: border-box; font-family: Lato, sans-serif; line-height: 1.5; font-size: 18px; margin-bottom: 0px; padding-top: 0px; padding-bottom: 1em; color: rgb(68, 68, 68); text-align: justify;\"><span style=\"font-size:12px;\"><span style=\"font-family:verdana,geneva,sans-serif;\">Agrega que el sector empresarial ve el trabajo, los salarios y la seguridad social como un costo, y tienden a bajarlo cuando necesitan que les vaya mejor o cuando tienen una dificultad.<\/span><\/span><\/p>\n<div class=\"pvc_clear\"><\/div>\n<p class=\"pvc_stats all \" data-element-id=\"20802\" style=\"\"><i class=\"pvc-stats-icon medium\" aria-hidden=\"true\"><svg aria-hidden=\"true\" focusable=\"false\" data-prefix=\"far\" data-icon=\"chart-bar\" role=\"img\" xmlns=\"http:\/\/www.w3.org\/2000\/svg\" viewBox=\"0 0 512 512\" class=\"svg-inline--fa fa-chart-bar fa-w-16 fa-2x\"><path fill=\"currentColor\" d=\"M396.8 352h22.4c6.4 0 12.8-6.4 12.8-12.8V108.8c0-6.4-6.4-12.8-12.8-12.8h-22.4c-6.4 0-12.8 6.4-12.8 12.8v230.4c0 6.4 6.4 12.8 12.8 12.8zm-192 0h22.4c6.4 0 12.8-6.4 12.8-12.8V140.8c0-6.4-6.4-12.8-12.8-12.8h-22.4c-6.4 0-12.8 6.4-12.8 12.8v198.4c0 6.4 6.4 12.8 12.8 12.8zm96 0h22.4c6.4 0 12.8-6.4 12.8-12.8V204.8c0-6.4-6.4-12.8-12.8-12.8h-22.4c-6.4 0-12.8 6.4-12.8 12.8v134.4c0 6.4 6.4 12.8 12.8 12.8zM496 400H48V80c0-8.84-7.16-16-16-16H16C7.16 64 0 71.16 0 80v336c0 17.67 14.33 32 32 32h464c8.84 0 16-7.16 16-16v-16c0-8.84-7.16-16-16-16zm-387.2-48h22.4c6.4 0 12.8-6.4 12.8-12.8v-70.4c0-6.4-6.4-12.8-12.8-12.8h-22.4c-6.4 0-12.8 6.4-12.8 12.8v70.4c0 6.4 6.4 12.8 12.8 12.8z\" class=\"\"><\/path><\/svg><\/i> Vistas Totales&nbsp;551&nbsp;, Vistas Hoy&nbsp;2&nbsp;<\/p>\n<div class=\"pvc_clear\"><\/div>\n","protected":false},"excerpt":{"rendered":"<p>Publicado el: Viernes 23 de agosto del 2019 Autor: Grissell Medina La informalidad no ha disminuido con el tiempo, sino que est\u00e1 aumentando en muchos pa\u00edses. La preocupaci\u00f3n expresada por la Organizaci\u00f3n Internacional de Trabajo (OIT) no excluye a Rep\u00fablica Dominicana, donde la poblaci\u00f3n perteneciente a la econom\u00eda informal se ha incrementado en los \u00faltimos a\u00f1os.<\/p>\n<div class=\"pvc_clear\"><\/div>\n<p class=\"pvc_stats all \" data-element-id=\"20802\" style=\"\"><i class=\"pvc-stats-icon medium\" aria-hidden=\"true\"><svg aria-hidden=\"true\" focusable=\"false\" data-prefix=\"far\" data-icon=\"chart-bar\" role=\"img\" xmlns=\"http:\/\/www.w3.org\/2000\/svg\" viewBox=\"0 0 512 512\" class=\"svg-inline--fa fa-chart-bar fa-w-16 fa-2x\"><path fill=\"currentColor\" d=\"M396.8 352h22.4c6.4 0 12.8-6.4 12.8-12.8V108.8c0-6.4-6.4-12.8-12.8-12.8h-22.4c-6.4 0-12.8 6.4-12.8 12.8v230.4c0 6.4 6.4 12.8 12.8 12.8zm-192 0h22.4c6.4 0 12.8-6.4 12.8-12.8V140.8c0-6.4-6.4-12.8-12.8-12.8h-22.4c-6.4 0-12.8 6.4-12.8 12.8v198.4c0 6.4 6.4 12.8 12.8 12.8zm96 0h22.4c6.4 0 12.8-6.4 12.8-12.8V204.8c0-6.4-6.4-12.8-12.8-12.8h-22.4c-6.4 0-12.8 6.4-12.8 12.8v134.4c0 6.4 6.4 12.8 12.8 12.8zM496 400H48V80c0-8.84-7.16-16-16-16H16C7.16 64 0 71.16 0 80v336c0 17.67 14.33 32 32 32h464c8.84 0 16-7.16 16-16v-16c0-8.84-7.16-16-16-16zm-387.2-48h22.4c6.4 0 12.8-6.4 12.8-12.8v-70.4c0-6.4-6.4-12.8-12.8-12.8h-22.4c-6.4 0-12.8 6.4-12.8 12.8v70.4c0 6.4 6.4 12.8 12.8 12.8z\" class=\"\"><\/path><\/svg><\/i> Vistas Totales&nbsp;551&nbsp;, Vistas Hoy&nbsp;2&nbsp;<\/p>\n<div class=\"pvc_clear\"><\/div>\n","protected":false},"author":2,"featured_media":0,"comment_status":"open","ping_status":"open","sticky":false,"template":"","format":"standard","meta":{"footnotes":""},"categories":[21],"tags":[],"class_list":["post-20802","post","type-post","status-publish","format-standard","hentry","category-blog"],"yoast_head":"<!-- This site is optimized with the Yoast SEO plugin v25.2 - https:\/\/yoast.com\/wordpress\/plugins\/seo\/ -->\n<title>Comercio, agricultura y construcci\u00f3n absorben el 57.6% de la informalidad laboral | CREES<\/title>\n<meta name=\"robots\" content=\"index, follow, max-snippet:-1, max-image-preview:large, max-video-preview:-1\" \/>\n<link rel=\"canonical\" href=\"https:\/\/crees.org.do\/?p=20802\" \/>\n<meta property=\"og:locale\" content=\"es_ES\" \/>\n<meta property=\"og:type\" content=\"article\" \/>\n<meta property=\"og:title\" content=\"Comercio, agricultura y construcci\u00f3n absorben el 57.6% de la informalidad laboral | CREES\" \/>\n<meta property=\"og:description\" content=\"Publicado el: Viernes 23 de agosto del 2019 Autor: Grissell Medina La informalidad no ha disminuido con el tiempo, sino que est\u00e1 aumentando en muchos pa\u00edses. La preocupaci\u00f3n expresada por la Organizaci\u00f3n Internacional de Trabajo (OIT) no excluye a Rep\u00fablica Dominicana, donde la poblaci\u00f3n perteneciente a la econom\u00eda informal se ha incrementado en los \u00faltimos a\u00f1os.\" \/>\n<meta property=\"og:url\" content=\"https:\/\/crees.org.do\/?p=20802\" \/>\n<meta property=\"og:site_name\" content=\"CREES\" \/>\n<meta property=\"article:publisher\" content=\"https:\/\/www.facebook.com\/CREESRD\/\" \/>\n<meta property=\"article:published_time\" content=\"2019-01-08T00:00:00+00:00\" \/>\n<meta property=\"og:image\" content=\"https:\/\/crees.org.do\/wp-content\/uploads\/2022\/03\/crees-logo-1.jpg\" \/>\n\t<meta property=\"og:image:width\" content=\"244\" \/>\n\t<meta property=\"og:image:height\" content=\"71\" \/>\n\t<meta property=\"og:image:type\" content=\"image\/jpeg\" \/>\n<meta name=\"author\" content=\"Crees\" \/>\n<meta name=\"twitter:card\" content=\"summary_large_image\" \/>\n<meta name=\"twitter:creator\" content=\"@CREESRD\" \/>\n<meta name=\"twitter:site\" content=\"@CREESRD\" \/>\n<meta name=\"twitter:label1\" content=\"Escrito por\" \/>\n\t<meta name=\"twitter:data1\" content=\"Crees\" \/>\n\t<meta name=\"twitter:label2\" content=\"Tiempo de lectura\" \/>\n\t<meta name=\"twitter:data2\" content=\"6 minutos\" \/>\n<script type=\"application\/ld+json\" class=\"yoast-schema-graph\">{\"@context\":\"https:\/\/schema.org\",\"@graph\":[{\"@type\":\"Article\",\"@id\":\"https:\/\/crees.org.do\/?p=20802#article\",\"isPartOf\":{\"@id\":\"https:\/\/crees.org.do\/?p=20802\"},\"author\":{\"name\":\"Crees\",\"@id\":\"https:\/\/crees.org.do\/#\/schema\/person\/e7f97cd94d7bf9cd0e0ce30acb7d56b8\"},\"headline\":\"Comercio, agricultura y construcci\u00f3n absorben el 57.6% de la informalidad laboral\",\"datePublished\":\"2019-01-08T00:00:00+00:00\",\"mainEntityOfPage\":{\"@id\":\"https:\/\/crees.org.do\/?p=20802\"},\"wordCount\":1294,\"commentCount\":0,\"publisher\":{\"@id\":\"https:\/\/crees.org.do\/#organization\"},\"articleSection\":[\"Blog\"],\"inLanguage\":\"es\"},{\"@type\":\"WebPage\",\"@id\":\"https:\/\/crees.org.do\/?p=20802\",\"url\":\"https:\/\/crees.org.do\/?p=20802\",\"name\":\"Comercio, agricultura y construcci\u00f3n absorben el 57.6% de la informalidad laboral | CREES\",\"isPartOf\":{\"@id\":\"https:\/\/crees.org.do\/#website\"},\"datePublished\":\"2019-01-08T00:00:00+00:00\",\"breadcrumb\":{\"@id\":\"https:\/\/crees.org.do\/?p=20802#breadcrumb\"},\"inLanguage\":\"es\",\"potentialAction\":[{\"@type\":\"ReadAction\",\"target\":[\"https:\/\/crees.org.do\/?p=20802\"]}]},{\"@type\":\"BreadcrumbList\",\"@id\":\"https:\/\/crees.org.do\/?p=20802#breadcrumb\",\"itemListElement\":[{\"@type\":\"ListItem\",\"position\":1,\"name\":\"Portada\",\"item\":\"https:\/\/crees.org.do\/\"},{\"@type\":\"ListItem\",\"position\":2,\"name\":\"Comercio, agricultura y construcci\u00f3n absorben el 57.6% de la informalidad laboral\"}]},{\"@type\":\"WebSite\",\"@id\":\"https:\/\/crees.org.do\/#website\",\"url\":\"https:\/\/crees.org.do\/\",\"name\":\"CREES\",\"description\":\"Centro Regional de Estrategias Econ\u00f3micas Sostenibles\",\"publisher\":{\"@id\":\"https:\/\/crees.org.do\/#organization\"},\"potentialAction\":[{\"@type\":\"SearchAction\",\"target\":{\"@type\":\"EntryPoint\",\"urlTemplate\":\"https:\/\/crees.org.do\/?s={search_term_string}\"},\"query-input\":{\"@type\":\"PropertyValueSpecification\",\"valueRequired\":true,\"valueName\":\"search_term_string\"}}],\"inLanguage\":\"es\"},{\"@type\":\"Organization\",\"@id\":\"https:\/\/crees.org.do\/#organization\",\"name\":\"CREES | Centro Regional de Estrategias Econ\u00f3micas Sostenibles\",\"url\":\"https:\/\/crees.org.do\/\",\"logo\":{\"@type\":\"ImageObject\",\"inLanguage\":\"es\",\"@id\":\"https:\/\/crees.org.do\/#\/schema\/logo\/image\/\",\"url\":\"https:\/\/crees.org.do\/wp-content\/uploads\/2022\/03\/crees-logo-1.jpg\",\"contentUrl\":\"https:\/\/crees.org.do\/wp-content\/uploads\/2022\/03\/crees-logo-1.jpg\",\"width\":244,\"height\":71,\"caption\":\"CREES | Centro Regional de Estrategias Econ\u00f3micas Sostenibles\"},\"image\":{\"@id\":\"https:\/\/crees.org.do\/#\/schema\/logo\/image\/\"},\"sameAs\":[\"https:\/\/www.facebook.com\/CREESRD\/\",\"https:\/\/x.com\/CREESRD\"]},{\"@type\":\"Person\",\"@id\":\"https:\/\/crees.org.do\/#\/schema\/person\/e7f97cd94d7bf9cd0e0ce30acb7d56b8\",\"name\":\"Crees\",\"image\":{\"@type\":\"ImageObject\",\"inLanguage\":\"es\",\"@id\":\"https:\/\/crees.org.do\/#\/schema\/person\/image\/\",\"url\":\"https:\/\/secure.gravatar.com\/avatar\/390ac8f0be5d9aa046152553e2dd7011b59a512d89c150f5e5f28bb8d9a0b165?s=96&d=mm&r=g\",\"contentUrl\":\"https:\/\/secure.gravatar.com\/avatar\/390ac8f0be5d9aa046152553e2dd7011b59a512d89c150f5e5f28bb8d9a0b165?s=96&d=mm&r=g\",\"caption\":\"Crees\"},\"url\":\"https:\/\/crees.org.do\/?author=2\"}]}<\/script>\n<!-- \/ Yoast SEO plugin. -->","yoast_head_json":{"title":"Comercio, agricultura y construcci\u00f3n absorben el 57.6% de la informalidad laboral | CREES","robots":{"index":"index","follow":"follow","max-snippet":"max-snippet:-1","max-image-preview":"max-image-preview:large","max-video-preview":"max-video-preview:-1"},"canonical":"https:\/\/crees.org.do\/?p=20802","og_locale":"es_ES","og_type":"article","og_title":"Comercio, agricultura y construcci\u00f3n absorben el 57.6% de la informalidad laboral | CREES","og_description":"Publicado el: Viernes 23 de agosto del 2019 Autor: Grissell Medina La informalidad no ha disminuido con el tiempo, sino que est\u00e1 aumentando en muchos pa\u00edses. La preocupaci\u00f3n expresada por la Organizaci\u00f3n Internacional de Trabajo (OIT) no excluye a Rep\u00fablica Dominicana, donde la poblaci\u00f3n perteneciente a la econom\u00eda informal se ha incrementado en los \u00faltimos a\u00f1os.","og_url":"https:\/\/crees.org.do\/?p=20802","og_site_name":"CREES","article_publisher":"https:\/\/www.facebook.com\/CREESRD\/","article_published_time":"2019-01-08T00:00:00+00:00","og_image":[{"width":244,"height":71,"url":"https:\/\/crees.org.do\/wp-content\/uploads\/2022\/03\/crees-logo-1.jpg","type":"image\/jpeg"}],"author":"Crees","twitter_card":"summary_large_image","twitter_creator":"@CREESRD","twitter_site":"@CREESRD","twitter_misc":{"Escrito por":"Crees","Tiempo de lectura":"6 minutos"},"schema":{"@context":"https:\/\/schema.org","@graph":[{"@type":"Article","@id":"https:\/\/crees.org.do\/?p=20802#article","isPartOf":{"@id":"https:\/\/crees.org.do\/?p=20802"},"author":{"name":"Crees","@id":"https:\/\/crees.org.do\/#\/schema\/person\/e7f97cd94d7bf9cd0e0ce30acb7d56b8"},"headline":"Comercio, agricultura y construcci\u00f3n absorben el 57.6% de la informalidad laboral","datePublished":"2019-01-08T00:00:00+00:00","mainEntityOfPage":{"@id":"https:\/\/crees.org.do\/?p=20802"},"wordCount":1294,"commentCount":0,"publisher":{"@id":"https:\/\/crees.org.do\/#organization"},"articleSection":["Blog"],"inLanguage":"es"},{"@type":"WebPage","@id":"https:\/\/crees.org.do\/?p=20802","url":"https:\/\/crees.org.do\/?p=20802","name":"Comercio, agricultura y construcci\u00f3n absorben el 57.6% de la informalidad laboral | CREES","isPartOf":{"@id":"https:\/\/crees.org.do\/#website"},"datePublished":"2019-01-08T00:00:00+00:00","breadcrumb":{"@id":"https:\/\/crees.org.do\/?p=20802#breadcrumb"},"inLanguage":"es","potentialAction":[{"@type":"ReadAction","target":["https:\/\/crees.org.do\/?p=20802"]}]},{"@type":"BreadcrumbList","@id":"https:\/\/crees.org.do\/?p=20802#breadcrumb","itemListElement":[{"@type":"ListItem","position":1,"name":"Portada","item":"https:\/\/crees.org.do\/"},{"@type":"ListItem","position":2,"name":"Comercio, agricultura y construcci\u00f3n absorben el 57.6% de la informalidad laboral"}]},{"@type":"WebSite","@id":"https:\/\/crees.org.do\/#website","url":"https:\/\/crees.org.do\/","name":"CREES","description":"Centro Regional de Estrategias Econ\u00f3micas Sostenibles","publisher":{"@id":"https:\/\/crees.org.do\/#organization"},"potentialAction":[{"@type":"SearchAction","target":{"@type":"EntryPoint","urlTemplate":"https:\/\/crees.org.do\/?s={search_term_string}"},"query-input":{"@type":"PropertyValueSpecification","valueRequired":true,"valueName":"search_term_string"}}],"inLanguage":"es"},{"@type":"Organization","@id":"https:\/\/crees.org.do\/#organization","name":"CREES | Centro Regional de Estrategias Econ\u00f3micas Sostenibles","url":"https:\/\/crees.org.do\/","logo":{"@type":"ImageObject","inLanguage":"es","@id":"https:\/\/crees.org.do\/#\/schema\/logo\/image\/","url":"https:\/\/crees.org.do\/wp-content\/uploads\/2022\/03\/crees-logo-1.jpg","contentUrl":"https:\/\/crees.org.do\/wp-content\/uploads\/2022\/03\/crees-logo-1.jpg","width":244,"height":71,"caption":"CREES | Centro Regional de Estrategias Econ\u00f3micas Sostenibles"},"image":{"@id":"https:\/\/crees.org.do\/#\/schema\/logo\/image\/"},"sameAs":["https:\/\/www.facebook.com\/CREESRD\/","https:\/\/x.com\/CREESRD"]},{"@type":"Person","@id":"https:\/\/crees.org.do\/#\/schema\/person\/e7f97cd94d7bf9cd0e0ce30acb7d56b8","name":"Crees","image":{"@type":"ImageObject","inLanguage":"es","@id":"https:\/\/crees.org.do\/#\/schema\/person\/image\/","url":"https:\/\/secure.gravatar.com\/avatar\/390ac8f0be5d9aa046152553e2dd7011b59a512d89c150f5e5f28bb8d9a0b165?s=96&d=mm&r=g","contentUrl":"https:\/\/secure.gravatar.com\/avatar\/390ac8f0be5d9aa046152553e2dd7011b59a512d89c150f5e5f28bb8d9a0b165?s=96&d=mm&r=g","caption":"Crees"},"url":"https:\/\/crees.org.do\/?author=2"}]}},"_links":{"self":[{"href":"https:\/\/crees.org.do\/index.php?rest_route=\/wp\/v2\/posts\/20802","targetHints":{"allow":["GET"]}}],"collection":[{"href":"https:\/\/crees.org.do\/index.php?rest_route=\/wp\/v2\/posts"}],"about":[{"href":"https:\/\/crees.org.do\/index.php?rest_route=\/wp\/v2\/types\/post"}],"author":[{"embeddable":true,"href":"https:\/\/crees.org.do\/index.php?rest_route=\/wp\/v2\/users\/2"}],"replies":[{"embeddable":true,"href":"https:\/\/crees.org.do\/index.php?rest_route=%2Fwp%2Fv2%2Fcomments&post=20802"}],"version-history":[{"count":0,"href":"https:\/\/crees.org.do\/index.php?rest_route=\/wp\/v2\/posts\/20802\/revisions"}],"wp:attachment":[{"href":"https:\/\/crees.org.do\/index.php?rest_route=%2Fwp%2Fv2%2Fmedia&parent=20802"}],"wp:term":[{"taxonomy":"category","embeddable":true,"href":"https:\/\/crees.org.do\/index.php?rest_route=%2Fwp%2Fv2%2Fcategories&post=20802"},{"taxonomy":"post_tag","embeddable":true,"href":"https:\/\/crees.org.do\/index.php?rest_route=%2Fwp%2Fv2%2Ftags&post=20802"}],"curies":[{"name":"wp","href":"https:\/\/api.w.org\/{rel}","templated":true}]}}