{"id":20803,"date":"2019-01-08T00:00:00","date_gmt":"2019-01-08T00:00:00","guid":{"rendered":"https:\/\/crees.org.do\/queda-claro-que-este-ano-sera-de-menor-crecimiento\/"},"modified":"2019-01-08T00:00:00","modified_gmt":"2019-01-08T00:00:00","slug":"queda-claro-que-este-ano-sera-de-menor-crecimiento","status":"publish","type":"post","link":"https:\/\/crees.org.do\/?p=20803","title":{"rendered":"\u201cQueda claro que este a\u00f1o ser\u00e1 de menor crecimiento\u201d"},"content":{"rendered":"<p style=\"text-align: justify;\"><span style=\"font-size:12px;\"><span style=\"font-family:verdana,geneva,sans-serif;\">Autor: Mart\u00edn Polanco&nbsp;<\/span><\/span><\/p>\n<p style=\"text-align: justify;\"><span style=\"font-size:12px;\"><span style=\"font-family:verdana,geneva,sans-serif;\">Extra\u00eddo de: Peri\u00f3dico El Caribe<\/span><\/span><\/p>\n<p style=\"text-align: justify;\"><span style=\"font-size:12px;\"><span style=\"font-family:verdana,geneva,sans-serif;\"><span style=\"color: rgb(34, 34, 34); text-align: justify;\">Miguel Collado Di Franco, economista senior del Centro Regional de Estrategias Econ\u00f3micas Sostenibles (CREES) asegura que Rep\u00fablica Dominicana ha tenido grandes oportunidades -dadas por el entorno internacional en estos \u00faltimos a\u00f1os- de las que se ha beneficiado. Pero da como un hecho, en una conversaci\u00f3n sostenida con elCaribe, que el crecimiento econ\u00f3mico del pa\u00eds este a\u00f1o 2019 ser\u00e1 menor,<\/span><\/span><\/span><\/p>\n<p style=\"text-align: justify;\"><span style=\"font-size:12px;\"><span style=\"font-family:verdana,geneva,sans-serif;\"><strong style=\"color: rgb(34, 34, 34); font-family: Verdana, Geneva, sans-serif; text-align: justify; box-sizing: border-box;\">&iquest;En qu\u00e9 sustentas ese planteamiento de que la econom\u00eda crecer\u00e1 menos?<\/strong><\/span><\/span><\/p>\n<p style=\"text-align: justify;\"><span style=\"font-size:12px;\"><span style=\"font-family:verdana,geneva,sans-serif;\"><span style=\"color: rgb(34, 34, 34); text-align: justify;\">Eso est\u00e1 evidenciado. Los n\u00fameros, las cifras oficiales y el mismo IMAE (Indicador Mensual de Actividad Econ\u00f3mica) as\u00ed lo est\u00e1n se\u00f1alando. El tema del turismo, por ejemplo, ya se ha empezado a sentir, con menor llegada de turistas, con relaci\u00f3n al mismo per\u00edodo del a\u00f1o pasado. Hay mucha incertidumbre internacional. Podr\u00edamos decir que Estados Unidos sigue creciendo como la econom\u00eda principal del mundo, pero esto dentro de un ambiente de incertidumbre, tanto para los Estados Unidos, como para otras econom\u00edas grandes, como Alemania, Jap\u00f3n y China. Eso se une a la coyuntura que hemos estado viviendo y de la cual no nos vamos a separar del todo.<\/span><\/span><\/span><\/p>\n<p style=\"text-align: justify;\"><span style=\"font-size:12px;\"><span style=\"font-family:verdana,geneva,sans-serif;\"><strong style=\"color: rgb(34, 34, 34); font-family: Verdana, Geneva, sans-serif; text-align: justify; box-sizing: border-box;\">&iquest;A qu\u00e9 te refieres al decir esto?<\/strong><\/span><\/span><\/p>\n<p style=\"text-align: justify;\"><span style=\"font-size:12px;\"><span style=\"font-family:verdana,geneva,sans-serif;\"><span style=\"color: rgb(34, 34, 34); text-align: justify;\">Me refiero a la coyuntura pol\u00edtico-institucional. Ese tema, unido, fue muy fuerte durante los primeros meses del a\u00f1o. Hasta hace pocas semanas ha habido una distenci\u00f3n en esa parte del ambiente que incluye en el clima de negocios que vivimos. Pero el tema pol\u00edtico va a seguir y no podemos estar ajenos al mismo.<\/span><\/span><\/span><\/p>\n<p style=\"text-align: justify;\"><span style=\"font-size:12px;\"><span style=\"font-family:verdana,geneva,sans-serif;\"><span style=\"color: rgb(34, 34, 34); text-align: justify;\">Todos estos elementos empiezan a verse a trav\u00e9s de los n\u00fameros. Adem\u00e1s del IMAE, lo puedes ver tambi\u00e9n por el cr\u00e9dito, cuyo incremento en este a\u00f1o est\u00e1 siendo menor, independientemente de la liberalizaci\u00f3n del encaje legal. Cuando ves y comparas con el pasado a\u00f1o 2018, hay un menor crecimiento en la mayor\u00eda de los sectores con cr\u00e9dito promedio.<\/span><\/span><\/span><\/p>\n<p style=\"text-align: justify;\"><span style=\"font-size:12px;\"><span style=\"font-family:verdana,geneva,sans-serif;\"><strong style=\"color: rgb(34, 34, 34); font-family: Verdana, Geneva, sans-serif; text-align: justify; box-sizing: border-box;\">&iquest;Definitivamente, no ser\u00e1 tan bueno el desempe\u00f1o de la econom\u00eda?<\/strong><\/span><\/span><\/p>\n<p style=\"text-align: justify;\"><span style=\"font-size:12px;\"><span style=\"font-family:verdana,geneva,sans-serif;\"><span style=\"color: rgb(34, 34, 34); text-align: justify;\">S\u00ed, es as\u00ed, por todos estos factores que te he mencionado.<\/span><\/span><\/span><\/p>\n<p style=\"text-align: justify;\"><span style=\"font-size:12px;\"><span style=\"font-family:verdana,geneva,sans-serif;\"><strong style=\"color: rgb(34, 34, 34); font-family: Verdana, Geneva, sans-serif; text-align: justify; box-sizing: border-box;\">&iquest;Y qu\u00e9 decir de la inflaci\u00f3n?<\/strong><\/span><\/span><\/p>\n<p style=\"text-align: justify;\"><span style=\"font-size:12px;\"><span style=\"font-family:verdana,geneva,sans-serif;\"><span style=\"color: rgb(34, 34, 34); text-align: justify;\">Bueno, la inflaci\u00f3n oficial&hellip; y podr\u00edamos decir en ocasiones que sorprendentemente se ha mantenido muy baja, si hacemos la comparaci\u00f3n internacional; si hacemos una comparaci\u00f3n con otros pa\u00edses de la regi\u00f3n y si hacemos una comparaci\u00f3n, incluso, con el mismo Estados Unidos. En ese sentido, no me sorprender\u00eda que las estad\u00edsticas sigan con esa tendencia. A la baja.<\/span><\/span><\/span><\/p>\n<p style=\"text-align: justify;\"><span style=\"font-size:12px;\"><span style=\"font-family:verdana,geneva,sans-serif;\"><strong style=\"color: rgb(34, 34, 34); font-family: Verdana, Geneva, sans-serif; text-align: justify; box-sizing: border-box;\">&iquest;El tema del petr\u00f3leo, que influye realmente sobre los precios, es una amenaza actualmente para el caso dominicano. &iquest;Qu\u00e9 tanto?<\/strong><\/span><\/span><\/p>\n<p style=\"text-align: justify;\"><span style=\"font-size:12px;\"><span style=\"font-family:verdana,geneva,sans-serif;\"><span style=\"color: rgb(34, 34, 34); text-align: justify;\">No es algo de una preocupaci\u00f3n latente, como lo fue en el a\u00f1o 2018. En este a\u00f1o sigue la producci\u00f3n increment\u00e1ndose en Estados Unidos. Es considerable el incremento de las nuevas tecnolog\u00edas de explotaci\u00f3n de petr\u00f3leo, adem\u00e1s de la disminuci\u00f3n del consumo. Por tanto, no hay esa presi\u00f3n en cuanto a los precios del crudo que estuvimos experimentando el a\u00f1o pasado 2018.<\/span><\/span><\/span><\/p>\n<p style=\"text-align: justify;\"><span style=\"font-size:12px;\"><span style=\"font-family:verdana,geneva,sans-serif;\"><span style=\"color: rgb(34, 34, 34); text-align: justify;\">Miguel, el 34% de los economistas de Estados Unidos teme que habr\u00e1 una recesi\u00f3n econ\u00f3mica para 2021, seg\u00fan una encuesta publicada hace poco tiempo por la Asociaci\u00f3n Nacional de Econom\u00eda de la Empresa.<\/span><\/span><\/span><\/p>\n<p style=\"text-align: justify;\"><span style=\"font-size:12px;\"><span style=\"font-family:verdana,geneva,sans-serif;\"><strong style=\"color: rgb(34, 34, 34); font-family: Verdana, Geneva, sans-serif; text-align: justify; box-sizing: border-box;\">&iquest;Qu\u00e9 tanta atenci\u00f3n debe prestar Rep\u00fablica Dominicana a esos avisos, a esas opiniones de expertos?&nbsp;<\/strong><\/span><\/span><\/p>\n<p style=\"text-align: justify;\"><span style=\"font-size:12px;\"><span style=\"font-family:verdana,geneva,sans-serif;\"><span style=\"color: rgb(34, 34, 34); text-align: justify;\">Para esto me voy a retrotraer un poco en el tiempo. Rep\u00fablica Dominicana ha vivido una oportunidad que le ha dado el entorno internacional en estos \u00faltimos a\u00f1os, y es algo de lo que nos hemos beneficiado.<\/span><\/span><\/span><\/p>\n<p style=\"text-align: justify;\"><span style=\"font-size:12px;\"><span style=\"font-family:verdana,geneva,sans-serif;\"><strong style=\"color: rgb(34, 34, 34); font-family: Verdana, Geneva, sans-serif; text-align: justify; box-sizing: border-box;\">&iquest;A qu\u00e9 te refieres?<\/strong><\/span><\/span><\/p>\n<p style=\"text-align: justify;\"><span style=\"font-size:12px;\"><span style=\"font-family:verdana,geneva,sans-serif;\"><span style=\"color: rgb(34, 34, 34); text-align: justify;\">Al buen crecimiento que ha tenido Estados Unidos, por ejemplo, que es un nuestro principal socio comercial; hay una liquidez todav\u00eda muy grande en el mundo, las tasas de inter\u00e9s, a pesar de que han empezado a subir en Estados Unidos se mantienen bajas a nivel internacional, digamos que para los niveles hist\u00f3ricos.<\/span><\/span><\/span><\/p>\n<p style=\"text-align: justify;\"><span style=\"font-size:12px;\"><span style=\"font-family:verdana,geneva,sans-serif;\"><span style=\"color: rgb(34, 34, 34); text-align: justify;\">Ha habido un importante flujo en el sector turismo, las exportaciones se han desempe\u00f1ado mejor en los \u00faltimos a\u00f1os y las remesas tambi\u00e9n. Todo ese entorno, sin embargo, la Rep\u00fablica Dominicana no lo supo aprovechar para reformas estructurales que faltan y ahora mismo, en esta coyuntura pol\u00edtica, se hace un poquito dif\u00edcil que las autoridades se pongan en eso. A hacer esas reformas, pero son necesarias.<\/span><\/span><\/span><\/p>\n<p style=\"text-align: justify;\"><span style=\"font-size:12px;\"><span style=\"font-family:verdana,geneva,sans-serif;\"><span style=\"color: rgb(34, 34, 34); text-align: justify;\">Con relaci\u00f3n a lo que se opina que pudiera pasar (esa recesi\u00f3n de la que se habla). Eso no necesariamente es seguro y no sabemos en realidad; hay mucha incertidumbre. Yo todav\u00eda veo a Estados Unidos como una econom\u00eda fuerte; los fundamentos todav\u00eda est\u00e1n fuertes, aunque haya debilitamiento en otras econom\u00edas.<\/span><\/span><\/span><\/p>\n<p style=\"text-align: justify;\"><span style=\"font-size:12px;\"><span style=\"font-family:verdana,geneva,sans-serif;\"><span style=\"color: rgb(34, 34, 34); text-align: justify;\">No necesariamente veo la inminencia de una recesi\u00f3n a nivel mundial. S\u00ed veo una desaceleraci\u00f3n del crecimiento, que no es lo mismo.<\/span><\/span><\/span><\/p>\n<p style=\"text-align: justify;\"><span style=\"font-size:12px;\"><span style=\"font-family:verdana,geneva,sans-serif;\"><span style=\"color: rgb(34, 34, 34); text-align: justify;\">La manera de Rep\u00fablica Dominicana enfrentar lo que pudiera suceder en el mundo no es incrementando el gasto, no es endeud\u00e1ndose m\u00e1s, que fue lo que sucedi\u00f3 cuando la crisis de 2007-2008.<\/span><\/span><\/span><\/p>\n<p style=\"text-align: justify;\"><span style=\"font-size:12px;\"><span style=\"font-family:verdana,geneva,sans-serif;\"><span style=\"color: rgb(34, 34, 34); text-align: justify;\">Aqu\u00ed empezamos a incrementar el gasto p\u00fablico, el endeudamiento, m\u00e1s bien para financiar el d\u00e9ficit y hemos tenido una carrera de incremento de la deuda que todos conocemos y que preocupa.<\/span><\/span><\/span><\/p>\n<p style=\"text-align: justify;\"><span style=\"font-size:12px;\"><span style=\"font-family:verdana,geneva,sans-serif;\"><span style=\"color: rgb(34, 34, 34); text-align: justify;\">La manera de enfrentarlo ser\u00eda si hubiese la disposici\u00f3n de llevar a cabo reformas estructurales. El mismo Fondo Monetario Internacional ha advertido, como venimos advirtiendo nosotros desde la fundaci\u00f3n del CREES, del tema de la ampliaci\u00f3n de la base tributaria. Eso debe de conllevar una reducci\u00f3n de las tasas de inter\u00e9s. No haces nada incrementando base si no haces una reforma que simplifique el sistema tributario en cuanto a su administraci\u00f3n y en cuanto a la forma de poder cumplir los agentes econ\u00f3micos con el mismo. Pero tambi\u00e9n la simplificaci\u00f3n debe ir acompa\u00f1ada de menos figuras impositivas y mejores tasas y es necesaria la parte de responsabilidad fiscal.<\/span><\/span><\/span><\/p>\n<p style=\"text-align: justify;\"><span style=\"font-size:12px;\"><span style=\"font-family:verdana,geneva,sans-serif;\"><strong style=\"color: rgb(34, 34, 34); font-family: Verdana, Geneva, sans-serif; text-align: justify; box-sizing: border-box;\">&iquest;En qu\u00e9 sentido?&nbsp;<\/strong><\/span><\/span><\/p>\n<p style=\"text-align: justify;\"><span style=\"font-size:12px;\"><span style=\"font-family:verdana,geneva,sans-serif;\"><span style=\"color: rgb(34, 34, 34); text-align: justify;\">Reglas fiscales de gasto, de endeudamiento, de d\u00e9ficits fiscales. Eso es necesario. Ya tenemos desde el a\u00f1o 2013 en el Congreso de la rep\u00fablica una Ley de Responsabilidad Fiscal. Eso es algo en lo que estamos de acuerdo&hellip; temas de ese tipo, como el tema el\u00e9ctrico, tomado seriamente del lado de las distribuidoras de electricidad, no de la generaci\u00f3n.<\/span><\/span><\/span><\/p>\n<p style=\"text-align: justify;\"><span style=\"font-size:12px;\"><span style=\"font-family:verdana,geneva,sans-serif;\"><span style=\"color: rgb(34, 34, 34); text-align: justify;\">Hemos pensado mucho en el componente de generaci\u00f3n el\u00e9ctrica, pero donde est\u00e1n las p\u00e9rdidas que generan el d\u00e9ficit que debe ser financiado con recursos p\u00fablicos est\u00e1 en las distribuidoras. El tema laboral no se ha abordado, ni el de transporte, ni de los combustibles, ni los mismos impuestos y la burocracia para t\u00fa poner un emprendimiento. Son temas estructurales. De hecho, el Consejo Nacional de Competitividad ha reconocido y estudiado todas las trabas burocr\u00e1ticas que existen. Sin embargo, no se est\u00e1n tomando acciones. Esa ser\u00eda la manera de tener una rep\u00fablica Dominicana que pudiera enfrentar cualquier eventualidad y para tener desarrollo sostenible, no dependiendo del endeudamiento.<\/span><\/span><\/span><\/p>\n<p style=\"text-align: justify;\"><span style=\"font-size:12px;\"><span style=\"font-family:verdana,geneva,sans-serif;\"><strong style=\"color: rgb(34, 34, 34); font-family: Verdana, Geneva, sans-serif; text-align: justify; box-sizing: border-box;\">Debe abordarse<\/strong><\/span><\/span><\/p>\n<p style=\"text-align: justify;\"><span style=\"font-size:12px;\"><span style=\"font-family:verdana,geneva,sans-serif;\"><span style=\"color: rgb(34, 34, 34); text-align: justify;\">En lo referente al tema laboral no vemos se\u00f1al de avance. Hay un tema importante, que es el de cesant\u00eda laboral&rdquo;.<\/span><\/span><\/span><\/p>\n<p style=\"text-align: justify;\"><span style=\"font-size:12px;\"><span style=\"font-family:verdana,geneva,sans-serif;\"><strong style=\"color: rgb(34, 34, 34); font-family: Verdana, Geneva, sans-serif; text-align: justify; box-sizing: border-box;\">Visi\u00f3n cr\u00edtica<\/strong><\/span><\/span><\/p>\n<p style=\"text-align: justify;\"><span style=\"font-size:12px;\"><span style=\"font-family:verdana,geneva,sans-serif;\"><span style=\"color: rgb(34, 34, 34); text-align: justify;\">Ahora mismo lo que est\u00e1 pasando en el pa\u00eds es que el tema pol\u00edtico est\u00e1 predominando sobre la agenda de las reformas necesarias&rdquo;.<\/span><\/span><\/span><\/p>\n<p>&nbsp;<\/p>\n<p>&nbsp;<\/p>\n<div class=\"pvc_clear\"><\/div>\n<p class=\"pvc_stats all \" data-element-id=\"20803\" style=\"\"><i class=\"pvc-stats-icon medium\" aria-hidden=\"true\"><svg aria-hidden=\"true\" focusable=\"false\" data-prefix=\"far\" data-icon=\"chart-bar\" role=\"img\" xmlns=\"http:\/\/www.w3.org\/2000\/svg\" viewBox=\"0 0 512 512\" class=\"svg-inline--fa fa-chart-bar fa-w-16 fa-2x\"><path fill=\"currentColor\" d=\"M396.8 352h22.4c6.4 0 12.8-6.4 12.8-12.8V108.8c0-6.4-6.4-12.8-12.8-12.8h-22.4c-6.4 0-12.8 6.4-12.8 12.8v230.4c0 6.4 6.4 12.8 12.8 12.8zm-192 0h22.4c6.4 0 12.8-6.4 12.8-12.8V140.8c0-6.4-6.4-12.8-12.8-12.8h-22.4c-6.4 0-12.8 6.4-12.8 12.8v198.4c0 6.4 6.4 12.8 12.8 12.8zm96 0h22.4c6.4 0 12.8-6.4 12.8-12.8V204.8c0-6.4-6.4-12.8-12.8-12.8h-22.4c-6.4 0-12.8 6.4-12.8 12.8v134.4c0 6.4 6.4 12.8 12.8 12.8zM496 400H48V80c0-8.84-7.16-16-16-16H16C7.16 64 0 71.16 0 80v336c0 17.67 14.33 32 32 32h464c8.84 0 16-7.16 16-16v-16c0-8.84-7.16-16-16-16zm-387.2-48h22.4c6.4 0 12.8-6.4 12.8-12.8v-70.4c0-6.4-6.4-12.8-12.8-12.8h-22.4c-6.4 0-12.8 6.4-12.8 12.8v70.4c0 6.4 6.4 12.8 12.8 12.8z\" class=\"\"><\/path><\/svg><\/i> Vistas Totales&nbsp;524&nbsp;, Vistas Hoy&nbsp;1&nbsp;<\/p>\n<div class=\"pvc_clear\"><\/div>\n","protected":false},"excerpt":{"rendered":"<p>Publicado el: Lunes 26 de agosto del 2019Autor: Mart\u00edn PolancoMiguel Collado Di Franco, economista senior del Centro Regional de Estrategias Econ\u00f3micas Sostenibles (CREES) asegura que Rep\u00fablica Dominicana ha tenido grandes oportunidades -dadas por el entorno internacional en estos \u00faltimos a\u00f1os- de las que se ha beneficiado. Pero da como un hecho, en una conversaci\u00f3n sostenida con elCaribe, que el crecimiento econ\u00f3mico del pa\u00eds este a\u00f1o 2019 ser\u00e1 menor,<\/p>\n<div class=\"pvc_clear\"><\/div>\n<p class=\"pvc_stats all \" data-element-id=\"20803\" style=\"\"><i class=\"pvc-stats-icon medium\" aria-hidden=\"true\"><svg aria-hidden=\"true\" focusable=\"false\" data-prefix=\"far\" data-icon=\"chart-bar\" role=\"img\" xmlns=\"http:\/\/www.w3.org\/2000\/svg\" viewBox=\"0 0 512 512\" class=\"svg-inline--fa fa-chart-bar fa-w-16 fa-2x\"><path fill=\"currentColor\" d=\"M396.8 352h22.4c6.4 0 12.8-6.4 12.8-12.8V108.8c0-6.4-6.4-12.8-12.8-12.8h-22.4c-6.4 0-12.8 6.4-12.8 12.8v230.4c0 6.4 6.4 12.8 12.8 12.8zm-192 0h22.4c6.4 0 12.8-6.4 12.8-12.8V140.8c0-6.4-6.4-12.8-12.8-12.8h-22.4c-6.4 0-12.8 6.4-12.8 12.8v198.4c0 6.4 6.4 12.8 12.8 12.8zm96 0h22.4c6.4 0 12.8-6.4 12.8-12.8V204.8c0-6.4-6.4-12.8-12.8-12.8h-22.4c-6.4 0-12.8 6.4-12.8 12.8v134.4c0 6.4 6.4 12.8 12.8 12.8zM496 400H48V80c0-8.84-7.16-16-16-16H16C7.16 64 0 71.16 0 80v336c0 17.67 14.33 32 32 32h464c8.84 0 16-7.16 16-16v-16c0-8.84-7.16-16-16-16zm-387.2-48h22.4c6.4 0 12.8-6.4 12.8-12.8v-70.4c0-6.4-6.4-12.8-12.8-12.8h-22.4c-6.4 0-12.8 6.4-12.8 12.8v70.4c0 6.4 6.4 12.8 12.8 12.8z\" class=\"\"><\/path><\/svg><\/i> Vistas Totales&nbsp;524&nbsp;, Vistas Hoy&nbsp;1&nbsp;<\/p>\n<div class=\"pvc_clear\"><\/div>\n","protected":false},"author":2,"featured_media":0,"comment_status":"open","ping_status":"open","sticky":false,"template":"","format":"standard","meta":{"footnotes":""},"categories":[21],"tags":[],"class_list":["post-20803","post","type-post","status-publish","format-standard","hentry","category-blog"],"yoast_head":"<!-- This site is optimized with the Yoast SEO plugin v25.2 - https:\/\/yoast.com\/wordpress\/plugins\/seo\/ -->\n<title>\u201cQueda claro que este a\u00f1o ser\u00e1 de menor crecimiento\u201d | CREES<\/title>\n<meta name=\"robots\" content=\"index, follow, max-snippet:-1, max-image-preview:large, max-video-preview:-1\" \/>\n<link rel=\"canonical\" href=\"https:\/\/crees.org.do\/?p=20803\" \/>\n<meta property=\"og:locale\" content=\"es_ES\" \/>\n<meta property=\"og:type\" content=\"article\" \/>\n<meta property=\"og:title\" content=\"\u201cQueda claro que este a\u00f1o ser\u00e1 de menor crecimiento\u201d | CREES\" \/>\n<meta property=\"og:description\" content=\"Publicado el: Lunes 26 de agosto del 2019Autor: Mart\u00edn PolancoMiguel Collado Di Franco, economista senior del Centro Regional de Estrategias Econ\u00f3micas Sostenibles (CREES) asegura que Rep\u00fablica Dominicana ha tenido grandes oportunidades -dadas por el entorno internacional en estos \u00faltimos a\u00f1os- de las que se ha beneficiado. Pero da como un hecho, en una conversaci\u00f3n sostenida con elCaribe, que el crecimiento econ\u00f3mico del pa\u00eds este a\u00f1o 2019 ser\u00e1 menor,\" \/>\n<meta property=\"og:url\" content=\"https:\/\/crees.org.do\/?p=20803\" \/>\n<meta property=\"og:site_name\" content=\"CREES\" \/>\n<meta property=\"article:publisher\" content=\"https:\/\/www.facebook.com\/CREESRD\/\" \/>\n<meta property=\"article:published_time\" content=\"2019-01-08T00:00:00+00:00\" \/>\n<meta property=\"og:image\" content=\"https:\/\/crees.org.do\/wp-content\/uploads\/2022\/03\/crees-logo-1.jpg\" \/>\n\t<meta property=\"og:image:width\" content=\"244\" \/>\n\t<meta property=\"og:image:height\" content=\"71\" \/>\n\t<meta property=\"og:image:type\" content=\"image\/jpeg\" \/>\n<meta name=\"author\" content=\"Crees\" \/>\n<meta name=\"twitter:card\" content=\"summary_large_image\" \/>\n<meta name=\"twitter:creator\" content=\"@CREESRD\" \/>\n<meta name=\"twitter:site\" content=\"@CREESRD\" \/>\n<meta name=\"twitter:label1\" content=\"Escrito por\" \/>\n\t<meta name=\"twitter:data1\" content=\"Crees\" \/>\n\t<meta name=\"twitter:label2\" content=\"Tiempo de lectura\" \/>\n\t<meta name=\"twitter:data2\" content=\"6 minutos\" \/>\n<script type=\"application\/ld+json\" class=\"yoast-schema-graph\">{\"@context\":\"https:\/\/schema.org\",\"@graph\":[{\"@type\":\"Article\",\"@id\":\"https:\/\/crees.org.do\/?p=20803#article\",\"isPartOf\":{\"@id\":\"https:\/\/crees.org.do\/?p=20803\"},\"author\":{\"name\":\"Crees\",\"@id\":\"https:\/\/crees.org.do\/#\/schema\/person\/e7f97cd94d7bf9cd0e0ce30acb7d56b8\"},\"headline\":\"\u201cQueda claro que este a\u00f1o ser\u00e1 de menor crecimiento\u201d\",\"datePublished\":\"2019-01-08T00:00:00+00:00\",\"mainEntityOfPage\":{\"@id\":\"https:\/\/crees.org.do\/?p=20803\"},\"wordCount\":1286,\"commentCount\":0,\"publisher\":{\"@id\":\"https:\/\/crees.org.do\/#organization\"},\"articleSection\":[\"Blog\"],\"inLanguage\":\"es\"},{\"@type\":\"WebPage\",\"@id\":\"https:\/\/crees.org.do\/?p=20803\",\"url\":\"https:\/\/crees.org.do\/?p=20803\",\"name\":\"\u201cQueda claro que este a\u00f1o ser\u00e1 de menor crecimiento\u201d | CREES\",\"isPartOf\":{\"@id\":\"https:\/\/crees.org.do\/#website\"},\"datePublished\":\"2019-01-08T00:00:00+00:00\",\"breadcrumb\":{\"@id\":\"https:\/\/crees.org.do\/?p=20803#breadcrumb\"},\"inLanguage\":\"es\",\"potentialAction\":[{\"@type\":\"ReadAction\",\"target\":[\"https:\/\/crees.org.do\/?p=20803\"]}]},{\"@type\":\"BreadcrumbList\",\"@id\":\"https:\/\/crees.org.do\/?p=20803#breadcrumb\",\"itemListElement\":[{\"@type\":\"ListItem\",\"position\":1,\"name\":\"Portada\",\"item\":\"https:\/\/crees.org.do\/\"},{\"@type\":\"ListItem\",\"position\":2,\"name\":\"\u201cQueda claro que este a\u00f1o ser\u00e1 de menor crecimiento\u201d\"}]},{\"@type\":\"WebSite\",\"@id\":\"https:\/\/crees.org.do\/#website\",\"url\":\"https:\/\/crees.org.do\/\",\"name\":\"CREES\",\"description\":\"Centro Regional de Estrategias Econ\u00f3micas Sostenibles\",\"publisher\":{\"@id\":\"https:\/\/crees.org.do\/#organization\"},\"potentialAction\":[{\"@type\":\"SearchAction\",\"target\":{\"@type\":\"EntryPoint\",\"urlTemplate\":\"https:\/\/crees.org.do\/?s={search_term_string}\"},\"query-input\":{\"@type\":\"PropertyValueSpecification\",\"valueRequired\":true,\"valueName\":\"search_term_string\"}}],\"inLanguage\":\"es\"},{\"@type\":\"Organization\",\"@id\":\"https:\/\/crees.org.do\/#organization\",\"name\":\"CREES | Centro Regional de Estrategias Econ\u00f3micas Sostenibles\",\"url\":\"https:\/\/crees.org.do\/\",\"logo\":{\"@type\":\"ImageObject\",\"inLanguage\":\"es\",\"@id\":\"https:\/\/crees.org.do\/#\/schema\/logo\/image\/\",\"url\":\"https:\/\/crees.org.do\/wp-content\/uploads\/2022\/03\/crees-logo-1.jpg\",\"contentUrl\":\"https:\/\/crees.org.do\/wp-content\/uploads\/2022\/03\/crees-logo-1.jpg\",\"width\":244,\"height\":71,\"caption\":\"CREES | Centro Regional de Estrategias Econ\u00f3micas Sostenibles\"},\"image\":{\"@id\":\"https:\/\/crees.org.do\/#\/schema\/logo\/image\/\"},\"sameAs\":[\"https:\/\/www.facebook.com\/CREESRD\/\",\"https:\/\/x.com\/CREESRD\"]},{\"@type\":\"Person\",\"@id\":\"https:\/\/crees.org.do\/#\/schema\/person\/e7f97cd94d7bf9cd0e0ce30acb7d56b8\",\"name\":\"Crees\",\"image\":{\"@type\":\"ImageObject\",\"inLanguage\":\"es\",\"@id\":\"https:\/\/crees.org.do\/#\/schema\/person\/image\/\",\"url\":\"https:\/\/secure.gravatar.com\/avatar\/390ac8f0be5d9aa046152553e2dd7011b59a512d89c150f5e5f28bb8d9a0b165?s=96&d=mm&r=g\",\"contentUrl\":\"https:\/\/secure.gravatar.com\/avatar\/390ac8f0be5d9aa046152553e2dd7011b59a512d89c150f5e5f28bb8d9a0b165?s=96&d=mm&r=g\",\"caption\":\"Crees\"},\"url\":\"https:\/\/crees.org.do\/?author=2\"}]}<\/script>\n<!-- \/ Yoast SEO plugin. -->","yoast_head_json":{"title":"\u201cQueda claro que este a\u00f1o ser\u00e1 de menor crecimiento\u201d | CREES","robots":{"index":"index","follow":"follow","max-snippet":"max-snippet:-1","max-image-preview":"max-image-preview:large","max-video-preview":"max-video-preview:-1"},"canonical":"https:\/\/crees.org.do\/?p=20803","og_locale":"es_ES","og_type":"article","og_title":"\u201cQueda claro que este a\u00f1o ser\u00e1 de menor crecimiento\u201d | CREES","og_description":"Publicado el: Lunes 26 de agosto del 2019Autor: Mart\u00edn PolancoMiguel Collado Di Franco, economista senior del Centro Regional de Estrategias Econ\u00f3micas Sostenibles (CREES) asegura que Rep\u00fablica Dominicana ha tenido grandes oportunidades -dadas por el entorno internacional en estos \u00faltimos a\u00f1os- de las que se ha beneficiado. Pero da como un hecho, en una conversaci\u00f3n sostenida con elCaribe, que el crecimiento econ\u00f3mico del pa\u00eds este a\u00f1o 2019 ser\u00e1 menor,","og_url":"https:\/\/crees.org.do\/?p=20803","og_site_name":"CREES","article_publisher":"https:\/\/www.facebook.com\/CREESRD\/","article_published_time":"2019-01-08T00:00:00+00:00","og_image":[{"width":244,"height":71,"url":"https:\/\/crees.org.do\/wp-content\/uploads\/2022\/03\/crees-logo-1.jpg","type":"image\/jpeg"}],"author":"Crees","twitter_card":"summary_large_image","twitter_creator":"@CREESRD","twitter_site":"@CREESRD","twitter_misc":{"Escrito por":"Crees","Tiempo de lectura":"6 minutos"},"schema":{"@context":"https:\/\/schema.org","@graph":[{"@type":"Article","@id":"https:\/\/crees.org.do\/?p=20803#article","isPartOf":{"@id":"https:\/\/crees.org.do\/?p=20803"},"author":{"name":"Crees","@id":"https:\/\/crees.org.do\/#\/schema\/person\/e7f97cd94d7bf9cd0e0ce30acb7d56b8"},"headline":"\u201cQueda claro que este a\u00f1o ser\u00e1 de menor crecimiento\u201d","datePublished":"2019-01-08T00:00:00+00:00","mainEntityOfPage":{"@id":"https:\/\/crees.org.do\/?p=20803"},"wordCount":1286,"commentCount":0,"publisher":{"@id":"https:\/\/crees.org.do\/#organization"},"articleSection":["Blog"],"inLanguage":"es"},{"@type":"WebPage","@id":"https:\/\/crees.org.do\/?p=20803","url":"https:\/\/crees.org.do\/?p=20803","name":"\u201cQueda claro que este a\u00f1o ser\u00e1 de menor crecimiento\u201d | CREES","isPartOf":{"@id":"https:\/\/crees.org.do\/#website"},"datePublished":"2019-01-08T00:00:00+00:00","breadcrumb":{"@id":"https:\/\/crees.org.do\/?p=20803#breadcrumb"},"inLanguage":"es","potentialAction":[{"@type":"ReadAction","target":["https:\/\/crees.org.do\/?p=20803"]}]},{"@type":"BreadcrumbList","@id":"https:\/\/crees.org.do\/?p=20803#breadcrumb","itemListElement":[{"@type":"ListItem","position":1,"name":"Portada","item":"https:\/\/crees.org.do\/"},{"@type":"ListItem","position":2,"name":"\u201cQueda claro que este a\u00f1o ser\u00e1 de menor crecimiento\u201d"}]},{"@type":"WebSite","@id":"https:\/\/crees.org.do\/#website","url":"https:\/\/crees.org.do\/","name":"CREES","description":"Centro Regional de Estrategias Econ\u00f3micas Sostenibles","publisher":{"@id":"https:\/\/crees.org.do\/#organization"},"potentialAction":[{"@type":"SearchAction","target":{"@type":"EntryPoint","urlTemplate":"https:\/\/crees.org.do\/?s={search_term_string}"},"query-input":{"@type":"PropertyValueSpecification","valueRequired":true,"valueName":"search_term_string"}}],"inLanguage":"es"},{"@type":"Organization","@id":"https:\/\/crees.org.do\/#organization","name":"CREES | Centro Regional de Estrategias Econ\u00f3micas Sostenibles","url":"https:\/\/crees.org.do\/","logo":{"@type":"ImageObject","inLanguage":"es","@id":"https:\/\/crees.org.do\/#\/schema\/logo\/image\/","url":"https:\/\/crees.org.do\/wp-content\/uploads\/2022\/03\/crees-logo-1.jpg","contentUrl":"https:\/\/crees.org.do\/wp-content\/uploads\/2022\/03\/crees-logo-1.jpg","width":244,"height":71,"caption":"CREES | Centro Regional de Estrategias Econ\u00f3micas Sostenibles"},"image":{"@id":"https:\/\/crees.org.do\/#\/schema\/logo\/image\/"},"sameAs":["https:\/\/www.facebook.com\/CREESRD\/","https:\/\/x.com\/CREESRD"]},{"@type":"Person","@id":"https:\/\/crees.org.do\/#\/schema\/person\/e7f97cd94d7bf9cd0e0ce30acb7d56b8","name":"Crees","image":{"@type":"ImageObject","inLanguage":"es","@id":"https:\/\/crees.org.do\/#\/schema\/person\/image\/","url":"https:\/\/secure.gravatar.com\/avatar\/390ac8f0be5d9aa046152553e2dd7011b59a512d89c150f5e5f28bb8d9a0b165?s=96&d=mm&r=g","contentUrl":"https:\/\/secure.gravatar.com\/avatar\/390ac8f0be5d9aa046152553e2dd7011b59a512d89c150f5e5f28bb8d9a0b165?s=96&d=mm&r=g","caption":"Crees"},"url":"https:\/\/crees.org.do\/?author=2"}]}},"_links":{"self":[{"href":"https:\/\/crees.org.do\/index.php?rest_route=\/wp\/v2\/posts\/20803","targetHints":{"allow":["GET"]}}],"collection":[{"href":"https:\/\/crees.org.do\/index.php?rest_route=\/wp\/v2\/posts"}],"about":[{"href":"https:\/\/crees.org.do\/index.php?rest_route=\/wp\/v2\/types\/post"}],"author":[{"embeddable":true,"href":"https:\/\/crees.org.do\/index.php?rest_route=\/wp\/v2\/users\/2"}],"replies":[{"embeddable":true,"href":"https:\/\/crees.org.do\/index.php?rest_route=%2Fwp%2Fv2%2Fcomments&post=20803"}],"version-history":[{"count":0,"href":"https:\/\/crees.org.do\/index.php?rest_route=\/wp\/v2\/posts\/20803\/revisions"}],"wp:attachment":[{"href":"https:\/\/crees.org.do\/index.php?rest_route=%2Fwp%2Fv2%2Fmedia&parent=20803"}],"wp:term":[{"taxonomy":"category","embeddable":true,"href":"https:\/\/crees.org.do\/index.php?rest_route=%2Fwp%2Fv2%2Fcategories&post=20803"},{"taxonomy":"post_tag","embeddable":true,"href":"https:\/\/crees.org.do\/index.php?rest_route=%2Fwp%2Fv2%2Ftags&post=20803"}],"curies":[{"name":"wp","href":"https:\/\/api.w.org\/{rel}","templated":true}]}}