{"id":20805,"date":"2019-01-09T00:00:00","date_gmt":"2019-01-09T00:00:00","guid":{"rendered":"https:\/\/crees.org.do\/economistas-no-tienen-claro-cual-sera-el-impacto-del-alza-petrolera-en-el-pais\/"},"modified":"2019-01-09T00:00:00","modified_gmt":"2019-01-09T00:00:00","slug":"economistas-no-tienen-claro-cual-sera-el-impacto-del-alza-petrolera-en-el-pais","status":"publish","type":"post","link":"https:\/\/crees.org.do\/?p=20805","title":{"rendered":"Economistas no tienen claro cu\u00e1l ser\u00e1 el impacto del alza petrolera en el pa\u00eds"},"content":{"rendered":"<p><span style=\"font-size:12px;\"><span style=\"font-family:verdana,geneva,sans-serif;\">Autor:&nbsp;C\u00e1ndida Acosta<\/span><\/span><\/p>\n<p><span style=\"font-size:12px;\"><span style=\"font-family:verdana,geneva,sans-serif;\">Extra\u00eddo de: List\u00edn Diario<\/span><\/span><\/p>\n<p><span style=\"font-size:12px;\"><span style=\"font-family:verdana,geneva,sans-serif;\"><span style=\"background-color: rgb(255, 255, 255); color: rgb(51, 51, 51);\">Factores externos como la guerra comercial entre Estados Unidos y China y las incertidumbres que se han generado en el comercio internacional con menor demanda fueron determinantes para el reciente aumento del d\u00f3lar en la econom\u00eda.<\/span><\/span><\/span><\/p>\n<p style=\"margin-bottom: 10px; padding: 0px; border: 0px; outline: 0px; vertical-align: baseline; color: rgb(51, 51, 51); background-color: rgb(255, 255, 255);\"><span style=\"font-size:12px;\"><span style=\"font-family:verdana,geneva,sans-serif;\">A esto se suma ahora el alza del precio del petr\u00f3leo en el mercado mundial luego del ataque con drones a una de las mayores petroleras del mundo en Arabia Saudita, como otros indicadores internos que responden al ciclo con la reposici\u00f3n de inventarios, el per\u00edodo preelectoral y la baja en la llegada de turistas producto de una campa\u00f1a medi\u00e1tica.<\/span><\/span><\/p>\n<p style=\"margin-bottom: 10px; padding: 0px; border: 0px; outline: 0px; vertical-align: baseline; color: rgb(51, 51, 51); background-color: rgb(255, 255, 255);\"><span style=\"font-size:12px;\"><span style=\"font-family:verdana,geneva,sans-serif;\">Esa combinaci\u00f3n de factores puede estar incidiendo, a juicio de los economistas Miguel Collado Di Franco, Eduardo Tejera, Antonio Ciriaco Cruz, Luis Manuel Piantini y Luis H. Vargas, con lo cual coinciden con las informaciones del Banco Central, entidad que anunci\u00f3 una inyecci\u00f3n de m\u00e1s de US$100 millones para que la divisa se mantenga estable.<\/span><\/span><\/p>\n<p style=\"margin-bottom: 10px; padding: 0px; border: 0px; outline: 0px; vertical-align: baseline; color: rgb(51, 51, 51); background-color: rgb(255, 255, 255);\"><span style=\"font-size:12px;\"><span style=\"font-family:verdana,geneva,sans-serif;\">Para Collado Di Franco sobre el alza del petr\u00f3leo hay que esperar, ya que Estados Unidos es el mayor productor con m\u00e1s de 12 millones de barriles diario y pronto Arabia Saudita volver\u00e1 a suplir la demanda, pero en el caso del d\u00f3lar cita que adem\u00e1s pudo haber incidido que por el incremento del cr\u00e9dito se generara una mayor demanda de divisas como tambi\u00e9n por un menor ritmo en las exportaciones. Di Franco reiter\u00f3 su respaldo a que las autoridades mantengan la estabilidad monetaria.<\/span><\/span><\/p>\n<p style=\"margin-bottom: 10px; padding: 0px; border: 0px; outline: 0px; vertical-align: baseline; color: rgb(51, 51, 51); background-color: rgb(255, 255, 255);\"><span style=\"font-size:12px;\"><span style=\"font-family:verdana,geneva,sans-serif;\"><strong>Alza del crudo<\/strong><br \/>Luis H. Vargas opina que en el caso del Caribe Insular, la combinaci\u00f3n de menos aprovisionamiento y escalonamiento de los precios del petr\u00f3leo ocasionar\u00eda perjuicios a la marcha de las econom\u00edas nacionales y finanzas p\u00fablicas, en una coyuntura cuantiosos faltantes de productos petroleros en Cuba, el colapso del transporte terrestre en Hait\u00ed por falta de divisas e inminente presi\u00f3n alcista de los precios de los hidrocarburos en Rep\u00fablica Dominicana y, en consecuencia, de la tasa de cambio.<\/span><\/span><\/p>\n<p style=\"margin-bottom: 10px; padding: 0px; border: 0px; outline: 0px; vertical-align: baseline; color: rgb(51, 51, 51); background-color: rgb(255, 255, 255);\"><span style=\"font-size:12px;\"><span style=\"font-family:verdana,geneva,sans-serif;\">Estima que las alzas de los precios de los combustibles en el mercado local creen condiciones a la multiplicaci\u00f3n de protestas de transportistas terrestres y usuarios de energ\u00eda el\u00e9ctrica.<\/span><\/span><\/p>\n<p style=\"margin-bottom: 10px; padding: 0px; border: 0px; outline: 0px; vertical-align: baseline; color: rgb(51, 51, 51); background-color: rgb(255, 255, 255);\"><span style=\"font-size:12px;\"><span style=\"font-family:verdana,geneva,sans-serif;\"><strong>Crudo mundial<\/strong><br \/>Algunos economistas difieren en sus proyecciones sobre el impacto del alza en el precio del petr\u00f3leo, si se mantiene o no y si afectar\u00e1 o no a la econom\u00eda dominicana en la actual coyuntura.<\/span><\/span><\/p>\n<div>&nbsp;<\/div>\n<div class=\"pvc_clear\"><\/div>\n<p class=\"pvc_stats all \" data-element-id=\"20805\" style=\"\"><i class=\"pvc-stats-icon medium\" aria-hidden=\"true\"><svg aria-hidden=\"true\" focusable=\"false\" data-prefix=\"far\" data-icon=\"chart-bar\" role=\"img\" xmlns=\"http:\/\/www.w3.org\/2000\/svg\" viewBox=\"0 0 512 512\" class=\"svg-inline--fa fa-chart-bar fa-w-16 fa-2x\"><path fill=\"currentColor\" d=\"M396.8 352h22.4c6.4 0 12.8-6.4 12.8-12.8V108.8c0-6.4-6.4-12.8-12.8-12.8h-22.4c-6.4 0-12.8 6.4-12.8 12.8v230.4c0 6.4 6.4 12.8 12.8 12.8zm-192 0h22.4c6.4 0 12.8-6.4 12.8-12.8V140.8c0-6.4-6.4-12.8-12.8-12.8h-22.4c-6.4 0-12.8 6.4-12.8 12.8v198.4c0 6.4 6.4 12.8 12.8 12.8zm96 0h22.4c6.4 0 12.8-6.4 12.8-12.8V204.8c0-6.4-6.4-12.8-12.8-12.8h-22.4c-6.4 0-12.8 6.4-12.8 12.8v134.4c0 6.4 6.4 12.8 12.8 12.8zM496 400H48V80c0-8.84-7.16-16-16-16H16C7.16 64 0 71.16 0 80v336c0 17.67 14.33 32 32 32h464c8.84 0 16-7.16 16-16v-16c0-8.84-7.16-16-16-16zm-387.2-48h22.4c6.4 0 12.8-6.4 12.8-12.8v-70.4c0-6.4-6.4-12.8-12.8-12.8h-22.4c-6.4 0-12.8 6.4-12.8 12.8v70.4c0 6.4 6.4 12.8 12.8 12.8z\" class=\"\"><\/path><\/svg><\/i> Vistas Totales&nbsp;296&nbsp;, Vistas Hoy&nbsp;1&nbsp;<\/p>\n<div class=\"pvc_clear\"><\/div>\n","protected":false},"excerpt":{"rendered":"<p>Publicado el: Martes 17 de septiembre del 2019Autor: C\u00e1ndida AcostaFactores externos como la guerra comercial entre Estados Unidos y China y las incertidumbres que se han generado en el comercio internacional con menor demanda fueron determinantes para el reciente aumento del d\u00f3lar en la econom\u00eda.<\/p>\n<div class=\"pvc_clear\"><\/div>\n<p class=\"pvc_stats all \" data-element-id=\"20805\" style=\"\"><i class=\"pvc-stats-icon medium\" aria-hidden=\"true\"><svg aria-hidden=\"true\" focusable=\"false\" data-prefix=\"far\" data-icon=\"chart-bar\" role=\"img\" xmlns=\"http:\/\/www.w3.org\/2000\/svg\" viewBox=\"0 0 512 512\" class=\"svg-inline--fa fa-chart-bar fa-w-16 fa-2x\"><path fill=\"currentColor\" d=\"M396.8 352h22.4c6.4 0 12.8-6.4 12.8-12.8V108.8c0-6.4-6.4-12.8-12.8-12.8h-22.4c-6.4 0-12.8 6.4-12.8 12.8v230.4c0 6.4 6.4 12.8 12.8 12.8zm-192 0h22.4c6.4 0 12.8-6.4 12.8-12.8V140.8c0-6.4-6.4-12.8-12.8-12.8h-22.4c-6.4 0-12.8 6.4-12.8 12.8v198.4c0 6.4 6.4 12.8 12.8 12.8zm96 0h22.4c6.4 0 12.8-6.4 12.8-12.8V204.8c0-6.4-6.4-12.8-12.8-12.8h-22.4c-6.4 0-12.8 6.4-12.8 12.8v134.4c0 6.4 6.4 12.8 12.8 12.8zM496 400H48V80c0-8.84-7.16-16-16-16H16C7.16 64 0 71.16 0 80v336c0 17.67 14.33 32 32 32h464c8.84 0 16-7.16 16-16v-16c0-8.84-7.16-16-16-16zm-387.2-48h22.4c6.4 0 12.8-6.4 12.8-12.8v-70.4c0-6.4-6.4-12.8-12.8-12.8h-22.4c-6.4 0-12.8 6.4-12.8 12.8v70.4c0 6.4 6.4 12.8 12.8 12.8z\" class=\"\"><\/path><\/svg><\/i> Vistas Totales&nbsp;296&nbsp;, Vistas Hoy&nbsp;1&nbsp;<\/p>\n<div class=\"pvc_clear\"><\/div>\n","protected":false},"author":2,"featured_media":0,"comment_status":"open","ping_status":"open","sticky":false,"template":"","format":"standard","meta":{"footnotes":""},"categories":[21],"tags":[],"class_list":["post-20805","post","type-post","status-publish","format-standard","hentry","category-blog"],"yoast_head":"<!-- This site is optimized with the Yoast SEO plugin v25.2 - https:\/\/yoast.com\/wordpress\/plugins\/seo\/ -->\n<title>Economistas no tienen claro cu\u00e1l ser\u00e1 el impacto del alza petrolera en el pa\u00eds | CREES<\/title>\n<meta name=\"robots\" content=\"index, follow, max-snippet:-1, max-image-preview:large, max-video-preview:-1\" \/>\n<link rel=\"canonical\" href=\"https:\/\/crees.org.do\/?p=20805\" \/>\n<meta property=\"og:locale\" content=\"es_ES\" \/>\n<meta property=\"og:type\" content=\"article\" \/>\n<meta property=\"og:title\" content=\"Economistas no tienen claro cu\u00e1l ser\u00e1 el impacto del alza petrolera en el pa\u00eds | CREES\" \/>\n<meta property=\"og:description\" content=\"Publicado el: Martes 17 de septiembre del 2019Autor: C\u00e1ndida AcostaFactores externos como la guerra comercial entre Estados Unidos y China y las incertidumbres que se han generado en el comercio internacional con menor demanda fueron determinantes para el reciente aumento del d\u00f3lar en la econom\u00eda.\" \/>\n<meta property=\"og:url\" content=\"https:\/\/crees.org.do\/?p=20805\" \/>\n<meta property=\"og:site_name\" content=\"CREES\" \/>\n<meta property=\"article:publisher\" content=\"https:\/\/www.facebook.com\/CREESRD\/\" \/>\n<meta property=\"article:published_time\" content=\"2019-01-09T00:00:00+00:00\" \/>\n<meta property=\"og:image\" content=\"https:\/\/crees.org.do\/wp-content\/uploads\/2022\/03\/crees-logo-1.jpg\" \/>\n\t<meta property=\"og:image:width\" content=\"244\" \/>\n\t<meta property=\"og:image:height\" content=\"71\" \/>\n\t<meta property=\"og:image:type\" content=\"image\/jpeg\" \/>\n<meta name=\"author\" content=\"Crees\" \/>\n<meta name=\"twitter:card\" content=\"summary_large_image\" \/>\n<meta name=\"twitter:creator\" content=\"@CREESRD\" \/>\n<meta name=\"twitter:site\" content=\"@CREESRD\" \/>\n<meta name=\"twitter:label1\" content=\"Escrito por\" \/>\n\t<meta name=\"twitter:data1\" content=\"Crees\" \/>\n\t<meta name=\"twitter:label2\" content=\"Tiempo de lectura\" \/>\n\t<meta name=\"twitter:data2\" content=\"2 minutos\" \/>\n<script type=\"application\/ld+json\" class=\"yoast-schema-graph\">{\"@context\":\"https:\/\/schema.org\",\"@graph\":[{\"@type\":\"Article\",\"@id\":\"https:\/\/crees.org.do\/?p=20805#article\",\"isPartOf\":{\"@id\":\"https:\/\/crees.org.do\/?p=20805\"},\"author\":{\"name\":\"Crees\",\"@id\":\"https:\/\/crees.org.do\/#\/schema\/person\/e7f97cd94d7bf9cd0e0ce30acb7d56b8\"},\"headline\":\"Economistas no tienen claro cu\u00e1l ser\u00e1 el impacto del alza petrolera en el pa\u00eds\",\"datePublished\":\"2019-01-09T00:00:00+00:00\",\"mainEntityOfPage\":{\"@id\":\"https:\/\/crees.org.do\/?p=20805\"},\"wordCount\":435,\"commentCount\":0,\"publisher\":{\"@id\":\"https:\/\/crees.org.do\/#organization\"},\"articleSection\":[\"Blog\"],\"inLanguage\":\"es\"},{\"@type\":\"WebPage\",\"@id\":\"https:\/\/crees.org.do\/?p=20805\",\"url\":\"https:\/\/crees.org.do\/?p=20805\",\"name\":\"Economistas no tienen claro cu\u00e1l ser\u00e1 el impacto del alza petrolera en el pa\u00eds | CREES\",\"isPartOf\":{\"@id\":\"https:\/\/crees.org.do\/#website\"},\"datePublished\":\"2019-01-09T00:00:00+00:00\",\"breadcrumb\":{\"@id\":\"https:\/\/crees.org.do\/?p=20805#breadcrumb\"},\"inLanguage\":\"es\",\"potentialAction\":[{\"@type\":\"ReadAction\",\"target\":[\"https:\/\/crees.org.do\/?p=20805\"]}]},{\"@type\":\"BreadcrumbList\",\"@id\":\"https:\/\/crees.org.do\/?p=20805#breadcrumb\",\"itemListElement\":[{\"@type\":\"ListItem\",\"position\":1,\"name\":\"Portada\",\"item\":\"https:\/\/crees.org.do\/\"},{\"@type\":\"ListItem\",\"position\":2,\"name\":\"Economistas no tienen claro cu\u00e1l ser\u00e1 el impacto del alza petrolera en el pa\u00eds\"}]},{\"@type\":\"WebSite\",\"@id\":\"https:\/\/crees.org.do\/#website\",\"url\":\"https:\/\/crees.org.do\/\",\"name\":\"CREES\",\"description\":\"Centro Regional de Estrategias Econ\u00f3micas Sostenibles\",\"publisher\":{\"@id\":\"https:\/\/crees.org.do\/#organization\"},\"potentialAction\":[{\"@type\":\"SearchAction\",\"target\":{\"@type\":\"EntryPoint\",\"urlTemplate\":\"https:\/\/crees.org.do\/?s={search_term_string}\"},\"query-input\":{\"@type\":\"PropertyValueSpecification\",\"valueRequired\":true,\"valueName\":\"search_term_string\"}}],\"inLanguage\":\"es\"},{\"@type\":\"Organization\",\"@id\":\"https:\/\/crees.org.do\/#organization\",\"name\":\"CREES | Centro Regional de Estrategias Econ\u00f3micas Sostenibles\",\"url\":\"https:\/\/crees.org.do\/\",\"logo\":{\"@type\":\"ImageObject\",\"inLanguage\":\"es\",\"@id\":\"https:\/\/crees.org.do\/#\/schema\/logo\/image\/\",\"url\":\"https:\/\/crees.org.do\/wp-content\/uploads\/2022\/03\/crees-logo-1.jpg\",\"contentUrl\":\"https:\/\/crees.org.do\/wp-content\/uploads\/2022\/03\/crees-logo-1.jpg\",\"width\":244,\"height\":71,\"caption\":\"CREES | Centro Regional de Estrategias Econ\u00f3micas Sostenibles\"},\"image\":{\"@id\":\"https:\/\/crees.org.do\/#\/schema\/logo\/image\/\"},\"sameAs\":[\"https:\/\/www.facebook.com\/CREESRD\/\",\"https:\/\/x.com\/CREESRD\"]},{\"@type\":\"Person\",\"@id\":\"https:\/\/crees.org.do\/#\/schema\/person\/e7f97cd94d7bf9cd0e0ce30acb7d56b8\",\"name\":\"Crees\",\"image\":{\"@type\":\"ImageObject\",\"inLanguage\":\"es\",\"@id\":\"https:\/\/crees.org.do\/#\/schema\/person\/image\/\",\"url\":\"https:\/\/secure.gravatar.com\/avatar\/390ac8f0be5d9aa046152553e2dd7011b59a512d89c150f5e5f28bb8d9a0b165?s=96&d=mm&r=g\",\"contentUrl\":\"https:\/\/secure.gravatar.com\/avatar\/390ac8f0be5d9aa046152553e2dd7011b59a512d89c150f5e5f28bb8d9a0b165?s=96&d=mm&r=g\",\"caption\":\"Crees\"},\"url\":\"https:\/\/crees.org.do\/?author=2\"}]}<\/script>\n<!-- \/ Yoast SEO plugin. -->","yoast_head_json":{"title":"Economistas no tienen claro cu\u00e1l ser\u00e1 el impacto del alza petrolera en el pa\u00eds | CREES","robots":{"index":"index","follow":"follow","max-snippet":"max-snippet:-1","max-image-preview":"max-image-preview:large","max-video-preview":"max-video-preview:-1"},"canonical":"https:\/\/crees.org.do\/?p=20805","og_locale":"es_ES","og_type":"article","og_title":"Economistas no tienen claro cu\u00e1l ser\u00e1 el impacto del alza petrolera en el pa\u00eds | CREES","og_description":"Publicado el: Martes 17 de septiembre del 2019Autor: C\u00e1ndida AcostaFactores externos como la guerra comercial entre Estados Unidos y China y las incertidumbres que se han generado en el comercio internacional con menor demanda fueron determinantes para el reciente aumento del d\u00f3lar en la econom\u00eda.","og_url":"https:\/\/crees.org.do\/?p=20805","og_site_name":"CREES","article_publisher":"https:\/\/www.facebook.com\/CREESRD\/","article_published_time":"2019-01-09T00:00:00+00:00","og_image":[{"width":244,"height":71,"url":"https:\/\/crees.org.do\/wp-content\/uploads\/2022\/03\/crees-logo-1.jpg","type":"image\/jpeg"}],"author":"Crees","twitter_card":"summary_large_image","twitter_creator":"@CREESRD","twitter_site":"@CREESRD","twitter_misc":{"Escrito por":"Crees","Tiempo de lectura":"2 minutos"},"schema":{"@context":"https:\/\/schema.org","@graph":[{"@type":"Article","@id":"https:\/\/crees.org.do\/?p=20805#article","isPartOf":{"@id":"https:\/\/crees.org.do\/?p=20805"},"author":{"name":"Crees","@id":"https:\/\/crees.org.do\/#\/schema\/person\/e7f97cd94d7bf9cd0e0ce30acb7d56b8"},"headline":"Economistas no tienen claro cu\u00e1l ser\u00e1 el impacto del alza petrolera en el pa\u00eds","datePublished":"2019-01-09T00:00:00+00:00","mainEntityOfPage":{"@id":"https:\/\/crees.org.do\/?p=20805"},"wordCount":435,"commentCount":0,"publisher":{"@id":"https:\/\/crees.org.do\/#organization"},"articleSection":["Blog"],"inLanguage":"es"},{"@type":"WebPage","@id":"https:\/\/crees.org.do\/?p=20805","url":"https:\/\/crees.org.do\/?p=20805","name":"Economistas no tienen claro cu\u00e1l ser\u00e1 el impacto del alza petrolera en el pa\u00eds | CREES","isPartOf":{"@id":"https:\/\/crees.org.do\/#website"},"datePublished":"2019-01-09T00:00:00+00:00","breadcrumb":{"@id":"https:\/\/crees.org.do\/?p=20805#breadcrumb"},"inLanguage":"es","potentialAction":[{"@type":"ReadAction","target":["https:\/\/crees.org.do\/?p=20805"]}]},{"@type":"BreadcrumbList","@id":"https:\/\/crees.org.do\/?p=20805#breadcrumb","itemListElement":[{"@type":"ListItem","position":1,"name":"Portada","item":"https:\/\/crees.org.do\/"},{"@type":"ListItem","position":2,"name":"Economistas no tienen claro cu\u00e1l ser\u00e1 el impacto del alza petrolera en el pa\u00eds"}]},{"@type":"WebSite","@id":"https:\/\/crees.org.do\/#website","url":"https:\/\/crees.org.do\/","name":"CREES","description":"Centro Regional de Estrategias Econ\u00f3micas Sostenibles","publisher":{"@id":"https:\/\/crees.org.do\/#organization"},"potentialAction":[{"@type":"SearchAction","target":{"@type":"EntryPoint","urlTemplate":"https:\/\/crees.org.do\/?s={search_term_string}"},"query-input":{"@type":"PropertyValueSpecification","valueRequired":true,"valueName":"search_term_string"}}],"inLanguage":"es"},{"@type":"Organization","@id":"https:\/\/crees.org.do\/#organization","name":"CREES | Centro Regional de Estrategias Econ\u00f3micas Sostenibles","url":"https:\/\/crees.org.do\/","logo":{"@type":"ImageObject","inLanguage":"es","@id":"https:\/\/crees.org.do\/#\/schema\/logo\/image\/","url":"https:\/\/crees.org.do\/wp-content\/uploads\/2022\/03\/crees-logo-1.jpg","contentUrl":"https:\/\/crees.org.do\/wp-content\/uploads\/2022\/03\/crees-logo-1.jpg","width":244,"height":71,"caption":"CREES | Centro Regional de Estrategias Econ\u00f3micas Sostenibles"},"image":{"@id":"https:\/\/crees.org.do\/#\/schema\/logo\/image\/"},"sameAs":["https:\/\/www.facebook.com\/CREESRD\/","https:\/\/x.com\/CREESRD"]},{"@type":"Person","@id":"https:\/\/crees.org.do\/#\/schema\/person\/e7f97cd94d7bf9cd0e0ce30acb7d56b8","name":"Crees","image":{"@type":"ImageObject","inLanguage":"es","@id":"https:\/\/crees.org.do\/#\/schema\/person\/image\/","url":"https:\/\/secure.gravatar.com\/avatar\/390ac8f0be5d9aa046152553e2dd7011b59a512d89c150f5e5f28bb8d9a0b165?s=96&d=mm&r=g","contentUrl":"https:\/\/secure.gravatar.com\/avatar\/390ac8f0be5d9aa046152553e2dd7011b59a512d89c150f5e5f28bb8d9a0b165?s=96&d=mm&r=g","caption":"Crees"},"url":"https:\/\/crees.org.do\/?author=2"}]}},"_links":{"self":[{"href":"https:\/\/crees.org.do\/index.php?rest_route=\/wp\/v2\/posts\/20805","targetHints":{"allow":["GET"]}}],"collection":[{"href":"https:\/\/crees.org.do\/index.php?rest_route=\/wp\/v2\/posts"}],"about":[{"href":"https:\/\/crees.org.do\/index.php?rest_route=\/wp\/v2\/types\/post"}],"author":[{"embeddable":true,"href":"https:\/\/crees.org.do\/index.php?rest_route=\/wp\/v2\/users\/2"}],"replies":[{"embeddable":true,"href":"https:\/\/crees.org.do\/index.php?rest_route=%2Fwp%2Fv2%2Fcomments&post=20805"}],"version-history":[{"count":0,"href":"https:\/\/crees.org.do\/index.php?rest_route=\/wp\/v2\/posts\/20805\/revisions"}],"wp:attachment":[{"href":"https:\/\/crees.org.do\/index.php?rest_route=%2Fwp%2Fv2%2Fmedia&parent=20805"}],"wp:term":[{"taxonomy":"category","embeddable":true,"href":"https:\/\/crees.org.do\/index.php?rest_route=%2Fwp%2Fv2%2Fcategories&post=20805"},{"taxonomy":"post_tag","embeddable":true,"href":"https:\/\/crees.org.do\/index.php?rest_route=%2Fwp%2Fv2%2Ftags&post=20805"}],"curies":[{"name":"wp","href":"https:\/\/api.w.org\/{rel}","templated":true}]}}