{"id":20807,"date":"2019-01-09T00:00:00","date_gmt":"2019-01-09T00:00:00","guid":{"rendered":"https:\/\/crees.org.do\/medida-del-banco-central-demuestra-inquietud-por-desempeno-economico-dicen-economistas\/"},"modified":"2019-01-09T00:00:00","modified_gmt":"2019-01-09T00:00:00","slug":"medida-del-banco-central-demuestra-inquietud-por-desempeno-economico-dicen-economistas","status":"publish","type":"post","link":"https:\/\/crees.org.do\/?p=20807","title":{"rendered":"Medida del Banco Central demuestra inquietud por desempe\u00f1o econ\u00f3mico, dicen economistas"},"content":{"rendered":"<p><span style=\"font-size:12px;\"><span style=\"font-family:verdana,geneva,sans-serif;\">Autor:&nbsp;Suhelis Tejero Puntes<\/span><\/span><\/p>\n<p><span style=\"font-size:12px;\"><span style=\"font-family:verdana,geneva,sans-serif;\">Extra\u00eddo de: Diario Libre<\/span><\/span><\/p>\n<p style=\"box-sizing: inherit; margin-bottom: 1rem; font-size: 18px; color: rgb(0, 0, 0); font-family: Roboto, Arial, sans-serif; background-color: rgb(255, 255, 255);\"><span style=\"font-size:12px;\"><span style=\"font-family:verdana,geneva,sans-serif;\">Economistas consideran que la decisi\u00f3n de darle m\u00e1s libertad a los bancos para colocar los recursos liberados del encaje legal demuestran la inquietud que existe entre las autoridades por el desempe\u00f1o de la econom\u00eda.<\/span><\/span><\/p>\n<p style=\"box-sizing: inherit; margin-bottom: 1rem; font-size: 18px; color: rgb(0, 0, 0); font-family: Roboto, Arial, sans-serif; background-color: rgb(255, 255, 255);\"><span style=\"font-size:12px;\"><span style=\"font-family:verdana,geneva,sans-serif;\"><span style=\"box-sizing: inherit; font-weight: bolder;\">Antonio Ciriaco<\/span>,&nbsp;<span style=\"box-sizing: inherit; font-weight: bolder;\">vicedecano de la Facultad de Econom\u00eda de la Universidad Aut\u00f3noma de Santo Domingo (UASD)<\/span>, explic\u00f3 que la medida indica la preocupaci\u00f3n que existe en el gobierno de que la econom\u00eda no est\u00e1 respondiendo como antes. &ldquo;El Banco Central est\u00e1 tratando de agilizar y destinar recursos a un sector que en los \u00faltimos a\u00f1os ha crecido por encima de los niveles promedio de la econom\u00eda&rdquo;, dijo.<\/span><\/span><\/p>\n<p style=\"box-sizing: inherit; margin-bottom: 1rem; font-size: 18px; color: rgb(0, 0, 0); font-family: Roboto, Arial, sans-serif; background-color: rgb(255, 255, 255);\"><span style=\"font-size:12px;\"><span style=\"font-family:verdana,geneva,sans-serif;\">El Banco Central de la Rep\u00fablica Dominicana (BCRD) dio a conocer la decisi\u00f3n este jueves, a trav\u00e9s de una carta a la Asociaci\u00f3n de Bancos Comerciales (ABA) en la que admite que la misma se tom\u00f3 con la finalidad de que los recursos &ldquo;sean utilizados a un ritmo mayor del observado&rdquo;.<\/span><\/span><\/p>\n<p style=\"box-sizing: inherit; margin-bottom: 1rem; font-size: 18px; color: rgb(0, 0, 0); font-family: Roboto, Arial, sans-serif; background-color: rgb(255, 255, 255);\"><span style=\"font-size:12px;\"><span style=\"font-family:verdana,geneva,sans-serif;\">Ciriaco cree que el emisor ha hecho todo lo que puede y ha generado la situaci\u00f3n m\u00e1s propicia para que las personas y empresas tomen pr\u00e9stamos, pero aun as\u00ed la gente no se ha animado.<\/span><\/span><\/p>\n<p style=\"box-sizing: inherit; margin-bottom: 1rem; font-size: 18px; color: rgb(0, 0, 0); font-family: Roboto, Arial, sans-serif; background-color: rgb(255, 255, 255);\"><span style=\"font-size:12px;\"><span style=\"font-family:verdana,geneva,sans-serif;\">El economista considera que la situaci\u00f3n pol\u00edtica interna est\u00e1 generado mucha incertidumbre, a lo que se une un entorno internacional dominado por la guerra comercial entre China y Estados Unidos y un menor crecimiento global. &ldquo;No hab\u00eda visto antes al Banco Central tomar tantas medidas en tan poco tiempo&rdquo;, record\u00f3 el vicedecano de la Facultad de Econom\u00eda de la UASD.<\/span><\/span><\/p>\n<p style=\"box-sizing: inherit; margin-bottom: 1rem; font-size: 18px; color: rgb(0, 0, 0); font-family: Roboto, Arial, sans-serif; background-color: rgb(255, 255, 255);\"><span style=\"font-size:12px;\"><span style=\"font-family:verdana,geneva,sans-serif;\">Por su parte, el economista del Centro Regional de Estrategias Econ\u00f3micas Sostenibles (Crees), Miguel Collado, dijo que el sector de viviendas no es tan din\u00e1mico porque depende de situaciones como las expectativas, los intereses y la disponibilidad de ingresos de las familias, y que por ello se aplican esas flexibilizaciones en la entrega del encaje bancario liberado. &ldquo;Aparentemente, el Banco Central quiere acelerar la entrega de esos recursos porque a la fecha se ha entregado 23 % del monto destinado a esa actividad&rdquo;, dijo.<\/span><\/span><\/p>\n<p style=\"box-sizing: inherit; margin-bottom: 1rem; font-size: 18px; color: rgb(0, 0, 0); font-family: Roboto, Arial, sans-serif; background-color: rgb(255, 255, 255);\"><span style=\"font-size:12px;\"><span style=\"font-family:verdana,geneva,sans-serif;\"><span style=\"box-sizing: inherit; font-weight: bolder;\">Medidas contradictorias<\/span><\/span><\/span><\/p>\n<p style=\"box-sizing: inherit; margin-bottom: 1rem; font-size: 18px; color: rgb(0, 0, 0); font-family: Roboto, Arial, sans-serif; background-color: rgb(255, 255, 255);\"><span style=\"font-size:12px;\"><span style=\"font-family:verdana,geneva,sans-serif;\">Para cr\u00e9ditos a la construcci\u00f3n y adquisici\u00f3n de viviendas se liberaron RD$13,554.9 millones, de los cuales se han asignado RD$3,149.3 millones. El dinero liberado total por encaje legal es de RD$34,364.6 millones, de manera que el dinero dirigido al sector de viviendas es 40 % del total.<\/span><\/span><\/p>\n<p style=\"box-sizing: inherit; margin-bottom: 1rem; font-size: 18px; color: rgb(0, 0, 0); font-family: Roboto, Arial, sans-serif; background-color: rgb(255, 255, 255);\"><span style=\"font-size:12px;\"><span style=\"font-family:verdana,geneva,sans-serif;\">Se espera que la medida ayude a dinamizar a una econom\u00eda que est\u00e1 creciendo este a\u00f1o con menos fuerza. Entre enero y julio el \u00cdndice Mensual de Actividad Econ\u00f3mica (IMAE) ha registrado un acumulado de 4.7 %, pero hace un a\u00f1o el crecimiento para ese mismo lapso era de 7.2 %.<\/span><\/span><\/p>\n<p style=\"box-sizing: inherit; margin-bottom: 1rem; font-size: 18px; color: rgb(0, 0, 0); font-family: Roboto, Arial, sans-serif; background-color: rgb(255, 255, 255);\"><span style=\"font-size:12px;\"><span style=\"font-family:verdana,geneva,sans-serif;\">No obstante, Collado cree que el emisor est\u00e1 aplicando medidas contradictorias entre s\u00ed. Por un lado libera y flexibiliza las condiciones del encaje bancario y, por otro lado, anuncia que inyectar\u00e1 m\u00e1s de US$100 millones al mercado cambiario. Es decir, considera el economista, por una parte el Banco Central aumenta la liquidez y por otro intenta recogerla.<\/span><\/span><\/p>\n<p style=\"box-sizing: inherit; margin-bottom: 1rem; font-size: 18px; color: rgb(0, 0, 0); font-family: Roboto, Arial, sans-serif; background-color: rgb(255, 255, 255);\"><span style=\"font-size:12px;\"><span style=\"font-family:verdana,geneva,sans-serif;\"><span style=\"box-sizing: inherit; font-weight: bolder;\">&ldquo;Pol\u00edticas de remiendo&rdquo;<\/span><\/span><\/span><\/p>\n<p style=\"box-sizing: inherit; margin-bottom: 1rem; font-size: 18px; color: rgb(0, 0, 0); font-family: Roboto, Arial, sans-serif; background-color: rgb(255, 255, 255);\"><span style=\"font-size:12px;\"><span style=\"font-family:verdana,geneva,sans-serif;\">Para el economista Apolinar Veloz, ex gerente general del BCRD, los anuncios de flexibilizaci\u00f3n del encaje legal, al igual que el de la inyecci\u00f3n de m\u00e1s de US$100 millones para estabilizar el mercado cambiario, &ldquo;constituyen pol\u00edticas de remiendo, que resultan altamente costosas para los contribuyentes dominicanos&rdquo;. Explic\u00f3 que el BCRD debe cumplir con la recomendaci\u00f3n del Fondo Monetario Internacional de seguir comprando divisas, de manera que cuando tenga que restablecer el nivel de las mismas, lo har\u00e1 comprando d\u00f3lares en el mercado financiero, por los que deber\u00e1 pagar una tasa de inter\u00e9s debido a que lo logra colocando certificados.<\/span><\/span><\/p>\n<p style=\"box-sizing: inherit; margin-bottom: 1rem; font-size: 18px; color: rgb(0, 0, 0); font-family: Roboto, Arial, sans-serif; background-color: rgb(255, 255, 255);\"><span style=\"font-size:12px;\"><span style=\"font-family:verdana,geneva,sans-serif;\">&ldquo;En otras palabras, esas divisas ni alivian ni resuelven el problema cambiario, pero la propaganda intenta resolver la escasez de divisas, por lo menos, en los medios de comunicaci\u00f3n&rdquo;, dijo Veloz.<\/span><\/span><\/p>\n<p>&nbsp;<\/p>\n<div class=\"pvc_clear\"><\/div>\n<p class=\"pvc_stats all \" data-element-id=\"20807\" style=\"\"><i class=\"pvc-stats-icon medium\" aria-hidden=\"true\"><svg aria-hidden=\"true\" focusable=\"false\" data-prefix=\"far\" data-icon=\"chart-bar\" role=\"img\" xmlns=\"http:\/\/www.w3.org\/2000\/svg\" viewBox=\"0 0 512 512\" class=\"svg-inline--fa fa-chart-bar fa-w-16 fa-2x\"><path fill=\"currentColor\" d=\"M396.8 352h22.4c6.4 0 12.8-6.4 12.8-12.8V108.8c0-6.4-6.4-12.8-12.8-12.8h-22.4c-6.4 0-12.8 6.4-12.8 12.8v230.4c0 6.4 6.4 12.8 12.8 12.8zm-192 0h22.4c6.4 0 12.8-6.4 12.8-12.8V140.8c0-6.4-6.4-12.8-12.8-12.8h-22.4c-6.4 0-12.8 6.4-12.8 12.8v198.4c0 6.4 6.4 12.8 12.8 12.8zm96 0h22.4c6.4 0 12.8-6.4 12.8-12.8V204.8c0-6.4-6.4-12.8-12.8-12.8h-22.4c-6.4 0-12.8 6.4-12.8 12.8v134.4c0 6.4 6.4 12.8 12.8 12.8zM496 400H48V80c0-8.84-7.16-16-16-16H16C7.16 64 0 71.16 0 80v336c0 17.67 14.33 32 32 32h464c8.84 0 16-7.16 16-16v-16c0-8.84-7.16-16-16-16zm-387.2-48h22.4c6.4 0 12.8-6.4 12.8-12.8v-70.4c0-6.4-6.4-12.8-12.8-12.8h-22.4c-6.4 0-12.8 6.4-12.8 12.8v70.4c0 6.4 6.4 12.8 12.8 12.8z\" class=\"\"><\/path><\/svg><\/i> Vistas Totales&nbsp;301&nbsp;, Vistas Hoy&nbsp;2&nbsp;<\/p>\n<div class=\"pvc_clear\"><\/div>\n","protected":false},"excerpt":{"rendered":"<p>Publicado el: Viernes 20 de septiembre del 2019Autor: Suhelis Tejero PuntesEconomistas consideran que la decisi\u00f3n de darle m\u00e1s libertad a los bancos para colocar los recursos liberados del encaje legal demuestran la inquietud que existe entre las autoridades por el desempe\u00f1o de la econom\u00eda.<\/p>\n<div class=\"pvc_clear\"><\/div>\n<p class=\"pvc_stats all \" data-element-id=\"20807\" style=\"\"><i class=\"pvc-stats-icon medium\" aria-hidden=\"true\"><svg aria-hidden=\"true\" focusable=\"false\" data-prefix=\"far\" data-icon=\"chart-bar\" role=\"img\" xmlns=\"http:\/\/www.w3.org\/2000\/svg\" viewBox=\"0 0 512 512\" class=\"svg-inline--fa fa-chart-bar fa-w-16 fa-2x\"><path fill=\"currentColor\" d=\"M396.8 352h22.4c6.4 0 12.8-6.4 12.8-12.8V108.8c0-6.4-6.4-12.8-12.8-12.8h-22.4c-6.4 0-12.8 6.4-12.8 12.8v230.4c0 6.4 6.4 12.8 12.8 12.8zm-192 0h22.4c6.4 0 12.8-6.4 12.8-12.8V140.8c0-6.4-6.4-12.8-12.8-12.8h-22.4c-6.4 0-12.8 6.4-12.8 12.8v198.4c0 6.4 6.4 12.8 12.8 12.8zm96 0h22.4c6.4 0 12.8-6.4 12.8-12.8V204.8c0-6.4-6.4-12.8-12.8-12.8h-22.4c-6.4 0-12.8 6.4-12.8 12.8v134.4c0 6.4 6.4 12.8 12.8 12.8zM496 400H48V80c0-8.84-7.16-16-16-16H16C7.16 64 0 71.16 0 80v336c0 17.67 14.33 32 32 32h464c8.84 0 16-7.16 16-16v-16c0-8.84-7.16-16-16-16zm-387.2-48h22.4c6.4 0 12.8-6.4 12.8-12.8v-70.4c0-6.4-6.4-12.8-12.8-12.8h-22.4c-6.4 0-12.8 6.4-12.8 12.8v70.4c0 6.4 6.4 12.8 12.8 12.8z\" class=\"\"><\/path><\/svg><\/i> Vistas Totales&nbsp;301&nbsp;, Vistas Hoy&nbsp;2&nbsp;<\/p>\n<div class=\"pvc_clear\"><\/div>\n","protected":false},"author":2,"featured_media":0,"comment_status":"open","ping_status":"open","sticky":false,"template":"","format":"standard","meta":{"footnotes":""},"categories":[21],"tags":[],"class_list":["post-20807","post","type-post","status-publish","format-standard","hentry","category-blog"],"yoast_head":"<!-- This site is optimized with the Yoast SEO plugin v25.2 - https:\/\/yoast.com\/wordpress\/plugins\/seo\/ -->\n<title>Medida del Banco Central demuestra inquietud por desempe\u00f1o econ\u00f3mico, dicen economistas | CREES<\/title>\n<meta name=\"robots\" content=\"index, follow, max-snippet:-1, max-image-preview:large, max-video-preview:-1\" \/>\n<link rel=\"canonical\" href=\"https:\/\/crees.org.do\/?p=20807\" \/>\n<meta property=\"og:locale\" content=\"es_ES\" \/>\n<meta property=\"og:type\" content=\"article\" \/>\n<meta property=\"og:title\" content=\"Medida del Banco Central demuestra inquietud por desempe\u00f1o econ\u00f3mico, dicen economistas | CREES\" \/>\n<meta property=\"og:description\" content=\"Publicado el: Viernes 20 de septiembre del 2019Autor: Suhelis Tejero PuntesEconomistas consideran que la decisi\u00f3n de darle m\u00e1s libertad a los bancos para colocar los recursos liberados del encaje legal demuestran la inquietud que existe entre las autoridades por el desempe\u00f1o de la econom\u00eda.\" \/>\n<meta property=\"og:url\" content=\"https:\/\/crees.org.do\/?p=20807\" \/>\n<meta property=\"og:site_name\" content=\"CREES\" \/>\n<meta property=\"article:publisher\" content=\"https:\/\/www.facebook.com\/CREESRD\/\" \/>\n<meta property=\"article:published_time\" content=\"2019-01-09T00:00:00+00:00\" \/>\n<meta property=\"og:image\" content=\"https:\/\/crees.org.do\/wp-content\/uploads\/2022\/03\/crees-logo-1.jpg\" \/>\n\t<meta property=\"og:image:width\" content=\"244\" \/>\n\t<meta property=\"og:image:height\" content=\"71\" \/>\n\t<meta property=\"og:image:type\" content=\"image\/jpeg\" \/>\n<meta name=\"author\" content=\"Crees\" \/>\n<meta name=\"twitter:card\" content=\"summary_large_image\" \/>\n<meta name=\"twitter:creator\" content=\"@CREESRD\" \/>\n<meta name=\"twitter:site\" content=\"@CREESRD\" \/>\n<meta name=\"twitter:label1\" content=\"Escrito por\" \/>\n\t<meta name=\"twitter:data1\" content=\"Crees\" \/>\n\t<meta name=\"twitter:label2\" content=\"Tiempo de lectura\" \/>\n\t<meta name=\"twitter:data2\" content=\"3 minutos\" \/>\n<script type=\"application\/ld+json\" class=\"yoast-schema-graph\">{\"@context\":\"https:\/\/schema.org\",\"@graph\":[{\"@type\":\"Article\",\"@id\":\"https:\/\/crees.org.do\/?p=20807#article\",\"isPartOf\":{\"@id\":\"https:\/\/crees.org.do\/?p=20807\"},\"author\":{\"name\":\"Crees\",\"@id\":\"https:\/\/crees.org.do\/#\/schema\/person\/e7f97cd94d7bf9cd0e0ce30acb7d56b8\"},\"headline\":\"Medida del Banco Central demuestra inquietud por desempe\u00f1o econ\u00f3mico, dicen economistas\",\"datePublished\":\"2019-01-09T00:00:00+00:00\",\"mainEntityOfPage\":{\"@id\":\"https:\/\/crees.org.do\/?p=20807\"},\"wordCount\":692,\"commentCount\":0,\"publisher\":{\"@id\":\"https:\/\/crees.org.do\/#organization\"},\"articleSection\":[\"Blog\"],\"inLanguage\":\"es\"},{\"@type\":\"WebPage\",\"@id\":\"https:\/\/crees.org.do\/?p=20807\",\"url\":\"https:\/\/crees.org.do\/?p=20807\",\"name\":\"Medida del Banco Central demuestra inquietud por desempe\u00f1o econ\u00f3mico, dicen economistas | CREES\",\"isPartOf\":{\"@id\":\"https:\/\/crees.org.do\/#website\"},\"datePublished\":\"2019-01-09T00:00:00+00:00\",\"breadcrumb\":{\"@id\":\"https:\/\/crees.org.do\/?p=20807#breadcrumb\"},\"inLanguage\":\"es\",\"potentialAction\":[{\"@type\":\"ReadAction\",\"target\":[\"https:\/\/crees.org.do\/?p=20807\"]}]},{\"@type\":\"BreadcrumbList\",\"@id\":\"https:\/\/crees.org.do\/?p=20807#breadcrumb\",\"itemListElement\":[{\"@type\":\"ListItem\",\"position\":1,\"name\":\"Portada\",\"item\":\"https:\/\/crees.org.do\/\"},{\"@type\":\"ListItem\",\"position\":2,\"name\":\"Medida del Banco Central demuestra inquietud por desempe\u00f1o econ\u00f3mico, dicen economistas\"}]},{\"@type\":\"WebSite\",\"@id\":\"https:\/\/crees.org.do\/#website\",\"url\":\"https:\/\/crees.org.do\/\",\"name\":\"CREES\",\"description\":\"Centro Regional de Estrategias Econ\u00f3micas Sostenibles\",\"publisher\":{\"@id\":\"https:\/\/crees.org.do\/#organization\"},\"potentialAction\":[{\"@type\":\"SearchAction\",\"target\":{\"@type\":\"EntryPoint\",\"urlTemplate\":\"https:\/\/crees.org.do\/?s={search_term_string}\"},\"query-input\":{\"@type\":\"PropertyValueSpecification\",\"valueRequired\":true,\"valueName\":\"search_term_string\"}}],\"inLanguage\":\"es\"},{\"@type\":\"Organization\",\"@id\":\"https:\/\/crees.org.do\/#organization\",\"name\":\"CREES | Centro Regional de Estrategias Econ\u00f3micas Sostenibles\",\"url\":\"https:\/\/crees.org.do\/\",\"logo\":{\"@type\":\"ImageObject\",\"inLanguage\":\"es\",\"@id\":\"https:\/\/crees.org.do\/#\/schema\/logo\/image\/\",\"url\":\"https:\/\/crees.org.do\/wp-content\/uploads\/2022\/03\/crees-logo-1.jpg\",\"contentUrl\":\"https:\/\/crees.org.do\/wp-content\/uploads\/2022\/03\/crees-logo-1.jpg\",\"width\":244,\"height\":71,\"caption\":\"CREES | Centro Regional de Estrategias Econ\u00f3micas Sostenibles\"},\"image\":{\"@id\":\"https:\/\/crees.org.do\/#\/schema\/logo\/image\/\"},\"sameAs\":[\"https:\/\/www.facebook.com\/CREESRD\/\",\"https:\/\/x.com\/CREESRD\"]},{\"@type\":\"Person\",\"@id\":\"https:\/\/crees.org.do\/#\/schema\/person\/e7f97cd94d7bf9cd0e0ce30acb7d56b8\",\"name\":\"Crees\",\"image\":{\"@type\":\"ImageObject\",\"inLanguage\":\"es\",\"@id\":\"https:\/\/crees.org.do\/#\/schema\/person\/image\/\",\"url\":\"https:\/\/secure.gravatar.com\/avatar\/390ac8f0be5d9aa046152553e2dd7011b59a512d89c150f5e5f28bb8d9a0b165?s=96&d=mm&r=g\",\"contentUrl\":\"https:\/\/secure.gravatar.com\/avatar\/390ac8f0be5d9aa046152553e2dd7011b59a512d89c150f5e5f28bb8d9a0b165?s=96&d=mm&r=g\",\"caption\":\"Crees\"},\"url\":\"https:\/\/crees.org.do\/?author=2\"}]}<\/script>\n<!-- \/ Yoast SEO plugin. -->","yoast_head_json":{"title":"Medida del Banco Central demuestra inquietud por desempe\u00f1o econ\u00f3mico, dicen economistas | CREES","robots":{"index":"index","follow":"follow","max-snippet":"max-snippet:-1","max-image-preview":"max-image-preview:large","max-video-preview":"max-video-preview:-1"},"canonical":"https:\/\/crees.org.do\/?p=20807","og_locale":"es_ES","og_type":"article","og_title":"Medida del Banco Central demuestra inquietud por desempe\u00f1o econ\u00f3mico, dicen economistas | CREES","og_description":"Publicado el: Viernes 20 de septiembre del 2019Autor: Suhelis Tejero PuntesEconomistas consideran que la decisi\u00f3n de darle m\u00e1s libertad a los bancos para colocar los recursos liberados del encaje legal demuestran la inquietud que existe entre las autoridades por el desempe\u00f1o de la econom\u00eda.","og_url":"https:\/\/crees.org.do\/?p=20807","og_site_name":"CREES","article_publisher":"https:\/\/www.facebook.com\/CREESRD\/","article_published_time":"2019-01-09T00:00:00+00:00","og_image":[{"width":244,"height":71,"url":"https:\/\/crees.org.do\/wp-content\/uploads\/2022\/03\/crees-logo-1.jpg","type":"image\/jpeg"}],"author":"Crees","twitter_card":"summary_large_image","twitter_creator":"@CREESRD","twitter_site":"@CREESRD","twitter_misc":{"Escrito por":"Crees","Tiempo de lectura":"3 minutos"},"schema":{"@context":"https:\/\/schema.org","@graph":[{"@type":"Article","@id":"https:\/\/crees.org.do\/?p=20807#article","isPartOf":{"@id":"https:\/\/crees.org.do\/?p=20807"},"author":{"name":"Crees","@id":"https:\/\/crees.org.do\/#\/schema\/person\/e7f97cd94d7bf9cd0e0ce30acb7d56b8"},"headline":"Medida del Banco Central demuestra inquietud por desempe\u00f1o econ\u00f3mico, dicen economistas","datePublished":"2019-01-09T00:00:00+00:00","mainEntityOfPage":{"@id":"https:\/\/crees.org.do\/?p=20807"},"wordCount":692,"commentCount":0,"publisher":{"@id":"https:\/\/crees.org.do\/#organization"},"articleSection":["Blog"],"inLanguage":"es"},{"@type":"WebPage","@id":"https:\/\/crees.org.do\/?p=20807","url":"https:\/\/crees.org.do\/?p=20807","name":"Medida del Banco Central demuestra inquietud por desempe\u00f1o econ\u00f3mico, dicen economistas | CREES","isPartOf":{"@id":"https:\/\/crees.org.do\/#website"},"datePublished":"2019-01-09T00:00:00+00:00","breadcrumb":{"@id":"https:\/\/crees.org.do\/?p=20807#breadcrumb"},"inLanguage":"es","potentialAction":[{"@type":"ReadAction","target":["https:\/\/crees.org.do\/?p=20807"]}]},{"@type":"BreadcrumbList","@id":"https:\/\/crees.org.do\/?p=20807#breadcrumb","itemListElement":[{"@type":"ListItem","position":1,"name":"Portada","item":"https:\/\/crees.org.do\/"},{"@type":"ListItem","position":2,"name":"Medida del Banco Central demuestra inquietud por desempe\u00f1o econ\u00f3mico, dicen economistas"}]},{"@type":"WebSite","@id":"https:\/\/crees.org.do\/#website","url":"https:\/\/crees.org.do\/","name":"CREES","description":"Centro Regional de Estrategias Econ\u00f3micas Sostenibles","publisher":{"@id":"https:\/\/crees.org.do\/#organization"},"potentialAction":[{"@type":"SearchAction","target":{"@type":"EntryPoint","urlTemplate":"https:\/\/crees.org.do\/?s={search_term_string}"},"query-input":{"@type":"PropertyValueSpecification","valueRequired":true,"valueName":"search_term_string"}}],"inLanguage":"es"},{"@type":"Organization","@id":"https:\/\/crees.org.do\/#organization","name":"CREES | Centro Regional de Estrategias Econ\u00f3micas Sostenibles","url":"https:\/\/crees.org.do\/","logo":{"@type":"ImageObject","inLanguage":"es","@id":"https:\/\/crees.org.do\/#\/schema\/logo\/image\/","url":"https:\/\/crees.org.do\/wp-content\/uploads\/2022\/03\/crees-logo-1.jpg","contentUrl":"https:\/\/crees.org.do\/wp-content\/uploads\/2022\/03\/crees-logo-1.jpg","width":244,"height":71,"caption":"CREES | Centro Regional de Estrategias Econ\u00f3micas Sostenibles"},"image":{"@id":"https:\/\/crees.org.do\/#\/schema\/logo\/image\/"},"sameAs":["https:\/\/www.facebook.com\/CREESRD\/","https:\/\/x.com\/CREESRD"]},{"@type":"Person","@id":"https:\/\/crees.org.do\/#\/schema\/person\/e7f97cd94d7bf9cd0e0ce30acb7d56b8","name":"Crees","image":{"@type":"ImageObject","inLanguage":"es","@id":"https:\/\/crees.org.do\/#\/schema\/person\/image\/","url":"https:\/\/secure.gravatar.com\/avatar\/390ac8f0be5d9aa046152553e2dd7011b59a512d89c150f5e5f28bb8d9a0b165?s=96&d=mm&r=g","contentUrl":"https:\/\/secure.gravatar.com\/avatar\/390ac8f0be5d9aa046152553e2dd7011b59a512d89c150f5e5f28bb8d9a0b165?s=96&d=mm&r=g","caption":"Crees"},"url":"https:\/\/crees.org.do\/?author=2"}]}},"_links":{"self":[{"href":"https:\/\/crees.org.do\/index.php?rest_route=\/wp\/v2\/posts\/20807","targetHints":{"allow":["GET"]}}],"collection":[{"href":"https:\/\/crees.org.do\/index.php?rest_route=\/wp\/v2\/posts"}],"about":[{"href":"https:\/\/crees.org.do\/index.php?rest_route=\/wp\/v2\/types\/post"}],"author":[{"embeddable":true,"href":"https:\/\/crees.org.do\/index.php?rest_route=\/wp\/v2\/users\/2"}],"replies":[{"embeddable":true,"href":"https:\/\/crees.org.do\/index.php?rest_route=%2Fwp%2Fv2%2Fcomments&post=20807"}],"version-history":[{"count":0,"href":"https:\/\/crees.org.do\/index.php?rest_route=\/wp\/v2\/posts\/20807\/revisions"}],"wp:attachment":[{"href":"https:\/\/crees.org.do\/index.php?rest_route=%2Fwp%2Fv2%2Fmedia&parent=20807"}],"wp:term":[{"taxonomy":"category","embeddable":true,"href":"https:\/\/crees.org.do\/index.php?rest_route=%2Fwp%2Fv2%2Fcategories&post=20807"},{"taxonomy":"post_tag","embeddable":true,"href":"https:\/\/crees.org.do\/index.php?rest_route=%2Fwp%2Fv2%2Ftags&post=20807"}],"curies":[{"name":"wp","href":"https:\/\/api.w.org\/{rel}","templated":true}]}}