{"id":20819,"date":"2019-01-10T00:00:00","date_gmt":"2019-01-10T00:00:00","guid":{"rendered":"https:\/\/crees.org.do\/el-presupuesto-nacional-bajo-el-tormento-del-fiao\/"},"modified":"2019-01-10T00:00:00","modified_gmt":"2019-01-10T00:00:00","slug":"el-presupuesto-nacional-bajo-el-tormento-del-fiao","status":"publish","type":"post","link":"https:\/\/crees.org.do\/?p=20819","title":{"rendered":"El Presupuesto Nacional bajo el tormento del \u201cfiao\u201d"},"content":{"rendered":"<p style=\"text-align: justify;\"><span style=\"font-size:12px;\"><span style=\"font-family:verdana,geneva,sans-serif;\">Autor: Panky Corcino<\/span><\/span><\/p>\n<p style=\"text-align: justify;\"><span style=\"font-size:12px;\"><span style=\"font-family:verdana,geneva,sans-serif;\">Extra\u00eddo de: El Dinero&nbsp;<\/span><\/span><\/p>\n<p style=\"box-sizing: border-box; font-family: Lato, sans-serif; line-height: 1.5; font-size: 18px; margin-bottom: 0px; padding-top: 0px; padding-bottom: 1em; color: rgb(68, 68, 68); text-align: justify;\"><span style=\"font-size:12px;\"><span style=\"font-family:verdana,geneva,sans-serif;\">La decisi\u00f3n de la gesti\u00f3n de Danilo Medina de someter al Congreso Nacional un Proyecto de Ley de Presupuesto Nacional para 2020 con un d\u00e9ficit, para el Gobierno Central, de m\u00e1s de RD$110,251 millones, alerta a muchos economistas.<\/span><\/span><\/p>\n<p style=\"box-sizing: border-box; font-family: Lato, sans-serif; line-height: 1.5; font-size: 18px; margin-bottom: 0px; padding-top: 0px; padding-bottom: 1em; color: rgb(68, 68, 68); text-align: justify;\"><span style=\"font-size:12px;\"><span style=\"font-family:verdana,geneva,sans-serif;\">De inmediato se volvieron a disparar los cuestionamientos sobre la persistencia del Poder Ejecutivo en manejar un gasto superior a los ingresos que recibe y su tendencia a aumentar cada a\u00f1o la deuda p\u00fablica de un pa\u00eds que, pese al crecimiento que pregonan sus autoridades, se acostumbra a manejar sus finanzas &ldquo;cogiendo fiao&rdquo;.<\/span><\/span><\/p>\n<p style=\"box-sizing: border-box; font-family: Lato, sans-serif; line-height: 1.5; font-size: 18px; margin-bottom: 0px; padding-top: 0px; padding-bottom: 1em; color: rgb(68, 68, 68); text-align: justify;\"><span style=\"font-size:12px;\"><span style=\"font-family:verdana,geneva,sans-serif;\">El proyecto de ley, puesto por el Senado bajo estudio de una comisi\u00f3n bicameral, presupuesta RD$997,119.2 millones. El Gobierno estima ingresos por RD$750,823.4 millones y gastos por RD$861,074.4 millones.<\/span><\/span><\/p>\n<p style=\"box-sizing: border-box; font-family: Lato, sans-serif; line-height: 1.5; font-size: 18px; margin-bottom: 0px; padding-top: 0px; padding-bottom: 1em; color: rgb(68, 68, 68); text-align: justify;\"><span style=\"font-size:12px;\"><span style=\"font-family:verdana,geneva,sans-serif;\">El experto en manejo presupuestario Jos\u00e9 Rijo Presbot coincide con los economistas Pavel Isa Contreras, Antonio Ciriaco Cruz y Miguel Collado Di Franco, al alertar sobre la necesidad de que el Gobierno ajuste el gasto y mejore la calidad de la inversi\u00f3n p\u00fablica como parte del inicio de un proceso que lleve a la reducci\u00f3n del d\u00e9ficit.<\/span><\/span><\/p>\n<p style=\"box-sizing: border-box; font-family: Lato, sans-serif; line-height: 1.5; font-size: 18px; margin-bottom: 0px; padding-top: 0px; padding-bottom: 1em; color: rgb(68, 68, 68); text-align: justify;\"><span style=\"font-size:12px;\"><span style=\"font-family:verdana,geneva,sans-serif;\">&ldquo;Lo primero es el modelo que se ha creado. Es un modelo en el que el Presupuesto que se elabora no es real. Un modelo en el que se sobreestiman los ingresos y se subval\u00faan los gastos. Por eso al final del a\u00f1o hay una modificaci\u00f3n a la ley que se aprueba para todo el a\u00f1o, en la que se reconoce la disminuci\u00f3n de los ingresos y el incremento de los gastos, que es lo que est\u00e1 pasando con la modificaci\u00f3n del Presupuesto General de 2019&rdquo;, dice Rijo Presbot.<\/span><\/span><\/p>\n<p style=\"box-sizing: border-box; font-family: Lato, sans-serif; line-height: 1.5; font-size: 18px; margin-bottom: 0px; padding-top: 0px; padding-bottom: 1em; color: rgb(68, 68, 68); text-align: justify;\"><span style=\"font-size:12px;\"><span style=\"font-family:verdana,geneva,sans-serif;\">El Proyecto de Modificaci\u00f3n a la Ley 61-18, del 14 de diciembre de 2018, que aprueba el Presupuesto General del Estado para 2019, baja de RD$689,930.5 millones a RD$674,871.8 millones las expectativas de ingresos, unos RD$15,058.7 millones menos (un 2.2%).<\/span><\/span><\/p>\n<p style=\"box-sizing: border-box; font-family: Lato, sans-serif; line-height: 1.5; font-size: 18px; margin-bottom: 0px; padding-top: 0px; padding-bottom: 1em; color: rgb(68, 68, 68); text-align: justify;\"><span style=\"font-size:12px;\"><span style=\"font-family:verdana,geneva,sans-serif;\">Al mismo tiempo, aumenta la estimaci\u00f3n de los gastos del Gobierno Central en un 21.8%, unos RD$166,540.1 millones, al aumentarlos de RD$765,455.9 millones a RD$931,995.9 millones.<\/span><\/span><\/p>\n<p style=\"box-sizing: border-box; font-family: Lato, sans-serif; line-height: 1.5; font-size: 18px; margin-bottom: 0px; padding-top: 0px; padding-bottom: 1em; color: rgb(68, 68, 68); text-align: justify;\"><span style=\"font-size:12px;\"><span style=\"font-family:verdana,geneva,sans-serif;\">De inmediato se volvieron a disparar los cuestionamientos sobre la persistencia del Poder Ejecutivo en manejar un gasto superior a los ingresos que recibe y su tendencia a aumentar cada a\u00f1o la deuda p\u00fablica de un pa\u00eds que, pese al crecimiento que pregonan sus autoridades, se acostumbra a manejar sus finanzas &ldquo;cogiendo fiao&rdquo;.La decisi\u00f3n de la gesti\u00f3n de Danilo Medina de someter al Congreso Nacional un Proyecto de Ley de Presupuesto Nacional para 2020 con un d\u00e9ficit, para el Gobierno Central, de m\u00e1s de RD$110,251 millones, alerta a muchos economistas.<\/span><\/span><\/p>\n<p style=\"box-sizing: border-box; font-family: Lato, sans-serif; line-height: 1.5; font-size: 18px; margin-bottom: 0px; padding-top: 0px; padding-bottom: 1em; color: rgb(68, 68, 68); text-align: justify;\"><span style=\"font-size:12px;\"><span style=\"font-family:verdana,geneva,sans-serif;\">El proyecto de ley, puesto por el Senado bajo estudio de una comisi\u00f3n bicameral, presupuesta RD$997,119.2 millones. El Gobierno estima ingresos por RD$750,823.4 millones y gastos por RD$861,074.4 millones.<\/span><\/span><\/p>\n<p style=\"box-sizing: border-box; font-family: Lato, sans-serif; line-height: 1.5; font-size: 18px; margin-bottom: 0px; padding-top: 0px; padding-bottom: 1em; color: rgb(68, 68, 68); text-align: justify;\"><span style=\"font-size:12px;\"><span style=\"font-family:verdana,geneva,sans-serif;\">El experto en manejo presupuestario Jos\u00e9 Rijo Presbot coincide con los economistas Pavel Isa Contreras, Antonio Ciriaco Cruz y Miguel Collado Di Franco, al alertar sobre la necesidad de que el Gobierno ajuste el gasto y mejore la calidad de la inversi\u00f3n p\u00fablica como parte del inicio de un proceso que lleve a la reducci\u00f3n del d\u00e9ficit.<\/span><\/span><\/p>\n<p style=\"box-sizing: border-box; font-family: Lato, sans-serif; line-height: 1.5; font-size: 18px; margin-bottom: 0px; padding-top: 0px; padding-bottom: 1em; color: rgb(68, 68, 68); text-align: justify;\"><span style=\"font-size:12px;\"><span style=\"font-family:verdana,geneva,sans-serif;\">&ldquo;Lo primero es el modelo que se ha creado. Es un modelo en el que el Presupuesto que se elabora no es real. Un modelo en el que se sobreestiman los ingresos y se subval\u00faan los gastos. Por eso al final del a\u00f1o hay una modificaci\u00f3n a la ley que se aprueba para todo el a\u00f1o, en la que se reconoce la disminuci\u00f3n de los ingresos y el incremento de los gastos, que es lo que est\u00e1 pasando con la modificaci\u00f3n del Presupuesto General de 2019&rdquo;, dice Rijo Presbot.<\/span><\/span><\/p>\n<p style=\"box-sizing: border-box; font-family: Lato, sans-serif; line-height: 1.5; font-size: 18px; margin-bottom: 0px; padding-top: 0px; padding-bottom: 1em; color: rgb(68, 68, 68); text-align: justify;\"><span style=\"font-size:12px;\"><span style=\"font-family:verdana,geneva,sans-serif;\">El Proyecto de Modificaci\u00f3n a la Ley 61-18, del 14 de diciembre de 2018, que aprueba el Presupuesto General del Estado para 2019, baja de RD$689,930.5 millones a RD$674,871.8 millones las expectativas de ingresos, unos RD$15,058.7 millones menos (un 2.2%).<\/span><\/span><\/p>\n<p style=\"box-sizing: border-box; font-family: Lato, sans-serif; line-height: 1.5; font-size: 18px; margin-bottom: 0px; padding-top: 0px; padding-bottom: 1em; color: rgb(68, 68, 68); text-align: justify;\"><span style=\"font-size:12px;\"><span style=\"font-family:verdana,geneva,sans-serif;\">Al mismo tiempo, aumenta la estimaci\u00f3n de los gastos del Gobierno Central en un 21.8%, unos RD$166,540.1 millones, al aumentarlos de RD$765,455.9 millones a RD$931,995.9 millones.<\/span><\/span><\/p>\n<p style=\"box-sizing: border-box; font-family: Lato, sans-serif; line-height: 1.5; font-size: 18px; margin-bottom: 0px; padding-top: 0px; padding-bottom: 1em; color: rgb(68, 68, 68); text-align: justify;\"><span style=\"font-size:12px;\"><span style=\"font-family:verdana,geneva,sans-serif;\">La iniciativa autoriza al Poder Ejecutivo a gestionar, a trav\u00e9s del Ministerio de Hacienda, pr\u00e9stamos con la banca comercial o la colocaci\u00f3n de bonos para cubrir US$495 millones en operaciones de cr\u00e9ditos que hicieron a corto plazo las distribuidoras de electricidad (Edeeste, Edesur y Edenorte) y m\u00e1s de US$611.7 millones de compra de energ\u00eda. Tambi\u00e9n autoriza al Ejecutivo a asumir un saldo de m\u00e1s de RD$33,070.4 millones de facturas de las distribuidoras con los generadores el\u00e9ctricos.<\/span><\/span><\/p>\n<p style=\"box-sizing: border-box; font-family: Lato, sans-serif; line-height: 1.5; font-size: 18px; margin-bottom: 0px; padding-top: 0px; padding-bottom: 1em; color: rgb(68, 68, 68); text-align: justify;\"><span style=\"font-size:12px;\"><span style=\"font-family:verdana,geneva,sans-serif;\">El proyecto de ley, puesto por el Senado bajo estudio de una comisi\u00f3n bicameral, presupuesta RD$997,119.2 millones. El Gobierno estima ingresos por RD$750,823.4 millones y gastos por RD$861,074.4 millones.<\/span><\/span><\/p>\n<p style=\"box-sizing: border-box; font-family: Lato, sans-serif; line-height: 1.5; font-size: 18px; margin-bottom: 0px; padding-top: 0px; padding-bottom: 1em; color: rgb(68, 68, 68); text-align: justify;\"><span style=\"font-size:12px;\"><span style=\"font-family:verdana,geneva,sans-serif;\">El experto en manejo presupuestario Jos\u00e9 Rijo Presbot coincide con los economistas Pavel Isa Contreras, Antonio Ciriaco Cruz y Miguel Collado Di Franco, al alertar sobre la necesidad de que el Gobierno ajuste el gasto y mejore la calidad de la inversi\u00f3n p\u00fablica como parte del inicio de un proceso que lleve a la reducci\u00f3n del d\u00e9ficit.<\/span><\/span><\/p>\n<p style=\"box-sizing: border-box; font-family: Lato, sans-serif; line-height: 1.5; font-size: 18px; margin-bottom: 0px; padding-top: 0px; padding-bottom: 1em; color: rgb(68, 68, 68); text-align: justify;\"><span style=\"font-size:12px;\"><span style=\"font-family:verdana,geneva,sans-serif;\">&ldquo;Lo primero es el modelo que se ha creado. Es un modelo en el que el Presupuesto que se elabora no es real. Un modelo en el que se sobreestiman los ingresos y se subval\u00faan los gastos. Por eso al final del a\u00f1o hay una modificaci\u00f3n a la ley que se aprueba para todo el a\u00f1o, en la que se reconoce la disminuci\u00f3n de los ingresos y el incremento de los gastos, que es lo que est\u00e1 pasando con la modificaci\u00f3n del Presupuesto General de 2019&rdquo;, dice Rijo Presbot.<\/span><\/span><\/p>\n<div class=\"eldin-teads\" id=\"eldin-1096907943\" style=\"box-sizing: border-box; color: rgb(68, 68, 68); font-family: &quot;Helvetica Neue&quot;, Helvetica, Arial, sans-serif; font-size: 15px; margin-bottom: 5px; text-align: justify;\">&nbsp;<\/div>\n<p style=\"text-align: justify;\">&nbsp;<\/p>\n<p style=\"box-sizing: border-box; font-family: Lato, sans-serif; line-height: 1.5; font-size: 18px; margin-bottom: 0px; padding-top: 0px; padding-bottom: 1em; color: rgb(68, 68, 68); text-align: justify;\"><span style=\"font-size:12px;\"><span style=\"font-family:verdana,geneva,sans-serif;\">El Proyecto de Modificaci\u00f3n a la Ley 61-18, del 14 de diciembre de 2018, que aprueba el Presupuesto General del Estado para 2019, baja de RD$689,930.5 millones a RD$674,871.8 millones las expectativas de ingresos, unos RD$15,058.7 millones menos (un 2.2%).<\/span><\/span><\/p>\n<p style=\"box-sizing: border-box; font-family: Lato, sans-serif; line-height: 1.5; font-size: 18px; margin-bottom: 0px; padding-top: 0px; padding-bottom: 1em; color: rgb(68, 68, 68); text-align: justify;\"><span style=\"font-size:12px;\"><span style=\"font-family:verdana,geneva,sans-serif;\">Al mismo tiempo, aumenta la estimaci\u00f3n de los gastos del Gobierno Central en un 21.8%, unos RD$166,540.1 millones, al aumentarlos de RD$765,455.9 millones a RD$931,995.9 millones.<\/span><\/span><\/p>\n<p style=\"box-sizing: border-box; font-family: Lato, sans-serif; line-height: 1.5; font-size: 18px; margin-bottom: 0px; padding-top: 0px; padding-bottom: 1em; color: rgb(68, 68, 68); text-align: justify;\"><span style=\"font-size:12px;\"><span style=\"font-family:verdana,geneva,sans-serif;\">La iniciativa autoriza al Poder Ejecutivo a gestionar, a trav\u00e9s del Ministerio de Hacienda, pr\u00e9stamos con la banca comercial o la colocaci\u00f3n de bonos para cubrir US$495 millones en operaciones de cr\u00e9ditos que hicieron a corto plazo las distribuidoras de electricidad (Edeeste, Edesur y Edenorte) y m\u00e1s de US$611.7 millones de compra de energ\u00eda. Tambi\u00e9n autoriza al Ejecutivo a asumir un saldo de m\u00e1s de RD$33,070.4 millones de facturas de las distribuidoras con los generadores el\u00e9ctricos.<\/span><\/span><\/p>\n<p style=\"box-sizing: border-box; font-family: Lato, sans-serif; line-height: 1.5; font-size: 18px; margin-bottom: 0px; padding-top: 0px; padding-bottom: 1em; color: rgb(68, 68, 68); text-align: justify;\"><span style=\"font-size:12px;\"><span style=\"font-family:verdana,geneva,sans-serif;\">Rijo Presbot insiste en que &ldquo;el d\u00e9ficit se est\u00e1 incrementando en RD$22,600 millones. Es decir, de 1.7% del PIB que se presupuest\u00f3 originalmente, seg\u00fan el Gobierno, que tambi\u00e9n esconde el d\u00e9ficit, va a terminar en 2.2% del PIB&rdquo;.<\/span><\/span><\/p>\n<p style=\"box-sizing: border-box; font-family: Lato, sans-serif; line-height: 1.5; font-size: 18px; margin-bottom: 0px; padding-top: 0px; padding-bottom: 1em; color: rgb(68, 68, 68); text-align: justify;\"><span style=\"font-size:12px;\"><span style=\"font-family:verdana,geneva,sans-serif;\">Entiende que, incluso ser\u00e1 mayor que 2.2% del producto interno bruto (PIB), porque la gesti\u00f3n de Medina &ldquo;aprendi\u00f3&rdquo; desde 2012 a transferir gastos para el a\u00f1o siguiente, como disminuci\u00f3n de cuentas por pagar.<\/span><\/span><\/p>\n<p style=\"box-sizing: border-box; font-family: Lato, sans-serif; line-height: 1.5; font-size: 18px; margin-bottom: 0px; padding-top: 0px; padding-bottom: 1em; color: rgb(68, 68, 68); text-align: justify;\"><span style=\"font-size:12px;\"><span style=\"font-family:verdana,geneva,sans-serif;\">&ldquo;Al transferirse como disminuci\u00f3n de cuentas por pagar, no se transfieren como gastos, sino como necesidades a cubrir. Entonces, est\u00e1 incrementando la deuda porque est\u00e1 generando gastos en un a\u00f1o y los est\u00e1 convirtiendo en deuda, sin registrar como deuda, para el a\u00f1o siguiente&rdquo;. Afirma que bajo ese concepto coloc\u00f3 en 2018 un total de RD$57,000 millones.<\/span><\/span><\/p>\n<p style=\"box-sizing: border-box; font-family: Lato, sans-serif; line-height: 1.5; font-size: 18px; margin-bottom: 0px; padding-top: 0px; padding-bottom: 1em; color: rgb(68, 68, 68); text-align: justify;\"><span style=\"font-size:12px;\"><span style=\"font-family:verdana,geneva,sans-serif;\">&ldquo;En este a\u00f1o se presupuestaron para disminuci\u00f3n de cuentas por pagar, es decir, pagos a contratistas y suplidores de a\u00f1os anteriores, por RD$66,000 millones y para 2020 se est\u00e1n presupuestando unos RD$43,000 millones&rdquo;, sostiene el experto en presupuesto.<\/span><\/span><\/p>\n<p style=\"box-sizing: border-box; font-family: Lato, sans-serif; line-height: 1.5; font-size: 18px; margin-bottom: 0px; padding-top: 0px; padding-bottom: 1em; color: rgb(68, 68, 68); text-align: justify;\"><span style=\"font-size:12px;\"><span style=\"font-family:verdana,geneva,sans-serif;\">Despu\u00e9s del Consejo de Ministros que aprob\u00f3 el Anteproyecto de Ley de Presupuesto, el ministro de Hacienda, Donald Guerrero Ortiz, habl\u00f3, seg\u00fan su punto de vista, del prop\u00f3sito de la administraci\u00f3n de Medina de mantener &ldquo;la consolidaci\u00f3n fiscal&rdquo;, reduciendo las partidas de d\u00e9ficits presupuestarios a niveles &ldquo;manejables&rdquo;.<\/span><\/span><\/p>\n<p style=\"box-sizing: border-box; font-family: Lato, sans-serif; line-height: 1.5; font-size: 18px; margin-bottom: 0px; padding-top: 0px; padding-bottom: 1em; color: rgb(68, 68, 68); text-align: justify;\"><span style=\"font-size:12px;\"><span style=\"font-family:verdana,geneva,sans-serif;\">Guerrero Ortiz mand\u00f3 a los periodistas a anotar como buena nueva que el Gobierno se propone cubrir con sus recaudaciones &ldquo;el cien por ciento del gasto corriente, incluyendo los intereses&rdquo;, aunque agreg\u00f3: &ldquo;No vamos a tomar financiamiento ni para pagar intereses ni para pagar gasto corriente, el financiamiento estar\u00e1 destinado a cubrir la parte del gasto de capital que no se cubre con las recaudaciones, porque hay una parte que s\u00ed se cubre, m\u00e1s el refinanciamiento de los vencimientos de la deuda, que al a\u00f1o pr\u00f3ximo alcanza unos RD$86,000 millones de amortizaciones de capital&rdquo;.<\/span><\/span><\/p>\n<p style=\"box-sizing: border-box; font-family: Lato, sans-serif; line-height: 1.5; font-size: 18px; margin-bottom: 0px; padding-top: 0px; padding-bottom: 1em; color: rgb(68, 68, 68); text-align: justify;\"><span style=\"font-size:12px;\"><span style=\"font-family:verdana,geneva,sans-serif;\"><strong>En n\u00fameros rojos<\/strong><\/span><\/span><\/p>\n<p style=\"box-sizing: border-box; font-family: Lato, sans-serif; line-height: 1.5; font-size: 18px; margin-bottom: 0px; padding-top: 0px; padding-bottom: 1em; color: rgb(68, 68, 68); text-align: justify;\"><span style=\"font-size:12px;\"><span style=\"font-family:verdana,geneva,sans-serif;\">Ciriaco Cruz, vicedecano de Econom\u00eda de la Universidad Aut\u00f3noma de Santo Domingo (UASD), recuerda que al proyectar un d\u00e9ficit de RD$110,251 millones del sector p\u00fablico no financiero (SPNF) en las finanzas p\u00fablicas, &ldquo;se cumplen 11 a\u00f1os de formulaci\u00f3n de presupuestos deficitarios que presenta el Gobierno desde el a\u00f1o 2008 hasta la fecha&rdquo;.<\/span><\/span><\/p>\n<p style=\"box-sizing: border-box; font-family: Lato, sans-serif; line-height: 1.5; font-size: 18px; margin-bottom: 0px; padding-top: 0px; padding-bottom: 1em; color: rgb(68, 68, 68); text-align: justify;\"><span style=\"font-size:12px;\"><span style=\"font-family:verdana,geneva,sans-serif;\">Deplora que desde 2008 solo se pens\u00f3 en la moderaci\u00f3n y consolidaci\u00f3n fiscal del Presupuesto Nacional en 2011 y 2012 cuando se formularon con d\u00e9ficits de un 1.5% y un 0.9% del PIB. &ldquo;En los a\u00f1os siguientes, desde 2013 hasta 2020, exceptuando el a\u00f1o 2019, los d\u00e9ficits formulados sobrepasan el 2% del PIB&rdquo;, a\u00f1ade.<\/span><\/span><\/p>\n<p style=\"box-sizing: border-box; font-family: Lato, sans-serif; line-height: 1.5; font-size: 18px; margin-bottom: 0px; padding-top: 0px; padding-bottom: 1em; color: rgb(68, 68, 68); text-align: justify;\"><span style=\"font-size:12px;\"><span style=\"font-family:verdana,geneva,sans-serif;\">Observa que el Proyecto de Presupuesto 2020 sigue la misma tendencia que el que se ejecuta este a\u00f1o. Dedicar\u00e1 el 3.0% del PIB al pago de intereses de la deuda p\u00fablica, el 2.6% se destina a inversi\u00f3n p\u00fablica y US$2,000.1 millones en bonos globales como fuente de financiamiento externo.<\/span><\/span><\/p>\n<p style=\"box-sizing: border-box; font-family: Lato, sans-serif; line-height: 1.5; font-size: 18px; margin-bottom: 0px; padding-top: 0px; padding-bottom: 1em; color: rgb(68, 68, 68); text-align: justify;\"><span style=\"font-size:12px;\"><span style=\"font-family:verdana,geneva,sans-serif;\">Seg\u00fan las informaciones colgadas en el portal de la Digepres sobre el balance presupuestal, a agosto de este a\u00f1o, el Gobierno central hab\u00eda recibido RD$442,790.5 millones, pero hab\u00eda gastado RD$29,301.5 millones (un 6.6%) m\u00e1s de sus ingresos, para un total de RD$472,092 millones.<\/span><\/span><\/p>\n<p style=\"box-sizing: border-box; font-family: Lato, sans-serif; line-height: 1.5; font-size: 18px; margin-bottom: 0px; padding-top: 0px; padding-bottom: 1em; color: rgb(68, 68, 68); text-align: justify;\"><span style=\"font-size:12px;\"><span style=\"font-family:verdana,geneva,sans-serif;\">El balance de 2018 arroja que el Gobierno Central recibi\u00f3 ingresos por RD$604,098.8 millones y gast\u00f3 RD$81,236.6 millones m\u00e1s, para un total de RD$685,335.6 millones.<\/span><\/span><\/p>\n<p style=\"box-sizing: border-box; font-family: Lato, sans-serif; line-height: 1.5; font-size: 18px; margin-bottom: 0px; padding-top: 0px; padding-bottom: 1em; color: rgb(68, 68, 68); text-align: justify;\"><span style=\"font-size:12px;\"><span style=\"font-family:verdana,geneva,sans-serif;\">Para Collado Di Franco, del Centro Regional de Estrategias Econ\u00f3micas Sostenibles (CREES), la gesti\u00f3n de Medina &ldquo;no ha mostrado inter\u00e9s en estabilizar las finanzas p\u00fablicas, como lo hizo el primer gobierno del mismo partido oficial en la d\u00e9cada de 1990, cuando la deuda p\u00fablica de Rep\u00fablica Dominicana se redujo en un 28%&rdquo;.<\/span><\/span><\/p>\n<p style=\"box-sizing: border-box; font-family: Lato, sans-serif; line-height: 1.5; font-size: 18px; margin-bottom: 0px; padding-top: 0px; padding-bottom: 1em; color: rgb(68, 68, 68); text-align: justify;\"><span style=\"font-size:12px;\"><span style=\"font-family:verdana,geneva,sans-serif;\">La deuda p\u00fablica interna y externa de Rep\u00fablica Dominicana se situaba en US$34,399.1 millones al 31 de agosto de este 2019, seg\u00fan la Direcci\u00f3n General de Cr\u00e9dito P\u00fablico. El Gobierno Central cargaba a ese mes con US$23,140.3 millones contratados en el exterior y una deuda interna de US$10,682.1 millones.<\/span><\/span><\/p>\n<p style=\"box-sizing: border-box; font-family: Lato, sans-serif; line-height: 1.5; font-size: 18px; margin-bottom: 0px; padding-top: 0px; padding-bottom: 1em; color: rgb(68, 68, 68); text-align: justify;\"><span style=\"font-size:12px;\"><span style=\"font-family:verdana,geneva,sans-serif;\">&ldquo;La situaci\u00f3n de la deuda p\u00fablica, antes que mejorar o sostenerse, se ha complicado y promete continuar haci\u00e9ndolo con el Presupuesto presentado para 2020&rdquo;, dice Collado Di Franco.<\/span><\/span><\/p>\n<p style=\"box-sizing: border-box; font-family: Lato, sans-serif; line-height: 1.5; font-size: 18px; margin-bottom: 0px; padding-top: 0px; padding-bottom: 1em; color: rgb(68, 68, 68); text-align: justify;\"><span style=\"font-size:12px;\"><span style=\"font-family:verdana,geneva,sans-serif;\">Recuerda que la deuda p\u00fablica aumenta cada a\u00f1o por un incremento del gasto del Gobierno que genera d\u00e9ficit y que se refleja en m\u00e1s remuneraciones a empleados y en el gasto en bienes y servicios, &ldquo;adem\u00e1s del tema estructural que tenemos al subsidio del sector el\u00e9ctrico, a trav\u00e9s de las Ede administradas por el mismo Gobierno&rdquo;.<\/span><\/span><\/p>\n<p style=\"box-sizing: border-box; font-family: Lato, sans-serif; line-height: 1.5; font-size: 18px; margin-bottom: 0px; padding-top: 0px; padding-bottom: 1em; color: rgb(68, 68, 68); text-align: justify;\"><span style=\"font-size:12px;\"><span style=\"font-family:verdana,geneva,sans-serif;\">Para el economista del CREES, cualquier intenci\u00f3n seria de reducir los d\u00e9ficits en cada presupuesto debe empezar por &ldquo;congelar el gasto, realizar una reforma para simplificar el sistema tributario, que incluya con menos figuras impositivas, tasas menores y con una base m\u00e1s amplia, como hicimos precisamente en los a\u00f1os 1990&rdquo;.<\/span><\/span><\/p>\n<p style=\"box-sizing: border-box; font-family: Lato, sans-serif; line-height: 1.5; font-size: 18px; margin-bottom: 0px; padding-top: 0px; padding-bottom: 1em; color: rgb(68, 68, 68); text-align: justify;\"><span style=\"font-size:12px;\"><span style=\"font-family:verdana,geneva,sans-serif;\">Tambi\u00e9n Isa Contreras, docente e investigador del Instituto Tecnol\u00f3gico de Santo Domingo (Intec), entiende que el Gobierno estima un d\u00e9ficit menor al que dicta la realidad para 2020, especialmente por tratarse de un a\u00f1o electoral y, por lo tanto, con mayores riesgos de que los gastos p\u00fablicos se disparen por encima de lo presupuestado.<\/span><\/span><\/p>\n<p style=\"box-sizing: border-box; font-family: Lato, sans-serif; line-height: 1.5; font-size: 18px; margin-bottom: 0px; padding-top: 0px; padding-bottom: 1em; color: rgb(68, 68, 68); text-align: justify;\"><span style=\"font-size:12px;\"><span style=\"font-family:verdana,geneva,sans-serif;\">Al analizar los presupuestos elaborados por gesti\u00f3n de Medina, plantea que &ldquo;desafortunadamente para el Presidente, su legado fiscal no es positivo porque, a pesar del buen momento macroecon\u00f3mico que ha vivido el pa\u00eds durante su gesti\u00f3n, la situaci\u00f3n fiscal no ha mejorado y va a dejar a las finanzas p\u00fablicas en una situaci\u00f3n fr\u00e1gil y poco preparada para enfrentar momentos malos&rdquo;.<\/span><\/span><\/p>\n<p style=\"box-sizing: border-box; font-family: Lato, sans-serif; line-height: 1.5; font-size: 18px; margin-bottom: 0px; padding-top: 0px; padding-bottom: 1em; color: rgb(68, 68, 68); text-align: justify;\"><span style=\"font-size:12px;\"><span style=\"font-family:verdana,geneva,sans-serif;\">Isa Contreras observa que entre los a\u00f1os 2015 y 2018 los ingresos del Gobierno dominicano crecieron, en promedio, unos RD$46,000 millones cada a\u00f1o, para una tasa media anual de 9.6%, mientras los gastos lo hicieron a un ritmo medio anual de RD$50,000.5 millones, para una tasa media anual de 8.9%.<\/span><\/span><\/p>\n<p style=\"box-sizing: border-box; font-family: Lato, sans-serif; line-height: 1.5; font-size: 18px; margin-bottom: 0px; padding-top: 0px; padding-bottom: 1em; color: rgb(68, 68, 68); text-align: justify;\"><span style=\"font-size:12px;\"><span style=\"font-family:verdana,geneva,sans-serif;\">&ldquo;En la mayor\u00eda de los casos, el Gobierno termina con d\u00e9ficits mucho mayores de los proyectados en los presupuestos formulados. Trasciende el caso de 2012, a\u00f1o electoral, que el Gobierno formul\u00f3 un d\u00e9ficit financiero del 0.9% del PIB y termin\u00f3 con un d\u00e9ficit del 5.3% del PIB&rdquo;, dice.<\/span><\/span><\/p>\n<p style=\"box-sizing: border-box; font-family: Lato, sans-serif; line-height: 1.5; font-size: 18px; margin-bottom: 0px; padding-top: 0px; padding-bottom: 1em; color: rgb(68, 68, 68);\">&nbsp;<\/p>\n<div class=\"pvc_clear\"><\/div>\n<p class=\"pvc_stats all \" data-element-id=\"20819\" style=\"\"><i class=\"pvc-stats-icon medium\" aria-hidden=\"true\"><svg aria-hidden=\"true\" focusable=\"false\" data-prefix=\"far\" data-icon=\"chart-bar\" role=\"img\" xmlns=\"http:\/\/www.w3.org\/2000\/svg\" viewBox=\"0 0 512 512\" class=\"svg-inline--fa fa-chart-bar fa-w-16 fa-2x\"><path fill=\"currentColor\" d=\"M396.8 352h22.4c6.4 0 12.8-6.4 12.8-12.8V108.8c0-6.4-6.4-12.8-12.8-12.8h-22.4c-6.4 0-12.8 6.4-12.8 12.8v230.4c0 6.4 6.4 12.8 12.8 12.8zm-192 0h22.4c6.4 0 12.8-6.4 12.8-12.8V140.8c0-6.4-6.4-12.8-12.8-12.8h-22.4c-6.4 0-12.8 6.4-12.8 12.8v198.4c0 6.4 6.4 12.8 12.8 12.8zm96 0h22.4c6.4 0 12.8-6.4 12.8-12.8V204.8c0-6.4-6.4-12.8-12.8-12.8h-22.4c-6.4 0-12.8 6.4-12.8 12.8v134.4c0 6.4 6.4 12.8 12.8 12.8zM496 400H48V80c0-8.84-7.16-16-16-16H16C7.16 64 0 71.16 0 80v336c0 17.67 14.33 32 32 32h464c8.84 0 16-7.16 16-16v-16c0-8.84-7.16-16-16-16zm-387.2-48h22.4c6.4 0 12.8-6.4 12.8-12.8v-70.4c0-6.4-6.4-12.8-12.8-12.8h-22.4c-6.4 0-12.8 6.4-12.8 12.8v70.4c0 6.4 6.4 12.8 12.8 12.8z\" class=\"\"><\/path><\/svg><\/i> Vistas Totales&nbsp;370&nbsp;, Vistas Hoy&nbsp;1&nbsp;<\/p>\n<div class=\"pvc_clear\"><\/div>\n","protected":false},"excerpt":{"rendered":"<p>Publicado el: Lunes 28 de octubre del 2019Autor: Panky CorcinoLa decisi\u00f3n de la gesti\u00f3n de Danilo Medina de someter al Congreso Nacional un Proyecto de Ley de Presupuesto Nacional para 2020 con un d\u00e9ficit, para el Gobierno Central, de m\u00e1s de RD$110,251 millones, alerta a muchos economistas.<\/p>\n<div class=\"pvc_clear\"><\/div>\n<p class=\"pvc_stats all \" data-element-id=\"20819\" style=\"\"><i class=\"pvc-stats-icon medium\" aria-hidden=\"true\"><svg aria-hidden=\"true\" focusable=\"false\" data-prefix=\"far\" data-icon=\"chart-bar\" role=\"img\" xmlns=\"http:\/\/www.w3.org\/2000\/svg\" viewBox=\"0 0 512 512\" class=\"svg-inline--fa fa-chart-bar fa-w-16 fa-2x\"><path fill=\"currentColor\" d=\"M396.8 352h22.4c6.4 0 12.8-6.4 12.8-12.8V108.8c0-6.4-6.4-12.8-12.8-12.8h-22.4c-6.4 0-12.8 6.4-12.8 12.8v230.4c0 6.4 6.4 12.8 12.8 12.8zm-192 0h22.4c6.4 0 12.8-6.4 12.8-12.8V140.8c0-6.4-6.4-12.8-12.8-12.8h-22.4c-6.4 0-12.8 6.4-12.8 12.8v198.4c0 6.4 6.4 12.8 12.8 12.8zm96 0h22.4c6.4 0 12.8-6.4 12.8-12.8V204.8c0-6.4-6.4-12.8-12.8-12.8h-22.4c-6.4 0-12.8 6.4-12.8 12.8v134.4c0 6.4 6.4 12.8 12.8 12.8zM496 400H48V80c0-8.84-7.16-16-16-16H16C7.16 64 0 71.16 0 80v336c0 17.67 14.33 32 32 32h464c8.84 0 16-7.16 16-16v-16c0-8.84-7.16-16-16-16zm-387.2-48h22.4c6.4 0 12.8-6.4 12.8-12.8v-70.4c0-6.4-6.4-12.8-12.8-12.8h-22.4c-6.4 0-12.8 6.4-12.8 12.8v70.4c0 6.4 6.4 12.8 12.8 12.8z\" class=\"\"><\/path><\/svg><\/i> Vistas Totales&nbsp;370&nbsp;, Vistas Hoy&nbsp;1&nbsp;<\/p>\n<div class=\"pvc_clear\"><\/div>\n","protected":false},"author":2,"featured_media":0,"comment_status":"open","ping_status":"open","sticky":false,"template":"","format":"standard","meta":{"footnotes":""},"categories":[21],"tags":[],"class_list":["post-20819","post","type-post","status-publish","format-standard","hentry","category-blog"],"yoast_head":"<!-- This site is optimized with the Yoast SEO plugin v25.2 - https:\/\/yoast.com\/wordpress\/plugins\/seo\/ -->\n<title>El Presupuesto Nacional bajo el tormento del \u201cfiao\u201d | CREES<\/title>\n<meta name=\"robots\" content=\"index, follow, max-snippet:-1, max-image-preview:large, max-video-preview:-1\" \/>\n<link rel=\"canonical\" href=\"https:\/\/crees.org.do\/?p=20819\" \/>\n<meta property=\"og:locale\" content=\"es_ES\" \/>\n<meta property=\"og:type\" content=\"article\" \/>\n<meta property=\"og:title\" content=\"El Presupuesto Nacional bajo el tormento del \u201cfiao\u201d | CREES\" \/>\n<meta property=\"og:description\" content=\"Publicado el: Lunes 28 de octubre del 2019Autor: Panky CorcinoLa decisi\u00f3n de la gesti\u00f3n de Danilo Medina de someter al Congreso Nacional un Proyecto de Ley de Presupuesto Nacional para 2020 con un d\u00e9ficit, para el Gobierno Central, de m\u00e1s de RD$110,251 millones, alerta a muchos economistas.\" \/>\n<meta property=\"og:url\" content=\"https:\/\/crees.org.do\/?p=20819\" \/>\n<meta property=\"og:site_name\" content=\"CREES\" \/>\n<meta property=\"article:publisher\" content=\"https:\/\/www.facebook.com\/CREESRD\/\" \/>\n<meta property=\"article:published_time\" content=\"2019-01-10T00:00:00+00:00\" \/>\n<meta property=\"og:image\" content=\"https:\/\/crees.org.do\/wp-content\/uploads\/2022\/03\/crees-logo-1.jpg\" \/>\n\t<meta property=\"og:image:width\" content=\"244\" \/>\n\t<meta property=\"og:image:height\" content=\"71\" \/>\n\t<meta property=\"og:image:type\" content=\"image\/jpeg\" \/>\n<meta name=\"author\" content=\"Crees\" \/>\n<meta name=\"twitter:card\" content=\"summary_large_image\" \/>\n<meta name=\"twitter:creator\" content=\"@CREESRD\" \/>\n<meta name=\"twitter:site\" content=\"@CREESRD\" \/>\n<meta name=\"twitter:label1\" content=\"Escrito por\" \/>\n\t<meta name=\"twitter:data1\" content=\"Crees\" \/>\n\t<meta name=\"twitter:label2\" content=\"Tiempo de lectura\" \/>\n\t<meta name=\"twitter:data2\" content=\"11 minutos\" \/>\n<script type=\"application\/ld+json\" class=\"yoast-schema-graph\">{\"@context\":\"https:\/\/schema.org\",\"@graph\":[{\"@type\":\"Article\",\"@id\":\"https:\/\/crees.org.do\/?p=20819#article\",\"isPartOf\":{\"@id\":\"https:\/\/crees.org.do\/?p=20819\"},\"author\":{\"name\":\"Crees\",\"@id\":\"https:\/\/crees.org.do\/#\/schema\/person\/e7f97cd94d7bf9cd0e0ce30acb7d56b8\"},\"headline\":\"El Presupuesto Nacional bajo el tormento del \u201cfiao\u201d\",\"datePublished\":\"2019-01-10T00:00:00+00:00\",\"mainEntityOfPage\":{\"@id\":\"https:\/\/crees.org.do\/?p=20819\"},\"wordCount\":2211,\"commentCount\":0,\"publisher\":{\"@id\":\"https:\/\/crees.org.do\/#organization\"},\"articleSection\":[\"Blog\"],\"inLanguage\":\"es\"},{\"@type\":\"WebPage\",\"@id\":\"https:\/\/crees.org.do\/?p=20819\",\"url\":\"https:\/\/crees.org.do\/?p=20819\",\"name\":\"El Presupuesto Nacional bajo el tormento del \u201cfiao\u201d | CREES\",\"isPartOf\":{\"@id\":\"https:\/\/crees.org.do\/#website\"},\"datePublished\":\"2019-01-10T00:00:00+00:00\",\"breadcrumb\":{\"@id\":\"https:\/\/crees.org.do\/?p=20819#breadcrumb\"},\"inLanguage\":\"es\",\"potentialAction\":[{\"@type\":\"ReadAction\",\"target\":[\"https:\/\/crees.org.do\/?p=20819\"]}]},{\"@type\":\"BreadcrumbList\",\"@id\":\"https:\/\/crees.org.do\/?p=20819#breadcrumb\",\"itemListElement\":[{\"@type\":\"ListItem\",\"position\":1,\"name\":\"Portada\",\"item\":\"https:\/\/crees.org.do\/\"},{\"@type\":\"ListItem\",\"position\":2,\"name\":\"El Presupuesto Nacional bajo el tormento del \u201cfiao\u201d\"}]},{\"@type\":\"WebSite\",\"@id\":\"https:\/\/crees.org.do\/#website\",\"url\":\"https:\/\/crees.org.do\/\",\"name\":\"CREES\",\"description\":\"Centro Regional de Estrategias Econ\u00f3micas Sostenibles\",\"publisher\":{\"@id\":\"https:\/\/crees.org.do\/#organization\"},\"potentialAction\":[{\"@type\":\"SearchAction\",\"target\":{\"@type\":\"EntryPoint\",\"urlTemplate\":\"https:\/\/crees.org.do\/?s={search_term_string}\"},\"query-input\":{\"@type\":\"PropertyValueSpecification\",\"valueRequired\":true,\"valueName\":\"search_term_string\"}}],\"inLanguage\":\"es\"},{\"@type\":\"Organization\",\"@id\":\"https:\/\/crees.org.do\/#organization\",\"name\":\"CREES | Centro Regional de Estrategias Econ\u00f3micas Sostenibles\",\"url\":\"https:\/\/crees.org.do\/\",\"logo\":{\"@type\":\"ImageObject\",\"inLanguage\":\"es\",\"@id\":\"https:\/\/crees.org.do\/#\/schema\/logo\/image\/\",\"url\":\"https:\/\/crees.org.do\/wp-content\/uploads\/2022\/03\/crees-logo-1.jpg\",\"contentUrl\":\"https:\/\/crees.org.do\/wp-content\/uploads\/2022\/03\/crees-logo-1.jpg\",\"width\":244,\"height\":71,\"caption\":\"CREES | Centro Regional de Estrategias Econ\u00f3micas Sostenibles\"},\"image\":{\"@id\":\"https:\/\/crees.org.do\/#\/schema\/logo\/image\/\"},\"sameAs\":[\"https:\/\/www.facebook.com\/CREESRD\/\",\"https:\/\/x.com\/CREESRD\"]},{\"@type\":\"Person\",\"@id\":\"https:\/\/crees.org.do\/#\/schema\/person\/e7f97cd94d7bf9cd0e0ce30acb7d56b8\",\"name\":\"Crees\",\"image\":{\"@type\":\"ImageObject\",\"inLanguage\":\"es\",\"@id\":\"https:\/\/crees.org.do\/#\/schema\/person\/image\/\",\"url\":\"https:\/\/secure.gravatar.com\/avatar\/390ac8f0be5d9aa046152553e2dd7011b59a512d89c150f5e5f28bb8d9a0b165?s=96&d=mm&r=g\",\"contentUrl\":\"https:\/\/secure.gravatar.com\/avatar\/390ac8f0be5d9aa046152553e2dd7011b59a512d89c150f5e5f28bb8d9a0b165?s=96&d=mm&r=g\",\"caption\":\"Crees\"},\"url\":\"https:\/\/crees.org.do\/?author=2\"}]}<\/script>\n<!-- \/ Yoast SEO plugin. -->","yoast_head_json":{"title":"El Presupuesto Nacional bajo el tormento del \u201cfiao\u201d | CREES","robots":{"index":"index","follow":"follow","max-snippet":"max-snippet:-1","max-image-preview":"max-image-preview:large","max-video-preview":"max-video-preview:-1"},"canonical":"https:\/\/crees.org.do\/?p=20819","og_locale":"es_ES","og_type":"article","og_title":"El Presupuesto Nacional bajo el tormento del \u201cfiao\u201d | CREES","og_description":"Publicado el: Lunes 28 de octubre del 2019Autor: Panky CorcinoLa decisi\u00f3n de la gesti\u00f3n de Danilo Medina de someter al Congreso Nacional un Proyecto de Ley de Presupuesto Nacional para 2020 con un d\u00e9ficit, para el Gobierno Central, de m\u00e1s de RD$110,251 millones, alerta a muchos economistas.","og_url":"https:\/\/crees.org.do\/?p=20819","og_site_name":"CREES","article_publisher":"https:\/\/www.facebook.com\/CREESRD\/","article_published_time":"2019-01-10T00:00:00+00:00","og_image":[{"width":244,"height":71,"url":"https:\/\/crees.org.do\/wp-content\/uploads\/2022\/03\/crees-logo-1.jpg","type":"image\/jpeg"}],"author":"Crees","twitter_card":"summary_large_image","twitter_creator":"@CREESRD","twitter_site":"@CREESRD","twitter_misc":{"Escrito por":"Crees","Tiempo de lectura":"11 minutos"},"schema":{"@context":"https:\/\/schema.org","@graph":[{"@type":"Article","@id":"https:\/\/crees.org.do\/?p=20819#article","isPartOf":{"@id":"https:\/\/crees.org.do\/?p=20819"},"author":{"name":"Crees","@id":"https:\/\/crees.org.do\/#\/schema\/person\/e7f97cd94d7bf9cd0e0ce30acb7d56b8"},"headline":"El Presupuesto Nacional bajo el tormento del \u201cfiao\u201d","datePublished":"2019-01-10T00:00:00+00:00","mainEntityOfPage":{"@id":"https:\/\/crees.org.do\/?p=20819"},"wordCount":2211,"commentCount":0,"publisher":{"@id":"https:\/\/crees.org.do\/#organization"},"articleSection":["Blog"],"inLanguage":"es"},{"@type":"WebPage","@id":"https:\/\/crees.org.do\/?p=20819","url":"https:\/\/crees.org.do\/?p=20819","name":"El Presupuesto Nacional bajo el tormento del \u201cfiao\u201d | CREES","isPartOf":{"@id":"https:\/\/crees.org.do\/#website"},"datePublished":"2019-01-10T00:00:00+00:00","breadcrumb":{"@id":"https:\/\/crees.org.do\/?p=20819#breadcrumb"},"inLanguage":"es","potentialAction":[{"@type":"ReadAction","target":["https:\/\/crees.org.do\/?p=20819"]}]},{"@type":"BreadcrumbList","@id":"https:\/\/crees.org.do\/?p=20819#breadcrumb","itemListElement":[{"@type":"ListItem","position":1,"name":"Portada","item":"https:\/\/crees.org.do\/"},{"@type":"ListItem","position":2,"name":"El Presupuesto Nacional bajo el tormento del \u201cfiao\u201d"}]},{"@type":"WebSite","@id":"https:\/\/crees.org.do\/#website","url":"https:\/\/crees.org.do\/","name":"CREES","description":"Centro Regional de Estrategias Econ\u00f3micas Sostenibles","publisher":{"@id":"https:\/\/crees.org.do\/#organization"},"potentialAction":[{"@type":"SearchAction","target":{"@type":"EntryPoint","urlTemplate":"https:\/\/crees.org.do\/?s={search_term_string}"},"query-input":{"@type":"PropertyValueSpecification","valueRequired":true,"valueName":"search_term_string"}}],"inLanguage":"es"},{"@type":"Organization","@id":"https:\/\/crees.org.do\/#organization","name":"CREES | Centro Regional de Estrategias Econ\u00f3micas Sostenibles","url":"https:\/\/crees.org.do\/","logo":{"@type":"ImageObject","inLanguage":"es","@id":"https:\/\/crees.org.do\/#\/schema\/logo\/image\/","url":"https:\/\/crees.org.do\/wp-content\/uploads\/2022\/03\/crees-logo-1.jpg","contentUrl":"https:\/\/crees.org.do\/wp-content\/uploads\/2022\/03\/crees-logo-1.jpg","width":244,"height":71,"caption":"CREES | Centro Regional de Estrategias Econ\u00f3micas Sostenibles"},"image":{"@id":"https:\/\/crees.org.do\/#\/schema\/logo\/image\/"},"sameAs":["https:\/\/www.facebook.com\/CREESRD\/","https:\/\/x.com\/CREESRD"]},{"@type":"Person","@id":"https:\/\/crees.org.do\/#\/schema\/person\/e7f97cd94d7bf9cd0e0ce30acb7d56b8","name":"Crees","image":{"@type":"ImageObject","inLanguage":"es","@id":"https:\/\/crees.org.do\/#\/schema\/person\/image\/","url":"https:\/\/secure.gravatar.com\/avatar\/390ac8f0be5d9aa046152553e2dd7011b59a512d89c150f5e5f28bb8d9a0b165?s=96&d=mm&r=g","contentUrl":"https:\/\/secure.gravatar.com\/avatar\/390ac8f0be5d9aa046152553e2dd7011b59a512d89c150f5e5f28bb8d9a0b165?s=96&d=mm&r=g","caption":"Crees"},"url":"https:\/\/crees.org.do\/?author=2"}]}},"_links":{"self":[{"href":"https:\/\/crees.org.do\/index.php?rest_route=\/wp\/v2\/posts\/20819","targetHints":{"allow":["GET"]}}],"collection":[{"href":"https:\/\/crees.org.do\/index.php?rest_route=\/wp\/v2\/posts"}],"about":[{"href":"https:\/\/crees.org.do\/index.php?rest_route=\/wp\/v2\/types\/post"}],"author":[{"embeddable":true,"href":"https:\/\/crees.org.do\/index.php?rest_route=\/wp\/v2\/users\/2"}],"replies":[{"embeddable":true,"href":"https:\/\/crees.org.do\/index.php?rest_route=%2Fwp%2Fv2%2Fcomments&post=20819"}],"version-history":[{"count":0,"href":"https:\/\/crees.org.do\/index.php?rest_route=\/wp\/v2\/posts\/20819\/revisions"}],"wp:attachment":[{"href":"https:\/\/crees.org.do\/index.php?rest_route=%2Fwp%2Fv2%2Fmedia&parent=20819"}],"wp:term":[{"taxonomy":"category","embeddable":true,"href":"https:\/\/crees.org.do\/index.php?rest_route=%2Fwp%2Fv2%2Fcategories&post=20819"},{"taxonomy":"post_tag","embeddable":true,"href":"https:\/\/crees.org.do\/index.php?rest_route=%2Fwp%2Fv2%2Ftags&post=20819"}],"curies":[{"name":"wp","href":"https:\/\/api.w.org\/{rel}","templated":true}]}}