{"id":20820,"date":"2019-01-10T00:00:00","date_gmt":"2019-01-10T00:00:00","guid":{"rendered":"https:\/\/crees.org.do\/las-reservas-internacionales-de-rd-caen-us1124-millones-pero-tranquilo-bobby-tranquilo\/"},"modified":"2019-01-10T00:00:00","modified_gmt":"2019-01-10T00:00:00","slug":"las-reservas-internacionales-de-rd-caen-us1124-millones-pero-tranquilo-bobby-tranquilo","status":"publish","type":"post","link":"https:\/\/crees.org.do\/?p=20820","title":{"rendered":"Las reservas internacionales de RD caen US$1,124 millones, pero \u201ctranquilo, Bobby, tranquilo\u201d"},"content":{"rendered":"<p style=\"text-align: justify;\"><span style=\"font-size:12px;\"><span style=\"font-family:verdana,geneva,sans-serif;\">Autor:&nbsp;Massiel de Jes\u00fas y Yulissa \u00c1lvarez<\/span><\/span><\/p>\n<p style=\"text-align: justify;\"><span style=\"font-size:12px;\"><span style=\"font-family:verdana,geneva,sans-serif;\">Extra\u00eddo de: Peri\u00f3dico El Dinero&nbsp;<\/span><\/span><\/p>\n<p style=\"box-sizing: border-box; font-family: Lato, sans-serif; line-height: 1.5; font-size: 18px; margin-bottom: 0px; padding-top: 0px; padding-bottom: 1em; color: rgb(68, 68, 68); text-align: justify;\"><span style=\"font-size:12px;\"><span style=\"font-family:verdana,geneva,sans-serif;\">Una fuerte posesi\u00f3n de reservas internacionales es un indicador de solidez financiera, lo que contribuye a reducir el riesgo soberano, ya que estos recursos financieros garantizan los pagos de los bienes que importa un pa\u00eds, el servicio de la deuda y estabiliza el valor de la moneda, as\u00ed lo explica el Banco Central (BC) en su p\u00e1gina web.<\/span><\/span><\/p>\n<p style=\"box-sizing: border-box; font-family: Lato, sans-serif; line-height: 1.5; font-size: 18px; margin-bottom: 0px; padding-top: 0px; padding-bottom: 1em; color: rgb(68, 68, 68); text-align: justify;\"><span style=\"font-size:12px;\"><span style=\"font-family:verdana,geneva,sans-serif;\">En Rep\u00fablica Dominicana las reservas internacionales se hab\u00edan mantenido de forma estable (con exenci\u00f3n del mes de mayo), sin embargo, de junio a septiembre se redujeron en un 14.8%, al pasar de US$8,711.6 millones a US$7,587.8 millones, lo que implica una reducci\u00f3n neta de US$1,123.8 millones, seg\u00fan cifras del Banco Central.<\/span><\/span><\/p>\n<p style=\"box-sizing: border-box; font-family: Lato, sans-serif; line-height: 1.5; font-size: 18px; margin-bottom: 0px; padding-top: 0px; padding-bottom: 1em; color: rgb(68, 68, 68); text-align: justify;\"><span style=\"font-size:12px;\"><span style=\"font-family:verdana,geneva,sans-serif;\">Adem\u00e1s, las reservas internacionales brutas se redujeron en un 12.8% en el per\u00edodo bajo an\u00e1lisis, al pasar de US$8,712.1 millones a US$7,590.8 millones, reflejando una ca\u00edda de US$1,121.3 millones.<\/span><\/span><\/p>\n<p style=\"box-sizing: border-box; font-family: Lato, sans-serif; line-height: 1.5; font-size: 18px; margin-bottom: 0px; padding-top: 0px; padding-bottom: 1em; color: rgb(68, 68, 68); text-align: justify;\"><span style=\"font-size:12px;\"><span style=\"font-family:verdana,geneva,sans-serif;\">El economista Jorge B\u00e1ez indica que los compromisos econ\u00f3micos que tiene el Estado dominicano internacionalmente, y el uso del d\u00f3lar en el pa\u00eds han presionado las reservas y esto incide en la tasa cambiaria.<\/span><\/span><\/p>\n<p style=\"box-sizing: border-box; font-family: Lato, sans-serif; line-height: 1.5; font-size: 18px; margin-bottom: 0px; padding-top: 0px; padding-bottom: 1em; color: rgb(68, 68, 68); text-align: justify;\"><span style=\"font-size:12px;\"><span style=\"font-family:verdana,geneva,sans-serif;\">&ldquo;La disminuci\u00f3n de nuestras reservas inciden en la solidez que las finanzas puedan presentar y eso hace que el sector financiero empiece a tener m\u00e1s cuidado para invertir. Mientras m\u00e1s solidez financiera tenga el pa\u00eds, m\u00e1s nos prestan y suben nuestros indicadores frente a los organismos internacionales y las facilidades que puedan ofrecernos&rdquo;, afirma el economista.<\/span><\/span><\/p>\n<div class=\"eldin-teads\" id=\"eldin-289320583\" style=\"box-sizing: border-box; color: rgb(68, 68, 68); font-family: &quot;Helvetica Neue&quot;, Helvetica, Arial, sans-serif; font-size: 15px; margin-bottom: 5px; text-align: justify;\"><span style=\"font-size:12px;\"><span style=\"font-family:verdana,geneva,sans-serif;\">Este panorama se presenta en un entorno de incertidumbre internacional, asociada principalmente a las disputas comerciales entre Estados Unidos y China y el escalamiento de las tensiones geopol\u00edticas en distintas \u00e1reas del mundo. Ademas, esto se suma al escenario pol\u00edtico local y la situaci\u00f3n del turismo en el pa\u00eds en los primeros meses del a\u00f1o.<\/span><\/span><\/div>\n<p style=\"box-sizing: border-box; font-family: Lato, sans-serif; line-height: 1.5; font-size: 18px; margin-bottom: 0px; padding-top: 0px; padding-bottom: 1em; color: rgb(68, 68, 68); text-align: justify;\"><span style=\"font-size:12px;\"><span style=\"font-family:verdana,geneva,sans-serif;\">B\u00e1ez se\u00f1ala que las reservas internacionales son parte de los indicadores que presenta una econom\u00eda saludable y permite a los pa\u00edses hacer buen negocio. A su juicio, la reducci\u00f3n que han tenido las reservadas internacionales en el mercado local a\u00fan es manejable.<\/span><\/span><\/p>\n<p style=\"box-sizing: border-box; font-family: Lato, sans-serif; line-height: 1.5; font-size: 18px; margin-bottom: 0px; padding-top: 0px; padding-bottom: 1em; color: rgb(68, 68, 68); text-align: justify;\"><span style=\"font-size:12px;\"><span style=\"font-family:verdana,geneva,sans-serif;\">Para contener una subida de la cotizaci\u00f3n del d\u00f3lar frente al peso dominicano, el BC decidi\u00f3 a partir del 16 de septiembre colocar montos superiores a US$100 millones al mercado cambiario, en coordinaci\u00f3n con los bancos comerciales.<\/span><\/span><\/p>\n<p style=\"box-sizing: border-box; font-family: Lato, sans-serif; line-height: 1.5; font-size: 18px; margin-bottom: 0px; padding-top: 0px; padding-bottom: 1em; color: rgb(68, 68, 68); text-align: justify;\"><span style=\"font-size:12px;\"><span style=\"font-family:verdana,geneva,sans-serif;\">Con relaci\u00f3n a la medida adoptada por el gobernador del BC, H\u00e9ctor Valdez Albizu, B\u00e1ez afirma que fue una buena decisi\u00f3n, porque el mercado se mueve y uno de los elementos que le hace moverse es la informaci\u00f3n o la falta de esta.<\/span><\/span><\/p>\n<p style=\"box-sizing: border-box; font-family: Lato, sans-serif; line-height: 1.5; font-size: 18px; margin-bottom: 0px; padding-top: 0px; padding-bottom: 1em; color: rgb(68, 68, 68); text-align: justify;\"><span style=\"font-size:12px;\"><span style=\"font-family:verdana,geneva,sans-serif;\">&ldquo;Yo pondero positivamente el hecho de que el Banco Central haya dado la cara e informado de manera correcta cu\u00e1les son las incidencias del mercado y que estas no est\u00e1n fuera de control. La inyecci\u00f3n de d\u00f3lares al mercado es positiva&rdquo;, explico B\u00e1ez, quien indica que el principal impacto de la inyecci\u00f3n de d\u00f3lares al mercado es detener la escasez.<\/span><\/span><\/p>\n<p style=\"box-sizing: border-box; font-family: Lato, sans-serif; line-height: 1.5; font-size: 18px; margin-bottom: 0px; padding-top: 0px; padding-bottom: 1em; color: rgb(68, 68, 68); text-align: justify;\"><span style=\"font-size:12px;\"><span style=\"font-family:verdana,geneva,sans-serif;\">Para Miguel Collado di Franco, economista senior del Centro Regional de Estrategias Econ\u00f3micas Sostenibles (CREES), la ca\u00edda en las reservas internacionales brutas entre junio y septiembre de 2019, no reflejan un comportamiento que llame a la incertidumbre. Considera que se trata de un &ldquo;patr\u00f3n normal&rdquo;.<\/span><\/span><\/p>\n<p style=\"box-sizing: border-box; font-family: Lato, sans-serif; line-height: 1.5; font-size: 18px; margin-bottom: 0px; padding-top: 0px; padding-bottom: 1em; color: rgb(68, 68, 68); text-align: justify;\"><span style=\"font-size:12px;\"><span style=\"font-family:verdana,geneva,sans-serif;\">&ldquo;Lo primero que hay que tener en cuenta es que todos los a\u00f1os las reservas internacionales del Banco Central se incrementan en la medida en que se colocan bonos en los mercados internacionales. Ese es un patr\u00f3n que se puede observar todos los a\u00f1os, que coincide precisamente con el per\u00edodo con que se hacen las emisiones&rdquo;, explica Collado di Franco.<\/span><\/span><\/p>\n<p style=\"box-sizing: border-box; font-family: Lato, sans-serif; line-height: 1.5; font-size: 18px; margin-bottom: 0px; padding-top: 0px; padding-bottom: 1em; color: rgb(68, 68, 68); text-align: justify;\"><span style=\"font-size:12px;\"><span style=\"font-family:verdana,geneva,sans-serif;\">&ldquo;Usualmente ha sido a principio de a\u00f1o, los primeros meses, pero como en este a\u00f1o hubo un atraso en la colocaci\u00f3n, eso se reflej\u00f3 en junio&rdquo;, precisa.<\/span><\/span><\/p>\n<p style=\"box-sizing: border-box; font-family: Lato, sans-serif; line-height: 1.5; font-size: 18px; margin-bottom: 0px; padding-top: 0px; padding-bottom: 1em; color: rgb(68, 68, 68); text-align: justify;\"><span style=\"font-size:12px;\"><span style=\"font-family:verdana,geneva,sans-serif;\">De enero a abril las reservas internacionales netas se incrementaron en un 3%, al pasar de US$7,046.5 millones a US$7,275.4 millones. En mayo se redujeron en un 4% al ubicarse en US$6,980.5 millones, respecto al mes anterior y en junio aumentaron en un 24% al situarse en US$8,711.6 millones.<\/span><\/span><\/p>\n<p style=\"box-sizing: border-box; font-family: Lato, sans-serif; line-height: 1.5; font-size: 18px; margin-bottom: 0px; padding-top: 0px; padding-bottom: 1em; color: rgb(68, 68, 68); text-align: justify;\"><span style=\"font-size:12px;\"><span style=\"font-family:verdana,geneva,sans-serif;\">Al comparar las reservas de los primeros nueve meses de 2019 con las del 2018, se observa un incremento de un 3%, cuando a septiembre se ubicaron en US$7,328.6 millones y en el mismo mes de este a\u00f1o en US$7,587.8 millones.<\/span><\/span><\/p>\n<p style=\"box-sizing: border-box; font-family: Lato, sans-serif; line-height: 1.5; font-size: 18px; margin-bottom: 0px; padding-top: 0px; padding-bottom: 1em; color: rgb(68, 68, 68); text-align: justify;\"><span style=\"font-size:12px;\"><span style=\"font-family:verdana,geneva,sans-serif;\">Collado di Franco puntualiza, adem\u00e1s, que las reservas disminuyen en la media en que van siendo usadas y es uno de los instrumentos que emplea el Banco Central para mantener el tipo de cambio planificado. &ldquo;Inyectando recursos de las reservas en d\u00f3lares al mercado con intervenciones puntuales&rdquo;.<\/span><\/span><\/p>\n<p style=\"box-sizing: border-box; font-family: Lato, sans-serif; line-height: 1.5; font-size: 18px; margin-bottom: 0px; padding-top: 0px; padding-bottom: 1em; color: rgb(68, 68, 68); text-align: justify;\"><span style=\"font-size:12px;\"><span style=\"font-family:verdana,geneva,sans-serif;\"><strong>&quot;Tranquilo, Bobby, tranquilo&quot;<\/strong><\/span><\/span><\/p>\n<p style=\"box-sizing: border-box; font-family: Lato, sans-serif; line-height: 1.5; font-size: 18px; margin-bottom: 0px; padding-top: 0px; padding-bottom: 1em; color: rgb(68, 68, 68); text-align: justify;\"><span style=\"font-size:12px;\"><span style=\"font-family:verdana,geneva,sans-serif;\">Al 18 de octubre las reservas internacionales del pa\u00eds ascendieron a US$7,668.6 millones, equivalente a 4.2 meses de importaciones en bienes y servicios, excluyendo las zonas francas. Esto, a juicio de H\u00e9ctor Valdez Albizu, gobernador del BC, es un &ldquo;logro indiscutible que el pa\u00eds ha fortalecido su posici\u00f3n de reservas internacionales sin poner en riesgo la estabilidad relativa del tipo de cambio&rdquo;.<\/span><\/span><\/p>\n<p style=\"box-sizing: border-box; font-family: Lato, sans-serif; line-height: 1.5; font-size: 18px; margin-bottom: 0px; padding-top: 0px; padding-bottom: 1em; color: rgb(68, 68, 68); text-align: justify;\"><span style=\"font-size:12px;\"><span style=\"font-family:verdana,geneva,sans-serif;\">Valdez Albizu dijo que en el presente a\u00f1o, a pesar de los efectos sobre el mercado cambiario, el escenario internacional adverso y de la menos recepci\u00f3n de dinero de Europa, as\u00ed como del entorno dom\u00e9stico caracterizado por la incertidumbre propia de un proceso electoral &ldquo;terrible&rdquo;, la depreciaci\u00f3n acumulada se mantuvo por debajo del promedio de Am\u00e9rica Latina, alcanzando un 4.9%.<\/span><\/span><\/p>\n<p style=\"box-sizing: border-box; font-family: Lato, sans-serif; line-height: 1.5; font-size: 18px; margin-bottom: 0px; padding-top: 0px; padding-bottom: 1em; color: rgb(68, 68, 68); text-align: justify;\"><span style=\"font-size:12px;\"><span style=\"font-family:verdana,geneva,sans-serif;\">Acto seguido coment\u00f3: &ldquo;Y todos a cada momento me preguntan: &lsquo;&iquest;qu\u00e9 (de) la tasa de devaluaci\u00f3n?&rsquo; Y yo oigo a los periodistas y oigo a los analistas econ\u00f3micos: &lsquo;&iexcl;qu\u00e9 la devaluaci\u00f3n&hellip;!&rsquo; Nada, 4.9%. No toman en cuenta que se cay\u00f3 el turismo, no toman en cuenta la incertidumbre que est\u00e1 viviendo el mundo y no toman en cuenta que adem\u00e1s esa incertidumbre interna provoca que mucha gente tienda a atesorar y a convertir sus pesos en d\u00f3lares hasta que pase el &lsquo;desgua\u00f1angue&rsquo; este que se ha formado&rdquo;.<\/span><\/span><\/p>\n<p style=\"box-sizing: border-box; font-family: Lato, sans-serif; line-height: 1.5; font-size: 18px; margin-bottom: 0px; padding-top: 0px; padding-bottom: 1em; color: rgb(68, 68, 68); text-align: justify;\"><span style=\"font-size:12px;\"><span style=\"font-family:verdana,geneva,sans-serif;\">&ldquo;Nosotros hemos intervenido, no con 100, no; con 300 millones d\u00f3lares, porque lo que ha pasado aqu\u00ed ha provocado que los sectores econ\u00f3micos, los agentes econ\u00f3micos, est\u00e9n dolariz\u00e1ndose, pa&rsquo; ponerlo (el dinero) debajo de la cama, para cuando pase, por el temor del 2003, y nosotros nos dimos cuenta&rdquo;, dijo Valdez Albizu.<\/span><\/span><\/p>\n<p style=\"box-sizing: border-box; font-family: Lato, sans-serif; line-height: 1.5; font-size: 18px; margin-bottom: 0px; padding-top: 0px; padding-bottom: 1em; color: rgb(68, 68, 68); text-align: justify;\"><span style=\"font-size:12px;\"><span style=\"font-family:verdana,geneva,sans-serif;\">Sostuvo, no obstante, que est\u00e1 consciente de que los movimientos recientes en el mercado cambiario han generado aprehensi\u00f3n en algunos sectores de la sociedad. &ldquo;Tranquilo, Bobby, tranquilo&rdquo;, indic\u00f3.<\/span><\/span><\/p>\n<p style=\"box-sizing: border-box; font-family: Lato, sans-serif; line-height: 1.5; font-size: 18px; margin-bottom: 0px; padding-top: 0px; padding-bottom: 1em; color: rgb(68, 68, 68); text-align: justify;\"><span style=\"font-size:12px;\"><span style=\"font-family:verdana,geneva,sans-serif;\">En lo que va de a\u00f1o la tasa de cambio del d\u00f3lar ha experimentado una tendencia al alza. Rep\u00fablica Dominicana present\u00f3 de enero a septiembre de 2019 una leve devaluaci\u00f3n de su moneda respecto al d\u00f3lar estadounidense. Sin embargo, las autoridades monetarias han logrado mantener el valor del peso dominicano seg\u00fan sus previsiones establecidas en el Presupuesto de este a\u00f1o, el cual estima que la tasa de cambio se sit\u00fae en RD$52.18 por d\u00f3lar.<\/span><\/span><\/p>\n<p style=\"box-sizing: border-box; font-family: Lato, sans-serif; line-height: 1.5; font-size: 18px; margin-bottom: 0px; padding-top: 0px; padding-bottom: 1em; color: rgb(68, 68, 68); text-align: justify;\"><span style=\"font-size:12px;\"><span style=\"font-family:verdana,geneva,sans-serif;\">&ldquo;Los que me conocen saben que tengo un compromiso innegociable con la estabilidad cambiaria y que estas situaciones que se han presentado, producto de la incertidumbre pol\u00edtica, como se\u00f1al\u00e9 anteriormente, ser\u00e1n enfrentadas y resueltas de manera contundente&rdquo;, precis\u00f3 Valdez Albizu durante un discurso con motivo al 72 aniversario del BC.<\/span><\/span><\/p>\n<p style=\"box-sizing: border-box; font-family: Lato, sans-serif; line-height: 1.5; font-size: 18px; margin-bottom: 0px; padding-top: 0px; padding-bottom: 1em; color: rgb(68, 68, 68); text-align: justify;\"><span style=\"font-size:12px;\"><span style=\"font-family:verdana,geneva,sans-serif;\">En apoyo a la actividad econ\u00f3mica, Rep\u00fablica Dominicana, afirm\u00f3 el gobernador del BC, cuenta con un sistema financiero que se destaca por su &ldquo;liquidez, solvencia y rentabilidad&rdquo;, as\u00ed como el bajo nivel de riesgo de su cartera de cr\u00e9ditos.<\/span><\/span><\/p>\n<p style=\"box-sizing: border-box; font-family: Lato, sans-serif; line-height: 1.5; font-size: 18px; margin-bottom: 0px; padding-top: 0px; padding-bottom: 1em; color: rgb(68, 68, 68); text-align: justify;\"><span style=\"font-size:12px;\"><span style=\"font-family:verdana,geneva,sans-serif;\">Seg\u00fan datos de la Superintendencia de Bancos (SIB), a agosto de 2019, el coeficiente de solvencia era de 18.15 %, superior al coeficiente m\u00ednimo de 10.0% requerido legalmente.<\/span><\/span><\/p>\n<p style=\"box-sizing: border-box; font-family: Lato, sans-serif; line-height: 1.5; font-size: 18px; margin-bottom: 0px; padding-top: 0px; padding-bottom: 1em; color: rgb(68, 68, 68); text-align: justify;\"><span style=\"font-size:12px;\"><span style=\"font-family:verdana,geneva,sans-serif;\">Asimismo, a septiembre 2019, las utilidades de los intermediarios financieros alcanzaron RD$26,691.0 millones, para una rentabilidad sobre el patrimonio promedio (ROE) de 19.8% y sobre los activos (ROA) de 2.4%. El \u00edndice de morosidad se situ\u00f3 en 1.69%, con provisiones superiores al 100 por ciento.<\/span><\/span><\/p>\n<p style=\"box-sizing: border-box; font-family: Lato, sans-serif; line-height: 1.5; font-size: 18px; margin-bottom: 0px; padding-top: 0px; padding-bottom: 1em; color: rgb(68, 68, 68); text-align: justify;\"><span style=\"font-size:12px;\"><span style=\"font-family:verdana,geneva,sans-serif;\">En ese tenor, Valdez Albizu agreg\u00f3 que &ldquo;hoy estamos apostando que vamos a terminar el 2019 con m\u00e1s de US$8,000 millones en reservas&rdquo;.<\/span><\/span><\/p>\n<p style=\"box-sizing: border-box; font-family: Lato, sans-serif; line-height: 1.5; font-size: 18px; margin-bottom: 0px; padding-top: 0px; padding-bottom: 1em; color: rgb(68, 68, 68); text-align: justify;\"><span style=\"font-size:12px;\"><span style=\"font-family:verdana,geneva,sans-serif;\">Al respecto, el economista Collado Di Franco sostuvo que el Banco Central siempre busca los mecanismos para cerrar el a\u00f1o con mayores reservas internacionales. &ldquo;Este es el patr\u00f3n que hemos visto en los \u00faltimos a\u00f1os&rdquo;, reiter\u00f3.<\/span><\/span><\/p>\n<p style=\"box-sizing: border-box; font-family: Lato, sans-serif; line-height: 1.5; font-size: 18px; margin-bottom: 0px; padding-top: 0px; padding-bottom: 1em; color: rgb(68, 68, 68); text-align: justify;\"><span style=\"font-size:12px;\"><span style=\"font-family:verdana,geneva,sans-serif;\">No obstante, surge la inquietud de c\u00f3mo podr\u00eda Rep\u00fablica Dominicana tener un incremento mayor en sus reservas internacionales. Collado di Franco sostuvo que se lograr\u00eda en la medida en que &ldquo;podamos tener mayor estabilidad fiscal y que el ahorro interno del Gobierno pueda ser pasado al Banco Central y este en consecuencia aumentar sus reservas y se mantengan en niveles m\u00e1s altos&rdquo;.<\/span><\/span><\/p>\n<p style=\"box-sizing: border-box; font-family: Lato, sans-serif; line-height: 1.5; font-size: 18px; margin-bottom: 0px; padding-top: 0px; padding-bottom: 1em; color: rgb(68, 68, 68); text-align: justify;\"><span style=\"font-size:12px;\"><span style=\"font-family:verdana,geneva,sans-serif;\">El economista del CREES agreg\u00f3 que los dominicanos deben aspirar a tener unas finanzas p\u00fablicas equilibradas, que el Gobierno controle el gasto y los d\u00e9ficits.<\/span><\/span><\/p>\n<p style=\"box-sizing: border-box; font-family: Lato, sans-serif; line-height: 1.5; font-size: 18px; margin-bottom: 0px; padding-top: 0px; padding-bottom: 1em; color: rgb(68, 68, 68); text-align: justify;\"><span style=\"font-size:12px;\"><span style=\"font-family:verdana,geneva,sans-serif;\"><strong>Estabilidad<\/strong><\/span><\/span><\/p>\n<p style=\"box-sizing: border-box; font-family: Lato, sans-serif; line-height: 1.5; font-size: 18px; margin-bottom: 0px; padding-top: 0px; padding-bottom: 1em; color: rgb(68, 68, 68); text-align: justify;\"><span style=\"font-size:12px;\"><span style=\"font-family:verdana,geneva,sans-serif;\">Con relaci\u00f3n a la depreciaci\u00f3n del peso frente al d\u00f3lar B\u00e1ez indica, que &ldquo;la estabilidad que presentaba el d\u00f3lar en los \u00faltimos meses al situarse por debajo de los 50.8 pesos, al verse interrumpida de forma repentina y constante, disparo las alarmas del mercado, sin embargo, esta es un alza manejable, pero s\u00ed debemos estar pendientes&rdquo;.<\/span><\/span><\/p>\n<p style=\"box-sizing: border-box; font-family: Lato, sans-serif; line-height: 1.5; font-size: 18px; margin-bottom: 0px; padding-top: 0px; padding-bottom: 1em; color: rgb(68, 68, 68); text-align: justify;\"><span style=\"font-size:12px;\"><span style=\"font-family:verdana,geneva,sans-serif;\">En los primeros siete meses de este a\u00f1o la tasa de cambio del d\u00f3lar en referencia al mercado spot se ubic\u00f3 entre los 50.2 pesos en enero y los 50.8 pesos en julio su compra, mientras que la venta se ubic\u00f3 en 50.3 pesos y 50.9 pesos el en per\u00edodo se\u00f1alado, seg\u00fan los datos oficiales.<\/span><\/span><\/p>\n<p style=\"box-sizing: border-box; font-family: Lato, sans-serif; line-height: 1.5; font-size: 18px; margin-bottom: 0px; padding-top: 0px; padding-bottom: 1em; color: rgb(68, 68, 68); text-align: justify;\"><span style=\"font-size:12px;\"><span style=\"font-family:verdana,geneva,sans-serif;\"><strong>Am\u00e9rica Latina<\/strong><\/span><\/span><\/p>\n<p style=\"box-sizing: border-box; font-family: Lato, sans-serif; line-height: 1.5; font-size: 18px; margin-bottom: 0px; padding-top: 0px; padding-bottom: 1em; color: rgb(68, 68, 68); text-align: justify;\"><span style=\"font-size:12px;\"><span style=\"font-family:verdana,geneva,sans-serif;\">De acuerdo a un comunicado de prensa del Banco Central, en la din\u00e1mica del tipo de cambio durante los primeros ocho meses del a\u00f1o, se destaca que la baja depreciaci\u00f3n de 2.0% en Rep\u00fablica Dominicana durante el per\u00edodo enero-agosto fue considerablemente menor a las depreciaciones acumuladas en la mayor\u00eda de los pa\u00edses de Am\u00e9rica Latina.<\/span><\/span><\/p>\n<p style=\"box-sizing: border-box; font-family: Lato, sans-serif; line-height: 1.5; font-size: 18px; margin-bottom: 0px; padding-top: 0px; padding-bottom: 1em; color: rgb(68, 68, 68); text-align: justify;\"><span style=\"font-size:12px;\"><span style=\"font-family:verdana,geneva,sans-serif;\">Espec\u00edficamente, los pa\u00edses con mayor depreciaci\u00f3n acumulada fueron: Argentina (36.0%), Uruguay (11.6%), Brasil (6.4%), Colombia (6.2%), Paraguay (5.0%) y Chile (3.6%). De igual manera, las principales econom\u00edas emergentes han registrado depreciaciones significativas en el per\u00edodo enero-agosto, principalmente Turqu\u00eda (9.3%), Brasil (6.4%), Sud\u00e1frica (5.6%) y China (3.9%).<\/span><\/span><\/p>\n<p style=\"box-sizing: border-box; font-family: Lato, sans-serif; line-height: 1.5; font-size: 18px; margin-bottom: 0px; padding-top: 0px; padding-bottom: 1em; color: rgb(68, 68, 68); text-align: justify;\"><span style=\"font-size:12px;\"><span style=\"font-family:verdana,geneva,sans-serif;\">La nota se\u00f1ala que la diferencia en el nivel de depreciaci\u00f3n entre pa\u00edses es m\u00e1s acentuada si se analiza solamente lo ocurrido en el mes de agosto.<\/span><\/span><\/p>\n<p style=\"box-sizing: border-box; font-family: Lato, sans-serif; line-height: 1.5; font-size: 18px; margin-bottom: 0px; padding-top: 0px; padding-bottom: 1em; color: rgb(68, 68, 68); text-align: justify;\"><span style=\"font-size:12px;\"><span style=\"font-family:verdana,geneva,sans-serif;\">Mientras Rep\u00fablica Dominicana present\u00f3 una depreciaci\u00f3n mensual de apenas 0.5%, las monedas de casi todos los pa\u00edses de Am\u00e9rica Latina presentaron depreciaciones significativas, resalt\u00e1ndose Argentina (25.7%), Brasil (8.4%), Uruguay (6.3%), Colombia (5.8%), M\u00e9xico (5.0%), Paraguay (3.7%) y Chile (3.3%).<\/span><\/span><\/p>\n<div class=\"pvc_clear\"><\/div>\n<p class=\"pvc_stats all \" data-element-id=\"20820\" style=\"\"><i class=\"pvc-stats-icon medium\" aria-hidden=\"true\"><svg aria-hidden=\"true\" focusable=\"false\" data-prefix=\"far\" data-icon=\"chart-bar\" role=\"img\" xmlns=\"http:\/\/www.w3.org\/2000\/svg\" viewBox=\"0 0 512 512\" class=\"svg-inline--fa fa-chart-bar fa-w-16 fa-2x\"><path fill=\"currentColor\" d=\"M396.8 352h22.4c6.4 0 12.8-6.4 12.8-12.8V108.8c0-6.4-6.4-12.8-12.8-12.8h-22.4c-6.4 0-12.8 6.4-12.8 12.8v230.4c0 6.4 6.4 12.8 12.8 12.8zm-192 0h22.4c6.4 0 12.8-6.4 12.8-12.8V140.8c0-6.4-6.4-12.8-12.8-12.8h-22.4c-6.4 0-12.8 6.4-12.8 12.8v198.4c0 6.4 6.4 12.8 12.8 12.8zm96 0h22.4c6.4 0 12.8-6.4 12.8-12.8V204.8c0-6.4-6.4-12.8-12.8-12.8h-22.4c-6.4 0-12.8 6.4-12.8 12.8v134.4c0 6.4 6.4 12.8 12.8 12.8zM496 400H48V80c0-8.84-7.16-16-16-16H16C7.16 64 0 71.16 0 80v336c0 17.67 14.33 32 32 32h464c8.84 0 16-7.16 16-16v-16c0-8.84-7.16-16-16-16zm-387.2-48h22.4c6.4 0 12.8-6.4 12.8-12.8v-70.4c0-6.4-6.4-12.8-12.8-12.8h-22.4c-6.4 0-12.8 6.4-12.8 12.8v70.4c0 6.4 6.4 12.8 12.8 12.8z\" class=\"\"><\/path><\/svg><\/i> Vistas Totales&nbsp;717&nbsp;, Vistas Hoy&nbsp;3&nbsp;<\/p>\n<div class=\"pvc_clear\"><\/div>\n","protected":false},"excerpt":{"rendered":"<p>Publicado el: Jueves 31 de octubre del 2019Autor: Massiel de Jes\u00fas y Yulissa \u00c1lvarezUna fuerte posesi\u00f3n de reservas internacionales es un indicador de solidez financiera, lo que contribuye a reducir el riesgo soberano, ya que estos recursos financieros garantizan los pagos de los bienes que importa un pa\u00eds, el servicio de la deuda y estabiliza el valor de la moneda, as\u00ed lo explica el Banco Central (BC) en su p\u00e1gina web.<\/p>\n<div class=\"pvc_clear\"><\/div>\n<p class=\"pvc_stats all \" data-element-id=\"20820\" style=\"\"><i class=\"pvc-stats-icon medium\" aria-hidden=\"true\"><svg aria-hidden=\"true\" focusable=\"false\" data-prefix=\"far\" data-icon=\"chart-bar\" role=\"img\" xmlns=\"http:\/\/www.w3.org\/2000\/svg\" viewBox=\"0 0 512 512\" class=\"svg-inline--fa fa-chart-bar fa-w-16 fa-2x\"><path fill=\"currentColor\" d=\"M396.8 352h22.4c6.4 0 12.8-6.4 12.8-12.8V108.8c0-6.4-6.4-12.8-12.8-12.8h-22.4c-6.4 0-12.8 6.4-12.8 12.8v230.4c0 6.4 6.4 12.8 12.8 12.8zm-192 0h22.4c6.4 0 12.8-6.4 12.8-12.8V140.8c0-6.4-6.4-12.8-12.8-12.8h-22.4c-6.4 0-12.8 6.4-12.8 12.8v198.4c0 6.4 6.4 12.8 12.8 12.8zm96 0h22.4c6.4 0 12.8-6.4 12.8-12.8V204.8c0-6.4-6.4-12.8-12.8-12.8h-22.4c-6.4 0-12.8 6.4-12.8 12.8v134.4c0 6.4 6.4 12.8 12.8 12.8zM496 400H48V80c0-8.84-7.16-16-16-16H16C7.16 64 0 71.16 0 80v336c0 17.67 14.33 32 32 32h464c8.84 0 16-7.16 16-16v-16c0-8.84-7.16-16-16-16zm-387.2-48h22.4c6.4 0 12.8-6.4 12.8-12.8v-70.4c0-6.4-6.4-12.8-12.8-12.8h-22.4c-6.4 0-12.8 6.4-12.8 12.8v70.4c0 6.4 6.4 12.8 12.8 12.8z\" class=\"\"><\/path><\/svg><\/i> Vistas Totales&nbsp;717&nbsp;, Vistas Hoy&nbsp;3&nbsp;<\/p>\n<div class=\"pvc_clear\"><\/div>\n","protected":false},"author":2,"featured_media":0,"comment_status":"open","ping_status":"open","sticky":false,"template":"","format":"standard","meta":{"footnotes":""},"categories":[21],"tags":[],"class_list":["post-20820","post","type-post","status-publish","format-standard","hentry","category-blog"],"yoast_head":"<!-- This site is optimized with the Yoast SEO plugin v25.2 - https:\/\/yoast.com\/wordpress\/plugins\/seo\/ -->\n<title>Las reservas internacionales de RD caen US$1,124 millones, pero \u201ctranquilo, Bobby, tranquilo\u201d | CREES<\/title>\n<meta name=\"robots\" content=\"index, follow, max-snippet:-1, max-image-preview:large, max-video-preview:-1\" \/>\n<link rel=\"canonical\" href=\"https:\/\/crees.org.do\/?p=20820\" \/>\n<meta property=\"og:locale\" content=\"es_ES\" \/>\n<meta property=\"og:type\" content=\"article\" \/>\n<meta property=\"og:title\" content=\"Las reservas internacionales de RD caen US$1,124 millones, pero \u201ctranquilo, Bobby, tranquilo\u201d | CREES\" \/>\n<meta property=\"og:description\" content=\"Publicado el: Jueves 31 de octubre del 2019Autor: Massiel de Jes\u00fas y Yulissa \u00c1lvarezUna fuerte posesi\u00f3n de reservas internacionales es un indicador de solidez financiera, lo que contribuye a reducir el riesgo soberano, ya que estos recursos financieros garantizan los pagos de los bienes que importa un pa\u00eds, el servicio de la deuda y estabiliza el valor de la moneda, as\u00ed lo explica el Banco Central (BC) en su p\u00e1gina web.\" \/>\n<meta property=\"og:url\" content=\"https:\/\/crees.org.do\/?p=20820\" \/>\n<meta property=\"og:site_name\" content=\"CREES\" \/>\n<meta property=\"article:publisher\" content=\"https:\/\/www.facebook.com\/CREESRD\/\" \/>\n<meta property=\"article:published_time\" content=\"2019-01-10T00:00:00+00:00\" \/>\n<meta property=\"og:image\" content=\"https:\/\/crees.org.do\/wp-content\/uploads\/2022\/03\/crees-logo-1.jpg\" \/>\n\t<meta property=\"og:image:width\" content=\"244\" \/>\n\t<meta property=\"og:image:height\" content=\"71\" \/>\n\t<meta property=\"og:image:type\" content=\"image\/jpeg\" \/>\n<meta name=\"author\" content=\"Crees\" \/>\n<meta name=\"twitter:card\" content=\"summary_large_image\" \/>\n<meta name=\"twitter:creator\" content=\"@CREESRD\" \/>\n<meta name=\"twitter:site\" content=\"@CREESRD\" \/>\n<meta name=\"twitter:label1\" content=\"Escrito por\" \/>\n\t<meta name=\"twitter:data1\" content=\"Crees\" \/>\n\t<meta name=\"twitter:label2\" content=\"Tiempo de lectura\" \/>\n\t<meta name=\"twitter:data2\" content=\"9 minutos\" \/>\n<script type=\"application\/ld+json\" class=\"yoast-schema-graph\">{\"@context\":\"https:\/\/schema.org\",\"@graph\":[{\"@type\":\"Article\",\"@id\":\"https:\/\/crees.org.do\/?p=20820#article\",\"isPartOf\":{\"@id\":\"https:\/\/crees.org.do\/?p=20820\"},\"author\":{\"name\":\"Crees\",\"@id\":\"https:\/\/crees.org.do\/#\/schema\/person\/e7f97cd94d7bf9cd0e0ce30acb7d56b8\"},\"headline\":\"Las reservas internacionales de RD caen US$1,124 millones, pero \u201ctranquilo, Bobby, tranquilo\u201d\",\"datePublished\":\"2019-01-10T00:00:00+00:00\",\"mainEntityOfPage\":{\"@id\":\"https:\/\/crees.org.do\/?p=20820\"},\"wordCount\":1856,\"commentCount\":0,\"publisher\":{\"@id\":\"https:\/\/crees.org.do\/#organization\"},\"articleSection\":[\"Blog\"],\"inLanguage\":\"es\"},{\"@type\":\"WebPage\",\"@id\":\"https:\/\/crees.org.do\/?p=20820\",\"url\":\"https:\/\/crees.org.do\/?p=20820\",\"name\":\"Las reservas internacionales de RD caen US$1,124 millones, pero \u201ctranquilo, Bobby, tranquilo\u201d | CREES\",\"isPartOf\":{\"@id\":\"https:\/\/crees.org.do\/#website\"},\"datePublished\":\"2019-01-10T00:00:00+00:00\",\"breadcrumb\":{\"@id\":\"https:\/\/crees.org.do\/?p=20820#breadcrumb\"},\"inLanguage\":\"es\",\"potentialAction\":[{\"@type\":\"ReadAction\",\"target\":[\"https:\/\/crees.org.do\/?p=20820\"]}]},{\"@type\":\"BreadcrumbList\",\"@id\":\"https:\/\/crees.org.do\/?p=20820#breadcrumb\",\"itemListElement\":[{\"@type\":\"ListItem\",\"position\":1,\"name\":\"Portada\",\"item\":\"https:\/\/crees.org.do\/\"},{\"@type\":\"ListItem\",\"position\":2,\"name\":\"Las reservas internacionales de RD caen US$1,124 millones, pero \u201ctranquilo, Bobby, tranquilo\u201d\"}]},{\"@type\":\"WebSite\",\"@id\":\"https:\/\/crees.org.do\/#website\",\"url\":\"https:\/\/crees.org.do\/\",\"name\":\"CREES\",\"description\":\"Centro Regional de Estrategias Econ\u00f3micas Sostenibles\",\"publisher\":{\"@id\":\"https:\/\/crees.org.do\/#organization\"},\"potentialAction\":[{\"@type\":\"SearchAction\",\"target\":{\"@type\":\"EntryPoint\",\"urlTemplate\":\"https:\/\/crees.org.do\/?s={search_term_string}\"},\"query-input\":{\"@type\":\"PropertyValueSpecification\",\"valueRequired\":true,\"valueName\":\"search_term_string\"}}],\"inLanguage\":\"es\"},{\"@type\":\"Organization\",\"@id\":\"https:\/\/crees.org.do\/#organization\",\"name\":\"CREES | Centro Regional de Estrategias Econ\u00f3micas Sostenibles\",\"url\":\"https:\/\/crees.org.do\/\",\"logo\":{\"@type\":\"ImageObject\",\"inLanguage\":\"es\",\"@id\":\"https:\/\/crees.org.do\/#\/schema\/logo\/image\/\",\"url\":\"https:\/\/crees.org.do\/wp-content\/uploads\/2022\/03\/crees-logo-1.jpg\",\"contentUrl\":\"https:\/\/crees.org.do\/wp-content\/uploads\/2022\/03\/crees-logo-1.jpg\",\"width\":244,\"height\":71,\"caption\":\"CREES | Centro Regional de Estrategias Econ\u00f3micas Sostenibles\"},\"image\":{\"@id\":\"https:\/\/crees.org.do\/#\/schema\/logo\/image\/\"},\"sameAs\":[\"https:\/\/www.facebook.com\/CREESRD\/\",\"https:\/\/x.com\/CREESRD\"]},{\"@type\":\"Person\",\"@id\":\"https:\/\/crees.org.do\/#\/schema\/person\/e7f97cd94d7bf9cd0e0ce30acb7d56b8\",\"name\":\"Crees\",\"image\":{\"@type\":\"ImageObject\",\"inLanguage\":\"es\",\"@id\":\"https:\/\/crees.org.do\/#\/schema\/person\/image\/\",\"url\":\"https:\/\/secure.gravatar.com\/avatar\/390ac8f0be5d9aa046152553e2dd7011b59a512d89c150f5e5f28bb8d9a0b165?s=96&d=mm&r=g\",\"contentUrl\":\"https:\/\/secure.gravatar.com\/avatar\/390ac8f0be5d9aa046152553e2dd7011b59a512d89c150f5e5f28bb8d9a0b165?s=96&d=mm&r=g\",\"caption\":\"Crees\"},\"url\":\"https:\/\/crees.org.do\/?author=2\"}]}<\/script>\n<!-- \/ Yoast SEO plugin. -->","yoast_head_json":{"title":"Las reservas internacionales de RD caen US$1,124 millones, pero \u201ctranquilo, Bobby, tranquilo\u201d | CREES","robots":{"index":"index","follow":"follow","max-snippet":"max-snippet:-1","max-image-preview":"max-image-preview:large","max-video-preview":"max-video-preview:-1"},"canonical":"https:\/\/crees.org.do\/?p=20820","og_locale":"es_ES","og_type":"article","og_title":"Las reservas internacionales de RD caen US$1,124 millones, pero \u201ctranquilo, Bobby, tranquilo\u201d | CREES","og_description":"Publicado el: Jueves 31 de octubre del 2019Autor: Massiel de Jes\u00fas y Yulissa \u00c1lvarezUna fuerte posesi\u00f3n de reservas internacionales es un indicador de solidez financiera, lo que contribuye a reducir el riesgo soberano, ya que estos recursos financieros garantizan los pagos de los bienes que importa un pa\u00eds, el servicio de la deuda y estabiliza el valor de la moneda, as\u00ed lo explica el Banco Central (BC) en su p\u00e1gina web.","og_url":"https:\/\/crees.org.do\/?p=20820","og_site_name":"CREES","article_publisher":"https:\/\/www.facebook.com\/CREESRD\/","article_published_time":"2019-01-10T00:00:00+00:00","og_image":[{"width":244,"height":71,"url":"https:\/\/crees.org.do\/wp-content\/uploads\/2022\/03\/crees-logo-1.jpg","type":"image\/jpeg"}],"author":"Crees","twitter_card":"summary_large_image","twitter_creator":"@CREESRD","twitter_site":"@CREESRD","twitter_misc":{"Escrito por":"Crees","Tiempo de lectura":"9 minutos"},"schema":{"@context":"https:\/\/schema.org","@graph":[{"@type":"Article","@id":"https:\/\/crees.org.do\/?p=20820#article","isPartOf":{"@id":"https:\/\/crees.org.do\/?p=20820"},"author":{"name":"Crees","@id":"https:\/\/crees.org.do\/#\/schema\/person\/e7f97cd94d7bf9cd0e0ce30acb7d56b8"},"headline":"Las reservas internacionales de RD caen US$1,124 millones, pero \u201ctranquilo, Bobby, tranquilo\u201d","datePublished":"2019-01-10T00:00:00+00:00","mainEntityOfPage":{"@id":"https:\/\/crees.org.do\/?p=20820"},"wordCount":1856,"commentCount":0,"publisher":{"@id":"https:\/\/crees.org.do\/#organization"},"articleSection":["Blog"],"inLanguage":"es"},{"@type":"WebPage","@id":"https:\/\/crees.org.do\/?p=20820","url":"https:\/\/crees.org.do\/?p=20820","name":"Las reservas internacionales de RD caen US$1,124 millones, pero \u201ctranquilo, Bobby, tranquilo\u201d | CREES","isPartOf":{"@id":"https:\/\/crees.org.do\/#website"},"datePublished":"2019-01-10T00:00:00+00:00","breadcrumb":{"@id":"https:\/\/crees.org.do\/?p=20820#breadcrumb"},"inLanguage":"es","potentialAction":[{"@type":"ReadAction","target":["https:\/\/crees.org.do\/?p=20820"]}]},{"@type":"BreadcrumbList","@id":"https:\/\/crees.org.do\/?p=20820#breadcrumb","itemListElement":[{"@type":"ListItem","position":1,"name":"Portada","item":"https:\/\/crees.org.do\/"},{"@type":"ListItem","position":2,"name":"Las reservas internacionales de RD caen US$1,124 millones, pero \u201ctranquilo, Bobby, tranquilo\u201d"}]},{"@type":"WebSite","@id":"https:\/\/crees.org.do\/#website","url":"https:\/\/crees.org.do\/","name":"CREES","description":"Centro Regional de Estrategias Econ\u00f3micas Sostenibles","publisher":{"@id":"https:\/\/crees.org.do\/#organization"},"potentialAction":[{"@type":"SearchAction","target":{"@type":"EntryPoint","urlTemplate":"https:\/\/crees.org.do\/?s={search_term_string}"},"query-input":{"@type":"PropertyValueSpecification","valueRequired":true,"valueName":"search_term_string"}}],"inLanguage":"es"},{"@type":"Organization","@id":"https:\/\/crees.org.do\/#organization","name":"CREES | Centro Regional de Estrategias Econ\u00f3micas Sostenibles","url":"https:\/\/crees.org.do\/","logo":{"@type":"ImageObject","inLanguage":"es","@id":"https:\/\/crees.org.do\/#\/schema\/logo\/image\/","url":"https:\/\/crees.org.do\/wp-content\/uploads\/2022\/03\/crees-logo-1.jpg","contentUrl":"https:\/\/crees.org.do\/wp-content\/uploads\/2022\/03\/crees-logo-1.jpg","width":244,"height":71,"caption":"CREES | Centro Regional de Estrategias Econ\u00f3micas Sostenibles"},"image":{"@id":"https:\/\/crees.org.do\/#\/schema\/logo\/image\/"},"sameAs":["https:\/\/www.facebook.com\/CREESRD\/","https:\/\/x.com\/CREESRD"]},{"@type":"Person","@id":"https:\/\/crees.org.do\/#\/schema\/person\/e7f97cd94d7bf9cd0e0ce30acb7d56b8","name":"Crees","image":{"@type":"ImageObject","inLanguage":"es","@id":"https:\/\/crees.org.do\/#\/schema\/person\/image\/","url":"https:\/\/secure.gravatar.com\/avatar\/390ac8f0be5d9aa046152553e2dd7011b59a512d89c150f5e5f28bb8d9a0b165?s=96&d=mm&r=g","contentUrl":"https:\/\/secure.gravatar.com\/avatar\/390ac8f0be5d9aa046152553e2dd7011b59a512d89c150f5e5f28bb8d9a0b165?s=96&d=mm&r=g","caption":"Crees"},"url":"https:\/\/crees.org.do\/?author=2"}]}},"_links":{"self":[{"href":"https:\/\/crees.org.do\/index.php?rest_route=\/wp\/v2\/posts\/20820","targetHints":{"allow":["GET"]}}],"collection":[{"href":"https:\/\/crees.org.do\/index.php?rest_route=\/wp\/v2\/posts"}],"about":[{"href":"https:\/\/crees.org.do\/index.php?rest_route=\/wp\/v2\/types\/post"}],"author":[{"embeddable":true,"href":"https:\/\/crees.org.do\/index.php?rest_route=\/wp\/v2\/users\/2"}],"replies":[{"embeddable":true,"href":"https:\/\/crees.org.do\/index.php?rest_route=%2Fwp%2Fv2%2Fcomments&post=20820"}],"version-history":[{"count":0,"href":"https:\/\/crees.org.do\/index.php?rest_route=\/wp\/v2\/posts\/20820\/revisions"}],"wp:attachment":[{"href":"https:\/\/crees.org.do\/index.php?rest_route=%2Fwp%2Fv2%2Fmedia&parent=20820"}],"wp:term":[{"taxonomy":"category","embeddable":true,"href":"https:\/\/crees.org.do\/index.php?rest_route=%2Fwp%2Fv2%2Fcategories&post=20820"},{"taxonomy":"post_tag","embeddable":true,"href":"https:\/\/crees.org.do\/index.php?rest_route=%2Fwp%2Fv2%2Ftags&post=20820"}],"curies":[{"name":"wp","href":"https:\/\/api.w.org\/{rel}","templated":true}]}}