{"id":20822,"date":"2019-01-11T00:00:00","date_gmt":"2019-01-11T00:00:00","guid":{"rendered":"https:\/\/crees.org.do\/industriales-de-herrera-resaltan-la-necesidad-de-una-ley-de-responsabilidad-fiscal\/"},"modified":"2019-01-11T00:00:00","modified_gmt":"2019-01-11T00:00:00","slug":"industriales-de-herrera-resaltan-la-necesidad-de-una-ley-de-responsabilidad-fiscal","status":"publish","type":"post","link":"https:\/\/crees.org.do\/?p=20822","title":{"rendered":"Industriales de Herrera resaltan la necesidad de una ley de responsabilidad fiscal"},"content":{"rendered":"<p style=\"text-align: justify;\"><span style=\"font-size:12px;\"><span style=\"font-family:verdana,geneva,sans-serif;\">Autor: Diario Libre<\/span><\/span><\/p>\n<p style=\"text-align: justify;\"><span style=\"font-size:12px;\"><span style=\"font-family:verdana,geneva,sans-serif;\">Extra\u00eddo de: Diario Libre<\/span><\/span><\/p>\n<p style=\"box-sizing: inherit; margin-bottom: 1rem; font-size: 18px; color: rgb(0, 0, 0); font-family: Roboto, Arial, sans-serif; background-color: rgb(255, 255, 255); text-align: justify;\"><span style=\"font-size:12px;\"><span style=\"font-family:verdana,geneva,sans-serif;\">La Asociaci\u00f3n Nacional de Empresas e Industrias Herrera (ANEIH), ve favorable la propuesta de que Rep\u00fablica Dominicana cuente con una Ley de Responsabilidad Fiscal que sirva de base para la sostenibilidad de las finanzas p\u00fablicas a largo plazo, y consider\u00f3 que la legislaci\u00f3n contribuir\u00e1 a enfrentar la poca transparencia y eficiencia con que se manejan los recursos del Estado.<\/span><\/span><\/p>\n<p style=\"box-sizing: inherit; margin-bottom: 1rem; font-size: 18px; color: rgb(0, 0, 0); font-family: Roboto, Arial, sans-serif; background-color: rgb(255, 255, 255); text-align: justify;\"><span style=\"font-size:12px;\"><span style=\"font-family:verdana,geneva,sans-serif;\">Al tenor de este planteamiento, el presidente de la entidad empresarial, Leonel Castellanos Duarte, se\u00f1al\u00f3 que la inevitable reforma fiscal que se llevara a cabo, tendr\u00e1 que encarar los grandes desaf\u00edos y retos del endeudamiento y el constante d\u00e9ficit en el presupuesto de la naci\u00f3n de cada a\u00f1o junto a los compromisos sociales pendientes.<\/span><\/span><\/p>\n<p style=\"box-sizing: inherit; margin-bottom: 1rem; font-size: 18px; color: rgb(0, 0, 0); font-family: Roboto, Arial, sans-serif; background-color: rgb(255, 255, 255); text-align: justify;\"><span style=\"font-size:12px;\"><span style=\"font-family:verdana,geneva,sans-serif;\">A su juicio, de esta manera se podr\u00eda lograr una mayor eficiencia del gasto y equilibrio de las finanzas p\u00fablicas. &ldquo;No hay manera de hacer una gesti\u00f3n presupuestaria sin voluntad pol\u00edtica y un compromiso en el uso de los recursos conforme a lo asignado en las partidas presupuestaria&rdquo;, asever\u00f3.<\/span><\/span><\/p>\n<div class=\"in-content-info 3 0\" style=\"box-sizing: inherit; color: rgb(0, 0, 0); font-family: Roboto, Arial, sans-serif; font-size: 18px; background-color: rgb(255, 255, 255); text-align: justify;\">&nbsp;<\/div>\n<div class=\"in-content\" style=\"box-sizing: inherit; color: rgb(0, 0, 0); font-family: Roboto, Arial, sans-serif; font-size: 18px; background-color: rgb(255, 255, 255); position: relative; text-align: justify;\">&nbsp;<\/div>\n<p style=\"box-sizing: inherit; margin-bottom: 1rem; font-size: 18px; color: rgb(0, 0, 0); font-family: Roboto, Arial, sans-serif; background-color: rgb(255, 255, 255); text-align: justify;\"><span style=\"font-size:12px;\"><span style=\"font-family:verdana,geneva,sans-serif;\">De acuerdo al dirigente empresarial, el tema fiscal representa el reto m\u00e1s importante en t\u00e9rminos econ\u00f3micos para la Rep\u00fablica Dominicana tras advertir que en el proyecto del Presupuesto para el 2020, el d\u00e9ficit fiscal crecer\u00e1 en un 46%, con relaci\u00f3n a este a\u00f1o.<\/span><\/span><\/p>\n<p style=\"box-sizing: inherit; margin-bottom: 1rem; font-size: 18px; color: rgb(0, 0, 0); font-family: Roboto, Arial, sans-serif; background-color: rgb(255, 255, 255); text-align: justify;\"><span style=\"font-size:12px;\"><span style=\"font-family:verdana,geneva,sans-serif;\">Al encabezar la s\u00e9ptima edici\u00f3n del C\u00f3ctel Econ\u00f3mico de la ANEIH: Perspectivas Econ\u00f3micas 2020: &iquest;volver\u00e1 el desgua\u00f1angue?, novedoso concepto de encuentro empresarial que lleva a cabo la entidad con la participaci\u00f3n del economista Henry Hebrard, Castellanos Duarte expuso su preocupaci\u00f3n ante la ca\u00edda significativa que ha venido experimentando el ritmo de crecimiento de la econom\u00eda, y consider\u00f3, asimismo, que de continuar el decrecimiento que evidencian algunos sectores de la econom\u00eda, la situaci\u00f3n puede complicarse.<\/span><\/span><\/p>\n<p style=\"box-sizing: inherit; margin-bottom: 1rem; font-size: 18px; color: rgb(0, 0, 0); font-family: Roboto, Arial, sans-serif; background-color: rgb(255, 255, 255); text-align: justify;\"><span style=\"font-size:12px;\"><span style=\"font-family:verdana,geneva,sans-serif;\">&ldquo;Desde el mes pasado se vienen desvaneciendo las perspectivas positivas ante la baja sostenida que viene experimentando el crecimiento de la econom\u00eda que seg\u00fan cifras oficiales, cerrara en el tercer trimestre del a\u00f1o en 4.8 &ldquo;, apunt\u00f3<\/span><\/span><\/p>\n<p style=\"box-sizing: inherit; margin-bottom: 1rem; font-size: 18px; color: rgb(0, 0, 0); font-family: Roboto, Arial, sans-serif; background-color: rgb(255, 255, 255); text-align: justify;\"><span style=\"font-size:12px;\"><span style=\"font-family:verdana,geneva,sans-serif;\">Se\u00f1al\u00f3 que el crecimiento del propio sector de la construcci\u00f3n que se sit\u00faa en un 4% ha sido inferior de lo proyectado, y en cuya industria, estim\u00f3, se basaba en gran medida el auge y crecimiento de la econom\u00eda.<\/span><\/span><\/p>\n<p style=\"box-sizing: inherit; margin-bottom: 1rem; font-size: 18px; color: rgb(0, 0, 0); font-family: Roboto, Arial, sans-serif; background-color: rgb(255, 255, 255); text-align: justify;\"><span style=\"font-size:12px;\"><span style=\"font-family:verdana,geneva,sans-serif;\">En el caso de las exportaciones, el presidente de la ANEIH indic\u00f3 que al mes de septiembre, seg\u00fan datos de Aduanas, se registra por tercer mes consecutivo un comportamiento al alza, &ldquo; pero si analizamos ese crecimiento lo vemos especialmente en las exportaciones nacionales, en las cuales casi el 100 por ciento del incremento lo explica la miner\u00eda por 2 razones, duplicado el volumen de comisi\u00f3n de exportaciones del ferron\u00edquel, de Falcondo y los precios del oro que de 1200 d\u00f3lares se han disparado a 1500 d\u00f3lares&rdquo;.<\/span><\/span><\/p>\n<p style=\"box-sizing: inherit; margin-bottom: 1rem; font-size: 18px; color: rgb(0, 0, 0); font-family: Roboto, Arial, sans-serif; background-color: rgb(255, 255, 255); text-align: justify;\"><span style=\"font-size:12px;\"><span style=\"font-family:verdana,geneva,sans-serif;\">&ldquo;En todo esto viene pasando algo interesante, la econom\u00eda se est\u00e1 moviendo de pesos a d\u00f3lares, los dep\u00f3sitos en pesos han ca\u00eddo en un 60 por ciento y la parte en d\u00f3lares se ha disparado en un 20 por ciento, como lo demuestran datos del Banco Central, que quienes tienen pr\u00e9stamos en d\u00f3lares han tratado de pesificar su deuda, y al rev\u00e9s, los dep\u00f3sitos y ahorros en pesos est\u00e1n siendo movidos a d\u00f3lares&rdquo;, expuso el presidente de la ANEIH.<\/span><\/span><\/p>\n<p style=\"box-sizing: inherit; margin-bottom: 1rem; font-size: 18px; color: rgb(0, 0, 0); font-family: Roboto, Arial, sans-serif; background-color: rgb(255, 255, 255); text-align: justify;\"><span style=\"font-size:12px;\"><span style=\"font-family:verdana,geneva,sans-serif;\">Expres\u00f3 que a pesar de este deslizamiento que sufri\u00f3 la tasa de cambio en las \u00faltimas semanas, hemos sentido cierta estabilidad despu\u00e9s del mensaje del gobernador del Banco Central, en su compromiso de mantener la estabilidad cambiaria y con eso envi\u00f3 un mensaje claro a la poblaci\u00f3n y tranquilidad.<\/span><\/span><\/p>\n<p style=\"box-sizing: inherit; margin-bottom: 1rem; font-size: 18px; color: rgb(0, 0, 0); font-family: Roboto, Arial, sans-serif; background-color: rgb(255, 255, 255); text-align: justify;\"><span style=\"font-size:12px;\"><span style=\"font-family:verdana,geneva,sans-serif;\">Dijo que se hace necesario que el pa\u00eds estabilice su econom\u00eda sin endeudamiento, y advirti\u00f3 a su vez que los incrementos en el precio del petr\u00f3leo tambi\u00e9n tendr\u00e1n una repercusi\u00f3n en la econom\u00eda dominicana y que la s\u00fabita ca\u00edda del turismo en relaci\u00f3n a las metas proyectadas tambi\u00e9n incide directamente en el estancamiento de la econom\u00eda.<\/span><\/span><\/p>\n<p style=\"box-sizing: inherit; margin-bottom: 1rem; font-size: 18px; color: rgb(0, 0, 0); font-family: Roboto, Arial, sans-serif; background-color: rgb(255, 255, 255); text-align: justify;\"><span style=\"font-size:12px;\"><span style=\"font-family:verdana,geneva,sans-serif;\">En este oportunidad, el economista Henry Hebrard, estuvo acompa\u00f1ado de Miguel Collado Di Franco, economista s\u00e9nior del Centro Regional de Estrategias Econ\u00f3micas Sostenibles (CREES), quien, al participar como invitado especial, dijo que para el 2020, el d\u00e9ficit fiscal en valores absolutos ascender\u00e1 a 110 mil millones de pesos, lo que representa un crecimiento de m\u00e1s de 34 mil millones de pesos con relaci\u00f3n a lo programado para el presente a\u00f1o que concluye.<\/span><\/span><\/p>\n<p style=\"box-sizing: inherit; margin-bottom: 1rem; font-size: 18px; color: rgb(0, 0, 0); font-family: Roboto, Arial, sans-serif; background-color: rgb(255, 255, 255); text-align: justify;\"><span style=\"font-size:12px;\"><span style=\"font-family:verdana,geneva,sans-serif;\">En cuanto al monto proyectado de los ingresos, dijo que habr\u00e1 que ver si ser\u00e1 realmente recaudado, y pone como ejemplo que, durante el presente a\u00f1o, 2019, las recaudaciones no ser\u00e1 igual que lo esperado, por el impacto del tema pol\u00edtico institucional en el crecimiento econ\u00f3mico, y su impacto en las recaudaciones. Afirm\u00f3 que se podr\u00eda tener una perspectiva similar para el primer semestre del pr\u00f3ximo a\u00f1o, lo cual incidir\u00e1 igual sobre las recaudaciones.<\/span><\/span><\/p>\n<p style=\"box-sizing: inherit; margin-bottom: 1rem; font-size: 18px; color: rgb(0, 0, 0); font-family: Roboto, Arial, sans-serif; background-color: rgb(255, 255, 255); text-align: justify;\"><span style=\"font-size:12px;\"><span style=\"font-family:verdana,geneva,sans-serif;\">Del mismo modo, analiz\u00f3 las relaciones entre los ciclos econ\u00f3micos y los ciclos electorales, mostrando que usualmente el crecimiento del gasto es ligeramente superior en a\u00f1os electorales, y que hay riesgos mucho m\u00e1s sensibles de que los d\u00e9ficits fiscales se descontrolen en estos mismos a\u00f1os. En este sentido, recomend\u00f3 a las agentes econ\u00f3micos ejercer una activa vigilancia de c\u00f3mo se estar\u00edan ejecutando los presupuestos de las diferentes agencias del Estado para evitar los grandes sobregiros que se observaron en el a\u00f1o 2012.<\/span><\/span><\/p>\n<p style=\"box-sizing: inherit; margin-bottom: 1rem; font-size: 18px; color: rgb(0, 0, 0); font-family: Roboto, Arial, sans-serif; background-color: rgb(255, 255, 255); text-align: justify;\"><span style=\"font-size:12px;\"><span style=\"font-family:verdana,geneva,sans-serif;\">Entretanto, Hebrard pas\u00f3 revista a las primeras estad\u00edsticas disponibles sobre el comportamiento de la econom\u00eda durante el tercer trimestre 2019, y confirm\u00f3 que, a pesar de las medidas del Banco Central, la econom\u00eda ha respondido de manera todav\u00eda muy t\u00edmida, registr\u00e1ndose un crecimiento inferior al 5% durante el 3er trimestre, a pesar del ligero rebote del 5.1% en septiembre.<\/span><\/span><\/p>\n<p style=\"box-sizing: inherit; margin-bottom: 1rem; font-size: 18px; color: rgb(0, 0, 0); font-family: Roboto, Arial, sans-serif; background-color: rgb(255, 255, 255); text-align: justify;\"><span style=\"font-size:12px;\"><span style=\"font-family:verdana,geneva,sans-serif;\">De igual manera, y dando seguimiento a los impactos de la crisis reputacional sobre el sector turismo, el economista inform\u00f3 que, lamentablemente, la ca\u00edda en las llegadas de turistas estadounidenses se hab\u00eda agravado en septiembre, ya que, despu\u00e9s de caer en un 30% en agosto, hab\u00edan ca\u00eddo en un 40%; producto de esto, las llegadas desde los Estados Unidos se hab\u00edan reducido en 171,455 turistas desde el mes de junio hasta la fecha.<\/span><\/span><\/p>\n<p style=\"box-sizing: inherit; margin-bottom: 1rem; font-size: 18px; color: rgb(0, 0, 0); font-family: Roboto, Arial, sans-serif; background-color: rgb(255, 255, 255); text-align: justify;\"><span style=\"font-size:12px;\"><span style=\"font-family:verdana,geneva,sans-serif;\">Hebrard se\u00f1al\u00f3 que el alto nivel de la deuda p\u00fablica podr\u00eda obligar a que se haga una reforma fiscal en Rep\u00fablica Dominicana.<\/span><\/span><\/p>\n<p style=\"box-sizing: inherit; margin-bottom: 1rem; font-size: 18px; color: rgb(0, 0, 0); font-family: Roboto, Arial, sans-serif; background-color: rgb(255, 255, 255); text-align: justify;\"><span style=\"font-size:12px;\"><span style=\"font-family:verdana,geneva,sans-serif;\">Sus pronunciamientos se producen en vista de que en 2019 el Gobierno tendr\u00e1 que destinar el 44.4 % de sus ingresos al pago de la deuda, pese a que sigue bajando la proyecci\u00f3n del d\u00e9ficit.<\/span><\/span><\/p>\n<p style=\"box-sizing: inherit; margin-bottom: 1rem; font-size: 18px; color: rgb(0, 0, 0); font-family: Roboto, Arial, sans-serif; background-color: rgb(255, 255, 255); text-align: justify;\"><span style=\"font-size:12px;\"><span style=\"font-family:verdana,geneva,sans-serif;\">&ldquo;Eso es lo que probablemente obligue dentro de dos a\u00f1os a que se haga una reforma profunda de la fiscalidad, no solo de la parte de los ingresos, sino de los mismos gastos&rdquo;,<\/span><\/span><\/p>\n<p style=\"box-sizing: inherit; margin-bottom: 1rem; font-size: 18px; color: rgb(0, 0, 0); font-family: Roboto, Arial, sans-serif; background-color: rgb(255, 255, 255); text-align: justify;\"><span style=\"font-size:12px;\"><span style=\"font-family:verdana,geneva,sans-serif;\">Sobre la sostenibilidad de la deuda que presenta Rep\u00fablica Dominicana, precis\u00f3 que la misma ser\u00e1 sostenible si el Gobierno sigue consiguiendo quien le preste dinero.<\/span><\/span><\/p>\n<p style=\"box-sizing: inherit; margin-bottom: 1rem; font-size: 18px; color: rgb(0, 0, 0); font-family: Roboto, Arial, sans-serif; background-color: rgb(255, 255, 255); text-align: justify;\"><span style=\"font-size:12px;\"><span style=\"font-family:verdana,geneva,sans-serif;\">&ldquo;Solamente a trav\u00e9s de un pacto fiscal podemos entonces sentar todas las partes juntas y restaurar lo que creo que estamos perdiendo, y me preocupa eso, que es la confianza&rdquo;, enfatiz\u00f3.<\/span><\/span><\/p>\n<p style=\"box-sizing: inherit; margin-bottom: 1rem; font-size: 18px; color: rgb(0, 0, 0); font-family: Roboto, Arial, sans-serif; background-color: rgb(255, 255, 255); text-align: justify;\"><span style=\"font-size:12px;\"><span style=\"font-family:verdana,geneva,sans-serif;\">En cuanto a la priorizaci\u00f3n del gasto, indic\u00f3 que todav\u00eda no hay suficiente informaci\u00f3n para poder analizar l\u00ednea por l\u00ednea como ser\u00e1n destinados los m\u00e1s de 860 mil millones presupuestados de para el a\u00f1o 2020.<\/span><\/span><\/p>\n<div class=\"pvc_clear\"><\/div>\n<p class=\"pvc_stats all \" data-element-id=\"20822\" style=\"\"><i class=\"pvc-stats-icon medium\" aria-hidden=\"true\"><svg aria-hidden=\"true\" focusable=\"false\" data-prefix=\"far\" data-icon=\"chart-bar\" role=\"img\" xmlns=\"http:\/\/www.w3.org\/2000\/svg\" viewBox=\"0 0 512 512\" class=\"svg-inline--fa fa-chart-bar fa-w-16 fa-2x\"><path fill=\"currentColor\" d=\"M396.8 352h22.4c6.4 0 12.8-6.4 12.8-12.8V108.8c0-6.4-6.4-12.8-12.8-12.8h-22.4c-6.4 0-12.8 6.4-12.8 12.8v230.4c0 6.4 6.4 12.8 12.8 12.8zm-192 0h22.4c6.4 0 12.8-6.4 12.8-12.8V140.8c0-6.4-6.4-12.8-12.8-12.8h-22.4c-6.4 0-12.8 6.4-12.8 12.8v198.4c0 6.4 6.4 12.8 12.8 12.8zm96 0h22.4c6.4 0 12.8-6.4 12.8-12.8V204.8c0-6.4-6.4-12.8-12.8-12.8h-22.4c-6.4 0-12.8 6.4-12.8 12.8v134.4c0 6.4 6.4 12.8 12.8 12.8zM496 400H48V80c0-8.84-7.16-16-16-16H16C7.16 64 0 71.16 0 80v336c0 17.67 14.33 32 32 32h464c8.84 0 16-7.16 16-16v-16c0-8.84-7.16-16-16-16zm-387.2-48h22.4c6.4 0 12.8-6.4 12.8-12.8v-70.4c0-6.4-6.4-12.8-12.8-12.8h-22.4c-6.4 0-12.8 6.4-12.8 12.8v70.4c0 6.4 6.4 12.8 12.8 12.8z\" class=\"\"><\/path><\/svg><\/i> Vistas Totales&nbsp;307&nbsp;, Vistas Hoy&nbsp;1&nbsp;<\/p>\n<div class=\"pvc_clear\"><\/div>\n","protected":false},"excerpt":{"rendered":"<p>Publicado el: Lunes 11 de noviembre del 2019Autor: Diario LibreLa Asociaci\u00f3n Nacional de Empresas e Industrias Herrera (ANEIH), ve favorable la propuesta de que Rep\u00fablica Dominicana cuente con una Ley de Responsabilidad Fiscal que sirva de base para la sostenibilidad de las finanzas p\u00fablicas a largo plazo, y consider\u00f3 que la legislaci\u00f3n contribuir\u00e1 a enfrentar la poca transparencia y eficiencia con que se manejan los recursos del Estado.<\/p>\n<div class=\"pvc_clear\"><\/div>\n<p class=\"pvc_stats all \" data-element-id=\"20822\" style=\"\"><i class=\"pvc-stats-icon medium\" aria-hidden=\"true\"><svg aria-hidden=\"true\" focusable=\"false\" data-prefix=\"far\" data-icon=\"chart-bar\" role=\"img\" xmlns=\"http:\/\/www.w3.org\/2000\/svg\" viewBox=\"0 0 512 512\" class=\"svg-inline--fa fa-chart-bar fa-w-16 fa-2x\"><path fill=\"currentColor\" d=\"M396.8 352h22.4c6.4 0 12.8-6.4 12.8-12.8V108.8c0-6.4-6.4-12.8-12.8-12.8h-22.4c-6.4 0-12.8 6.4-12.8 12.8v230.4c0 6.4 6.4 12.8 12.8 12.8zm-192 0h22.4c6.4 0 12.8-6.4 12.8-12.8V140.8c0-6.4-6.4-12.8-12.8-12.8h-22.4c-6.4 0-12.8 6.4-12.8 12.8v198.4c0 6.4 6.4 12.8 12.8 12.8zm96 0h22.4c6.4 0 12.8-6.4 12.8-12.8V204.8c0-6.4-6.4-12.8-12.8-12.8h-22.4c-6.4 0-12.8 6.4-12.8 12.8v134.4c0 6.4 6.4 12.8 12.8 12.8zM496 400H48V80c0-8.84-7.16-16-16-16H16C7.16 64 0 71.16 0 80v336c0 17.67 14.33 32 32 32h464c8.84 0 16-7.16 16-16v-16c0-8.84-7.16-16-16-16zm-387.2-48h22.4c6.4 0 12.8-6.4 12.8-12.8v-70.4c0-6.4-6.4-12.8-12.8-12.8h-22.4c-6.4 0-12.8 6.4-12.8 12.8v70.4c0 6.4 6.4 12.8 12.8 12.8z\" class=\"\"><\/path><\/svg><\/i> Vistas Totales&nbsp;307&nbsp;, Vistas Hoy&nbsp;1&nbsp;<\/p>\n<div class=\"pvc_clear\"><\/div>\n","protected":false},"author":2,"featured_media":0,"comment_status":"open","ping_status":"open","sticky":false,"template":"","format":"standard","meta":{"footnotes":""},"categories":[21],"tags":[],"class_list":["post-20822","post","type-post","status-publish","format-standard","hentry","category-blog"],"yoast_head":"<!-- This site is optimized with the Yoast SEO plugin v25.2 - https:\/\/yoast.com\/wordpress\/plugins\/seo\/ -->\n<title>Industriales de Herrera resaltan la necesidad de una ley de responsabilidad fiscal | CREES<\/title>\n<meta name=\"robots\" content=\"index, follow, max-snippet:-1, max-image-preview:large, max-video-preview:-1\" \/>\n<link rel=\"canonical\" href=\"https:\/\/crees.org.do\/?p=20822\" \/>\n<meta property=\"og:locale\" content=\"es_ES\" \/>\n<meta property=\"og:type\" content=\"article\" \/>\n<meta property=\"og:title\" content=\"Industriales de Herrera resaltan la necesidad de una ley de responsabilidad fiscal | CREES\" \/>\n<meta property=\"og:description\" content=\"Publicado el: Lunes 11 de noviembre del 2019Autor: Diario LibreLa Asociaci\u00f3n Nacional de Empresas e Industrias Herrera (ANEIH), ve favorable la propuesta de que Rep\u00fablica Dominicana cuente con una Ley de Responsabilidad Fiscal que sirva de base para la sostenibilidad de las finanzas p\u00fablicas a largo plazo, y consider\u00f3 que la legislaci\u00f3n contribuir\u00e1 a enfrentar la poca transparencia y eficiencia con que se manejan los recursos del Estado.\" \/>\n<meta property=\"og:url\" content=\"https:\/\/crees.org.do\/?p=20822\" \/>\n<meta property=\"og:site_name\" content=\"CREES\" \/>\n<meta property=\"article:publisher\" content=\"https:\/\/www.facebook.com\/CREESRD\/\" \/>\n<meta property=\"article:published_time\" content=\"2019-01-11T00:00:00+00:00\" \/>\n<meta property=\"og:image\" content=\"https:\/\/crees.org.do\/wp-content\/uploads\/2022\/03\/crees-logo-1.jpg\" \/>\n\t<meta property=\"og:image:width\" content=\"244\" \/>\n\t<meta property=\"og:image:height\" content=\"71\" \/>\n\t<meta property=\"og:image:type\" content=\"image\/jpeg\" \/>\n<meta name=\"author\" content=\"Crees\" \/>\n<meta name=\"twitter:card\" content=\"summary_large_image\" \/>\n<meta name=\"twitter:creator\" content=\"@CREESRD\" \/>\n<meta name=\"twitter:site\" content=\"@CREESRD\" \/>\n<meta name=\"twitter:label1\" content=\"Escrito por\" \/>\n\t<meta name=\"twitter:data1\" content=\"Crees\" \/>\n\t<meta name=\"twitter:label2\" content=\"Tiempo de lectura\" \/>\n\t<meta name=\"twitter:data2\" content=\"6 minutos\" \/>\n<script type=\"application\/ld+json\" class=\"yoast-schema-graph\">{\"@context\":\"https:\/\/schema.org\",\"@graph\":[{\"@type\":\"Article\",\"@id\":\"https:\/\/crees.org.do\/?p=20822#article\",\"isPartOf\":{\"@id\":\"https:\/\/crees.org.do\/?p=20822\"},\"author\":{\"name\":\"Crees\",\"@id\":\"https:\/\/crees.org.do\/#\/schema\/person\/e7f97cd94d7bf9cd0e0ce30acb7d56b8\"},\"headline\":\"Industriales de Herrera resaltan la necesidad de una ley de responsabilidad fiscal\",\"datePublished\":\"2019-01-11T00:00:00+00:00\",\"mainEntityOfPage\":{\"@id\":\"https:\/\/crees.org.do\/?p=20822\"},\"wordCount\":1294,\"commentCount\":0,\"publisher\":{\"@id\":\"https:\/\/crees.org.do\/#organization\"},\"articleSection\":[\"Blog\"],\"inLanguage\":\"es\"},{\"@type\":\"WebPage\",\"@id\":\"https:\/\/crees.org.do\/?p=20822\",\"url\":\"https:\/\/crees.org.do\/?p=20822\",\"name\":\"Industriales de Herrera resaltan la necesidad de una ley de responsabilidad fiscal | CREES\",\"isPartOf\":{\"@id\":\"https:\/\/crees.org.do\/#website\"},\"datePublished\":\"2019-01-11T00:00:00+00:00\",\"breadcrumb\":{\"@id\":\"https:\/\/crees.org.do\/?p=20822#breadcrumb\"},\"inLanguage\":\"es\",\"potentialAction\":[{\"@type\":\"ReadAction\",\"target\":[\"https:\/\/crees.org.do\/?p=20822\"]}]},{\"@type\":\"BreadcrumbList\",\"@id\":\"https:\/\/crees.org.do\/?p=20822#breadcrumb\",\"itemListElement\":[{\"@type\":\"ListItem\",\"position\":1,\"name\":\"Portada\",\"item\":\"https:\/\/crees.org.do\/\"},{\"@type\":\"ListItem\",\"position\":2,\"name\":\"Industriales de Herrera resaltan la necesidad de una ley de responsabilidad fiscal\"}]},{\"@type\":\"WebSite\",\"@id\":\"https:\/\/crees.org.do\/#website\",\"url\":\"https:\/\/crees.org.do\/\",\"name\":\"CREES\",\"description\":\"Centro Regional de Estrategias Econ\u00f3micas Sostenibles\",\"publisher\":{\"@id\":\"https:\/\/crees.org.do\/#organization\"},\"potentialAction\":[{\"@type\":\"SearchAction\",\"target\":{\"@type\":\"EntryPoint\",\"urlTemplate\":\"https:\/\/crees.org.do\/?s={search_term_string}\"},\"query-input\":{\"@type\":\"PropertyValueSpecification\",\"valueRequired\":true,\"valueName\":\"search_term_string\"}}],\"inLanguage\":\"es\"},{\"@type\":\"Organization\",\"@id\":\"https:\/\/crees.org.do\/#organization\",\"name\":\"CREES | Centro Regional de Estrategias Econ\u00f3micas Sostenibles\",\"url\":\"https:\/\/crees.org.do\/\",\"logo\":{\"@type\":\"ImageObject\",\"inLanguage\":\"es\",\"@id\":\"https:\/\/crees.org.do\/#\/schema\/logo\/image\/\",\"url\":\"https:\/\/crees.org.do\/wp-content\/uploads\/2022\/03\/crees-logo-1.jpg\",\"contentUrl\":\"https:\/\/crees.org.do\/wp-content\/uploads\/2022\/03\/crees-logo-1.jpg\",\"width\":244,\"height\":71,\"caption\":\"CREES | Centro Regional de Estrategias Econ\u00f3micas Sostenibles\"},\"image\":{\"@id\":\"https:\/\/crees.org.do\/#\/schema\/logo\/image\/\"},\"sameAs\":[\"https:\/\/www.facebook.com\/CREESRD\/\",\"https:\/\/x.com\/CREESRD\"]},{\"@type\":\"Person\",\"@id\":\"https:\/\/crees.org.do\/#\/schema\/person\/e7f97cd94d7bf9cd0e0ce30acb7d56b8\",\"name\":\"Crees\",\"image\":{\"@type\":\"ImageObject\",\"inLanguage\":\"es\",\"@id\":\"https:\/\/crees.org.do\/#\/schema\/person\/image\/\",\"url\":\"https:\/\/secure.gravatar.com\/avatar\/390ac8f0be5d9aa046152553e2dd7011b59a512d89c150f5e5f28bb8d9a0b165?s=96&d=mm&r=g\",\"contentUrl\":\"https:\/\/secure.gravatar.com\/avatar\/390ac8f0be5d9aa046152553e2dd7011b59a512d89c150f5e5f28bb8d9a0b165?s=96&d=mm&r=g\",\"caption\":\"Crees\"},\"url\":\"https:\/\/crees.org.do\/?author=2\"}]}<\/script>\n<!-- \/ Yoast SEO plugin. -->","yoast_head_json":{"title":"Industriales de Herrera resaltan la necesidad de una ley de responsabilidad fiscal | CREES","robots":{"index":"index","follow":"follow","max-snippet":"max-snippet:-1","max-image-preview":"max-image-preview:large","max-video-preview":"max-video-preview:-1"},"canonical":"https:\/\/crees.org.do\/?p=20822","og_locale":"es_ES","og_type":"article","og_title":"Industriales de Herrera resaltan la necesidad de una ley de responsabilidad fiscal | CREES","og_description":"Publicado el: Lunes 11 de noviembre del 2019Autor: Diario LibreLa Asociaci\u00f3n Nacional de Empresas e Industrias Herrera (ANEIH), ve favorable la propuesta de que Rep\u00fablica Dominicana cuente con una Ley de Responsabilidad Fiscal que sirva de base para la sostenibilidad de las finanzas p\u00fablicas a largo plazo, y consider\u00f3 que la legislaci\u00f3n contribuir\u00e1 a enfrentar la poca transparencia y eficiencia con que se manejan los recursos del Estado.","og_url":"https:\/\/crees.org.do\/?p=20822","og_site_name":"CREES","article_publisher":"https:\/\/www.facebook.com\/CREESRD\/","article_published_time":"2019-01-11T00:00:00+00:00","og_image":[{"width":244,"height":71,"url":"https:\/\/crees.org.do\/wp-content\/uploads\/2022\/03\/crees-logo-1.jpg","type":"image\/jpeg"}],"author":"Crees","twitter_card":"summary_large_image","twitter_creator":"@CREESRD","twitter_site":"@CREESRD","twitter_misc":{"Escrito por":"Crees","Tiempo de lectura":"6 minutos"},"schema":{"@context":"https:\/\/schema.org","@graph":[{"@type":"Article","@id":"https:\/\/crees.org.do\/?p=20822#article","isPartOf":{"@id":"https:\/\/crees.org.do\/?p=20822"},"author":{"name":"Crees","@id":"https:\/\/crees.org.do\/#\/schema\/person\/e7f97cd94d7bf9cd0e0ce30acb7d56b8"},"headline":"Industriales de Herrera resaltan la necesidad de una ley de responsabilidad fiscal","datePublished":"2019-01-11T00:00:00+00:00","mainEntityOfPage":{"@id":"https:\/\/crees.org.do\/?p=20822"},"wordCount":1294,"commentCount":0,"publisher":{"@id":"https:\/\/crees.org.do\/#organization"},"articleSection":["Blog"],"inLanguage":"es"},{"@type":"WebPage","@id":"https:\/\/crees.org.do\/?p=20822","url":"https:\/\/crees.org.do\/?p=20822","name":"Industriales de Herrera resaltan la necesidad de una ley de responsabilidad fiscal | CREES","isPartOf":{"@id":"https:\/\/crees.org.do\/#website"},"datePublished":"2019-01-11T00:00:00+00:00","breadcrumb":{"@id":"https:\/\/crees.org.do\/?p=20822#breadcrumb"},"inLanguage":"es","potentialAction":[{"@type":"ReadAction","target":["https:\/\/crees.org.do\/?p=20822"]}]},{"@type":"BreadcrumbList","@id":"https:\/\/crees.org.do\/?p=20822#breadcrumb","itemListElement":[{"@type":"ListItem","position":1,"name":"Portada","item":"https:\/\/crees.org.do\/"},{"@type":"ListItem","position":2,"name":"Industriales de Herrera resaltan la necesidad de una ley de responsabilidad fiscal"}]},{"@type":"WebSite","@id":"https:\/\/crees.org.do\/#website","url":"https:\/\/crees.org.do\/","name":"CREES","description":"Centro Regional de Estrategias Econ\u00f3micas Sostenibles","publisher":{"@id":"https:\/\/crees.org.do\/#organization"},"potentialAction":[{"@type":"SearchAction","target":{"@type":"EntryPoint","urlTemplate":"https:\/\/crees.org.do\/?s={search_term_string}"},"query-input":{"@type":"PropertyValueSpecification","valueRequired":true,"valueName":"search_term_string"}}],"inLanguage":"es"},{"@type":"Organization","@id":"https:\/\/crees.org.do\/#organization","name":"CREES | Centro Regional de Estrategias Econ\u00f3micas Sostenibles","url":"https:\/\/crees.org.do\/","logo":{"@type":"ImageObject","inLanguage":"es","@id":"https:\/\/crees.org.do\/#\/schema\/logo\/image\/","url":"https:\/\/crees.org.do\/wp-content\/uploads\/2022\/03\/crees-logo-1.jpg","contentUrl":"https:\/\/crees.org.do\/wp-content\/uploads\/2022\/03\/crees-logo-1.jpg","width":244,"height":71,"caption":"CREES | Centro Regional de Estrategias Econ\u00f3micas Sostenibles"},"image":{"@id":"https:\/\/crees.org.do\/#\/schema\/logo\/image\/"},"sameAs":["https:\/\/www.facebook.com\/CREESRD\/","https:\/\/x.com\/CREESRD"]},{"@type":"Person","@id":"https:\/\/crees.org.do\/#\/schema\/person\/e7f97cd94d7bf9cd0e0ce30acb7d56b8","name":"Crees","image":{"@type":"ImageObject","inLanguage":"es","@id":"https:\/\/crees.org.do\/#\/schema\/person\/image\/","url":"https:\/\/secure.gravatar.com\/avatar\/390ac8f0be5d9aa046152553e2dd7011b59a512d89c150f5e5f28bb8d9a0b165?s=96&d=mm&r=g","contentUrl":"https:\/\/secure.gravatar.com\/avatar\/390ac8f0be5d9aa046152553e2dd7011b59a512d89c150f5e5f28bb8d9a0b165?s=96&d=mm&r=g","caption":"Crees"},"url":"https:\/\/crees.org.do\/?author=2"}]}},"_links":{"self":[{"href":"https:\/\/crees.org.do\/index.php?rest_route=\/wp\/v2\/posts\/20822","targetHints":{"allow":["GET"]}}],"collection":[{"href":"https:\/\/crees.org.do\/index.php?rest_route=\/wp\/v2\/posts"}],"about":[{"href":"https:\/\/crees.org.do\/index.php?rest_route=\/wp\/v2\/types\/post"}],"author":[{"embeddable":true,"href":"https:\/\/crees.org.do\/index.php?rest_route=\/wp\/v2\/users\/2"}],"replies":[{"embeddable":true,"href":"https:\/\/crees.org.do\/index.php?rest_route=%2Fwp%2Fv2%2Fcomments&post=20822"}],"version-history":[{"count":0,"href":"https:\/\/crees.org.do\/index.php?rest_route=\/wp\/v2\/posts\/20822\/revisions"}],"wp:attachment":[{"href":"https:\/\/crees.org.do\/index.php?rest_route=%2Fwp%2Fv2%2Fmedia&parent=20822"}],"wp:term":[{"taxonomy":"category","embeddable":true,"href":"https:\/\/crees.org.do\/index.php?rest_route=%2Fwp%2Fv2%2Fcategories&post=20822"},{"taxonomy":"post_tag","embeddable":true,"href":"https:\/\/crees.org.do\/index.php?rest_route=%2Fwp%2Fv2%2Ftags&post=20822"}],"curies":[{"name":"wp","href":"https:\/\/api.w.org\/{rel}","templated":true}]}}