{"id":20824,"date":"2019-01-11T00:00:00","date_gmt":"2019-01-11T00:00:00","guid":{"rendered":"https:\/\/crees.org.do\/crees-caida-del-turismo-podria-ser-peor-en-el-2020\/"},"modified":"2019-01-11T00:00:00","modified_gmt":"2019-01-11T00:00:00","slug":"crees-caida-del-turismo-podria-ser-peor-en-el-2020","status":"publish","type":"post","link":"https:\/\/crees.org.do\/?p=20824","title":{"rendered":"CREES: Ca\u00edda del turismo podr\u00eda ser peor en el 2020"},"content":{"rendered":"<p style=\"text-align: justify;\"><span style=\"font-size: 12px;\"><span style=\"font-family: verdana, geneva, sans-serif;\">Autor:&nbsp;<\/span><\/span><span style=\"font-size:12px;\"><span style=\"font-family:verdana,geneva,sans-serif;\">Hoy Digital<\/span><\/span><\/p>\n<p style=\"text-align: justify;\"><span style=\"font-size: 12px;\"><span style=\"font-family: verdana, geneva, sans-serif;\">Extra\u00eddo de:&nbsp;<\/span><\/span><span style=\"font-size:12px;\"><span style=\"font-family:verdana,geneva,sans-serif;\">Hoy Digital<\/span><\/span><\/p>\n<p style=\"box-sizing: border-box; margin-bottom: 10px; font-size: 18px; line-height: 1.5em; color: rgb(51, 51, 51); font-family: Roboto, sans-serif; background-color: rgb(255, 255, 255); text-align: justify;\"><span style=\"font-size:12px;\"><span style=\"font-family:verdana,geneva,sans-serif;\">Los fundamentos del turismo en la Rep\u00fablica Dominicana permanecen relativamente fuertes, pero las perspectivas del turismo para el 2020 no son muy halg\u00fce\u00f1as en la medida que la ocupaci\u00f3n hotelera no se proyecta alcanzar los niveles del primer semestre de este a\u00f1o, cuando promedi\u00f3 82.5%, afirma una publicaci\u00f3n del Centro de Estrategias Econ\u00f3micas Sostenibles (CREES), de la autor\u00eda del economista Ernesto Selman.<\/span><\/span><\/p>\n<p style=\"box-sizing: border-box; margin-bottom: 10px; font-size: 18px; line-height: 1.5em; color: rgb(51, 51, 51); font-family: Roboto, sans-serif; background-color: rgb(255, 255, 255); text-align: justify;\"><span style=\"font-size:12px;\"><span style=\"font-family:verdana,geneva,sans-serif;\">Explica que la relaci\u00f3n del turismo con otras actividades econ\u00f3micas implica que es una industria que agrega valor al resto de la sociedad en su cadena de producci\u00f3n.<\/span><\/span><\/p>\n<p style=\"box-sizing: border-box; margin-bottom: 10px; font-size: 18px; line-height: 1.5em; color: rgb(51, 51, 51); font-family: Roboto, sans-serif; background-color: rgb(255, 255, 255); text-align: justify;\"><span style=\"font-size:12px;\"><span style=\"font-family:verdana,geneva,sans-serif;\">&ldquo;Para incrementar los niveles de ocupaci\u00f3n, se ha implementado una estrategia de descuento en las tarifas que pagan los turistas, que implicar\u00eda menores ingresos generados por el turismo&rdquo;, agrega.<br style=\"box-sizing: border-box; line-height: 2.7em;\" \/>Se\u00f1ala que de esta manera, se afectan no s\u00f3lo los negocios hoteleros, sino todos los dem\u00e1s vinculados a la industria tur\u00edstica en su cadena de valor. Por encima de ello, una disminuci\u00f3n en los ingresos del turismo afecta la econom\u00eda en general porque se estar\u00eda generando menos d\u00f3lares en la econom\u00eda dominicana.<\/span><\/span><\/p>\n<p style=\"box-sizing: border-box; margin-bottom: 10px; font-size: 18px; line-height: 1.5em; color: rgb(51, 51, 51); font-family: Roboto, sans-serif; background-color: rgb(255, 255, 255); text-align: justify;\"><span style=\"font-size:12px;\"><span style=\"font-family:verdana,geneva,sans-serif;\">Es posible que para 2020 se generen unos US$1,250 millones menos que el a\u00f1o que transcurre por estos factores.<\/span><\/span><\/p>\n<p style=\"box-sizing: border-box; margin-bottom: 10px; font-size: 18px; line-height: 1.5em; color: rgb(51, 51, 51); font-family: Roboto, sans-serif; background-color: rgb(255, 255, 255); text-align: justify;\"><span style=\"font-family: verdana, geneva, sans-serif; font-size: 12px;\">La dificultad que atraviesa la industria tur\u00edstica dominicana debe ser enfrentada con una estrategia contundente y aplicada consistentemente para mejorar la imagen y divulgar las bondades que presenta la Rep\u00fablica Dominicana a los turistas extranjeros. Esta estrategia debe impulsarla el sector privado y presionar al gobierno dominicano para utilizar la diplomacia al m\u00e1ximo para alcanzar los objetivos planteados.<\/span><\/p>\n<p style=\"box-sizing: border-box; margin-bottom: 10px; font-size: 18px; line-height: 1.5em; color: rgb(51, 51, 51); font-family: Roboto, sans-serif; background-color: rgb(255, 255, 255); text-align: justify;\"><span style=\"font-family: verdana, geneva, sans-serif; font-size: 12px;\">&ldquo;Es lamentable que los funcionarios del \u00e1rea tur\u00edstica hayan estado m\u00e1s enfocados en la pol\u00edtica electoral interna que en las funciones que deben desempe\u00f1ar&rdquo;, explica.<\/span><\/p>\n<p style=\"box-sizing: border-box; margin-bottom: 10px; font-size: 18px; line-height: 1.5em; color: rgb(51, 51, 51); font-family: Roboto, sans-serif; background-color: rgb(255, 255, 255); text-align: justify;\"><span style=\"font-family: verdana, geneva, sans-serif; font-size: 12px;\">En todo caso, la estrategia debe ir mas all\u00e1 de la coyuntura y de una campa\u00f1a medi\u00e1tica para mejorar la imagen de nuestro pa\u00eds de cara a atraer mas turistas.<\/span><\/p>\n<p style=\"box-sizing: border-box; margin-bottom: 10px; font-size: 18px; line-height: 1.5em; color: rgb(51, 51, 51); font-family: Roboto, sans-serif; background-color: rgb(255, 255, 255); text-align: justify;\"><span style=\"font-family: verdana, geneva, sans-serif; font-size: 12px;\">En adici\u00f3n, se requieren reformas y cambios fundamentales para brindar mayor seguridad jur\u00eddica en cuanto a la tenencia de la tierra, respeto de contratos y procesos judiciales mas expeditos con el fin de brindar mayor confianza a inversionistas. Esto tambi\u00e9n es v\u00e1lido para nuevas inversiones en puertos de cruceros y otras complementarias que sirven para crear una mayor y mejor oferta tur\u00edstica. En adici\u00f3n, es importante aplicar reformas estructurales para reducir los costos internos que enfrentan las empresas radicadas en el pa\u00eds para que alcancen mayor capacidad de competir.<\/span><\/p>\n<p style=\"box-sizing: border-box; margin-bottom: 10px; font-size: 18px; line-height: 1.5em; color: rgb(51, 51, 51); font-family: Roboto, sans-serif; background-color: rgb(255, 255, 255); text-align: justify;\"><span style=\"font-size:12px;\"><span style=\"font-family:verdana,geneva,sans-serif;\">Por otro lado, Selman en su an\u00e1lisis dice que es imprescindible mejorar la seguridad ciudadana de forma tal que los extranjeros se sientan resguardados y en confianza de venir y regresar al pa\u00eds.<\/span><\/span><\/p>\n<div class=\"pvc_clear\"><\/div>\n<p class=\"pvc_stats all \" data-element-id=\"20824\" style=\"\"><i class=\"pvc-stats-icon medium\" aria-hidden=\"true\"><svg aria-hidden=\"true\" focusable=\"false\" data-prefix=\"far\" data-icon=\"chart-bar\" role=\"img\" xmlns=\"http:\/\/www.w3.org\/2000\/svg\" viewBox=\"0 0 512 512\" class=\"svg-inline--fa fa-chart-bar fa-w-16 fa-2x\"><path fill=\"currentColor\" d=\"M396.8 352h22.4c6.4 0 12.8-6.4 12.8-12.8V108.8c0-6.4-6.4-12.8-12.8-12.8h-22.4c-6.4 0-12.8 6.4-12.8 12.8v230.4c0 6.4 6.4 12.8 12.8 12.8zm-192 0h22.4c6.4 0 12.8-6.4 12.8-12.8V140.8c0-6.4-6.4-12.8-12.8-12.8h-22.4c-6.4 0-12.8 6.4-12.8 12.8v198.4c0 6.4 6.4 12.8 12.8 12.8zm96 0h22.4c6.4 0 12.8-6.4 12.8-12.8V204.8c0-6.4-6.4-12.8-12.8-12.8h-22.4c-6.4 0-12.8 6.4-12.8 12.8v134.4c0 6.4 6.4 12.8 12.8 12.8zM496 400H48V80c0-8.84-7.16-16-16-16H16C7.16 64 0 71.16 0 80v336c0 17.67 14.33 32 32 32h464c8.84 0 16-7.16 16-16v-16c0-8.84-7.16-16-16-16zm-387.2-48h22.4c6.4 0 12.8-6.4 12.8-12.8v-70.4c0-6.4-6.4-12.8-12.8-12.8h-22.4c-6.4 0-12.8 6.4-12.8 12.8v70.4c0 6.4 6.4 12.8 12.8 12.8z\" class=\"\"><\/path><\/svg><\/i> Vistas Totales&nbsp;301&nbsp;, Vistas Hoy&nbsp;1&nbsp;<\/p>\n<div class=\"pvc_clear\"><\/div>\n","protected":false},"excerpt":{"rendered":"<p>Publicado el: Lunes 26 de noviembre del 2019Autor: Hoy DigitalLos fundamentos del turismo en la Rep\u00fablica Dominicana permanecen relativamente fuertes, pero las perspectivas del turismo para el 2020 no son muy halg\u00fce\u00f1as en la medida que la ocupaci\u00f3n hotelera no se proyecta alcanzar los niveles del primer semestre de este a\u00f1o, cuando promedi\u00f3 82.5%, afirma una publicaci\u00f3n del Centro de Estrategias Econ\u00f3micas Sostenibles (CREES), de la autor\u00eda del economista Ernesto Selman.<\/p>\n<div class=\"pvc_clear\"><\/div>\n<p class=\"pvc_stats all \" data-element-id=\"20824\" style=\"\"><i class=\"pvc-stats-icon medium\" aria-hidden=\"true\"><svg aria-hidden=\"true\" focusable=\"false\" data-prefix=\"far\" data-icon=\"chart-bar\" role=\"img\" xmlns=\"http:\/\/www.w3.org\/2000\/svg\" viewBox=\"0 0 512 512\" class=\"svg-inline--fa fa-chart-bar fa-w-16 fa-2x\"><path fill=\"currentColor\" d=\"M396.8 352h22.4c6.4 0 12.8-6.4 12.8-12.8V108.8c0-6.4-6.4-12.8-12.8-12.8h-22.4c-6.4 0-12.8 6.4-12.8 12.8v230.4c0 6.4 6.4 12.8 12.8 12.8zm-192 0h22.4c6.4 0 12.8-6.4 12.8-12.8V140.8c0-6.4-6.4-12.8-12.8-12.8h-22.4c-6.4 0-12.8 6.4-12.8 12.8v198.4c0 6.4 6.4 12.8 12.8 12.8zm96 0h22.4c6.4 0 12.8-6.4 12.8-12.8V204.8c0-6.4-6.4-12.8-12.8-12.8h-22.4c-6.4 0-12.8 6.4-12.8 12.8v134.4c0 6.4 6.4 12.8 12.8 12.8zM496 400H48V80c0-8.84-7.16-16-16-16H16C7.16 64 0 71.16 0 80v336c0 17.67 14.33 32 32 32h464c8.84 0 16-7.16 16-16v-16c0-8.84-7.16-16-16-16zm-387.2-48h22.4c6.4 0 12.8-6.4 12.8-12.8v-70.4c0-6.4-6.4-12.8-12.8-12.8h-22.4c-6.4 0-12.8 6.4-12.8 12.8v70.4c0 6.4 6.4 12.8 12.8 12.8z\" class=\"\"><\/path><\/svg><\/i> Vistas Totales&nbsp;301&nbsp;, Vistas Hoy&nbsp;1&nbsp;<\/p>\n<div class=\"pvc_clear\"><\/div>\n","protected":false},"author":2,"featured_media":0,"comment_status":"open","ping_status":"open","sticky":false,"template":"","format":"standard","meta":{"footnotes":""},"categories":[21],"tags":[],"class_list":["post-20824","post","type-post","status-publish","format-standard","hentry","category-blog"],"yoast_head":"<!-- This site is optimized with the Yoast SEO plugin v25.2 - https:\/\/yoast.com\/wordpress\/plugins\/seo\/ -->\n<title>CREES: Ca\u00edda del turismo podr\u00eda ser peor en el 2020 | CREES<\/title>\n<meta name=\"robots\" content=\"index, follow, max-snippet:-1, max-image-preview:large, max-video-preview:-1\" \/>\n<link rel=\"canonical\" href=\"https:\/\/crees.org.do\/?p=20824\" \/>\n<meta property=\"og:locale\" content=\"es_ES\" \/>\n<meta property=\"og:type\" content=\"article\" \/>\n<meta property=\"og:title\" content=\"CREES: Ca\u00edda del turismo podr\u00eda ser peor en el 2020 | CREES\" \/>\n<meta property=\"og:description\" content=\"Publicado el: Lunes 26 de noviembre del 2019Autor: Hoy DigitalLos fundamentos del turismo en la Rep\u00fablica Dominicana permanecen relativamente fuertes, pero las perspectivas del turismo para el 2020 no son muy halg\u00fce\u00f1as en la medida que la ocupaci\u00f3n hotelera no se proyecta alcanzar los niveles del primer semestre de este a\u00f1o, cuando promedi\u00f3 82.5%, afirma una publicaci\u00f3n del Centro de Estrategias Econ\u00f3micas Sostenibles (CREES), de la autor\u00eda del economista Ernesto Selman.\" \/>\n<meta property=\"og:url\" content=\"https:\/\/crees.org.do\/?p=20824\" \/>\n<meta property=\"og:site_name\" content=\"CREES\" \/>\n<meta property=\"article:publisher\" content=\"https:\/\/www.facebook.com\/CREESRD\/\" \/>\n<meta property=\"article:published_time\" content=\"2019-01-11T00:00:00+00:00\" \/>\n<meta property=\"og:image\" content=\"https:\/\/crees.org.do\/wp-content\/uploads\/2022\/03\/crees-logo-1.jpg\" \/>\n\t<meta property=\"og:image:width\" content=\"244\" \/>\n\t<meta property=\"og:image:height\" content=\"71\" \/>\n\t<meta property=\"og:image:type\" content=\"image\/jpeg\" \/>\n<meta name=\"author\" content=\"Crees\" \/>\n<meta name=\"twitter:card\" content=\"summary_large_image\" \/>\n<meta name=\"twitter:creator\" content=\"@CREESRD\" \/>\n<meta name=\"twitter:site\" content=\"@CREESRD\" \/>\n<meta name=\"twitter:label1\" content=\"Escrito por\" \/>\n\t<meta name=\"twitter:data1\" content=\"Crees\" \/>\n\t<meta name=\"twitter:label2\" content=\"Tiempo de lectura\" \/>\n\t<meta name=\"twitter:data2\" content=\"2 minutos\" \/>\n<script type=\"application\/ld+json\" class=\"yoast-schema-graph\">{\"@context\":\"https:\/\/schema.org\",\"@graph\":[{\"@type\":\"Article\",\"@id\":\"https:\/\/crees.org.do\/?p=20824#article\",\"isPartOf\":{\"@id\":\"https:\/\/crees.org.do\/?p=20824\"},\"author\":{\"name\":\"Crees\",\"@id\":\"https:\/\/crees.org.do\/#\/schema\/person\/e7f97cd94d7bf9cd0e0ce30acb7d56b8\"},\"headline\":\"CREES: Ca\u00edda del turismo podr\u00eda ser peor en el 2020\",\"datePublished\":\"2019-01-11T00:00:00+00:00\",\"mainEntityOfPage\":{\"@id\":\"https:\/\/crees.org.do\/?p=20824\"},\"wordCount\":489,\"commentCount\":0,\"publisher\":{\"@id\":\"https:\/\/crees.org.do\/#organization\"},\"articleSection\":[\"Blog\"],\"inLanguage\":\"es\"},{\"@type\":\"WebPage\",\"@id\":\"https:\/\/crees.org.do\/?p=20824\",\"url\":\"https:\/\/crees.org.do\/?p=20824\",\"name\":\"CREES: Ca\u00edda del turismo podr\u00eda ser peor en el 2020 | CREES\",\"isPartOf\":{\"@id\":\"https:\/\/crees.org.do\/#website\"},\"datePublished\":\"2019-01-11T00:00:00+00:00\",\"breadcrumb\":{\"@id\":\"https:\/\/crees.org.do\/?p=20824#breadcrumb\"},\"inLanguage\":\"es\",\"potentialAction\":[{\"@type\":\"ReadAction\",\"target\":[\"https:\/\/crees.org.do\/?p=20824\"]}]},{\"@type\":\"BreadcrumbList\",\"@id\":\"https:\/\/crees.org.do\/?p=20824#breadcrumb\",\"itemListElement\":[{\"@type\":\"ListItem\",\"position\":1,\"name\":\"Portada\",\"item\":\"https:\/\/crees.org.do\/\"},{\"@type\":\"ListItem\",\"position\":2,\"name\":\"CREES: Ca\u00edda del turismo podr\u00eda ser peor en el 2020\"}]},{\"@type\":\"WebSite\",\"@id\":\"https:\/\/crees.org.do\/#website\",\"url\":\"https:\/\/crees.org.do\/\",\"name\":\"CREES\",\"description\":\"Centro Regional de Estrategias Econ\u00f3micas Sostenibles\",\"publisher\":{\"@id\":\"https:\/\/crees.org.do\/#organization\"},\"potentialAction\":[{\"@type\":\"SearchAction\",\"target\":{\"@type\":\"EntryPoint\",\"urlTemplate\":\"https:\/\/crees.org.do\/?s={search_term_string}\"},\"query-input\":{\"@type\":\"PropertyValueSpecification\",\"valueRequired\":true,\"valueName\":\"search_term_string\"}}],\"inLanguage\":\"es\"},{\"@type\":\"Organization\",\"@id\":\"https:\/\/crees.org.do\/#organization\",\"name\":\"CREES | Centro Regional de Estrategias Econ\u00f3micas Sostenibles\",\"url\":\"https:\/\/crees.org.do\/\",\"logo\":{\"@type\":\"ImageObject\",\"inLanguage\":\"es\",\"@id\":\"https:\/\/crees.org.do\/#\/schema\/logo\/image\/\",\"url\":\"https:\/\/crees.org.do\/wp-content\/uploads\/2022\/03\/crees-logo-1.jpg\",\"contentUrl\":\"https:\/\/crees.org.do\/wp-content\/uploads\/2022\/03\/crees-logo-1.jpg\",\"width\":244,\"height\":71,\"caption\":\"CREES | Centro Regional de Estrategias Econ\u00f3micas Sostenibles\"},\"image\":{\"@id\":\"https:\/\/crees.org.do\/#\/schema\/logo\/image\/\"},\"sameAs\":[\"https:\/\/www.facebook.com\/CREESRD\/\",\"https:\/\/x.com\/CREESRD\"]},{\"@type\":\"Person\",\"@id\":\"https:\/\/crees.org.do\/#\/schema\/person\/e7f97cd94d7bf9cd0e0ce30acb7d56b8\",\"name\":\"Crees\",\"image\":{\"@type\":\"ImageObject\",\"inLanguage\":\"es\",\"@id\":\"https:\/\/crees.org.do\/#\/schema\/person\/image\/\",\"url\":\"https:\/\/secure.gravatar.com\/avatar\/390ac8f0be5d9aa046152553e2dd7011b59a512d89c150f5e5f28bb8d9a0b165?s=96&d=mm&r=g\",\"contentUrl\":\"https:\/\/secure.gravatar.com\/avatar\/390ac8f0be5d9aa046152553e2dd7011b59a512d89c150f5e5f28bb8d9a0b165?s=96&d=mm&r=g\",\"caption\":\"Crees\"},\"url\":\"https:\/\/crees.org.do\/?author=2\"}]}<\/script>\n<!-- \/ Yoast SEO plugin. -->","yoast_head_json":{"title":"CREES: Ca\u00edda del turismo podr\u00eda ser peor en el 2020 | CREES","robots":{"index":"index","follow":"follow","max-snippet":"max-snippet:-1","max-image-preview":"max-image-preview:large","max-video-preview":"max-video-preview:-1"},"canonical":"https:\/\/crees.org.do\/?p=20824","og_locale":"es_ES","og_type":"article","og_title":"CREES: Ca\u00edda del turismo podr\u00eda ser peor en el 2020 | CREES","og_description":"Publicado el: Lunes 26 de noviembre del 2019Autor: Hoy DigitalLos fundamentos del turismo en la Rep\u00fablica Dominicana permanecen relativamente fuertes, pero las perspectivas del turismo para el 2020 no son muy halg\u00fce\u00f1as en la medida que la ocupaci\u00f3n hotelera no se proyecta alcanzar los niveles del primer semestre de este a\u00f1o, cuando promedi\u00f3 82.5%, afirma una publicaci\u00f3n del Centro de Estrategias Econ\u00f3micas Sostenibles (CREES), de la autor\u00eda del economista Ernesto Selman.","og_url":"https:\/\/crees.org.do\/?p=20824","og_site_name":"CREES","article_publisher":"https:\/\/www.facebook.com\/CREESRD\/","article_published_time":"2019-01-11T00:00:00+00:00","og_image":[{"width":244,"height":71,"url":"https:\/\/crees.org.do\/wp-content\/uploads\/2022\/03\/crees-logo-1.jpg","type":"image\/jpeg"}],"author":"Crees","twitter_card":"summary_large_image","twitter_creator":"@CREESRD","twitter_site":"@CREESRD","twitter_misc":{"Escrito por":"Crees","Tiempo de lectura":"2 minutos"},"schema":{"@context":"https:\/\/schema.org","@graph":[{"@type":"Article","@id":"https:\/\/crees.org.do\/?p=20824#article","isPartOf":{"@id":"https:\/\/crees.org.do\/?p=20824"},"author":{"name":"Crees","@id":"https:\/\/crees.org.do\/#\/schema\/person\/e7f97cd94d7bf9cd0e0ce30acb7d56b8"},"headline":"CREES: Ca\u00edda del turismo podr\u00eda ser peor en el 2020","datePublished":"2019-01-11T00:00:00+00:00","mainEntityOfPage":{"@id":"https:\/\/crees.org.do\/?p=20824"},"wordCount":489,"commentCount":0,"publisher":{"@id":"https:\/\/crees.org.do\/#organization"},"articleSection":["Blog"],"inLanguage":"es"},{"@type":"WebPage","@id":"https:\/\/crees.org.do\/?p=20824","url":"https:\/\/crees.org.do\/?p=20824","name":"CREES: Ca\u00edda del turismo podr\u00eda ser peor en el 2020 | CREES","isPartOf":{"@id":"https:\/\/crees.org.do\/#website"},"datePublished":"2019-01-11T00:00:00+00:00","breadcrumb":{"@id":"https:\/\/crees.org.do\/?p=20824#breadcrumb"},"inLanguage":"es","potentialAction":[{"@type":"ReadAction","target":["https:\/\/crees.org.do\/?p=20824"]}]},{"@type":"BreadcrumbList","@id":"https:\/\/crees.org.do\/?p=20824#breadcrumb","itemListElement":[{"@type":"ListItem","position":1,"name":"Portada","item":"https:\/\/crees.org.do\/"},{"@type":"ListItem","position":2,"name":"CREES: Ca\u00edda del turismo podr\u00eda ser peor en el 2020"}]},{"@type":"WebSite","@id":"https:\/\/crees.org.do\/#website","url":"https:\/\/crees.org.do\/","name":"CREES","description":"Centro Regional de Estrategias Econ\u00f3micas Sostenibles","publisher":{"@id":"https:\/\/crees.org.do\/#organization"},"potentialAction":[{"@type":"SearchAction","target":{"@type":"EntryPoint","urlTemplate":"https:\/\/crees.org.do\/?s={search_term_string}"},"query-input":{"@type":"PropertyValueSpecification","valueRequired":true,"valueName":"search_term_string"}}],"inLanguage":"es"},{"@type":"Organization","@id":"https:\/\/crees.org.do\/#organization","name":"CREES | Centro Regional de Estrategias Econ\u00f3micas Sostenibles","url":"https:\/\/crees.org.do\/","logo":{"@type":"ImageObject","inLanguage":"es","@id":"https:\/\/crees.org.do\/#\/schema\/logo\/image\/","url":"https:\/\/crees.org.do\/wp-content\/uploads\/2022\/03\/crees-logo-1.jpg","contentUrl":"https:\/\/crees.org.do\/wp-content\/uploads\/2022\/03\/crees-logo-1.jpg","width":244,"height":71,"caption":"CREES | Centro Regional de Estrategias Econ\u00f3micas Sostenibles"},"image":{"@id":"https:\/\/crees.org.do\/#\/schema\/logo\/image\/"},"sameAs":["https:\/\/www.facebook.com\/CREESRD\/","https:\/\/x.com\/CREESRD"]},{"@type":"Person","@id":"https:\/\/crees.org.do\/#\/schema\/person\/e7f97cd94d7bf9cd0e0ce30acb7d56b8","name":"Crees","image":{"@type":"ImageObject","inLanguage":"es","@id":"https:\/\/crees.org.do\/#\/schema\/person\/image\/","url":"https:\/\/secure.gravatar.com\/avatar\/390ac8f0be5d9aa046152553e2dd7011b59a512d89c150f5e5f28bb8d9a0b165?s=96&d=mm&r=g","contentUrl":"https:\/\/secure.gravatar.com\/avatar\/390ac8f0be5d9aa046152553e2dd7011b59a512d89c150f5e5f28bb8d9a0b165?s=96&d=mm&r=g","caption":"Crees"},"url":"https:\/\/crees.org.do\/?author=2"}]}},"_links":{"self":[{"href":"https:\/\/crees.org.do\/index.php?rest_route=\/wp\/v2\/posts\/20824","targetHints":{"allow":["GET"]}}],"collection":[{"href":"https:\/\/crees.org.do\/index.php?rest_route=\/wp\/v2\/posts"}],"about":[{"href":"https:\/\/crees.org.do\/index.php?rest_route=\/wp\/v2\/types\/post"}],"author":[{"embeddable":true,"href":"https:\/\/crees.org.do\/index.php?rest_route=\/wp\/v2\/users\/2"}],"replies":[{"embeddable":true,"href":"https:\/\/crees.org.do\/index.php?rest_route=%2Fwp%2Fv2%2Fcomments&post=20824"}],"version-history":[{"count":0,"href":"https:\/\/crees.org.do\/index.php?rest_route=\/wp\/v2\/posts\/20824\/revisions"}],"wp:attachment":[{"href":"https:\/\/crees.org.do\/index.php?rest_route=%2Fwp%2Fv2%2Fmedia&parent=20824"}],"wp:term":[{"taxonomy":"category","embeddable":true,"href":"https:\/\/crees.org.do\/index.php?rest_route=%2Fwp%2Fv2%2Fcategories&post=20824"},{"taxonomy":"post_tag","embeddable":true,"href":"https:\/\/crees.org.do\/index.php?rest_route=%2Fwp%2Fv2%2Ftags&post=20824"}],"curies":[{"name":"wp","href":"https:\/\/api.w.org\/{rel}","templated":true}]}}