{"id":20829,"date":"2020-01-01T00:00:00","date_gmt":"2020-01-01T00:00:00","guid":{"rendered":"https:\/\/crees.org.do\/economistas-estiman-el-deficit-del-2019-en-cerca-de-rd160-mil-millones\/"},"modified":"2020-01-01T00:00:00","modified_gmt":"2020-01-01T00:00:00","slug":"economistas-estiman-el-deficit-del-2019-en-cerca-de-rd160-mil-millones","status":"publish","type":"post","link":"https:\/\/crees.org.do\/?p=20829","title":{"rendered":"Economistas estiman el d\u00e9ficit del 2019 en cerca de RD$160 mil millones"},"content":{"rendered":"<p style=\"text-align: justify;\"><span style=\"font-size:12px;\"><span style=\"font-family:verdana,geneva,sans-serif;\">Autor: Edwin Ruiz&nbsp;<\/span><\/span><\/p>\n<p style=\"text-align: justify;\"><span style=\"font-size:12px;\"><span style=\"font-family:verdana,geneva,sans-serif;\">Extra\u00eddo de: Peri\u00f3dico Diario Libre<\/span><\/span><\/p>\n<div class=\"portlet-boundary portlet-static-end content-viewer-portlet last full-access norestricted\" id=\"\" style=\"box-sizing: inherit; color: rgb(0, 0, 0); font-family: Roboto, Arial, sans-serif; font-size: 18px; background-color: rgb(255, 255, 255);\">\n<div class=\"text\" style=\"box-sizing: inherit;\">\n<div class=\"paragraph\" mlnid=\"idcon=12934851;order=7.0\" style=\"box-sizing: inherit;\">\n<p style=\"box-sizing: inherit; margin-bottom: 1rem; text-align: justify;\"><span style=\"font-size:12px;\"><span style=\"font-family:verdana,geneva,sans-serif;\">El \u00faltimo d\u00eda del pasado a\u00f1o tres reconocidos economistas debat\u00edan sobre la situaci\u00f3n econ\u00f3mica del pa\u00eds y sus perspectivas para este nuevo a\u00f1o, y entre los temas se destac\u00f3 el hecho de que el 2019 fue el &ldquo;und\u00e9cimo a\u00f1o consecutivos de d\u00e9ficit fiscales&rdquo;, lo que le deja una pesada carga al 2020 y a los otros periodos venideros.<\/span><\/span><\/p>\n<p style=\"box-sizing: inherit; margin-bottom: 1rem; text-align: justify;\"><span style=\"font-size:12px;\"><span style=\"font-family:verdana,geneva,sans-serif;\">El debate se realiz\u00f3 en el programa Uno m\u00e1s Uno, como parte del balance del fin del a\u00f1o. Y cont\u00f3 con la participaci\u00f3n de los economistas Miguel Ceara Hatton, Ernesto Selman y el exministro de econom\u00eda, Isidoro Santana. El encuentro era dirigido por los periodistas Juan Bol\u00edvar D\u00edaz, y Adalberto Grull\u00f3n.<\/span><\/span><\/p>\n<p style=\"box-sizing: inherit; margin-bottom: 1rem; text-align: justify;\"><span style=\"font-size:12px;\"><span style=\"font-family:verdana,geneva,sans-serif;\">Entre los temas tratados, se destac\u00f3 la debilidad institucional del pa\u00eds, ahondada hasta niveles peligros durante 2019, y la ausencia de transparencia en el uso de los fondos p\u00fablicos, y en sus reportes estad\u00edsticos.<\/span><\/span><\/p>\n<p style=\"box-sizing: inherit; margin-bottom: 1rem; text-align: justify;\"><span style=\"font-size:12px;\"><span style=\"font-family:verdana,geneva,sans-serif;\">Y medios a ciegas, por falta de reportes confiables, logran estimar que el verdadero d\u00e9ficit fiscal para al a\u00f1o concluido anda por los alrededores de los 160,000 millones de pesos, lo que es muy superior al monto originalmente estimado, de RD$75,525.4 millones.<\/span><\/span><\/p>\n<p style=\"box-sizing: inherit; margin-bottom: 1rem; text-align: justify;\"><span style=\"font-size:12px;\"><span style=\"font-family:verdana,geneva,sans-serif;\">Miguel Ceara Hatton, economistas e investigador, estima el d\u00e9ficit en RS$156,000 millones, &ldquo;el doble de lo presupuestado&rdquo;, lo que es refrendado por Ernesto Selman, Vicepresidente Ejecutivo del Centro Regional de Estrategia Econ\u00f3mica sostenibles.<\/span><\/span><\/p>\n<p style=\"box-sizing: inherit; margin-bottom: 1rem; text-align: justify;\"><span style=\"font-size:12px;\"><span style=\"font-family:verdana,geneva,sans-serif;\">Mientras que, a falta de datos, Isidoro Santana, ex ministro de Econom\u00eda, afirma: &ldquo;Yo no me atrever\u00eda a decir un n\u00famero&rdquo;. Pero agrega que &ldquo;se realizan operaciones de manera sistem\u00e1tica que no quedan reflejadas en los n\u00fameros&rdquo;.<\/span><\/span><\/p>\n<p style=\"box-sizing: inherit; margin-bottom: 1rem; text-align: justify;\"><span style=\"font-size:12px;\"><span style=\"font-family:verdana,geneva,sans-serif;\">Para realizar la estimaci\u00f3n del d\u00e9ficit se centran en la disminuci\u00f3n de cuentas por pagar ascendente a RS$66,000 millones, a lo que le suman el equivalente en pesos de los US$1,750 millones de deudas del sector el\u00e9ctrico, sometido a la aprobaci\u00f3n del Congreso para ser convertida formalmente en deuda p\u00fablica, despu\u00e9s de ser gastado, pero no pagado.<\/span><\/span><\/p>\n<p style=\"box-sizing: inherit; margin-bottom: 1rem; text-align: justify;\"><span style=\"font-size:12px;\"><span style=\"font-family:verdana,geneva,sans-serif;\">De hecho, un tema tratado fue el de la Central Punta Catalina, cuya inauguraci\u00f3n fue anunciada por el presidente Danilo Medina, para este mes de enero.<\/span><\/span><\/p>\n<p style=\"box-sizing: inherit; margin-bottom: 1rem; text-align: justify;\"><span style=\"font-size:12px;\"><span style=\"font-family:verdana,geneva,sans-serif;\">En el debate, Ernesto Selman asegur\u00f3 que los fondos invertidos para la construcci\u00f3n de Punta Catalina, &ldquo;nunca se presupuestaron&rdquo;.<\/span><\/span><\/p>\n<p style=\"box-sizing: inherit; margin-bottom: 1rem; text-align: justify;\"><span style=\"font-size:12px;\"><span style=\"font-family:verdana,geneva,sans-serif;\">Pero se gastaron por un monto que algunos, como Eulegio Santaella, estima en unos 3,000 mil millones de d\u00f3lares, mientras que la CDEEE afirma que el monto asciende a US$2,372.9 millones.<\/span><\/span><\/p>\n<p style=\"box-sizing: inherit; margin-bottom: 1rem; text-align: justify;\"><span style=\"font-size:12px;\"><span style=\"font-family:verdana,geneva,sans-serif;\">A esto se le agrega el presupuesto complementario aprobado por el Congreso el 13 de diciembre pasado, con lo que legaliza retroactivamente gastos ejecutados no contemplados originalmente en el Presupuesto General del Estado.<\/span><\/span><\/p>\n<p style=\"box-sizing: inherit; margin-bottom: 1rem; text-align: justify;\"><span style=\"font-size:12px;\"><span style=\"font-family:verdana,geneva,sans-serif;\">Esto es as\u00ed, a pesar de que en el art\u00edculo 93 de la Constituci\u00f3n vigente de la Rep\u00fablica se establece como atribuci\u00f3n del Congreso &ldquo;votar anualmente la Ley de Presupuesto General del Estado, as\u00ed como aprobar o rechazar los gastos extraordinarios para los cuales solicite un cr\u00e9dito el Poder Ejecutivo&rdquo;.<\/span><\/span><\/p>\n<p style=\"box-sizing: inherit; margin-bottom: 1rem; text-align: justify;\"><span style=\"font-size:12px;\"><span style=\"font-family:verdana,geneva,sans-serif;\">Asimismo, en conflicto con lo que establece el Art\u00edculo 236 de la Constituci\u00f3n sobre la validez de la erogaci\u00f3n: &ldquo;Ninguna erogaci\u00f3n de fondos p\u00fablicos ser\u00e1 v\u00e1lida, si no estuviere autorizada por la ley y ordenada por funcionario competente&rdquo;.<\/span><\/span><\/p>\n<p style=\"box-sizing: inherit; margin-bottom: 1rem; text-align: justify;\"><span style=\"font-size:12px;\"><span style=\"font-family:verdana,geneva,sans-serif;\">&ldquo;Te\u00f3ricamente no deber\u00eda haber ning\u00fan centavo que gaste una instituci\u00f3n p\u00fablica, sin que quede registrado en la contabilidad sobre las finanzas p\u00fablica&rdquo;, afirma Isidoro Santana.<\/span><\/span><\/p>\n<p style=\"box-sizing: inherit; margin-bottom: 1rem; text-align: justify;\"><span style=\"font-size:12px;\"><span style=\"font-family:verdana,geneva,sans-serif;\">Y agrega que, en la pr\u00e1ctica, esas cosas ocurren, y que entonces viene a descubrirse despu\u00e9s.<\/span><\/span><\/p>\n<p style=\"box-sizing: inherit; margin-bottom: 1rem; text-align: justify;\"><span style=\"font-size:12px;\"><span style=\"font-family:verdana,geneva,sans-serif;\">&ldquo;Est\u00e1 claro que el d\u00e9ficit va a terminar siendo en el 2019 bastante m\u00e1s del que fue originalmente, en parte porque los ingresos no alcanzaron lo que se hab\u00eda proyectado, y en parte, porque se gast\u00f3 m\u00e1s&rdquo;, afirma Santana.<\/span><\/span><\/p>\n<\/div>\n<div class=\"paragraph\" mlnid=\"idcon=12935137;order=9.0\" style=\"box-sizing: inherit;\">\n<p style=\"box-sizing: inherit; margin-bottom: 1rem; text-align: justify;\"><span style=\"font-size:12px;\"><span style=\"font-family:verdana,geneva,sans-serif;\"><span style=\"box-sizing: inherit; font-weight: bolder;\">Un proyecto tard\u00edo de modificaci\u00f3n presupuestaria<\/span><\/span><\/span><\/p>\n<p style=\"box-sizing: inherit; margin-bottom: 1rem; text-align: justify;\"><span style=\"font-size:12px;\"><span style=\"font-family:verdana,geneva,sans-serif;\">El primero de octubre del a\u00f1o pasado, el presidente Danilo Medina, someti\u00f3 al Senado un proyecto de presupuesto complementario, &ldquo;con miras a mitigar&rdquo; los efectos de la desaceleraci\u00f3n de la econom\u00eda internacional. En su carta explica que el Gobierno se propone adoptar un conjunto de medidas &ldquo;de recorte y reasignaci\u00f3n de gastos para asegurar la provisi\u00f3n adecuada de servicios p\u00fablicos, y atender a poblaciones vulnerables que pueden verse afectadas&rdquo;.<\/span><\/span><\/p>\n<p style=\"box-sizing: inherit; margin-bottom: 1rem; text-align: justify;\"><span style=\"font-size:12px;\"><span style=\"font-family:verdana,geneva,sans-serif;\">Y agrega: &ldquo;Al tiempo que procura atenuar el incremento del d\u00e9ficit fiscal&rdquo;.<\/span><\/span><\/p>\n<p style=\"box-sizing: inherit; margin-bottom: 1rem; text-align: justify;\"><span style=\"font-size:12px;\"><span style=\"font-family:verdana,geneva,sans-serif;\">Pero en su p\u00e1rrafo final, cuatro m\u00e1s abajo, informa: &ldquo;Hacemos de su conocimiento que la aprobaci\u00f3n de estas medidas por parte del Congreso Nacional incrementar\u00eda el d\u00e9ficit del Gobierno Central aprobado por el Presupuesto General del Estado 2019, de 1.5% a 2.2% del PIB nominal&rdquo;.<\/span><\/span><\/p>\n<p style=\"box-sizing: inherit; margin-bottom: 1rem; text-align: justify;\"><span style=\"font-size:12px;\"><span style=\"font-family:verdana,geneva,sans-serif;\">En el proyecto, incluye aumentos de apropiaciones presupuestarias a varios ministerios e instituciones del Estado, lo que incluye a la C\u00e1mara de Diputados, con RD$77.8 millones. Se recuerda que la C\u00e1mara de Diputados gast\u00f3 unos RD$310 millones en la adquisici\u00f3n de productos comestibles y bonos navide\u00f1os&nbsp;para repartirlos durante las festividades de este 2019, seg\u00fan report\u00f3 este medio,<\/span><\/span><\/p>\n<p style=\"box-sizing: inherit; margin-bottom: 1rem; text-align: justify;\"><span style=\"font-size:12px;\"><span style=\"font-family:verdana,geneva,sans-serif;\">Tambi\u00e9n, el Ministerio de Obras P\u00fablicas y Comunicaciones recibi\u00f3 un aumento de RS$ 302. 1 millones. Se recuerda que, bajo la gesti\u00f3n de Gonzalo Castillo, Obras P\u00fablicas gast\u00f3 RD$11,500 millones de pesos en programas de asfaltado, en momentos en que se realizaba la saturante campa\u00f1a de su titular para ganar la candidatura presidencial de cara a las primarias del partido gobernante, seg\u00fan una investigaci\u00f3n de Alicia Ortega.<\/span><\/span><\/p>\n<p style=\"box-sizing: inherit; margin-bottom: 1rem; text-align: justify;\"><span style=\"font-size:12px;\"><span style=\"font-family:verdana,geneva,sans-serif;\">En total se reasignaron fondos por un total RD$7,585.4 millones, lo que incluye a casi todos los ministerios, otras instituciones del Estado, y a la Junta Central Electoral.<\/span><\/span><\/p>\n<p style=\"box-sizing: inherit; margin-bottom: 1rem; text-align: justify;\"><span style=\"font-size:12px;\"><span style=\"font-family:verdana,geneva,sans-serif;\">&ldquo;El hecho de que estad\u00edsticamente registremos a lo largo de la historia que en los a\u00f1os de elecciones haya m\u00e1s gasto p\u00fablico, tanto en consumo como en inversi\u00f3n, eso es parte del problema institucional&rdquo;, observa Isidoro Santana.<\/span><\/span><\/p>\n<p style=\"box-sizing: inherit; margin-bottom: 1rem; text-align: justify;\"><span style=\"font-size:12px;\"><span style=\"font-family:verdana,geneva,sans-serif;\">Y agrega: &ldquo;Que haya muchas elecciones no deber\u00eda se nada anormal. Eso es normal en cualquier pa\u00eds del mundo. Lo que es anormal es que eso se convierta en el \u00fanico tema de agenda nacional&rdquo;.<\/span><\/span><\/p>\n<\/div>\n<\/div>\n<\/div>\n<p>&nbsp;<\/p>\n<div class=\"pvc_clear\"><\/div>\n<p class=\"pvc_stats all \" data-element-id=\"20829\" style=\"\"><i class=\"pvc-stats-icon medium\" aria-hidden=\"true\"><svg aria-hidden=\"true\" focusable=\"false\" data-prefix=\"far\" data-icon=\"chart-bar\" role=\"img\" xmlns=\"http:\/\/www.w3.org\/2000\/svg\" viewBox=\"0 0 512 512\" class=\"svg-inline--fa fa-chart-bar fa-w-16 fa-2x\"><path fill=\"currentColor\" d=\"M396.8 352h22.4c6.4 0 12.8-6.4 12.8-12.8V108.8c0-6.4-6.4-12.8-12.8-12.8h-22.4c-6.4 0-12.8 6.4-12.8 12.8v230.4c0 6.4 6.4 12.8 12.8 12.8zm-192 0h22.4c6.4 0 12.8-6.4 12.8-12.8V140.8c0-6.4-6.4-12.8-12.8-12.8h-22.4c-6.4 0-12.8 6.4-12.8 12.8v198.4c0 6.4 6.4 12.8 12.8 12.8zm96 0h22.4c6.4 0 12.8-6.4 12.8-12.8V204.8c0-6.4-6.4-12.8-12.8-12.8h-22.4c-6.4 0-12.8 6.4-12.8 12.8v134.4c0 6.4 6.4 12.8 12.8 12.8zM496 400H48V80c0-8.84-7.16-16-16-16H16C7.16 64 0 71.16 0 80v336c0 17.67 14.33 32 32 32h464c8.84 0 16-7.16 16-16v-16c0-8.84-7.16-16-16-16zm-387.2-48h22.4c6.4 0 12.8-6.4 12.8-12.8v-70.4c0-6.4-6.4-12.8-12.8-12.8h-22.4c-6.4 0-12.8 6.4-12.8 12.8v70.4c0 6.4 6.4 12.8 12.8 12.8z\" class=\"\"><\/path><\/svg><\/i> Vistas Totales&nbsp;277&nbsp;, Vistas Hoy&nbsp;1&nbsp;<\/p>\n<div class=\"pvc_clear\"><\/div>\n","protected":false},"excerpt":{"rendered":"<p>Publicado el: Mi\u00e9rcoles 1 de enero del 2020Autor: Edwin RuizEl \u00faltimo d\u00eda del pasado a\u00f1o tres reconocidos economistas debat\u00edan sobre la situaci\u00f3n econ\u00f3mica del pa\u00eds y sus perspectivas para este nuevo a\u00f1o, y entre los temas se destac\u00f3 el hecho de que el 2019 fue el \u201cund\u00e9cimo a\u00f1o consecutivos de d\u00e9ficit fiscales\u201d, lo que le deja una pesada carga al 2020 y a los otros periodos venideros.<\/p>\n<div class=\"pvc_clear\"><\/div>\n<p class=\"pvc_stats all \" data-element-id=\"20829\" style=\"\"><i class=\"pvc-stats-icon medium\" aria-hidden=\"true\"><svg aria-hidden=\"true\" focusable=\"false\" data-prefix=\"far\" data-icon=\"chart-bar\" role=\"img\" xmlns=\"http:\/\/www.w3.org\/2000\/svg\" viewBox=\"0 0 512 512\" class=\"svg-inline--fa fa-chart-bar fa-w-16 fa-2x\"><path fill=\"currentColor\" d=\"M396.8 352h22.4c6.4 0 12.8-6.4 12.8-12.8V108.8c0-6.4-6.4-12.8-12.8-12.8h-22.4c-6.4 0-12.8 6.4-12.8 12.8v230.4c0 6.4 6.4 12.8 12.8 12.8zm-192 0h22.4c6.4 0 12.8-6.4 12.8-12.8V140.8c0-6.4-6.4-12.8-12.8-12.8h-22.4c-6.4 0-12.8 6.4-12.8 12.8v198.4c0 6.4 6.4 12.8 12.8 12.8zm96 0h22.4c6.4 0 12.8-6.4 12.8-12.8V204.8c0-6.4-6.4-12.8-12.8-12.8h-22.4c-6.4 0-12.8 6.4-12.8 12.8v134.4c0 6.4 6.4 12.8 12.8 12.8zM496 400H48V80c0-8.84-7.16-16-16-16H16C7.16 64 0 71.16 0 80v336c0 17.67 14.33 32 32 32h464c8.84 0 16-7.16 16-16v-16c0-8.84-7.16-16-16-16zm-387.2-48h22.4c6.4 0 12.8-6.4 12.8-12.8v-70.4c0-6.4-6.4-12.8-12.8-12.8h-22.4c-6.4 0-12.8 6.4-12.8 12.8v70.4c0 6.4 6.4 12.8 12.8 12.8z\" class=\"\"><\/path><\/svg><\/i> Vistas Totales&nbsp;277&nbsp;, Vistas Hoy&nbsp;1&nbsp;<\/p>\n<div class=\"pvc_clear\"><\/div>\n","protected":false},"author":2,"featured_media":0,"comment_status":"open","ping_status":"open","sticky":false,"template":"","format":"standard","meta":{"footnotes":""},"categories":[21],"tags":[],"class_list":["post-20829","post","type-post","status-publish","format-standard","hentry","category-blog"],"yoast_head":"<!-- This site is optimized with the Yoast SEO plugin v25.2 - https:\/\/yoast.com\/wordpress\/plugins\/seo\/ -->\n<title>Economistas estiman el d\u00e9ficit del 2019 en cerca de RD$160 mil millones | CREES<\/title>\n<meta name=\"robots\" content=\"index, follow, max-snippet:-1, max-image-preview:large, max-video-preview:-1\" \/>\n<link rel=\"canonical\" href=\"https:\/\/crees.org.do\/?p=20829\" \/>\n<meta property=\"og:locale\" content=\"es_ES\" \/>\n<meta property=\"og:type\" content=\"article\" \/>\n<meta property=\"og:title\" content=\"Economistas estiman el d\u00e9ficit del 2019 en cerca de RD$160 mil millones | CREES\" \/>\n<meta property=\"og:description\" content=\"Publicado el: Mi\u00e9rcoles 1 de enero del 2020Autor: Edwin RuizEl \u00faltimo d\u00eda del pasado a\u00f1o tres reconocidos economistas debat\u00edan sobre la situaci\u00f3n econ\u00f3mica del pa\u00eds y sus perspectivas para este nuevo a\u00f1o, y entre los temas se destac\u00f3 el hecho de que el 2019 fue el \u201cund\u00e9cimo a\u00f1o consecutivos de d\u00e9ficit fiscales\u201d, lo que le deja una pesada carga al 2020 y a los otros periodos venideros.\" \/>\n<meta property=\"og:url\" content=\"https:\/\/crees.org.do\/?p=20829\" \/>\n<meta property=\"og:site_name\" content=\"CREES\" \/>\n<meta property=\"article:publisher\" content=\"https:\/\/www.facebook.com\/CREESRD\/\" \/>\n<meta property=\"article:published_time\" content=\"2020-01-01T00:00:00+00:00\" \/>\n<meta property=\"og:image\" content=\"https:\/\/crees.org.do\/wp-content\/uploads\/2022\/03\/crees-logo-1.jpg\" \/>\n\t<meta property=\"og:image:width\" content=\"244\" \/>\n\t<meta property=\"og:image:height\" content=\"71\" \/>\n\t<meta property=\"og:image:type\" content=\"image\/jpeg\" \/>\n<meta name=\"author\" content=\"Crees\" \/>\n<meta name=\"twitter:card\" content=\"summary_large_image\" \/>\n<meta name=\"twitter:creator\" content=\"@CREESRD\" \/>\n<meta name=\"twitter:site\" content=\"@CREESRD\" \/>\n<meta name=\"twitter:label1\" content=\"Escrito por\" \/>\n\t<meta name=\"twitter:data1\" content=\"Crees\" \/>\n\t<meta name=\"twitter:label2\" content=\"Tiempo de lectura\" \/>\n\t<meta name=\"twitter:data2\" content=\"5 minutos\" \/>\n<script type=\"application\/ld+json\" class=\"yoast-schema-graph\">{\"@context\":\"https:\/\/schema.org\",\"@graph\":[{\"@type\":\"Article\",\"@id\":\"https:\/\/crees.org.do\/?p=20829#article\",\"isPartOf\":{\"@id\":\"https:\/\/crees.org.do\/?p=20829\"},\"author\":{\"name\":\"Crees\",\"@id\":\"https:\/\/crees.org.do\/#\/schema\/person\/e7f97cd94d7bf9cd0e0ce30acb7d56b8\"},\"headline\":\"Economistas estiman el d\u00e9ficit del 2019 en cerca de RD$160 mil millones\",\"datePublished\":\"2020-01-01T00:00:00+00:00\",\"mainEntityOfPage\":{\"@id\":\"https:\/\/crees.org.do\/?p=20829\"},\"wordCount\":1081,\"commentCount\":0,\"publisher\":{\"@id\":\"https:\/\/crees.org.do\/#organization\"},\"articleSection\":[\"Blog\"],\"inLanguage\":\"es\"},{\"@type\":\"WebPage\",\"@id\":\"https:\/\/crees.org.do\/?p=20829\",\"url\":\"https:\/\/crees.org.do\/?p=20829\",\"name\":\"Economistas estiman el d\u00e9ficit del 2019 en cerca de RD$160 mil millones | CREES\",\"isPartOf\":{\"@id\":\"https:\/\/crees.org.do\/#website\"},\"datePublished\":\"2020-01-01T00:00:00+00:00\",\"breadcrumb\":{\"@id\":\"https:\/\/crees.org.do\/?p=20829#breadcrumb\"},\"inLanguage\":\"es\",\"potentialAction\":[{\"@type\":\"ReadAction\",\"target\":[\"https:\/\/crees.org.do\/?p=20829\"]}]},{\"@type\":\"BreadcrumbList\",\"@id\":\"https:\/\/crees.org.do\/?p=20829#breadcrumb\",\"itemListElement\":[{\"@type\":\"ListItem\",\"position\":1,\"name\":\"Portada\",\"item\":\"https:\/\/crees.org.do\/\"},{\"@type\":\"ListItem\",\"position\":2,\"name\":\"Economistas estiman el d\u00e9ficit del 2019 en cerca de RD$160 mil millones\"}]},{\"@type\":\"WebSite\",\"@id\":\"https:\/\/crees.org.do\/#website\",\"url\":\"https:\/\/crees.org.do\/\",\"name\":\"CREES\",\"description\":\"Centro Regional de Estrategias Econ\u00f3micas Sostenibles\",\"publisher\":{\"@id\":\"https:\/\/crees.org.do\/#organization\"},\"potentialAction\":[{\"@type\":\"SearchAction\",\"target\":{\"@type\":\"EntryPoint\",\"urlTemplate\":\"https:\/\/crees.org.do\/?s={search_term_string}\"},\"query-input\":{\"@type\":\"PropertyValueSpecification\",\"valueRequired\":true,\"valueName\":\"search_term_string\"}}],\"inLanguage\":\"es\"},{\"@type\":\"Organization\",\"@id\":\"https:\/\/crees.org.do\/#organization\",\"name\":\"CREES | Centro Regional de Estrategias Econ\u00f3micas Sostenibles\",\"url\":\"https:\/\/crees.org.do\/\",\"logo\":{\"@type\":\"ImageObject\",\"inLanguage\":\"es\",\"@id\":\"https:\/\/crees.org.do\/#\/schema\/logo\/image\/\",\"url\":\"https:\/\/crees.org.do\/wp-content\/uploads\/2022\/03\/crees-logo-1.jpg\",\"contentUrl\":\"https:\/\/crees.org.do\/wp-content\/uploads\/2022\/03\/crees-logo-1.jpg\",\"width\":244,\"height\":71,\"caption\":\"CREES | Centro Regional de Estrategias Econ\u00f3micas Sostenibles\"},\"image\":{\"@id\":\"https:\/\/crees.org.do\/#\/schema\/logo\/image\/\"},\"sameAs\":[\"https:\/\/www.facebook.com\/CREESRD\/\",\"https:\/\/x.com\/CREESRD\"]},{\"@type\":\"Person\",\"@id\":\"https:\/\/crees.org.do\/#\/schema\/person\/e7f97cd94d7bf9cd0e0ce30acb7d56b8\",\"name\":\"Crees\",\"image\":{\"@type\":\"ImageObject\",\"inLanguage\":\"es\",\"@id\":\"https:\/\/crees.org.do\/#\/schema\/person\/image\/\",\"url\":\"https:\/\/secure.gravatar.com\/avatar\/390ac8f0be5d9aa046152553e2dd7011b59a512d89c150f5e5f28bb8d9a0b165?s=96&d=mm&r=g\",\"contentUrl\":\"https:\/\/secure.gravatar.com\/avatar\/390ac8f0be5d9aa046152553e2dd7011b59a512d89c150f5e5f28bb8d9a0b165?s=96&d=mm&r=g\",\"caption\":\"Crees\"},\"url\":\"https:\/\/crees.org.do\/?author=2\"}]}<\/script>\n<!-- \/ Yoast SEO plugin. -->","yoast_head_json":{"title":"Economistas estiman el d\u00e9ficit del 2019 en cerca de RD$160 mil millones | CREES","robots":{"index":"index","follow":"follow","max-snippet":"max-snippet:-1","max-image-preview":"max-image-preview:large","max-video-preview":"max-video-preview:-1"},"canonical":"https:\/\/crees.org.do\/?p=20829","og_locale":"es_ES","og_type":"article","og_title":"Economistas estiman el d\u00e9ficit del 2019 en cerca de RD$160 mil millones | CREES","og_description":"Publicado el: Mi\u00e9rcoles 1 de enero del 2020Autor: Edwin RuizEl \u00faltimo d\u00eda del pasado a\u00f1o tres reconocidos economistas debat\u00edan sobre la situaci\u00f3n econ\u00f3mica del pa\u00eds y sus perspectivas para este nuevo a\u00f1o, y entre los temas se destac\u00f3 el hecho de que el 2019 fue el \u201cund\u00e9cimo a\u00f1o consecutivos de d\u00e9ficit fiscales\u201d, lo que le deja una pesada carga al 2020 y a los otros periodos venideros.","og_url":"https:\/\/crees.org.do\/?p=20829","og_site_name":"CREES","article_publisher":"https:\/\/www.facebook.com\/CREESRD\/","article_published_time":"2020-01-01T00:00:00+00:00","og_image":[{"width":244,"height":71,"url":"https:\/\/crees.org.do\/wp-content\/uploads\/2022\/03\/crees-logo-1.jpg","type":"image\/jpeg"}],"author":"Crees","twitter_card":"summary_large_image","twitter_creator":"@CREESRD","twitter_site":"@CREESRD","twitter_misc":{"Escrito por":"Crees","Tiempo de lectura":"5 minutos"},"schema":{"@context":"https:\/\/schema.org","@graph":[{"@type":"Article","@id":"https:\/\/crees.org.do\/?p=20829#article","isPartOf":{"@id":"https:\/\/crees.org.do\/?p=20829"},"author":{"name":"Crees","@id":"https:\/\/crees.org.do\/#\/schema\/person\/e7f97cd94d7bf9cd0e0ce30acb7d56b8"},"headline":"Economistas estiman el d\u00e9ficit del 2019 en cerca de RD$160 mil millones","datePublished":"2020-01-01T00:00:00+00:00","mainEntityOfPage":{"@id":"https:\/\/crees.org.do\/?p=20829"},"wordCount":1081,"commentCount":0,"publisher":{"@id":"https:\/\/crees.org.do\/#organization"},"articleSection":["Blog"],"inLanguage":"es"},{"@type":"WebPage","@id":"https:\/\/crees.org.do\/?p=20829","url":"https:\/\/crees.org.do\/?p=20829","name":"Economistas estiman el d\u00e9ficit del 2019 en cerca de RD$160 mil millones | CREES","isPartOf":{"@id":"https:\/\/crees.org.do\/#website"},"datePublished":"2020-01-01T00:00:00+00:00","breadcrumb":{"@id":"https:\/\/crees.org.do\/?p=20829#breadcrumb"},"inLanguage":"es","potentialAction":[{"@type":"ReadAction","target":["https:\/\/crees.org.do\/?p=20829"]}]},{"@type":"BreadcrumbList","@id":"https:\/\/crees.org.do\/?p=20829#breadcrumb","itemListElement":[{"@type":"ListItem","position":1,"name":"Portada","item":"https:\/\/crees.org.do\/"},{"@type":"ListItem","position":2,"name":"Economistas estiman el d\u00e9ficit del 2019 en cerca de RD$160 mil millones"}]},{"@type":"WebSite","@id":"https:\/\/crees.org.do\/#website","url":"https:\/\/crees.org.do\/","name":"CREES","description":"Centro Regional de Estrategias Econ\u00f3micas Sostenibles","publisher":{"@id":"https:\/\/crees.org.do\/#organization"},"potentialAction":[{"@type":"SearchAction","target":{"@type":"EntryPoint","urlTemplate":"https:\/\/crees.org.do\/?s={search_term_string}"},"query-input":{"@type":"PropertyValueSpecification","valueRequired":true,"valueName":"search_term_string"}}],"inLanguage":"es"},{"@type":"Organization","@id":"https:\/\/crees.org.do\/#organization","name":"CREES | Centro Regional de Estrategias Econ\u00f3micas Sostenibles","url":"https:\/\/crees.org.do\/","logo":{"@type":"ImageObject","inLanguage":"es","@id":"https:\/\/crees.org.do\/#\/schema\/logo\/image\/","url":"https:\/\/crees.org.do\/wp-content\/uploads\/2022\/03\/crees-logo-1.jpg","contentUrl":"https:\/\/crees.org.do\/wp-content\/uploads\/2022\/03\/crees-logo-1.jpg","width":244,"height":71,"caption":"CREES | Centro Regional de Estrategias Econ\u00f3micas Sostenibles"},"image":{"@id":"https:\/\/crees.org.do\/#\/schema\/logo\/image\/"},"sameAs":["https:\/\/www.facebook.com\/CREESRD\/","https:\/\/x.com\/CREESRD"]},{"@type":"Person","@id":"https:\/\/crees.org.do\/#\/schema\/person\/e7f97cd94d7bf9cd0e0ce30acb7d56b8","name":"Crees","image":{"@type":"ImageObject","inLanguage":"es","@id":"https:\/\/crees.org.do\/#\/schema\/person\/image\/","url":"https:\/\/secure.gravatar.com\/avatar\/390ac8f0be5d9aa046152553e2dd7011b59a512d89c150f5e5f28bb8d9a0b165?s=96&d=mm&r=g","contentUrl":"https:\/\/secure.gravatar.com\/avatar\/390ac8f0be5d9aa046152553e2dd7011b59a512d89c150f5e5f28bb8d9a0b165?s=96&d=mm&r=g","caption":"Crees"},"url":"https:\/\/crees.org.do\/?author=2"}]}},"_links":{"self":[{"href":"https:\/\/crees.org.do\/index.php?rest_route=\/wp\/v2\/posts\/20829","targetHints":{"allow":["GET"]}}],"collection":[{"href":"https:\/\/crees.org.do\/index.php?rest_route=\/wp\/v2\/posts"}],"about":[{"href":"https:\/\/crees.org.do\/index.php?rest_route=\/wp\/v2\/types\/post"}],"author":[{"embeddable":true,"href":"https:\/\/crees.org.do\/index.php?rest_route=\/wp\/v2\/users\/2"}],"replies":[{"embeddable":true,"href":"https:\/\/crees.org.do\/index.php?rest_route=%2Fwp%2Fv2%2Fcomments&post=20829"}],"version-history":[{"count":0,"href":"https:\/\/crees.org.do\/index.php?rest_route=\/wp\/v2\/posts\/20829\/revisions"}],"wp:attachment":[{"href":"https:\/\/crees.org.do\/index.php?rest_route=%2Fwp%2Fv2%2Fmedia&parent=20829"}],"wp:term":[{"taxonomy":"category","embeddable":true,"href":"https:\/\/crees.org.do\/index.php?rest_route=%2Fwp%2Fv2%2Fcategories&post=20829"},{"taxonomy":"post_tag","embeddable":true,"href":"https:\/\/crees.org.do\/index.php?rest_route=%2Fwp%2Fv2%2Ftags&post=20829"}],"curies":[{"name":"wp","href":"https:\/\/api.w.org\/{rel}","templated":true}]}}