{"id":20837,"date":"2020-01-02T00:00:00","date_gmt":"2020-01-02T00:00:00","guid":{"rendered":"https:\/\/crees.org.do\/los-empresarios-e-industriales-llaman-a-politicos-al-dialogo\/"},"modified":"2020-01-02T00:00:00","modified_gmt":"2020-01-02T00:00:00","slug":"los-empresarios-e-industriales-llaman-a-politicos-al-dialogo","status":"publish","type":"post","link":"https:\/\/crees.org.do\/?p=20837","title":{"rendered":"Los empresarios e industriales llaman a pol\u00edticos al di\u00e1logo"},"content":{"rendered":"<p style=\"text-align: justify;\"><span style=\"color:#000000;\"><span style=\"font-size:12px;\"><span style=\"font-family:verdana,geneva,sans-serif;\">Autor: Pablo Garc\u00eda<\/span><\/span><\/span><\/p>\n<p style=\"text-align: justify;\"><span style=\"color:#000000;\"><span style=\"font-size:12px;\"><span style=\"font-family:verdana,geneva,sans-serif;\">Extra\u00eddo de: Diario Libre<\/span><\/span><\/span><\/p>\n<p style=\"text-align: justify;\"><span style=\"color:#000000;\"><span style=\"font-size:12px;\"><span style=\"font-family:verdana,geneva,sans-serif;\"><span style=\"background-color: rgb(255, 255, 255);\">La incertidumbre generada por la suspensi\u00f3n de las elecciones municipales del pasado domingo por parte de la Junta Central Electoral (JCE) pudiera afectar la econom\u00eda y la institucionalidad dominicana, seg\u00fan entidades empresariales y economistas, que llamaron al di\u00e1logo a los actores pol\u00edticos para preservar la estabilidad. La presidenta de la Asociaci\u00f3n de Industrias y Empresas de Haina y la Regi\u00f3n Sur (AIE), Bredyg Disla, calific\u00f3 la situaci\u00f3n como una seria crisis institucional que env\u00eda se\u00f1ales negativas a los mercados, adem\u00e1s de que afecta el buen desempe\u00f1o de las empresas.<\/span><\/span><\/span><\/span><\/p>\n<div class=\"paragraph\" mlnid=\"idcon=13253723;order=3.1\" style=\"box-sizing: inherit; color: rgb(0, 0, 0); font-family: Roboto, Arial, sans-serif; font-size: 18px; background-color: rgb(255, 255, 255);\">\n<p style=\"box-sizing: inherit; margin-bottom: 1rem; text-align: justify;\"><span style=\"color:#000000;\"><span style=\"font-size:12px;\"><span style=\"font-family:verdana,geneva,sans-serif;\">&ldquo;Abogamos por un di\u00e1logo nacional que involucre a todos los actores para buscar una salida r\u00e1pida a este tema, pues de lo contrario, se corre el riesgo de afectar negativamente el orden econ\u00f3mico, especialmente el turismo, que se ver\u00eda una vez m\u00e1s amenazado si el pa\u00eds entra en una crisis pol\u00edtica indefinida&rdquo;, manifest\u00f3 Disla.<\/span><\/span><\/span><\/p>\n<p style=\"box-sizing: inherit; margin-bottom: 1rem; text-align: justify;\"><span style=\"color:#000000;\"><span style=\"font-size:12px;\"><span style=\"font-family:verdana,geneva,sans-serif;\">En tanto, el titular de la Asociaci\u00f3n Nacional de Empresas e Industriales de Herrera (ANEIH), Leonel Castellanos, deplor\u00f3 el impacto negativo que circunstancias como la que transita el pa\u00eds entra\u00f1an para la econom\u00eda.<\/span><\/span><\/span><\/p>\n<p style=\"box-sizing: inherit; margin-bottom: 1rem; text-align: justify;\"><span style=\"color:#000000;\"><span style=\"font-size:12px;\"><span style=\"font-family:verdana,geneva,sans-serif;\">Castellanos asegur\u00f3 que la situaci\u00f3n pol\u00edtica que vive el pa\u00eds tras la suspensi\u00f3n del proceso eleccionario impacta, particularmente, las actividades comercial e industrial, adem\u00e1s de empa\u00f1ar la reputaci\u00f3n internacional.<\/span><\/span><\/span><\/p>\n<\/div>\n<div class=\"entretitulo\" mlnid=\"idcon=13253723;order=3.5\" style=\"box-sizing: inherit; font-family: roboto; font-size: 18px; line-height: 32px; font-weight: bold; color: rgb(0, 0, 0); background-color: rgb(255, 255, 255); text-align: justify;\"><span style=\"color:#000000;\"><span style=\"font-size:12px;\"><span style=\"font-family:verdana,geneva,sans-serif;\">El riesgo pa\u00eds<\/span><\/span><\/span><\/div>\n<div class=\"paragraph\" mlnid=\"idcon=13253723;order=3.6\" style=\"box-sizing: inherit; color: rgb(0, 0, 0); font-family: Roboto, Arial, sans-serif; font-size: 18px; background-color: rgb(255, 255, 255);\">\n<p style=\"box-sizing: inherit; margin-bottom: 1rem; text-align: justify;\"><span style=\"color:#000000;\"><span style=\"font-size:12px;\"><span style=\"font-family:verdana,geneva,sans-serif;\">Para Ernesto Selman, vicepresidente del Centro Regional de Estrategias Econ\u00f3micas Sostenibles (CREES), con una crisis institucional como la que genera la suspensi\u00f3n de las elecciones se pone en entredicho el buen desenvolvimiento pol\u00edtico e institucional de Rep\u00fablica Dominicana &ldquo;y eso incrementa el riesgo pa\u00eds&rdquo;.<\/span><\/span><\/span><\/p>\n<p style=\"box-sizing: inherit; margin-bottom: 1rem; text-align: justify;\"><span style=\"color:#000000;\"><span style=\"font-size:12px;\"><span style=\"font-family:verdana,geneva,sans-serif;\">Selman indic\u00f3 que la situaci\u00f3n implica, adem\u00e1s, que se generen incertidumbres en los inversionistas, lo que afecta el clima de negocios.<\/span><\/span><\/span><\/p>\n<p style=\"box-sizing: inherit; margin-bottom: 1rem; text-align: justify;\"><span style=\"color:#000000;\"><span style=\"font-size:12px;\"><span style=\"font-family:verdana,geneva,sans-serif;\">&ldquo;Cuando hay muchas preguntas y pocas respuestas eso significa incertidumbre y la incertidumbre es el principal enemigo de la actividad econ\u00f3mica, de las inversiones. El problema que tenemos es que hay un da\u00f1o ya hecho y no se sabe c\u00f3mo eso va a terminar&rdquo;, declar\u00f3.<\/span><\/span><\/span><\/p>\n<p style=\"box-sizing: inherit; margin-bottom: 1rem; text-align: justify;\"><span style=\"color:#000000;\"><span style=\"font-size:12px;\"><span style=\"font-family:verdana,geneva,sans-serif;\">El proceso electoral que vivi\u00f3 a medias el pa\u00eds el pasado domingo dej\u00f3 al menos dos personas muertas y una herida, en diferentes hechos ocurridos en varios lugares. Asimismo, luego del anuncio de la suspensi\u00f3n de las elecciones se registraron manifestaciones violentas en Santo Domingo Este, Moca y Navarrete.<\/span><\/span><\/span><\/p>\n<p style=\"box-sizing: inherit; margin-bottom: 1rem; text-align: justify;\"><span style=\"color:#000000;\"><span style=\"font-size:12px;\"><span style=\"font-family:verdana,geneva,sans-serif;\">Mientras, el presidente de la Asociaci\u00f3n Nacional de J\u00f3venes Empresarios (ANJE), Radham\u00e9s Mart\u00ednez, consider\u00f3 prematuro hablar del impacto que pudiera generar el proceso que vive el pa\u00eds en la econom\u00eda y en el buen desenvolvimiento de las empresas.<\/span><\/span><\/span><\/p>\n<p style=\"box-sizing: inherit; margin-bottom: 1rem; text-align: justify;\"><span style=\"color:#000000;\"><span style=\"font-size:12px;\"><span style=\"font-family:verdana,geneva,sans-serif;\">&ldquo;Apenas han pasado 24 horas del proceso y hay que esperar y fomentar ese di\u00e1logo necesario y urgente&rdquo;, manifest\u00f3 Mart\u00ednez.<\/span><\/span><\/span><\/p>\n<p style=\"box-sizing: inherit; margin-bottom: 1rem; text-align: justify;\"><span style=\"color:#000000;\"><span style=\"font-size:12px;\"><span style=\"font-family:verdana,geneva,sans-serif;\">Destac\u00f3 que ANJE tiene 41 a\u00f1os promoviendo el respeto a la institucionalidad, el estado de derecho, la estabilidad econ\u00f3mica y el clima de negocios, &ldquo;por lo que entendemos que la Rep\u00fablica Dominicana tiene un gran reto actualmente&rdquo;.<\/span><\/span><\/span><\/p>\n<\/div>\n<p>&nbsp;<\/p>\n<div class=\"pvc_clear\"><\/div>\n<p class=\"pvc_stats all \" data-element-id=\"20837\" style=\"\"><i class=\"pvc-stats-icon medium\" aria-hidden=\"true\"><svg aria-hidden=\"true\" focusable=\"false\" data-prefix=\"far\" data-icon=\"chart-bar\" role=\"img\" xmlns=\"http:\/\/www.w3.org\/2000\/svg\" viewBox=\"0 0 512 512\" class=\"svg-inline--fa fa-chart-bar fa-w-16 fa-2x\"><path fill=\"currentColor\" d=\"M396.8 352h22.4c6.4 0 12.8-6.4 12.8-12.8V108.8c0-6.4-6.4-12.8-12.8-12.8h-22.4c-6.4 0-12.8 6.4-12.8 12.8v230.4c0 6.4 6.4 12.8 12.8 12.8zm-192 0h22.4c6.4 0 12.8-6.4 12.8-12.8V140.8c0-6.4-6.4-12.8-12.8-12.8h-22.4c-6.4 0-12.8 6.4-12.8 12.8v198.4c0 6.4 6.4 12.8 12.8 12.8zm96 0h22.4c6.4 0 12.8-6.4 12.8-12.8V204.8c0-6.4-6.4-12.8-12.8-12.8h-22.4c-6.4 0-12.8 6.4-12.8 12.8v134.4c0 6.4 6.4 12.8 12.8 12.8zM496 400H48V80c0-8.84-7.16-16-16-16H16C7.16 64 0 71.16 0 80v336c0 17.67 14.33 32 32 32h464c8.84 0 16-7.16 16-16v-16c0-8.84-7.16-16-16-16zm-387.2-48h22.4c6.4 0 12.8-6.4 12.8-12.8v-70.4c0-6.4-6.4-12.8-12.8-12.8h-22.4c-6.4 0-12.8 6.4-12.8 12.8v70.4c0 6.4 6.4 12.8 12.8 12.8z\" class=\"\"><\/path><\/svg><\/i> Vistas Totales&nbsp;285&nbsp;, Vistas Hoy&nbsp;1&nbsp;<\/p>\n<div class=\"pvc_clear\"><\/div>\n","protected":false},"excerpt":{"rendered":"<p>Publicado el: Martes 18 de febrero del 2020Autor: Pablo Garc\u00edaLa incertidumbre generada por la suspensi\u00f3n de las elecciones municipales del pasado domingo por parte de la Junta Central Electoral (JCE) pudiera afectar la econom\u00eda y la institucionalidad dominicana, seg\u00fan entidades empresariales y economistas, que llamaron al di\u00e1logo a los actores pol\u00edticos para preservar la estabilidad. La presidenta de la Asociaci\u00f3n de Industrias y Empresas de Haina y la Regi\u00f3n Sur (AIE), Bredyg Disla, calific\u00f3 la situaci\u00f3n como una seria crisis institucional que env\u00eda se\u00f1ales negativas a los mercados, adem\u00e1s de que afecta el buen desempe\u00f1o de las empresas.<\/p>\n<div class=\"pvc_clear\"><\/div>\n<p class=\"pvc_stats all \" data-element-id=\"20837\" style=\"\"><i class=\"pvc-stats-icon medium\" aria-hidden=\"true\"><svg aria-hidden=\"true\" focusable=\"false\" data-prefix=\"far\" data-icon=\"chart-bar\" role=\"img\" xmlns=\"http:\/\/www.w3.org\/2000\/svg\" viewBox=\"0 0 512 512\" class=\"svg-inline--fa fa-chart-bar fa-w-16 fa-2x\"><path fill=\"currentColor\" d=\"M396.8 352h22.4c6.4 0 12.8-6.4 12.8-12.8V108.8c0-6.4-6.4-12.8-12.8-12.8h-22.4c-6.4 0-12.8 6.4-12.8 12.8v230.4c0 6.4 6.4 12.8 12.8 12.8zm-192 0h22.4c6.4 0 12.8-6.4 12.8-12.8V140.8c0-6.4-6.4-12.8-12.8-12.8h-22.4c-6.4 0-12.8 6.4-12.8 12.8v198.4c0 6.4 6.4 12.8 12.8 12.8zm96 0h22.4c6.4 0 12.8-6.4 12.8-12.8V204.8c0-6.4-6.4-12.8-12.8-12.8h-22.4c-6.4 0-12.8 6.4-12.8 12.8v134.4c0 6.4 6.4 12.8 12.8 12.8zM496 400H48V80c0-8.84-7.16-16-16-16H16C7.16 64 0 71.16 0 80v336c0 17.67 14.33 32 32 32h464c8.84 0 16-7.16 16-16v-16c0-8.84-7.16-16-16-16zm-387.2-48h22.4c6.4 0 12.8-6.4 12.8-12.8v-70.4c0-6.4-6.4-12.8-12.8-12.8h-22.4c-6.4 0-12.8 6.4-12.8 12.8v70.4c0 6.4 6.4 12.8 12.8 12.8z\" class=\"\"><\/path><\/svg><\/i> Vistas Totales&nbsp;285&nbsp;, Vistas Hoy&nbsp;1&nbsp;<\/p>\n<div class=\"pvc_clear\"><\/div>\n","protected":false},"author":2,"featured_media":0,"comment_status":"open","ping_status":"open","sticky":false,"template":"","format":"standard","meta":{"footnotes":""},"categories":[21],"tags":[],"class_list":["post-20837","post","type-post","status-publish","format-standard","hentry","category-blog"],"yoast_head":"<!-- This site is optimized with the Yoast SEO plugin v25.2 - https:\/\/yoast.com\/wordpress\/plugins\/seo\/ -->\n<title>Los empresarios e industriales llaman a pol\u00edticos al di\u00e1logo | CREES<\/title>\n<meta name=\"robots\" content=\"index, follow, max-snippet:-1, max-image-preview:large, max-video-preview:-1\" \/>\n<link rel=\"canonical\" href=\"https:\/\/crees.org.do\/?p=20837\" \/>\n<meta property=\"og:locale\" content=\"es_ES\" \/>\n<meta property=\"og:type\" content=\"article\" \/>\n<meta property=\"og:title\" content=\"Los empresarios e industriales llaman a pol\u00edticos al di\u00e1logo | CREES\" \/>\n<meta property=\"og:description\" content=\"Publicado el: Martes 18 de febrero del 2020Autor: Pablo Garc\u00edaLa incertidumbre generada por la suspensi\u00f3n de las elecciones municipales del pasado domingo por parte de la Junta Central Electoral (JCE) pudiera afectar la econom\u00eda y la institucionalidad dominicana, seg\u00fan entidades empresariales y economistas, que llamaron al di\u00e1logo a los actores pol\u00edticos para preservar la estabilidad. La presidenta de la Asociaci\u00f3n de Industrias y Empresas de Haina y la Regi\u00f3n Sur (AIE), Bredyg Disla, calific\u00f3 la situaci\u00f3n como una seria crisis institucional que env\u00eda se\u00f1ales negativas a los mercados, adem\u00e1s de que afecta el buen desempe\u00f1o de las empresas.\" \/>\n<meta property=\"og:url\" content=\"https:\/\/crees.org.do\/?p=20837\" \/>\n<meta property=\"og:site_name\" content=\"CREES\" \/>\n<meta property=\"article:publisher\" content=\"https:\/\/www.facebook.com\/CREESRD\/\" \/>\n<meta property=\"article:published_time\" content=\"2020-01-02T00:00:00+00:00\" \/>\n<meta property=\"og:image\" content=\"https:\/\/crees.org.do\/wp-content\/uploads\/2022\/03\/crees-logo-1.jpg\" \/>\n\t<meta property=\"og:image:width\" content=\"244\" \/>\n\t<meta property=\"og:image:height\" content=\"71\" \/>\n\t<meta property=\"og:image:type\" content=\"image\/jpeg\" \/>\n<meta name=\"author\" content=\"Crees\" \/>\n<meta name=\"twitter:card\" content=\"summary_large_image\" \/>\n<meta name=\"twitter:creator\" content=\"@CREESRD\" \/>\n<meta name=\"twitter:site\" content=\"@CREESRD\" \/>\n<meta name=\"twitter:label1\" content=\"Escrito por\" \/>\n\t<meta name=\"twitter:data1\" content=\"Crees\" \/>\n\t<meta name=\"twitter:label2\" content=\"Tiempo de lectura\" \/>\n\t<meta name=\"twitter:data2\" content=\"3 minutos\" \/>\n<script type=\"application\/ld+json\" class=\"yoast-schema-graph\">{\"@context\":\"https:\/\/schema.org\",\"@graph\":[{\"@type\":\"Article\",\"@id\":\"https:\/\/crees.org.do\/?p=20837#article\",\"isPartOf\":{\"@id\":\"https:\/\/crees.org.do\/?p=20837\"},\"author\":{\"name\":\"Crees\",\"@id\":\"https:\/\/crees.org.do\/#\/schema\/person\/e7f97cd94d7bf9cd0e0ce30acb7d56b8\"},\"headline\":\"Los empresarios e industriales llaman a pol\u00edticos al di\u00e1logo\",\"datePublished\":\"2020-01-02T00:00:00+00:00\",\"mainEntityOfPage\":{\"@id\":\"https:\/\/crees.org.do\/?p=20837\"},\"wordCount\":545,\"commentCount\":0,\"publisher\":{\"@id\":\"https:\/\/crees.org.do\/#organization\"},\"articleSection\":[\"Blog\"],\"inLanguage\":\"es\"},{\"@type\":\"WebPage\",\"@id\":\"https:\/\/crees.org.do\/?p=20837\",\"url\":\"https:\/\/crees.org.do\/?p=20837\",\"name\":\"Los empresarios e industriales llaman a pol\u00edticos al di\u00e1logo | CREES\",\"isPartOf\":{\"@id\":\"https:\/\/crees.org.do\/#website\"},\"datePublished\":\"2020-01-02T00:00:00+00:00\",\"breadcrumb\":{\"@id\":\"https:\/\/crees.org.do\/?p=20837#breadcrumb\"},\"inLanguage\":\"es\",\"potentialAction\":[{\"@type\":\"ReadAction\",\"target\":[\"https:\/\/crees.org.do\/?p=20837\"]}]},{\"@type\":\"BreadcrumbList\",\"@id\":\"https:\/\/crees.org.do\/?p=20837#breadcrumb\",\"itemListElement\":[{\"@type\":\"ListItem\",\"position\":1,\"name\":\"Portada\",\"item\":\"https:\/\/crees.org.do\/\"},{\"@type\":\"ListItem\",\"position\":2,\"name\":\"Los empresarios e industriales llaman a pol\u00edticos al di\u00e1logo\"}]},{\"@type\":\"WebSite\",\"@id\":\"https:\/\/crees.org.do\/#website\",\"url\":\"https:\/\/crees.org.do\/\",\"name\":\"CREES\",\"description\":\"Centro Regional de Estrategias Econ\u00f3micas Sostenibles\",\"publisher\":{\"@id\":\"https:\/\/crees.org.do\/#organization\"},\"potentialAction\":[{\"@type\":\"SearchAction\",\"target\":{\"@type\":\"EntryPoint\",\"urlTemplate\":\"https:\/\/crees.org.do\/?s={search_term_string}\"},\"query-input\":{\"@type\":\"PropertyValueSpecification\",\"valueRequired\":true,\"valueName\":\"search_term_string\"}}],\"inLanguage\":\"es\"},{\"@type\":\"Organization\",\"@id\":\"https:\/\/crees.org.do\/#organization\",\"name\":\"CREES | Centro Regional de Estrategias Econ\u00f3micas Sostenibles\",\"url\":\"https:\/\/crees.org.do\/\",\"logo\":{\"@type\":\"ImageObject\",\"inLanguage\":\"es\",\"@id\":\"https:\/\/crees.org.do\/#\/schema\/logo\/image\/\",\"url\":\"https:\/\/crees.org.do\/wp-content\/uploads\/2022\/03\/crees-logo-1.jpg\",\"contentUrl\":\"https:\/\/crees.org.do\/wp-content\/uploads\/2022\/03\/crees-logo-1.jpg\",\"width\":244,\"height\":71,\"caption\":\"CREES | Centro Regional de Estrategias Econ\u00f3micas Sostenibles\"},\"image\":{\"@id\":\"https:\/\/crees.org.do\/#\/schema\/logo\/image\/\"},\"sameAs\":[\"https:\/\/www.facebook.com\/CREESRD\/\",\"https:\/\/x.com\/CREESRD\"]},{\"@type\":\"Person\",\"@id\":\"https:\/\/crees.org.do\/#\/schema\/person\/e7f97cd94d7bf9cd0e0ce30acb7d56b8\",\"name\":\"Crees\",\"image\":{\"@type\":\"ImageObject\",\"inLanguage\":\"es\",\"@id\":\"https:\/\/crees.org.do\/#\/schema\/person\/image\/\",\"url\":\"https:\/\/secure.gravatar.com\/avatar\/390ac8f0be5d9aa046152553e2dd7011b59a512d89c150f5e5f28bb8d9a0b165?s=96&d=mm&r=g\",\"contentUrl\":\"https:\/\/secure.gravatar.com\/avatar\/390ac8f0be5d9aa046152553e2dd7011b59a512d89c150f5e5f28bb8d9a0b165?s=96&d=mm&r=g\",\"caption\":\"Crees\"},\"url\":\"https:\/\/crees.org.do\/?author=2\"}]}<\/script>\n<!-- \/ Yoast SEO plugin. -->","yoast_head_json":{"title":"Los empresarios e industriales llaman a pol\u00edticos al di\u00e1logo | CREES","robots":{"index":"index","follow":"follow","max-snippet":"max-snippet:-1","max-image-preview":"max-image-preview:large","max-video-preview":"max-video-preview:-1"},"canonical":"https:\/\/crees.org.do\/?p=20837","og_locale":"es_ES","og_type":"article","og_title":"Los empresarios e industriales llaman a pol\u00edticos al di\u00e1logo | CREES","og_description":"Publicado el: Martes 18 de febrero del 2020Autor: Pablo Garc\u00edaLa incertidumbre generada por la suspensi\u00f3n de las elecciones municipales del pasado domingo por parte de la Junta Central Electoral (JCE) pudiera afectar la econom\u00eda y la institucionalidad dominicana, seg\u00fan entidades empresariales y economistas, que llamaron al di\u00e1logo a los actores pol\u00edticos para preservar la estabilidad. La presidenta de la Asociaci\u00f3n de Industrias y Empresas de Haina y la Regi\u00f3n Sur (AIE), Bredyg Disla, calific\u00f3 la situaci\u00f3n como una seria crisis institucional que env\u00eda se\u00f1ales negativas a los mercados, adem\u00e1s de que afecta el buen desempe\u00f1o de las empresas.","og_url":"https:\/\/crees.org.do\/?p=20837","og_site_name":"CREES","article_publisher":"https:\/\/www.facebook.com\/CREESRD\/","article_published_time":"2020-01-02T00:00:00+00:00","og_image":[{"width":244,"height":71,"url":"https:\/\/crees.org.do\/wp-content\/uploads\/2022\/03\/crees-logo-1.jpg","type":"image\/jpeg"}],"author":"Crees","twitter_card":"summary_large_image","twitter_creator":"@CREESRD","twitter_site":"@CREESRD","twitter_misc":{"Escrito por":"Crees","Tiempo de lectura":"3 minutos"},"schema":{"@context":"https:\/\/schema.org","@graph":[{"@type":"Article","@id":"https:\/\/crees.org.do\/?p=20837#article","isPartOf":{"@id":"https:\/\/crees.org.do\/?p=20837"},"author":{"name":"Crees","@id":"https:\/\/crees.org.do\/#\/schema\/person\/e7f97cd94d7bf9cd0e0ce30acb7d56b8"},"headline":"Los empresarios e industriales llaman a pol\u00edticos al di\u00e1logo","datePublished":"2020-01-02T00:00:00+00:00","mainEntityOfPage":{"@id":"https:\/\/crees.org.do\/?p=20837"},"wordCount":545,"commentCount":0,"publisher":{"@id":"https:\/\/crees.org.do\/#organization"},"articleSection":["Blog"],"inLanguage":"es"},{"@type":"WebPage","@id":"https:\/\/crees.org.do\/?p=20837","url":"https:\/\/crees.org.do\/?p=20837","name":"Los empresarios e industriales llaman a pol\u00edticos al di\u00e1logo | CREES","isPartOf":{"@id":"https:\/\/crees.org.do\/#website"},"datePublished":"2020-01-02T00:00:00+00:00","breadcrumb":{"@id":"https:\/\/crees.org.do\/?p=20837#breadcrumb"},"inLanguage":"es","potentialAction":[{"@type":"ReadAction","target":["https:\/\/crees.org.do\/?p=20837"]}]},{"@type":"BreadcrumbList","@id":"https:\/\/crees.org.do\/?p=20837#breadcrumb","itemListElement":[{"@type":"ListItem","position":1,"name":"Portada","item":"https:\/\/crees.org.do\/"},{"@type":"ListItem","position":2,"name":"Los empresarios e industriales llaman a pol\u00edticos al di\u00e1logo"}]},{"@type":"WebSite","@id":"https:\/\/crees.org.do\/#website","url":"https:\/\/crees.org.do\/","name":"CREES","description":"Centro Regional de Estrategias Econ\u00f3micas Sostenibles","publisher":{"@id":"https:\/\/crees.org.do\/#organization"},"potentialAction":[{"@type":"SearchAction","target":{"@type":"EntryPoint","urlTemplate":"https:\/\/crees.org.do\/?s={search_term_string}"},"query-input":{"@type":"PropertyValueSpecification","valueRequired":true,"valueName":"search_term_string"}}],"inLanguage":"es"},{"@type":"Organization","@id":"https:\/\/crees.org.do\/#organization","name":"CREES | Centro Regional de Estrategias Econ\u00f3micas Sostenibles","url":"https:\/\/crees.org.do\/","logo":{"@type":"ImageObject","inLanguage":"es","@id":"https:\/\/crees.org.do\/#\/schema\/logo\/image\/","url":"https:\/\/crees.org.do\/wp-content\/uploads\/2022\/03\/crees-logo-1.jpg","contentUrl":"https:\/\/crees.org.do\/wp-content\/uploads\/2022\/03\/crees-logo-1.jpg","width":244,"height":71,"caption":"CREES | Centro Regional de Estrategias Econ\u00f3micas Sostenibles"},"image":{"@id":"https:\/\/crees.org.do\/#\/schema\/logo\/image\/"},"sameAs":["https:\/\/www.facebook.com\/CREESRD\/","https:\/\/x.com\/CREESRD"]},{"@type":"Person","@id":"https:\/\/crees.org.do\/#\/schema\/person\/e7f97cd94d7bf9cd0e0ce30acb7d56b8","name":"Crees","image":{"@type":"ImageObject","inLanguage":"es","@id":"https:\/\/crees.org.do\/#\/schema\/person\/image\/","url":"https:\/\/secure.gravatar.com\/avatar\/390ac8f0be5d9aa046152553e2dd7011b59a512d89c150f5e5f28bb8d9a0b165?s=96&d=mm&r=g","contentUrl":"https:\/\/secure.gravatar.com\/avatar\/390ac8f0be5d9aa046152553e2dd7011b59a512d89c150f5e5f28bb8d9a0b165?s=96&d=mm&r=g","caption":"Crees"},"url":"https:\/\/crees.org.do\/?author=2"}]}},"_links":{"self":[{"href":"https:\/\/crees.org.do\/index.php?rest_route=\/wp\/v2\/posts\/20837","targetHints":{"allow":["GET"]}}],"collection":[{"href":"https:\/\/crees.org.do\/index.php?rest_route=\/wp\/v2\/posts"}],"about":[{"href":"https:\/\/crees.org.do\/index.php?rest_route=\/wp\/v2\/types\/post"}],"author":[{"embeddable":true,"href":"https:\/\/crees.org.do\/index.php?rest_route=\/wp\/v2\/users\/2"}],"replies":[{"embeddable":true,"href":"https:\/\/crees.org.do\/index.php?rest_route=%2Fwp%2Fv2%2Fcomments&post=20837"}],"version-history":[{"count":0,"href":"https:\/\/crees.org.do\/index.php?rest_route=\/wp\/v2\/posts\/20837\/revisions"}],"wp:attachment":[{"href":"https:\/\/crees.org.do\/index.php?rest_route=%2Fwp%2Fv2%2Fmedia&parent=20837"}],"wp:term":[{"taxonomy":"category","embeddable":true,"href":"https:\/\/crees.org.do\/index.php?rest_route=%2Fwp%2Fv2%2Fcategories&post=20837"},{"taxonomy":"post_tag","embeddable":true,"href":"https:\/\/crees.org.do\/index.php?rest_route=%2Fwp%2Fv2%2Ftags&post=20837"}],"curies":[{"name":"wp","href":"https:\/\/api.w.org\/{rel}","templated":true}]}}