{"id":20840,"date":"2020-01-05T00:00:00","date_gmt":"2020-01-05T00:00:00","guid":{"rendered":"https:\/\/crees.org.do\/microempresas-de-rd-sin-acceso-a-creditos-gubernamentales\/"},"modified":"2020-01-05T00:00:00","modified_gmt":"2020-01-05T00:00:00","slug":"microempresas-de-rd-sin-acceso-a-creditos-gubernamentales","status":"publish","type":"post","link":"https:\/\/crees.org.do\/?p=20840","title":{"rendered":"Microempresas de RD, sin acceso a cr\u00e9ditos gubernamentales"},"content":{"rendered":"<p style=\"text-align: justify;\"><span style=\"font-size:12px;\"><span style=\"font-family:verdana,geneva,sans-serif;\">Autor: Felivia Mej\u00eda<\/span><\/span><\/p>\n<p style=\"text-align: justify;\"><span style=\"font-size:12px;\"><span style=\"font-family:verdana,geneva,sans-serif;\">Extra\u00eddo de: Peri\u00f3dico List\u00edn Diario<\/span><\/span><\/p>\n<p style=\"text-align: justify;\"><span style=\"font-size:12px;\"><span style=\"font-family:verdana,geneva,sans-serif;\"><span style=\"background-color: rgb(255, 255, 255); color: rgb(51, 51, 51);\">El 90% de las 1.5 millones de microempresas del pa\u00eds no tiene acceso a las pol\u00edticas gubernamentales de apoyo econ\u00f3mico implementadas para librar los efectos de la pandemia del Covid-19, debido a que opera en la informalidad. Y por si fuera poco, la mayor\u00eda tampoco cuenta con la posibilidad de acceder a un cr\u00e9dito de la iniciativa privada, porque sus propietarios no est\u00e1n bancarizados.<\/span><\/span><\/span><\/p>\n<p style=\"margin-bottom: 10px; padding: 0px; border: 0px; outline: 0px; vertical-align: baseline; color: rgb(51, 51, 51); background-color: rgb(255, 255, 255);\"><span style=\"font-size:12px;\"><span style=\"font-family:verdana,geneva,sans-serif;\">Desde el Ministerio de Industria, Comercio y Mipymes (MICM) han incluido a los peque\u00f1os negocios que han podido identificar en el programa &ldquo;Qu\u00e9date en casa&rdquo;, que consiste en una tarjeta en la que el Estado les deposita dinero para que puedan comprar alimentos b\u00e1sicos en los supermercados. Esto, hasta el 30 de mayo, de manera que den sustento a sus familias.<\/span><\/span><\/p>\n<p style=\"margin-bottom: 10px; padding: 0px; border: 0px; outline: 0px; vertical-align: baseline; color: rgb(51, 51, 51); background-color: rgb(255, 255, 255);\"><span style=\"font-size:12px;\"><span style=\"font-family:verdana,geneva,sans-serif;\">&ldquo;Eso ha surtido un efecto parcial. Sabemos que esa ayuda del programa no est\u00e1 llegando a todos, por lo que estamos evaluando qu\u00e9 mecanismo pudi\u00e9ramos usar para identificar a los microempresarios que faltan&rdquo;, asegura Ignacio M\u00e9ndez, viceministro de Fomento a las Mipymes de la dependencia.<\/span><\/span><\/p>\n<p style=\"margin-bottom: 10px; padding: 0px; border: 0px; outline: 0px; vertical-align: baseline; color: rgb(51, 51, 51); background-color: rgb(255, 255, 255);\"><span style=\"font-size:12px;\"><span style=\"font-family:verdana,geneva,sans-serif;\">Las micro, peque\u00f1as y medianas empresas (mipymes) generan alrededor de 2.7 millones de empleos y aportan el 38% del Producto Interno Bruto (PIB). El ministerio indica que ahora tienen un mayor inter\u00e9s en estar visibles para acceder a las facilidades y no desaparecer.<\/span><\/span><\/p>\n<p style=\"margin-bottom: 10px; padding: 0px; border: 0px; outline: 0px; vertical-align: baseline; color: rgb(51, 51, 51); background-color: rgb(255, 255, 255);\"><span style=\"font-size:12px;\"><span style=\"font-family:verdana,geneva,sans-serif;\">Quitando a las micro, la mayor\u00eda de este bloque de negocios, que suma 18,000 registros, est\u00e1n formalizadas, asegura M\u00e9ndez, por lo que pueden acceder a pr\u00f3rrogas en el pago de impuestos, ayudas para el pago de n\u00f3minas hasta el 30 de mayo y pr\u00e9stamos a tasas preferenciales.<\/span><\/span><\/p>\n<p style=\"margin-bottom: 10px; padding: 0px; border: 0px; outline: 0px; vertical-align: baseline; color: rgb(51, 51, 51); background-color: rgb(255, 255, 255);\"><span style=\"font-size:12px;\"><span style=\"font-family:verdana,geneva,sans-serif;\">En febrero pasado, el Estado cre\u00f3 el R\u00e9gimen Simplificado de Tributaci\u00f3n para facilitar la formalizaci\u00f3n de las empresas, pero hasta ahora no ha surtido los efectos esperados &ldquo;por falta de una comunicaci\u00f3n efectiva con los empresarios&rdquo;, indica M\u00e9ndez.<\/span><\/span><\/p>\n<p style=\"margin-bottom: 10px; padding: 0px; border: 0px; outline: 0px; vertical-align: baseline; color: rgb(51, 51, 51); background-color: rgb(255, 255, 255);\"><span style=\"font-size:12px;\"><span style=\"font-family:verdana,geneva,sans-serif;\">El peso de las mipymes<\/span><\/span><\/p>\n<p style=\"margin-bottom: 10px; padding: 0px; border: 0px; outline: 0px; vertical-align: baseline; color: rgb(51, 51, 51); background-color: rgb(255, 255, 255);\"><span style=\"font-size:12px;\"><span style=\"font-family:verdana,geneva,sans-serif;\">La Confederaci\u00f3n Dominicana de la Peque\u00f1a y Mediana Empresa (Codopyme) advierte de la dif\u00edcil situaci\u00f3n que pasa el sector, por lo que propone que se le permita renegociar pr\u00e9stamos existentes bajo nuevas condiciones, adem\u00e1s de que les exenten del pago de intereses por un periodo de seis meses y que los pagos que realicen sean aplicados directamente al capital.<\/span><\/span><\/p>\n<p style=\"margin-bottom: 10px; padding: 0px; border: 0px; outline: 0px; vertical-align: baseline; color: rgb(51, 51, 51); background-color: rgb(255, 255, 255);\"><span style=\"font-size:12px;\"><span style=\"font-family:verdana,geneva,sans-serif;\">Medidas monetarias, como la de otorgar mayor facilidad de cr\u00e9dito, no representa la mejor ayuda para las empresas en estos momentos, asegura Miguel Collado, economista senior del Centro Regional de Estrategias Econ\u00f3micas Sostenibles (CREES).<\/span><\/span><\/p>\n<p style=\"margin-bottom: 10px; padding: 0px; border: 0px; outline: 0px; vertical-align: baseline; color: rgb(51, 51, 51); background-color: rgb(255, 255, 255);\"><span style=\"font-size:12px;\"><span style=\"font-family:verdana,geneva,sans-serif;\">Indica que los empresarios tendr\u00e1n verdadera ayuda si el gobierno reduce el Impuesto sobre Transferencias de Bienes Industrializados y Servicios (ITBIS) y elimina el Impuesto Sobre la Renta, el de los activos y el de transferencias bancarias, entre otros.<\/span><\/span><\/p>\n<div class=\"pvc_clear\"><\/div>\n<p class=\"pvc_stats all \" data-element-id=\"20840\" style=\"\"><i class=\"pvc-stats-icon medium\" aria-hidden=\"true\"><svg aria-hidden=\"true\" focusable=\"false\" data-prefix=\"far\" data-icon=\"chart-bar\" role=\"img\" xmlns=\"http:\/\/www.w3.org\/2000\/svg\" viewBox=\"0 0 512 512\" class=\"svg-inline--fa fa-chart-bar fa-w-16 fa-2x\"><path fill=\"currentColor\" d=\"M396.8 352h22.4c6.4 0 12.8-6.4 12.8-12.8V108.8c0-6.4-6.4-12.8-12.8-12.8h-22.4c-6.4 0-12.8 6.4-12.8 12.8v230.4c0 6.4 6.4 12.8 12.8 12.8zm-192 0h22.4c6.4 0 12.8-6.4 12.8-12.8V140.8c0-6.4-6.4-12.8-12.8-12.8h-22.4c-6.4 0-12.8 6.4-12.8 12.8v198.4c0 6.4 6.4 12.8 12.8 12.8zm96 0h22.4c6.4 0 12.8-6.4 12.8-12.8V204.8c0-6.4-6.4-12.8-12.8-12.8h-22.4c-6.4 0-12.8 6.4-12.8 12.8v134.4c0 6.4 6.4 12.8 12.8 12.8zM496 400H48V80c0-8.84-7.16-16-16-16H16C7.16 64 0 71.16 0 80v336c0 17.67 14.33 32 32 32h464c8.84 0 16-7.16 16-16v-16c0-8.84-7.16-16-16-16zm-387.2-48h22.4c6.4 0 12.8-6.4 12.8-12.8v-70.4c0-6.4-6.4-12.8-12.8-12.8h-22.4c-6.4 0-12.8 6.4-12.8 12.8v70.4c0 6.4 6.4 12.8 12.8 12.8z\" class=\"\"><\/path><\/svg><\/i> Vistas Totales&nbsp;507&nbsp;, Vistas Hoy&nbsp;1&nbsp;<\/p>\n<div class=\"pvc_clear\"><\/div>\n","protected":false},"excerpt":{"rendered":"<p>Publicado el: Mi\u00e9rcoles 20 de mayo del 2020Autor: Felivia Mej\u00edaEl 90% de las 1.5 millones de microempresas del pa\u00eds no tiene acceso a las pol\u00edticas gubernamentales de apoyo econ\u00f3mico implementadas para librar los efectos de la pandemia del Covid-19, debido a que opera en la informalidad. Y por si fuera poco, la mayor\u00eda tampoco cuenta con la posibilidad de acceder a un cr\u00e9dito de la iniciativa privada, porque sus propietarios no est\u00e1n bancarizados.<\/p>\n<div class=\"pvc_clear\"><\/div>\n<p class=\"pvc_stats all \" data-element-id=\"20840\" style=\"\"><i class=\"pvc-stats-icon medium\" aria-hidden=\"true\"><svg aria-hidden=\"true\" focusable=\"false\" data-prefix=\"far\" data-icon=\"chart-bar\" role=\"img\" xmlns=\"http:\/\/www.w3.org\/2000\/svg\" viewBox=\"0 0 512 512\" class=\"svg-inline--fa fa-chart-bar fa-w-16 fa-2x\"><path fill=\"currentColor\" d=\"M396.8 352h22.4c6.4 0 12.8-6.4 12.8-12.8V108.8c0-6.4-6.4-12.8-12.8-12.8h-22.4c-6.4 0-12.8 6.4-12.8 12.8v230.4c0 6.4 6.4 12.8 12.8 12.8zm-192 0h22.4c6.4 0 12.8-6.4 12.8-12.8V140.8c0-6.4-6.4-12.8-12.8-12.8h-22.4c-6.4 0-12.8 6.4-12.8 12.8v198.4c0 6.4 6.4 12.8 12.8 12.8zm96 0h22.4c6.4 0 12.8-6.4 12.8-12.8V204.8c0-6.4-6.4-12.8-12.8-12.8h-22.4c-6.4 0-12.8 6.4-12.8 12.8v134.4c0 6.4 6.4 12.8 12.8 12.8zM496 400H48V80c0-8.84-7.16-16-16-16H16C7.16 64 0 71.16 0 80v336c0 17.67 14.33 32 32 32h464c8.84 0 16-7.16 16-16v-16c0-8.84-7.16-16-16-16zm-387.2-48h22.4c6.4 0 12.8-6.4 12.8-12.8v-70.4c0-6.4-6.4-12.8-12.8-12.8h-22.4c-6.4 0-12.8 6.4-12.8 12.8v70.4c0 6.4 6.4 12.8 12.8 12.8z\" class=\"\"><\/path><\/svg><\/i> Vistas Totales&nbsp;507&nbsp;, Vistas Hoy&nbsp;1&nbsp;<\/p>\n<div class=\"pvc_clear\"><\/div>\n","protected":false},"author":2,"featured_media":0,"comment_status":"open","ping_status":"open","sticky":false,"template":"","format":"standard","meta":{"footnotes":""},"categories":[21],"tags":[],"class_list":["post-20840","post","type-post","status-publish","format-standard","hentry","category-blog"],"yoast_head":"<!-- This site is optimized with the Yoast SEO plugin v25.2 - https:\/\/yoast.com\/wordpress\/plugins\/seo\/ -->\n<title>Microempresas de RD, sin acceso a cr\u00e9ditos gubernamentales | CREES<\/title>\n<meta name=\"robots\" content=\"index, follow, max-snippet:-1, max-image-preview:large, max-video-preview:-1\" \/>\n<link rel=\"canonical\" href=\"https:\/\/crees.org.do\/?p=20840\" \/>\n<meta property=\"og:locale\" content=\"es_ES\" \/>\n<meta property=\"og:type\" content=\"article\" \/>\n<meta property=\"og:title\" content=\"Microempresas de RD, sin acceso a cr\u00e9ditos gubernamentales | CREES\" \/>\n<meta property=\"og:description\" content=\"Publicado el: Mi\u00e9rcoles 20 de mayo del 2020Autor: Felivia Mej\u00edaEl 90% de las 1.5 millones de microempresas del pa\u00eds no tiene acceso a las pol\u00edticas gubernamentales de apoyo econ\u00f3mico implementadas para librar los efectos de la pandemia del Covid-19, debido a que opera en la informalidad. Y por si fuera poco, la mayor\u00eda tampoco cuenta con la posibilidad de acceder a un cr\u00e9dito de la iniciativa privada, porque sus propietarios no est\u00e1n bancarizados.\" \/>\n<meta property=\"og:url\" content=\"https:\/\/crees.org.do\/?p=20840\" \/>\n<meta property=\"og:site_name\" content=\"CREES\" \/>\n<meta property=\"article:publisher\" content=\"https:\/\/www.facebook.com\/CREESRD\/\" \/>\n<meta property=\"article:published_time\" content=\"2020-01-05T00:00:00+00:00\" \/>\n<meta property=\"og:image\" content=\"https:\/\/crees.org.do\/wp-content\/uploads\/2022\/03\/crees-logo-1.jpg\" \/>\n\t<meta property=\"og:image:width\" content=\"244\" \/>\n\t<meta property=\"og:image:height\" content=\"71\" \/>\n\t<meta property=\"og:image:type\" content=\"image\/jpeg\" \/>\n<meta name=\"author\" content=\"Crees\" \/>\n<meta name=\"twitter:card\" content=\"summary_large_image\" \/>\n<meta name=\"twitter:creator\" content=\"@CREESRD\" \/>\n<meta name=\"twitter:site\" content=\"@CREESRD\" \/>\n<meta name=\"twitter:label1\" content=\"Escrito por\" \/>\n\t<meta name=\"twitter:data1\" content=\"Crees\" \/>\n\t<meta name=\"twitter:label2\" content=\"Tiempo de lectura\" \/>\n\t<meta name=\"twitter:data2\" content=\"2 minutos\" \/>\n<script type=\"application\/ld+json\" class=\"yoast-schema-graph\">{\"@context\":\"https:\/\/schema.org\",\"@graph\":[{\"@type\":\"Article\",\"@id\":\"https:\/\/crees.org.do\/?p=20840#article\",\"isPartOf\":{\"@id\":\"https:\/\/crees.org.do\/?p=20840\"},\"author\":{\"name\":\"Crees\",\"@id\":\"https:\/\/crees.org.do\/#\/schema\/person\/e7f97cd94d7bf9cd0e0ce30acb7d56b8\"},\"headline\":\"Microempresas de RD, sin acceso a cr\u00e9ditos gubernamentales\",\"datePublished\":\"2020-01-05T00:00:00+00:00\",\"mainEntityOfPage\":{\"@id\":\"https:\/\/crees.org.do\/?p=20840\"},\"wordCount\":488,\"commentCount\":0,\"publisher\":{\"@id\":\"https:\/\/crees.org.do\/#organization\"},\"articleSection\":[\"Blog\"],\"inLanguage\":\"es\"},{\"@type\":\"WebPage\",\"@id\":\"https:\/\/crees.org.do\/?p=20840\",\"url\":\"https:\/\/crees.org.do\/?p=20840\",\"name\":\"Microempresas de RD, sin acceso a cr\u00e9ditos gubernamentales | CREES\",\"isPartOf\":{\"@id\":\"https:\/\/crees.org.do\/#website\"},\"datePublished\":\"2020-01-05T00:00:00+00:00\",\"breadcrumb\":{\"@id\":\"https:\/\/crees.org.do\/?p=20840#breadcrumb\"},\"inLanguage\":\"es\",\"potentialAction\":[{\"@type\":\"ReadAction\",\"target\":[\"https:\/\/crees.org.do\/?p=20840\"]}]},{\"@type\":\"BreadcrumbList\",\"@id\":\"https:\/\/crees.org.do\/?p=20840#breadcrumb\",\"itemListElement\":[{\"@type\":\"ListItem\",\"position\":1,\"name\":\"Portada\",\"item\":\"https:\/\/crees.org.do\/\"},{\"@type\":\"ListItem\",\"position\":2,\"name\":\"Microempresas de RD, sin acceso a cr\u00e9ditos gubernamentales\"}]},{\"@type\":\"WebSite\",\"@id\":\"https:\/\/crees.org.do\/#website\",\"url\":\"https:\/\/crees.org.do\/\",\"name\":\"CREES\",\"description\":\"Centro Regional de Estrategias Econ\u00f3micas Sostenibles\",\"publisher\":{\"@id\":\"https:\/\/crees.org.do\/#organization\"},\"potentialAction\":[{\"@type\":\"SearchAction\",\"target\":{\"@type\":\"EntryPoint\",\"urlTemplate\":\"https:\/\/crees.org.do\/?s={search_term_string}\"},\"query-input\":{\"@type\":\"PropertyValueSpecification\",\"valueRequired\":true,\"valueName\":\"search_term_string\"}}],\"inLanguage\":\"es\"},{\"@type\":\"Organization\",\"@id\":\"https:\/\/crees.org.do\/#organization\",\"name\":\"CREES | Centro Regional de Estrategias Econ\u00f3micas Sostenibles\",\"url\":\"https:\/\/crees.org.do\/\",\"logo\":{\"@type\":\"ImageObject\",\"inLanguage\":\"es\",\"@id\":\"https:\/\/crees.org.do\/#\/schema\/logo\/image\/\",\"url\":\"https:\/\/crees.org.do\/wp-content\/uploads\/2022\/03\/crees-logo-1.jpg\",\"contentUrl\":\"https:\/\/crees.org.do\/wp-content\/uploads\/2022\/03\/crees-logo-1.jpg\",\"width\":244,\"height\":71,\"caption\":\"CREES | Centro Regional de Estrategias Econ\u00f3micas Sostenibles\"},\"image\":{\"@id\":\"https:\/\/crees.org.do\/#\/schema\/logo\/image\/\"},\"sameAs\":[\"https:\/\/www.facebook.com\/CREESRD\/\",\"https:\/\/x.com\/CREESRD\"]},{\"@type\":\"Person\",\"@id\":\"https:\/\/crees.org.do\/#\/schema\/person\/e7f97cd94d7bf9cd0e0ce30acb7d56b8\",\"name\":\"Crees\",\"image\":{\"@type\":\"ImageObject\",\"inLanguage\":\"es\",\"@id\":\"https:\/\/crees.org.do\/#\/schema\/person\/image\/\",\"url\":\"https:\/\/secure.gravatar.com\/avatar\/390ac8f0be5d9aa046152553e2dd7011b59a512d89c150f5e5f28bb8d9a0b165?s=96&d=mm&r=g\",\"contentUrl\":\"https:\/\/secure.gravatar.com\/avatar\/390ac8f0be5d9aa046152553e2dd7011b59a512d89c150f5e5f28bb8d9a0b165?s=96&d=mm&r=g\",\"caption\":\"Crees\"},\"url\":\"https:\/\/crees.org.do\/?author=2\"}]}<\/script>\n<!-- \/ Yoast SEO plugin. -->","yoast_head_json":{"title":"Microempresas de RD, sin acceso a cr\u00e9ditos gubernamentales | CREES","robots":{"index":"index","follow":"follow","max-snippet":"max-snippet:-1","max-image-preview":"max-image-preview:large","max-video-preview":"max-video-preview:-1"},"canonical":"https:\/\/crees.org.do\/?p=20840","og_locale":"es_ES","og_type":"article","og_title":"Microempresas de RD, sin acceso a cr\u00e9ditos gubernamentales | CREES","og_description":"Publicado el: Mi\u00e9rcoles 20 de mayo del 2020Autor: Felivia Mej\u00edaEl 90% de las 1.5 millones de microempresas del pa\u00eds no tiene acceso a las pol\u00edticas gubernamentales de apoyo econ\u00f3mico implementadas para librar los efectos de la pandemia del Covid-19, debido a que opera en la informalidad. Y por si fuera poco, la mayor\u00eda tampoco cuenta con la posibilidad de acceder a un cr\u00e9dito de la iniciativa privada, porque sus propietarios no est\u00e1n bancarizados.","og_url":"https:\/\/crees.org.do\/?p=20840","og_site_name":"CREES","article_publisher":"https:\/\/www.facebook.com\/CREESRD\/","article_published_time":"2020-01-05T00:00:00+00:00","og_image":[{"width":244,"height":71,"url":"https:\/\/crees.org.do\/wp-content\/uploads\/2022\/03\/crees-logo-1.jpg","type":"image\/jpeg"}],"author":"Crees","twitter_card":"summary_large_image","twitter_creator":"@CREESRD","twitter_site":"@CREESRD","twitter_misc":{"Escrito por":"Crees","Tiempo de lectura":"2 minutos"},"schema":{"@context":"https:\/\/schema.org","@graph":[{"@type":"Article","@id":"https:\/\/crees.org.do\/?p=20840#article","isPartOf":{"@id":"https:\/\/crees.org.do\/?p=20840"},"author":{"name":"Crees","@id":"https:\/\/crees.org.do\/#\/schema\/person\/e7f97cd94d7bf9cd0e0ce30acb7d56b8"},"headline":"Microempresas de RD, sin acceso a cr\u00e9ditos gubernamentales","datePublished":"2020-01-05T00:00:00+00:00","mainEntityOfPage":{"@id":"https:\/\/crees.org.do\/?p=20840"},"wordCount":488,"commentCount":0,"publisher":{"@id":"https:\/\/crees.org.do\/#organization"},"articleSection":["Blog"],"inLanguage":"es"},{"@type":"WebPage","@id":"https:\/\/crees.org.do\/?p=20840","url":"https:\/\/crees.org.do\/?p=20840","name":"Microempresas de RD, sin acceso a cr\u00e9ditos gubernamentales | CREES","isPartOf":{"@id":"https:\/\/crees.org.do\/#website"},"datePublished":"2020-01-05T00:00:00+00:00","breadcrumb":{"@id":"https:\/\/crees.org.do\/?p=20840#breadcrumb"},"inLanguage":"es","potentialAction":[{"@type":"ReadAction","target":["https:\/\/crees.org.do\/?p=20840"]}]},{"@type":"BreadcrumbList","@id":"https:\/\/crees.org.do\/?p=20840#breadcrumb","itemListElement":[{"@type":"ListItem","position":1,"name":"Portada","item":"https:\/\/crees.org.do\/"},{"@type":"ListItem","position":2,"name":"Microempresas de RD, sin acceso a cr\u00e9ditos gubernamentales"}]},{"@type":"WebSite","@id":"https:\/\/crees.org.do\/#website","url":"https:\/\/crees.org.do\/","name":"CREES","description":"Centro Regional de Estrategias Econ\u00f3micas Sostenibles","publisher":{"@id":"https:\/\/crees.org.do\/#organization"},"potentialAction":[{"@type":"SearchAction","target":{"@type":"EntryPoint","urlTemplate":"https:\/\/crees.org.do\/?s={search_term_string}"},"query-input":{"@type":"PropertyValueSpecification","valueRequired":true,"valueName":"search_term_string"}}],"inLanguage":"es"},{"@type":"Organization","@id":"https:\/\/crees.org.do\/#organization","name":"CREES | Centro Regional de Estrategias Econ\u00f3micas Sostenibles","url":"https:\/\/crees.org.do\/","logo":{"@type":"ImageObject","inLanguage":"es","@id":"https:\/\/crees.org.do\/#\/schema\/logo\/image\/","url":"https:\/\/crees.org.do\/wp-content\/uploads\/2022\/03\/crees-logo-1.jpg","contentUrl":"https:\/\/crees.org.do\/wp-content\/uploads\/2022\/03\/crees-logo-1.jpg","width":244,"height":71,"caption":"CREES | Centro Regional de Estrategias Econ\u00f3micas Sostenibles"},"image":{"@id":"https:\/\/crees.org.do\/#\/schema\/logo\/image\/"},"sameAs":["https:\/\/www.facebook.com\/CREESRD\/","https:\/\/x.com\/CREESRD"]},{"@type":"Person","@id":"https:\/\/crees.org.do\/#\/schema\/person\/e7f97cd94d7bf9cd0e0ce30acb7d56b8","name":"Crees","image":{"@type":"ImageObject","inLanguage":"es","@id":"https:\/\/crees.org.do\/#\/schema\/person\/image\/","url":"https:\/\/secure.gravatar.com\/avatar\/390ac8f0be5d9aa046152553e2dd7011b59a512d89c150f5e5f28bb8d9a0b165?s=96&d=mm&r=g","contentUrl":"https:\/\/secure.gravatar.com\/avatar\/390ac8f0be5d9aa046152553e2dd7011b59a512d89c150f5e5f28bb8d9a0b165?s=96&d=mm&r=g","caption":"Crees"},"url":"https:\/\/crees.org.do\/?author=2"}]}},"_links":{"self":[{"href":"https:\/\/crees.org.do\/index.php?rest_route=\/wp\/v2\/posts\/20840","targetHints":{"allow":["GET"]}}],"collection":[{"href":"https:\/\/crees.org.do\/index.php?rest_route=\/wp\/v2\/posts"}],"about":[{"href":"https:\/\/crees.org.do\/index.php?rest_route=\/wp\/v2\/types\/post"}],"author":[{"embeddable":true,"href":"https:\/\/crees.org.do\/index.php?rest_route=\/wp\/v2\/users\/2"}],"replies":[{"embeddable":true,"href":"https:\/\/crees.org.do\/index.php?rest_route=%2Fwp%2Fv2%2Fcomments&post=20840"}],"version-history":[{"count":0,"href":"https:\/\/crees.org.do\/index.php?rest_route=\/wp\/v2\/posts\/20840\/revisions"}],"wp:attachment":[{"href":"https:\/\/crees.org.do\/index.php?rest_route=%2Fwp%2Fv2%2Fmedia&parent=20840"}],"wp:term":[{"taxonomy":"category","embeddable":true,"href":"https:\/\/crees.org.do\/index.php?rest_route=%2Fwp%2Fv2%2Fcategories&post=20840"},{"taxonomy":"post_tag","embeddable":true,"href":"https:\/\/crees.org.do\/index.php?rest_route=%2Fwp%2Fv2%2Ftags&post=20840"}],"curies":[{"name":"wp","href":"https:\/\/api.w.org\/{rel}","templated":true}]}}