{"id":20848,"date":"2020-01-08T00:00:00","date_gmt":"2020-01-08T00:00:00","guid":{"rendered":"https:\/\/crees.org.do\/retos-del-nuevo-gobierno-recuperacion-del-turismo-y-la-inversion-extranjera\/"},"modified":"2020-01-08T00:00:00","modified_gmt":"2020-01-08T00:00:00","slug":"retos-del-nuevo-gobierno-recuperacion-del-turismo-y-la-inversion-extranjera","status":"publish","type":"post","link":"https:\/\/crees.org.do\/?p=20848","title":{"rendered":"Retos del nuevo gobierno: recuperaci\u00f3n del turismo y la inversi\u00f3n extranjera"},"content":{"rendered":"<p style=\"text-align: justify;\"><span style=\"font-size:12px;\"><span style=\"font-family:verdana,geneva,sans-serif;\">Autor:&nbsp;Dolfi G\u00f3mez&nbsp;<\/span><\/span><\/p>\n<p style=\"text-align: justify;\"><span style=\"font-size:12px;\"><span style=\"font-family:verdana,geneva,sans-serif;\">Extra\u00eddo de:&nbsp;El Dinero<\/span><\/span><\/p>\n<p style=\"text-align: justify;\">&nbsp;<\/p>\n<p style=\"text-align: justify;\"><span style=\"font-size:12px;\"><span style=\"font-family:verdana,geneva,sans-serif;\"><span style=\"background-color: rgb(255, 255, 255);\">M\u00e1s del 40% de los destinos vacacionales del mundo han flexibilizado las restricciones que impusieron como respuesta la pandemia del covid-19, seg\u00fan la Organizaci\u00f3n Mundial del Turismo (OMT).<\/span><\/span><\/span><\/p>\n<p style=\"box-sizing: border-box; margin-bottom: 1.25em; padding: 0px; border: 0px; font-variant-numeric: inherit; font-variant-east-asian: inherit; font-stretch: inherit; font-size: 20px; line-height: inherit; font-family: &quot;Fira Sans&quot;, Helvetica, Arial, sans-serif; vertical-align: baseline; text-rendering: optimizelegibility; color: rgb(51, 51, 51); background-color: rgb(255, 255, 255); text-align: justify;\"><span style=\"font-size:12px;\"><span style=\"font-family:verdana,geneva,sans-serif;\">La reactivaci\u00f3n del sector en Rep\u00fablica Dominicana inici\u00f3 el pasado 1 de julio, mes en el que llegaron v\u00eda a\u00e9rea 135,163 pasajeros. El 40% de las llegadas fueron de extranjeros (54,105) y el 60% dominicanos no residentes (81,058).<\/span><\/span><\/p>\n<p style=\"box-sizing: border-box; margin-bottom: 1.25em; padding: 0px; border: 0px; font-variant-numeric: inherit; font-variant-east-asian: inherit; font-stretch: inherit; font-size: 20px; line-height: inherit; font-family: &quot;Fira Sans&quot;, Helvetica, Arial, sans-serif; vertical-align: baseline; text-rendering: optimizelegibility; color: rgb(51, 51, 51); background-color: rgb(255, 255, 255); text-align: justify;\"><span style=\"font-size:12px;\"><span style=\"font-family:verdana,geneva,sans-serif;\">El pa\u00eds presenta grandes retos para retomar el crecimiento que ostentaba el a\u00f1o pasado. Entre junio y julio de 2019 llegaron 1,178,491 visitantes, mientras que por la pandemia, en igual per\u00edodo de 2020 vinieron menos del 13% (136,184 pasajeros).<\/span><\/span><\/p>\n<p style=\"box-sizing: border-box; margin-bottom: 1.25em; padding: 0px; border: 0px; font-variant-numeric: inherit; font-variant-east-asian: inherit; font-stretch: inherit; font-size: 20px; line-height: inherit; font-family: &quot;Fira Sans&quot;, Helvetica, Arial, sans-serif; vertical-align: baseline; text-rendering: optimizelegibility; color: rgb(51, 51, 51); background-color: rgb(255, 255, 255); text-align: justify;\"><span style=\"font-size:12px;\"><span style=\"font-family:verdana,geneva,sans-serif;\">El vicepresidente ejecutivo de la Asociaci\u00f3n Nacional de Hoteles y Restaurantes (<a href=\"https:\/\/www.eldinero.com.do\/110110\/asonahores-vaticina-rd-podria-recibir-entre-60000-y-100000-turistas-en-julio\/\" style=\"box-sizing: border-box; margin: 0px; padding: 0px; border: 0px; font: inherit; vertical-align: baseline; color: rgb(145, 200, 77);\"><span style=\"color:#000080;\">Asonahores<\/span><\/a>),&nbsp;<span style=\"box-sizing: border-box; margin: 0px; padding: 0px; border: 0px; font-style: inherit; font-variant: inherit; font-weight: 700; font-stretch: inherit; line-height: inherit; vertical-align: baseline;\">Andr\u00e9s Marranzini<\/span>, entiende que el principal reto, a corto plazo, ser\u00e1 el control sanitario de manera efectiva y luego comunicar los protocolos de visita y operaci\u00f3n para la tranquilidad a los visitantes.<\/span><\/span><\/p>\n<p style=\"box-sizing: border-box; margin-bottom: 1.25em; padding: 0px; border: 0px; font-variant-numeric: inherit; font-variant-east-asian: inherit; font-stretch: inherit; font-size: 20px; line-height: inherit; font-family: &quot;Fira Sans&quot;, Helvetica, Arial, sans-serif; vertical-align: baseline; text-rendering: optimizelegibility; color: rgb(51, 51, 51); background-color: rgb(255, 255, 255); text-align: justify;\"><span style=\"font-size:12px;\"><span style=\"font-family:verdana,geneva,sans-serif;\">&ldquo;Debemos comunicar de manera efectiva que nuestros polos presentan una situaci\u00f3n distinta al entorno nacional y por supuesto acompa\u00f1ar esto con una evoluci\u00f3n positiva de la situaci\u00f3n en el manejo de la pandemia&rdquo;, indic\u00f3.<\/span><\/span><\/p>\n<p style=\"box-sizing: border-box; margin-bottom: 1.25em; padding: 0px; border: 0px; font-variant-numeric: inherit; font-variant-east-asian: inherit; font-stretch: inherit; font-size: 20px; line-height: inherit; font-family: &quot;Fira Sans&quot;, Helvetica, Arial, sans-serif; vertical-align: baseline; text-rendering: optimizelegibility; color: rgb(51, 51, 51); background-color: rgb(255, 255, 255); text-align: justify;\"><span style=\"font-size:12px;\"><span style=\"font-family:verdana,geneva,sans-serif;\">El presidente de la C\u00e1mara de Comercio y Turismo Dominico Suiza (CCTDS), Gaetan Bucher, consider\u00f3 que la crisis global del turismo generada por los efectos del covid-19 provee la oportunidad de analizar el desempe\u00f1o del sector tur\u00edstico en Rep\u00fablica Dominicana en referencia a la regi\u00f3n y al mundo, en miras a ejecutar una nueva pol\u00edtica de desarrollo del sector que refuerce el posicionamiento en los segmentos m\u00e1s prometedores mundialmente.<\/span><\/span><\/p>\n<p style=\"box-sizing: border-box; margin-bottom: 1.25em; padding: 0px; border: 0px; font-variant-numeric: inherit; font-variant-east-asian: inherit; font-stretch: inherit; font-size: 20px; line-height: inherit; font-family: &quot;Fira Sans&quot;, Helvetica, Arial, sans-serif; vertical-align: baseline; text-rendering: optimizelegibility; color: rgb(51, 51, 51); background-color: rgb(255, 255, 255); text-align: justify;\"><span style=\"font-size:12px;\"><span style=\"font-family:verdana,geneva,sans-serif;\">El empresario y experto en finanzas internacionales puntualiz\u00f3 que el desempe\u00f1o econ\u00f3mico, la seguridad jur\u00eddica y la percepci\u00f3n internacional de la administraci\u00f3n p\u00fablica son factores que atraen a los inversionistas, por lo que, deben ser tomados en cuenta por el pr\u00f3ximo presidente y su gabinete.<\/span><\/span><\/p>\n<p style=\"box-sizing: border-box; margin-bottom: 1.25em; padding: 0px; border: 0px; font-variant-numeric: inherit; font-variant-east-asian: inherit; font-stretch: inherit; font-size: 20px; line-height: inherit; font-family: &quot;Fira Sans&quot;, Helvetica, Arial, sans-serif; vertical-align: baseline; text-rendering: optimizelegibility; color: rgb(51, 51, 51); background-color: rgb(255, 255, 255); text-align: justify;\"><span style=\"font-size:12px;\"><span style=\"font-family:verdana,geneva,sans-serif;\">&ldquo;<span style=\"box-sizing: border-box; margin: 0px; padding: 0px; border: 0px; font-style: inherit; font-variant: inherit; font-weight: 700; font-stretch: inherit; line-height: inherit; vertical-align: baseline;\">El posicionamiento de Rep\u00fablica Dominicana en los mercados de capitales internacionales ha sido reforzado por los resultados de los recientes comicios, no solamente por asegurar la alternabilidad pol\u00edtica, sino por la plataforma pro-empresarial, inclusiva y de visi\u00f3n de futuro del presidente electo Luis Abinader y su prometedor gabinete presidencial<\/span>&rdquo;, dijo.<\/span><\/span><\/p>\n<p style=\"box-sizing: border-box; margin-bottom: 1.25em; padding: 0px; border: 0px; font-variant-numeric: inherit; font-variant-east-asian: inherit; font-stretch: inherit; font-size: 20px; line-height: inherit; font-family: &quot;Fira Sans&quot;, Helvetica, Arial, sans-serif; vertical-align: baseline; text-rendering: optimizelegibility; color: rgb(51, 51, 51); background-color: rgb(255, 255, 255); text-align: justify;\"><span style=\"font-size:12px;\"><span style=\"font-family:verdana,geneva,sans-serif;\">Joel Santos, quien formar\u00e1 parte del nuevo gabinete como asesor del Poder Ejecutivo en materia tur\u00edstica, sostuvo que luego de aplanar la curva de contagio del covid-19, se deber\u00e1n fortalecer los protocolos de seguridad sanitaria, certificarlos y promocionarlos, para que los mercados emisores de turistas puedan tener la confianza en Rep\u00fablica Dominicana como destino seguro.<\/span><\/span><\/p>\n<p style=\"box-sizing: border-box; margin-bottom: 1.25em; padding: 0px; border: 0px; font-variant-numeric: inherit; font-variant-east-asian: inherit; font-stretch: inherit; font-size: 20px; line-height: inherit; font-family: &quot;Fira Sans&quot;, Helvetica, Arial, sans-serif; vertical-align: baseline; text-rendering: optimizelegibility; color: rgb(51, 51, 51); background-color: rgb(255, 255, 255); text-align: justify;\"><span style=\"font-size:12px;\"><span style=\"font-family:verdana,geneva,sans-serif;\">Otro reto que se\u00f1al\u00f3 el economista y expresidente de la Asonahores ser\u00e1 poner en pr\u00e1cticas medidas laborales, financieras y del sector el\u00e9ctrico para evitar la p\u00e9rdida de empleos.<\/span><\/span><\/p>\n<p style=\"box-sizing: border-box; margin-bottom: 1.25em; padding: 0px; border: 0px; font-variant-numeric: inherit; font-variant-east-asian: inherit; font-stretch: inherit; font-size: 20px; line-height: inherit; font-family: &quot;Fira Sans&quot;, Helvetica, Arial, sans-serif; vertical-align: baseline; text-rendering: optimizelegibility; color: rgb(51, 51, 51); background-color: rgb(255, 255, 255); text-align: justify;\"><span style=\"font-size:12px;\"><span style=\"font-family:verdana,geneva,sans-serif;\"><span style=\"box-sizing: border-box; margin: 0px; padding: 0px; border: 0px; font-style: inherit; font-variant: inherit; font-weight: 700; font-stretch: inherit; line-height: inherit; vertical-align: baseline;\">&ldquo;Con estas medidas tomadas, ser\u00e1 clave una promoci\u00f3n concentrada en las bondades que ofrece el pa\u00eds y que muestre un pa\u00eds en condiciones de recibir turistas&rdquo;<\/span>, dijo.<\/span><\/span><\/p>\n<p style=\"box-sizing: border-box; margin-bottom: 1.25em; padding: 0px; border: 0px; font-variant-numeric: inherit; font-variant-east-asian: inherit; font-stretch: inherit; font-size: 20px; line-height: inherit; font-family: &quot;Fira Sans&quot;, Helvetica, Arial, sans-serif; vertical-align: baseline; text-rendering: optimizelegibility; color: rgb(51, 51, 51); background-color: rgb(255, 255, 255); text-align: justify;\"><span style=\"font-size:12px;\"><span style=\"font-family:verdana,geneva,sans-serif;\">Explic\u00f3 que para atraer la inversi\u00f3n extranjera y crear las bases sobre el turismo, se deber\u00e1 materializar un fideicomiso de promoci\u00f3n tur\u00edstica, iniciar los trabajo de ordenamiento territorial tur\u00edstico y establecer pol\u00edticas para fortalecer las ofertas complementarias en las zonas tur\u00edsticas, para generar valor agregado.<\/span><\/span><\/p>\n<p style=\"box-sizing: border-box; margin-bottom: 1.25em; padding: 0px; border: 0px; font-variant-numeric: inherit; font-variant-east-asian: inherit; font-stretch: inherit; font-size: 20px; line-height: inherit; font-family: &quot;Fira Sans&quot;, Helvetica, Arial, sans-serif; vertical-align: baseline; text-rendering: optimizelegibility; color: rgb(51, 51, 51); background-color: rgb(255, 255, 255); text-align: justify;\"><span style=\"font-size:12px;\"><span style=\"font-family:verdana,geneva,sans-serif;\">&ldquo;Adem\u00e1s, se deber\u00e1 fortalecer el Tribunal Superior de Tierras y todo lo que tiene que ver con la seguridad jur\u00eddica, que es un punto fundamental para atraer inversiones al pa\u00eds&rdquo;, a\u00f1adi\u00f3.<\/span><\/span><\/p>\n<h3 style=\"box-sizing: border-box; padding: 0px; border: 0px; font-variant-numeric: inherit; font-variant-east-asian: inherit; font-weight: 500; font-stretch: inherit; font-size: 1.563em; line-height: 1.4; font-family: &quot;Fira Sans&quot;, Helvetica, Arial, sans-serif; vertical-align: baseline; color: rgb(37, 36, 34); text-rendering: optimizelegibility; background-color: rgb(255, 255, 255); text-align: justify;\"><strong><span style=\"font-size:12px;\"><span style=\"font-family:verdana,geneva,sans-serif;\">Inversi\u00f3n extranjera<\/span><\/span><\/strong><\/h3>\n<p style=\"box-sizing: border-box; margin-bottom: 1.25em; padding: 0px; border: 0px; font-variant-numeric: inherit; font-variant-east-asian: inherit; font-stretch: inherit; font-size: 20px; line-height: inherit; font-family: &quot;Fira Sans&quot;, Helvetica, Arial, sans-serif; vertical-align: baseline; text-rendering: optimizelegibility; color: rgb(51, 51, 51); background-color: rgb(255, 255, 255); text-align: justify;\"><span style=\"font-size:12px;\"><span style=\"font-family:verdana,geneva,sans-serif;\">El turismo es un atractivo para la Inversi\u00f3n Extranjera Directa (IED), seg\u00fan los datos de la Presidencia, durante los primeros dos meses de 2020 el Consejo de Fomento Tur\u00edstico (Confotur) aprob\u00f3 18 proyectos tur\u00edsticos, con una inversi\u00f3n de US$1,076.9 millones que aportar\u00e1n 2,818 nuevas habitaciones.<\/span><\/span><\/p>\n<p style=\"box-sizing: border-box; margin-bottom: 1.25em; padding: 0px; border: 0px; font-variant-numeric: inherit; font-variant-east-asian: inherit; font-stretch: inherit; font-size: 20px; line-height: inherit; font-family: &quot;Fira Sans&quot;, Helvetica, Arial, sans-serif; vertical-align: baseline; text-rendering: optimizelegibility; color: rgb(51, 51, 51); background-color: rgb(255, 255, 255); text-align: justify;\"><span style=\"font-size:12px;\"><span style=\"font-family:verdana,geneva,sans-serif;\">De acuerdo al economista Miguel Collado Di Franco, del Centro Regional de Estrategias Econ\u00f3micas Sostenibles (CREES), las autoridades que asumir\u00e1n este 16 de agosto deber\u00e1n trabajar principalmente en el control de la pandemia y garantizar seguridad sanitaria. Luego, realizar algunas reformas que eleven la competitividad del pa\u00eds.<\/span><\/span><\/p>\n<p style=\"box-sizing: border-box; margin-bottom: 1.25em; padding: 0px; border: 0px; font-variant-numeric: inherit; font-variant-east-asian: inherit; font-stretch: inherit; font-size: 20px; line-height: inherit; font-family: &quot;Fira Sans&quot;, Helvetica, Arial, sans-serif; vertical-align: baseline; text-rendering: optimizelegibility; color: rgb(51, 51, 51); background-color: rgb(255, 255, 255); text-align: justify;\"><span style=\"font-size:12px;\"><span style=\"font-family:verdana,geneva,sans-serif;\">&ldquo;Reformas que garanticen las reglas de juego y permitan bajar los costos de vivir y hacer negocios en el pa\u00eds&rdquo;, agreg\u00f3.<\/span><\/span><\/p>\n<p style=\"box-sizing: border-box; margin-bottom: 1.25em; padding: 0px; border: 0px; font-variant-numeric: inherit; font-variant-east-asian: inherit; font-stretch: inherit; font-size: 20px; line-height: inherit; font-family: &quot;Fira Sans&quot;, Helvetica, Arial, sans-serif; vertical-align: baseline; text-rendering: optimizelegibility; color: rgb(51, 51, 51); background-color: rgb(255, 255, 255); text-align: justify;\"><span style=\"font-size:12px;\"><span style=\"font-family:verdana,geneva,sans-serif;\">Resalt\u00f3 que se deber\u00edan hacer reestructuraciones en las leyes para ofrecer mayor seguridad jur\u00eddica a los inversionistas, hacer una simplificaci\u00f3n de los procesos burocr\u00e1ticos, como por ejemplo, la solicitud y emisi\u00f3n de permisos estatales.<\/span><\/span><\/p>\n<p style=\"box-sizing: border-box; margin-bottom: 1.25em; padding: 0px; border: 0px; font-variant-numeric: inherit; font-variant-east-asian: inherit; font-stretch: inherit; font-size: 20px; line-height: inherit; font-family: &quot;Fira Sans&quot;, Helvetica, Arial, sans-serif; vertical-align: baseline; text-rendering: optimizelegibility; color: rgb(51, 51, 51); background-color: rgb(255, 255, 255); text-align: justify;\"><span style=\"font-size:12px;\"><span style=\"font-family:verdana,geneva,sans-serif;\">Resalt\u00f3, adem\u00e1s, la necesidad de una revisi\u00f3n de las cargas impositivas, para que sean m\u00e1s simples y, de esa forma, incentiven menos la evasi\u00f3n, la elusi\u00f3n y la informalidad.<\/span><\/span><\/p>\n<p style=\"box-sizing: border-box; margin-bottom: 1.25em; padding: 0px; border: 0px; font-variant-numeric: inherit; font-variant-east-asian: inherit; font-stretch: inherit; font-size: 20px; line-height: inherit; font-family: &quot;Fira Sans&quot;, Helvetica, Arial, sans-serif; vertical-align: baseline; text-rendering: optimizelegibility; color: rgb(51, 51, 51); background-color: rgb(255, 255, 255); text-align: justify;\"><span style=\"font-size:12px;\"><span style=\"font-family:verdana,geneva,sans-serif;\">Collado Di Franco enfatiz\u00f3 que para mejorar el clima de negocios en Rep\u00fablica Dominicana est\u00e1n pendientes los temas de reformas en el sistema energ\u00e9tico y el sector laboral, hacer revisiones a los precios de los hidrocarburos y a los costos del transporte de carga que, seg\u00fan afirm\u00f3, son los m\u00e1s elevados de la regi\u00f3n.<\/span><\/span><\/p>\n<p style=\"box-sizing: border-box; margin-bottom: 1.25em; padding: 0px; border: 0px; font-variant-numeric: inherit; font-variant-east-asian: inherit; font-stretch: inherit; font-size: 20px; line-height: inherit; font-family: &quot;Fira Sans&quot;, Helvetica, Arial, sans-serif; vertical-align: baseline; text-rendering: optimizelegibility; color: rgb(51, 51, 51); background-color: rgb(255, 255, 255); text-align: justify;\"><span style=\"font-size:12px;\"><span style=\"font-family:verdana,geneva,sans-serif;\">El economista Rafael Espinal, del Instituto Tecnol\u00f3gico de Santo Domingo (Intec), concuerda con Collado Di Franco en que las nuevas autoridades, para rescatar el turismo, deben fijar como prioridad detener los contagios del covid-19.<\/span><\/span><\/p>\n<p style=\"box-sizing: border-box; margin-bottom: 1.25em; padding: 0px; border: 0px; font-variant-numeric: inherit; font-variant-east-asian: inherit; font-stretch: inherit; font-size: 20px; line-height: inherit; font-family: &quot;Fira Sans&quot;, Helvetica, Arial, sans-serif; vertical-align: baseline; text-rendering: optimizelegibility; color: rgb(51, 51, 51); background-color: rgb(255, 255, 255); text-align: justify;\"><span style=\"font-size:12px;\"><span style=\"font-family:verdana,geneva,sans-serif;\">&ldquo;De no lograrlo, ser\u00e1n infructuosos los esfuerzos por restablecer el flujo de turistas, que est\u00e1 disminuido a nivel mundial, por la ca\u00edda de la econom\u00eda, el desempleo y el miedo a viajar&rdquo;, enfatiz\u00f3 Espinal.<\/span><\/span><\/p>\n<p style=\"box-sizing: border-box; margin-bottom: 1.25em; padding: 0px; border: 0px; font-variant-numeric: inherit; font-variant-east-asian: inherit; font-stretch: inherit; font-size: 20px; line-height: inherit; font-family: &quot;Fira Sans&quot;, Helvetica, Arial, sans-serif; vertical-align: baseline; text-rendering: optimizelegibility; color: rgb(51, 51, 51); background-color: rgb(255, 255, 255); text-align: justify;\"><span style=\"font-size:12px;\"><span style=\"font-family:verdana,geneva,sans-serif;\">Afirm\u00f3 que el nuevo gobierno &ldquo;debe concentrarse en el rescate de la institucionalidad, la independencia y fiabilidad de la justicia y la transparencia, para crear confianza en los potenciales inversores&rdquo;.<\/span><\/span><\/p>\n<h3 style=\"box-sizing: border-box; padding: 0px; border: 0px; font-variant-numeric: inherit; font-variant-east-asian: inherit; font-weight: 500; font-stretch: inherit; font-size: 1.563em; line-height: 1.4; font-family: &quot;Fira Sans&quot;, Helvetica, Arial, sans-serif; vertical-align: baseline; color: rgb(37, 36, 34); text-rendering: optimizelegibility; background-color: rgb(255, 255, 255); text-align: justify;\"><strong><span style=\"font-size:12px;\"><span style=\"font-family:verdana,geneva,sans-serif;\">Recaudaciones en IED<\/span><\/span><\/strong><\/h3>\n<p style=\"box-sizing: border-box; margin-bottom: 1.25em; padding: 0px; border: 0px; font-variant-numeric: inherit; font-variant-east-asian: inherit; font-stretch: inherit; font-size: 20px; line-height: inherit; font-family: &quot;Fira Sans&quot;, Helvetica, Arial, sans-serif; vertical-align: baseline; text-rendering: optimizelegibility; color: rgb(51, 51, 51); background-color: rgb(255, 255, 255); text-align: justify;\"><span style=\"font-size:12px;\"><span style=\"font-family:verdana,geneva,sans-serif;\">En el primer trimestre de 2020, la IED alcanz\u00f3 un saldo neto de US$758.3 millones, unos US$177.7 millones menos con respecto a enero-marzo 2019, de acuerdo al informe de cifras preliminares del Banco Central.<\/span><\/span><\/p>\n<p style=\"box-sizing: border-box; margin-bottom: 1.25em; padding: 0px; border: 0px; font-variant-numeric: inherit; font-variant-east-asian: inherit; font-stretch: inherit; font-size: 20px; line-height: inherit; font-family: &quot;Fira Sans&quot;, Helvetica, Arial, sans-serif; vertical-align: baseline; text-rendering: optimizelegibility; color: rgb(51, 51, 51); background-color: rgb(255, 255, 255); text-align: justify;\"><span style=\"font-size:12px;\"><span style=\"font-family:verdana,geneva,sans-serif;\">Entre 2010 y 2019, la IED en Rep\u00fablica Dominicana totaliz\u00f3 US$25,372.2 millones. Durante ese per\u00edodo, el pa\u00eds recibi\u00f3 en promedio US$2,601.5 millones anual.<\/span><\/span><\/p>\n<p style=\"box-sizing: border-box; margin-bottom: 1.25em; padding: 0px; border: 0px; font-variant-numeric: inherit; font-variant-east-asian: inherit; font-stretch: inherit; font-size: 20px; line-height: inherit; font-family: &quot;Fira Sans&quot;, Helvetica, Arial, sans-serif; vertical-align: baseline; text-rendering: optimizelegibility; color: rgb(51, 51, 51); background-color: rgb(255, 255, 255); text-align: justify;\"><span style=\"font-size:12px;\"><span style=\"font-family:verdana,geneva,sans-serif;\">Seg\u00fan el BC, los cinco pa\u00edses de donde proviene la mayor IED son Estados Unidos, Canad\u00e1, Brasil, Espa\u00f1a y M\u00e9xico.<br style=\"box-sizing: border-box;\" \/>Estados Unidos, con US$5,805.9 millones, representa el 22.3% del total, seguido por Canad\u00e1, con el 17.8% (US$4,640.5 millones).<\/span><\/span><\/p>\n<p style=\"box-sizing: border-box; margin-bottom: 1.25em; padding: 0px; border: 0px; font-variant-numeric: inherit; font-variant-east-asian: inherit; font-stretch: inherit; font-size: 20px; line-height: inherit; font-family: &quot;Fira Sans&quot;, Helvetica, Arial, sans-serif; vertical-align: baseline; text-rendering: optimizelegibility; color: rgb(51, 51, 51); background-color: rgb(255, 255, 255); text-align: justify;\"><span style=\"font-size:12px;\"><span style=\"font-family:verdana,geneva,sans-serif;\">Las inversiones provenientes de Brasil suman US$2,374.0 millones (un 9.1%), las de Espa\u00f1a US$1,77.6 millones (un 6.8%) y las de M\u00e9xico US$1,453.1 millones (un 5.6%).<\/span><\/span><\/p>\n<div class=\"pvc_clear\"><\/div>\n<p class=\"pvc_stats all \" data-element-id=\"20848\" style=\"\"><i class=\"pvc-stats-icon medium\" aria-hidden=\"true\"><svg aria-hidden=\"true\" focusable=\"false\" data-prefix=\"far\" data-icon=\"chart-bar\" role=\"img\" xmlns=\"http:\/\/www.w3.org\/2000\/svg\" viewBox=\"0 0 512 512\" class=\"svg-inline--fa fa-chart-bar fa-w-16 fa-2x\"><path fill=\"currentColor\" d=\"M396.8 352h22.4c6.4 0 12.8-6.4 12.8-12.8V108.8c0-6.4-6.4-12.8-12.8-12.8h-22.4c-6.4 0-12.8 6.4-12.8 12.8v230.4c0 6.4 6.4 12.8 12.8 12.8zm-192 0h22.4c6.4 0 12.8-6.4 12.8-12.8V140.8c0-6.4-6.4-12.8-12.8-12.8h-22.4c-6.4 0-12.8 6.4-12.8 12.8v198.4c0 6.4 6.4 12.8 12.8 12.8zm96 0h22.4c6.4 0 12.8-6.4 12.8-12.8V204.8c0-6.4-6.4-12.8-12.8-12.8h-22.4c-6.4 0-12.8 6.4-12.8 12.8v134.4c0 6.4 6.4 12.8 12.8 12.8zM496 400H48V80c0-8.84-7.16-16-16-16H16C7.16 64 0 71.16 0 80v336c0 17.67 14.33 32 32 32h464c8.84 0 16-7.16 16-16v-16c0-8.84-7.16-16-16-16zm-387.2-48h22.4c6.4 0 12.8-6.4 12.8-12.8v-70.4c0-6.4-6.4-12.8-12.8-12.8h-22.4c-6.4 0-12.8 6.4-12.8 12.8v70.4c0 6.4 6.4 12.8 12.8 12.8z\" class=\"\"><\/path><\/svg><\/i> Vistas Totales&nbsp;293&nbsp;, Vistas Hoy&nbsp;1&nbsp;<\/p>\n<div class=\"pvc_clear\"><\/div>\n","protected":false},"excerpt":{"rendered":"<p>Publicado el: mi\u00e9rcoles 12 de agosto del 2020Autor: Dolfi G\u00f3mez Expertos concuerdan en que la seguridad sanitaria, la certificaci\u00f3n de protocolos y la promoci\u00f3n ser\u00e1 clave<\/p>\n<div class=\"pvc_clear\"><\/div>\n<p class=\"pvc_stats all \" data-element-id=\"20848\" style=\"\"><i class=\"pvc-stats-icon medium\" aria-hidden=\"true\"><svg aria-hidden=\"true\" focusable=\"false\" data-prefix=\"far\" data-icon=\"chart-bar\" role=\"img\" xmlns=\"http:\/\/www.w3.org\/2000\/svg\" viewBox=\"0 0 512 512\" class=\"svg-inline--fa fa-chart-bar fa-w-16 fa-2x\"><path fill=\"currentColor\" d=\"M396.8 352h22.4c6.4 0 12.8-6.4 12.8-12.8V108.8c0-6.4-6.4-12.8-12.8-12.8h-22.4c-6.4 0-12.8 6.4-12.8 12.8v230.4c0 6.4 6.4 12.8 12.8 12.8zm-192 0h22.4c6.4 0 12.8-6.4 12.8-12.8V140.8c0-6.4-6.4-12.8-12.8-12.8h-22.4c-6.4 0-12.8 6.4-12.8 12.8v198.4c0 6.4 6.4 12.8 12.8 12.8zm96 0h22.4c6.4 0 12.8-6.4 12.8-12.8V204.8c0-6.4-6.4-12.8-12.8-12.8h-22.4c-6.4 0-12.8 6.4-12.8 12.8v134.4c0 6.4 6.4 12.8 12.8 12.8zM496 400H48V80c0-8.84-7.16-16-16-16H16C7.16 64 0 71.16 0 80v336c0 17.67 14.33 32 32 32h464c8.84 0 16-7.16 16-16v-16c0-8.84-7.16-16-16-16zm-387.2-48h22.4c6.4 0 12.8-6.4 12.8-12.8v-70.4c0-6.4-6.4-12.8-12.8-12.8h-22.4c-6.4 0-12.8 6.4-12.8 12.8v70.4c0 6.4 6.4 12.8 12.8 12.8z\" class=\"\"><\/path><\/svg><\/i> Vistas Totales&nbsp;293&nbsp;, Vistas Hoy&nbsp;1&nbsp;<\/p>\n<div class=\"pvc_clear\"><\/div>\n","protected":false},"author":2,"featured_media":0,"comment_status":"open","ping_status":"open","sticky":false,"template":"","format":"standard","meta":{"footnotes":""},"categories":[21],"tags":[],"class_list":["post-20848","post","type-post","status-publish","format-standard","hentry","category-blog"],"yoast_head":"<!-- This site is optimized with the Yoast SEO plugin v25.2 - https:\/\/yoast.com\/wordpress\/plugins\/seo\/ -->\n<title>Retos del nuevo gobierno: recuperaci\u00f3n del turismo y la inversi\u00f3n extranjera | CREES<\/title>\n<meta name=\"robots\" content=\"index, follow, max-snippet:-1, max-image-preview:large, max-video-preview:-1\" \/>\n<link rel=\"canonical\" href=\"https:\/\/crees.org.do\/?p=20848\" \/>\n<meta property=\"og:locale\" content=\"es_ES\" \/>\n<meta property=\"og:type\" content=\"article\" \/>\n<meta property=\"og:title\" content=\"Retos del nuevo gobierno: recuperaci\u00f3n del turismo y la inversi\u00f3n extranjera | CREES\" \/>\n<meta property=\"og:description\" content=\"Publicado el: mi\u00e9rcoles 12 de agosto del 2020Autor: Dolfi G\u00f3mez Expertos concuerdan en que la seguridad sanitaria, la certificaci\u00f3n de protocolos y la promoci\u00f3n ser\u00e1 clave\" \/>\n<meta property=\"og:url\" content=\"https:\/\/crees.org.do\/?p=20848\" \/>\n<meta property=\"og:site_name\" content=\"CREES\" \/>\n<meta property=\"article:publisher\" content=\"https:\/\/www.facebook.com\/CREESRD\/\" \/>\n<meta property=\"article:published_time\" content=\"2020-01-08T00:00:00+00:00\" \/>\n<meta property=\"og:image\" content=\"https:\/\/crees.org.do\/wp-content\/uploads\/2022\/03\/crees-logo-1.jpg\" \/>\n\t<meta property=\"og:image:width\" content=\"244\" \/>\n\t<meta property=\"og:image:height\" content=\"71\" \/>\n\t<meta property=\"og:image:type\" content=\"image\/jpeg\" \/>\n<meta name=\"author\" content=\"Crees\" \/>\n<meta name=\"twitter:card\" content=\"summary_large_image\" \/>\n<meta name=\"twitter:creator\" content=\"@CREESRD\" \/>\n<meta name=\"twitter:site\" content=\"@CREESRD\" \/>\n<meta name=\"twitter:label1\" content=\"Escrito por\" \/>\n\t<meta name=\"twitter:data1\" content=\"Crees\" \/>\n\t<meta name=\"twitter:label2\" content=\"Tiempo de lectura\" \/>\n\t<meta name=\"twitter:data2\" content=\"5 minutos\" \/>\n<script type=\"application\/ld+json\" class=\"yoast-schema-graph\">{\"@context\":\"https:\/\/schema.org\",\"@graph\":[{\"@type\":\"Article\",\"@id\":\"https:\/\/crees.org.do\/?p=20848#article\",\"isPartOf\":{\"@id\":\"https:\/\/crees.org.do\/?p=20848\"},\"author\":{\"name\":\"Crees\",\"@id\":\"https:\/\/crees.org.do\/#\/schema\/person\/e7f97cd94d7bf9cd0e0ce30acb7d56b8\"},\"headline\":\"Retos del nuevo gobierno: recuperaci\u00f3n del turismo y la inversi\u00f3n extranjera\",\"datePublished\":\"2020-01-08T00:00:00+00:00\",\"mainEntityOfPage\":{\"@id\":\"https:\/\/crees.org.do\/?p=20848\"},\"wordCount\":1097,\"commentCount\":0,\"publisher\":{\"@id\":\"https:\/\/crees.org.do\/#organization\"},\"articleSection\":[\"Blog\"],\"inLanguage\":\"es\"},{\"@type\":\"WebPage\",\"@id\":\"https:\/\/crees.org.do\/?p=20848\",\"url\":\"https:\/\/crees.org.do\/?p=20848\",\"name\":\"Retos del nuevo gobierno: recuperaci\u00f3n del turismo y la inversi\u00f3n extranjera | CREES\",\"isPartOf\":{\"@id\":\"https:\/\/crees.org.do\/#website\"},\"datePublished\":\"2020-01-08T00:00:00+00:00\",\"breadcrumb\":{\"@id\":\"https:\/\/crees.org.do\/?p=20848#breadcrumb\"},\"inLanguage\":\"es\",\"potentialAction\":[{\"@type\":\"ReadAction\",\"target\":[\"https:\/\/crees.org.do\/?p=20848\"]}]},{\"@type\":\"BreadcrumbList\",\"@id\":\"https:\/\/crees.org.do\/?p=20848#breadcrumb\",\"itemListElement\":[{\"@type\":\"ListItem\",\"position\":1,\"name\":\"Portada\",\"item\":\"https:\/\/crees.org.do\/\"},{\"@type\":\"ListItem\",\"position\":2,\"name\":\"Retos del nuevo gobierno: recuperaci\u00f3n del turismo y la inversi\u00f3n extranjera\"}]},{\"@type\":\"WebSite\",\"@id\":\"https:\/\/crees.org.do\/#website\",\"url\":\"https:\/\/crees.org.do\/\",\"name\":\"CREES\",\"description\":\"Centro Regional de Estrategias Econ\u00f3micas Sostenibles\",\"publisher\":{\"@id\":\"https:\/\/crees.org.do\/#organization\"},\"potentialAction\":[{\"@type\":\"SearchAction\",\"target\":{\"@type\":\"EntryPoint\",\"urlTemplate\":\"https:\/\/crees.org.do\/?s={search_term_string}\"},\"query-input\":{\"@type\":\"PropertyValueSpecification\",\"valueRequired\":true,\"valueName\":\"search_term_string\"}}],\"inLanguage\":\"es\"},{\"@type\":\"Organization\",\"@id\":\"https:\/\/crees.org.do\/#organization\",\"name\":\"CREES | Centro Regional de Estrategias Econ\u00f3micas Sostenibles\",\"url\":\"https:\/\/crees.org.do\/\",\"logo\":{\"@type\":\"ImageObject\",\"inLanguage\":\"es\",\"@id\":\"https:\/\/crees.org.do\/#\/schema\/logo\/image\/\",\"url\":\"https:\/\/crees.org.do\/wp-content\/uploads\/2022\/03\/crees-logo-1.jpg\",\"contentUrl\":\"https:\/\/crees.org.do\/wp-content\/uploads\/2022\/03\/crees-logo-1.jpg\",\"width\":244,\"height\":71,\"caption\":\"CREES | Centro Regional de Estrategias Econ\u00f3micas Sostenibles\"},\"image\":{\"@id\":\"https:\/\/crees.org.do\/#\/schema\/logo\/image\/\"},\"sameAs\":[\"https:\/\/www.facebook.com\/CREESRD\/\",\"https:\/\/x.com\/CREESRD\"]},{\"@type\":\"Person\",\"@id\":\"https:\/\/crees.org.do\/#\/schema\/person\/e7f97cd94d7bf9cd0e0ce30acb7d56b8\",\"name\":\"Crees\",\"image\":{\"@type\":\"ImageObject\",\"inLanguage\":\"es\",\"@id\":\"https:\/\/crees.org.do\/#\/schema\/person\/image\/\",\"url\":\"https:\/\/secure.gravatar.com\/avatar\/390ac8f0be5d9aa046152553e2dd7011b59a512d89c150f5e5f28bb8d9a0b165?s=96&d=mm&r=g\",\"contentUrl\":\"https:\/\/secure.gravatar.com\/avatar\/390ac8f0be5d9aa046152553e2dd7011b59a512d89c150f5e5f28bb8d9a0b165?s=96&d=mm&r=g\",\"caption\":\"Crees\"},\"url\":\"https:\/\/crees.org.do\/?author=2\"}]}<\/script>\n<!-- \/ Yoast SEO plugin. -->","yoast_head_json":{"title":"Retos del nuevo gobierno: recuperaci\u00f3n del turismo y la inversi\u00f3n extranjera | CREES","robots":{"index":"index","follow":"follow","max-snippet":"max-snippet:-1","max-image-preview":"max-image-preview:large","max-video-preview":"max-video-preview:-1"},"canonical":"https:\/\/crees.org.do\/?p=20848","og_locale":"es_ES","og_type":"article","og_title":"Retos del nuevo gobierno: recuperaci\u00f3n del turismo y la inversi\u00f3n extranjera | CREES","og_description":"Publicado el: mi\u00e9rcoles 12 de agosto del 2020Autor: Dolfi G\u00f3mez Expertos concuerdan en que la seguridad sanitaria, la certificaci\u00f3n de protocolos y la promoci\u00f3n ser\u00e1 clave","og_url":"https:\/\/crees.org.do\/?p=20848","og_site_name":"CREES","article_publisher":"https:\/\/www.facebook.com\/CREESRD\/","article_published_time":"2020-01-08T00:00:00+00:00","og_image":[{"width":244,"height":71,"url":"https:\/\/crees.org.do\/wp-content\/uploads\/2022\/03\/crees-logo-1.jpg","type":"image\/jpeg"}],"author":"Crees","twitter_card":"summary_large_image","twitter_creator":"@CREESRD","twitter_site":"@CREESRD","twitter_misc":{"Escrito por":"Crees","Tiempo de lectura":"5 minutos"},"schema":{"@context":"https:\/\/schema.org","@graph":[{"@type":"Article","@id":"https:\/\/crees.org.do\/?p=20848#article","isPartOf":{"@id":"https:\/\/crees.org.do\/?p=20848"},"author":{"name":"Crees","@id":"https:\/\/crees.org.do\/#\/schema\/person\/e7f97cd94d7bf9cd0e0ce30acb7d56b8"},"headline":"Retos del nuevo gobierno: recuperaci\u00f3n del turismo y la inversi\u00f3n extranjera","datePublished":"2020-01-08T00:00:00+00:00","mainEntityOfPage":{"@id":"https:\/\/crees.org.do\/?p=20848"},"wordCount":1097,"commentCount":0,"publisher":{"@id":"https:\/\/crees.org.do\/#organization"},"articleSection":["Blog"],"inLanguage":"es"},{"@type":"WebPage","@id":"https:\/\/crees.org.do\/?p=20848","url":"https:\/\/crees.org.do\/?p=20848","name":"Retos del nuevo gobierno: recuperaci\u00f3n del turismo y la inversi\u00f3n extranjera | CREES","isPartOf":{"@id":"https:\/\/crees.org.do\/#website"},"datePublished":"2020-01-08T00:00:00+00:00","breadcrumb":{"@id":"https:\/\/crees.org.do\/?p=20848#breadcrumb"},"inLanguage":"es","potentialAction":[{"@type":"ReadAction","target":["https:\/\/crees.org.do\/?p=20848"]}]},{"@type":"BreadcrumbList","@id":"https:\/\/crees.org.do\/?p=20848#breadcrumb","itemListElement":[{"@type":"ListItem","position":1,"name":"Portada","item":"https:\/\/crees.org.do\/"},{"@type":"ListItem","position":2,"name":"Retos del nuevo gobierno: recuperaci\u00f3n del turismo y la inversi\u00f3n extranjera"}]},{"@type":"WebSite","@id":"https:\/\/crees.org.do\/#website","url":"https:\/\/crees.org.do\/","name":"CREES","description":"Centro Regional de Estrategias Econ\u00f3micas Sostenibles","publisher":{"@id":"https:\/\/crees.org.do\/#organization"},"potentialAction":[{"@type":"SearchAction","target":{"@type":"EntryPoint","urlTemplate":"https:\/\/crees.org.do\/?s={search_term_string}"},"query-input":{"@type":"PropertyValueSpecification","valueRequired":true,"valueName":"search_term_string"}}],"inLanguage":"es"},{"@type":"Organization","@id":"https:\/\/crees.org.do\/#organization","name":"CREES | Centro Regional de Estrategias Econ\u00f3micas Sostenibles","url":"https:\/\/crees.org.do\/","logo":{"@type":"ImageObject","inLanguage":"es","@id":"https:\/\/crees.org.do\/#\/schema\/logo\/image\/","url":"https:\/\/crees.org.do\/wp-content\/uploads\/2022\/03\/crees-logo-1.jpg","contentUrl":"https:\/\/crees.org.do\/wp-content\/uploads\/2022\/03\/crees-logo-1.jpg","width":244,"height":71,"caption":"CREES | Centro Regional de Estrategias Econ\u00f3micas Sostenibles"},"image":{"@id":"https:\/\/crees.org.do\/#\/schema\/logo\/image\/"},"sameAs":["https:\/\/www.facebook.com\/CREESRD\/","https:\/\/x.com\/CREESRD"]},{"@type":"Person","@id":"https:\/\/crees.org.do\/#\/schema\/person\/e7f97cd94d7bf9cd0e0ce30acb7d56b8","name":"Crees","image":{"@type":"ImageObject","inLanguage":"es","@id":"https:\/\/crees.org.do\/#\/schema\/person\/image\/","url":"https:\/\/secure.gravatar.com\/avatar\/390ac8f0be5d9aa046152553e2dd7011b59a512d89c150f5e5f28bb8d9a0b165?s=96&d=mm&r=g","contentUrl":"https:\/\/secure.gravatar.com\/avatar\/390ac8f0be5d9aa046152553e2dd7011b59a512d89c150f5e5f28bb8d9a0b165?s=96&d=mm&r=g","caption":"Crees"},"url":"https:\/\/crees.org.do\/?author=2"}]}},"_links":{"self":[{"href":"https:\/\/crees.org.do\/index.php?rest_route=\/wp\/v2\/posts\/20848","targetHints":{"allow":["GET"]}}],"collection":[{"href":"https:\/\/crees.org.do\/index.php?rest_route=\/wp\/v2\/posts"}],"about":[{"href":"https:\/\/crees.org.do\/index.php?rest_route=\/wp\/v2\/types\/post"}],"author":[{"embeddable":true,"href":"https:\/\/crees.org.do\/index.php?rest_route=\/wp\/v2\/users\/2"}],"replies":[{"embeddable":true,"href":"https:\/\/crees.org.do\/index.php?rest_route=%2Fwp%2Fv2%2Fcomments&post=20848"}],"version-history":[{"count":0,"href":"https:\/\/crees.org.do\/index.php?rest_route=\/wp\/v2\/posts\/20848\/revisions"}],"wp:attachment":[{"href":"https:\/\/crees.org.do\/index.php?rest_route=%2Fwp%2Fv2%2Fmedia&parent=20848"}],"wp:term":[{"taxonomy":"category","embeddable":true,"href":"https:\/\/crees.org.do\/index.php?rest_route=%2Fwp%2Fv2%2Fcategories&post=20848"},{"taxonomy":"post_tag","embeddable":true,"href":"https:\/\/crees.org.do\/index.php?rest_route=%2Fwp%2Fv2%2Ftags&post=20848"}],"curies":[{"name":"wp","href":"https:\/\/api.w.org\/{rel}","templated":true}]}}