{"id":20849,"date":"2020-01-08T00:00:00","date_gmt":"2020-01-08T00:00:00","guid":{"rendered":"https:\/\/crees.org.do\/economistas-valoran-positivo-discurso-presidente-la\/"},"modified":"2020-01-08T00:00:00","modified_gmt":"2020-01-08T00:00:00","slug":"economistas-valoran-positivo-discurso-presidente-la","status":"publish","type":"post","link":"https:\/\/crees.org.do\/?p=20849","title":{"rendered":"Economistas valoran positivo discurso presidente LA"},"content":{"rendered":"<p style=\"text-align: justify;\"><span style=\"font-size:12px;\"><span style=\"font-family:verdana,geneva,sans-serif;\">Autor:&nbsp;Ubaldo Guzm\u00e1n Molina<\/span><\/span><\/p>\n<p style=\"text-align: justify;\"><span style=\"font-size:12px;\"><span style=\"font-family:verdana,geneva,sans-serif;\">Extra\u00eddo de: Peri\u00f3dico Hoy<\/span><\/span><\/p>\n<div style=\"text-align: justify;\"><span style=\"font-size:12px;\"><span style=\"font-family:verdana,geneva,sans-serif;\"><span style=\"color: rgb(34, 34, 34); background-color: rgb(255, 255, 255);\">Los economistas Nelson Su\u00e1rez, Miguel Collado y Antonio Ciriaco Cruz valoraron ayer positivo el discurso de toma de posesi\u00f3n del presidente Luis Abinader ante la Asamblea Nacional.<\/span><br style=\"box-sizing: border-box; color: rgb(34, 34, 34); font-family: Oxygen; font-size: 17px; background-color: rgb(255, 255, 255);\" \/><span style=\"color: rgb(34, 34, 34); background-color: rgb(255, 255, 255);\">Su\u00e1rez dijo que Abinader esboz\u00f3 sus planes de realizar cambios en dos direcciones: urgentes, los cuales pueden estar relacionados con situaciones coyunturales y los irreversibles que posiblemente se refieran a los aspectos fundamentales del Estado, la administraci\u00f3n p\u00fablica, la justicia y la econom\u00eda,<\/span><\/span><\/span><\/div>\n<div style=\"text-align: justify;\">&nbsp;<\/div>\n<div>\n<p style=\"box-sizing: border-box; margin-right: auto; margin-bottom: 26px; margin-left: auto; overflow-wrap: break-word; color: rgb(34, 34, 34); font-family: Oxygen; font-size: 17px; background-color: rgb(255, 255, 255); text-align: justify;\"><span style=\"font-size:12px;\"><span style=\"font-family:verdana,geneva,sans-serif;\">El gran reto del nuevo gobierno, dijo, es poder obtener los recursos que se requieren para enfrentar la crisis sanitaria provocada por el covid-19, financiar los programas econ\u00f3micos de asistencia social a los sectores vulnerables y contrarrestar la recesi\u00f3n econ\u00f3mica inducida por la pandemia.<\/span><\/span><\/p>\n<p style=\"box-sizing: border-box; margin-right: auto; margin-bottom: 26px; margin-left: auto; overflow-wrap: break-word; color: rgb(34, 34, 34); font-family: Oxygen; font-size: 17px; background-color: rgb(255, 255, 255); text-align: justify;\"><span style=\"font-size:12px;\"><span style=\"font-family:verdana,geneva,sans-serif;\">Plante\u00f3 que la magnitud del reto se pone en evidencia si se toma en cuenta que al cerrar julio el Gobierno central acumula un d\u00e9ficit de RD$164,446.7 millones producto de una ca\u00edda en los ingresos de casi RD$50 mil millones en relaci\u00f3n con el 2019 y el aumento del gasto de m\u00e1s de RD$95 mil millones.<\/span><\/span><\/p>\n<p style=\"box-sizing: border-box; margin-right: auto; margin-bottom: 26px; margin-left: auto; overflow-wrap: break-word; color: rgb(34, 34, 34); font-family: Oxygen; font-size: 17px; background-color: rgb(255, 255, 255); text-align: justify;\"><span style=\"font-size:12px;\"><span style=\"font-family:verdana,geneva,sans-serif;\">Indic\u00f3 que se estima que al cerrar el 2020 el Gobierno habr\u00e1 tenido una p\u00e9rdida de recaudaciones cercana a los RD$100 mil millones.<\/span><\/span><\/p>\n<p style=\"box-sizing: border-box; margin-right: auto; margin-bottom: 26px; margin-left: auto; overflow-wrap: break-word; color: rgb(34, 34, 34); font-family: Oxygen; font-size: 17px; background-color: rgb(255, 255, 255); text-align: justify;\"><span style=\"font-size:12px;\"><span style=\"font-family:verdana,geneva,sans-serif;\">En tanto, Collado, economista senior del Centro Regional de Estrategias Econ\u00f3micas Sostenibles (Crees), destac\u00f3 del discurso de Abinader el tema de la lucha contra la corrupci\u00f3n y su prevenci\u00f3n, adem\u00e1s de la transparencia.<\/span><\/span><\/p>\n<p style=\"box-sizing: border-box; margin-right: auto; margin-bottom: 26px; margin-left: auto; overflow-wrap: break-word; color: rgb(34, 34, 34); font-family: Oxygen; font-size: 17px; background-color: rgb(255, 255, 255); text-align: justify;\"><span style=\"font-size:12px;\"><span style=\"font-family:verdana,geneva,sans-serif;\">Expres\u00f3 que la extensi\u00f3n hasta diciembre de los programas asistenciales creados durante la pandemia costar\u00e1n al Estado unos RD$60,000 millones, aunque el presidente Abinader no ofreci\u00f3 su monto.<\/span><\/span><\/p>\n<p style=\"box-sizing: border-box; margin-right: auto; margin-bottom: 26px; margin-left: auto; overflow-wrap: break-word; color: rgb(34, 34, 34); font-family: Oxygen; font-size: 17px; background-color: rgb(255, 255, 255); text-align: justify;\"><span style=\"font-size:12px;\"><span style=\"font-family:verdana,geneva,sans-serif;\">Indic\u00f3 que en los pr\u00f3ximos d\u00edas se necesita mayor claridad de parte de las autoridades sobre el manejo de las finanzas p\u00fablicas, debido el gasto p\u00fablico anunciado por Abinader.<\/span><\/span><\/p>\n<p style=\"box-sizing: border-box; margin-right: auto; margin-bottom: 26px; margin-left: auto; overflow-wrap: break-word; color: rgb(34, 34, 34); font-family: Oxygen; font-size: 17px; background-color: rgb(255, 255, 255); text-align: justify;\"><span style=\"font-size:12px;\"><span style=\"font-family:verdana,geneva,sans-serif;\">Consider\u00f3 positivo el anuncio de Abinader de que usar\u00e1 al m\u00e1ximo las alianzas p\u00fablico-privadas para generar inversiones en \u00e1reas que generen empleos formales.<\/span><\/span><\/p>\n<p style=\"box-sizing: border-box; margin-right: auto; margin-bottom: 26px; margin-left: auto; overflow-wrap: break-word; color: rgb(34, 34, 34); font-family: Oxygen; font-size: 17px; background-color: rgb(255, 255, 255); text-align: justify;\"><span style=\"font-size:12px;\"><span style=\"font-family:verdana,geneva,sans-serif;\">Entiende que fue un discurso positivo, pero faltaron detalles sobre el manejo de las finanzas p\u00fablicas y los planes de reformas estructurales.<\/span><\/span><\/p>\n<p style=\"box-sizing: border-box; margin-right: auto; margin-bottom: 26px; margin-left: auto; overflow-wrap: break-word; color: rgb(34, 34, 34); font-family: Oxygen; font-size: 17px; background-color: rgb(255, 255, 255); text-align: justify;\"><span style=\"font-size:12px;\"><span style=\"font-family:verdana,geneva,sans-serif;\">En tanto, Cruz, vicedecano de la Facultad de Ciencias Econ\u00f3micas y Sociales de la Universidad Aut\u00f3noma de Santo Domingo (UASD), dijo que el presidente Abinader est\u00e1 muy consciente de los retos econ\u00f3micos que enfrentar\u00e1.<\/span><\/span><\/p>\n<p style=\"box-sizing: border-box; margin-right: auto; margin-bottom: 26px; margin-left: auto; overflow-wrap: break-word; color: rgb(34, 34, 34); font-family: Oxygen; font-size: 17px; background-color: rgb(255, 255, 255); text-align: justify;\"><span style=\"font-size:12px;\"><span style=\"font-family:verdana,geneva,sans-serif;\">Se\u00f1al\u00f3 que el Presidente no se refiri\u00f3 al presupuesto complementario que la presente administraci\u00f3n habr\u00e1 de someter al Congreso pr\u00f3ximamente.<\/span><\/span><\/p>\n<p style=\"box-sizing: border-box; margin-right: auto; margin-bottom: 26px; margin-left: auto; overflow-wrap: break-word; color: rgb(34, 34, 34); font-family: Oxygen; font-size: 17px; background-color: rgb(255, 255, 255); text-align: justify;\"><span style=\"font-size:12px;\"><span style=\"font-family:verdana,geneva,sans-serif;\">Expres\u00f3 que el Presidente no dijo de d\u00f3nde provendr\u00e1n los recursos para los programas sociales en lo que resta de este a\u00f1o.<\/span><\/span><\/p>\n<p style=\"box-sizing: border-box; margin-right: auto; margin-bottom: 26px; margin-left: auto; overflow-wrap: break-word; color: rgb(34, 34, 34); font-family: Oxygen; font-size: 17px; background-color: rgb(255, 255, 255); text-align: justify;\"><span style=\"font-size:12px;\"><span style=\"font-family:verdana,geneva,sans-serif;\">Consider\u00f3 que la alocuci\u00f3n del Presidente fue esperanzadora.<\/span><\/span><\/p>\n<\/div>\n<p>&nbsp;<\/p>\n<div class=\"pvc_clear\"><\/div>\n<p class=\"pvc_stats all \" data-element-id=\"20849\" style=\"\"><i class=\"pvc-stats-icon medium\" aria-hidden=\"true\"><svg aria-hidden=\"true\" focusable=\"false\" data-prefix=\"far\" data-icon=\"chart-bar\" role=\"img\" xmlns=\"http:\/\/www.w3.org\/2000\/svg\" viewBox=\"0 0 512 512\" class=\"svg-inline--fa fa-chart-bar fa-w-16 fa-2x\"><path fill=\"currentColor\" d=\"M396.8 352h22.4c6.4 0 12.8-6.4 12.8-12.8V108.8c0-6.4-6.4-12.8-12.8-12.8h-22.4c-6.4 0-12.8 6.4-12.8 12.8v230.4c0 6.4 6.4 12.8 12.8 12.8zm-192 0h22.4c6.4 0 12.8-6.4 12.8-12.8V140.8c0-6.4-6.4-12.8-12.8-12.8h-22.4c-6.4 0-12.8 6.4-12.8 12.8v198.4c0 6.4 6.4 12.8 12.8 12.8zm96 0h22.4c6.4 0 12.8-6.4 12.8-12.8V204.8c0-6.4-6.4-12.8-12.8-12.8h-22.4c-6.4 0-12.8 6.4-12.8 12.8v134.4c0 6.4 6.4 12.8 12.8 12.8zM496 400H48V80c0-8.84-7.16-16-16-16H16C7.16 64 0 71.16 0 80v336c0 17.67 14.33 32 32 32h464c8.84 0 16-7.16 16-16v-16c0-8.84-7.16-16-16-16zm-387.2-48h22.4c6.4 0 12.8-6.4 12.8-12.8v-70.4c0-6.4-6.4-12.8-12.8-12.8h-22.4c-6.4 0-12.8 6.4-12.8 12.8v70.4c0 6.4 6.4 12.8 12.8 12.8z\" class=\"\"><\/path><\/svg><\/i> Vistas Totales&nbsp;305&nbsp;, Vistas Hoy&nbsp;2&nbsp;<\/p>\n<div class=\"pvc_clear\"><\/div>\n","protected":false},"excerpt":{"rendered":"<p>Publicado el: lunes 17 de agosto del 2020Autor: Ubaldo Guzm\u00e1n MolinaLos economistas Nelson Su\u00e1rez, Miguel Collado y Antonio Ciriaco Cruz valoraron ayer positivo el discurso de toma de posesi\u00f3n del presidente Luis Abinader ante la Asamblea Nacional.<\/p>\n<div class=\"pvc_clear\"><\/div>\n<p class=\"pvc_stats all \" data-element-id=\"20849\" style=\"\"><i class=\"pvc-stats-icon medium\" aria-hidden=\"true\"><svg aria-hidden=\"true\" focusable=\"false\" data-prefix=\"far\" data-icon=\"chart-bar\" role=\"img\" xmlns=\"http:\/\/www.w3.org\/2000\/svg\" viewBox=\"0 0 512 512\" class=\"svg-inline--fa fa-chart-bar fa-w-16 fa-2x\"><path fill=\"currentColor\" d=\"M396.8 352h22.4c6.4 0 12.8-6.4 12.8-12.8V108.8c0-6.4-6.4-12.8-12.8-12.8h-22.4c-6.4 0-12.8 6.4-12.8 12.8v230.4c0 6.4 6.4 12.8 12.8 12.8zm-192 0h22.4c6.4 0 12.8-6.4 12.8-12.8V140.8c0-6.4-6.4-12.8-12.8-12.8h-22.4c-6.4 0-12.8 6.4-12.8 12.8v198.4c0 6.4 6.4 12.8 12.8 12.8zm96 0h22.4c6.4 0 12.8-6.4 12.8-12.8V204.8c0-6.4-6.4-12.8-12.8-12.8h-22.4c-6.4 0-12.8 6.4-12.8 12.8v134.4c0 6.4 6.4 12.8 12.8 12.8zM496 400H48V80c0-8.84-7.16-16-16-16H16C7.16 64 0 71.16 0 80v336c0 17.67 14.33 32 32 32h464c8.84 0 16-7.16 16-16v-16c0-8.84-7.16-16-16-16zm-387.2-48h22.4c6.4 0 12.8-6.4 12.8-12.8v-70.4c0-6.4-6.4-12.8-12.8-12.8h-22.4c-6.4 0-12.8 6.4-12.8 12.8v70.4c0 6.4 6.4 12.8 12.8 12.8z\" class=\"\"><\/path><\/svg><\/i> Vistas Totales&nbsp;305&nbsp;, Vistas Hoy&nbsp;2&nbsp;<\/p>\n<div class=\"pvc_clear\"><\/div>\n","protected":false},"author":2,"featured_media":0,"comment_status":"open","ping_status":"open","sticky":false,"template":"","format":"standard","meta":{"footnotes":""},"categories":[21],"tags":[],"class_list":["post-20849","post","type-post","status-publish","format-standard","hentry","category-blog"],"yoast_head":"<!-- This site is optimized with the Yoast SEO plugin v25.2 - https:\/\/yoast.com\/wordpress\/plugins\/seo\/ -->\n<title>Economistas valoran positivo discurso presidente LA | CREES<\/title>\n<meta name=\"robots\" content=\"index, follow, max-snippet:-1, max-image-preview:large, max-video-preview:-1\" \/>\n<link rel=\"canonical\" href=\"https:\/\/crees.org.do\/?p=20849\" \/>\n<meta property=\"og:locale\" content=\"es_ES\" \/>\n<meta property=\"og:type\" content=\"article\" \/>\n<meta property=\"og:title\" content=\"Economistas valoran positivo discurso presidente LA | CREES\" \/>\n<meta property=\"og:description\" content=\"Publicado el: lunes 17 de agosto del 2020Autor: Ubaldo Guzm\u00e1n MolinaLos economistas Nelson Su\u00e1rez, Miguel Collado y Antonio Ciriaco Cruz valoraron ayer positivo el discurso de toma de posesi\u00f3n del presidente Luis Abinader ante la Asamblea Nacional.\" \/>\n<meta property=\"og:url\" content=\"https:\/\/crees.org.do\/?p=20849\" \/>\n<meta property=\"og:site_name\" content=\"CREES\" \/>\n<meta property=\"article:publisher\" content=\"https:\/\/www.facebook.com\/CREESRD\/\" \/>\n<meta property=\"article:published_time\" content=\"2020-01-08T00:00:00+00:00\" \/>\n<meta property=\"og:image\" content=\"https:\/\/crees.org.do\/wp-content\/uploads\/2022\/03\/crees-logo-1.jpg\" \/>\n\t<meta property=\"og:image:width\" content=\"244\" \/>\n\t<meta property=\"og:image:height\" content=\"71\" \/>\n\t<meta property=\"og:image:type\" content=\"image\/jpeg\" \/>\n<meta name=\"author\" content=\"Crees\" \/>\n<meta name=\"twitter:card\" content=\"summary_large_image\" \/>\n<meta name=\"twitter:creator\" content=\"@CREESRD\" \/>\n<meta name=\"twitter:site\" content=\"@CREESRD\" \/>\n<meta name=\"twitter:label1\" content=\"Escrito por\" \/>\n\t<meta name=\"twitter:data1\" content=\"Crees\" \/>\n\t<meta name=\"twitter:label2\" content=\"Tiempo de lectura\" \/>\n\t<meta name=\"twitter:data2\" content=\"2 minutos\" \/>\n<script type=\"application\/ld+json\" class=\"yoast-schema-graph\">{\"@context\":\"https:\/\/schema.org\",\"@graph\":[{\"@type\":\"Article\",\"@id\":\"https:\/\/crees.org.do\/?p=20849#article\",\"isPartOf\":{\"@id\":\"https:\/\/crees.org.do\/?p=20849\"},\"author\":{\"name\":\"Crees\",\"@id\":\"https:\/\/crees.org.do\/#\/schema\/person\/e7f97cd94d7bf9cd0e0ce30acb7d56b8\"},\"headline\":\"Economistas valoran positivo discurso presidente LA\",\"datePublished\":\"2020-01-08T00:00:00+00:00\",\"mainEntityOfPage\":{\"@id\":\"https:\/\/crees.org.do\/?p=20849\"},\"wordCount\":467,\"commentCount\":0,\"publisher\":{\"@id\":\"https:\/\/crees.org.do\/#organization\"},\"articleSection\":[\"Blog\"],\"inLanguage\":\"es\"},{\"@type\":\"WebPage\",\"@id\":\"https:\/\/crees.org.do\/?p=20849\",\"url\":\"https:\/\/crees.org.do\/?p=20849\",\"name\":\"Economistas valoran positivo discurso presidente LA | CREES\",\"isPartOf\":{\"@id\":\"https:\/\/crees.org.do\/#website\"},\"datePublished\":\"2020-01-08T00:00:00+00:00\",\"breadcrumb\":{\"@id\":\"https:\/\/crees.org.do\/?p=20849#breadcrumb\"},\"inLanguage\":\"es\",\"potentialAction\":[{\"@type\":\"ReadAction\",\"target\":[\"https:\/\/crees.org.do\/?p=20849\"]}]},{\"@type\":\"BreadcrumbList\",\"@id\":\"https:\/\/crees.org.do\/?p=20849#breadcrumb\",\"itemListElement\":[{\"@type\":\"ListItem\",\"position\":1,\"name\":\"Portada\",\"item\":\"https:\/\/crees.org.do\/\"},{\"@type\":\"ListItem\",\"position\":2,\"name\":\"Economistas valoran positivo discurso presidente LA\"}]},{\"@type\":\"WebSite\",\"@id\":\"https:\/\/crees.org.do\/#website\",\"url\":\"https:\/\/crees.org.do\/\",\"name\":\"CREES\",\"description\":\"Centro Regional de Estrategias Econ\u00f3micas Sostenibles\",\"publisher\":{\"@id\":\"https:\/\/crees.org.do\/#organization\"},\"potentialAction\":[{\"@type\":\"SearchAction\",\"target\":{\"@type\":\"EntryPoint\",\"urlTemplate\":\"https:\/\/crees.org.do\/?s={search_term_string}\"},\"query-input\":{\"@type\":\"PropertyValueSpecification\",\"valueRequired\":true,\"valueName\":\"search_term_string\"}}],\"inLanguage\":\"es\"},{\"@type\":\"Organization\",\"@id\":\"https:\/\/crees.org.do\/#organization\",\"name\":\"CREES | Centro Regional de Estrategias Econ\u00f3micas Sostenibles\",\"url\":\"https:\/\/crees.org.do\/\",\"logo\":{\"@type\":\"ImageObject\",\"inLanguage\":\"es\",\"@id\":\"https:\/\/crees.org.do\/#\/schema\/logo\/image\/\",\"url\":\"https:\/\/crees.org.do\/wp-content\/uploads\/2022\/03\/crees-logo-1.jpg\",\"contentUrl\":\"https:\/\/crees.org.do\/wp-content\/uploads\/2022\/03\/crees-logo-1.jpg\",\"width\":244,\"height\":71,\"caption\":\"CREES | Centro Regional de Estrategias Econ\u00f3micas Sostenibles\"},\"image\":{\"@id\":\"https:\/\/crees.org.do\/#\/schema\/logo\/image\/\"},\"sameAs\":[\"https:\/\/www.facebook.com\/CREESRD\/\",\"https:\/\/x.com\/CREESRD\"]},{\"@type\":\"Person\",\"@id\":\"https:\/\/crees.org.do\/#\/schema\/person\/e7f97cd94d7bf9cd0e0ce30acb7d56b8\",\"name\":\"Crees\",\"image\":{\"@type\":\"ImageObject\",\"inLanguage\":\"es\",\"@id\":\"https:\/\/crees.org.do\/#\/schema\/person\/image\/\",\"url\":\"https:\/\/secure.gravatar.com\/avatar\/390ac8f0be5d9aa046152553e2dd7011b59a512d89c150f5e5f28bb8d9a0b165?s=96&d=mm&r=g\",\"contentUrl\":\"https:\/\/secure.gravatar.com\/avatar\/390ac8f0be5d9aa046152553e2dd7011b59a512d89c150f5e5f28bb8d9a0b165?s=96&d=mm&r=g\",\"caption\":\"Crees\"},\"url\":\"https:\/\/crees.org.do\/?author=2\"}]}<\/script>\n<!-- \/ Yoast SEO plugin. -->","yoast_head_json":{"title":"Economistas valoran positivo discurso presidente LA | CREES","robots":{"index":"index","follow":"follow","max-snippet":"max-snippet:-1","max-image-preview":"max-image-preview:large","max-video-preview":"max-video-preview:-1"},"canonical":"https:\/\/crees.org.do\/?p=20849","og_locale":"es_ES","og_type":"article","og_title":"Economistas valoran positivo discurso presidente LA | CREES","og_description":"Publicado el: lunes 17 de agosto del 2020Autor: Ubaldo Guzm\u00e1n MolinaLos economistas Nelson Su\u00e1rez, Miguel Collado y Antonio Ciriaco Cruz valoraron ayer positivo el discurso de toma de posesi\u00f3n del presidente Luis Abinader ante la Asamblea Nacional.","og_url":"https:\/\/crees.org.do\/?p=20849","og_site_name":"CREES","article_publisher":"https:\/\/www.facebook.com\/CREESRD\/","article_published_time":"2020-01-08T00:00:00+00:00","og_image":[{"width":244,"height":71,"url":"https:\/\/crees.org.do\/wp-content\/uploads\/2022\/03\/crees-logo-1.jpg","type":"image\/jpeg"}],"author":"Crees","twitter_card":"summary_large_image","twitter_creator":"@CREESRD","twitter_site":"@CREESRD","twitter_misc":{"Escrito por":"Crees","Tiempo de lectura":"2 minutos"},"schema":{"@context":"https:\/\/schema.org","@graph":[{"@type":"Article","@id":"https:\/\/crees.org.do\/?p=20849#article","isPartOf":{"@id":"https:\/\/crees.org.do\/?p=20849"},"author":{"name":"Crees","@id":"https:\/\/crees.org.do\/#\/schema\/person\/e7f97cd94d7bf9cd0e0ce30acb7d56b8"},"headline":"Economistas valoran positivo discurso presidente LA","datePublished":"2020-01-08T00:00:00+00:00","mainEntityOfPage":{"@id":"https:\/\/crees.org.do\/?p=20849"},"wordCount":467,"commentCount":0,"publisher":{"@id":"https:\/\/crees.org.do\/#organization"},"articleSection":["Blog"],"inLanguage":"es"},{"@type":"WebPage","@id":"https:\/\/crees.org.do\/?p=20849","url":"https:\/\/crees.org.do\/?p=20849","name":"Economistas valoran positivo discurso presidente LA | CREES","isPartOf":{"@id":"https:\/\/crees.org.do\/#website"},"datePublished":"2020-01-08T00:00:00+00:00","breadcrumb":{"@id":"https:\/\/crees.org.do\/?p=20849#breadcrumb"},"inLanguage":"es","potentialAction":[{"@type":"ReadAction","target":["https:\/\/crees.org.do\/?p=20849"]}]},{"@type":"BreadcrumbList","@id":"https:\/\/crees.org.do\/?p=20849#breadcrumb","itemListElement":[{"@type":"ListItem","position":1,"name":"Portada","item":"https:\/\/crees.org.do\/"},{"@type":"ListItem","position":2,"name":"Economistas valoran positivo discurso presidente LA"}]},{"@type":"WebSite","@id":"https:\/\/crees.org.do\/#website","url":"https:\/\/crees.org.do\/","name":"CREES","description":"Centro Regional de Estrategias Econ\u00f3micas Sostenibles","publisher":{"@id":"https:\/\/crees.org.do\/#organization"},"potentialAction":[{"@type":"SearchAction","target":{"@type":"EntryPoint","urlTemplate":"https:\/\/crees.org.do\/?s={search_term_string}"},"query-input":{"@type":"PropertyValueSpecification","valueRequired":true,"valueName":"search_term_string"}}],"inLanguage":"es"},{"@type":"Organization","@id":"https:\/\/crees.org.do\/#organization","name":"CREES | Centro Regional de Estrategias Econ\u00f3micas Sostenibles","url":"https:\/\/crees.org.do\/","logo":{"@type":"ImageObject","inLanguage":"es","@id":"https:\/\/crees.org.do\/#\/schema\/logo\/image\/","url":"https:\/\/crees.org.do\/wp-content\/uploads\/2022\/03\/crees-logo-1.jpg","contentUrl":"https:\/\/crees.org.do\/wp-content\/uploads\/2022\/03\/crees-logo-1.jpg","width":244,"height":71,"caption":"CREES | Centro Regional de Estrategias Econ\u00f3micas Sostenibles"},"image":{"@id":"https:\/\/crees.org.do\/#\/schema\/logo\/image\/"},"sameAs":["https:\/\/www.facebook.com\/CREESRD\/","https:\/\/x.com\/CREESRD"]},{"@type":"Person","@id":"https:\/\/crees.org.do\/#\/schema\/person\/e7f97cd94d7bf9cd0e0ce30acb7d56b8","name":"Crees","image":{"@type":"ImageObject","inLanguage":"es","@id":"https:\/\/crees.org.do\/#\/schema\/person\/image\/","url":"https:\/\/secure.gravatar.com\/avatar\/390ac8f0be5d9aa046152553e2dd7011b59a512d89c150f5e5f28bb8d9a0b165?s=96&d=mm&r=g","contentUrl":"https:\/\/secure.gravatar.com\/avatar\/390ac8f0be5d9aa046152553e2dd7011b59a512d89c150f5e5f28bb8d9a0b165?s=96&d=mm&r=g","caption":"Crees"},"url":"https:\/\/crees.org.do\/?author=2"}]}},"_links":{"self":[{"href":"https:\/\/crees.org.do\/index.php?rest_route=\/wp\/v2\/posts\/20849","targetHints":{"allow":["GET"]}}],"collection":[{"href":"https:\/\/crees.org.do\/index.php?rest_route=\/wp\/v2\/posts"}],"about":[{"href":"https:\/\/crees.org.do\/index.php?rest_route=\/wp\/v2\/types\/post"}],"author":[{"embeddable":true,"href":"https:\/\/crees.org.do\/index.php?rest_route=\/wp\/v2\/users\/2"}],"replies":[{"embeddable":true,"href":"https:\/\/crees.org.do\/index.php?rest_route=%2Fwp%2Fv2%2Fcomments&post=20849"}],"version-history":[{"count":0,"href":"https:\/\/crees.org.do\/index.php?rest_route=\/wp\/v2\/posts\/20849\/revisions"}],"wp:attachment":[{"href":"https:\/\/crees.org.do\/index.php?rest_route=%2Fwp%2Fv2%2Fmedia&parent=20849"}],"wp:term":[{"taxonomy":"category","embeddable":true,"href":"https:\/\/crees.org.do\/index.php?rest_route=%2Fwp%2Fv2%2Fcategories&post=20849"},{"taxonomy":"post_tag","embeddable":true,"href":"https:\/\/crees.org.do\/index.php?rest_route=%2Fwp%2Fv2%2Ftags&post=20849"}],"curies":[{"name":"wp","href":"https:\/\/api.w.org\/{rel}","templated":true}]}}