{"id":20852,"date":"2020-01-09T00:00:00","date_gmt":"2020-01-09T00:00:00","guid":{"rendered":"https:\/\/crees.org.do\/el-credito-del-sector-privado-se-contrae-rd40-mil-millones\/"},"modified":"2020-01-09T00:00:00","modified_gmt":"2020-01-09T00:00:00","slug":"el-credito-del-sector-privado-se-contrae-rd40-mil-millones","status":"publish","type":"post","link":"https:\/\/crees.org.do\/?p=20852","title":{"rendered":"El cr\u00e9dito del sector privado se contrae RD$40 mil millones"},"content":{"rendered":"<p style=\"text-align: justify;\"><span style=\"font-size:12px;\"><span style=\"font-family:verdana,geneva,sans-serif;\">Autor:&nbsp;Dilenni Bonilla<\/span><\/span><\/p>\n<p style=\"text-align: justify;\"><span style=\"font-size:12px;\"><span style=\"font-family:verdana,geneva,sans-serif;\">Extra\u00eddo de: Peri\u00f3dico El D\u00eda&nbsp;<\/span><\/span><\/p>\n<p style=\"text-align: justify;\"><span style=\"font-size:12px;\"><span style=\"font-family:verdana,geneva,sans-serif;\"><span style=\"background-color: rgb(255, 255, 255); color: rgb(34, 34, 34);\">Pese a que las autoridades monetarias han aplicado una reducci\u00f3n a la tasa de inter\u00e9s y dispuesto de l\u00edquidez, el cr\u00e9dito al sector privado se ha contra\u00eddo en -3% lo que equivale a 40 mil millones de pesos.<\/span><\/span><\/span><\/p>\n<p style=\"box-sizing: border-box; margin-bottom: 26px; font-family: Roboto; font-size: 18px; line-height: 27px; overflow-wrap: break-word; color: rgb(34, 34, 34); background-color: rgb(255, 255, 255);\"><span style=\"font-size:12px;\"><span style=\"font-family:verdana,geneva,sans-serif;\">Dicha contracci\u00f3n se registr\u00f3 en el per\u00edodo 2 de marzo al 24 de agosto, indic\u00f3 Ernesto Selman, vicepresidente del Centro Regional de Estrategias Econ\u00f3micas Sostenibles, al explicar que eso se debe a que en la econom\u00eda no hay el deseo de asumir m\u00e1s deudas. &laquo;Muchas empresas y hogares est\u00e1n teniendo problemas en su flujo.<\/span><\/span><\/p>\n<p style=\"box-sizing: border-box; margin-bottom: 26px; font-family: Roboto; font-size: 18px; line-height: 27px; overflow-wrap: break-word; color: rgb(34, 34, 34); background-color: rgb(255, 255, 255);\"><span style=\"font-size:12px;\"><span style=\"font-family:verdana,geneva,sans-serif;\">La gente no quiere asumir nuevas deudas, porque no tiene una perspectiva clara de c\u00f3mo ser\u00e1 el futuro &laquo;, puntualiz\u00f3 Selman.<\/span><\/span><\/p>\n<p style=\"box-sizing: border-box; margin-bottom: 26px; font-family: Roboto; font-size: 18px; line-height: 27px; overflow-wrap: break-word; color: rgb(34, 34, 34); background-color: rgb(255, 255, 255);\"><span style=\"font-size:12px;\"><span style=\"font-family:verdana,geneva,sans-serif;\">Adem\u00e1s, se\u00f1al\u00f3 que en el caso de las entidades financieras tambi\u00e9n pasa lo mismo, ya que no tienen una perspectiva clara de c\u00f3mo los clientes asumir\u00e1n las deudas.<br style=\"box-sizing: border-box;\" \/>Los est\u00edmulos fiscales y monetarios no ser\u00e1n la soluci\u00f3n a la crisis, sino que puede traer m\u00e1s problemas en los pr\u00f3ximos 12 meses, advirti\u00f3 Selman.<\/span><\/span><\/p>\n<p style=\"box-sizing: border-box; margin-bottom: 26px; font-family: Roboto; font-size: 18px; line-height: 27px; overflow-wrap: break-word; color: rgb(34, 34, 34); background-color: rgb(255, 255, 255);\"><span style=\"font-size:12px;\"><span style=\"font-family:verdana,geneva,sans-serif;\">Pesos por d\u00f3lar<br style=\"box-sizing: border-box;\" \/>Mientras se reduce el cr\u00e9dito privado, aumentan los dep\u00f3sitos en moneda extrajera. De hecho de julio del 2019 a julio de este a\u00f1o el ahorro en d\u00f3lar ha experimentado un crecimiento de casi 47% en el periodo julio del 2019 al mismo mes de este a\u00f1o.<\/span><\/span><\/p>\n<p style=\"box-sizing: border-box; margin-bottom: 26px; font-family: Roboto; font-size: 18px; line-height: 27px; overflow-wrap: break-word; color: rgb(34, 34, 34); background-color: rgb(255, 255, 255);\"><span style=\"font-size:12px;\"><span style=\"font-family:verdana,geneva,sans-serif;\">En ese periodo, el ahorro en d\u00f3lares aument\u00f3 2,874.9 millones, alcanzando los 9,063 millones en esa moneda. Selman explic\u00f3 que cuando eso sucede es un indicativo de que los hogares y las empresas est\u00e1n percibiendo que habr\u00e1 una potencial depreciaci\u00f3n de la moneda local y convierten sus ahorros a d\u00f3lares. Dicha combinaci\u00f3n de factores junto a los menores ingresos reflejan una econom\u00eda en contracci\u00f3n, dijo.<\/span><\/span><\/p>\n<p style=\"box-sizing: border-box; margin-bottom: 26px; font-family: Roboto; font-size: 18px; line-height: 27px; overflow-wrap: break-word; color: rgb(34, 34, 34); background-color: rgb(255, 255, 255);\"><span style=\"font-size:12px;\"><span style=\"font-family:verdana,geneva,sans-serif;\">Requerimiento deuda<br style=\"box-sizing: border-box;\" \/>Por otro lado, el experto, al presentar el an\u00e1lisis del Presupuesto Complementario 2020, indic\u00f3 que el pa\u00eds tiene un requerimiento de deuda de 10,503 millones de d\u00f3lares, de los cuales aun no se han colocado 4,200 millones.<\/span><\/span><\/p>\n<p style=\"box-sizing: border-box; margin-bottom: 26px; font-family: Roboto; font-size: 18px; line-height: 27px; overflow-wrap: break-word; color: rgb(34, 34, 34); background-color: rgb(255, 255, 255);\"><span style=\"font-size:12px;\"><span style=\"font-family:verdana,geneva,sans-serif;\">Adem\u00e1s, habr\u00e1n menores ingresos fiscales valorados en RD$140,461 millones con respecto al Presupuesto 2020 (original), mientras se registra un incremento del gasto p\u00fablico de cerca de 35 por ciento con respecto a la ejecuci\u00f3n del 2019, equivalente a RD$265,693 millones, precis\u00f3.<\/span><\/span><\/p>\n<p style=\"box-sizing: border-box; margin-bottom: 26px; font-family: Roboto; font-size: 18px; line-height: 27px; overflow-wrap: break-word; color: rgb(34, 34, 34); background-color: rgb(255, 255, 255);\"><span style=\"font-size:12px;\"><span style=\"font-family:verdana,geneva,sans-serif;\">Opini\u00f3n<\/span><\/span><\/p>\n<p style=\"box-sizing: border-box; margin-bottom: 26px; font-family: Roboto; font-size: 18px; line-height: 27px; overflow-wrap: break-word; color: rgb(34, 34, 34); background-color: rgb(255, 255, 255);\"><span style=\"font-size:12px;\"><span style=\"font-family:verdana,geneva,sans-serif;\">&mdash; Propuesta<br style=\"box-sizing: border-box;\" \/>Crees plantea que reformas econ\u00f3micas estructurales son la mejor alternativa para la Rep\u00fablica Dominicana, ya que podr\u00edan atraer nuevas inversiones y promover formalidad.<\/span><\/span><\/p>\n<div class=\"pvc_clear\"><\/div>\n<p class=\"pvc_stats all \" data-element-id=\"20852\" style=\"\"><i class=\"pvc-stats-icon medium\" aria-hidden=\"true\"><svg aria-hidden=\"true\" focusable=\"false\" data-prefix=\"far\" data-icon=\"chart-bar\" role=\"img\" xmlns=\"http:\/\/www.w3.org\/2000\/svg\" viewBox=\"0 0 512 512\" class=\"svg-inline--fa fa-chart-bar fa-w-16 fa-2x\"><path fill=\"currentColor\" d=\"M396.8 352h22.4c6.4 0 12.8-6.4 12.8-12.8V108.8c0-6.4-6.4-12.8-12.8-12.8h-22.4c-6.4 0-12.8 6.4-12.8 12.8v230.4c0 6.4 6.4 12.8 12.8 12.8zm-192 0h22.4c6.4 0 12.8-6.4 12.8-12.8V140.8c0-6.4-6.4-12.8-12.8-12.8h-22.4c-6.4 0-12.8 6.4-12.8 12.8v198.4c0 6.4 6.4 12.8 12.8 12.8zm96 0h22.4c6.4 0 12.8-6.4 12.8-12.8V204.8c0-6.4-6.4-12.8-12.8-12.8h-22.4c-6.4 0-12.8 6.4-12.8 12.8v134.4c0 6.4 6.4 12.8 12.8 12.8zM496 400H48V80c0-8.84-7.16-16-16-16H16C7.16 64 0 71.16 0 80v336c0 17.67 14.33 32 32 32h464c8.84 0 16-7.16 16-16v-16c0-8.84-7.16-16-16-16zm-387.2-48h22.4c6.4 0 12.8-6.4 12.8-12.8v-70.4c0-6.4-6.4-12.8-12.8-12.8h-22.4c-6.4 0-12.8 6.4-12.8 12.8v70.4c0 6.4 6.4 12.8 12.8 12.8z\" class=\"\"><\/path><\/svg><\/i> Vistas Totales&nbsp;311&nbsp;, Vistas Hoy&nbsp;2&nbsp;<\/p>\n<div class=\"pvc_clear\"><\/div>\n","protected":false},"excerpt":{"rendered":"<p>Publicado el: mi\u00e9rcoles 2 de septiembre del 2020Autor: Dilenni BonillaFinanciamiento. Se redujo en el per\u00edodo desde 2 de marzo al 24 de agosto. Protecci\u00f3n. El ahorro en d\u00f3lares aument\u00f3 47% en la Rep\u00fablica Dominicana.<\/p>\n<div class=\"pvc_clear\"><\/div>\n<p class=\"pvc_stats all \" data-element-id=\"20852\" style=\"\"><i class=\"pvc-stats-icon medium\" aria-hidden=\"true\"><svg aria-hidden=\"true\" focusable=\"false\" data-prefix=\"far\" data-icon=\"chart-bar\" role=\"img\" xmlns=\"http:\/\/www.w3.org\/2000\/svg\" viewBox=\"0 0 512 512\" class=\"svg-inline--fa fa-chart-bar fa-w-16 fa-2x\"><path fill=\"currentColor\" d=\"M396.8 352h22.4c6.4 0 12.8-6.4 12.8-12.8V108.8c0-6.4-6.4-12.8-12.8-12.8h-22.4c-6.4 0-12.8 6.4-12.8 12.8v230.4c0 6.4 6.4 12.8 12.8 12.8zm-192 0h22.4c6.4 0 12.8-6.4 12.8-12.8V140.8c0-6.4-6.4-12.8-12.8-12.8h-22.4c-6.4 0-12.8 6.4-12.8 12.8v198.4c0 6.4 6.4 12.8 12.8 12.8zm96 0h22.4c6.4 0 12.8-6.4 12.8-12.8V204.8c0-6.4-6.4-12.8-12.8-12.8h-22.4c-6.4 0-12.8 6.4-12.8 12.8v134.4c0 6.4 6.4 12.8 12.8 12.8zM496 400H48V80c0-8.84-7.16-16-16-16H16C7.16 64 0 71.16 0 80v336c0 17.67 14.33 32 32 32h464c8.84 0 16-7.16 16-16v-16c0-8.84-7.16-16-16-16zm-387.2-48h22.4c6.4 0 12.8-6.4 12.8-12.8v-70.4c0-6.4-6.4-12.8-12.8-12.8h-22.4c-6.4 0-12.8 6.4-12.8 12.8v70.4c0 6.4 6.4 12.8 12.8 12.8z\" class=\"\"><\/path><\/svg><\/i> Vistas Totales&nbsp;311&nbsp;, Vistas Hoy&nbsp;2&nbsp;<\/p>\n<div class=\"pvc_clear\"><\/div>\n","protected":false},"author":2,"featured_media":0,"comment_status":"open","ping_status":"open","sticky":false,"template":"","format":"standard","meta":{"footnotes":""},"categories":[21],"tags":[],"class_list":["post-20852","post","type-post","status-publish","format-standard","hentry","category-blog"],"yoast_head":"<!-- This site is optimized with the Yoast SEO plugin v25.2 - https:\/\/yoast.com\/wordpress\/plugins\/seo\/ -->\n<title>El cr\u00e9dito del sector privado se contrae RD$40 mil millones | CREES<\/title>\n<meta name=\"robots\" content=\"index, follow, max-snippet:-1, max-image-preview:large, max-video-preview:-1\" \/>\n<link rel=\"canonical\" href=\"https:\/\/crees.org.do\/?p=20852\" \/>\n<meta property=\"og:locale\" content=\"es_ES\" \/>\n<meta property=\"og:type\" content=\"article\" \/>\n<meta property=\"og:title\" content=\"El cr\u00e9dito del sector privado se contrae RD$40 mil millones | CREES\" \/>\n<meta property=\"og:description\" content=\"Publicado el: mi\u00e9rcoles 2 de septiembre del 2020Autor: Dilenni BonillaFinanciamiento. Se redujo en el per\u00edodo desde 2 de marzo al 24 de agosto. Protecci\u00f3n. El ahorro en d\u00f3lares aument\u00f3 47% en la Rep\u00fablica Dominicana.\" \/>\n<meta property=\"og:url\" content=\"https:\/\/crees.org.do\/?p=20852\" \/>\n<meta property=\"og:site_name\" content=\"CREES\" \/>\n<meta property=\"article:publisher\" content=\"https:\/\/www.facebook.com\/CREESRD\/\" \/>\n<meta property=\"article:published_time\" content=\"2020-01-09T00:00:00+00:00\" \/>\n<meta property=\"og:image\" content=\"https:\/\/crees.org.do\/wp-content\/uploads\/2022\/03\/crees-logo-1.jpg\" \/>\n\t<meta property=\"og:image:width\" content=\"244\" \/>\n\t<meta property=\"og:image:height\" content=\"71\" \/>\n\t<meta property=\"og:image:type\" content=\"image\/jpeg\" \/>\n<meta name=\"author\" content=\"Crees\" \/>\n<meta name=\"twitter:card\" content=\"summary_large_image\" \/>\n<meta name=\"twitter:creator\" content=\"@CREESRD\" \/>\n<meta name=\"twitter:site\" content=\"@CREESRD\" \/>\n<meta name=\"twitter:label1\" content=\"Escrito por\" \/>\n\t<meta name=\"twitter:data1\" content=\"Crees\" \/>\n\t<meta name=\"twitter:label2\" content=\"Tiempo de lectura\" \/>\n\t<meta name=\"twitter:data2\" content=\"2 minutos\" \/>\n<script type=\"application\/ld+json\" class=\"yoast-schema-graph\">{\"@context\":\"https:\/\/schema.org\",\"@graph\":[{\"@type\":\"Article\",\"@id\":\"https:\/\/crees.org.do\/?p=20852#article\",\"isPartOf\":{\"@id\":\"https:\/\/crees.org.do\/?p=20852\"},\"author\":{\"name\":\"Crees\",\"@id\":\"https:\/\/crees.org.do\/#\/schema\/person\/e7f97cd94d7bf9cd0e0ce30acb7d56b8\"},\"headline\":\"El cr\u00e9dito del sector privado se contrae RD$40 mil millones\",\"datePublished\":\"2020-01-09T00:00:00+00:00\",\"mainEntityOfPage\":{\"@id\":\"https:\/\/crees.org.do\/?p=20852\"},\"wordCount\":439,\"commentCount\":0,\"publisher\":{\"@id\":\"https:\/\/crees.org.do\/#organization\"},\"articleSection\":[\"Blog\"],\"inLanguage\":\"es\"},{\"@type\":\"WebPage\",\"@id\":\"https:\/\/crees.org.do\/?p=20852\",\"url\":\"https:\/\/crees.org.do\/?p=20852\",\"name\":\"El cr\u00e9dito del sector privado se contrae RD$40 mil millones | CREES\",\"isPartOf\":{\"@id\":\"https:\/\/crees.org.do\/#website\"},\"datePublished\":\"2020-01-09T00:00:00+00:00\",\"breadcrumb\":{\"@id\":\"https:\/\/crees.org.do\/?p=20852#breadcrumb\"},\"inLanguage\":\"es\",\"potentialAction\":[{\"@type\":\"ReadAction\",\"target\":[\"https:\/\/crees.org.do\/?p=20852\"]}]},{\"@type\":\"BreadcrumbList\",\"@id\":\"https:\/\/crees.org.do\/?p=20852#breadcrumb\",\"itemListElement\":[{\"@type\":\"ListItem\",\"position\":1,\"name\":\"Portada\",\"item\":\"https:\/\/crees.org.do\/\"},{\"@type\":\"ListItem\",\"position\":2,\"name\":\"El cr\u00e9dito del sector privado se contrae RD$40 mil millones\"}]},{\"@type\":\"WebSite\",\"@id\":\"https:\/\/crees.org.do\/#website\",\"url\":\"https:\/\/crees.org.do\/\",\"name\":\"CREES\",\"description\":\"Centro Regional de Estrategias Econ\u00f3micas Sostenibles\",\"publisher\":{\"@id\":\"https:\/\/crees.org.do\/#organization\"},\"potentialAction\":[{\"@type\":\"SearchAction\",\"target\":{\"@type\":\"EntryPoint\",\"urlTemplate\":\"https:\/\/crees.org.do\/?s={search_term_string}\"},\"query-input\":{\"@type\":\"PropertyValueSpecification\",\"valueRequired\":true,\"valueName\":\"search_term_string\"}}],\"inLanguage\":\"es\"},{\"@type\":\"Organization\",\"@id\":\"https:\/\/crees.org.do\/#organization\",\"name\":\"CREES | Centro Regional de Estrategias Econ\u00f3micas Sostenibles\",\"url\":\"https:\/\/crees.org.do\/\",\"logo\":{\"@type\":\"ImageObject\",\"inLanguage\":\"es\",\"@id\":\"https:\/\/crees.org.do\/#\/schema\/logo\/image\/\",\"url\":\"https:\/\/crees.org.do\/wp-content\/uploads\/2022\/03\/crees-logo-1.jpg\",\"contentUrl\":\"https:\/\/crees.org.do\/wp-content\/uploads\/2022\/03\/crees-logo-1.jpg\",\"width\":244,\"height\":71,\"caption\":\"CREES | Centro Regional de Estrategias Econ\u00f3micas Sostenibles\"},\"image\":{\"@id\":\"https:\/\/crees.org.do\/#\/schema\/logo\/image\/\"},\"sameAs\":[\"https:\/\/www.facebook.com\/CREESRD\/\",\"https:\/\/x.com\/CREESRD\"]},{\"@type\":\"Person\",\"@id\":\"https:\/\/crees.org.do\/#\/schema\/person\/e7f97cd94d7bf9cd0e0ce30acb7d56b8\",\"name\":\"Crees\",\"image\":{\"@type\":\"ImageObject\",\"inLanguage\":\"es\",\"@id\":\"https:\/\/crees.org.do\/#\/schema\/person\/image\/\",\"url\":\"https:\/\/secure.gravatar.com\/avatar\/390ac8f0be5d9aa046152553e2dd7011b59a512d89c150f5e5f28bb8d9a0b165?s=96&d=mm&r=g\",\"contentUrl\":\"https:\/\/secure.gravatar.com\/avatar\/390ac8f0be5d9aa046152553e2dd7011b59a512d89c150f5e5f28bb8d9a0b165?s=96&d=mm&r=g\",\"caption\":\"Crees\"},\"url\":\"https:\/\/crees.org.do\/?author=2\"}]}<\/script>\n<!-- \/ Yoast SEO plugin. -->","yoast_head_json":{"title":"El cr\u00e9dito del sector privado se contrae RD$40 mil millones | CREES","robots":{"index":"index","follow":"follow","max-snippet":"max-snippet:-1","max-image-preview":"max-image-preview:large","max-video-preview":"max-video-preview:-1"},"canonical":"https:\/\/crees.org.do\/?p=20852","og_locale":"es_ES","og_type":"article","og_title":"El cr\u00e9dito del sector privado se contrae RD$40 mil millones | CREES","og_description":"Publicado el: mi\u00e9rcoles 2 de septiembre del 2020Autor: Dilenni BonillaFinanciamiento. Se redujo en el per\u00edodo desde 2 de marzo al 24 de agosto. Protecci\u00f3n. El ahorro en d\u00f3lares aument\u00f3 47% en la Rep\u00fablica Dominicana.","og_url":"https:\/\/crees.org.do\/?p=20852","og_site_name":"CREES","article_publisher":"https:\/\/www.facebook.com\/CREESRD\/","article_published_time":"2020-01-09T00:00:00+00:00","og_image":[{"width":244,"height":71,"url":"https:\/\/crees.org.do\/wp-content\/uploads\/2022\/03\/crees-logo-1.jpg","type":"image\/jpeg"}],"author":"Crees","twitter_card":"summary_large_image","twitter_creator":"@CREESRD","twitter_site":"@CREESRD","twitter_misc":{"Escrito por":"Crees","Tiempo de lectura":"2 minutos"},"schema":{"@context":"https:\/\/schema.org","@graph":[{"@type":"Article","@id":"https:\/\/crees.org.do\/?p=20852#article","isPartOf":{"@id":"https:\/\/crees.org.do\/?p=20852"},"author":{"name":"Crees","@id":"https:\/\/crees.org.do\/#\/schema\/person\/e7f97cd94d7bf9cd0e0ce30acb7d56b8"},"headline":"El cr\u00e9dito del sector privado se contrae RD$40 mil millones","datePublished":"2020-01-09T00:00:00+00:00","mainEntityOfPage":{"@id":"https:\/\/crees.org.do\/?p=20852"},"wordCount":439,"commentCount":0,"publisher":{"@id":"https:\/\/crees.org.do\/#organization"},"articleSection":["Blog"],"inLanguage":"es"},{"@type":"WebPage","@id":"https:\/\/crees.org.do\/?p=20852","url":"https:\/\/crees.org.do\/?p=20852","name":"El cr\u00e9dito del sector privado se contrae RD$40 mil millones | CREES","isPartOf":{"@id":"https:\/\/crees.org.do\/#website"},"datePublished":"2020-01-09T00:00:00+00:00","breadcrumb":{"@id":"https:\/\/crees.org.do\/?p=20852#breadcrumb"},"inLanguage":"es","potentialAction":[{"@type":"ReadAction","target":["https:\/\/crees.org.do\/?p=20852"]}]},{"@type":"BreadcrumbList","@id":"https:\/\/crees.org.do\/?p=20852#breadcrumb","itemListElement":[{"@type":"ListItem","position":1,"name":"Portada","item":"https:\/\/crees.org.do\/"},{"@type":"ListItem","position":2,"name":"El cr\u00e9dito del sector privado se contrae RD$40 mil millones"}]},{"@type":"WebSite","@id":"https:\/\/crees.org.do\/#website","url":"https:\/\/crees.org.do\/","name":"CREES","description":"Centro Regional de Estrategias Econ\u00f3micas Sostenibles","publisher":{"@id":"https:\/\/crees.org.do\/#organization"},"potentialAction":[{"@type":"SearchAction","target":{"@type":"EntryPoint","urlTemplate":"https:\/\/crees.org.do\/?s={search_term_string}"},"query-input":{"@type":"PropertyValueSpecification","valueRequired":true,"valueName":"search_term_string"}}],"inLanguage":"es"},{"@type":"Organization","@id":"https:\/\/crees.org.do\/#organization","name":"CREES | Centro Regional de Estrategias Econ\u00f3micas Sostenibles","url":"https:\/\/crees.org.do\/","logo":{"@type":"ImageObject","inLanguage":"es","@id":"https:\/\/crees.org.do\/#\/schema\/logo\/image\/","url":"https:\/\/crees.org.do\/wp-content\/uploads\/2022\/03\/crees-logo-1.jpg","contentUrl":"https:\/\/crees.org.do\/wp-content\/uploads\/2022\/03\/crees-logo-1.jpg","width":244,"height":71,"caption":"CREES | Centro Regional de Estrategias Econ\u00f3micas Sostenibles"},"image":{"@id":"https:\/\/crees.org.do\/#\/schema\/logo\/image\/"},"sameAs":["https:\/\/www.facebook.com\/CREESRD\/","https:\/\/x.com\/CREESRD"]},{"@type":"Person","@id":"https:\/\/crees.org.do\/#\/schema\/person\/e7f97cd94d7bf9cd0e0ce30acb7d56b8","name":"Crees","image":{"@type":"ImageObject","inLanguage":"es","@id":"https:\/\/crees.org.do\/#\/schema\/person\/image\/","url":"https:\/\/secure.gravatar.com\/avatar\/390ac8f0be5d9aa046152553e2dd7011b59a512d89c150f5e5f28bb8d9a0b165?s=96&d=mm&r=g","contentUrl":"https:\/\/secure.gravatar.com\/avatar\/390ac8f0be5d9aa046152553e2dd7011b59a512d89c150f5e5f28bb8d9a0b165?s=96&d=mm&r=g","caption":"Crees"},"url":"https:\/\/crees.org.do\/?author=2"}]}},"_links":{"self":[{"href":"https:\/\/crees.org.do\/index.php?rest_route=\/wp\/v2\/posts\/20852","targetHints":{"allow":["GET"]}}],"collection":[{"href":"https:\/\/crees.org.do\/index.php?rest_route=\/wp\/v2\/posts"}],"about":[{"href":"https:\/\/crees.org.do\/index.php?rest_route=\/wp\/v2\/types\/post"}],"author":[{"embeddable":true,"href":"https:\/\/crees.org.do\/index.php?rest_route=\/wp\/v2\/users\/2"}],"replies":[{"embeddable":true,"href":"https:\/\/crees.org.do\/index.php?rest_route=%2Fwp%2Fv2%2Fcomments&post=20852"}],"version-history":[{"count":0,"href":"https:\/\/crees.org.do\/index.php?rest_route=\/wp\/v2\/posts\/20852\/revisions"}],"wp:attachment":[{"href":"https:\/\/crees.org.do\/index.php?rest_route=%2Fwp%2Fv2%2Fmedia&parent=20852"}],"wp:term":[{"taxonomy":"category","embeddable":true,"href":"https:\/\/crees.org.do\/index.php?rest_route=%2Fwp%2Fv2%2Fcategories&post=20852"},{"taxonomy":"post_tag","embeddable":true,"href":"https:\/\/crees.org.do\/index.php?rest_route=%2Fwp%2Fv2%2Ftags&post=20852"}],"curies":[{"name":"wp","href":"https:\/\/api.w.org\/{rel}","templated":true}]}}