{"id":20854,"date":"2020-01-09T00:00:00","date_gmt":"2020-01-09T00:00:00","guid":{"rendered":"https:\/\/crees.org.do\/advierten-que-deficit-fiscal-alcanzara-este-ano-nivel-historico-de-9-3-del-pib\/"},"modified":"2020-01-09T00:00:00","modified_gmt":"2020-01-09T00:00:00","slug":"advierten-que-deficit-fiscal-alcanzara-este-ano-nivel-historico-de-9-3-del-pib","status":"publish","type":"post","link":"https:\/\/crees.org.do\/?p=20854","title":{"rendered":"Advierten que d\u00e9ficit fiscal alcanzar\u00e1 este a\u00f1o nivel hist\u00f3rico de 9.3 % del PIB"},"content":{"rendered":"<p style=\"text-align: justify;\"><span style=\"font-size:12px;\"><span style=\"font-family:verdana,geneva,sans-serif;\">Autor:&nbsp;Suhelis Tejero Puntes<\/span><\/span><\/p>\n<p style=\"text-align: justify;\"><span style=\"font-size:12px;\"><span style=\"font-family:verdana,geneva,sans-serif;\">Extra\u00eddo de: Diario Libre<\/span><\/span><\/p>\n<p style=\"text-align: justify;\"><span style=\"font-size:12px;\"><span style=\"font-family:verdana,geneva,sans-serif;\"><span style=\"background-color: rgb(255, 255, 255);\">Economistas advierten que el d\u00e9ficit fiscal alcanzar\u00e1 este a\u00f1o un nivel sin precedentes, para situarse en un 9.3 % del Producto Interno Bruto (PIB), un porcentaje que equivale a 418,398 millones de pesos. As\u00ed se desprende de los c\u00e1lculos que hace el Centro Regional de Estrategias Econ\u00f3micas Sostenibles (Crees).<\/span><\/span><\/span><\/p>\n<p style=\"box-sizing: inherit; margin-bottom: 1rem; font-size: 18px; color: rgb(0, 0, 0); font-family: Roboto, Arial, sans-serif; background-color: rgb(255, 255, 255);\"><span style=\"font-size:12px;\"><span style=\"font-family:verdana,geneva,sans-serif;\">El registro reciente m\u00e1s alto de desfase entre la cuenta de ingresos y gastos p\u00fablicos fue de 7.1 % del PIB y ocurri\u00f3 en el a\u00f1o 2012, seg\u00fan se\u00f1al\u00f3 Ernesto Selman, vicepresidente ejecutivo del Crees.<\/span><\/span><\/p>\n<p style=\"box-sizing: inherit; margin-bottom: 1rem; font-size: 18px; color: rgb(0, 0, 0); font-family: Roboto, Arial, sans-serif; background-color: rgb(255, 255, 255);\"><span style=\"font-size:12px;\"><span style=\"font-family:verdana,geneva,sans-serif;\">Ahora, de acuerdo al presupuesto complementario presentado a fines del mes pasado, la brecha fiscal sube del 5 % del PIB estimado en la reforma presupuestaria de junio hasta un 9.3 % del PIB, indica Selman. &ldquo;No parece que hay una prudencia con un d\u00e9ficit de 9.3 %&rdquo;, se\u00f1ala el vicepresidente ejecutivo del Crees a trav\u00e9s de una rueda de prensa virtual. El d\u00e9ficit implicar\u00e1 sin m\u00e1s remedio un endeudamiento, a\u00f1ade.<\/span><\/span><\/p>\n<p style=\"box-sizing: inherit; margin-bottom: 1rem; font-size: 18px; color: rgb(0, 0, 0); font-family: Roboto, Arial, sans-serif; background-color: rgb(255, 255, 255);\"><span style=\"font-size:12px;\"><span style=\"font-family:verdana,geneva,sans-serif;\">Uno de los problemas se\u00f1alados por Selman es que la ejecuci\u00f3n presupuestaria para el a\u00f1o 2021 y en adelante estar\u00e1 comprometida. Con las necesidades de financiamiento que subsisten en la econom\u00eda dominicana debido a la pandemia del COVID-19, el peso de la deuda como porcentaje de los ingresos tributarios se incrementar\u00e1 m\u00e1s. Con los nuevos c\u00e1lculos presupuestarios Crees estima que un 30.9 % de los ingresos tributarios se ir\u00e1 en pagos de intereses de deuda.<\/span><\/span><\/p>\n<p style=\"box-sizing: inherit; margin-bottom: 1rem; font-size: 18px; color: rgb(0, 0, 0); font-family: Roboto, Arial, sans-serif; background-color: rgb(255, 255, 255); text-align: center;\">[[{&#8220;type&#8221;:&#8221;media&#8221;,&#8221;view_mode&#8221;:&#8221;media_original&#8221;,&#8221;fid&#8221;:&#8221;7729&#8243;,&#8221;attributes&#8221;:{&#8220;alt&#8221;:&#8221;&#8221;,&#8221;class&#8221;:&#8221;media-image&#8221;,&#8221;style&#8221;:&#8221;height: 494px; width: 657px;&#8221;}}]]<\/p>\n<div class=\"paragraph\" mlnid=\"idcon=14689639;order=9.0\" style=\"box-sizing: inherit; color: rgb(0, 0, 0); font-family: Roboto, Arial, sans-serif; font-size: 18px; background-color: rgb(255, 255, 255);\">\n<p style=\"box-sizing: inherit; margin-bottom: 1rem;\"><span style=\"font-size:12px;\"><span style=\"font-family:verdana,geneva,sans-serif;\">&ldquo;Eso pone presi\u00f3n porque no solo hay un problema de gastos sino tambi\u00e9n de ingresos (&#8230;) Estamos en una coyuntura que nos acerca a una insostenibilidad de la deuda&rdquo;, dijo Selman.<\/span><\/span><\/p>\n<p style=\"box-sizing: inherit; margin-bottom: 1rem;\"><span style=\"font-size:12px;\"><span style=\"font-family:verdana,geneva,sans-serif;\">En lo que va de a\u00f1o Rep\u00fablica Dominicana ha emitido deuda por 6,347 millones de d\u00f3lares, de acuerdo a los c\u00e1lculos del Crees. Todav\u00eda queda por emitir, conforme a lo se\u00f1alado en el m\u00e1s reciente presupuesto complementario, deuda por 4,157 millones de d\u00f3lares.<\/span><\/span><\/p>\n<\/div>\n<div class=\"paragraph\" mlnid=\"idcon=14689641;order=10.0\" style=\"box-sizing: inherit; color: rgb(0, 0, 0); font-family: Roboto, Arial, sans-serif; font-size: 18px; background-color: rgb(255, 255, 255);\">\n<p style=\"box-sizing: inherit; margin-bottom: 1rem;\"><span style=\"font-size:12px;\"><span style=\"font-family:verdana,geneva,sans-serif;\"><span style=\"box-sizing: inherit; font-weight: bolder;\">Dinero en la calle<\/span><\/span><\/span><\/p>\n<p style=\"box-sizing: inherit; margin-bottom: 1rem;\"><span style=\"font-size:12px;\"><span style=\"font-family:verdana,geneva,sans-serif;\">Los ingresos presupuestarios del complementario de agosto caen un 9 % con respecto a la estimado en el presupuesto complementario aprobado en junio, mientras que los gastos del gobierno se incrementan un 34.8 % con respecto a esas cuentas.<\/span><\/span><\/p>\n<p style=\"box-sizing: inherit; margin-bottom: 1rem;\"><span style=\"font-size:12px;\"><span style=\"font-family:verdana,geneva,sans-serif;\">Selman se\u00f1al\u00f3 que adicionalmente hay una pol\u00edtica expansiva a trav\u00e9s de esa subida del gasto que se conjuga con una pol\u00edtica monetaria tambi\u00e9n expansiva, lo que est\u00e1 generando un aumento de la cantidad de dinero en la calle que no est\u00e1 encontrando un camino donde colocarse.<\/span><\/span><\/p>\n<p style=\"box-sizing: inherit; margin-bottom: 1rem;\"><span style=\"font-size:12px;\"><span style=\"font-family:verdana,geneva,sans-serif;\">&ldquo;Pese a todas las medidas, el cr\u00e9dito al sector privado est\u00e1 disminuyendo&rdquo;, dijo, tras lo cual puntualiz\u00f3 que la reducci\u00f3n ha sido de 3 % desde junio pasado.<\/span><\/span><\/p>\n<p style=\"box-sizing: inherit; margin-bottom: 1rem;\"><span style=\"font-size:12px;\"><span style=\"font-family:verdana,geneva,sans-serif;\">En contraposici\u00f3n a la bajada del monto de pr\u00e9stamos a los privados, se ha registrado una subida de los dep\u00f3sitos en moneda extranjera. All\u00ed es donde Selman piensa que est\u00e1 el riesgo: en mayores presiones del exceso de liquidez sobre el tipo de cambio.<\/span><\/span><\/p>\n<p style=\"box-sizing: inherit; margin-bottom: 1rem;\"><span style=\"font-size:12px;\"><span style=\"font-family:verdana,geneva,sans-serif;\">La tasa de cambio se situaba para este martes en 58.47 pesos por d\u00f3lar, lo que representa una p\u00e9rdida de valor del peso dominicano de 10.4 % en lo que va de a\u00f1o. El gobierno estim\u00f3 en el \u00faltimo Marco Macroecon\u00f3mico que present\u00f3 junto al presupuesto complementario una devaluaci\u00f3n de 11.15 % para este a\u00f1o.<\/span><\/span><\/p>\n<\/div>\n<p>&nbsp;<\/p>\n<div class=\"pvc_clear\"><\/div>\n<p class=\"pvc_stats all \" data-element-id=\"20854\" style=\"\"><i class=\"pvc-stats-icon medium\" aria-hidden=\"true\"><svg aria-hidden=\"true\" focusable=\"false\" data-prefix=\"far\" data-icon=\"chart-bar\" role=\"img\" xmlns=\"http:\/\/www.w3.org\/2000\/svg\" viewBox=\"0 0 512 512\" class=\"svg-inline--fa fa-chart-bar fa-w-16 fa-2x\"><path fill=\"currentColor\" d=\"M396.8 352h22.4c6.4 0 12.8-6.4 12.8-12.8V108.8c0-6.4-6.4-12.8-12.8-12.8h-22.4c-6.4 0-12.8 6.4-12.8 12.8v230.4c0 6.4 6.4 12.8 12.8 12.8zm-192 0h22.4c6.4 0 12.8-6.4 12.8-12.8V140.8c0-6.4-6.4-12.8-12.8-12.8h-22.4c-6.4 0-12.8 6.4-12.8 12.8v198.4c0 6.4 6.4 12.8 12.8 12.8zm96 0h22.4c6.4 0 12.8-6.4 12.8-12.8V204.8c0-6.4-6.4-12.8-12.8-12.8h-22.4c-6.4 0-12.8 6.4-12.8 12.8v134.4c0 6.4 6.4 12.8 12.8 12.8zM496 400H48V80c0-8.84-7.16-16-16-16H16C7.16 64 0 71.16 0 80v336c0 17.67 14.33 32 32 32h464c8.84 0 16-7.16 16-16v-16c0-8.84-7.16-16-16-16zm-387.2-48h22.4c6.4 0 12.8-6.4 12.8-12.8v-70.4c0-6.4-6.4-12.8-12.8-12.8h-22.4c-6.4 0-12.8 6.4-12.8 12.8v70.4c0 6.4 6.4 12.8 12.8 12.8z\" class=\"\"><\/path><\/svg><\/i> Vistas Totales&nbsp;311&nbsp;, Vistas Hoy&nbsp;2&nbsp;<\/p>\n<div class=\"pvc_clear\"><\/div>\n","protected":false},"excerpt":{"rendered":"<p>Publicado el: martes 1 de septiembre del 2020Autor: Suhelis Tejero PuntesSelman se\u00f1al\u00f3 que las pol\u00edticas expansivas podr\u00edan generar presiones sobre el tipo de cambio y, m\u00e1s adelante, sobre la ejecuci\u00f3n presupuestaria de 2021<\/p>\n<div class=\"pvc_clear\"><\/div>\n<p class=\"pvc_stats all \" data-element-id=\"20854\" style=\"\"><i class=\"pvc-stats-icon medium\" aria-hidden=\"true\"><svg aria-hidden=\"true\" focusable=\"false\" data-prefix=\"far\" data-icon=\"chart-bar\" role=\"img\" xmlns=\"http:\/\/www.w3.org\/2000\/svg\" viewBox=\"0 0 512 512\" class=\"svg-inline--fa fa-chart-bar fa-w-16 fa-2x\"><path fill=\"currentColor\" d=\"M396.8 352h22.4c6.4 0 12.8-6.4 12.8-12.8V108.8c0-6.4-6.4-12.8-12.8-12.8h-22.4c-6.4 0-12.8 6.4-12.8 12.8v230.4c0 6.4 6.4 12.8 12.8 12.8zm-192 0h22.4c6.4 0 12.8-6.4 12.8-12.8V140.8c0-6.4-6.4-12.8-12.8-12.8h-22.4c-6.4 0-12.8 6.4-12.8 12.8v198.4c0 6.4 6.4 12.8 12.8 12.8zm96 0h22.4c6.4 0 12.8-6.4 12.8-12.8V204.8c0-6.4-6.4-12.8-12.8-12.8h-22.4c-6.4 0-12.8 6.4-12.8 12.8v134.4c0 6.4 6.4 12.8 12.8 12.8zM496 400H48V80c0-8.84-7.16-16-16-16H16C7.16 64 0 71.16 0 80v336c0 17.67 14.33 32 32 32h464c8.84 0 16-7.16 16-16v-16c0-8.84-7.16-16-16-16zm-387.2-48h22.4c6.4 0 12.8-6.4 12.8-12.8v-70.4c0-6.4-6.4-12.8-12.8-12.8h-22.4c-6.4 0-12.8 6.4-12.8 12.8v70.4c0 6.4 6.4 12.8 12.8 12.8z\" class=\"\"><\/path><\/svg><\/i> Vistas Totales&nbsp;311&nbsp;, Vistas Hoy&nbsp;2&nbsp;<\/p>\n<div class=\"pvc_clear\"><\/div>\n","protected":false},"author":2,"featured_media":0,"comment_status":"open","ping_status":"open","sticky":false,"template":"","format":"standard","meta":{"footnotes":""},"categories":[21],"tags":[],"class_list":["post-20854","post","type-post","status-publish","format-standard","hentry","category-blog"],"yoast_head":"<!-- This site is optimized with the Yoast SEO plugin v25.2 - https:\/\/yoast.com\/wordpress\/plugins\/seo\/ -->\n<title>Advierten que d\u00e9ficit fiscal alcanzar\u00e1 este a\u00f1o nivel hist\u00f3rico de 9.3 % del PIB | CREES<\/title>\n<meta name=\"robots\" content=\"index, follow, max-snippet:-1, max-image-preview:large, max-video-preview:-1\" \/>\n<link rel=\"canonical\" href=\"https:\/\/crees.org.do\/?p=20854\" \/>\n<meta property=\"og:locale\" content=\"es_ES\" \/>\n<meta property=\"og:type\" content=\"article\" \/>\n<meta property=\"og:title\" content=\"Advierten que d\u00e9ficit fiscal alcanzar\u00e1 este a\u00f1o nivel hist\u00f3rico de 9.3 % del PIB | CREES\" \/>\n<meta property=\"og:description\" content=\"Publicado el: martes 1 de septiembre del 2020Autor: Suhelis Tejero PuntesSelman se\u00f1al\u00f3 que las pol\u00edticas expansivas podr\u00edan generar presiones sobre el tipo de cambio y, m\u00e1s adelante, sobre la ejecuci\u00f3n presupuestaria de 2021\" \/>\n<meta property=\"og:url\" content=\"https:\/\/crees.org.do\/?p=20854\" \/>\n<meta property=\"og:site_name\" content=\"CREES\" \/>\n<meta property=\"article:publisher\" content=\"https:\/\/www.facebook.com\/CREESRD\/\" \/>\n<meta property=\"article:published_time\" content=\"2020-01-09T00:00:00+00:00\" \/>\n<meta property=\"og:image\" content=\"https:\/\/crees.org.do\/wp-content\/uploads\/2022\/03\/crees-logo-1.jpg\" \/>\n\t<meta property=\"og:image:width\" content=\"244\" \/>\n\t<meta property=\"og:image:height\" content=\"71\" \/>\n\t<meta property=\"og:image:type\" content=\"image\/jpeg\" \/>\n<meta name=\"author\" content=\"Crees\" \/>\n<meta name=\"twitter:card\" content=\"summary_large_image\" \/>\n<meta name=\"twitter:creator\" content=\"@CREESRD\" \/>\n<meta name=\"twitter:site\" content=\"@CREESRD\" \/>\n<meta name=\"twitter:label1\" content=\"Escrito por\" \/>\n\t<meta name=\"twitter:data1\" content=\"Crees\" \/>\n\t<meta name=\"twitter:label2\" content=\"Tiempo de lectura\" \/>\n\t<meta name=\"twitter:data2\" content=\"3 minutos\" \/>\n<script type=\"application\/ld+json\" class=\"yoast-schema-graph\">{\"@context\":\"https:\/\/schema.org\",\"@graph\":[{\"@type\":\"Article\",\"@id\":\"https:\/\/crees.org.do\/?p=20854#article\",\"isPartOf\":{\"@id\":\"https:\/\/crees.org.do\/?p=20854\"},\"author\":{\"name\":\"Crees\",\"@id\":\"https:\/\/crees.org.do\/#\/schema\/person\/e7f97cd94d7bf9cd0e0ce30acb7d56b8\"},\"headline\":\"Advierten que d\u00e9ficit fiscal alcanzar\u00e1 este a\u00f1o nivel hist\u00f3rico de 9.3 % del PIB\",\"datePublished\":\"2020-01-09T00:00:00+00:00\",\"mainEntityOfPage\":{\"@id\":\"https:\/\/crees.org.do\/?p=20854\"},\"wordCount\":586,\"commentCount\":0,\"publisher\":{\"@id\":\"https:\/\/crees.org.do\/#organization\"},\"articleSection\":[\"Blog\"],\"inLanguage\":\"es\"},{\"@type\":\"WebPage\",\"@id\":\"https:\/\/crees.org.do\/?p=20854\",\"url\":\"https:\/\/crees.org.do\/?p=20854\",\"name\":\"Advierten que d\u00e9ficit fiscal alcanzar\u00e1 este a\u00f1o nivel hist\u00f3rico de 9.3 % del PIB | CREES\",\"isPartOf\":{\"@id\":\"https:\/\/crees.org.do\/#website\"},\"datePublished\":\"2020-01-09T00:00:00+00:00\",\"breadcrumb\":{\"@id\":\"https:\/\/crees.org.do\/?p=20854#breadcrumb\"},\"inLanguage\":\"es\",\"potentialAction\":[{\"@type\":\"ReadAction\",\"target\":[\"https:\/\/crees.org.do\/?p=20854\"]}]},{\"@type\":\"BreadcrumbList\",\"@id\":\"https:\/\/crees.org.do\/?p=20854#breadcrumb\",\"itemListElement\":[{\"@type\":\"ListItem\",\"position\":1,\"name\":\"Portada\",\"item\":\"https:\/\/crees.org.do\/\"},{\"@type\":\"ListItem\",\"position\":2,\"name\":\"Advierten que d\u00e9ficit fiscal alcanzar\u00e1 este a\u00f1o nivel hist\u00f3rico de 9.3 % del PIB\"}]},{\"@type\":\"WebSite\",\"@id\":\"https:\/\/crees.org.do\/#website\",\"url\":\"https:\/\/crees.org.do\/\",\"name\":\"CREES\",\"description\":\"Centro Regional de Estrategias Econ\u00f3micas Sostenibles\",\"publisher\":{\"@id\":\"https:\/\/crees.org.do\/#organization\"},\"potentialAction\":[{\"@type\":\"SearchAction\",\"target\":{\"@type\":\"EntryPoint\",\"urlTemplate\":\"https:\/\/crees.org.do\/?s={search_term_string}\"},\"query-input\":{\"@type\":\"PropertyValueSpecification\",\"valueRequired\":true,\"valueName\":\"search_term_string\"}}],\"inLanguage\":\"es\"},{\"@type\":\"Organization\",\"@id\":\"https:\/\/crees.org.do\/#organization\",\"name\":\"CREES | Centro Regional de Estrategias Econ\u00f3micas Sostenibles\",\"url\":\"https:\/\/crees.org.do\/\",\"logo\":{\"@type\":\"ImageObject\",\"inLanguage\":\"es\",\"@id\":\"https:\/\/crees.org.do\/#\/schema\/logo\/image\/\",\"url\":\"https:\/\/crees.org.do\/wp-content\/uploads\/2022\/03\/crees-logo-1.jpg\",\"contentUrl\":\"https:\/\/crees.org.do\/wp-content\/uploads\/2022\/03\/crees-logo-1.jpg\",\"width\":244,\"height\":71,\"caption\":\"CREES | Centro Regional de Estrategias Econ\u00f3micas Sostenibles\"},\"image\":{\"@id\":\"https:\/\/crees.org.do\/#\/schema\/logo\/image\/\"},\"sameAs\":[\"https:\/\/www.facebook.com\/CREESRD\/\",\"https:\/\/x.com\/CREESRD\"]},{\"@type\":\"Person\",\"@id\":\"https:\/\/crees.org.do\/#\/schema\/person\/e7f97cd94d7bf9cd0e0ce30acb7d56b8\",\"name\":\"Crees\",\"image\":{\"@type\":\"ImageObject\",\"inLanguage\":\"es\",\"@id\":\"https:\/\/crees.org.do\/#\/schema\/person\/image\/\",\"url\":\"https:\/\/secure.gravatar.com\/avatar\/390ac8f0be5d9aa046152553e2dd7011b59a512d89c150f5e5f28bb8d9a0b165?s=96&d=mm&r=g\",\"contentUrl\":\"https:\/\/secure.gravatar.com\/avatar\/390ac8f0be5d9aa046152553e2dd7011b59a512d89c150f5e5f28bb8d9a0b165?s=96&d=mm&r=g\",\"caption\":\"Crees\"},\"url\":\"https:\/\/crees.org.do\/?author=2\"}]}<\/script>\n<!-- \/ Yoast SEO plugin. -->","yoast_head_json":{"title":"Advierten que d\u00e9ficit fiscal alcanzar\u00e1 este a\u00f1o nivel hist\u00f3rico de 9.3 % del PIB | CREES","robots":{"index":"index","follow":"follow","max-snippet":"max-snippet:-1","max-image-preview":"max-image-preview:large","max-video-preview":"max-video-preview:-1"},"canonical":"https:\/\/crees.org.do\/?p=20854","og_locale":"es_ES","og_type":"article","og_title":"Advierten que d\u00e9ficit fiscal alcanzar\u00e1 este a\u00f1o nivel hist\u00f3rico de 9.3 % del PIB | CREES","og_description":"Publicado el: martes 1 de septiembre del 2020Autor: Suhelis Tejero PuntesSelman se\u00f1al\u00f3 que las pol\u00edticas expansivas podr\u00edan generar presiones sobre el tipo de cambio y, m\u00e1s adelante, sobre la ejecuci\u00f3n presupuestaria de 2021","og_url":"https:\/\/crees.org.do\/?p=20854","og_site_name":"CREES","article_publisher":"https:\/\/www.facebook.com\/CREESRD\/","article_published_time":"2020-01-09T00:00:00+00:00","og_image":[{"width":244,"height":71,"url":"https:\/\/crees.org.do\/wp-content\/uploads\/2022\/03\/crees-logo-1.jpg","type":"image\/jpeg"}],"author":"Crees","twitter_card":"summary_large_image","twitter_creator":"@CREESRD","twitter_site":"@CREESRD","twitter_misc":{"Escrito por":"Crees","Tiempo de lectura":"3 minutos"},"schema":{"@context":"https:\/\/schema.org","@graph":[{"@type":"Article","@id":"https:\/\/crees.org.do\/?p=20854#article","isPartOf":{"@id":"https:\/\/crees.org.do\/?p=20854"},"author":{"name":"Crees","@id":"https:\/\/crees.org.do\/#\/schema\/person\/e7f97cd94d7bf9cd0e0ce30acb7d56b8"},"headline":"Advierten que d\u00e9ficit fiscal alcanzar\u00e1 este a\u00f1o nivel hist\u00f3rico de 9.3 % del PIB","datePublished":"2020-01-09T00:00:00+00:00","mainEntityOfPage":{"@id":"https:\/\/crees.org.do\/?p=20854"},"wordCount":586,"commentCount":0,"publisher":{"@id":"https:\/\/crees.org.do\/#organization"},"articleSection":["Blog"],"inLanguage":"es"},{"@type":"WebPage","@id":"https:\/\/crees.org.do\/?p=20854","url":"https:\/\/crees.org.do\/?p=20854","name":"Advierten que d\u00e9ficit fiscal alcanzar\u00e1 este a\u00f1o nivel hist\u00f3rico de 9.3 % del PIB | CREES","isPartOf":{"@id":"https:\/\/crees.org.do\/#website"},"datePublished":"2020-01-09T00:00:00+00:00","breadcrumb":{"@id":"https:\/\/crees.org.do\/?p=20854#breadcrumb"},"inLanguage":"es","potentialAction":[{"@type":"ReadAction","target":["https:\/\/crees.org.do\/?p=20854"]}]},{"@type":"BreadcrumbList","@id":"https:\/\/crees.org.do\/?p=20854#breadcrumb","itemListElement":[{"@type":"ListItem","position":1,"name":"Portada","item":"https:\/\/crees.org.do\/"},{"@type":"ListItem","position":2,"name":"Advierten que d\u00e9ficit fiscal alcanzar\u00e1 este a\u00f1o nivel hist\u00f3rico de 9.3 % del PIB"}]},{"@type":"WebSite","@id":"https:\/\/crees.org.do\/#website","url":"https:\/\/crees.org.do\/","name":"CREES","description":"Centro Regional de Estrategias Econ\u00f3micas Sostenibles","publisher":{"@id":"https:\/\/crees.org.do\/#organization"},"potentialAction":[{"@type":"SearchAction","target":{"@type":"EntryPoint","urlTemplate":"https:\/\/crees.org.do\/?s={search_term_string}"},"query-input":{"@type":"PropertyValueSpecification","valueRequired":true,"valueName":"search_term_string"}}],"inLanguage":"es"},{"@type":"Organization","@id":"https:\/\/crees.org.do\/#organization","name":"CREES | Centro Regional de Estrategias Econ\u00f3micas Sostenibles","url":"https:\/\/crees.org.do\/","logo":{"@type":"ImageObject","inLanguage":"es","@id":"https:\/\/crees.org.do\/#\/schema\/logo\/image\/","url":"https:\/\/crees.org.do\/wp-content\/uploads\/2022\/03\/crees-logo-1.jpg","contentUrl":"https:\/\/crees.org.do\/wp-content\/uploads\/2022\/03\/crees-logo-1.jpg","width":244,"height":71,"caption":"CREES | Centro Regional de Estrategias Econ\u00f3micas Sostenibles"},"image":{"@id":"https:\/\/crees.org.do\/#\/schema\/logo\/image\/"},"sameAs":["https:\/\/www.facebook.com\/CREESRD\/","https:\/\/x.com\/CREESRD"]},{"@type":"Person","@id":"https:\/\/crees.org.do\/#\/schema\/person\/e7f97cd94d7bf9cd0e0ce30acb7d56b8","name":"Crees","image":{"@type":"ImageObject","inLanguage":"es","@id":"https:\/\/crees.org.do\/#\/schema\/person\/image\/","url":"https:\/\/secure.gravatar.com\/avatar\/390ac8f0be5d9aa046152553e2dd7011b59a512d89c150f5e5f28bb8d9a0b165?s=96&d=mm&r=g","contentUrl":"https:\/\/secure.gravatar.com\/avatar\/390ac8f0be5d9aa046152553e2dd7011b59a512d89c150f5e5f28bb8d9a0b165?s=96&d=mm&r=g","caption":"Crees"},"url":"https:\/\/crees.org.do\/?author=2"}]}},"_links":{"self":[{"href":"https:\/\/crees.org.do\/index.php?rest_route=\/wp\/v2\/posts\/20854","targetHints":{"allow":["GET"]}}],"collection":[{"href":"https:\/\/crees.org.do\/index.php?rest_route=\/wp\/v2\/posts"}],"about":[{"href":"https:\/\/crees.org.do\/index.php?rest_route=\/wp\/v2\/types\/post"}],"author":[{"embeddable":true,"href":"https:\/\/crees.org.do\/index.php?rest_route=\/wp\/v2\/users\/2"}],"replies":[{"embeddable":true,"href":"https:\/\/crees.org.do\/index.php?rest_route=%2Fwp%2Fv2%2Fcomments&post=20854"}],"version-history":[{"count":0,"href":"https:\/\/crees.org.do\/index.php?rest_route=\/wp\/v2\/posts\/20854\/revisions"}],"wp:attachment":[{"href":"https:\/\/crees.org.do\/index.php?rest_route=%2Fwp%2Fv2%2Fmedia&parent=20854"}],"wp:term":[{"taxonomy":"category","embeddable":true,"href":"https:\/\/crees.org.do\/index.php?rest_route=%2Fwp%2Fv2%2Fcategories&post=20854"},{"taxonomy":"post_tag","embeddable":true,"href":"https:\/\/crees.org.do\/index.php?rest_route=%2Fwp%2Fv2%2Ftags&post=20854"}],"curies":[{"name":"wp","href":"https:\/\/api.w.org\/{rel}","templated":true}]}}