{"id":20859,"date":"2020-01-09T00:00:00","date_gmt":"2020-01-09T00:00:00","guid":{"rendered":"https:\/\/crees.org.do\/economistas-critican-emision-de-bonos-soberanos-para-financiar-programas-sociales\/"},"modified":"2020-01-09T00:00:00","modified_gmt":"2020-01-09T00:00:00","slug":"economistas-critican-emision-de-bonos-soberanos-para-financiar-programas-sociales","status":"publish","type":"post","link":"https:\/\/crees.org.do\/?p=20859","title":{"rendered":"Economistas critican emisi\u00f3n de bonos soberanos para financiar programas sociales"},"content":{"rendered":"<p style=\"text-align: justify;\"><span style=\"font-size:12px;\"><span style=\"font-family:verdana,geneva,sans-serif;\">Autor:&nbsp;Mar\u00eda del Carmen Guill\u00e9n<\/span><\/span><\/p>\n<p style=\"text-align: justify;\"><span style=\"font-size:12px;\"><span style=\"font-family:verdana,geneva,sans-serif;\">Extra\u00eddo de: Peri\u00f3dico El Dinero<\/span><\/span><\/p>\n<div>\n<p style=\"text-align: justify;\"><span style=\"font-size:12px;\"><span style=\"font-family:verdana,geneva,sans-serif;\">El Gobierno dominicano, a trav\u00e9s del Ministerio de Hacienda, inform\u00f3 sobre la emisi\u00f3n de bonos soberanos ascendentes a US$3,800 millones en el mercado internacional. De inmediato, empresarios y economistas opinaron al respecto, algunos a favor y otros cuestionaban su utilidad, pero &iquest;hasta qu\u00e9 punto beneficia esta colocaci\u00f3n de bonos al pa\u00eds?<\/span><\/span><\/p>\n<p style=\"text-align: justify;\"><span style=\"font-size:12px;\"><span style=\"font-family:verdana,geneva,sans-serif;\">Se trata de una cifra nunca antes colocada que podr\u00eda respaldar el gasto corriente, que ha aumentado por las decisiones monetarias para hacerle frente a la pandemia del covid-19.<\/span><\/span><\/p>\n<p style=\"text-align: justify;\"><span style=\"font-size:12px;\"><span style=\"font-family:verdana,geneva,sans-serif;\">En ese sentido, el economista Haivanjoe Ng Corti\u00f1as calific\u00f3 como una decisi\u00f3n financiera irracional el hecho de utilizar el monto para &ldquo;gastos corrientes sin retorno econ\u00f3mico y no a la inversi\u00f3n productiva&rdquo;.<\/span><\/span><\/p>\n<p style=\"text-align: justify;\"><span style=\"font-size:12px;\"><span style=\"font-family:verdana,geneva,sans-serif;\">&ldquo;Destinar US$3,800 millones a los programas sociales para lo que resta del 2020: Qu\u00e9date En Casa, FASE y Pa&rsquo; Ti, adem\u00e1s del financiamiento de los planes del Gobierno al sector salud, para combatir la pandemia, financieramente no es sostenible&rdquo;, asever\u00f3 Ng Corti\u00f1as.<\/span><\/span><\/p>\n<p style=\"text-align: justify;\"><span style=\"font-size:12px;\"><span style=\"font-family:verdana,geneva,sans-serif;\">Ng Corti\u00f1as sostuvo que lo importante no es que la demanda fuera mayor que la oferta, que las tasas de inter\u00e9s sean atractivas de 4.8 % a 10.0 % y, que sea de largo plazo; si no que la nueva deuda externa sea empleada en la recuperaci\u00f3n econ\u00f3mica con retorno.<\/span><\/span><\/p>\n<p style=\"text-align: justify;\"><span style=\"font-size:12px;\"><span style=\"font-family:verdana,geneva,sans-serif;\">Calcul\u00f3 que lo m\u00e1s conveniente para el pa\u00eds, que busca restablecer su estabilidad econ\u00f3mica, es invertir en proyectos espec\u00edficos, de tal manera que la deuda pueda ser pagada en el tiempo a trav\u00e9s de los beneficios que generen los proyectos.<\/span><\/span><\/p>\n<p style=\"text-align: justify;\"><span style=\"font-size:12px;\"><span style=\"font-family:verdana,geneva,sans-serif;\">Ng Corti\u00f1as explic\u00f3 que cuando el beneficio de una deuda es para varias generaciones, es racional que su costo se redistribuya en el tiempo, pero cuando los beneficios son exclusivamente moment\u00e1neos y para el presente y sus costos redistribuidos en el tiempo a varias generaciones, resulta una irracionalidad financiera.<\/span><\/span><\/p>\n<p style=\"text-align: justify;\"><span style=\"font-size:12px;\"><span style=\"font-family:verdana,geneva,sans-serif;\">La emisi\u00f3n revela una profundizaci\u00f3n de la crisis econ\u00f3mica por la que est\u00e1 pasando Rep\u00fablica Dominicana, seg\u00fan las estimaciones del director de la Escuela de Econom\u00eda de la Universidad Aut\u00f3noma de Santo Domingo (UASD), Antonio Ciriaco Cruz.<\/span><\/span><\/p>\n<p style=\"text-align: justify;\"><span style=\"font-size:12px;\"><span style=\"font-family:verdana,geneva,sans-serif;\">Ciriaco puntualiz\u00f3 que las finanzas p\u00fablicas este a\u00f1o van a tener un d\u00e9ficit que sobrepase el 9.9% del producto interno bruto (PIB) y con necesidades de financiamiento de RD$590,000 millones.<\/span><\/span><\/p>\n<p style=\"text-align: justify;\"><span style=\"font-size:12px;\"><span style=\"font-family:verdana,geneva,sans-serif;\">&ldquo;Todo parece indicar que el Gobierno quiere cerrar el presupuesto de este a\u00f1o 2020 buscando la mayor cantidad de recursos posibles en d\u00f3lares para cubrir programas de car\u00e1cter compensatorios&rdquo; como los creados en beneficio de la poblaci\u00f3n vulnerable para hacer frente al covid-19, plante\u00f3.<\/span><\/span><\/p>\n<p style=\"text-align: justify;\"><span style=\"font-size:12px;\"><span style=\"font-family:verdana,geneva,sans-serif;\">Sostuvo que &ldquo;es evidente que hemos ca\u00eddo en una trampa de la deuda p\u00fablica&rdquo;, porque el pa\u00eds seguir\u00e1 endeud\u00e1ndose sin otra posibilidad porque los ingresos tributarios se han desplomado.<\/span><\/span><\/p>\n<p style=\"text-align: justify;\"><span style=\"font-size:12px;\"><span style=\"font-family:verdana,geneva,sans-serif;\">Sobre los recursos canalizados en d\u00f3lares, el economista Luis Manuel Piantini asegur\u00f3 que el hecho de ser en moneda extranjera estos son recursos en d\u00f3lares que evitar\u00e1n &ldquo;que al gastarse en consumo o inversi\u00f3n nacional en pesos presione al alza a la tasa de cambio y acelerar\u00e1n la recuperaci\u00f3n econ\u00f3mica&rdquo;.<\/span><\/span><\/p>\n<p style=\"text-align: justify;\"><span style=\"font-size:12px;\"><span style=\"font-family:verdana,geneva,sans-serif;\">Piantini argument\u00f3 que si se habla solo de una tasa de 10% o 10% m\u00e1s el porcentaje de la indexaci\u00f3n saldr\u00eda sumamente costoso y poco sostenible.<\/span><\/span><\/p>\n<p style=\"text-align: justify;\"><span style=\"font-size:12px;\"><span style=\"font-family:verdana,geneva,sans-serif;\">En ese sentido, otros economistas como Franklin V\u00e1squez consideran con positivo el paso dado por el Gobierno, ya que se emite una se\u00f1al positiva de los mercados con relaci\u00f3n a la econom\u00eda dominicana, su estabilidad y crecimiento permanente durante los \u00faltimos a\u00f1os.<\/span><\/span><\/p>\n<p style=\"text-align: justify;\"><span style=\"font-size:12px;\"><span style=\"font-family:verdana,geneva,sans-serif;\">&ldquo;Yo creo que es una forma de decirnos que se cree en Rep\u00fablica Dominicana, que se cree en la capacidad de pago tambi\u00e9n y que de alguna manera pudieran haber algunas expectativas positivas de crecimiento econ\u00f3mico hacia el futuro&rdquo;, dijo.<\/span><\/span><\/p>\n<p style=\"text-align: justify;\"><span style=\"font-size:12px;\"><span style=\"font-family:verdana,geneva,sans-serif;\">V\u00e1squez alert\u00f3 que la poblaci\u00f3n y las propias autoridades (refiri\u00e9ndose al congreso) deben estar vigilantes en c\u00f3mo el Estado usar\u00e1 esos recursos.<\/span><\/span><\/p>\n<p style=\"text-align: justify;\"><span style=\"font-size:12px;\"><span style=\"font-family:verdana,geneva,sans-serif;\">En la misma l\u00ednea se encuentran las conclusiones de Miguel Collado Di Franco, economista senior del Centro Regional de Estrategias Econ\u00f3micas Sostenibles (CREES).<\/span><\/span><\/p>\n<p style=\"text-align: justify;\"><span style=\"font-size:12px;\"><span style=\"font-family:verdana,geneva,sans-serif;\">Di Franco consider\u00f3 que la emisi\u00f3n de bonos es proporcional al d\u00e9ficit de 9.3% del PIB, el mayor en la historia de Rep\u00fablica Dominicana, y que la emisi\u00f3n permitir\u00e1 completar los requerimientos de financiamiento del a\u00f1o y financiar gastos generados por la pandemia.<\/span><\/span><\/p>\n<p style=\"text-align: justify;\"><span style=\"font-size:12px;\"><span style=\"font-family:verdana,geneva,sans-serif;\">Explic\u00f3 que mayor endeudamiento pondr\u00e1 presi\u00f3n sobre las finanzas p\u00fablicas a futuro, ya que el gasto en intereses como porcentaje de los ingresos tributarios ya se sit\u00faan sobre el 30%.<\/span><\/span><\/p>\n<p style=\"text-align: justify;\"><span style=\"font-size:12px;\"><span style=\"font-family:verdana,geneva,sans-serif;\">Ley de Responsabilidad Fiscal<\/span><\/span><\/p>\n<p style=\"text-align: justify;\"><span style=\"font-size:12px;\"><span style=\"font-family:verdana,geneva,sans-serif;\">Los economistas coinciden en que en el estado actual del endeudamiento p\u00fablico se hace necesario tener una Ley de Responsabilidad Fiscal en el pa\u00eds.<\/span><\/span><\/p>\n<p style=\"text-align: justify;\"><span style=\"font-size:12px;\"><span style=\"font-family:verdana,geneva,sans-serif;\">As\u00ed como realizar una simplificaci\u00f3n del sistema tributario para reducir la informalidad y mejorar el cumplimiento, distribuyendo mejor la carga tributaria.<\/span><\/span><\/p>\n<\/div>\n<p>&nbsp;<\/p>\n<div class=\"pvc_clear\"><\/div>\n<p class=\"pvc_stats all \" data-element-id=\"20859\" style=\"\"><i class=\"pvc-stats-icon medium\" aria-hidden=\"true\"><svg aria-hidden=\"true\" focusable=\"false\" data-prefix=\"far\" data-icon=\"chart-bar\" role=\"img\" xmlns=\"http:\/\/www.w3.org\/2000\/svg\" viewBox=\"0 0 512 512\" class=\"svg-inline--fa fa-chart-bar fa-w-16 fa-2x\"><path fill=\"currentColor\" d=\"M396.8 352h22.4c6.4 0 12.8-6.4 12.8-12.8V108.8c0-6.4-6.4-12.8-12.8-12.8h-22.4c-6.4 0-12.8 6.4-12.8 12.8v230.4c0 6.4 6.4 12.8 12.8 12.8zm-192 0h22.4c6.4 0 12.8-6.4 12.8-12.8V140.8c0-6.4-6.4-12.8-12.8-12.8h-22.4c-6.4 0-12.8 6.4-12.8 12.8v198.4c0 6.4 6.4 12.8 12.8 12.8zm96 0h22.4c6.4 0 12.8-6.4 12.8-12.8V204.8c0-6.4-6.4-12.8-12.8-12.8h-22.4c-6.4 0-12.8 6.4-12.8 12.8v134.4c0 6.4 6.4 12.8 12.8 12.8zM496 400H48V80c0-8.84-7.16-16-16-16H16C7.16 64 0 71.16 0 80v336c0 17.67 14.33 32 32 32h464c8.84 0 16-7.16 16-16v-16c0-8.84-7.16-16-16-16zm-387.2-48h22.4c6.4 0 12.8-6.4 12.8-12.8v-70.4c0-6.4-6.4-12.8-12.8-12.8h-22.4c-6.4 0-12.8 6.4-12.8 12.8v70.4c0 6.4 6.4 12.8 12.8 12.8z\" class=\"\"><\/path><\/svg><\/i> Vistas Totales&nbsp;316&nbsp;, Vistas Hoy&nbsp;2&nbsp;<\/p>\n<div class=\"pvc_clear\"><\/div>\n","protected":false},"excerpt":{"rendered":"<p>Publicado el: lunes 21 de septiembre del 2020Autor: Mar\u00eda del Carmen Guill\u00e9nEl Gobierno dominicano, a trav\u00e9s del Ministerio de Hacienda, inform\u00f3 sobre la emisi\u00f3n de bonos soberanos ascendentes a US$3,800 millones en el mercado internacional. De inmediato, empresarios y economistas opinaron al respecto, algunos a favor y otros cuestionaban su utilidad, pero \u00bfhasta qu\u00e9 punto beneficia esta colocaci\u00f3n de bonos al pa\u00eds?<\/p>\n<div class=\"pvc_clear\"><\/div>\n<p class=\"pvc_stats all \" data-element-id=\"20859\" style=\"\"><i class=\"pvc-stats-icon medium\" aria-hidden=\"true\"><svg aria-hidden=\"true\" focusable=\"false\" data-prefix=\"far\" data-icon=\"chart-bar\" role=\"img\" xmlns=\"http:\/\/www.w3.org\/2000\/svg\" viewBox=\"0 0 512 512\" class=\"svg-inline--fa fa-chart-bar fa-w-16 fa-2x\"><path fill=\"currentColor\" d=\"M396.8 352h22.4c6.4 0 12.8-6.4 12.8-12.8V108.8c0-6.4-6.4-12.8-12.8-12.8h-22.4c-6.4 0-12.8 6.4-12.8 12.8v230.4c0 6.4 6.4 12.8 12.8 12.8zm-192 0h22.4c6.4 0 12.8-6.4 12.8-12.8V140.8c0-6.4-6.4-12.8-12.8-12.8h-22.4c-6.4 0-12.8 6.4-12.8 12.8v198.4c0 6.4 6.4 12.8 12.8 12.8zm96 0h22.4c6.4 0 12.8-6.4 12.8-12.8V204.8c0-6.4-6.4-12.8-12.8-12.8h-22.4c-6.4 0-12.8 6.4-12.8 12.8v134.4c0 6.4 6.4 12.8 12.8 12.8zM496 400H48V80c0-8.84-7.16-16-16-16H16C7.16 64 0 71.16 0 80v336c0 17.67 14.33 32 32 32h464c8.84 0 16-7.16 16-16v-16c0-8.84-7.16-16-16-16zm-387.2-48h22.4c6.4 0 12.8-6.4 12.8-12.8v-70.4c0-6.4-6.4-12.8-12.8-12.8h-22.4c-6.4 0-12.8 6.4-12.8 12.8v70.4c0 6.4 6.4 12.8 12.8 12.8z\" class=\"\"><\/path><\/svg><\/i> Vistas Totales&nbsp;316&nbsp;, Vistas Hoy&nbsp;2&nbsp;<\/p>\n<div class=\"pvc_clear\"><\/div>\n","protected":false},"author":2,"featured_media":0,"comment_status":"open","ping_status":"open","sticky":false,"template":"","format":"standard","meta":{"footnotes":""},"categories":[21],"tags":[],"class_list":["post-20859","post","type-post","status-publish","format-standard","hentry","category-blog"],"yoast_head":"<!-- This site is optimized with the Yoast SEO plugin v25.2 - https:\/\/yoast.com\/wordpress\/plugins\/seo\/ -->\n<title>Economistas critican emisi\u00f3n de bonos soberanos para financiar programas sociales | CREES<\/title>\n<meta name=\"robots\" content=\"index, follow, max-snippet:-1, max-image-preview:large, max-video-preview:-1\" \/>\n<link rel=\"canonical\" href=\"https:\/\/crees.org.do\/?p=20859\" \/>\n<meta property=\"og:locale\" content=\"es_ES\" \/>\n<meta property=\"og:type\" content=\"article\" \/>\n<meta property=\"og:title\" content=\"Economistas critican emisi\u00f3n de bonos soberanos para financiar programas sociales | CREES\" \/>\n<meta property=\"og:description\" content=\"Publicado el: lunes 21 de septiembre del 2020Autor: Mar\u00eda del Carmen Guill\u00e9nEl Gobierno dominicano, a trav\u00e9s del Ministerio de Hacienda, inform\u00f3 sobre la emisi\u00f3n de bonos soberanos ascendentes a US$3,800 millones en el mercado internacional. De inmediato, empresarios y economistas opinaron al respecto, algunos a favor y otros cuestionaban su utilidad, pero \u00bfhasta qu\u00e9 punto beneficia esta colocaci\u00f3n de bonos al pa\u00eds?\" \/>\n<meta property=\"og:url\" content=\"https:\/\/crees.org.do\/?p=20859\" \/>\n<meta property=\"og:site_name\" content=\"CREES\" \/>\n<meta property=\"article:publisher\" content=\"https:\/\/www.facebook.com\/CREESRD\/\" \/>\n<meta property=\"article:published_time\" content=\"2020-01-09T00:00:00+00:00\" \/>\n<meta property=\"og:image\" content=\"https:\/\/crees.org.do\/wp-content\/uploads\/2022\/03\/crees-logo-1.jpg\" \/>\n\t<meta property=\"og:image:width\" content=\"244\" \/>\n\t<meta property=\"og:image:height\" content=\"71\" \/>\n\t<meta property=\"og:image:type\" content=\"image\/jpeg\" \/>\n<meta name=\"author\" content=\"Crees\" \/>\n<meta name=\"twitter:card\" content=\"summary_large_image\" \/>\n<meta name=\"twitter:creator\" content=\"@CREESRD\" \/>\n<meta name=\"twitter:site\" content=\"@CREESRD\" \/>\n<meta name=\"twitter:label1\" content=\"Escrito por\" \/>\n\t<meta name=\"twitter:data1\" content=\"Crees\" \/>\n\t<meta name=\"twitter:label2\" content=\"Tiempo de lectura\" \/>\n\t<meta name=\"twitter:data2\" content=\"4 minutos\" \/>\n<script type=\"application\/ld+json\" class=\"yoast-schema-graph\">{\"@context\":\"https:\/\/schema.org\",\"@graph\":[{\"@type\":\"Article\",\"@id\":\"https:\/\/crees.org.do\/?p=20859#article\",\"isPartOf\":{\"@id\":\"https:\/\/crees.org.do\/?p=20859\"},\"author\":{\"name\":\"Crees\",\"@id\":\"https:\/\/crees.org.do\/#\/schema\/person\/e7f97cd94d7bf9cd0e0ce30acb7d56b8\"},\"headline\":\"Economistas critican emisi\u00f3n de bonos soberanos para financiar programas sociales\",\"datePublished\":\"2020-01-09T00:00:00+00:00\",\"mainEntityOfPage\":{\"@id\":\"https:\/\/crees.org.do\/?p=20859\"},\"wordCount\":864,\"commentCount\":0,\"publisher\":{\"@id\":\"https:\/\/crees.org.do\/#organization\"},\"articleSection\":[\"Blog\"],\"inLanguage\":\"es\"},{\"@type\":\"WebPage\",\"@id\":\"https:\/\/crees.org.do\/?p=20859\",\"url\":\"https:\/\/crees.org.do\/?p=20859\",\"name\":\"Economistas critican emisi\u00f3n de bonos soberanos para financiar programas sociales | CREES\",\"isPartOf\":{\"@id\":\"https:\/\/crees.org.do\/#website\"},\"datePublished\":\"2020-01-09T00:00:00+00:00\",\"breadcrumb\":{\"@id\":\"https:\/\/crees.org.do\/?p=20859#breadcrumb\"},\"inLanguage\":\"es\",\"potentialAction\":[{\"@type\":\"ReadAction\",\"target\":[\"https:\/\/crees.org.do\/?p=20859\"]}]},{\"@type\":\"BreadcrumbList\",\"@id\":\"https:\/\/crees.org.do\/?p=20859#breadcrumb\",\"itemListElement\":[{\"@type\":\"ListItem\",\"position\":1,\"name\":\"Portada\",\"item\":\"https:\/\/crees.org.do\/\"},{\"@type\":\"ListItem\",\"position\":2,\"name\":\"Economistas critican emisi\u00f3n de bonos soberanos para financiar programas sociales\"}]},{\"@type\":\"WebSite\",\"@id\":\"https:\/\/crees.org.do\/#website\",\"url\":\"https:\/\/crees.org.do\/\",\"name\":\"CREES\",\"description\":\"Centro Regional de Estrategias Econ\u00f3micas Sostenibles\",\"publisher\":{\"@id\":\"https:\/\/crees.org.do\/#organization\"},\"potentialAction\":[{\"@type\":\"SearchAction\",\"target\":{\"@type\":\"EntryPoint\",\"urlTemplate\":\"https:\/\/crees.org.do\/?s={search_term_string}\"},\"query-input\":{\"@type\":\"PropertyValueSpecification\",\"valueRequired\":true,\"valueName\":\"search_term_string\"}}],\"inLanguage\":\"es\"},{\"@type\":\"Organization\",\"@id\":\"https:\/\/crees.org.do\/#organization\",\"name\":\"CREES | Centro Regional de Estrategias Econ\u00f3micas Sostenibles\",\"url\":\"https:\/\/crees.org.do\/\",\"logo\":{\"@type\":\"ImageObject\",\"inLanguage\":\"es\",\"@id\":\"https:\/\/crees.org.do\/#\/schema\/logo\/image\/\",\"url\":\"https:\/\/crees.org.do\/wp-content\/uploads\/2022\/03\/crees-logo-1.jpg\",\"contentUrl\":\"https:\/\/crees.org.do\/wp-content\/uploads\/2022\/03\/crees-logo-1.jpg\",\"width\":244,\"height\":71,\"caption\":\"CREES | Centro Regional de Estrategias Econ\u00f3micas Sostenibles\"},\"image\":{\"@id\":\"https:\/\/crees.org.do\/#\/schema\/logo\/image\/\"},\"sameAs\":[\"https:\/\/www.facebook.com\/CREESRD\/\",\"https:\/\/x.com\/CREESRD\"]},{\"@type\":\"Person\",\"@id\":\"https:\/\/crees.org.do\/#\/schema\/person\/e7f97cd94d7bf9cd0e0ce30acb7d56b8\",\"name\":\"Crees\",\"image\":{\"@type\":\"ImageObject\",\"inLanguage\":\"es\",\"@id\":\"https:\/\/crees.org.do\/#\/schema\/person\/image\/\",\"url\":\"https:\/\/secure.gravatar.com\/avatar\/390ac8f0be5d9aa046152553e2dd7011b59a512d89c150f5e5f28bb8d9a0b165?s=96&d=mm&r=g\",\"contentUrl\":\"https:\/\/secure.gravatar.com\/avatar\/390ac8f0be5d9aa046152553e2dd7011b59a512d89c150f5e5f28bb8d9a0b165?s=96&d=mm&r=g\",\"caption\":\"Crees\"},\"url\":\"https:\/\/crees.org.do\/?author=2\"}]}<\/script>\n<!-- \/ Yoast SEO plugin. -->","yoast_head_json":{"title":"Economistas critican emisi\u00f3n de bonos soberanos para financiar programas sociales | CREES","robots":{"index":"index","follow":"follow","max-snippet":"max-snippet:-1","max-image-preview":"max-image-preview:large","max-video-preview":"max-video-preview:-1"},"canonical":"https:\/\/crees.org.do\/?p=20859","og_locale":"es_ES","og_type":"article","og_title":"Economistas critican emisi\u00f3n de bonos soberanos para financiar programas sociales | CREES","og_description":"Publicado el: lunes 21 de septiembre del 2020Autor: Mar\u00eda del Carmen Guill\u00e9nEl Gobierno dominicano, a trav\u00e9s del Ministerio de Hacienda, inform\u00f3 sobre la emisi\u00f3n de bonos soberanos ascendentes a US$3,800 millones en el mercado internacional. De inmediato, empresarios y economistas opinaron al respecto, algunos a favor y otros cuestionaban su utilidad, pero \u00bfhasta qu\u00e9 punto beneficia esta colocaci\u00f3n de bonos al pa\u00eds?","og_url":"https:\/\/crees.org.do\/?p=20859","og_site_name":"CREES","article_publisher":"https:\/\/www.facebook.com\/CREESRD\/","article_published_time":"2020-01-09T00:00:00+00:00","og_image":[{"width":244,"height":71,"url":"https:\/\/crees.org.do\/wp-content\/uploads\/2022\/03\/crees-logo-1.jpg","type":"image\/jpeg"}],"author":"Crees","twitter_card":"summary_large_image","twitter_creator":"@CREESRD","twitter_site":"@CREESRD","twitter_misc":{"Escrito por":"Crees","Tiempo de lectura":"4 minutos"},"schema":{"@context":"https:\/\/schema.org","@graph":[{"@type":"Article","@id":"https:\/\/crees.org.do\/?p=20859#article","isPartOf":{"@id":"https:\/\/crees.org.do\/?p=20859"},"author":{"name":"Crees","@id":"https:\/\/crees.org.do\/#\/schema\/person\/e7f97cd94d7bf9cd0e0ce30acb7d56b8"},"headline":"Economistas critican emisi\u00f3n de bonos soberanos para financiar programas sociales","datePublished":"2020-01-09T00:00:00+00:00","mainEntityOfPage":{"@id":"https:\/\/crees.org.do\/?p=20859"},"wordCount":864,"commentCount":0,"publisher":{"@id":"https:\/\/crees.org.do\/#organization"},"articleSection":["Blog"],"inLanguage":"es"},{"@type":"WebPage","@id":"https:\/\/crees.org.do\/?p=20859","url":"https:\/\/crees.org.do\/?p=20859","name":"Economistas critican emisi\u00f3n de bonos soberanos para financiar programas sociales | CREES","isPartOf":{"@id":"https:\/\/crees.org.do\/#website"},"datePublished":"2020-01-09T00:00:00+00:00","breadcrumb":{"@id":"https:\/\/crees.org.do\/?p=20859#breadcrumb"},"inLanguage":"es","potentialAction":[{"@type":"ReadAction","target":["https:\/\/crees.org.do\/?p=20859"]}]},{"@type":"BreadcrumbList","@id":"https:\/\/crees.org.do\/?p=20859#breadcrumb","itemListElement":[{"@type":"ListItem","position":1,"name":"Portada","item":"https:\/\/crees.org.do\/"},{"@type":"ListItem","position":2,"name":"Economistas critican emisi\u00f3n de bonos soberanos para financiar programas sociales"}]},{"@type":"WebSite","@id":"https:\/\/crees.org.do\/#website","url":"https:\/\/crees.org.do\/","name":"CREES","description":"Centro Regional de Estrategias Econ\u00f3micas Sostenibles","publisher":{"@id":"https:\/\/crees.org.do\/#organization"},"potentialAction":[{"@type":"SearchAction","target":{"@type":"EntryPoint","urlTemplate":"https:\/\/crees.org.do\/?s={search_term_string}"},"query-input":{"@type":"PropertyValueSpecification","valueRequired":true,"valueName":"search_term_string"}}],"inLanguage":"es"},{"@type":"Organization","@id":"https:\/\/crees.org.do\/#organization","name":"CREES | Centro Regional de Estrategias Econ\u00f3micas Sostenibles","url":"https:\/\/crees.org.do\/","logo":{"@type":"ImageObject","inLanguage":"es","@id":"https:\/\/crees.org.do\/#\/schema\/logo\/image\/","url":"https:\/\/crees.org.do\/wp-content\/uploads\/2022\/03\/crees-logo-1.jpg","contentUrl":"https:\/\/crees.org.do\/wp-content\/uploads\/2022\/03\/crees-logo-1.jpg","width":244,"height":71,"caption":"CREES | Centro Regional de Estrategias Econ\u00f3micas Sostenibles"},"image":{"@id":"https:\/\/crees.org.do\/#\/schema\/logo\/image\/"},"sameAs":["https:\/\/www.facebook.com\/CREESRD\/","https:\/\/x.com\/CREESRD"]},{"@type":"Person","@id":"https:\/\/crees.org.do\/#\/schema\/person\/e7f97cd94d7bf9cd0e0ce30acb7d56b8","name":"Crees","image":{"@type":"ImageObject","inLanguage":"es","@id":"https:\/\/crees.org.do\/#\/schema\/person\/image\/","url":"https:\/\/secure.gravatar.com\/avatar\/390ac8f0be5d9aa046152553e2dd7011b59a512d89c150f5e5f28bb8d9a0b165?s=96&d=mm&r=g","contentUrl":"https:\/\/secure.gravatar.com\/avatar\/390ac8f0be5d9aa046152553e2dd7011b59a512d89c150f5e5f28bb8d9a0b165?s=96&d=mm&r=g","caption":"Crees"},"url":"https:\/\/crees.org.do\/?author=2"}]}},"_links":{"self":[{"href":"https:\/\/crees.org.do\/index.php?rest_route=\/wp\/v2\/posts\/20859","targetHints":{"allow":["GET"]}}],"collection":[{"href":"https:\/\/crees.org.do\/index.php?rest_route=\/wp\/v2\/posts"}],"about":[{"href":"https:\/\/crees.org.do\/index.php?rest_route=\/wp\/v2\/types\/post"}],"author":[{"embeddable":true,"href":"https:\/\/crees.org.do\/index.php?rest_route=\/wp\/v2\/users\/2"}],"replies":[{"embeddable":true,"href":"https:\/\/crees.org.do\/index.php?rest_route=%2Fwp%2Fv2%2Fcomments&post=20859"}],"version-history":[{"count":0,"href":"https:\/\/crees.org.do\/index.php?rest_route=\/wp\/v2\/posts\/20859\/revisions"}],"wp:attachment":[{"href":"https:\/\/crees.org.do\/index.php?rest_route=%2Fwp%2Fv2%2Fmedia&parent=20859"}],"wp:term":[{"taxonomy":"category","embeddable":true,"href":"https:\/\/crees.org.do\/index.php?rest_route=%2Fwp%2Fv2%2Fcategories&post=20859"},{"taxonomy":"post_tag","embeddable":true,"href":"https:\/\/crees.org.do\/index.php?rest_route=%2Fwp%2Fv2%2Ftags&post=20859"}],"curies":[{"name":"wp","href":"https:\/\/api.w.org\/{rel}","templated":true}]}}