{"id":20866,"date":"2020-01-11T00:00:00","date_gmt":"2020-01-11T00:00:00","guid":{"rendered":"https:\/\/crees.org.do\/suben-perdidas-sector-electrico-en-primeros-7-meses-de-2020\/"},"modified":"2020-01-11T00:00:00","modified_gmt":"2020-01-11T00:00:00","slug":"suben-perdidas-sector-electrico-en-primeros-7-meses-de-2020","status":"publish","type":"post","link":"https:\/\/crees.org.do\/?p=20866","title":{"rendered":"Suben p\u00e9rdidas sector el\u00e9ctrico en primeros 7 meses de 2020"},"content":{"rendered":"<p style=\"text-align: justify;\"><span style=\"font-size:12px;\"><span style=\"font-family:verdana,geneva,sans-serif;\">Autor:&nbsp;Kelvin Pascual<\/span><\/span><\/p>\n<p style=\"text-align: justify;\"><span style=\"font-size:12px;\"><span style=\"font-family:verdana,geneva,sans-serif;\">Extra\u00eddo de: Peri\u00f3dico Hoy<\/span><\/span><\/p>\n<p style=\"text-align: justify;\"><span style=\"font-size:12px;\"><span style=\"font-family:verdana,geneva,sans-serif;\">En los primeros siete meses de este a\u00f1o las p\u00e9rdidas de energ\u00eda el\u00e9ctrica evidenciaron un deterioro significativo, al aumentar a 44 %; un 33.1 por ciento correspondiente a p\u00e9rdidas de energ\u00eda y 10.8 % a energ\u00eda facturada pero no cobrada.<\/span><\/span><\/p>\n<p style=\"box-sizing: border-box; margin-right: auto; margin-bottom: 26px; margin-left: auto; overflow-wrap: break-word; text-align: justify;\"><span style=\"font-size:12px;\"><span style=\"font-family:verdana,geneva,sans-serif;\">As\u00ed lo se\u00f1ala el Centro Regional de Estrategias Econ\u00f3micas Sostenibles (Crees), en su art\u00edculo &ldquo;Situaci\u00f3n actual del sistema el\u00e9ctrico dominicano&rdquo;, en el que se\u00f1ala adem\u00e1s que la energ\u00eda comprada por las Empresas Distribuidoras de Electricidad (EDE) y que no pueden facturar o cobrar representa el principal componente del subsidio que reciben del dinero de los ciudadanos para poder continuar operando, recursos que son pagados con impuestos presentes o futuros.<\/span><\/span><\/p>\n<p style=\"box-sizing: border-box; margin-right: auto; margin-bottom: 26px; margin-left: auto; overflow-wrap: break-word; text-align: justify;\"><span style=\"font-size:12px;\"><span style=\"font-family:verdana,geneva,sans-serif;\">Dice que las p\u00e9rdidas de energ\u00eda el\u00e9ctrica es un fen\u00f3meno que caracteriza a las tres distribuidoras estatales de electricidad y que la falta de inversiones en el sistema de distribuci\u00f3n, clientes sin equipos adecuados de medici\u00f3n, usuarios conectados de forma ilegal son, entre otros, factores importantes que determinan que la energ\u00eda comprada por las EDE no pueda ser facturada en su totalidad.<\/span><\/span><\/p>\n<div class=\"FIOnDemandWrapper\" fi-instance-id=\"fiInstance_100411_1_3855914974730216\" fi-placement-id=\"100411\" id=\"FIOnDemandWrapper_fiInstance_100411_1_3855914974730216\" style=\"box-sizing: border-box; margin-left: auto; margin-right: auto; position: relative; height: 0px; overflow: hidden;\">\n<div class=\"apd_static_banner \" style=\"box-sizing: border-box; text-align: justify;\">&nbsp;<\/div>\n<div class=\"apd_static_banner \" style=\"box-sizing: border-box; text-align: justify;\">&nbsp;<\/div>\n<div class=\"apd_static_banner \" style=\"box-sizing: border-box; text-align: justify;\"><span style=\"font-size:12px;\"><span style=\"font-family:verdana,geneva,sans-serif;\"><ins class=\"adsbygoogle\" data-ad-client=\"ca-pub-3622156405313063\" data-ad-slot=\"98358ed.2003066\" data-adsbygoogle-status=\"done\" style=\"box-sizing: border-box; background: rgb(255, 255, 255); text-decoration-line: none; display: inline-block; width: 300px; height: 250px;\"><ins id=\"aswift_1_expand\" style=\"box-sizing: border-box; background: transparent; text-decoration-line: none; display: inline-table; border: none; height: 250px; margin: 0px; padding: 0px; position: relative; visibility: visible; width: 300px;\"><ins id=\"aswift_1_anchor\" style=\"box-sizing: border-box; background: transparent; text-decoration-line: none; display: block; border: none; height: 250px; margin: 0px; padding: 0px; position: relative; visibility: visible; width: 300px;\"><iframe allowfullscreen=\"true\" allowtransparency=\"true\" data-google-container-id=\"a!f\" data-google-query-id=\"CKTN6bK_5uwCFRg4fwodU5kAWA\" data-load-complete=\"true\" frameborder=\"0\" height=\"250\" hspace=\"0\" id=\"aswift_1\" marginheight=\"0\" marginwidth=\"0\" name=\"aswift_1\" sandbox=\"allow-forms allow-popups allow-popups-to-escape-sandbox allow-same-origin allow-scripts allow-top-navigation-by-user-activation\" scrolling=\"no\" src=\"https:\/\/googleads.g.doubleclick.net\/pagead\/ads?guci=2.2.0.0.2.2.0.0&amp;client=ca-pub-3622156405313063&amp;output=html&amp;h=250&amp;slotname=98358ed.2003066&amp;adk=2302529992&amp;adf=2435476541&amp;pi=t.ma~as.98358ed.2003066&amp;w=300&amp;lmt=1604410641&amp;psa=1&amp;format=300x250&amp;url=https%3A%2F%2Fhoy.com.do%2Fsuben-perdidas-sector-electrico-en-primeros-7-meses-de-2020%2F&amp;flash=0&amp;wgl=1&amp;adsid=ChEIgJyE_QUQn7j3spCn-Ny2ARJFAFq9_7ojoxywv0wiKLN-H9t7DACt-MpGyPCA5zIDPCLrDZ8Vke_VfDV9_ENk297QVkjMgdXjBoomxvZZZ43dghaC-yVz&amp;tt_state=W3siaXNzdWVyT3JpZ2luIjoiaHR0cHM6Ly9hZHNlcnZpY2UuZ29vZ2xlLmNvbSIsInN0YXRlIjowfSx7Imlzc3Vlck9yaWdpbiI6Imh0dHBzOi8vYXR0ZXN0YXRpb24uYW5kcm9pZC5jb20iLCJzdGF0ZSI6MH1d&amp;dt=1604410641286&amp;bpp=7&amp;bdt=142418&amp;idt=8&amp;shv=r20201029&amp;cbv=r20190131&amp;ptt=9&amp;saldr=aa&amp;abxe=1&amp;cookie=ID%3D708c4861cdc56654%3AT%3D1604352089%3AS%3DALNI_MZtQKBj_V1ZW9eGBaofLKoo6D7ACg&amp;prev_fmts=0x0%2C728x90%2C300x250%2C728x90&amp;nras=1&amp;correlator=8712322994477&amp;frm=20&amp;pv=1&amp;ga_vid=781934125.1603988112&amp;ga_sid=1604410500&amp;ga_hid=1587416414&amp;ga_fc=0&amp;iag=0&amp;icsg=1479534629089528&amp;dssz=166&amp;mdo=0&amp;mso=1207959552&amp;u_tz=-240&amp;u_his=3&amp;u_java=0&amp;u_h=1050&amp;u_w=1680&amp;u_ah=974&amp;u_aw=1680&amp;u_cd=24&amp;u_nplug=3&amp;u_nmime=4&amp;adx=271&amp;ady=2054&amp;biw=1609&amp;bih=892&amp;scr_x=0&amp;scr_y=1330&amp;eid=42530672%2C44730557&amp;oid=3&amp;psts=AGkb-H-0wxVzkM-_XSisSVZEDbppRJSmCzzriUImQaxLhz-eauBaN-fuBzYmJywXYjN3%2CAGkb-H8rpnZVWMiAGAKSPbjNr_yAdo7JNsdjS9ZJomUvCcUE_blWgyXm1Cz8uThzEc4RLw&amp;pvsid=4235083250687670&amp;pem=833&amp;rx=0&amp;eae=0&amp;fc=1920&amp;brdim=29%2C23%2C29%2C23%2C1680%2C23%2C1609%2C971%2C1609%2C892&amp;vis=1&amp;rsz=%7C%7CoeE%7C&amp;abl=CS&amp;pfx=0&amp;fu=8192&amp;bc=31&amp;jar=2020-11-03-13&amp;ifi=15&amp;uci=a!f&amp;fsb=1&amp;xpc=wfZvf9MEBw&amp;p=https%3A\/\/hoy.com.do&amp;dtd=16\" style=\"box-sizing: border-box; max-width: 100%; height: 250px; width: 300px; left: 0px; position: absolute; top: 0px; border-width: 0px; border-style: initial;\" vspace=\"0\" width=\"300\"><\/iframe><\/ins><\/ins><\/ins><\/span><\/span><\/div>\n<\/div>\n<p style=\"box-sizing: border-box; margin-right: auto; margin-bottom: 26px; margin-left: auto; overflow-wrap: break-word; text-align: justify;\"><span style=\"font-size:12px;\"><span style=\"font-family:verdana,geneva,sans-serif;\">&ldquo;En adici\u00f3n, una parte de la energ\u00eda facturada no es cobrada, lo cual se adiciona para obtener las p\u00e9rdidas totales&rdquo;, indica.<\/span><\/span><\/p>\n<p style=\"box-sizing: border-box; margin-right: auto; margin-bottom: 26px; margin-left: auto; overflow-wrap: break-word; text-align: justify;\"><span style=\"font-size:12px;\"><span style=\"font-family:verdana,geneva,sans-serif;\">De acuerdo con datos de la Comisi\u00f3n de Integraci\u00f3n Energ\u00e9tica Regional, las tres distribuidoras de electricidad se encuentran entre las empresas con mayores p\u00e9rdidas a nivel de Am\u00e9rica Latina.<\/span><\/span><\/p>\n<p style=\"box-sizing: border-box; margin-right: auto; margin-bottom: 26px; margin-left: auto; overflow-wrap: break-word; text-align: justify;\"><span style=\"font-size:12px;\"><span style=\"font-family:verdana,geneva,sans-serif;\">Seg\u00fan cita el art\u00edculo, en 2018 la a Empresa Distribuidora de Electricidad del Este (Edeeste) tuvo p\u00e9rdidas de 37.5 %; la Empresa Distribuidora de Electricidad del Sur (Edesur), 23.9 %, y la Empresa Distribuidora de Electricidad del Norte (Edenorte) de 23.1 por ciento.<\/span><\/span><\/p>\n<p style=\"box-sizing: border-box; margin-right: auto; margin-bottom: 26px; margin-left: auto; overflow-wrap: break-word; text-align: justify;\"><span style=\"font-size:12px;\"><span style=\"font-family:verdana,geneva,sans-serif;\"><span style=\"box-sizing: border-box; font-weight: 700;\">Conclusiones.&nbsp;<\/span>El sistema el\u00e9ctrico de Rep\u00fablica Dominicana genera mayor cantidad de electricidad que aquella que las distribuidoras pueden adquirir.<\/span><\/span><\/p>\n<p style=\"box-sizing: border-box; margin-right: auto; margin-bottom: 26px; margin-left: auto; overflow-wrap: break-word; text-align: justify;\"><span style=\"font-size:12px;\"><span style=\"font-family:verdana,geneva,sans-serif;\">Esa energ\u00eda es adquirida a un precio inferior al que es vendida por las EDE, con tendencia a seguir decreciendo como resultado de: primero, los cambios en la matriz de generaci\u00f3n hacia fuentes m\u00e1s econ\u00f3micas, y segundo, por la tendencia al abaratamiento de los combustibles en los mercados internacionales.<\/span><\/span><\/p>\n<p style=\"box-sizing: border-box; margin-right: auto; margin-bottom: 26px; margin-left: auto; overflow-wrap: break-word; text-align: justify;\"><span style=\"font-size:12px;\"><span style=\"font-family:verdana,geneva,sans-serif;\"><span style=\"color: rgb(34, 34, 34); background-color: rgb(255, 255, 255);\">Es preciso puntualizar, como tambi\u00e9n pudo ser apreciado, que una tercera parte de la energ\u00eda comprada por las EDE no es facturada.<\/span><br style=\"box-sizing: border-box; color: rgb(34, 34, 34); font-family: Oxygen; font-size: 17px; background-color: rgb(255, 255, 255);\" \/><span style=\"color: rgb(34, 34, 34); background-color: rgb(255, 255, 255);\">Las distribuidoras pierden una proporci\u00f3n de la energ\u00eda que durante 2020 ha representado el 33 por ciento; p\u00e9rdidas que aumentan debido al incremento en la morosidad que se ha producido recientemente.<\/span><\/span><\/span><\/p>\n<p style=\"box-sizing: border-box; margin-right: auto; margin-bottom: 26px; margin-left: auto; overflow-wrap: break-word; text-align: justify;\"><span style=\"font-size:12px;\"><span style=\"font-family:verdana,geneva,sans-serif;\"><span style=\"background-color: rgb(255, 255, 255); color: rgb(34, 34, 34);\">Para agravar sus deficiencias de gesti\u00f3n, las EDE emplean m\u00e1s personal del que necesitan para atender a sus clientes, lo cual repercute en sus costos operativos y en el d\u00e9ficit financiero con que operan.<\/span><\/span><\/span><\/p>\n<p>&nbsp;<\/p>\n<div class=\"pvc_clear\"><\/div>\n<p class=\"pvc_stats all \" data-element-id=\"20866\" style=\"\"><i class=\"pvc-stats-icon medium\" aria-hidden=\"true\"><svg aria-hidden=\"true\" focusable=\"false\" data-prefix=\"far\" data-icon=\"chart-bar\" role=\"img\" xmlns=\"http:\/\/www.w3.org\/2000\/svg\" viewBox=\"0 0 512 512\" class=\"svg-inline--fa fa-chart-bar fa-w-16 fa-2x\"><path fill=\"currentColor\" d=\"M396.8 352h22.4c6.4 0 12.8-6.4 12.8-12.8V108.8c0-6.4-6.4-12.8-12.8-12.8h-22.4c-6.4 0-12.8 6.4-12.8 12.8v230.4c0 6.4 6.4 12.8 12.8 12.8zm-192 0h22.4c6.4 0 12.8-6.4 12.8-12.8V140.8c0-6.4-6.4-12.8-12.8-12.8h-22.4c-6.4 0-12.8 6.4-12.8 12.8v198.4c0 6.4 6.4 12.8 12.8 12.8zm96 0h22.4c6.4 0 12.8-6.4 12.8-12.8V204.8c0-6.4-6.4-12.8-12.8-12.8h-22.4c-6.4 0-12.8 6.4-12.8 12.8v134.4c0 6.4 6.4 12.8 12.8 12.8zM496 400H48V80c0-8.84-7.16-16-16-16H16C7.16 64 0 71.16 0 80v336c0 17.67 14.33 32 32 32h464c8.84 0 16-7.16 16-16v-16c0-8.84-7.16-16-16-16zm-387.2-48h22.4c6.4 0 12.8-6.4 12.8-12.8v-70.4c0-6.4-6.4-12.8-12.8-12.8h-22.4c-6.4 0-12.8 6.4-12.8 12.8v70.4c0 6.4 6.4 12.8 12.8 12.8z\" class=\"\"><\/path><\/svg><\/i> Vistas Totales&nbsp;388&nbsp;, Vistas Hoy&nbsp;1&nbsp;<\/p>\n<div class=\"pvc_clear\"><\/div>\n","protected":false},"excerpt":{"rendered":"<p>Publicado el: Martes 3 de noviembre del 2020Autor: HoyEn los primeros siete meses de este a\u00f1o las p\u00e9rdidas de energ\u00eda el\u00e9ctrica evidenciaron un deterioro significativo, al aumentar a 44 %; un 33.1 por ciento correspondiente a p\u00e9rdidas de energ\u00eda y 10.8 % a energ\u00eda facturada pero no cobrada.<\/p>\n<div class=\"pvc_clear\"><\/div>\n<p class=\"pvc_stats all \" data-element-id=\"20866\" style=\"\"><i class=\"pvc-stats-icon medium\" aria-hidden=\"true\"><svg aria-hidden=\"true\" focusable=\"false\" data-prefix=\"far\" data-icon=\"chart-bar\" role=\"img\" xmlns=\"http:\/\/www.w3.org\/2000\/svg\" viewBox=\"0 0 512 512\" class=\"svg-inline--fa fa-chart-bar fa-w-16 fa-2x\"><path fill=\"currentColor\" d=\"M396.8 352h22.4c6.4 0 12.8-6.4 12.8-12.8V108.8c0-6.4-6.4-12.8-12.8-12.8h-22.4c-6.4 0-12.8 6.4-12.8 12.8v230.4c0 6.4 6.4 12.8 12.8 12.8zm-192 0h22.4c6.4 0 12.8-6.4 12.8-12.8V140.8c0-6.4-6.4-12.8-12.8-12.8h-22.4c-6.4 0-12.8 6.4-12.8 12.8v198.4c0 6.4 6.4 12.8 12.8 12.8zm96 0h22.4c6.4 0 12.8-6.4 12.8-12.8V204.8c0-6.4-6.4-12.8-12.8-12.8h-22.4c-6.4 0-12.8 6.4-12.8 12.8v134.4c0 6.4 6.4 12.8 12.8 12.8zM496 400H48V80c0-8.84-7.16-16-16-16H16C7.16 64 0 71.16 0 80v336c0 17.67 14.33 32 32 32h464c8.84 0 16-7.16 16-16v-16c0-8.84-7.16-16-16-16zm-387.2-48h22.4c6.4 0 12.8-6.4 12.8-12.8v-70.4c0-6.4-6.4-12.8-12.8-12.8h-22.4c-6.4 0-12.8 6.4-12.8 12.8v70.4c0 6.4 6.4 12.8 12.8 12.8z\" class=\"\"><\/path><\/svg><\/i> Vistas Totales&nbsp;388&nbsp;, Vistas Hoy&nbsp;1&nbsp;<\/p>\n<div class=\"pvc_clear\"><\/div>\n","protected":false},"author":2,"featured_media":0,"comment_status":"open","ping_status":"open","sticky":false,"template":"","format":"standard","meta":{"footnotes":""},"categories":[21],"tags":[],"class_list":["post-20866","post","type-post","status-publish","format-standard","hentry","category-blog"],"yoast_head":"<!-- This site is optimized with the Yoast SEO plugin v25.2 - https:\/\/yoast.com\/wordpress\/plugins\/seo\/ -->\n<title>Suben p\u00e9rdidas sector el\u00e9ctrico en primeros 7 meses de 2020 | CREES<\/title>\n<meta name=\"robots\" content=\"index, follow, max-snippet:-1, max-image-preview:large, max-video-preview:-1\" \/>\n<link rel=\"canonical\" href=\"https:\/\/crees.org.do\/?p=20866\" \/>\n<meta property=\"og:locale\" content=\"es_ES\" \/>\n<meta property=\"og:type\" content=\"article\" \/>\n<meta property=\"og:title\" content=\"Suben p\u00e9rdidas sector el\u00e9ctrico en primeros 7 meses de 2020 | CREES\" \/>\n<meta property=\"og:description\" content=\"Publicado el: Martes 3 de noviembre del 2020Autor: HoyEn los primeros siete meses de este a\u00f1o las p\u00e9rdidas de energ\u00eda el\u00e9ctrica evidenciaron un deterioro significativo, al aumentar a 44 %; un 33.1 por ciento correspondiente a p\u00e9rdidas de energ\u00eda y 10.8 % a energ\u00eda facturada pero no cobrada.\" \/>\n<meta property=\"og:url\" content=\"https:\/\/crees.org.do\/?p=20866\" \/>\n<meta property=\"og:site_name\" content=\"CREES\" \/>\n<meta property=\"article:publisher\" content=\"https:\/\/www.facebook.com\/CREESRD\/\" \/>\n<meta property=\"article:published_time\" content=\"2020-01-11T00:00:00+00:00\" \/>\n<meta property=\"og:image\" content=\"https:\/\/crees.org.do\/wp-content\/uploads\/2022\/03\/crees-logo-1.jpg\" \/>\n\t<meta property=\"og:image:width\" content=\"244\" \/>\n\t<meta property=\"og:image:height\" content=\"71\" \/>\n\t<meta property=\"og:image:type\" content=\"image\/jpeg\" \/>\n<meta name=\"author\" content=\"Crees\" \/>\n<meta name=\"twitter:card\" content=\"summary_large_image\" \/>\n<meta name=\"twitter:creator\" content=\"@CREESRD\" \/>\n<meta name=\"twitter:site\" content=\"@CREESRD\" \/>\n<meta name=\"twitter:label1\" content=\"Escrito por\" \/>\n\t<meta name=\"twitter:data1\" content=\"Crees\" \/>\n\t<meta name=\"twitter:label2\" content=\"Tiempo de lectura\" \/>\n\t<meta name=\"twitter:data2\" content=\"2 minutos\" \/>\n<script type=\"application\/ld+json\" class=\"yoast-schema-graph\">{\"@context\":\"https:\/\/schema.org\",\"@graph\":[{\"@type\":\"Article\",\"@id\":\"https:\/\/crees.org.do\/?p=20866#article\",\"isPartOf\":{\"@id\":\"https:\/\/crees.org.do\/?p=20866\"},\"author\":{\"name\":\"Crees\",\"@id\":\"https:\/\/crees.org.do\/#\/schema\/person\/e7f97cd94d7bf9cd0e0ce30acb7d56b8\"},\"headline\":\"Suben p\u00e9rdidas sector el\u00e9ctrico en primeros 7 meses de 2020\",\"datePublished\":\"2020-01-11T00:00:00+00:00\",\"mainEntityOfPage\":{\"@id\":\"https:\/\/crees.org.do\/?p=20866\"},\"wordCount\":481,\"commentCount\":0,\"publisher\":{\"@id\":\"https:\/\/crees.org.do\/#organization\"},\"articleSection\":[\"Blog\"],\"inLanguage\":\"es\"},{\"@type\":\"WebPage\",\"@id\":\"https:\/\/crees.org.do\/?p=20866\",\"url\":\"https:\/\/crees.org.do\/?p=20866\",\"name\":\"Suben p\u00e9rdidas sector el\u00e9ctrico en primeros 7 meses de 2020 | CREES\",\"isPartOf\":{\"@id\":\"https:\/\/crees.org.do\/#website\"},\"datePublished\":\"2020-01-11T00:00:00+00:00\",\"breadcrumb\":{\"@id\":\"https:\/\/crees.org.do\/?p=20866#breadcrumb\"},\"inLanguage\":\"es\",\"potentialAction\":[{\"@type\":\"ReadAction\",\"target\":[\"https:\/\/crees.org.do\/?p=20866\"]}]},{\"@type\":\"BreadcrumbList\",\"@id\":\"https:\/\/crees.org.do\/?p=20866#breadcrumb\",\"itemListElement\":[{\"@type\":\"ListItem\",\"position\":1,\"name\":\"Portada\",\"item\":\"https:\/\/crees.org.do\/\"},{\"@type\":\"ListItem\",\"position\":2,\"name\":\"Suben p\u00e9rdidas sector el\u00e9ctrico en primeros 7 meses de 2020\"}]},{\"@type\":\"WebSite\",\"@id\":\"https:\/\/crees.org.do\/#website\",\"url\":\"https:\/\/crees.org.do\/\",\"name\":\"CREES\",\"description\":\"Centro Regional de Estrategias Econ\u00f3micas Sostenibles\",\"publisher\":{\"@id\":\"https:\/\/crees.org.do\/#organization\"},\"potentialAction\":[{\"@type\":\"SearchAction\",\"target\":{\"@type\":\"EntryPoint\",\"urlTemplate\":\"https:\/\/crees.org.do\/?s={search_term_string}\"},\"query-input\":{\"@type\":\"PropertyValueSpecification\",\"valueRequired\":true,\"valueName\":\"search_term_string\"}}],\"inLanguage\":\"es\"},{\"@type\":\"Organization\",\"@id\":\"https:\/\/crees.org.do\/#organization\",\"name\":\"CREES | Centro Regional de Estrategias Econ\u00f3micas Sostenibles\",\"url\":\"https:\/\/crees.org.do\/\",\"logo\":{\"@type\":\"ImageObject\",\"inLanguage\":\"es\",\"@id\":\"https:\/\/crees.org.do\/#\/schema\/logo\/image\/\",\"url\":\"https:\/\/crees.org.do\/wp-content\/uploads\/2022\/03\/crees-logo-1.jpg\",\"contentUrl\":\"https:\/\/crees.org.do\/wp-content\/uploads\/2022\/03\/crees-logo-1.jpg\",\"width\":244,\"height\":71,\"caption\":\"CREES | Centro Regional de Estrategias Econ\u00f3micas Sostenibles\"},\"image\":{\"@id\":\"https:\/\/crees.org.do\/#\/schema\/logo\/image\/\"},\"sameAs\":[\"https:\/\/www.facebook.com\/CREESRD\/\",\"https:\/\/x.com\/CREESRD\"]},{\"@type\":\"Person\",\"@id\":\"https:\/\/crees.org.do\/#\/schema\/person\/e7f97cd94d7bf9cd0e0ce30acb7d56b8\",\"name\":\"Crees\",\"image\":{\"@type\":\"ImageObject\",\"inLanguage\":\"es\",\"@id\":\"https:\/\/crees.org.do\/#\/schema\/person\/image\/\",\"url\":\"https:\/\/secure.gravatar.com\/avatar\/390ac8f0be5d9aa046152553e2dd7011b59a512d89c150f5e5f28bb8d9a0b165?s=96&d=mm&r=g\",\"contentUrl\":\"https:\/\/secure.gravatar.com\/avatar\/390ac8f0be5d9aa046152553e2dd7011b59a512d89c150f5e5f28bb8d9a0b165?s=96&d=mm&r=g\",\"caption\":\"Crees\"},\"url\":\"https:\/\/crees.org.do\/?author=2\"}]}<\/script>\n<!-- \/ Yoast SEO plugin. -->","yoast_head_json":{"title":"Suben p\u00e9rdidas sector el\u00e9ctrico en primeros 7 meses de 2020 | CREES","robots":{"index":"index","follow":"follow","max-snippet":"max-snippet:-1","max-image-preview":"max-image-preview:large","max-video-preview":"max-video-preview:-1"},"canonical":"https:\/\/crees.org.do\/?p=20866","og_locale":"es_ES","og_type":"article","og_title":"Suben p\u00e9rdidas sector el\u00e9ctrico en primeros 7 meses de 2020 | CREES","og_description":"Publicado el: Martes 3 de noviembre del 2020Autor: HoyEn los primeros siete meses de este a\u00f1o las p\u00e9rdidas de energ\u00eda el\u00e9ctrica evidenciaron un deterioro significativo, al aumentar a 44 %; un 33.1 por ciento correspondiente a p\u00e9rdidas de energ\u00eda y 10.8 % a energ\u00eda facturada pero no cobrada.","og_url":"https:\/\/crees.org.do\/?p=20866","og_site_name":"CREES","article_publisher":"https:\/\/www.facebook.com\/CREESRD\/","article_published_time":"2020-01-11T00:00:00+00:00","og_image":[{"width":244,"height":71,"url":"https:\/\/crees.org.do\/wp-content\/uploads\/2022\/03\/crees-logo-1.jpg","type":"image\/jpeg"}],"author":"Crees","twitter_card":"summary_large_image","twitter_creator":"@CREESRD","twitter_site":"@CREESRD","twitter_misc":{"Escrito por":"Crees","Tiempo de lectura":"2 minutos"},"schema":{"@context":"https:\/\/schema.org","@graph":[{"@type":"Article","@id":"https:\/\/crees.org.do\/?p=20866#article","isPartOf":{"@id":"https:\/\/crees.org.do\/?p=20866"},"author":{"name":"Crees","@id":"https:\/\/crees.org.do\/#\/schema\/person\/e7f97cd94d7bf9cd0e0ce30acb7d56b8"},"headline":"Suben p\u00e9rdidas sector el\u00e9ctrico en primeros 7 meses de 2020","datePublished":"2020-01-11T00:00:00+00:00","mainEntityOfPage":{"@id":"https:\/\/crees.org.do\/?p=20866"},"wordCount":481,"commentCount":0,"publisher":{"@id":"https:\/\/crees.org.do\/#organization"},"articleSection":["Blog"],"inLanguage":"es"},{"@type":"WebPage","@id":"https:\/\/crees.org.do\/?p=20866","url":"https:\/\/crees.org.do\/?p=20866","name":"Suben p\u00e9rdidas sector el\u00e9ctrico en primeros 7 meses de 2020 | CREES","isPartOf":{"@id":"https:\/\/crees.org.do\/#website"},"datePublished":"2020-01-11T00:00:00+00:00","breadcrumb":{"@id":"https:\/\/crees.org.do\/?p=20866#breadcrumb"},"inLanguage":"es","potentialAction":[{"@type":"ReadAction","target":["https:\/\/crees.org.do\/?p=20866"]}]},{"@type":"BreadcrumbList","@id":"https:\/\/crees.org.do\/?p=20866#breadcrumb","itemListElement":[{"@type":"ListItem","position":1,"name":"Portada","item":"https:\/\/crees.org.do\/"},{"@type":"ListItem","position":2,"name":"Suben p\u00e9rdidas sector el\u00e9ctrico en primeros 7 meses de 2020"}]},{"@type":"WebSite","@id":"https:\/\/crees.org.do\/#website","url":"https:\/\/crees.org.do\/","name":"CREES","description":"Centro Regional de Estrategias Econ\u00f3micas Sostenibles","publisher":{"@id":"https:\/\/crees.org.do\/#organization"},"potentialAction":[{"@type":"SearchAction","target":{"@type":"EntryPoint","urlTemplate":"https:\/\/crees.org.do\/?s={search_term_string}"},"query-input":{"@type":"PropertyValueSpecification","valueRequired":true,"valueName":"search_term_string"}}],"inLanguage":"es"},{"@type":"Organization","@id":"https:\/\/crees.org.do\/#organization","name":"CREES | Centro Regional de Estrategias Econ\u00f3micas Sostenibles","url":"https:\/\/crees.org.do\/","logo":{"@type":"ImageObject","inLanguage":"es","@id":"https:\/\/crees.org.do\/#\/schema\/logo\/image\/","url":"https:\/\/crees.org.do\/wp-content\/uploads\/2022\/03\/crees-logo-1.jpg","contentUrl":"https:\/\/crees.org.do\/wp-content\/uploads\/2022\/03\/crees-logo-1.jpg","width":244,"height":71,"caption":"CREES | Centro Regional de Estrategias Econ\u00f3micas Sostenibles"},"image":{"@id":"https:\/\/crees.org.do\/#\/schema\/logo\/image\/"},"sameAs":["https:\/\/www.facebook.com\/CREESRD\/","https:\/\/x.com\/CREESRD"]},{"@type":"Person","@id":"https:\/\/crees.org.do\/#\/schema\/person\/e7f97cd94d7bf9cd0e0ce30acb7d56b8","name":"Crees","image":{"@type":"ImageObject","inLanguage":"es","@id":"https:\/\/crees.org.do\/#\/schema\/person\/image\/","url":"https:\/\/secure.gravatar.com\/avatar\/390ac8f0be5d9aa046152553e2dd7011b59a512d89c150f5e5f28bb8d9a0b165?s=96&d=mm&r=g","contentUrl":"https:\/\/secure.gravatar.com\/avatar\/390ac8f0be5d9aa046152553e2dd7011b59a512d89c150f5e5f28bb8d9a0b165?s=96&d=mm&r=g","caption":"Crees"},"url":"https:\/\/crees.org.do\/?author=2"}]}},"_links":{"self":[{"href":"https:\/\/crees.org.do\/index.php?rest_route=\/wp\/v2\/posts\/20866","targetHints":{"allow":["GET"]}}],"collection":[{"href":"https:\/\/crees.org.do\/index.php?rest_route=\/wp\/v2\/posts"}],"about":[{"href":"https:\/\/crees.org.do\/index.php?rest_route=\/wp\/v2\/types\/post"}],"author":[{"embeddable":true,"href":"https:\/\/crees.org.do\/index.php?rest_route=\/wp\/v2\/users\/2"}],"replies":[{"embeddable":true,"href":"https:\/\/crees.org.do\/index.php?rest_route=%2Fwp%2Fv2%2Fcomments&post=20866"}],"version-history":[{"count":0,"href":"https:\/\/crees.org.do\/index.php?rest_route=\/wp\/v2\/posts\/20866\/revisions"}],"wp:attachment":[{"href":"https:\/\/crees.org.do\/index.php?rest_route=%2Fwp%2Fv2%2Fmedia&parent=20866"}],"wp:term":[{"taxonomy":"category","embeddable":true,"href":"https:\/\/crees.org.do\/index.php?rest_route=%2Fwp%2Fv2%2Fcategories&post=20866"},{"taxonomy":"post_tag","embeddable":true,"href":"https:\/\/crees.org.do\/index.php?rest_route=%2Fwp%2Fv2%2Ftags&post=20866"}],"curies":[{"name":"wp","href":"https:\/\/api.w.org\/{rel}","templated":true}]}}