{"id":20869,"date":"2020-01-11T00:00:00","date_gmt":"2020-01-11T00:00:00","guid":{"rendered":"https:\/\/crees.org.do\/crees-advierte-deuda-del-sector-publico-consolidado-alcanza-el-70-del-pib\/"},"modified":"2020-01-11T00:00:00","modified_gmt":"2020-01-11T00:00:00","slug":"crees-advierte-deuda-del-sector-publico-consolidado-alcanza-el-70-del-pib","status":"publish","type":"post","link":"https:\/\/crees.org.do\/?p=20869","title":{"rendered":"CREES advierte deuda del Sector P\u00fablico Consolidado alcanza el 70% del PIB"},"content":{"rendered":"<p style=\"text-align: justify;\"><span style=\"font-size: 12px;\"><span style=\"font-family: verdana, geneva, sans-serif;\">Autor:&nbsp;<\/span><\/span><span style=\"font-family: verdana, geneva, sans-serif; font-size: 12px;\">Peri\u00f3dico Hoy<\/span><\/p>\n<p style=\"text-align: justify;\"><span style=\"font-family: verdana, geneva, sans-serif; font-size: 12px;\">Extra\u00eddo de: Peri\u00f3dico Hoy<\/span><\/p>\n<p style=\"text-align: justify;\"><span style=\"font-size:12px;\"><span style=\"font-family:verdana,geneva,sans-serif;\"><span style=\"background-color: rgb(255, 255, 255); color: rgb(34, 34, 34);\">El director de investigaciones del Centro Regional de Estrategias Econ\u00f3micas Sostenibles (CREES), Miguel Collado Di Franco, advirti\u00f3 que las estimaciones hechas por esa entidad establecen que la deuda del Sector P\u00fablico Consolidado ha alcanzado el 70 por ciento del Producto Interno Bruto.&nbsp;<\/span><\/span><\/span><\/p>\n<p style=\"box-sizing: border-box; margin-right: auto; margin-bottom: 26px; margin-left: auto; overflow-wrap: break-word; color: rgb(34, 34, 34); font-family: Oxygen; font-size: 17px; background-color: rgb(255, 255, 255); text-align: justify;\"><span style=\"font-size:12px;\"><span style=\"font-family:verdana,geneva,sans-serif;\">Dijo que han llegado a ese porcentaje partiendo de los datos arrojados por la Direcci\u00f3n de Cr\u00e9ditos P\u00fablicos reportado al mes de octubre del presente a\u00f1o.&nbsp;<\/span><\/span><\/p>\n<p style=\"box-sizing: border-box; margin-right: auto; margin-bottom: 26px; margin-left: auto; overflow-wrap: break-word; color: rgb(34, 34, 34); font-family: Oxygen; font-size: 17px; background-color: rgb(255, 255, 255); text-align: justify;\"><span style=\"font-size:12px;\"><span style=\"font-family:verdana,geneva,sans-serif;\">Collado Di Franco explic\u00f3 que esa cifra la consolidan con la del Banco Central, y de la manera que hacen el c\u00e1lculo del nivel de deuda sobre el PIB, alcanza el 70%.&nbsp;<\/span><\/span><\/p>\n<p style=\"box-sizing: border-box; margin-right: auto; margin-bottom: 26px; margin-left: auto; overflow-wrap: break-word; color: rgb(34, 34, 34); font-family: Oxygen; font-size: 17px; background-color: rgb(255, 255, 255); text-align: justify;\"><span style=\"font-size:12px;\"><span style=\"font-family:verdana,geneva,sans-serif;\">Entrevistado por H\u00e9ctor Herrera Cabral en el programa D&acute;AGENDA que cada domingo se difunde por Telesistema Canal 11, el economista Senior del CREES agreg\u00f3 que esa situaci\u00f3n es preocupante.&nbsp;<\/span><\/span><\/p>\n<p style=\"box-sizing: border-box; margin-right: auto; margin-bottom: 26px; margin-left: auto; overflow-wrap: break-word; color: rgb(34, 34, 34); font-family: Oxygen; font-size: 17px; background-color: rgb(255, 255, 255); text-align: justify;\"><span style=\"font-size:12px;\"><span style=\"font-family:verdana,geneva,sans-serif;\">Agreg\u00f3 que algo que es m\u00e1s preocupante todav\u00eda, es cuanto est\u00e1 destinando la Rep\u00fablica Dominicana de sus ingresos tributarios para el pago de la deuda p\u00fablica.&nbsp;<\/span><\/span><\/p>\n<p style=\"box-sizing: border-box; margin-right: auto; margin-bottom: 26px; margin-left: auto; overflow-wrap: break-word; color: rgb(34, 34, 34); font-family: Oxygen; font-size: 17px; background-color: rgb(255, 255, 255); text-align: justify;\"><span style=\"font-size:12px;\"><span style=\"font-family:verdana,geneva,sans-serif;\">&ldquo;Nosotros venimos de que el a\u00f1o pasado, la relaci\u00f3n era aproximadamente un 24 por ciento, el gasto de los intereses como porcentaje de los ingresos tributarios, ya eso era preocupante porque nos colocaba entre los tres pa\u00edses de Am\u00e9rica Latina con esa mayor proporci\u00f3n&rdquo;, record\u00f3 el profesional de la econom\u00eda.&nbsp;<\/span><\/span><\/p>\n<p style=\"box-sizing: border-box; margin-right: auto; margin-bottom: 26px; margin-left: auto; overflow-wrap: break-word; color: rgb(34, 34, 34); font-family: Oxygen; font-size: 17px; background-color: rgb(255, 255, 255); text-align: justify;\"><span style=\"font-size:12px;\"><span style=\"font-family:verdana,geneva,sans-serif;\">Sostuvo que ese es un indicador que no se emplea tanto en el pa\u00eds, aunque si ya ha comenzado a prestarle m\u00e1s atenci\u00f3n, el CREES lo ha venido analizando desde el 2012 que fue el a\u00f1o de su incorporaci\u00f3n, pero ya dos de las tres calificadoras de riesgos la est\u00e1n utilizando para evaluar el riesgo soberano de los pa\u00edses, es decir Moddy&acute;s y Fitch est\u00e1n utilizando esa m\u00e9trica.&nbsp;<\/span><\/span><\/p>\n<p style=\"box-sizing: border-box; margin-right: auto; margin-bottom: 26px; margin-left: auto; overflow-wrap: break-word; color: rgb(34, 34, 34); font-family: Oxygen; font-size: 17px; background-color: rgb(255, 255, 255); text-align: justify;\"><span style=\"font-size:12px;\"><span style=\"font-family:verdana,geneva,sans-serif;\">&ldquo;Entonces qu\u00e9 nos quiere decir esto, o m\u00e1s bien, c\u00f3mo anda la situaci\u00f3n en la Rep\u00fablica Dominicana, es que alrededor del 31 por ciento de los ingresos tributarios se est\u00e1n utilizando al pago de intereses&rdquo;, indic\u00f3.&nbsp;<\/span><\/span><\/p>\n<p style=\"box-sizing: border-box; margin-right: auto; margin-bottom: 26px; margin-left: auto; overflow-wrap: break-word; color: rgb(34, 34, 34); font-family: Oxygen; font-size: 17px; background-color: rgb(255, 255, 255); text-align: justify;\"><span style=\"font-size:12px;\"><span style=\"font-family:verdana,geneva,sans-serif;\">Di Franco alert\u00f3 en el sentido de que esa es una relaci\u00f3n que ya empieza a preocupar, aunque reconoci\u00f3 que la circunstancia en que nos encontramos, la medida a aplicar deb\u00eda ser controlar el gasto, pero con la ca\u00edda de los ingresos habr\u00eda que endeudarse, y as\u00ed se ha hecho.&nbsp;<\/span><\/span><\/p>\n<p style=\"box-sizing: border-box; margin-right: auto; margin-bottom: 26px; margin-left: auto; overflow-wrap: break-word; color: rgb(34, 34, 34); font-family: Oxygen; font-size: 17px; background-color: rgb(255, 255, 255); text-align: justify;\"><span style=\"font-size:12px;\"><span style=\"font-family:verdana,geneva,sans-serif;\">&ldquo;De acuerdo al \u00faltimo dato publicado por Cr\u00e9dito P\u00fablico ahora para octubre, nosotros siempre lo que hacemos es que tomamos ese dato y consolidamos esa deuda con la del Banco Central, y de la manera que nosotros hacemos el c\u00e1lculo nos dio que ahora mismo el nivel de deuda sobre el PIB, es decir consolidada (Sector P\u00fablico no Financiero, m\u00e1s Banco Central), nos da ya el 70% del Producto Interno Bruto&rdquo;, reiter\u00f3.&nbsp;<\/span><\/span><\/p>\n<p style=\"box-sizing: border-box; margin-right: auto; margin-bottom: 26px; margin-left: auto; overflow-wrap: break-word; color: rgb(34, 34, 34); font-family: Oxygen; font-size: 17px; background-color: rgb(255, 255, 255); text-align: justify;\"><span style=\"font-size:12px;\"><span style=\"font-family:verdana,geneva,sans-serif;\">El director de Investigaciones del CREES expres\u00f3 que, visto ese panorama, existe la necesidad de hacer la reforma para enderezar la finanza p\u00fablica, la cual debi\u00f3 hacerse en los primeros d\u00edas de esta administraci\u00f3n, espec\u00edficamente la aprobaci\u00f3n de la Ley de Responsabilidad Fiscal.&nbsp;<\/span><\/span><\/p>\n<p style=\"box-sizing: border-box; margin-right: auto; margin-bottom: 26px; margin-left: auto; overflow-wrap: break-word; color: rgb(34, 34, 34); font-family: Oxygen; font-size: 17px; background-color: rgb(255, 255, 255); text-align: justify;\"><span style=\"font-size:12px;\"><span style=\"font-family:verdana,geneva,sans-serif;\">Explic\u00f3 que en dicha norma se debe establecer reglas de gastos, d\u00e9ficit y endeudamiento, y eso mandar\u00eda una se\u00f1al de que existe un plan de enderezar las finanzas, de regresar a una situaci\u00f3n m\u00e1s manejable en equis cantidad de tiempo, y concomitantemente con eso se deber\u00e1 implementar una reforma al C\u00f3digo Tributario de la Rep\u00fablica Dominicana.&nbsp;<\/span><\/span><\/p>\n<p style=\"box-sizing: border-box; margin-right: auto; margin-bottom: 26px; margin-left: auto; overflow-wrap: break-word; color: rgb(34, 34, 34); font-family: Oxygen; font-size: 17px; background-color: rgb(255, 255, 255); text-align: justify;\"><span style=\"font-size:12px;\"><span style=\"font-family:verdana,geneva,sans-serif;\">Miguel Collado aclara recuperaci\u00f3n de la econom\u00eda a los niveles 2019 no es previsibles hasta el 2022&nbsp;<\/span><\/span><\/p>\n<p style=\"box-sizing: border-box; margin-right: auto; margin-bottom: 26px; margin-left: auto; overflow-wrap: break-word; color: rgb(34, 34, 34); font-family: Oxygen; font-size: 17px; background-color: rgb(255, 255, 255); text-align: justify;\"><span style=\"font-size:12px;\"><span style=\"font-family:verdana,geneva,sans-serif;\">Miguel Collado Di Franco economista Senior del CREES estima que la econom\u00eda dominicana no se recuperar\u00e1 como sostienen algunos sectores oficiales, y que para volver al dinamismo que exhib\u00eda en el 2019, habr\u00e1 que esperar hasta el 2022.&nbsp;<\/span><\/span><\/p>\n<p style=\"box-sizing: border-box; margin-right: auto; margin-bottom: 26px; margin-left: auto; overflow-wrap: break-word; color: rgb(34, 34, 34); font-family: Oxygen; font-size: 17px; background-color: rgb(255, 255, 255); text-align: justify;\"><span style=\"font-size:12px;\"><span style=\"font-family:verdana,geneva,sans-serif;\">Collado prev\u00e9 que el crecimiento del Producto Interno Bruto podr\u00eda rondar el cuatro por ciento en el 2021, y eso no ser\u00eda retornar a la normalidad por tratarse de incremento en comparaci\u00f3n con la ca\u00edda de m\u00e1s de un 8 por ciento que experimentar\u00e1 el PIB en el presente a\u00f1o.&nbsp;<\/span><\/span><\/p>\n<p style=\"box-sizing: border-box; margin-right: auto; margin-bottom: 26px; margin-left: auto; overflow-wrap: break-word; color: rgb(34, 34, 34); font-family: Oxygen; font-size: 17px; background-color: rgb(255, 255, 255); text-align: justify;\"><span style=\"font-size:12px;\"><span style=\"font-family:verdana,geneva,sans-serif;\">&ldquo;Vamos a suponer que el a\u00f1o que viene empezamos a recuperarnos, pero la recuperaci\u00f3n no la vamos a tener en el 2021 a los niveles del 2019, podr\u00edamos tenerlos en el 2022, o sea estoy poniendo esto en contexto, y por lo tanto el 2021 ser\u00eda un a\u00f1o dif\u00edcil&rdquo;, recalc\u00f3 el director de investigaciones del CREES.&nbsp;<\/span><\/span><\/p>\n<p style=\"box-sizing: border-box; margin-right: auto; margin-bottom: 26px; margin-left: auto; overflow-wrap: break-word; color: rgb(34, 34, 34); font-family: Oxygen; font-size: 17px; background-color: rgb(255, 255, 255); text-align: justify;\"><span style=\"font-size:12px;\"><span style=\"font-family:verdana,geneva,sans-serif;\">Agreg\u00f3 que lo primero que hay que tomar en cuenta cu\u00e1l es la ca\u00edda de la econom\u00eda en este a\u00f1o, que el CREES estima que ser\u00eda superior al ocho por ciento.&nbsp;<\/span><\/span><\/p>\n<p style=\"box-sizing: border-box; margin-right: auto; margin-bottom: 26px; margin-left: auto; overflow-wrap: break-word; color: rgb(34, 34, 34); font-family: Oxygen; font-size: 17px; background-color: rgb(255, 255, 255); text-align: justify;\"><span style=\"font-size:12px;\"><span style=\"font-family:verdana,geneva,sans-serif;\">&ldquo;Entonces cuando tu tiene una ca\u00edda tan grande, las perspectivas de crecimiento son m\u00e1s f\u00e1cil porque con cualquier soplo de incentivo la econom\u00eda puede crecer&rdquo;, aclar\u00f3.&nbsp;<\/span><\/span><\/p>\n<p style=\"box-sizing: border-box; margin-right: auto; margin-bottom: 26px; margin-left: auto; overflow-wrap: break-word; color: rgb(34, 34, 34); font-family: Oxygen; font-size: 17px; background-color: rgb(255, 255, 255); text-align: justify;\"><span style=\"font-size:12px;\"><span style=\"font-family:verdana,geneva,sans-serif;\">Collado Di Franco dijo que talvez el 6% proyectado por las autoridades del Banco Central sea un poco optimista, porque podr\u00eda ser un cuatro por ciento, pero el problema es que despu\u00e9s que se ha tenido una ca\u00edda tan considerable como la actual, aunque crezca, recuperar el nivel de la econom\u00eda previo a la pandemia, no se va logar el a\u00f1o pr\u00f3ximo.&nbsp;<\/span><\/span><\/p>\n<p style=\"box-sizing: border-box; margin-right: auto; margin-bottom: 26px; margin-left: auto; overflow-wrap: break-word; color: rgb(34, 34, 34); font-family: Oxygen; font-size: 17px; background-color: rgb(255, 255, 255); text-align: justify;\"><span style=\"font-size:12px;\"><span style=\"font-family:verdana,geneva,sans-serif;\">El ejecutivo del CREES insisti\u00f3 en que, a pesar de que tengamos la vacuna, se necesitan reformas estructurales en la Rep\u00fablica Dominicana para acelerar la recuperaci\u00f3n.&nbsp;&nbsp;<\/span><\/span><\/p>\n<div class=\"pvc_clear\"><\/div>\n<p class=\"pvc_stats all \" data-element-id=\"20869\" style=\"\"><i class=\"pvc-stats-icon medium\" aria-hidden=\"true\"><svg aria-hidden=\"true\" focusable=\"false\" data-prefix=\"far\" data-icon=\"chart-bar\" role=\"img\" xmlns=\"http:\/\/www.w3.org\/2000\/svg\" viewBox=\"0 0 512 512\" class=\"svg-inline--fa fa-chart-bar fa-w-16 fa-2x\"><path fill=\"currentColor\" d=\"M396.8 352h22.4c6.4 0 12.8-6.4 12.8-12.8V108.8c0-6.4-6.4-12.8-12.8-12.8h-22.4c-6.4 0-12.8 6.4-12.8 12.8v230.4c0 6.4 6.4 12.8 12.8 12.8zm-192 0h22.4c6.4 0 12.8-6.4 12.8-12.8V140.8c0-6.4-6.4-12.8-12.8-12.8h-22.4c-6.4 0-12.8 6.4-12.8 12.8v198.4c0 6.4 6.4 12.8 12.8 12.8zm96 0h22.4c6.4 0 12.8-6.4 12.8-12.8V204.8c0-6.4-6.4-12.8-12.8-12.8h-22.4c-6.4 0-12.8 6.4-12.8 12.8v134.4c0 6.4 6.4 12.8 12.8 12.8zM496 400H48V80c0-8.84-7.16-16-16-16H16C7.16 64 0 71.16 0 80v336c0 17.67 14.33 32 32 32h464c8.84 0 16-7.16 16-16v-16c0-8.84-7.16-16-16-16zm-387.2-48h22.4c6.4 0 12.8-6.4 12.8-12.8v-70.4c0-6.4-6.4-12.8-12.8-12.8h-22.4c-6.4 0-12.8 6.4-12.8 12.8v70.4c0 6.4 6.4 12.8 12.8 12.8z\" class=\"\"><\/path><\/svg><\/i> Vistas Totales&nbsp;309&nbsp;, Vistas Hoy&nbsp;1&nbsp;<\/p>\n<div class=\"pvc_clear\"><\/div>\n","protected":false},"excerpt":{"rendered":"<p>Publicado el: Mi\u00e9rcoles 29 de noviembre del 2020Autor: HoyEl director de investigaciones del Centro Regional de Estrategias Econ\u00f3micas Sostenibles (CREES), Miguel Collado Di Franco, advirti\u00f3 que las estimaciones hechas por esa entidad establecen que la deuda del Sector P\u00fablico Consolidado ha alcanzado el 70 por ciento del Producto Interno Bruto. <\/p>\n<div class=\"pvc_clear\"><\/div>\n<p class=\"pvc_stats all \" data-element-id=\"20869\" style=\"\"><i class=\"pvc-stats-icon medium\" aria-hidden=\"true\"><svg aria-hidden=\"true\" focusable=\"false\" data-prefix=\"far\" data-icon=\"chart-bar\" role=\"img\" xmlns=\"http:\/\/www.w3.org\/2000\/svg\" viewBox=\"0 0 512 512\" class=\"svg-inline--fa fa-chart-bar fa-w-16 fa-2x\"><path fill=\"currentColor\" d=\"M396.8 352h22.4c6.4 0 12.8-6.4 12.8-12.8V108.8c0-6.4-6.4-12.8-12.8-12.8h-22.4c-6.4 0-12.8 6.4-12.8 12.8v230.4c0 6.4 6.4 12.8 12.8 12.8zm-192 0h22.4c6.4 0 12.8-6.4 12.8-12.8V140.8c0-6.4-6.4-12.8-12.8-12.8h-22.4c-6.4 0-12.8 6.4-12.8 12.8v198.4c0 6.4 6.4 12.8 12.8 12.8zm96 0h22.4c6.4 0 12.8-6.4 12.8-12.8V204.8c0-6.4-6.4-12.8-12.8-12.8h-22.4c-6.4 0-12.8 6.4-12.8 12.8v134.4c0 6.4 6.4 12.8 12.8 12.8zM496 400H48V80c0-8.84-7.16-16-16-16H16C7.16 64 0 71.16 0 80v336c0 17.67 14.33 32 32 32h464c8.84 0 16-7.16 16-16v-16c0-8.84-7.16-16-16-16zm-387.2-48h22.4c6.4 0 12.8-6.4 12.8-12.8v-70.4c0-6.4-6.4-12.8-12.8-12.8h-22.4c-6.4 0-12.8 6.4-12.8 12.8v70.4c0 6.4 6.4 12.8 12.8 12.8z\" class=\"\"><\/path><\/svg><\/i> Vistas Totales&nbsp;309&nbsp;, Vistas Hoy&nbsp;1&nbsp;<\/p>\n<div class=\"pvc_clear\"><\/div>\n","protected":false},"author":2,"featured_media":0,"comment_status":"open","ping_status":"open","sticky":false,"template":"","format":"standard","meta":{"footnotes":""},"categories":[21],"tags":[],"class_list":["post-20869","post","type-post","status-publish","format-standard","hentry","category-blog"],"yoast_head":"<!-- This site is optimized with the Yoast SEO plugin v25.2 - https:\/\/yoast.com\/wordpress\/plugins\/seo\/ -->\n<title>CREES advierte deuda del Sector P\u00fablico Consolidado alcanza el 70% del PIB | CREES<\/title>\n<meta name=\"robots\" content=\"index, follow, max-snippet:-1, max-image-preview:large, max-video-preview:-1\" \/>\n<link rel=\"canonical\" href=\"https:\/\/crees.org.do\/?p=20869\" \/>\n<meta property=\"og:locale\" content=\"es_ES\" \/>\n<meta property=\"og:type\" content=\"article\" \/>\n<meta property=\"og:title\" content=\"CREES advierte deuda del Sector P\u00fablico Consolidado alcanza el 70% del PIB | CREES\" \/>\n<meta property=\"og:description\" content=\"Publicado el: Mi\u00e9rcoles 29 de noviembre del 2020Autor: HoyEl director de investigaciones del Centro Regional de Estrategias Econ\u00f3micas Sostenibles (CREES), Miguel Collado Di Franco, advirti\u00f3 que las estimaciones hechas por esa entidad establecen que la deuda del Sector P\u00fablico Consolidado ha alcanzado el 70 por ciento del Producto Interno Bruto.\" \/>\n<meta property=\"og:url\" content=\"https:\/\/crees.org.do\/?p=20869\" \/>\n<meta property=\"og:site_name\" content=\"CREES\" \/>\n<meta property=\"article:publisher\" content=\"https:\/\/www.facebook.com\/CREESRD\/\" \/>\n<meta property=\"article:published_time\" content=\"2020-01-11T00:00:00+00:00\" \/>\n<meta property=\"og:image\" content=\"https:\/\/crees.org.do\/wp-content\/uploads\/2022\/03\/crees-logo-1.jpg\" \/>\n\t<meta property=\"og:image:width\" content=\"244\" \/>\n\t<meta property=\"og:image:height\" content=\"71\" \/>\n\t<meta property=\"og:image:type\" content=\"image\/jpeg\" \/>\n<meta name=\"author\" content=\"Crees\" \/>\n<meta name=\"twitter:card\" content=\"summary_large_image\" \/>\n<meta name=\"twitter:creator\" content=\"@CREESRD\" \/>\n<meta name=\"twitter:site\" content=\"@CREESRD\" \/>\n<meta name=\"twitter:label1\" content=\"Escrito por\" \/>\n\t<meta name=\"twitter:data1\" content=\"Crees\" \/>\n\t<meta name=\"twitter:label2\" content=\"Tiempo de lectura\" \/>\n\t<meta name=\"twitter:data2\" content=\"5 minutos\" \/>\n<script type=\"application\/ld+json\" class=\"yoast-schema-graph\">{\"@context\":\"https:\/\/schema.org\",\"@graph\":[{\"@type\":\"Article\",\"@id\":\"https:\/\/crees.org.do\/?p=20869#article\",\"isPartOf\":{\"@id\":\"https:\/\/crees.org.do\/?p=20869\"},\"author\":{\"name\":\"Crees\",\"@id\":\"https:\/\/crees.org.do\/#\/schema\/person\/e7f97cd94d7bf9cd0e0ce30acb7d56b8\"},\"headline\":\"CREES advierte deuda del Sector P\u00fablico Consolidado alcanza el 70% del PIB\",\"datePublished\":\"2020-01-11T00:00:00+00:00\",\"mainEntityOfPage\":{\"@id\":\"https:\/\/crees.org.do\/?p=20869\"},\"wordCount\":963,\"commentCount\":0,\"publisher\":{\"@id\":\"https:\/\/crees.org.do\/#organization\"},\"articleSection\":[\"Blog\"],\"inLanguage\":\"es\"},{\"@type\":\"WebPage\",\"@id\":\"https:\/\/crees.org.do\/?p=20869\",\"url\":\"https:\/\/crees.org.do\/?p=20869\",\"name\":\"CREES advierte deuda del Sector P\u00fablico Consolidado alcanza el 70% del PIB | CREES\",\"isPartOf\":{\"@id\":\"https:\/\/crees.org.do\/#website\"},\"datePublished\":\"2020-01-11T00:00:00+00:00\",\"breadcrumb\":{\"@id\":\"https:\/\/crees.org.do\/?p=20869#breadcrumb\"},\"inLanguage\":\"es\",\"potentialAction\":[{\"@type\":\"ReadAction\",\"target\":[\"https:\/\/crees.org.do\/?p=20869\"]}]},{\"@type\":\"BreadcrumbList\",\"@id\":\"https:\/\/crees.org.do\/?p=20869#breadcrumb\",\"itemListElement\":[{\"@type\":\"ListItem\",\"position\":1,\"name\":\"Portada\",\"item\":\"https:\/\/crees.org.do\/\"},{\"@type\":\"ListItem\",\"position\":2,\"name\":\"CREES advierte deuda del Sector P\u00fablico Consolidado alcanza el 70% del PIB\"}]},{\"@type\":\"WebSite\",\"@id\":\"https:\/\/crees.org.do\/#website\",\"url\":\"https:\/\/crees.org.do\/\",\"name\":\"CREES\",\"description\":\"Centro Regional de Estrategias Econ\u00f3micas Sostenibles\",\"publisher\":{\"@id\":\"https:\/\/crees.org.do\/#organization\"},\"potentialAction\":[{\"@type\":\"SearchAction\",\"target\":{\"@type\":\"EntryPoint\",\"urlTemplate\":\"https:\/\/crees.org.do\/?s={search_term_string}\"},\"query-input\":{\"@type\":\"PropertyValueSpecification\",\"valueRequired\":true,\"valueName\":\"search_term_string\"}}],\"inLanguage\":\"es\"},{\"@type\":\"Organization\",\"@id\":\"https:\/\/crees.org.do\/#organization\",\"name\":\"CREES | Centro Regional de Estrategias Econ\u00f3micas Sostenibles\",\"url\":\"https:\/\/crees.org.do\/\",\"logo\":{\"@type\":\"ImageObject\",\"inLanguage\":\"es\",\"@id\":\"https:\/\/crees.org.do\/#\/schema\/logo\/image\/\",\"url\":\"https:\/\/crees.org.do\/wp-content\/uploads\/2022\/03\/crees-logo-1.jpg\",\"contentUrl\":\"https:\/\/crees.org.do\/wp-content\/uploads\/2022\/03\/crees-logo-1.jpg\",\"width\":244,\"height\":71,\"caption\":\"CREES | Centro Regional de Estrategias Econ\u00f3micas Sostenibles\"},\"image\":{\"@id\":\"https:\/\/crees.org.do\/#\/schema\/logo\/image\/\"},\"sameAs\":[\"https:\/\/www.facebook.com\/CREESRD\/\",\"https:\/\/x.com\/CREESRD\"]},{\"@type\":\"Person\",\"@id\":\"https:\/\/crees.org.do\/#\/schema\/person\/e7f97cd94d7bf9cd0e0ce30acb7d56b8\",\"name\":\"Crees\",\"image\":{\"@type\":\"ImageObject\",\"inLanguage\":\"es\",\"@id\":\"https:\/\/crees.org.do\/#\/schema\/person\/image\/\",\"url\":\"https:\/\/secure.gravatar.com\/avatar\/390ac8f0be5d9aa046152553e2dd7011b59a512d89c150f5e5f28bb8d9a0b165?s=96&d=mm&r=g\",\"contentUrl\":\"https:\/\/secure.gravatar.com\/avatar\/390ac8f0be5d9aa046152553e2dd7011b59a512d89c150f5e5f28bb8d9a0b165?s=96&d=mm&r=g\",\"caption\":\"Crees\"},\"url\":\"https:\/\/crees.org.do\/?author=2\"}]}<\/script>\n<!-- \/ Yoast SEO plugin. -->","yoast_head_json":{"title":"CREES advierte deuda del Sector P\u00fablico Consolidado alcanza el 70% del PIB | CREES","robots":{"index":"index","follow":"follow","max-snippet":"max-snippet:-1","max-image-preview":"max-image-preview:large","max-video-preview":"max-video-preview:-1"},"canonical":"https:\/\/crees.org.do\/?p=20869","og_locale":"es_ES","og_type":"article","og_title":"CREES advierte deuda del Sector P\u00fablico Consolidado alcanza el 70% del PIB | CREES","og_description":"Publicado el: Mi\u00e9rcoles 29 de noviembre del 2020Autor: HoyEl director de investigaciones del Centro Regional de Estrategias Econ\u00f3micas Sostenibles (CREES), Miguel Collado Di Franco, advirti\u00f3 que las estimaciones hechas por esa entidad establecen que la deuda del Sector P\u00fablico Consolidado ha alcanzado el 70 por ciento del Producto Interno Bruto.","og_url":"https:\/\/crees.org.do\/?p=20869","og_site_name":"CREES","article_publisher":"https:\/\/www.facebook.com\/CREESRD\/","article_published_time":"2020-01-11T00:00:00+00:00","og_image":[{"width":244,"height":71,"url":"https:\/\/crees.org.do\/wp-content\/uploads\/2022\/03\/crees-logo-1.jpg","type":"image\/jpeg"}],"author":"Crees","twitter_card":"summary_large_image","twitter_creator":"@CREESRD","twitter_site":"@CREESRD","twitter_misc":{"Escrito por":"Crees","Tiempo de lectura":"5 minutos"},"schema":{"@context":"https:\/\/schema.org","@graph":[{"@type":"Article","@id":"https:\/\/crees.org.do\/?p=20869#article","isPartOf":{"@id":"https:\/\/crees.org.do\/?p=20869"},"author":{"name":"Crees","@id":"https:\/\/crees.org.do\/#\/schema\/person\/e7f97cd94d7bf9cd0e0ce30acb7d56b8"},"headline":"CREES advierte deuda del Sector P\u00fablico Consolidado alcanza el 70% del PIB","datePublished":"2020-01-11T00:00:00+00:00","mainEntityOfPage":{"@id":"https:\/\/crees.org.do\/?p=20869"},"wordCount":963,"commentCount":0,"publisher":{"@id":"https:\/\/crees.org.do\/#organization"},"articleSection":["Blog"],"inLanguage":"es"},{"@type":"WebPage","@id":"https:\/\/crees.org.do\/?p=20869","url":"https:\/\/crees.org.do\/?p=20869","name":"CREES advierte deuda del Sector P\u00fablico Consolidado alcanza el 70% del PIB | CREES","isPartOf":{"@id":"https:\/\/crees.org.do\/#website"},"datePublished":"2020-01-11T00:00:00+00:00","breadcrumb":{"@id":"https:\/\/crees.org.do\/?p=20869#breadcrumb"},"inLanguage":"es","potentialAction":[{"@type":"ReadAction","target":["https:\/\/crees.org.do\/?p=20869"]}]},{"@type":"BreadcrumbList","@id":"https:\/\/crees.org.do\/?p=20869#breadcrumb","itemListElement":[{"@type":"ListItem","position":1,"name":"Portada","item":"https:\/\/crees.org.do\/"},{"@type":"ListItem","position":2,"name":"CREES advierte deuda del Sector P\u00fablico Consolidado alcanza el 70% del PIB"}]},{"@type":"WebSite","@id":"https:\/\/crees.org.do\/#website","url":"https:\/\/crees.org.do\/","name":"CREES","description":"Centro Regional de Estrategias Econ\u00f3micas Sostenibles","publisher":{"@id":"https:\/\/crees.org.do\/#organization"},"potentialAction":[{"@type":"SearchAction","target":{"@type":"EntryPoint","urlTemplate":"https:\/\/crees.org.do\/?s={search_term_string}"},"query-input":{"@type":"PropertyValueSpecification","valueRequired":true,"valueName":"search_term_string"}}],"inLanguage":"es"},{"@type":"Organization","@id":"https:\/\/crees.org.do\/#organization","name":"CREES | Centro Regional de Estrategias Econ\u00f3micas Sostenibles","url":"https:\/\/crees.org.do\/","logo":{"@type":"ImageObject","inLanguage":"es","@id":"https:\/\/crees.org.do\/#\/schema\/logo\/image\/","url":"https:\/\/crees.org.do\/wp-content\/uploads\/2022\/03\/crees-logo-1.jpg","contentUrl":"https:\/\/crees.org.do\/wp-content\/uploads\/2022\/03\/crees-logo-1.jpg","width":244,"height":71,"caption":"CREES | Centro Regional de Estrategias Econ\u00f3micas Sostenibles"},"image":{"@id":"https:\/\/crees.org.do\/#\/schema\/logo\/image\/"},"sameAs":["https:\/\/www.facebook.com\/CREESRD\/","https:\/\/x.com\/CREESRD"]},{"@type":"Person","@id":"https:\/\/crees.org.do\/#\/schema\/person\/e7f97cd94d7bf9cd0e0ce30acb7d56b8","name":"Crees","image":{"@type":"ImageObject","inLanguage":"es","@id":"https:\/\/crees.org.do\/#\/schema\/person\/image\/","url":"https:\/\/secure.gravatar.com\/avatar\/390ac8f0be5d9aa046152553e2dd7011b59a512d89c150f5e5f28bb8d9a0b165?s=96&d=mm&r=g","contentUrl":"https:\/\/secure.gravatar.com\/avatar\/390ac8f0be5d9aa046152553e2dd7011b59a512d89c150f5e5f28bb8d9a0b165?s=96&d=mm&r=g","caption":"Crees"},"url":"https:\/\/crees.org.do\/?author=2"}]}},"_links":{"self":[{"href":"https:\/\/crees.org.do\/index.php?rest_route=\/wp\/v2\/posts\/20869","targetHints":{"allow":["GET"]}}],"collection":[{"href":"https:\/\/crees.org.do\/index.php?rest_route=\/wp\/v2\/posts"}],"about":[{"href":"https:\/\/crees.org.do\/index.php?rest_route=\/wp\/v2\/types\/post"}],"author":[{"embeddable":true,"href":"https:\/\/crees.org.do\/index.php?rest_route=\/wp\/v2\/users\/2"}],"replies":[{"embeddable":true,"href":"https:\/\/crees.org.do\/index.php?rest_route=%2Fwp%2Fv2%2Fcomments&post=20869"}],"version-history":[{"count":0,"href":"https:\/\/crees.org.do\/index.php?rest_route=\/wp\/v2\/posts\/20869\/revisions"}],"wp:attachment":[{"href":"https:\/\/crees.org.do\/index.php?rest_route=%2Fwp%2Fv2%2Fmedia&parent=20869"}],"wp:term":[{"taxonomy":"category","embeddable":true,"href":"https:\/\/crees.org.do\/index.php?rest_route=%2Fwp%2Fv2%2Fcategories&post=20869"},{"taxonomy":"post_tag","embeddable":true,"href":"https:\/\/crees.org.do\/index.php?rest_route=%2Fwp%2Fv2%2Ftags&post=20869"}],"curies":[{"name":"wp","href":"https:\/\/api.w.org\/{rel}","templated":true}]}}