{"id":22013,"date":"2021-08-20T15:03:18","date_gmt":"2021-08-20T15:03:18","guid":{"rendered":"https:\/\/crees.org.do\/?p=22013"},"modified":"2021-09-01T14:20:40","modified_gmt":"2021-09-01T14:20:40","slug":"faltaron-detalles-en-obras-anunciadas-por-abinader","status":"publish","type":"post","link":"https:\/\/crees.org.do\/?p=22013","title":{"rendered":"Faltaron detalles en obras anunciadas por Abinader"},"content":{"rendered":"<p style=\"text-align: justify;\">Autor: Kelvin Pascual<\/p>\n<p style=\"text-align: justify;\">Fecha: 20 de agosto del 2021<\/p>\n<p style=\"text-align: justify;\">Extra\u00eddo de:\u00a0<a href=\"https:\/\/hoy.com.do\/faltaron-detalles-en-obras-anunciadas-por-abinader\/\">Hoy<\/a><\/p>\n<p style=\"text-align: justify;\">Los economistas Isidoro Santana y Miguel Collado Di Franco valoraron ayer como positivo el discurso de rendici\u00f3n de cuentas del presidente Luis Abinader, aunque entienden que en temas como la construcci\u00f3n de obras e infraestructuras faltaron detalles.<\/p>\n<p style=\"text-align: justify;\">Seg\u00fan Di Franco los temas del proceso de vacunaci\u00f3n, la institucionalidad, compras y contrataciones y trasparencia son incuestionables.<\/p>\n<p style=\"text-align: justify;\">Dijo que faltar\u00eda claridad en cu\u00e1les obras ser\u00edan construidas con alianzas p\u00fablico privado, porque la visi\u00f3n de la sociedad es que el Gobierno se apoye en este tipo de alianza.<br \/>\n\u201cEsto para que las alianzas puedan ayudar las finanzas p\u00fablicas y no se comprometa tanto el nivel de endeudamiento\u201d, dijo.<\/p>\n<p style=\"text-align: justify;\">Expres\u00f3 que algo muy importante es que la poblaci\u00f3n conozca cu\u00e1l es el retorno econ\u00f3mico y social de esas obras.<br \/>\nEn cuanto a las reformas, el economista se\u00f1al\u00f3 que la reforma fiscal integral es impostergable y que es positivo que se haya hablado de reducci\u00f3n de impuestos.<\/p>\n<p style=\"text-align: justify;\">Entiende que en el tema el\u00e9ctrico hay mucho que avanzar.<br \/>\nMientras que Santana apunt\u00f3 que en general fue un discurso muy positivo, tomando en cuenta la situaci\u00f3n de la pandemia.<br \/>\nEn cuanto a las obras, dijo que no cree que logre hacerlas todas, porque, apunta, el gobierno ha prometido m\u00e1s de lo que puede cumplir.<\/p>\n<p style=\"text-align: justify;\">Precis\u00f3 que el mayor problema del Estado es el fiscal, ya que para poder hacer lo que ha hecho ha tenido que endeudarse m\u00e1s de lo normal, pero se justifica.<\/p>\n<p style=\"text-align: justify;\">Dijo que hay que buscar soluciones al problema fiscal.<\/p>\n<p style=\"text-align: justify;\">\u201cLa mayor parte de esas obras va a hacer imposible que las puedan llevar a cabo. El Gobierno dijo que va a entrar en una negociaci\u00f3n de un pacto fiscal. De las reformas habr\u00eda que esperar a ver los detalles\u201d, agreg\u00f3 el economista.<\/p>\n<div class=\"pvc_clear\"><\/div>\n<p class=\"pvc_stats all \" data-element-id=\"22013\" style=\"\"><i class=\"pvc-stats-icon medium\" aria-hidden=\"true\"><svg aria-hidden=\"true\" focusable=\"false\" data-prefix=\"far\" data-icon=\"chart-bar\" role=\"img\" xmlns=\"http:\/\/www.w3.org\/2000\/svg\" viewBox=\"0 0 512 512\" class=\"svg-inline--fa fa-chart-bar fa-w-16 fa-2x\"><path fill=\"currentColor\" d=\"M396.8 352h22.4c6.4 0 12.8-6.4 12.8-12.8V108.8c0-6.4-6.4-12.8-12.8-12.8h-22.4c-6.4 0-12.8 6.4-12.8 12.8v230.4c0 6.4 6.4 12.8 12.8 12.8zm-192 0h22.4c6.4 0 12.8-6.4 12.8-12.8V140.8c0-6.4-6.4-12.8-12.8-12.8h-22.4c-6.4 0-12.8 6.4-12.8 12.8v198.4c0 6.4 6.4 12.8 12.8 12.8zm96 0h22.4c6.4 0 12.8-6.4 12.8-12.8V204.8c0-6.4-6.4-12.8-12.8-12.8h-22.4c-6.4 0-12.8 6.4-12.8 12.8v134.4c0 6.4 6.4 12.8 12.8 12.8zM496 400H48V80c0-8.84-7.16-16-16-16H16C7.16 64 0 71.16 0 80v336c0 17.67 14.33 32 32 32h464c8.84 0 16-7.16 16-16v-16c0-8.84-7.16-16-16-16zm-387.2-48h22.4c6.4 0 12.8-6.4 12.8-12.8v-70.4c0-6.4-6.4-12.8-12.8-12.8h-22.4c-6.4 0-12.8 6.4-12.8 12.8v70.4c0 6.4 6.4 12.8 12.8 12.8z\" class=\"\"><\/path><\/svg><\/i> Vistas Totales&nbsp;1,033&nbsp;<\/p>\n<div class=\"pvc_clear\"><\/div>\n","protected":false},"excerpt":{"rendered":"<p>Autor: Kelvin Pascual Fecha: 20 de agosto del 2021 Extra\u00eddo de:\u00a0Hoy Los economistas Isidoro Santana y Miguel Collado Di Franco valoraron ayer como positivo el discurso de rendici\u00f3n de cuentas del presidente Luis Abinader, aunque entienden que en temas como la construcci\u00f3n de obras e infraestructuras faltaron detalles. Seg\u00fan Di Franco los temas del proceso&#8230;<\/p>\n<div class=\"pvc_clear\"><\/div>\n<p class=\"pvc_stats all \" data-element-id=\"22013\" style=\"\"><i class=\"pvc-stats-icon medium\" aria-hidden=\"true\"><svg aria-hidden=\"true\" focusable=\"false\" data-prefix=\"far\" data-icon=\"chart-bar\" role=\"img\" xmlns=\"http:\/\/www.w3.org\/2000\/svg\" viewBox=\"0 0 512 512\" class=\"svg-inline--fa fa-chart-bar fa-w-16 fa-2x\"><path fill=\"currentColor\" d=\"M396.8 352h22.4c6.4 0 12.8-6.4 12.8-12.8V108.8c0-6.4-6.4-12.8-12.8-12.8h-22.4c-6.4 0-12.8 6.4-12.8 12.8v230.4c0 6.4 6.4 12.8 12.8 12.8zm-192 0h22.4c6.4 0 12.8-6.4 12.8-12.8V140.8c0-6.4-6.4-12.8-12.8-12.8h-22.4c-6.4 0-12.8 6.4-12.8 12.8v198.4c0 6.4 6.4 12.8 12.8 12.8zm96 0h22.4c6.4 0 12.8-6.4 12.8-12.8V204.8c0-6.4-6.4-12.8-12.8-12.8h-22.4c-6.4 0-12.8 6.4-12.8 12.8v134.4c0 6.4 6.4 12.8 12.8 12.8zM496 400H48V80c0-8.84-7.16-16-16-16H16C7.16 64 0 71.16 0 80v336c0 17.67 14.33 32 32 32h464c8.84 0 16-7.16 16-16v-16c0-8.84-7.16-16-16-16zm-387.2-48h22.4c6.4 0 12.8-6.4 12.8-12.8v-70.4c0-6.4-6.4-12.8-12.8-12.8h-22.4c-6.4 0-12.8 6.4-12.8 12.8v70.4c0 6.4 6.4 12.8 12.8 12.8z\" class=\"\"><\/path><\/svg><\/i> Vistas Totales&nbsp;1,033&nbsp;<\/p>\n<div class=\"pvc_clear\"><\/div>\n","protected":false},"author":2,"featured_media":22014,"comment_status":"closed","ping_status":"closed","sticky":false,"template":"","format":"standard","meta":{"footnotes":""},"categories":[19],"tags":[],"class_list":["post-22013","post","type-post","status-publish","format-standard","has-post-thumbnail","hentry","category-actualidad"],"yoast_head":"<!-- This site is optimized with the Yoast SEO plugin v25.2 - https:\/\/yoast.com\/wordpress\/plugins\/seo\/ -->\n<title>Faltaron detalles en obras anunciadas por Abinader | CREES<\/title>\n<meta name=\"robots\" content=\"index, follow, max-snippet:-1, max-image-preview:large, max-video-preview:-1\" \/>\n<link rel=\"canonical\" href=\"https:\/\/crees.org.do\/?p=22013\" \/>\n<meta property=\"og:locale\" content=\"es_ES\" \/>\n<meta property=\"og:type\" content=\"article\" \/>\n<meta property=\"og:title\" content=\"Faltaron detalles en obras anunciadas por Abinader | CREES\" \/>\n<meta property=\"og:description\" content=\"Autor: Kelvin Pascual Fecha: 20 de agosto del 2021 Extra\u00eddo de:\u00a0Hoy Los economistas Isidoro Santana y Miguel Collado Di Franco valoraron ayer como positivo el discurso de rendici\u00f3n de cuentas del presidente Luis Abinader, aunque entienden que en temas como la construcci\u00f3n de obras e infraestructuras faltaron detalles. Seg\u00fan Di Franco los temas del proceso...\" \/>\n<meta property=\"og:url\" content=\"https:\/\/crees.org.do\/?p=22013\" \/>\n<meta property=\"og:site_name\" content=\"CREES\" \/>\n<meta property=\"article:publisher\" content=\"https:\/\/www.facebook.com\/CREESRD\/\" \/>\n<meta property=\"article:published_time\" content=\"2021-08-20T15:03:18+00:00\" \/>\n<meta property=\"article:modified_time\" content=\"2021-09-01T14:20:40+00:00\" \/>\n<meta property=\"og:image\" content=\"https:\/\/crees.org.do\/wp-content\/uploads\/2021\/08\/18_Economia_20_1p01.jpg\" \/>\n\t<meta property=\"og:image:width\" content=\"816\" \/>\n\t<meta property=\"og:image:height\" content=\"1028\" \/>\n\t<meta property=\"og:image:type\" content=\"image\/jpeg\" \/>\n<meta name=\"author\" content=\"Crees\" \/>\n<meta name=\"twitter:card\" content=\"summary_large_image\" \/>\n<meta name=\"twitter:creator\" content=\"@CREESRD\" \/>\n<meta name=\"twitter:site\" content=\"@CREESRD\" \/>\n<meta name=\"twitter:label1\" content=\"Escrito por\" \/>\n\t<meta name=\"twitter:data1\" content=\"Crees\" \/>\n\t<meta name=\"twitter:label2\" content=\"Tiempo de lectura\" \/>\n\t<meta name=\"twitter:data2\" content=\"2 minutos\" \/>\n<script type=\"application\/ld+json\" class=\"yoast-schema-graph\">{\"@context\":\"https:\/\/schema.org\",\"@graph\":[{\"@type\":\"Article\",\"@id\":\"https:\/\/crees.org.do\/?p=22013#article\",\"isPartOf\":{\"@id\":\"https:\/\/crees.org.do\/?p=22013\"},\"author\":{\"name\":\"Crees\",\"@id\":\"https:\/\/crees.org.do\/#\/schema\/person\/e7f97cd94d7bf9cd0e0ce30acb7d56b8\"},\"headline\":\"Faltaron detalles en obras anunciadas por Abinader\",\"datePublished\":\"2021-08-20T15:03:18+00:00\",\"dateModified\":\"2021-09-01T14:20:40+00:00\",\"mainEntityOfPage\":{\"@id\":\"https:\/\/crees.org.do\/?p=22013\"},\"wordCount\":328,\"publisher\":{\"@id\":\"https:\/\/crees.org.do\/#organization\"},\"image\":{\"@id\":\"https:\/\/crees.org.do\/?p=22013#primaryimage\"},\"thumbnailUrl\":\"https:\/\/crees.org.do\/wp-content\/uploads\/2021\/08\/18_Economia_20_1p01.jpg\",\"articleSection\":[\"Actualidad\"],\"inLanguage\":\"es\"},{\"@type\":\"WebPage\",\"@id\":\"https:\/\/crees.org.do\/?p=22013\",\"url\":\"https:\/\/crees.org.do\/?p=22013\",\"name\":\"Faltaron detalles en obras anunciadas por Abinader | CREES\",\"isPartOf\":{\"@id\":\"https:\/\/crees.org.do\/#website\"},\"primaryImageOfPage\":{\"@id\":\"https:\/\/crees.org.do\/?p=22013#primaryimage\"},\"image\":{\"@id\":\"https:\/\/crees.org.do\/?p=22013#primaryimage\"},\"thumbnailUrl\":\"https:\/\/crees.org.do\/wp-content\/uploads\/2021\/08\/18_Economia_20_1p01.jpg\",\"datePublished\":\"2021-08-20T15:03:18+00:00\",\"dateModified\":\"2021-09-01T14:20:40+00:00\",\"breadcrumb\":{\"@id\":\"https:\/\/crees.org.do\/?p=22013#breadcrumb\"},\"inLanguage\":\"es\",\"potentialAction\":[{\"@type\":\"ReadAction\",\"target\":[\"https:\/\/crees.org.do\/?p=22013\"]}]},{\"@type\":\"ImageObject\",\"inLanguage\":\"es\",\"@id\":\"https:\/\/crees.org.do\/?p=22013#primaryimage\",\"url\":\"https:\/\/crees.org.do\/wp-content\/uploads\/2021\/08\/18_Economia_20_1p01.jpg\",\"contentUrl\":\"https:\/\/crees.org.do\/wp-content\/uploads\/2021\/08\/18_Economia_20_1p01.jpg\",\"width\":816,\"height\":1028},{\"@type\":\"BreadcrumbList\",\"@id\":\"https:\/\/crees.org.do\/?p=22013#breadcrumb\",\"itemListElement\":[{\"@type\":\"ListItem\",\"position\":1,\"name\":\"Portada\",\"item\":\"https:\/\/crees.org.do\/\"},{\"@type\":\"ListItem\",\"position\":2,\"name\":\"Faltaron detalles en obras anunciadas por Abinader\"}]},{\"@type\":\"WebSite\",\"@id\":\"https:\/\/crees.org.do\/#website\",\"url\":\"https:\/\/crees.org.do\/\",\"name\":\"CREES\",\"description\":\"Centro Regional de Estrategias Econ\u00f3micas Sostenibles\",\"publisher\":{\"@id\":\"https:\/\/crees.org.do\/#organization\"},\"potentialAction\":[{\"@type\":\"SearchAction\",\"target\":{\"@type\":\"EntryPoint\",\"urlTemplate\":\"https:\/\/crees.org.do\/?s={search_term_string}\"},\"query-input\":{\"@type\":\"PropertyValueSpecification\",\"valueRequired\":true,\"valueName\":\"search_term_string\"}}],\"inLanguage\":\"es\"},{\"@type\":\"Organization\",\"@id\":\"https:\/\/crees.org.do\/#organization\",\"name\":\"CREES | Centro Regional de Estrategias Econ\u00f3micas Sostenibles\",\"url\":\"https:\/\/crees.org.do\/\",\"logo\":{\"@type\":\"ImageObject\",\"inLanguage\":\"es\",\"@id\":\"https:\/\/crees.org.do\/#\/schema\/logo\/image\/\",\"url\":\"https:\/\/crees.org.do\/wp-content\/uploads\/2022\/03\/crees-logo-1.jpg\",\"contentUrl\":\"https:\/\/crees.org.do\/wp-content\/uploads\/2022\/03\/crees-logo-1.jpg\",\"width\":244,\"height\":71,\"caption\":\"CREES | Centro Regional de Estrategias Econ\u00f3micas Sostenibles\"},\"image\":{\"@id\":\"https:\/\/crees.org.do\/#\/schema\/logo\/image\/\"},\"sameAs\":[\"https:\/\/www.facebook.com\/CREESRD\/\",\"https:\/\/x.com\/CREESRD\"]},{\"@type\":\"Person\",\"@id\":\"https:\/\/crees.org.do\/#\/schema\/person\/e7f97cd94d7bf9cd0e0ce30acb7d56b8\",\"name\":\"Crees\",\"image\":{\"@type\":\"ImageObject\",\"inLanguage\":\"es\",\"@id\":\"https:\/\/crees.org.do\/#\/schema\/person\/image\/\",\"url\":\"https:\/\/secure.gravatar.com\/avatar\/390ac8f0be5d9aa046152553e2dd7011b59a512d89c150f5e5f28bb8d9a0b165?s=96&d=mm&r=g\",\"contentUrl\":\"https:\/\/secure.gravatar.com\/avatar\/390ac8f0be5d9aa046152553e2dd7011b59a512d89c150f5e5f28bb8d9a0b165?s=96&d=mm&r=g\",\"caption\":\"Crees\"},\"url\":\"https:\/\/crees.org.do\/?author=2\"}]}<\/script>\n<!-- \/ Yoast SEO plugin. -->","yoast_head_json":{"title":"Faltaron detalles en obras anunciadas por Abinader | CREES","robots":{"index":"index","follow":"follow","max-snippet":"max-snippet:-1","max-image-preview":"max-image-preview:large","max-video-preview":"max-video-preview:-1"},"canonical":"https:\/\/crees.org.do\/?p=22013","og_locale":"es_ES","og_type":"article","og_title":"Faltaron detalles en obras anunciadas por Abinader | CREES","og_description":"Autor: Kelvin Pascual Fecha: 20 de agosto del 2021 Extra\u00eddo de:\u00a0Hoy Los economistas Isidoro Santana y Miguel Collado Di Franco valoraron ayer como positivo el discurso de rendici\u00f3n de cuentas del presidente Luis Abinader, aunque entienden que en temas como la construcci\u00f3n de obras e infraestructuras faltaron detalles. Seg\u00fan Di Franco los temas del proceso...","og_url":"https:\/\/crees.org.do\/?p=22013","og_site_name":"CREES","article_publisher":"https:\/\/www.facebook.com\/CREESRD\/","article_published_time":"2021-08-20T15:03:18+00:00","article_modified_time":"2021-09-01T14:20:40+00:00","og_image":[{"width":816,"height":1028,"url":"https:\/\/crees.org.do\/wp-content\/uploads\/2021\/08\/18_Economia_20_1p01.jpg","type":"image\/jpeg"}],"author":"Crees","twitter_card":"summary_large_image","twitter_creator":"@CREESRD","twitter_site":"@CREESRD","twitter_misc":{"Escrito por":"Crees","Tiempo de lectura":"2 minutos"},"schema":{"@context":"https:\/\/schema.org","@graph":[{"@type":"Article","@id":"https:\/\/crees.org.do\/?p=22013#article","isPartOf":{"@id":"https:\/\/crees.org.do\/?p=22013"},"author":{"name":"Crees","@id":"https:\/\/crees.org.do\/#\/schema\/person\/e7f97cd94d7bf9cd0e0ce30acb7d56b8"},"headline":"Faltaron detalles en obras anunciadas por Abinader","datePublished":"2021-08-20T15:03:18+00:00","dateModified":"2021-09-01T14:20:40+00:00","mainEntityOfPage":{"@id":"https:\/\/crees.org.do\/?p=22013"},"wordCount":328,"publisher":{"@id":"https:\/\/crees.org.do\/#organization"},"image":{"@id":"https:\/\/crees.org.do\/?p=22013#primaryimage"},"thumbnailUrl":"https:\/\/crees.org.do\/wp-content\/uploads\/2021\/08\/18_Economia_20_1p01.jpg","articleSection":["Actualidad"],"inLanguage":"es"},{"@type":"WebPage","@id":"https:\/\/crees.org.do\/?p=22013","url":"https:\/\/crees.org.do\/?p=22013","name":"Faltaron detalles en obras anunciadas por Abinader | CREES","isPartOf":{"@id":"https:\/\/crees.org.do\/#website"},"primaryImageOfPage":{"@id":"https:\/\/crees.org.do\/?p=22013#primaryimage"},"image":{"@id":"https:\/\/crees.org.do\/?p=22013#primaryimage"},"thumbnailUrl":"https:\/\/crees.org.do\/wp-content\/uploads\/2021\/08\/18_Economia_20_1p01.jpg","datePublished":"2021-08-20T15:03:18+00:00","dateModified":"2021-09-01T14:20:40+00:00","breadcrumb":{"@id":"https:\/\/crees.org.do\/?p=22013#breadcrumb"},"inLanguage":"es","potentialAction":[{"@type":"ReadAction","target":["https:\/\/crees.org.do\/?p=22013"]}]},{"@type":"ImageObject","inLanguage":"es","@id":"https:\/\/crees.org.do\/?p=22013#primaryimage","url":"https:\/\/crees.org.do\/wp-content\/uploads\/2021\/08\/18_Economia_20_1p01.jpg","contentUrl":"https:\/\/crees.org.do\/wp-content\/uploads\/2021\/08\/18_Economia_20_1p01.jpg","width":816,"height":1028},{"@type":"BreadcrumbList","@id":"https:\/\/crees.org.do\/?p=22013#breadcrumb","itemListElement":[{"@type":"ListItem","position":1,"name":"Portada","item":"https:\/\/crees.org.do\/"},{"@type":"ListItem","position":2,"name":"Faltaron detalles en obras anunciadas por Abinader"}]},{"@type":"WebSite","@id":"https:\/\/crees.org.do\/#website","url":"https:\/\/crees.org.do\/","name":"CREES","description":"Centro Regional de Estrategias Econ\u00f3micas Sostenibles","publisher":{"@id":"https:\/\/crees.org.do\/#organization"},"potentialAction":[{"@type":"SearchAction","target":{"@type":"EntryPoint","urlTemplate":"https:\/\/crees.org.do\/?s={search_term_string}"},"query-input":{"@type":"PropertyValueSpecification","valueRequired":true,"valueName":"search_term_string"}}],"inLanguage":"es"},{"@type":"Organization","@id":"https:\/\/crees.org.do\/#organization","name":"CREES | Centro Regional de Estrategias Econ\u00f3micas Sostenibles","url":"https:\/\/crees.org.do\/","logo":{"@type":"ImageObject","inLanguage":"es","@id":"https:\/\/crees.org.do\/#\/schema\/logo\/image\/","url":"https:\/\/crees.org.do\/wp-content\/uploads\/2022\/03\/crees-logo-1.jpg","contentUrl":"https:\/\/crees.org.do\/wp-content\/uploads\/2022\/03\/crees-logo-1.jpg","width":244,"height":71,"caption":"CREES | Centro Regional de Estrategias Econ\u00f3micas Sostenibles"},"image":{"@id":"https:\/\/crees.org.do\/#\/schema\/logo\/image\/"},"sameAs":["https:\/\/www.facebook.com\/CREESRD\/","https:\/\/x.com\/CREESRD"]},{"@type":"Person","@id":"https:\/\/crees.org.do\/#\/schema\/person\/e7f97cd94d7bf9cd0e0ce30acb7d56b8","name":"Crees","image":{"@type":"ImageObject","inLanguage":"es","@id":"https:\/\/crees.org.do\/#\/schema\/person\/image\/","url":"https:\/\/secure.gravatar.com\/avatar\/390ac8f0be5d9aa046152553e2dd7011b59a512d89c150f5e5f28bb8d9a0b165?s=96&d=mm&r=g","contentUrl":"https:\/\/secure.gravatar.com\/avatar\/390ac8f0be5d9aa046152553e2dd7011b59a512d89c150f5e5f28bb8d9a0b165?s=96&d=mm&r=g","caption":"Crees"},"url":"https:\/\/crees.org.do\/?author=2"}]}},"_links":{"self":[{"href":"https:\/\/crees.org.do\/index.php?rest_route=\/wp\/v2\/posts\/22013","targetHints":{"allow":["GET"]}}],"collection":[{"href":"https:\/\/crees.org.do\/index.php?rest_route=\/wp\/v2\/posts"}],"about":[{"href":"https:\/\/crees.org.do\/index.php?rest_route=\/wp\/v2\/types\/post"}],"author":[{"embeddable":true,"href":"https:\/\/crees.org.do\/index.php?rest_route=\/wp\/v2\/users\/2"}],"replies":[{"embeddable":true,"href":"https:\/\/crees.org.do\/index.php?rest_route=%2Fwp%2Fv2%2Fcomments&post=22013"}],"version-history":[{"count":1,"href":"https:\/\/crees.org.do\/index.php?rest_route=\/wp\/v2\/posts\/22013\/revisions"}],"predecessor-version":[{"id":22015,"href":"https:\/\/crees.org.do\/index.php?rest_route=\/wp\/v2\/posts\/22013\/revisions\/22015"}],"wp:featuredmedia":[{"embeddable":true,"href":"https:\/\/crees.org.do\/index.php?rest_route=\/wp\/v2\/media\/22014"}],"wp:attachment":[{"href":"https:\/\/crees.org.do\/index.php?rest_route=%2Fwp%2Fv2%2Fmedia&parent=22013"}],"wp:term":[{"taxonomy":"category","embeddable":true,"href":"https:\/\/crees.org.do\/index.php?rest_route=%2Fwp%2Fv2%2Fcategories&post=22013"},{"taxonomy":"post_tag","embeddable":true,"href":"https:\/\/crees.org.do\/index.php?rest_route=%2Fwp%2Fv2%2Ftags&post=22013"}],"curies":[{"name":"wp","href":"https:\/\/api.w.org\/{rel}","templated":true}]}}