{"id":22033,"date":"2021-08-18T13:56:26","date_gmt":"2021-08-18T13:56:26","guid":{"rendered":"https:\/\/crees.org.do\/?p=22033"},"modified":"2021-09-01T13:57:02","modified_gmt":"2021-09-01T13:57:02","slug":"el-mes-que-viene-se-discutira-reforma-fiscal","status":"publish","type":"post","link":"https:\/\/crees.org.do\/?p=22033","title":{"rendered":"El mes que viene se discutir\u00e1 reforma fiscal"},"content":{"rendered":"<p>Autor: C\u00e1ndida Acosta<\/p>\n<p>Fecha: 18 de agosto del 2021<\/p>\n<p>Extra\u00eddo de: <a href=\"https:\/\/listindiario.com\/economia\/2021\/08\/18\/684376\/el-mes-que-viene-se-discutira-reforma-fiscal\">List\u00edn Diario<\/a><\/p>\n<p style=\"text-align: justify;\">A pesar de que a\u00fan se est\u00e1 pendiente del conocimiento del decreto presidencial para la convocatoria de los sectores privado, estatal y social, para dar inicio a las discusiones de los lineamientos de una reforma fiscal integral que equilibre las fuentes de ingresos y facilite su recaudaci\u00f3n, se estima como la fecha preliminar septiembre pr\u00f3ximo.<\/p>\n<p style=\"text-align: justify;\">Rep\u00fablica Dominicana es uno de los pa\u00edses con menor presi\u00f3n fiscal de la regi\u00f3n de Am\u00e9rica Latina y cuyos niveles de evasi\u00f3n se mantienen en m\u00e1s de 40% en el caso del Impuesto sobre la Transferencia de Bienes Industrializados y Servicios (ITBIS); y de un 60% en e Impuesto Sobre la Renta (ISR), a pesar de nueve reformas fiscales aplicadas desde los a\u00f1os 90 y del 1911 cuando se aplic\u00f3 el C\u00f3digo Tributario, a la fecha.<\/p>\n<p style=\"text-align: justify;\">Todav\u00eda el Consejo Econ\u00f3mico y Social (CES) no ha recibido el decreto del Poder Ejecutivo para la convocatoria del di\u00e1logo sobre el proyecto fiscal que se constituir\u00e1 en uno de los mayores retos para la actual administraci\u00f3n en vista de que habr\u00e1 que incluir sectores que hoy gozan de exenciones e incentivos, pero tambi\u00e9n se incluir\u00e1n servicios que est\u00e1n exentos para la poblaci\u00f3n en general.<\/p>\n<p style=\"text-align: justify;\">Se trata, seg\u00fan las propuestas y estudios de distintas organizaciones y expertos tributarios, de ir hacia una ampliaci\u00f3n de la base imponible, lo que significa que m\u00e1s productos y servicios pasar\u00e1n a pagar impuestos, muchos de ellos con tasas m\u00e1s bajas y con la diferencia de que esta vez se retomar\u00e1n los lineamientos que dieron origen al C\u00f3digo Tributario de hacer m\u00e1s simple el sistema.<\/p>\n<p style=\"text-align: justify;\"><strong>Propuesta CREES<\/strong><br \/>\nDe acuerdo con la propuesta del Centro Regional de Estrategias Econ\u00f3micas Sostenibles (CREES), la simplificaci\u00f3n del sistema deber\u00eda contemplar bajar la tasa de inter\u00e9s indemnizatorio de 1.10% a 1% anual de manera fija, independientemente de las moras a pagar por los contribuyentes.<\/p>\n<p>Proponen unificar los pagos mensuales en una \u00fanica declaraci\u00f3n jurada mediante un formulario para todas las retenciones mensuales, a ser enviado a m\u00e1s tardar el d\u00eda 20 de cada mes, seg\u00fan las explicaciones del experto Francisco Canahuate Disla, durante su presentaci\u00f3n.<\/p>\n<p>De igual modo, modificar el t\u00edtulo II del Impuesto Sobre la Renta (ISR), a fin de bajar la tasa del gravamen y ampliar la base. De esa forma, las personas f\u00edsicas que tributan sobre la base de tres escalas de 15%, 20% y 25% pasen a tributar , en el caso de la primera escala, de manera gradual de 15% a 13%, 12% y hasta 10% el 2024.<\/p>\n<p>La escala de 20% bajar\u00eda a 18% a 16% y 14% en estos a\u00f1os subsiguientes hasta el 2024. La escala de 25% de renta pasar\u00e1 a 23%, 20% y 16% tambi\u00e9n en el 2024 para este \u00faltimo tramo.Las personas jur\u00eddicas (empresas) que tributan sobre la base de un 27% de renta comenzar\u00edan a tributar de forma gradual anual una tasa de 23%, 20% y 16% en el 2024.<\/p>\n<p><strong>Estudio<\/strong><br \/>\nSeg\u00fan un estudio reciente de Marvin Cardoza, gerente de riesgos tributarios dc la DGII, los ingresos del Estado dependen en su mayor\u00eda de impuestos al consumo (ITBIS, ISC, ISR y el impuesto al patrimonio), mientras que en Am\u00e9rica Latina provienen de recursos mineros.<\/p>\n<p>La dependencia de ingresos tributarios en el pa\u00eds es de 96% y de los no tributarios de 4%. De 14 pa\u00edses de la regi\u00f3n ALC, RD es el de menor dependencia de fuentes no tributarias, seg\u00fan explica en su estudio Sistema tributario en RD, an\u00e1lisis de sus caracter\u00edsticas y complejidades.<\/p>\n<p><strong>Sugerencias<\/strong><br \/>\nRetomar el ajuste por inflaci\u00f3n a partir de 2025, es parte de la propuesta del CREES. Adem\u00e1s, mantener el R\u00e9gimen Simplificado de Tributaci\u00f3n (RST) y comenzar una reducci\u00f3n del pago de anticipos del ISR.<\/p>\n<p><strong>Quitar exenciones<\/strong><br \/>\nSe plantea simplificar el sistema por el lado de los ingresos y, por el gasto racionalizar y eliminar exenciones duplicadas y reducir tasas.<\/p>\n<p><strong>Baja presi\u00f3n<\/strong><br \/>\nEn el estudio de Marvin Cardoza expone c\u00f3mo las leyes de contrarreforma (creaci\u00f3n de incentivos) han contribuido a la baja de la presi\u00f3n tributaria, situaci\u00f3n que ha hecho que el sistema sea costoso para la administraci\u00f3n y para los contribuyentes.<\/p>\n<div class=\"pvc_clear\"><\/div>\n<p class=\"pvc_stats all \" data-element-id=\"22033\" style=\"\"><i class=\"pvc-stats-icon medium\" aria-hidden=\"true\"><svg aria-hidden=\"true\" focusable=\"false\" data-prefix=\"far\" data-icon=\"chart-bar\" role=\"img\" xmlns=\"http:\/\/www.w3.org\/2000\/svg\" viewBox=\"0 0 512 512\" class=\"svg-inline--fa fa-chart-bar fa-w-16 fa-2x\"><path fill=\"currentColor\" d=\"M396.8 352h22.4c6.4 0 12.8-6.4 12.8-12.8V108.8c0-6.4-6.4-12.8-12.8-12.8h-22.4c-6.4 0-12.8 6.4-12.8 12.8v230.4c0 6.4 6.4 12.8 12.8 12.8zm-192 0h22.4c6.4 0 12.8-6.4 12.8-12.8V140.8c0-6.4-6.4-12.8-12.8-12.8h-22.4c-6.4 0-12.8 6.4-12.8 12.8v198.4c0 6.4 6.4 12.8 12.8 12.8zm96 0h22.4c6.4 0 12.8-6.4 12.8-12.8V204.8c0-6.4-6.4-12.8-12.8-12.8h-22.4c-6.4 0-12.8 6.4-12.8 12.8v134.4c0 6.4 6.4 12.8 12.8 12.8zM496 400H48V80c0-8.84-7.16-16-16-16H16C7.16 64 0 71.16 0 80v336c0 17.67 14.33 32 32 32h464c8.84 0 16-7.16 16-16v-16c0-8.84-7.16-16-16-16zm-387.2-48h22.4c6.4 0 12.8-6.4 12.8-12.8v-70.4c0-6.4-6.4-12.8-12.8-12.8h-22.4c-6.4 0-12.8 6.4-12.8 12.8v70.4c0 6.4 6.4 12.8 12.8 12.8z\" class=\"\"><\/path><\/svg><\/i> Vistas Totales&nbsp;1,039&nbsp;<\/p>\n<div class=\"pvc_clear\"><\/div>\n","protected":false},"excerpt":{"rendered":"<p>Autor: C\u00e1ndida Acosta Fecha: 18 de agosto del 2021 Extra\u00eddo de: List\u00edn Diario A pesar de que a\u00fan se est\u00e1 pendiente del conocimiento del decreto presidencial para la convocatoria de los sectores privado, estatal y social, para dar inicio a las discusiones de los lineamientos de una reforma fiscal integral que equilibre las fuentes de&#8230;<\/p>\n<div class=\"pvc_clear\"><\/div>\n<p class=\"pvc_stats all \" data-element-id=\"22033\" style=\"\"><i class=\"pvc-stats-icon medium\" aria-hidden=\"true\"><svg aria-hidden=\"true\" focusable=\"false\" data-prefix=\"far\" data-icon=\"chart-bar\" role=\"img\" xmlns=\"http:\/\/www.w3.org\/2000\/svg\" viewBox=\"0 0 512 512\" class=\"svg-inline--fa fa-chart-bar fa-w-16 fa-2x\"><path fill=\"currentColor\" d=\"M396.8 352h22.4c6.4 0 12.8-6.4 12.8-12.8V108.8c0-6.4-6.4-12.8-12.8-12.8h-22.4c-6.4 0-12.8 6.4-12.8 12.8v230.4c0 6.4 6.4 12.8 12.8 12.8zm-192 0h22.4c6.4 0 12.8-6.4 12.8-12.8V140.8c0-6.4-6.4-12.8-12.8-12.8h-22.4c-6.4 0-12.8 6.4-12.8 12.8v198.4c0 6.4 6.4 12.8 12.8 12.8zm96 0h22.4c6.4 0 12.8-6.4 12.8-12.8V204.8c0-6.4-6.4-12.8-12.8-12.8h-22.4c-6.4 0-12.8 6.4-12.8 12.8v134.4c0 6.4 6.4 12.8 12.8 12.8zM496 400H48V80c0-8.84-7.16-16-16-16H16C7.16 64 0 71.16 0 80v336c0 17.67 14.33 32 32 32h464c8.84 0 16-7.16 16-16v-16c0-8.84-7.16-16-16-16zm-387.2-48h22.4c6.4 0 12.8-6.4 12.8-12.8v-70.4c0-6.4-6.4-12.8-12.8-12.8h-22.4c-6.4 0-12.8 6.4-12.8 12.8v70.4c0 6.4 6.4 12.8 12.8 12.8z\" class=\"\"><\/path><\/svg><\/i> Vistas Totales&nbsp;1,039&nbsp;<\/p>\n<div class=\"pvc_clear\"><\/div>\n","protected":false},"author":2,"featured_media":22034,"comment_status":"closed","ping_status":"closed","sticky":false,"template":"","format":"standard","meta":{"footnotes":""},"categories":[19],"tags":[],"class_list":["post-22033","post","type-post","status-publish","format-standard","has-post-thumbnail","hentry","category-actualidad"],"yoast_head":"<!-- This site is optimized with the Yoast SEO plugin v25.2 - https:\/\/yoast.com\/wordpress\/plugins\/seo\/ -->\n<title>El mes que viene se discutir\u00e1 reforma fiscal | CREES<\/title>\n<meta name=\"robots\" content=\"index, follow, max-snippet:-1, max-image-preview:large, max-video-preview:-1\" \/>\n<link rel=\"canonical\" href=\"https:\/\/crees.org.do\/?p=22033\" \/>\n<meta property=\"og:locale\" content=\"es_ES\" \/>\n<meta property=\"og:type\" content=\"article\" \/>\n<meta property=\"og:title\" content=\"El mes que viene se discutir\u00e1 reforma fiscal | CREES\" \/>\n<meta property=\"og:description\" content=\"Autor: C\u00e1ndida Acosta Fecha: 18 de agosto del 2021 Extra\u00eddo de: List\u00edn Diario A pesar de que a\u00fan se est\u00e1 pendiente del conocimiento del decreto presidencial para la convocatoria de los sectores privado, estatal y social, para dar inicio a las discusiones de los lineamientos de una reforma fiscal integral que equilibre las fuentes de...\" \/>\n<meta property=\"og:url\" content=\"https:\/\/crees.org.do\/?p=22033\" \/>\n<meta property=\"og:site_name\" content=\"CREES\" \/>\n<meta property=\"article:publisher\" content=\"https:\/\/www.facebook.com\/CREESRD\/\" \/>\n<meta property=\"article:published_time\" content=\"2021-08-18T13:56:26+00:00\" \/>\n<meta property=\"article:modified_time\" content=\"2021-09-01T13:57:02+00:00\" \/>\n<meta property=\"og:image\" content=\"https:\/\/crees.org.do\/wp-content\/uploads\/2021\/09\/el-mes-que-viene-se-discutira-reforma-fiscal.jpeg\" \/>\n\t<meta property=\"og:image:width\" content=\"613\" \/>\n\t<meta property=\"og:image:height\" content=\"460\" \/>\n\t<meta property=\"og:image:type\" content=\"image\/jpeg\" \/>\n<meta name=\"author\" content=\"Crees\" \/>\n<meta name=\"twitter:card\" content=\"summary_large_image\" \/>\n<meta name=\"twitter:creator\" content=\"@CREESRD\" \/>\n<meta name=\"twitter:site\" content=\"@CREESRD\" \/>\n<meta name=\"twitter:label1\" content=\"Escrito por\" \/>\n\t<meta name=\"twitter:data1\" content=\"Crees\" \/>\n\t<meta name=\"twitter:label2\" content=\"Tiempo de lectura\" \/>\n\t<meta name=\"twitter:data2\" content=\"4 minutos\" \/>\n<script type=\"application\/ld+json\" class=\"yoast-schema-graph\">{\"@context\":\"https:\/\/schema.org\",\"@graph\":[{\"@type\":\"Article\",\"@id\":\"https:\/\/crees.org.do\/?p=22033#article\",\"isPartOf\":{\"@id\":\"https:\/\/crees.org.do\/?p=22033\"},\"author\":{\"name\":\"Crees\",\"@id\":\"https:\/\/crees.org.do\/#\/schema\/person\/e7f97cd94d7bf9cd0e0ce30acb7d56b8\"},\"headline\":\"El mes que viene se discutir\u00e1 reforma fiscal\",\"datePublished\":\"2021-08-18T13:56:26+00:00\",\"dateModified\":\"2021-09-01T13:57:02+00:00\",\"mainEntityOfPage\":{\"@id\":\"https:\/\/crees.org.do\/?p=22033\"},\"wordCount\":730,\"publisher\":{\"@id\":\"https:\/\/crees.org.do\/#organization\"},\"image\":{\"@id\":\"https:\/\/crees.org.do\/?p=22033#primaryimage\"},\"thumbnailUrl\":\"https:\/\/crees.org.do\/wp-content\/uploads\/2021\/09\/el-mes-que-viene-se-discutira-reforma-fiscal.jpeg\",\"articleSection\":[\"Actualidad\"],\"inLanguage\":\"es\"},{\"@type\":\"WebPage\",\"@id\":\"https:\/\/crees.org.do\/?p=22033\",\"url\":\"https:\/\/crees.org.do\/?p=22033\",\"name\":\"El mes que viene se discutir\u00e1 reforma fiscal | CREES\",\"isPartOf\":{\"@id\":\"https:\/\/crees.org.do\/#website\"},\"primaryImageOfPage\":{\"@id\":\"https:\/\/crees.org.do\/?p=22033#primaryimage\"},\"image\":{\"@id\":\"https:\/\/crees.org.do\/?p=22033#primaryimage\"},\"thumbnailUrl\":\"https:\/\/crees.org.do\/wp-content\/uploads\/2021\/09\/el-mes-que-viene-se-discutira-reforma-fiscal.jpeg\",\"datePublished\":\"2021-08-18T13:56:26+00:00\",\"dateModified\":\"2021-09-01T13:57:02+00:00\",\"breadcrumb\":{\"@id\":\"https:\/\/crees.org.do\/?p=22033#breadcrumb\"},\"inLanguage\":\"es\",\"potentialAction\":[{\"@type\":\"ReadAction\",\"target\":[\"https:\/\/crees.org.do\/?p=22033\"]}]},{\"@type\":\"ImageObject\",\"inLanguage\":\"es\",\"@id\":\"https:\/\/crees.org.do\/?p=22033#primaryimage\",\"url\":\"https:\/\/crees.org.do\/wp-content\/uploads\/2021\/09\/el-mes-que-viene-se-discutira-reforma-fiscal.jpeg\",\"contentUrl\":\"https:\/\/crees.org.do\/wp-content\/uploads\/2021\/09\/el-mes-que-viene-se-discutira-reforma-fiscal.jpeg\",\"width\":613,\"height\":460},{\"@type\":\"BreadcrumbList\",\"@id\":\"https:\/\/crees.org.do\/?p=22033#breadcrumb\",\"itemListElement\":[{\"@type\":\"ListItem\",\"position\":1,\"name\":\"Portada\",\"item\":\"https:\/\/crees.org.do\/\"},{\"@type\":\"ListItem\",\"position\":2,\"name\":\"El mes que viene se discutir\u00e1 reforma fiscal\"}]},{\"@type\":\"WebSite\",\"@id\":\"https:\/\/crees.org.do\/#website\",\"url\":\"https:\/\/crees.org.do\/\",\"name\":\"CREES\",\"description\":\"Centro Regional de Estrategias Econ\u00f3micas Sostenibles\",\"publisher\":{\"@id\":\"https:\/\/crees.org.do\/#organization\"},\"potentialAction\":[{\"@type\":\"SearchAction\",\"target\":{\"@type\":\"EntryPoint\",\"urlTemplate\":\"https:\/\/crees.org.do\/?s={search_term_string}\"},\"query-input\":{\"@type\":\"PropertyValueSpecification\",\"valueRequired\":true,\"valueName\":\"search_term_string\"}}],\"inLanguage\":\"es\"},{\"@type\":\"Organization\",\"@id\":\"https:\/\/crees.org.do\/#organization\",\"name\":\"CREES | Centro Regional de Estrategias Econ\u00f3micas Sostenibles\",\"url\":\"https:\/\/crees.org.do\/\",\"logo\":{\"@type\":\"ImageObject\",\"inLanguage\":\"es\",\"@id\":\"https:\/\/crees.org.do\/#\/schema\/logo\/image\/\",\"url\":\"https:\/\/crees.org.do\/wp-content\/uploads\/2022\/03\/crees-logo-1.jpg\",\"contentUrl\":\"https:\/\/crees.org.do\/wp-content\/uploads\/2022\/03\/crees-logo-1.jpg\",\"width\":244,\"height\":71,\"caption\":\"CREES | Centro Regional de Estrategias Econ\u00f3micas Sostenibles\"},\"image\":{\"@id\":\"https:\/\/crees.org.do\/#\/schema\/logo\/image\/\"},\"sameAs\":[\"https:\/\/www.facebook.com\/CREESRD\/\",\"https:\/\/x.com\/CREESRD\"]},{\"@type\":\"Person\",\"@id\":\"https:\/\/crees.org.do\/#\/schema\/person\/e7f97cd94d7bf9cd0e0ce30acb7d56b8\",\"name\":\"Crees\",\"image\":{\"@type\":\"ImageObject\",\"inLanguage\":\"es\",\"@id\":\"https:\/\/crees.org.do\/#\/schema\/person\/image\/\",\"url\":\"https:\/\/secure.gravatar.com\/avatar\/390ac8f0be5d9aa046152553e2dd7011b59a512d89c150f5e5f28bb8d9a0b165?s=96&d=mm&r=g\",\"contentUrl\":\"https:\/\/secure.gravatar.com\/avatar\/390ac8f0be5d9aa046152553e2dd7011b59a512d89c150f5e5f28bb8d9a0b165?s=96&d=mm&r=g\",\"caption\":\"Crees\"},\"url\":\"https:\/\/crees.org.do\/?author=2\"}]}<\/script>\n<!-- \/ Yoast SEO plugin. -->","yoast_head_json":{"title":"El mes que viene se discutir\u00e1 reforma fiscal | CREES","robots":{"index":"index","follow":"follow","max-snippet":"max-snippet:-1","max-image-preview":"max-image-preview:large","max-video-preview":"max-video-preview:-1"},"canonical":"https:\/\/crees.org.do\/?p=22033","og_locale":"es_ES","og_type":"article","og_title":"El mes que viene se discutir\u00e1 reforma fiscal | CREES","og_description":"Autor: C\u00e1ndida Acosta Fecha: 18 de agosto del 2021 Extra\u00eddo de: List\u00edn Diario A pesar de que a\u00fan se est\u00e1 pendiente del conocimiento del decreto presidencial para la convocatoria de los sectores privado, estatal y social, para dar inicio a las discusiones de los lineamientos de una reforma fiscal integral que equilibre las fuentes de...","og_url":"https:\/\/crees.org.do\/?p=22033","og_site_name":"CREES","article_publisher":"https:\/\/www.facebook.com\/CREESRD\/","article_published_time":"2021-08-18T13:56:26+00:00","article_modified_time":"2021-09-01T13:57:02+00:00","og_image":[{"width":613,"height":460,"url":"https:\/\/crees.org.do\/wp-content\/uploads\/2021\/09\/el-mes-que-viene-se-discutira-reforma-fiscal.jpeg","type":"image\/jpeg"}],"author":"Crees","twitter_card":"summary_large_image","twitter_creator":"@CREESRD","twitter_site":"@CREESRD","twitter_misc":{"Escrito por":"Crees","Tiempo de lectura":"4 minutos"},"schema":{"@context":"https:\/\/schema.org","@graph":[{"@type":"Article","@id":"https:\/\/crees.org.do\/?p=22033#article","isPartOf":{"@id":"https:\/\/crees.org.do\/?p=22033"},"author":{"name":"Crees","@id":"https:\/\/crees.org.do\/#\/schema\/person\/e7f97cd94d7bf9cd0e0ce30acb7d56b8"},"headline":"El mes que viene se discutir\u00e1 reforma fiscal","datePublished":"2021-08-18T13:56:26+00:00","dateModified":"2021-09-01T13:57:02+00:00","mainEntityOfPage":{"@id":"https:\/\/crees.org.do\/?p=22033"},"wordCount":730,"publisher":{"@id":"https:\/\/crees.org.do\/#organization"},"image":{"@id":"https:\/\/crees.org.do\/?p=22033#primaryimage"},"thumbnailUrl":"https:\/\/crees.org.do\/wp-content\/uploads\/2021\/09\/el-mes-que-viene-se-discutira-reforma-fiscal.jpeg","articleSection":["Actualidad"],"inLanguage":"es"},{"@type":"WebPage","@id":"https:\/\/crees.org.do\/?p=22033","url":"https:\/\/crees.org.do\/?p=22033","name":"El mes que viene se discutir\u00e1 reforma fiscal | CREES","isPartOf":{"@id":"https:\/\/crees.org.do\/#website"},"primaryImageOfPage":{"@id":"https:\/\/crees.org.do\/?p=22033#primaryimage"},"image":{"@id":"https:\/\/crees.org.do\/?p=22033#primaryimage"},"thumbnailUrl":"https:\/\/crees.org.do\/wp-content\/uploads\/2021\/09\/el-mes-que-viene-se-discutira-reforma-fiscal.jpeg","datePublished":"2021-08-18T13:56:26+00:00","dateModified":"2021-09-01T13:57:02+00:00","breadcrumb":{"@id":"https:\/\/crees.org.do\/?p=22033#breadcrumb"},"inLanguage":"es","potentialAction":[{"@type":"ReadAction","target":["https:\/\/crees.org.do\/?p=22033"]}]},{"@type":"ImageObject","inLanguage":"es","@id":"https:\/\/crees.org.do\/?p=22033#primaryimage","url":"https:\/\/crees.org.do\/wp-content\/uploads\/2021\/09\/el-mes-que-viene-se-discutira-reforma-fiscal.jpeg","contentUrl":"https:\/\/crees.org.do\/wp-content\/uploads\/2021\/09\/el-mes-que-viene-se-discutira-reforma-fiscal.jpeg","width":613,"height":460},{"@type":"BreadcrumbList","@id":"https:\/\/crees.org.do\/?p=22033#breadcrumb","itemListElement":[{"@type":"ListItem","position":1,"name":"Portada","item":"https:\/\/crees.org.do\/"},{"@type":"ListItem","position":2,"name":"El mes que viene se discutir\u00e1 reforma fiscal"}]},{"@type":"WebSite","@id":"https:\/\/crees.org.do\/#website","url":"https:\/\/crees.org.do\/","name":"CREES","description":"Centro Regional de Estrategias Econ\u00f3micas Sostenibles","publisher":{"@id":"https:\/\/crees.org.do\/#organization"},"potentialAction":[{"@type":"SearchAction","target":{"@type":"EntryPoint","urlTemplate":"https:\/\/crees.org.do\/?s={search_term_string}"},"query-input":{"@type":"PropertyValueSpecification","valueRequired":true,"valueName":"search_term_string"}}],"inLanguage":"es"},{"@type":"Organization","@id":"https:\/\/crees.org.do\/#organization","name":"CREES | Centro Regional de Estrategias Econ\u00f3micas Sostenibles","url":"https:\/\/crees.org.do\/","logo":{"@type":"ImageObject","inLanguage":"es","@id":"https:\/\/crees.org.do\/#\/schema\/logo\/image\/","url":"https:\/\/crees.org.do\/wp-content\/uploads\/2022\/03\/crees-logo-1.jpg","contentUrl":"https:\/\/crees.org.do\/wp-content\/uploads\/2022\/03\/crees-logo-1.jpg","width":244,"height":71,"caption":"CREES | Centro Regional de Estrategias Econ\u00f3micas Sostenibles"},"image":{"@id":"https:\/\/crees.org.do\/#\/schema\/logo\/image\/"},"sameAs":["https:\/\/www.facebook.com\/CREESRD\/","https:\/\/x.com\/CREESRD"]},{"@type":"Person","@id":"https:\/\/crees.org.do\/#\/schema\/person\/e7f97cd94d7bf9cd0e0ce30acb7d56b8","name":"Crees","image":{"@type":"ImageObject","inLanguage":"es","@id":"https:\/\/crees.org.do\/#\/schema\/person\/image\/","url":"https:\/\/secure.gravatar.com\/avatar\/390ac8f0be5d9aa046152553e2dd7011b59a512d89c150f5e5f28bb8d9a0b165?s=96&d=mm&r=g","contentUrl":"https:\/\/secure.gravatar.com\/avatar\/390ac8f0be5d9aa046152553e2dd7011b59a512d89c150f5e5f28bb8d9a0b165?s=96&d=mm&r=g","caption":"Crees"},"url":"https:\/\/crees.org.do\/?author=2"}]}},"_links":{"self":[{"href":"https:\/\/crees.org.do\/index.php?rest_route=\/wp\/v2\/posts\/22033","targetHints":{"allow":["GET"]}}],"collection":[{"href":"https:\/\/crees.org.do\/index.php?rest_route=\/wp\/v2\/posts"}],"about":[{"href":"https:\/\/crees.org.do\/index.php?rest_route=\/wp\/v2\/types\/post"}],"author":[{"embeddable":true,"href":"https:\/\/crees.org.do\/index.php?rest_route=\/wp\/v2\/users\/2"}],"replies":[{"embeddable":true,"href":"https:\/\/crees.org.do\/index.php?rest_route=%2Fwp%2Fv2%2Fcomments&post=22033"}],"version-history":[{"count":1,"href":"https:\/\/crees.org.do\/index.php?rest_route=\/wp\/v2\/posts\/22033\/revisions"}],"predecessor-version":[{"id":22035,"href":"https:\/\/crees.org.do\/index.php?rest_route=\/wp\/v2\/posts\/22033\/revisions\/22035"}],"wp:featuredmedia":[{"embeddable":true,"href":"https:\/\/crees.org.do\/index.php?rest_route=\/wp\/v2\/media\/22034"}],"wp:attachment":[{"href":"https:\/\/crees.org.do\/index.php?rest_route=%2Fwp%2Fv2%2Fmedia&parent=22033"}],"wp:term":[{"taxonomy":"category","embeddable":true,"href":"https:\/\/crees.org.do\/index.php?rest_route=%2Fwp%2Fv2%2Fcategories&post=22033"},{"taxonomy":"post_tag","embeddable":true,"href":"https:\/\/crees.org.do\/index.php?rest_route=%2Fwp%2Fv2%2Ftags&post=22033"}],"curies":[{"name":"wp","href":"https:\/\/api.w.org\/{rel}","templated":true}]}}