{"id":22036,"date":"2021-08-23T14:14:41","date_gmt":"2021-08-23T14:14:41","guid":{"rendered":"https:\/\/crees.org.do\/?p=22036"},"modified":"2021-09-01T14:15:08","modified_gmt":"2021-09-01T14:15:08","slug":"crees-propone-reforma-integral-codigo-tributario","status":"publish","type":"post","link":"https:\/\/crees.org.do\/?p=22036","title":{"rendered":"CREES propone reforma integral C\u00f3digo Tributario"},"content":{"rendered":"<p>Autor: Amarilis Castro<\/p>\n<p>Fecha: 23 de agosto del 2021<\/p>\n<p>Extra\u00eddo de:\u00a0<a href=\"https:\/\/hoy.com.do\/crees-propone-reforma-integral-codigo-tributario\/\">Hoy<\/a><\/p>\n<p>La eliminaci\u00f3n de varios impuestos, ampliar la base del ITBIS, reducir la tasa del ITBIS y del Impuesto Sobre la Renta, reducir los reportes de impuestos para hacer menos costoso el proceso, son algunas de las propuestas que tiene el Centro Regional de Estrategias Econ\u00f3micas Sostenibles (CREES) dentro un Anteproyecto de Ley de Reforma Integral al C\u00f3digo Tributario.<\/p>\n<p>Asimismo, CREES dise\u00f1\u00f3 un Anteproyecto de Ley de Responsabilidad y Transparencia Fiscal.<\/p>\n<p>Durante su participaci\u00f3n como invitados en el Encuentro Econ\u00f3mico de HOY, los economista de la CREES Miguel Collado Di Franco y Rolando Mart\u00ednez expresaron que ambas iniciativas buscan disminuir los incentivos para la informalidad, evasi\u00f3n y elusi\u00f3n.<\/p>\n<p>Adem\u00e1s incrementa las recaudaciones fiscales por mayor actividad productiva y ampliaci\u00f3n de bases, e indirectamente la Tesorer\u00eda de la Seguridad Social (TSS) al simplificar el sistema tributario y lograr la gradualidad en las tasas, transmite confianza en el cambio del sistema tributario (tanto para la Administraci\u00f3n como para los contribuyentes).<\/p>\n<p>Tambi\u00e9n establecer reglas sobre el endeudamiento p\u00fablico.<\/p>\n<p>Ambos economistas plantean que es necesario que se haga una reforma integral del actual C\u00f3digo Tributario, por eso la CREES prepar\u00f3 su propuesta que ha sido debidamente revisada.<\/p>\n<p>Entienden que el liderazgo pol\u00edtico dominicano debe juzgar un papel importante y ser proactivo para acoger propuestas que tengan como objetivo implementar una reforma tributaria integral que no sea fiscalista, que sea gradual y que simplifique el sistema tributario.<\/p>\n<p>Explicaron que el Anteproyecto de Ley de Reforma Integral al C\u00f3digo Tributario sugiere la eliminaci\u00f3n de dividendos en efectivo y a los intereses de personas f\u00edsicas de forma gradual (1.50% en 2021, 1.00% en 2022; 0.75% en 2023; 0.50% en 20224 y 0% en 2025).<\/p>\n<p>Tambi\u00e9n reducir pago de anticipos de 12 a 4 por a\u00f1o (de mensual a trimestral), excluirlo para las actividades agropecuarias<\/p>\n<p>Adem\u00e1s, mantiene el R\u00e9gimen Simplificado de Tributaci\u00f3n (RST). Tambi\u00e9n sugiere transformar el ITBIS a IVA, tasas de 18% y 16% vigentes bajarlas a 15% en 2022; 12% en 2023 y 10% para el 2024.<br \/>\nPor igual, reducir significativamente las exenciones de bienes e introducir nueva tasa (0% actual; 4% en el 2022; 7% en 2023 y 10% en el 2024.<\/p>\n<p>Ley Responsabilidad Fiscal<br \/>\nLa propuesta de Ley de Responsabilidad y Transparencia Fiscal del Centro Regional de Estrategias Econ\u00f3micas Sostenibles (CREES) contempla reglas para controlar el d\u00e9ficit fiscal, el endeudamiento p\u00fablico y la creaci\u00f3n del Fondo de Estabilidad y Sostenibilidad Fiscal (FESF).<\/p>\n<p>Tambi\u00e9n la Oficina Congrensual de Presupuesto y An\u00e1lisis Econ\u00f3mico (OCPAE).<br \/>\nAdem\u00e1s de que la Ley 200-04 sobre Libre Acceso a la Informaci\u00f3n P\u00fablica sea un fundamento jur\u00eddico que garantice la transparencia fiscal.<\/p>\n<p>Por igual, contempla Infracciones y sanciones con el objetivo de que los funcionarios y servidores p\u00fablicos patrimonialmente sean responsables por acciones u omisiones.<br \/>\nLa ley tendr\u00eda 120 d\u00edas para entrar en vigencia, luego de su aprobaci\u00f3n.<\/p>\n<p>&nbsp;<\/p>\n<div class=\"pvc_clear\"><\/div>\n<p class=\"pvc_stats all \" data-element-id=\"22036\" style=\"\"><i class=\"pvc-stats-icon medium\" aria-hidden=\"true\"><svg aria-hidden=\"true\" focusable=\"false\" data-prefix=\"far\" data-icon=\"chart-bar\" role=\"img\" xmlns=\"http:\/\/www.w3.org\/2000\/svg\" viewBox=\"0 0 512 512\" class=\"svg-inline--fa fa-chart-bar fa-w-16 fa-2x\"><path fill=\"currentColor\" d=\"M396.8 352h22.4c6.4 0 12.8-6.4 12.8-12.8V108.8c0-6.4-6.4-12.8-12.8-12.8h-22.4c-6.4 0-12.8 6.4-12.8 12.8v230.4c0 6.4 6.4 12.8 12.8 12.8zm-192 0h22.4c6.4 0 12.8-6.4 12.8-12.8V140.8c0-6.4-6.4-12.8-12.8-12.8h-22.4c-6.4 0-12.8 6.4-12.8 12.8v198.4c0 6.4 6.4 12.8 12.8 12.8zm96 0h22.4c6.4 0 12.8-6.4 12.8-12.8V204.8c0-6.4-6.4-12.8-12.8-12.8h-22.4c-6.4 0-12.8 6.4-12.8 12.8v134.4c0 6.4 6.4 12.8 12.8 12.8zM496 400H48V80c0-8.84-7.16-16-16-16H16C7.16 64 0 71.16 0 80v336c0 17.67 14.33 32 32 32h464c8.84 0 16-7.16 16-16v-16c0-8.84-7.16-16-16-16zm-387.2-48h22.4c6.4 0 12.8-6.4 12.8-12.8v-70.4c0-6.4-6.4-12.8-12.8-12.8h-22.4c-6.4 0-12.8 6.4-12.8 12.8v70.4c0 6.4 6.4 12.8 12.8 12.8z\" class=\"\"><\/path><\/svg><\/i> Vistas Totales&nbsp;1,051&nbsp;<\/p>\n<div class=\"pvc_clear\"><\/div>\n","protected":false},"excerpt":{"rendered":"<p>Autor: Amarilis Castro Fecha: 23 de agosto del 2021 Extra\u00eddo de:\u00a0Hoy La eliminaci\u00f3n de varios impuestos, ampliar la base del ITBIS, reducir la tasa del ITBIS y del Impuesto Sobre la Renta, reducir los reportes de impuestos para hacer menos costoso el proceso, son algunas de las propuestas que tiene el Centro Regional de Estrategias&#8230;<\/p>\n<div class=\"pvc_clear\"><\/div>\n<p class=\"pvc_stats all \" data-element-id=\"22036\" style=\"\"><i class=\"pvc-stats-icon medium\" aria-hidden=\"true\"><svg aria-hidden=\"true\" focusable=\"false\" data-prefix=\"far\" data-icon=\"chart-bar\" role=\"img\" xmlns=\"http:\/\/www.w3.org\/2000\/svg\" viewBox=\"0 0 512 512\" class=\"svg-inline--fa fa-chart-bar fa-w-16 fa-2x\"><path fill=\"currentColor\" d=\"M396.8 352h22.4c6.4 0 12.8-6.4 12.8-12.8V108.8c0-6.4-6.4-12.8-12.8-12.8h-22.4c-6.4 0-12.8 6.4-12.8 12.8v230.4c0 6.4 6.4 12.8 12.8 12.8zm-192 0h22.4c6.4 0 12.8-6.4 12.8-12.8V140.8c0-6.4-6.4-12.8-12.8-12.8h-22.4c-6.4 0-12.8 6.4-12.8 12.8v198.4c0 6.4 6.4 12.8 12.8 12.8zm96 0h22.4c6.4 0 12.8-6.4 12.8-12.8V204.8c0-6.4-6.4-12.8-12.8-12.8h-22.4c-6.4 0-12.8 6.4-12.8 12.8v134.4c0 6.4 6.4 12.8 12.8 12.8zM496 400H48V80c0-8.84-7.16-16-16-16H16C7.16 64 0 71.16 0 80v336c0 17.67 14.33 32 32 32h464c8.84 0 16-7.16 16-16v-16c0-8.84-7.16-16-16-16zm-387.2-48h22.4c6.4 0 12.8-6.4 12.8-12.8v-70.4c0-6.4-6.4-12.8-12.8-12.8h-22.4c-6.4 0-12.8 6.4-12.8 12.8v70.4c0 6.4 6.4 12.8 12.8 12.8z\" class=\"\"><\/path><\/svg><\/i> Vistas Totales&nbsp;1,051&nbsp;<\/p>\n<div class=\"pvc_clear\"><\/div>\n","protected":false},"author":2,"featured_media":22037,"comment_status":"closed","ping_status":"closed","sticky":false,"template":"","format":"standard","meta":{"footnotes":""},"categories":[19],"tags":[],"class_list":["post-22036","post","type-post","status-publish","format-standard","has-post-thumbnail","hentry","category-actualidad"],"yoast_head":"<!-- This site is optimized with the Yoast SEO plugin v25.2 - https:\/\/yoast.com\/wordpress\/plugins\/seo\/ -->\n<title>CREES propone reforma integral C\u00f3digo Tributario | CREES<\/title>\n<meta name=\"robots\" content=\"index, follow, max-snippet:-1, max-image-preview:large, max-video-preview:-1\" \/>\n<link rel=\"canonical\" href=\"https:\/\/crees.org.do\/?p=22036\" \/>\n<meta property=\"og:locale\" content=\"es_ES\" \/>\n<meta property=\"og:type\" content=\"article\" \/>\n<meta property=\"og:title\" content=\"CREES propone reforma integral C\u00f3digo Tributario | CREES\" \/>\n<meta property=\"og:description\" content=\"Autor: Amarilis Castro Fecha: 23 de agosto del 2021 Extra\u00eddo de:\u00a0Hoy La eliminaci\u00f3n de varios impuestos, ampliar la base del ITBIS, reducir la tasa del ITBIS y del Impuesto Sobre la Renta, reducir los reportes de impuestos para hacer menos costoso el proceso, son algunas de las propuestas que tiene el Centro Regional de Estrategias...\" \/>\n<meta property=\"og:url\" content=\"https:\/\/crees.org.do\/?p=22036\" \/>\n<meta property=\"og:site_name\" content=\"CREES\" \/>\n<meta property=\"article:publisher\" content=\"https:\/\/www.facebook.com\/CREESRD\/\" \/>\n<meta property=\"article:published_time\" content=\"2021-08-23T14:14:41+00:00\" \/>\n<meta property=\"article:modified_time\" content=\"2021-09-01T14:15:08+00:00\" \/>\n<meta property=\"og:image\" content=\"https:\/\/crees.org.do\/wp-content\/uploads\/2021\/09\/image-28-2.webp\" \/>\n\t<meta property=\"og:image:width\" content=\"481\" \/>\n\t<meta property=\"og:image:height\" content=\"332\" \/>\n\t<meta property=\"og:image:type\" content=\"image\/webp\" \/>\n<meta name=\"author\" content=\"Crees\" \/>\n<meta name=\"twitter:card\" content=\"summary_large_image\" \/>\n<meta name=\"twitter:creator\" content=\"@CREESRD\" \/>\n<meta name=\"twitter:site\" content=\"@CREESRD\" \/>\n<meta name=\"twitter:label1\" content=\"Escrito por\" \/>\n\t<meta name=\"twitter:data1\" content=\"Crees\" \/>\n\t<meta name=\"twitter:label2\" content=\"Tiempo de lectura\" \/>\n\t<meta name=\"twitter:data2\" content=\"2 minutos\" \/>\n<script type=\"application\/ld+json\" class=\"yoast-schema-graph\">{\"@context\":\"https:\/\/schema.org\",\"@graph\":[{\"@type\":\"Article\",\"@id\":\"https:\/\/crees.org.do\/?p=22036#article\",\"isPartOf\":{\"@id\":\"https:\/\/crees.org.do\/?p=22036\"},\"author\":{\"name\":\"Crees\",\"@id\":\"https:\/\/crees.org.do\/#\/schema\/person\/e7f97cd94d7bf9cd0e0ce30acb7d56b8\"},\"headline\":\"CREES propone reforma integral C\u00f3digo Tributario\",\"datePublished\":\"2021-08-23T14:14:41+00:00\",\"dateModified\":\"2021-09-01T14:15:08+00:00\",\"mainEntityOfPage\":{\"@id\":\"https:\/\/crees.org.do\/?p=22036\"},\"wordCount\":496,\"publisher\":{\"@id\":\"https:\/\/crees.org.do\/#organization\"},\"image\":{\"@id\":\"https:\/\/crees.org.do\/?p=22036#primaryimage\"},\"thumbnailUrl\":\"https:\/\/crees.org.do\/wp-content\/uploads\/2021\/09\/image-28-2.webp\",\"articleSection\":[\"Actualidad\"],\"inLanguage\":\"es\"},{\"@type\":\"WebPage\",\"@id\":\"https:\/\/crees.org.do\/?p=22036\",\"url\":\"https:\/\/crees.org.do\/?p=22036\",\"name\":\"CREES propone reforma integral C\u00f3digo Tributario | CREES\",\"isPartOf\":{\"@id\":\"https:\/\/crees.org.do\/#website\"},\"primaryImageOfPage\":{\"@id\":\"https:\/\/crees.org.do\/?p=22036#primaryimage\"},\"image\":{\"@id\":\"https:\/\/crees.org.do\/?p=22036#primaryimage\"},\"thumbnailUrl\":\"https:\/\/crees.org.do\/wp-content\/uploads\/2021\/09\/image-28-2.webp\",\"datePublished\":\"2021-08-23T14:14:41+00:00\",\"dateModified\":\"2021-09-01T14:15:08+00:00\",\"breadcrumb\":{\"@id\":\"https:\/\/crees.org.do\/?p=22036#breadcrumb\"},\"inLanguage\":\"es\",\"potentialAction\":[{\"@type\":\"ReadAction\",\"target\":[\"https:\/\/crees.org.do\/?p=22036\"]}]},{\"@type\":\"ImageObject\",\"inLanguage\":\"es\",\"@id\":\"https:\/\/crees.org.do\/?p=22036#primaryimage\",\"url\":\"https:\/\/crees.org.do\/wp-content\/uploads\/2021\/09\/image-28-2.webp\",\"contentUrl\":\"https:\/\/crees.org.do\/wp-content\/uploads\/2021\/09\/image-28-2.webp\",\"width\":481,\"height\":332},{\"@type\":\"BreadcrumbList\",\"@id\":\"https:\/\/crees.org.do\/?p=22036#breadcrumb\",\"itemListElement\":[{\"@type\":\"ListItem\",\"position\":1,\"name\":\"Portada\",\"item\":\"https:\/\/crees.org.do\/\"},{\"@type\":\"ListItem\",\"position\":2,\"name\":\"CREES propone reforma integral C\u00f3digo Tributario\"}]},{\"@type\":\"WebSite\",\"@id\":\"https:\/\/crees.org.do\/#website\",\"url\":\"https:\/\/crees.org.do\/\",\"name\":\"CREES\",\"description\":\"Centro Regional de Estrategias Econ\u00f3micas Sostenibles\",\"publisher\":{\"@id\":\"https:\/\/crees.org.do\/#organization\"},\"potentialAction\":[{\"@type\":\"SearchAction\",\"target\":{\"@type\":\"EntryPoint\",\"urlTemplate\":\"https:\/\/crees.org.do\/?s={search_term_string}\"},\"query-input\":{\"@type\":\"PropertyValueSpecification\",\"valueRequired\":true,\"valueName\":\"search_term_string\"}}],\"inLanguage\":\"es\"},{\"@type\":\"Organization\",\"@id\":\"https:\/\/crees.org.do\/#organization\",\"name\":\"CREES | Centro Regional de Estrategias Econ\u00f3micas Sostenibles\",\"url\":\"https:\/\/crees.org.do\/\",\"logo\":{\"@type\":\"ImageObject\",\"inLanguage\":\"es\",\"@id\":\"https:\/\/crees.org.do\/#\/schema\/logo\/image\/\",\"url\":\"https:\/\/crees.org.do\/wp-content\/uploads\/2022\/03\/crees-logo-1.jpg\",\"contentUrl\":\"https:\/\/crees.org.do\/wp-content\/uploads\/2022\/03\/crees-logo-1.jpg\",\"width\":244,\"height\":71,\"caption\":\"CREES | Centro Regional de Estrategias Econ\u00f3micas Sostenibles\"},\"image\":{\"@id\":\"https:\/\/crees.org.do\/#\/schema\/logo\/image\/\"},\"sameAs\":[\"https:\/\/www.facebook.com\/CREESRD\/\",\"https:\/\/x.com\/CREESRD\"]},{\"@type\":\"Person\",\"@id\":\"https:\/\/crees.org.do\/#\/schema\/person\/e7f97cd94d7bf9cd0e0ce30acb7d56b8\",\"name\":\"Crees\",\"image\":{\"@type\":\"ImageObject\",\"inLanguage\":\"es\",\"@id\":\"https:\/\/crees.org.do\/#\/schema\/person\/image\/\",\"url\":\"https:\/\/secure.gravatar.com\/avatar\/390ac8f0be5d9aa046152553e2dd7011b59a512d89c150f5e5f28bb8d9a0b165?s=96&d=mm&r=g\",\"contentUrl\":\"https:\/\/secure.gravatar.com\/avatar\/390ac8f0be5d9aa046152553e2dd7011b59a512d89c150f5e5f28bb8d9a0b165?s=96&d=mm&r=g\",\"caption\":\"Crees\"},\"url\":\"https:\/\/crees.org.do\/?author=2\"}]}<\/script>\n<!-- \/ Yoast SEO plugin. -->","yoast_head_json":{"title":"CREES propone reforma integral C\u00f3digo Tributario | CREES","robots":{"index":"index","follow":"follow","max-snippet":"max-snippet:-1","max-image-preview":"max-image-preview:large","max-video-preview":"max-video-preview:-1"},"canonical":"https:\/\/crees.org.do\/?p=22036","og_locale":"es_ES","og_type":"article","og_title":"CREES propone reforma integral C\u00f3digo Tributario | CREES","og_description":"Autor: Amarilis Castro Fecha: 23 de agosto del 2021 Extra\u00eddo de:\u00a0Hoy La eliminaci\u00f3n de varios impuestos, ampliar la base del ITBIS, reducir la tasa del ITBIS y del Impuesto Sobre la Renta, reducir los reportes de impuestos para hacer menos costoso el proceso, son algunas de las propuestas que tiene el Centro Regional de Estrategias...","og_url":"https:\/\/crees.org.do\/?p=22036","og_site_name":"CREES","article_publisher":"https:\/\/www.facebook.com\/CREESRD\/","article_published_time":"2021-08-23T14:14:41+00:00","article_modified_time":"2021-09-01T14:15:08+00:00","og_image":[{"width":481,"height":332,"url":"https:\/\/crees.org.do\/wp-content\/uploads\/2021\/09\/image-28-2.webp","type":"image\/webp"}],"author":"Crees","twitter_card":"summary_large_image","twitter_creator":"@CREESRD","twitter_site":"@CREESRD","twitter_misc":{"Escrito por":"Crees","Tiempo de lectura":"2 minutos"},"schema":{"@context":"https:\/\/schema.org","@graph":[{"@type":"Article","@id":"https:\/\/crees.org.do\/?p=22036#article","isPartOf":{"@id":"https:\/\/crees.org.do\/?p=22036"},"author":{"name":"Crees","@id":"https:\/\/crees.org.do\/#\/schema\/person\/e7f97cd94d7bf9cd0e0ce30acb7d56b8"},"headline":"CREES propone reforma integral C\u00f3digo Tributario","datePublished":"2021-08-23T14:14:41+00:00","dateModified":"2021-09-01T14:15:08+00:00","mainEntityOfPage":{"@id":"https:\/\/crees.org.do\/?p=22036"},"wordCount":496,"publisher":{"@id":"https:\/\/crees.org.do\/#organization"},"image":{"@id":"https:\/\/crees.org.do\/?p=22036#primaryimage"},"thumbnailUrl":"https:\/\/crees.org.do\/wp-content\/uploads\/2021\/09\/image-28-2.webp","articleSection":["Actualidad"],"inLanguage":"es"},{"@type":"WebPage","@id":"https:\/\/crees.org.do\/?p=22036","url":"https:\/\/crees.org.do\/?p=22036","name":"CREES propone reforma integral C\u00f3digo Tributario | CREES","isPartOf":{"@id":"https:\/\/crees.org.do\/#website"},"primaryImageOfPage":{"@id":"https:\/\/crees.org.do\/?p=22036#primaryimage"},"image":{"@id":"https:\/\/crees.org.do\/?p=22036#primaryimage"},"thumbnailUrl":"https:\/\/crees.org.do\/wp-content\/uploads\/2021\/09\/image-28-2.webp","datePublished":"2021-08-23T14:14:41+00:00","dateModified":"2021-09-01T14:15:08+00:00","breadcrumb":{"@id":"https:\/\/crees.org.do\/?p=22036#breadcrumb"},"inLanguage":"es","potentialAction":[{"@type":"ReadAction","target":["https:\/\/crees.org.do\/?p=22036"]}]},{"@type":"ImageObject","inLanguage":"es","@id":"https:\/\/crees.org.do\/?p=22036#primaryimage","url":"https:\/\/crees.org.do\/wp-content\/uploads\/2021\/09\/image-28-2.webp","contentUrl":"https:\/\/crees.org.do\/wp-content\/uploads\/2021\/09\/image-28-2.webp","width":481,"height":332},{"@type":"BreadcrumbList","@id":"https:\/\/crees.org.do\/?p=22036#breadcrumb","itemListElement":[{"@type":"ListItem","position":1,"name":"Portada","item":"https:\/\/crees.org.do\/"},{"@type":"ListItem","position":2,"name":"CREES propone reforma integral C\u00f3digo Tributario"}]},{"@type":"WebSite","@id":"https:\/\/crees.org.do\/#website","url":"https:\/\/crees.org.do\/","name":"CREES","description":"Centro Regional de Estrategias Econ\u00f3micas Sostenibles","publisher":{"@id":"https:\/\/crees.org.do\/#organization"},"potentialAction":[{"@type":"SearchAction","target":{"@type":"EntryPoint","urlTemplate":"https:\/\/crees.org.do\/?s={search_term_string}"},"query-input":{"@type":"PropertyValueSpecification","valueRequired":true,"valueName":"search_term_string"}}],"inLanguage":"es"},{"@type":"Organization","@id":"https:\/\/crees.org.do\/#organization","name":"CREES | Centro Regional de Estrategias Econ\u00f3micas Sostenibles","url":"https:\/\/crees.org.do\/","logo":{"@type":"ImageObject","inLanguage":"es","@id":"https:\/\/crees.org.do\/#\/schema\/logo\/image\/","url":"https:\/\/crees.org.do\/wp-content\/uploads\/2022\/03\/crees-logo-1.jpg","contentUrl":"https:\/\/crees.org.do\/wp-content\/uploads\/2022\/03\/crees-logo-1.jpg","width":244,"height":71,"caption":"CREES | Centro Regional de Estrategias Econ\u00f3micas Sostenibles"},"image":{"@id":"https:\/\/crees.org.do\/#\/schema\/logo\/image\/"},"sameAs":["https:\/\/www.facebook.com\/CREESRD\/","https:\/\/x.com\/CREESRD"]},{"@type":"Person","@id":"https:\/\/crees.org.do\/#\/schema\/person\/e7f97cd94d7bf9cd0e0ce30acb7d56b8","name":"Crees","image":{"@type":"ImageObject","inLanguage":"es","@id":"https:\/\/crees.org.do\/#\/schema\/person\/image\/","url":"https:\/\/secure.gravatar.com\/avatar\/390ac8f0be5d9aa046152553e2dd7011b59a512d89c150f5e5f28bb8d9a0b165?s=96&d=mm&r=g","contentUrl":"https:\/\/secure.gravatar.com\/avatar\/390ac8f0be5d9aa046152553e2dd7011b59a512d89c150f5e5f28bb8d9a0b165?s=96&d=mm&r=g","caption":"Crees"},"url":"https:\/\/crees.org.do\/?author=2"}]}},"_links":{"self":[{"href":"https:\/\/crees.org.do\/index.php?rest_route=\/wp\/v2\/posts\/22036","targetHints":{"allow":["GET"]}}],"collection":[{"href":"https:\/\/crees.org.do\/index.php?rest_route=\/wp\/v2\/posts"}],"about":[{"href":"https:\/\/crees.org.do\/index.php?rest_route=\/wp\/v2\/types\/post"}],"author":[{"embeddable":true,"href":"https:\/\/crees.org.do\/index.php?rest_route=\/wp\/v2\/users\/2"}],"replies":[{"embeddable":true,"href":"https:\/\/crees.org.do\/index.php?rest_route=%2Fwp%2Fv2%2Fcomments&post=22036"}],"version-history":[{"count":1,"href":"https:\/\/crees.org.do\/index.php?rest_route=\/wp\/v2\/posts\/22036\/revisions"}],"predecessor-version":[{"id":22038,"href":"https:\/\/crees.org.do\/index.php?rest_route=\/wp\/v2\/posts\/22036\/revisions\/22038"}],"wp:featuredmedia":[{"embeddable":true,"href":"https:\/\/crees.org.do\/index.php?rest_route=\/wp\/v2\/media\/22037"}],"wp:attachment":[{"href":"https:\/\/crees.org.do\/index.php?rest_route=%2Fwp%2Fv2%2Fmedia&parent=22036"}],"wp:term":[{"taxonomy":"category","embeddable":true,"href":"https:\/\/crees.org.do\/index.php?rest_route=%2Fwp%2Fv2%2Fcategories&post=22036"},{"taxonomy":"post_tag","embeddable":true,"href":"https:\/\/crees.org.do\/index.php?rest_route=%2Fwp%2Fv2%2Ftags&post=22036"}],"curies":[{"name":"wp","href":"https:\/\/api.w.org\/{rel}","templated":true}]}}