{"id":22039,"date":"2021-08-31T14:22:26","date_gmt":"2021-08-31T14:22:26","guid":{"rendered":"https:\/\/crees.org.do\/?p=22039"},"modified":"2021-09-01T14:26:50","modified_gmt":"2021-09-01T14:26:50","slug":"deuda-consolidada-del-pais-es-70-8-pib","status":"publish","type":"post","link":"https:\/\/crees.org.do\/?p=22039","title":{"rendered":"Deuda consolidada del pa\u00eds es 70.8% PIB"},"content":{"rendered":"<p>Autor: Ubaldo Guzm\u00e1n Molina<\/p>\n<p>Fecha: 31 de agosto del 2021<\/p>\n<p>Extra\u00eddo de:\u00a0<a href=\"https:\/\/hoy.com.do\/deuda-consolidada-del-pais-es-70-8-pib\/\">Hoy<\/a><\/p>\n<p>En julio de 2021 la deuda p\u00fablica consolidada de Rep\u00fablica Dominicana, incluyendo deuda intragubernamental, se situ\u00f3 en 70.8% del producto interno bruto (PIB), lo que representa una reducci\u00f3n en relaci\u00f3n con el 2020 cuando alcanz\u00f3 un 72.7%.<\/p>\n<p>La informaci\u00f3n est\u00e1 colgada en la p\u00e1gina web del Centro Regional de Estrategias Econ\u00f3micas Sostenibles (CREES).<br \/>\nLa deuda del sector p\u00fablico no financiero (SPNF) represent\u00f3 un 54.2% del PIB, equivalente a US$47,590.2 millones (unos RD$2.7 billones), mientras que la deuda del Banco Central represent\u00f3 un 16.6% del PIB, equivalente a US$14,564.8 millones (unos RD$832,748 millones), de los cuales RD$781,093 millones corresponden a los valores en circulaci\u00f3n del Banco Central y los RDS51,655 millones a los dem\u00e1s pasivos no monetarios de esa instituci\u00f3n a julio de 2021.<\/p>\n<p>A julio de 2021, la deuda del SPNF como porcentaje del PIB se ha incrementado en 40.8 puntos porcentuales desde el a\u00f1o 2000, se\u00f1ala.<\/p>\n<p>Una mayor deuda p\u00fablica implica un mayor pago de intereses y nuevos recursos financieros para amortizar la deuda, sostiene.<\/p>\n<p>El gasto en intereses y de amortizaci\u00f3n de la deuda es pagado por los ciudadanos mediante los impuestos que les son cobrados e, incluso, m\u00e1s endeudamiento cuando no son cubiertos con ingresos tributarios.<\/p>\n<p>El ritmo de endeudamiento del Estado dominicano debe ser reducido de forma sostenible, plante\u00f3 la CREES.<br \/>\nUna forma de lograr este objetivo es con una Ley de Responsabilidad y Transparencia Fiscal que ordene y fortalezca las finanzas p\u00fablicas y una reforma al C\u00f3digo Tributario que simplifique el sistema tributario y reduzca incentivos a la evasi\u00f3n e informalidad, afirm\u00f3.<\/p>\n<p>En el a\u00f1o 2000 la deuda consolidada del pa\u00eds era de apenas 18.5% del PIB y en el 2004 subi\u00f3 a 47.9%, fruto de la crisis bancaria del 2003.<\/p>\n<p>En el 2008 baj\u00f3 a 36.8% del PIB, ascendi\u00f3 a 44.7% en el 2012, en el 2017 subi\u00f3 a 53.2% y al a\u00f1o siguiente baj\u00f3 a 51.5%; en el 2019 escal\u00f3 a 53.8%. Desde el 2020 la deuda ha sido empujada por el covid-19.<\/p>\n<div class=\"pvc_clear\"><\/div>\n<p class=\"pvc_stats all \" data-element-id=\"22039\" style=\"\"><i class=\"pvc-stats-icon medium\" aria-hidden=\"true\"><svg aria-hidden=\"true\" focusable=\"false\" data-prefix=\"far\" data-icon=\"chart-bar\" role=\"img\" xmlns=\"http:\/\/www.w3.org\/2000\/svg\" viewBox=\"0 0 512 512\" class=\"svg-inline--fa fa-chart-bar fa-w-16 fa-2x\"><path fill=\"currentColor\" d=\"M396.8 352h22.4c6.4 0 12.8-6.4 12.8-12.8V108.8c0-6.4-6.4-12.8-12.8-12.8h-22.4c-6.4 0-12.8 6.4-12.8 12.8v230.4c0 6.4 6.4 12.8 12.8 12.8zm-192 0h22.4c6.4 0 12.8-6.4 12.8-12.8V140.8c0-6.4-6.4-12.8-12.8-12.8h-22.4c-6.4 0-12.8 6.4-12.8 12.8v198.4c0 6.4 6.4 12.8 12.8 12.8zm96 0h22.4c6.4 0 12.8-6.4 12.8-12.8V204.8c0-6.4-6.4-12.8-12.8-12.8h-22.4c-6.4 0-12.8 6.4-12.8 12.8v134.4c0 6.4 6.4 12.8 12.8 12.8zM496 400H48V80c0-8.84-7.16-16-16-16H16C7.16 64 0 71.16 0 80v336c0 17.67 14.33 32 32 32h464c8.84 0 16-7.16 16-16v-16c0-8.84-7.16-16-16-16zm-387.2-48h22.4c6.4 0 12.8-6.4 12.8-12.8v-70.4c0-6.4-6.4-12.8-12.8-12.8h-22.4c-6.4 0-12.8 6.4-12.8 12.8v70.4c0 6.4 6.4 12.8 12.8 12.8z\" class=\"\"><\/path><\/svg><\/i> Vistas Totales&nbsp;1,355&nbsp;, Vistas Hoy&nbsp;8&nbsp;<\/p>\n<div class=\"pvc_clear\"><\/div>\n","protected":false},"excerpt":{"rendered":"<p>Autor: Ubaldo Guzm\u00e1n Molina Fecha: 31 de agosto del 2021 Extra\u00eddo de:\u00a0Hoy En julio de 2021 la deuda p\u00fablica consolidada de Rep\u00fablica Dominicana, incluyendo deuda intragubernamental, se situ\u00f3 en 70.8% del producto interno bruto (PIB), lo que representa una reducci\u00f3n en relaci\u00f3n con el 2020 cuando alcanz\u00f3 un 72.7%. La informaci\u00f3n est\u00e1 colgada en la&#8230;<\/p>\n<div class=\"pvc_clear\"><\/div>\n<p class=\"pvc_stats all \" data-element-id=\"22039\" style=\"\"><i class=\"pvc-stats-icon medium\" aria-hidden=\"true\"><svg aria-hidden=\"true\" focusable=\"false\" data-prefix=\"far\" data-icon=\"chart-bar\" role=\"img\" xmlns=\"http:\/\/www.w3.org\/2000\/svg\" viewBox=\"0 0 512 512\" class=\"svg-inline--fa fa-chart-bar fa-w-16 fa-2x\"><path fill=\"currentColor\" d=\"M396.8 352h22.4c6.4 0 12.8-6.4 12.8-12.8V108.8c0-6.4-6.4-12.8-12.8-12.8h-22.4c-6.4 0-12.8 6.4-12.8 12.8v230.4c0 6.4 6.4 12.8 12.8 12.8zm-192 0h22.4c6.4 0 12.8-6.4 12.8-12.8V140.8c0-6.4-6.4-12.8-12.8-12.8h-22.4c-6.4 0-12.8 6.4-12.8 12.8v198.4c0 6.4 6.4 12.8 12.8 12.8zm96 0h22.4c6.4 0 12.8-6.4 12.8-12.8V204.8c0-6.4-6.4-12.8-12.8-12.8h-22.4c-6.4 0-12.8 6.4-12.8 12.8v134.4c0 6.4 6.4 12.8 12.8 12.8zM496 400H48V80c0-8.84-7.16-16-16-16H16C7.16 64 0 71.16 0 80v336c0 17.67 14.33 32 32 32h464c8.84 0 16-7.16 16-16v-16c0-8.84-7.16-16-16-16zm-387.2-48h22.4c6.4 0 12.8-6.4 12.8-12.8v-70.4c0-6.4-6.4-12.8-12.8-12.8h-22.4c-6.4 0-12.8 6.4-12.8 12.8v70.4c0 6.4 6.4 12.8 12.8 12.8z\" class=\"\"><\/path><\/svg><\/i> Vistas Totales&nbsp;1,355&nbsp;, Vistas Hoy&nbsp;8&nbsp;<\/p>\n<div class=\"pvc_clear\"><\/div>\n","protected":false},"author":2,"featured_media":22041,"comment_status":"closed","ping_status":"closed","sticky":false,"template":"","format":"standard","meta":{"footnotes":""},"categories":[19],"tags":[],"class_list":["post-22039","post","type-post","status-publish","format-standard","has-post-thumbnail","hentry","category-actualidad"],"yoast_head":"<!-- This site is optimized with the Yoast SEO plugin v25.2 - https:\/\/yoast.com\/wordpress\/plugins\/seo\/ -->\n<title>Deuda consolidada del pa\u00eds es 70.8% PIB | CREES<\/title>\n<meta name=\"robots\" content=\"index, follow, max-snippet:-1, max-image-preview:large, max-video-preview:-1\" \/>\n<link rel=\"canonical\" href=\"https:\/\/crees.org.do\/?p=22039\" \/>\n<meta property=\"og:locale\" content=\"es_ES\" \/>\n<meta property=\"og:type\" content=\"article\" \/>\n<meta property=\"og:title\" content=\"Deuda consolidada del pa\u00eds es 70.8% PIB | CREES\" \/>\n<meta property=\"og:description\" content=\"Autor: Ubaldo Guzm\u00e1n Molina Fecha: 31 de agosto del 2021 Extra\u00eddo de:\u00a0Hoy En julio de 2021 la deuda p\u00fablica consolidada de Rep\u00fablica Dominicana, incluyendo deuda intragubernamental, se situ\u00f3 en 70.8% del producto interno bruto (PIB), lo que representa una reducci\u00f3n en relaci\u00f3n con el 2020 cuando alcanz\u00f3 un 72.7%. La informaci\u00f3n est\u00e1 colgada en la...\" \/>\n<meta property=\"og:url\" content=\"https:\/\/crees.org.do\/?p=22039\" \/>\n<meta property=\"og:site_name\" content=\"CREES\" \/>\n<meta property=\"article:publisher\" content=\"https:\/\/www.facebook.com\/CREESRD\/\" \/>\n<meta property=\"article:published_time\" content=\"2021-08-31T14:22:26+00:00\" \/>\n<meta property=\"article:modified_time\" content=\"2021-09-01T14:26:50+00:00\" \/>\n<meta property=\"og:image\" content=\"https:\/\/crees.org.do\/wp-content\/uploads\/2021\/09\/15_Economia_31_1p01.webp\" \/>\n\t<meta property=\"og:image:width\" content=\"815\" \/>\n\t<meta property=\"og:image:height\" content=\"804\" \/>\n\t<meta property=\"og:image:type\" content=\"image\/webp\" \/>\n<meta name=\"author\" content=\"Crees\" \/>\n<meta name=\"twitter:card\" content=\"summary_large_image\" \/>\n<meta name=\"twitter:creator\" content=\"@CREESRD\" \/>\n<meta name=\"twitter:site\" content=\"@CREESRD\" \/>\n<meta name=\"twitter:label1\" content=\"Escrito por\" \/>\n\t<meta name=\"twitter:data1\" content=\"Crees\" \/>\n\t<meta name=\"twitter:label2\" content=\"Tiempo de lectura\" \/>\n\t<meta name=\"twitter:data2\" content=\"2 minutos\" \/>\n<script type=\"application\/ld+json\" class=\"yoast-schema-graph\">{\"@context\":\"https:\/\/schema.org\",\"@graph\":[{\"@type\":\"Article\",\"@id\":\"https:\/\/crees.org.do\/?p=22039#article\",\"isPartOf\":{\"@id\":\"https:\/\/crees.org.do\/?p=22039\"},\"author\":{\"name\":\"Crees\",\"@id\":\"https:\/\/crees.org.do\/#\/schema\/person\/e7f97cd94d7bf9cd0e0ce30acb7d56b8\"},\"headline\":\"Deuda consolidada del pa\u00eds es 70.8% PIB\",\"datePublished\":\"2021-08-31T14:22:26+00:00\",\"dateModified\":\"2021-09-01T14:26:50+00:00\",\"mainEntityOfPage\":{\"@id\":\"https:\/\/crees.org.do\/?p=22039\"},\"wordCount\":347,\"publisher\":{\"@id\":\"https:\/\/crees.org.do\/#organization\"},\"image\":{\"@id\":\"https:\/\/crees.org.do\/?p=22039#primaryimage\"},\"thumbnailUrl\":\"https:\/\/crees.org.do\/wp-content\/uploads\/2021\/09\/15_Economia_31_1p01.webp\",\"articleSection\":[\"Actualidad\"],\"inLanguage\":\"es\"},{\"@type\":\"WebPage\",\"@id\":\"https:\/\/crees.org.do\/?p=22039\",\"url\":\"https:\/\/crees.org.do\/?p=22039\",\"name\":\"Deuda consolidada del pa\u00eds es 70.8% PIB | CREES\",\"isPartOf\":{\"@id\":\"https:\/\/crees.org.do\/#website\"},\"primaryImageOfPage\":{\"@id\":\"https:\/\/crees.org.do\/?p=22039#primaryimage\"},\"image\":{\"@id\":\"https:\/\/crees.org.do\/?p=22039#primaryimage\"},\"thumbnailUrl\":\"https:\/\/crees.org.do\/wp-content\/uploads\/2021\/09\/15_Economia_31_1p01.webp\",\"datePublished\":\"2021-08-31T14:22:26+00:00\",\"dateModified\":\"2021-09-01T14:26:50+00:00\",\"breadcrumb\":{\"@id\":\"https:\/\/crees.org.do\/?p=22039#breadcrumb\"},\"inLanguage\":\"es\",\"potentialAction\":[{\"@type\":\"ReadAction\",\"target\":[\"https:\/\/crees.org.do\/?p=22039\"]}]},{\"@type\":\"ImageObject\",\"inLanguage\":\"es\",\"@id\":\"https:\/\/crees.org.do\/?p=22039#primaryimage\",\"url\":\"https:\/\/crees.org.do\/wp-content\/uploads\/2021\/09\/15_Economia_31_1p01.webp\",\"contentUrl\":\"https:\/\/crees.org.do\/wp-content\/uploads\/2021\/09\/15_Economia_31_1p01.webp\",\"width\":815,\"height\":804},{\"@type\":\"BreadcrumbList\",\"@id\":\"https:\/\/crees.org.do\/?p=22039#breadcrumb\",\"itemListElement\":[{\"@type\":\"ListItem\",\"position\":1,\"name\":\"Portada\",\"item\":\"https:\/\/crees.org.do\/\"},{\"@type\":\"ListItem\",\"position\":2,\"name\":\"Deuda consolidada del pa\u00eds es 70.8% PIB\"}]},{\"@type\":\"WebSite\",\"@id\":\"https:\/\/crees.org.do\/#website\",\"url\":\"https:\/\/crees.org.do\/\",\"name\":\"CREES\",\"description\":\"Centro Regional de Estrategias Econ\u00f3micas Sostenibles\",\"publisher\":{\"@id\":\"https:\/\/crees.org.do\/#organization\"},\"potentialAction\":[{\"@type\":\"SearchAction\",\"target\":{\"@type\":\"EntryPoint\",\"urlTemplate\":\"https:\/\/crees.org.do\/?s={search_term_string}\"},\"query-input\":{\"@type\":\"PropertyValueSpecification\",\"valueRequired\":true,\"valueName\":\"search_term_string\"}}],\"inLanguage\":\"es\"},{\"@type\":\"Organization\",\"@id\":\"https:\/\/crees.org.do\/#organization\",\"name\":\"CREES | Centro Regional de Estrategias Econ\u00f3micas Sostenibles\",\"url\":\"https:\/\/crees.org.do\/\",\"logo\":{\"@type\":\"ImageObject\",\"inLanguage\":\"es\",\"@id\":\"https:\/\/crees.org.do\/#\/schema\/logo\/image\/\",\"url\":\"https:\/\/crees.org.do\/wp-content\/uploads\/2022\/03\/crees-logo-1.jpg\",\"contentUrl\":\"https:\/\/crees.org.do\/wp-content\/uploads\/2022\/03\/crees-logo-1.jpg\",\"width\":244,\"height\":71,\"caption\":\"CREES | Centro Regional de Estrategias Econ\u00f3micas Sostenibles\"},\"image\":{\"@id\":\"https:\/\/crees.org.do\/#\/schema\/logo\/image\/\"},\"sameAs\":[\"https:\/\/www.facebook.com\/CREESRD\/\",\"https:\/\/x.com\/CREESRD\"]},{\"@type\":\"Person\",\"@id\":\"https:\/\/crees.org.do\/#\/schema\/person\/e7f97cd94d7bf9cd0e0ce30acb7d56b8\",\"name\":\"Crees\",\"image\":{\"@type\":\"ImageObject\",\"inLanguage\":\"es\",\"@id\":\"https:\/\/crees.org.do\/#\/schema\/person\/image\/\",\"url\":\"https:\/\/secure.gravatar.com\/avatar\/390ac8f0be5d9aa046152553e2dd7011b59a512d89c150f5e5f28bb8d9a0b165?s=96&d=mm&r=g\",\"contentUrl\":\"https:\/\/secure.gravatar.com\/avatar\/390ac8f0be5d9aa046152553e2dd7011b59a512d89c150f5e5f28bb8d9a0b165?s=96&d=mm&r=g\",\"caption\":\"Crees\"},\"url\":\"https:\/\/crees.org.do\/?author=2\"}]}<\/script>\n<!-- \/ Yoast SEO plugin. -->","yoast_head_json":{"title":"Deuda consolidada del pa\u00eds es 70.8% PIB | CREES","robots":{"index":"index","follow":"follow","max-snippet":"max-snippet:-1","max-image-preview":"max-image-preview:large","max-video-preview":"max-video-preview:-1"},"canonical":"https:\/\/crees.org.do\/?p=22039","og_locale":"es_ES","og_type":"article","og_title":"Deuda consolidada del pa\u00eds es 70.8% PIB | CREES","og_description":"Autor: Ubaldo Guzm\u00e1n Molina Fecha: 31 de agosto del 2021 Extra\u00eddo de:\u00a0Hoy En julio de 2021 la deuda p\u00fablica consolidada de Rep\u00fablica Dominicana, incluyendo deuda intragubernamental, se situ\u00f3 en 70.8% del producto interno bruto (PIB), lo que representa una reducci\u00f3n en relaci\u00f3n con el 2020 cuando alcanz\u00f3 un 72.7%. La informaci\u00f3n est\u00e1 colgada en la...","og_url":"https:\/\/crees.org.do\/?p=22039","og_site_name":"CREES","article_publisher":"https:\/\/www.facebook.com\/CREESRD\/","article_published_time":"2021-08-31T14:22:26+00:00","article_modified_time":"2021-09-01T14:26:50+00:00","og_image":[{"width":815,"height":804,"url":"https:\/\/crees.org.do\/wp-content\/uploads\/2021\/09\/15_Economia_31_1p01.webp","type":"image\/webp"}],"author":"Crees","twitter_card":"summary_large_image","twitter_creator":"@CREESRD","twitter_site":"@CREESRD","twitter_misc":{"Escrito por":"Crees","Tiempo de lectura":"2 minutos"},"schema":{"@context":"https:\/\/schema.org","@graph":[{"@type":"Article","@id":"https:\/\/crees.org.do\/?p=22039#article","isPartOf":{"@id":"https:\/\/crees.org.do\/?p=22039"},"author":{"name":"Crees","@id":"https:\/\/crees.org.do\/#\/schema\/person\/e7f97cd94d7bf9cd0e0ce30acb7d56b8"},"headline":"Deuda consolidada del pa\u00eds es 70.8% PIB","datePublished":"2021-08-31T14:22:26+00:00","dateModified":"2021-09-01T14:26:50+00:00","mainEntityOfPage":{"@id":"https:\/\/crees.org.do\/?p=22039"},"wordCount":347,"publisher":{"@id":"https:\/\/crees.org.do\/#organization"},"image":{"@id":"https:\/\/crees.org.do\/?p=22039#primaryimage"},"thumbnailUrl":"https:\/\/crees.org.do\/wp-content\/uploads\/2021\/09\/15_Economia_31_1p01.webp","articleSection":["Actualidad"],"inLanguage":"es"},{"@type":"WebPage","@id":"https:\/\/crees.org.do\/?p=22039","url":"https:\/\/crees.org.do\/?p=22039","name":"Deuda consolidada del pa\u00eds es 70.8% PIB | CREES","isPartOf":{"@id":"https:\/\/crees.org.do\/#website"},"primaryImageOfPage":{"@id":"https:\/\/crees.org.do\/?p=22039#primaryimage"},"image":{"@id":"https:\/\/crees.org.do\/?p=22039#primaryimage"},"thumbnailUrl":"https:\/\/crees.org.do\/wp-content\/uploads\/2021\/09\/15_Economia_31_1p01.webp","datePublished":"2021-08-31T14:22:26+00:00","dateModified":"2021-09-01T14:26:50+00:00","breadcrumb":{"@id":"https:\/\/crees.org.do\/?p=22039#breadcrumb"},"inLanguage":"es","potentialAction":[{"@type":"ReadAction","target":["https:\/\/crees.org.do\/?p=22039"]}]},{"@type":"ImageObject","inLanguage":"es","@id":"https:\/\/crees.org.do\/?p=22039#primaryimage","url":"https:\/\/crees.org.do\/wp-content\/uploads\/2021\/09\/15_Economia_31_1p01.webp","contentUrl":"https:\/\/crees.org.do\/wp-content\/uploads\/2021\/09\/15_Economia_31_1p01.webp","width":815,"height":804},{"@type":"BreadcrumbList","@id":"https:\/\/crees.org.do\/?p=22039#breadcrumb","itemListElement":[{"@type":"ListItem","position":1,"name":"Portada","item":"https:\/\/crees.org.do\/"},{"@type":"ListItem","position":2,"name":"Deuda consolidada del pa\u00eds es 70.8% PIB"}]},{"@type":"WebSite","@id":"https:\/\/crees.org.do\/#website","url":"https:\/\/crees.org.do\/","name":"CREES","description":"Centro Regional de Estrategias Econ\u00f3micas Sostenibles","publisher":{"@id":"https:\/\/crees.org.do\/#organization"},"potentialAction":[{"@type":"SearchAction","target":{"@type":"EntryPoint","urlTemplate":"https:\/\/crees.org.do\/?s={search_term_string}"},"query-input":{"@type":"PropertyValueSpecification","valueRequired":true,"valueName":"search_term_string"}}],"inLanguage":"es"},{"@type":"Organization","@id":"https:\/\/crees.org.do\/#organization","name":"CREES | Centro Regional de Estrategias Econ\u00f3micas Sostenibles","url":"https:\/\/crees.org.do\/","logo":{"@type":"ImageObject","inLanguage":"es","@id":"https:\/\/crees.org.do\/#\/schema\/logo\/image\/","url":"https:\/\/crees.org.do\/wp-content\/uploads\/2022\/03\/crees-logo-1.jpg","contentUrl":"https:\/\/crees.org.do\/wp-content\/uploads\/2022\/03\/crees-logo-1.jpg","width":244,"height":71,"caption":"CREES | Centro Regional de Estrategias Econ\u00f3micas Sostenibles"},"image":{"@id":"https:\/\/crees.org.do\/#\/schema\/logo\/image\/"},"sameAs":["https:\/\/www.facebook.com\/CREESRD\/","https:\/\/x.com\/CREESRD"]},{"@type":"Person","@id":"https:\/\/crees.org.do\/#\/schema\/person\/e7f97cd94d7bf9cd0e0ce30acb7d56b8","name":"Crees","image":{"@type":"ImageObject","inLanguage":"es","@id":"https:\/\/crees.org.do\/#\/schema\/person\/image\/","url":"https:\/\/secure.gravatar.com\/avatar\/390ac8f0be5d9aa046152553e2dd7011b59a512d89c150f5e5f28bb8d9a0b165?s=96&d=mm&r=g","contentUrl":"https:\/\/secure.gravatar.com\/avatar\/390ac8f0be5d9aa046152553e2dd7011b59a512d89c150f5e5f28bb8d9a0b165?s=96&d=mm&r=g","caption":"Crees"},"url":"https:\/\/crees.org.do\/?author=2"}]}},"_links":{"self":[{"href":"https:\/\/crees.org.do\/index.php?rest_route=\/wp\/v2\/posts\/22039","targetHints":{"allow":["GET"]}}],"collection":[{"href":"https:\/\/crees.org.do\/index.php?rest_route=\/wp\/v2\/posts"}],"about":[{"href":"https:\/\/crees.org.do\/index.php?rest_route=\/wp\/v2\/types\/post"}],"author":[{"embeddable":true,"href":"https:\/\/crees.org.do\/index.php?rest_route=\/wp\/v2\/users\/2"}],"replies":[{"embeddable":true,"href":"https:\/\/crees.org.do\/index.php?rest_route=%2Fwp%2Fv2%2Fcomments&post=22039"}],"version-history":[{"count":3,"href":"https:\/\/crees.org.do\/index.php?rest_route=\/wp\/v2\/posts\/22039\/revisions"}],"predecessor-version":[{"id":22045,"href":"https:\/\/crees.org.do\/index.php?rest_route=\/wp\/v2\/posts\/22039\/revisions\/22045"}],"wp:featuredmedia":[{"embeddable":true,"href":"https:\/\/crees.org.do\/index.php?rest_route=\/wp\/v2\/media\/22041"}],"wp:attachment":[{"href":"https:\/\/crees.org.do\/index.php?rest_route=%2Fwp%2Fv2%2Fmedia&parent=22039"}],"wp:term":[{"taxonomy":"category","embeddable":true,"href":"https:\/\/crees.org.do\/index.php?rest_route=%2Fwp%2Fv2%2Fcategories&post=22039"},{"taxonomy":"post_tag","embeddable":true,"href":"https:\/\/crees.org.do\/index.php?rest_route=%2Fwp%2Fv2%2Ftags&post=22039"}],"curies":[{"name":"wp","href":"https:\/\/api.w.org\/{rel}","templated":true}]}}