{"id":22065,"date":"2021-09-06T18:43:56","date_gmt":"2021-09-06T18:43:56","guid":{"rendered":"https:\/\/crees.org.do\/?p=22065"},"modified":"2021-09-08T18:44:56","modified_gmt":"2021-09-08T18:44:56","slug":"economista-reitera-que-republica-dominicana-necesita-una-reforma-en-la-parte-fiscal","status":"publish","type":"post","link":"https:\/\/crees.org.do\/?p=22065","title":{"rendered":"Economista reitera que Rep\u00fablica Dominicana necesita una reforma en la parte fiscal"},"content":{"rendered":"<p style=\"text-align: justify;\">Autor: RC Noticias<\/p>\n<p style=\"text-align: justify;\">Fecha: 6 de septiembre del 2021<\/p>\n<p style=\"text-align: justify;\">Extra\u00eddo de: <a href=\"https:\/\/robertocavada.com\/economia\/2021\/09\/06\/economista-reitera-que-republica-dominicana-necesita-una-reforma-en-la-parte-fiscal\/\">RC Noticias<\/a><\/p>\n<p style=\"text-align: justify;\">El vicepresidente ejecutivo del Centro Regional de Estrategias Econ\u00f3micas Sostenibles (CREES), economista Miguel Collado Di Franco, reiter\u00f3 este lunes que la Rep\u00fablica Dominicana necesita una reforma en la parte fiscal, pues entiende que el pa\u00eds no debe esperar para poner la casa en orden en t\u00e9rminos de las finanzas p\u00fablicas.<\/p>\n<p style=\"text-align: justify;\">\u201cUna necesidad de reforma en la Rep\u00fablica Dominicana, es precisamente en la parte fiscal, en la parte fiscal nosotros desde CREES, hemos planteado desde hace un tiempo, una ley de responsabilidad fiscal, tal y como lo establece la Ley\u00a0Org\u00e1nica de la\u00a0Estrategia Nacional\u00a0de\u00a0Desarrollo en su articulo 35\u201d, dijo Collado Di Franco mientras participaba en una entrevista v\u00eda Skype, en el programa Telematutino 11, de Telesistema.<\/p>\n<p style=\"text-align: justify;\">Sostuvo que tienen un proyecto en el Congreso Nacional desde el 2013, elaborado por el CREES y la FINJUS.<\/p>\n<p style=\"text-align: justify;\">Expres\u00f3 que la reforma fiscal y en especial su propuesta, lo que busca es regular algunos procesos y hacer una especie de simplificaci\u00f3n del sistema tributario, generar m\u00e1s empleos y mayor recaudaci\u00f3n del Estado, de forma sostenible.<\/p>\n<p style=\"text-align: justify;\">Collado Di Franco explic\u00f3 tambi\u00e9n que si bien es cierto que la pandemia ha demandado mayores recursos, en este a\u00f1o ya deber\u00edamos haber alcanzado un porcentaje menor de gastos, por lo que es cuestionable el manejo de las finanzas en ese sentido.<\/p>\n<p style=\"text-align: justify;\">Dijo que se trata de una situaci\u00f3n preocupante de verdad y es algo a lo que hay que ponerle atenci\u00f3n y por eso mencionaba que una de las reformas necesarias ser\u00eda que alg\u00fan congresista se empodere y presente una ley de responsabilidad fiscal.<\/p>\n<div class=\"pvc_clear\"><\/div>\n<p class=\"pvc_stats all \" data-element-id=\"22065\" style=\"\"><i class=\"pvc-stats-icon medium\" aria-hidden=\"true\"><svg aria-hidden=\"true\" focusable=\"false\" data-prefix=\"far\" data-icon=\"chart-bar\" role=\"img\" xmlns=\"http:\/\/www.w3.org\/2000\/svg\" viewBox=\"0 0 512 512\" class=\"svg-inline--fa fa-chart-bar fa-w-16 fa-2x\"><path fill=\"currentColor\" d=\"M396.8 352h22.4c6.4 0 12.8-6.4 12.8-12.8V108.8c0-6.4-6.4-12.8-12.8-12.8h-22.4c-6.4 0-12.8 6.4-12.8 12.8v230.4c0 6.4 6.4 12.8 12.8 12.8zm-192 0h22.4c6.4 0 12.8-6.4 12.8-12.8V140.8c0-6.4-6.4-12.8-12.8-12.8h-22.4c-6.4 0-12.8 6.4-12.8 12.8v198.4c0 6.4 6.4 12.8 12.8 12.8zm96 0h22.4c6.4 0 12.8-6.4 12.8-12.8V204.8c0-6.4-6.4-12.8-12.8-12.8h-22.4c-6.4 0-12.8 6.4-12.8 12.8v134.4c0 6.4 6.4 12.8 12.8 12.8zM496 400H48V80c0-8.84-7.16-16-16-16H16C7.16 64 0 71.16 0 80v336c0 17.67 14.33 32 32 32h464c8.84 0 16-7.16 16-16v-16c0-8.84-7.16-16-16-16zm-387.2-48h22.4c6.4 0 12.8-6.4 12.8-12.8v-70.4c0-6.4-6.4-12.8-12.8-12.8h-22.4c-6.4 0-12.8 6.4-12.8 12.8v70.4c0 6.4 6.4 12.8 12.8 12.8z\" class=\"\"><\/path><\/svg><\/i> Vistas Totales&nbsp;1,125&nbsp;, Vistas Hoy&nbsp;8&nbsp;<\/p>\n<div class=\"pvc_clear\"><\/div>\n","protected":false},"excerpt":{"rendered":"<p>Autor: RC Noticias Fecha: 6 de septiembre del 2021 Extra\u00eddo de: RC Noticias El vicepresidente ejecutivo del Centro Regional de Estrategias Econ\u00f3micas Sostenibles (CREES), economista Miguel Collado Di Franco, reiter\u00f3 este lunes que la Rep\u00fablica Dominicana necesita una reforma en la parte fiscal, pues entiende que el pa\u00eds no debe esperar para poner la casa&#8230;<\/p>\n<div class=\"pvc_clear\"><\/div>\n<p class=\"pvc_stats all \" data-element-id=\"22065\" style=\"\"><i class=\"pvc-stats-icon medium\" aria-hidden=\"true\"><svg aria-hidden=\"true\" focusable=\"false\" data-prefix=\"far\" data-icon=\"chart-bar\" role=\"img\" xmlns=\"http:\/\/www.w3.org\/2000\/svg\" viewBox=\"0 0 512 512\" class=\"svg-inline--fa fa-chart-bar fa-w-16 fa-2x\"><path fill=\"currentColor\" d=\"M396.8 352h22.4c6.4 0 12.8-6.4 12.8-12.8V108.8c0-6.4-6.4-12.8-12.8-12.8h-22.4c-6.4 0-12.8 6.4-12.8 12.8v230.4c0 6.4 6.4 12.8 12.8 12.8zm-192 0h22.4c6.4 0 12.8-6.4 12.8-12.8V140.8c0-6.4-6.4-12.8-12.8-12.8h-22.4c-6.4 0-12.8 6.4-12.8 12.8v198.4c0 6.4 6.4 12.8 12.8 12.8zm96 0h22.4c6.4 0 12.8-6.4 12.8-12.8V204.8c0-6.4-6.4-12.8-12.8-12.8h-22.4c-6.4 0-12.8 6.4-12.8 12.8v134.4c0 6.4 6.4 12.8 12.8 12.8zM496 400H48V80c0-8.84-7.16-16-16-16H16C7.16 64 0 71.16 0 80v336c0 17.67 14.33 32 32 32h464c8.84 0 16-7.16 16-16v-16c0-8.84-7.16-16-16-16zm-387.2-48h22.4c6.4 0 12.8-6.4 12.8-12.8v-70.4c0-6.4-6.4-12.8-12.8-12.8h-22.4c-6.4 0-12.8 6.4-12.8 12.8v70.4c0 6.4 6.4 12.8 12.8 12.8z\" class=\"\"><\/path><\/svg><\/i> Vistas Totales&nbsp;1,125&nbsp;, Vistas Hoy&nbsp;8&nbsp;<\/p>\n<div class=\"pvc_clear\"><\/div>\n","protected":false},"author":2,"featured_media":22066,"comment_status":"closed","ping_status":"closed","sticky":false,"template":"","format":"standard","meta":{"footnotes":""},"categories":[19],"tags":[],"class_list":["post-22065","post","type-post","status-publish","format-standard","has-post-thumbnail","hentry","category-actualidad"],"yoast_head":"<!-- This site is optimized with the Yoast SEO plugin v25.2 - https:\/\/yoast.com\/wordpress\/plugins\/seo\/ -->\n<title>Economista reitera que Rep\u00fablica Dominicana necesita una reforma en la parte fiscal | CREES<\/title>\n<meta name=\"robots\" content=\"index, follow, max-snippet:-1, max-image-preview:large, max-video-preview:-1\" \/>\n<link rel=\"canonical\" href=\"https:\/\/crees.org.do\/?p=22065\" \/>\n<meta property=\"og:locale\" content=\"es_ES\" \/>\n<meta property=\"og:type\" content=\"article\" \/>\n<meta property=\"og:title\" content=\"Economista reitera que Rep\u00fablica Dominicana necesita una reforma en la parte fiscal | CREES\" \/>\n<meta property=\"og:description\" content=\"Autor: RC Noticias Fecha: 6 de septiembre del 2021 Extra\u00eddo de: RC Noticias El vicepresidente ejecutivo del Centro Regional de Estrategias Econ\u00f3micas Sostenibles (CREES), economista Miguel Collado Di Franco, reiter\u00f3 este lunes que la Rep\u00fablica Dominicana necesita una reforma en la parte fiscal, pues entiende que el pa\u00eds no debe esperar para poner la casa...\" \/>\n<meta property=\"og:url\" content=\"https:\/\/crees.org.do\/?p=22065\" \/>\n<meta property=\"og:site_name\" content=\"CREES\" \/>\n<meta property=\"article:publisher\" content=\"https:\/\/www.facebook.com\/CREESRD\/\" \/>\n<meta property=\"article:published_time\" content=\"2021-09-06T18:43:56+00:00\" \/>\n<meta property=\"article:modified_time\" content=\"2021-09-08T18:44:56+00:00\" \/>\n<meta property=\"og:image\" content=\"https:\/\/crees.org.do\/wp-content\/uploads\/2021\/09\/de7b44ee-miguel-collado-611714436d268-640x384-1.jpg\" \/>\n\t<meta property=\"og:image:width\" content=\"640\" \/>\n\t<meta property=\"og:image:height\" content=\"384\" \/>\n\t<meta property=\"og:image:type\" content=\"image\/jpeg\" \/>\n<meta name=\"author\" content=\"Crees\" \/>\n<meta name=\"twitter:card\" content=\"summary_large_image\" \/>\n<meta name=\"twitter:creator\" content=\"@CREESRD\" \/>\n<meta name=\"twitter:site\" content=\"@CREESRD\" \/>\n<meta name=\"twitter:label1\" content=\"Escrito por\" \/>\n\t<meta name=\"twitter:data1\" content=\"Crees\" \/>\n\t<meta name=\"twitter:label2\" content=\"Tiempo de lectura\" \/>\n\t<meta name=\"twitter:data2\" content=\"1 minuto\" \/>\n<script type=\"application\/ld+json\" class=\"yoast-schema-graph\">{\"@context\":\"https:\/\/schema.org\",\"@graph\":[{\"@type\":\"Article\",\"@id\":\"https:\/\/crees.org.do\/?p=22065#article\",\"isPartOf\":{\"@id\":\"https:\/\/crees.org.do\/?p=22065\"},\"author\":{\"name\":\"Crees\",\"@id\":\"https:\/\/crees.org.do\/#\/schema\/person\/e7f97cd94d7bf9cd0e0ce30acb7d56b8\"},\"headline\":\"Economista reitera que Rep\u00fablica Dominicana necesita una reforma en la parte fiscal\",\"datePublished\":\"2021-09-06T18:43:56+00:00\",\"dateModified\":\"2021-09-08T18:44:56+00:00\",\"mainEntityOfPage\":{\"@id\":\"https:\/\/crees.org.do\/?p=22065\"},\"wordCount\":299,\"publisher\":{\"@id\":\"https:\/\/crees.org.do\/#organization\"},\"image\":{\"@id\":\"https:\/\/crees.org.do\/?p=22065#primaryimage\"},\"thumbnailUrl\":\"https:\/\/crees.org.do\/wp-content\/uploads\/2021\/09\/de7b44ee-miguel-collado-611714436d268-640x384-1.jpg\",\"articleSection\":[\"Actualidad\"],\"inLanguage\":\"es\"},{\"@type\":\"WebPage\",\"@id\":\"https:\/\/crees.org.do\/?p=22065\",\"url\":\"https:\/\/crees.org.do\/?p=22065\",\"name\":\"Economista reitera que Rep\u00fablica Dominicana necesita una reforma en la parte fiscal | CREES\",\"isPartOf\":{\"@id\":\"https:\/\/crees.org.do\/#website\"},\"primaryImageOfPage\":{\"@id\":\"https:\/\/crees.org.do\/?p=22065#primaryimage\"},\"image\":{\"@id\":\"https:\/\/crees.org.do\/?p=22065#primaryimage\"},\"thumbnailUrl\":\"https:\/\/crees.org.do\/wp-content\/uploads\/2021\/09\/de7b44ee-miguel-collado-611714436d268-640x384-1.jpg\",\"datePublished\":\"2021-09-06T18:43:56+00:00\",\"dateModified\":\"2021-09-08T18:44:56+00:00\",\"breadcrumb\":{\"@id\":\"https:\/\/crees.org.do\/?p=22065#breadcrumb\"},\"inLanguage\":\"es\",\"potentialAction\":[{\"@type\":\"ReadAction\",\"target\":[\"https:\/\/crees.org.do\/?p=22065\"]}]},{\"@type\":\"ImageObject\",\"inLanguage\":\"es\",\"@id\":\"https:\/\/crees.org.do\/?p=22065#primaryimage\",\"url\":\"https:\/\/crees.org.do\/wp-content\/uploads\/2021\/09\/de7b44ee-miguel-collado-611714436d268-640x384-1.jpg\",\"contentUrl\":\"https:\/\/crees.org.do\/wp-content\/uploads\/2021\/09\/de7b44ee-miguel-collado-611714436d268-640x384-1.jpg\",\"width\":640,\"height\":384},{\"@type\":\"BreadcrumbList\",\"@id\":\"https:\/\/crees.org.do\/?p=22065#breadcrumb\",\"itemListElement\":[{\"@type\":\"ListItem\",\"position\":1,\"name\":\"Portada\",\"item\":\"https:\/\/crees.org.do\/\"},{\"@type\":\"ListItem\",\"position\":2,\"name\":\"Economista reitera que Rep\u00fablica Dominicana necesita una reforma en la parte fiscal\"}]},{\"@type\":\"WebSite\",\"@id\":\"https:\/\/crees.org.do\/#website\",\"url\":\"https:\/\/crees.org.do\/\",\"name\":\"CREES\",\"description\":\"Centro Regional de Estrategias Econ\u00f3micas Sostenibles\",\"publisher\":{\"@id\":\"https:\/\/crees.org.do\/#organization\"},\"potentialAction\":[{\"@type\":\"SearchAction\",\"target\":{\"@type\":\"EntryPoint\",\"urlTemplate\":\"https:\/\/crees.org.do\/?s={search_term_string}\"},\"query-input\":{\"@type\":\"PropertyValueSpecification\",\"valueRequired\":true,\"valueName\":\"search_term_string\"}}],\"inLanguage\":\"es\"},{\"@type\":\"Organization\",\"@id\":\"https:\/\/crees.org.do\/#organization\",\"name\":\"CREES | Centro Regional de Estrategias Econ\u00f3micas Sostenibles\",\"url\":\"https:\/\/crees.org.do\/\",\"logo\":{\"@type\":\"ImageObject\",\"inLanguage\":\"es\",\"@id\":\"https:\/\/crees.org.do\/#\/schema\/logo\/image\/\",\"url\":\"https:\/\/crees.org.do\/wp-content\/uploads\/2022\/03\/crees-logo-1.jpg\",\"contentUrl\":\"https:\/\/crees.org.do\/wp-content\/uploads\/2022\/03\/crees-logo-1.jpg\",\"width\":244,\"height\":71,\"caption\":\"CREES | Centro Regional de Estrategias Econ\u00f3micas Sostenibles\"},\"image\":{\"@id\":\"https:\/\/crees.org.do\/#\/schema\/logo\/image\/\"},\"sameAs\":[\"https:\/\/www.facebook.com\/CREESRD\/\",\"https:\/\/x.com\/CREESRD\"]},{\"@type\":\"Person\",\"@id\":\"https:\/\/crees.org.do\/#\/schema\/person\/e7f97cd94d7bf9cd0e0ce30acb7d56b8\",\"name\":\"Crees\",\"image\":{\"@type\":\"ImageObject\",\"inLanguage\":\"es\",\"@id\":\"https:\/\/crees.org.do\/#\/schema\/person\/image\/\",\"url\":\"https:\/\/secure.gravatar.com\/avatar\/390ac8f0be5d9aa046152553e2dd7011b59a512d89c150f5e5f28bb8d9a0b165?s=96&d=mm&r=g\",\"contentUrl\":\"https:\/\/secure.gravatar.com\/avatar\/390ac8f0be5d9aa046152553e2dd7011b59a512d89c150f5e5f28bb8d9a0b165?s=96&d=mm&r=g\",\"caption\":\"Crees\"},\"url\":\"https:\/\/crees.org.do\/?author=2\"}]}<\/script>\n<!-- \/ Yoast SEO plugin. -->","yoast_head_json":{"title":"Economista reitera que Rep\u00fablica Dominicana necesita una reforma en la parte fiscal | CREES","robots":{"index":"index","follow":"follow","max-snippet":"max-snippet:-1","max-image-preview":"max-image-preview:large","max-video-preview":"max-video-preview:-1"},"canonical":"https:\/\/crees.org.do\/?p=22065","og_locale":"es_ES","og_type":"article","og_title":"Economista reitera que Rep\u00fablica Dominicana necesita una reforma en la parte fiscal | CREES","og_description":"Autor: RC Noticias Fecha: 6 de septiembre del 2021 Extra\u00eddo de: RC Noticias El vicepresidente ejecutivo del Centro Regional de Estrategias Econ\u00f3micas Sostenibles (CREES), economista Miguel Collado Di Franco, reiter\u00f3 este lunes que la Rep\u00fablica Dominicana necesita una reforma en la parte fiscal, pues entiende que el pa\u00eds no debe esperar para poner la casa...","og_url":"https:\/\/crees.org.do\/?p=22065","og_site_name":"CREES","article_publisher":"https:\/\/www.facebook.com\/CREESRD\/","article_published_time":"2021-09-06T18:43:56+00:00","article_modified_time":"2021-09-08T18:44:56+00:00","og_image":[{"width":640,"height":384,"url":"https:\/\/crees.org.do\/wp-content\/uploads\/2021\/09\/de7b44ee-miguel-collado-611714436d268-640x384-1.jpg","type":"image\/jpeg"}],"author":"Crees","twitter_card":"summary_large_image","twitter_creator":"@CREESRD","twitter_site":"@CREESRD","twitter_misc":{"Escrito por":"Crees","Tiempo de lectura":"1 minuto"},"schema":{"@context":"https:\/\/schema.org","@graph":[{"@type":"Article","@id":"https:\/\/crees.org.do\/?p=22065#article","isPartOf":{"@id":"https:\/\/crees.org.do\/?p=22065"},"author":{"name":"Crees","@id":"https:\/\/crees.org.do\/#\/schema\/person\/e7f97cd94d7bf9cd0e0ce30acb7d56b8"},"headline":"Economista reitera que Rep\u00fablica Dominicana necesita una reforma en la parte fiscal","datePublished":"2021-09-06T18:43:56+00:00","dateModified":"2021-09-08T18:44:56+00:00","mainEntityOfPage":{"@id":"https:\/\/crees.org.do\/?p=22065"},"wordCount":299,"publisher":{"@id":"https:\/\/crees.org.do\/#organization"},"image":{"@id":"https:\/\/crees.org.do\/?p=22065#primaryimage"},"thumbnailUrl":"https:\/\/crees.org.do\/wp-content\/uploads\/2021\/09\/de7b44ee-miguel-collado-611714436d268-640x384-1.jpg","articleSection":["Actualidad"],"inLanguage":"es"},{"@type":"WebPage","@id":"https:\/\/crees.org.do\/?p=22065","url":"https:\/\/crees.org.do\/?p=22065","name":"Economista reitera que Rep\u00fablica Dominicana necesita una reforma en la parte fiscal | CREES","isPartOf":{"@id":"https:\/\/crees.org.do\/#website"},"primaryImageOfPage":{"@id":"https:\/\/crees.org.do\/?p=22065#primaryimage"},"image":{"@id":"https:\/\/crees.org.do\/?p=22065#primaryimage"},"thumbnailUrl":"https:\/\/crees.org.do\/wp-content\/uploads\/2021\/09\/de7b44ee-miguel-collado-611714436d268-640x384-1.jpg","datePublished":"2021-09-06T18:43:56+00:00","dateModified":"2021-09-08T18:44:56+00:00","breadcrumb":{"@id":"https:\/\/crees.org.do\/?p=22065#breadcrumb"},"inLanguage":"es","potentialAction":[{"@type":"ReadAction","target":["https:\/\/crees.org.do\/?p=22065"]}]},{"@type":"ImageObject","inLanguage":"es","@id":"https:\/\/crees.org.do\/?p=22065#primaryimage","url":"https:\/\/crees.org.do\/wp-content\/uploads\/2021\/09\/de7b44ee-miguel-collado-611714436d268-640x384-1.jpg","contentUrl":"https:\/\/crees.org.do\/wp-content\/uploads\/2021\/09\/de7b44ee-miguel-collado-611714436d268-640x384-1.jpg","width":640,"height":384},{"@type":"BreadcrumbList","@id":"https:\/\/crees.org.do\/?p=22065#breadcrumb","itemListElement":[{"@type":"ListItem","position":1,"name":"Portada","item":"https:\/\/crees.org.do\/"},{"@type":"ListItem","position":2,"name":"Economista reitera que Rep\u00fablica Dominicana necesita una reforma en la parte fiscal"}]},{"@type":"WebSite","@id":"https:\/\/crees.org.do\/#website","url":"https:\/\/crees.org.do\/","name":"CREES","description":"Centro Regional de Estrategias Econ\u00f3micas Sostenibles","publisher":{"@id":"https:\/\/crees.org.do\/#organization"},"potentialAction":[{"@type":"SearchAction","target":{"@type":"EntryPoint","urlTemplate":"https:\/\/crees.org.do\/?s={search_term_string}"},"query-input":{"@type":"PropertyValueSpecification","valueRequired":true,"valueName":"search_term_string"}}],"inLanguage":"es"},{"@type":"Organization","@id":"https:\/\/crees.org.do\/#organization","name":"CREES | Centro Regional de Estrategias Econ\u00f3micas Sostenibles","url":"https:\/\/crees.org.do\/","logo":{"@type":"ImageObject","inLanguage":"es","@id":"https:\/\/crees.org.do\/#\/schema\/logo\/image\/","url":"https:\/\/crees.org.do\/wp-content\/uploads\/2022\/03\/crees-logo-1.jpg","contentUrl":"https:\/\/crees.org.do\/wp-content\/uploads\/2022\/03\/crees-logo-1.jpg","width":244,"height":71,"caption":"CREES | Centro Regional de Estrategias Econ\u00f3micas Sostenibles"},"image":{"@id":"https:\/\/crees.org.do\/#\/schema\/logo\/image\/"},"sameAs":["https:\/\/www.facebook.com\/CREESRD\/","https:\/\/x.com\/CREESRD"]},{"@type":"Person","@id":"https:\/\/crees.org.do\/#\/schema\/person\/e7f97cd94d7bf9cd0e0ce30acb7d56b8","name":"Crees","image":{"@type":"ImageObject","inLanguage":"es","@id":"https:\/\/crees.org.do\/#\/schema\/person\/image\/","url":"https:\/\/secure.gravatar.com\/avatar\/390ac8f0be5d9aa046152553e2dd7011b59a512d89c150f5e5f28bb8d9a0b165?s=96&d=mm&r=g","contentUrl":"https:\/\/secure.gravatar.com\/avatar\/390ac8f0be5d9aa046152553e2dd7011b59a512d89c150f5e5f28bb8d9a0b165?s=96&d=mm&r=g","caption":"Crees"},"url":"https:\/\/crees.org.do\/?author=2"}]}},"_links":{"self":[{"href":"https:\/\/crees.org.do\/index.php?rest_route=\/wp\/v2\/posts\/22065","targetHints":{"allow":["GET"]}}],"collection":[{"href":"https:\/\/crees.org.do\/index.php?rest_route=\/wp\/v2\/posts"}],"about":[{"href":"https:\/\/crees.org.do\/index.php?rest_route=\/wp\/v2\/types\/post"}],"author":[{"embeddable":true,"href":"https:\/\/crees.org.do\/index.php?rest_route=\/wp\/v2\/users\/2"}],"replies":[{"embeddable":true,"href":"https:\/\/crees.org.do\/index.php?rest_route=%2Fwp%2Fv2%2Fcomments&post=22065"}],"version-history":[{"count":2,"href":"https:\/\/crees.org.do\/index.php?rest_route=\/wp\/v2\/posts\/22065\/revisions"}],"predecessor-version":[{"id":22068,"href":"https:\/\/crees.org.do\/index.php?rest_route=\/wp\/v2\/posts\/22065\/revisions\/22068"}],"wp:featuredmedia":[{"embeddable":true,"href":"https:\/\/crees.org.do\/index.php?rest_route=\/wp\/v2\/media\/22066"}],"wp:attachment":[{"href":"https:\/\/crees.org.do\/index.php?rest_route=%2Fwp%2Fv2%2Fmedia&parent=22065"}],"wp:term":[{"taxonomy":"category","embeddable":true,"href":"https:\/\/crees.org.do\/index.php?rest_route=%2Fwp%2Fv2%2Fcategories&post=22065"},{"taxonomy":"post_tag","embeddable":true,"href":"https:\/\/crees.org.do\/index.php?rest_route=%2Fwp%2Fv2%2Ftags&post=22065"}],"curies":[{"name":"wp","href":"https:\/\/api.w.org\/{rel}","templated":true}]}}