{"id":22069,"date":"2021-09-06T18:50:54","date_gmt":"2021-09-06T18:50:54","guid":{"rendered":"https:\/\/crees.org.do\/?p=22069"},"modified":"2021-09-08T18:53:44","modified_gmt":"2021-09-08T18:53:44","slug":"la-inflacion-alimentaria-en-la-region-no-sera-transitoria","status":"publish","type":"post","link":"https:\/\/crees.org.do\/?p=22069","title":{"rendered":"La inflaci\u00f3n alimentaria en la regi\u00f3n no ser\u00e1 transitoria"},"content":{"rendered":"<p>Autor: Dolfi G\u00f3mez<\/p>\n<p>Fecha: 6 de septiembre del 2021<\/p>\n<p>Extra\u00eddo de:\u00a0<a href=\"https:\/\/eldinero.com.do\/172173\/la-inflacion-alimentaria-en-la-region-no-sera-transitoria\/\">El Dinero<\/a><\/p>\n<p style=\"text-align: justify;\">El costo de las materias primas, los problemas de log\u00edstica, la demanda y oferta de los productos, entre otros problemas empujados por el covid-19 han detonado un alza en los precios de productos de la canasta b\u00e1sica, no solo de Rep\u00fablica Dominicana, sino de la regi\u00f3n.<\/p>\n<p style=\"text-align: justify;\">De acuerdo con el Banco Mundial (BM), Am\u00e9rica Latina es la regi\u00f3n m\u00e1s golpeada por la pandemia, debido a la fuerte contracci\u00f3n provocada por la crisis sanitaria, lo que ha tenido altos costos econ\u00f3micos y sociales.<\/p>\n<p style=\"text-align: justify;\">Conforme con los datos del Centro Regional de Estrategias Econ\u00f3micas Sostenibles (CREES), el incremento de precios al consumidor en Venezuela, a julio 2021, fue de 1,984%, mientras que la canasta b\u00e1sica en Argentina se ubic\u00f3 en 51.8%, Brasil 9.3%, Rep\u00fablica Dominicana 7.9% y Uruguay 7.3%. En el resto de los pa\u00edses la inflaci\u00f3n se ubic\u00f3 por debajo de los 5.8%.<\/p>\n<p style=\"text-align: justify;\">El \u00edndice de precios de los alimentos de la Organizaci\u00f3n de las Naciones Unidas para la Alimentaci\u00f3n y la Agricultura (FAO), en julio de este a\u00f1o se situ\u00f3 en un promedio de 123 puntos, es decir, 1.5 puntos (un 1.2%) menos que en junio, pero eso es 29.1 puntos (31%) por encima del mismo per\u00edodo del a\u00f1o pasado.<\/p>\n<p style=\"text-align: justify;\"><strong>Variaci\u00f3n de precios locales<\/strong><\/p>\n<p style=\"text-align: justify;\">En Rep\u00fablica Dominicana el aceite comestible es uno de los productos de mayor alza de precio durante el \u00faltimo a\u00f1o, con un crecimiento interanual de un 68%. Pas\u00f3 de encontrarse en los supermercados en RD$387 el gal\u00f3n en agosto de 2020 a RD$647 en igual mes de 2021, de acuerdo con el \u00cdndice de Precio del Instituto Nacional de Protecci\u00f3n de los Derechos del Consumidor (ProConsumidor).<\/p>\n<p style=\"text-align: justify;\"><a href=\"https:\/\/149562642.v2.pressablecdn.com\/wp-content\/uploads\/Precios-de-productos-de-la-canasta-basica.jpg\"><img fetchpriority=\"high\" decoding=\"async\" class=\"aligncenter wp-image-172184\" src=\"https:\/\/149562642.v2.pressablecdn.com\/wp-content\/uploads\/Precios-de-productos-de-la-canasta-basica.jpg\" sizes=\"(max-width: 900px) 100vw, 900px\" srcset=\"https:\/\/149562642.v2.pressablecdn.com\/wp-content\/uploads\/Precios-de-productos-de-la-canasta-basica.jpg 900w , https:\/\/149562642.v2.pressablecdn.com\/wp-content\/uploads\/Precios-de-productos-de-la-canasta-basica-360x456.jpg 360w , https:\/\/149562642.v2.pressablecdn.com\/wp-content\/uploads\/Precios-de-productos-de-la-canasta-basica-809x1024.jpg 809w , https:\/\/149562642.v2.pressablecdn.com\/wp-content\/uploads\/Precios-de-productos-de-la-canasta-basica-158x200.jpg 158w , https:\/\/149562642.v2.pressablecdn.com\/wp-content\/uploads\/Precios-de-productos-de-la-canasta-basica-768x972.jpg 768w , https:\/\/149562642.v2.pressablecdn.com\/wp-content\/uploads\/Precios-de-productos-de-la-canasta-basica-750x949.jpg 750w \" alt=\"\" width=\"722\" height=\"914\" data-pin-no-hover=\"true\" \/><\/a>Como este, otros productos de la canasta b\u00e1sica dominicana han sufrido variaciones en sus costos. El precio de la carne de res que en agosto del pasado a\u00f1o se encontraba en los principales supermercados del pa\u00eds a RD$109 la libra, en igual mes de este a\u00f1o se ubic\u00f3 en RD$164 (50.4%).<\/p>\n<p style=\"text-align: justify;\">La carne cerdo elev\u00f3 su precio interanual en 28.5%, pese a la incidencia de la fiebre porcina. Pas\u00f3 de RD$77 por libra a RD$99 en los \u00faltimos doce meses.<\/p>\n<p style=\"text-align: justify;\">El economista Henri Hebrard explic\u00f3 que las alzas de los aceites y las carnes de manera particular son por los incrementos de las materias primas para su producci\u00f3n en el mercado internacional.<\/p>\n<p style=\"text-align: justify;\">Pidi\u00f3 prestar atenci\u00f3n a la producci\u00f3n local, porque de no incentivarse podr\u00eda suponer incrementos adicionales. Record\u00f3 que durante el 2019 y 2020 los precios de muchos de los productos de la canasta b\u00e1sica presentaron rebajas debido a la sobreproducci\u00f3n local, por el cierre de hoteles, bares y restaurantes, por lo que si en 2022 retorna el turismo, los productos pueden escasear.<\/p>\n<p style=\"text-align: justify;\">Los incrementos actuales sobrepasan los de la crisis de 2008, sostuvo. \u201cEl mejor remedio a los precios altos son los mismos precios altos\u201d, es decir, cuando un producto sube mucho las personas reaccionan y dejan de consumir lo que hace que los precios vuelvan a su normalidad.<\/p>\n<p style=\"text-align: justify;\">Destac\u00f3 que aunque los precios internacionales de las materias primas han empezado a bajar, se mantienen relativamente altos, por lo que no se reflejar\u00e1 una baja considerable hasta la primera mitad del pr\u00f3ximo a\u00f1o.<\/p>\n<p><strong>En la regi\u00f3n<\/strong><\/p>\n<p style=\"text-align: justify;\">De acuerdo con los datos del Instituto Nacional de Estad\u00edstica y Censos de Argentina (Indec), durante el mes de julio pasado la canasta b\u00e1sica alimentaria (CBA) experiment\u00f3 una variaci\u00f3n respecto a al mes anterior de 2.1%, mientras que la variaci\u00f3n de la canasta b\u00e1sica total (CBT) fue de 1.6%. Pero las variaciones interanuales de la CBA y de la CBT resultaron en 58.3% y 51.8%, respectivamente.<\/p>\n<p style=\"text-align: justify;\">Mientras que en Brasil el \u00cdndice Nacional de Precios al Consumidor Ampliado (IPCA) en julio aument\u00f3 0.96%, es decir, 0.43 puntos porcentuales por encima de la tasa de 0.53% registrada en junio, siendo la mayor variaci\u00f3n de un mes a otro julio desde 2002.<\/p>\n<p style=\"text-align: justify;\">Conforme con el IBGE, Brasil registra su inflaci\u00f3n anticipada m\u00e1s alta de los \u00faltimos 20 a\u00f1os. Entre los alimentos con mayor alza se encuentran los tomates, el pollo, las frutas y la leche. A la vez que, hubo una baja en los precios de las cebollas, habichuelas y el arroz.<\/p>\n<p style=\"text-align: justify;\">De su lado, en Uruguay el IPC de julio de 2021 registr\u00f3 una variaci\u00f3n mensual de 0.52%, acumulada en el a\u00f1o 5.3% y en los \u00faltimos 12 meses de 7.3%, seg\u00fan los datos de la Oficina Nacional de Estad\u00edstica (ONE) de ese pa\u00eds.<\/p>\n<p style=\"text-align: justify;\">Fueron impactados, principalmente, productos como el aceite, agua y refrescos, mientras que se fueron a la baja insumos como naranja, lim\u00f3n, lechuga, tomate y zanahoria, entre otros.<\/p>\n<p><strong>Parecer del CREES<\/strong><\/p>\n<p style=\"text-align: justify;\">El economista y director de investigaci\u00f3n CREES, Miguel Collado Di Franco, sostuvo que mientras se mantenga la pol\u00edtica monetaria expansiva a nivel internacional los precios de los alimentos y la inflaci\u00f3n se mantendr\u00e1n al alza.<\/p>\n<p style=\"text-align: justify;\">Indic\u00f3 que la situaci\u00f3n actual no ser\u00e1 transitoria, sino que durar\u00e1 un tiempo, por lo que en el pa\u00eds hacen falta pol\u00edticas de reformas estructurales y no de subsidios, que reduzcan costos en la econom\u00eda a nivel de transporte, de impuestos a los combustibles, laborales no salariales y de tasas impositivas, adem\u00e1s de hacer m\u00e1s eficiente el sistema el\u00e9ctrico.<\/p>\n<p style=\"text-align: justify;\">Di Franco resalt\u00f3 que las pol\u00edticas no pueden ser de controles de precios, porque crean m\u00e1s escasez, pero tampoco pueden ser de subsidios. \u201cLos subsidios son pagados por los mismos consumidores, a menos que sean muy espec\u00edficos, pero moment\u00e1neos\u201d, dijo.<\/p>\n<div class=\"pvc_clear\"><\/div>\n<p class=\"pvc_stats all \" data-element-id=\"22069\" style=\"\"><i class=\"pvc-stats-icon medium\" aria-hidden=\"true\"><svg aria-hidden=\"true\" focusable=\"false\" data-prefix=\"far\" data-icon=\"chart-bar\" role=\"img\" xmlns=\"http:\/\/www.w3.org\/2000\/svg\" viewBox=\"0 0 512 512\" class=\"svg-inline--fa fa-chart-bar fa-w-16 fa-2x\"><path fill=\"currentColor\" d=\"M396.8 352h22.4c6.4 0 12.8-6.4 12.8-12.8V108.8c0-6.4-6.4-12.8-12.8-12.8h-22.4c-6.4 0-12.8 6.4-12.8 12.8v230.4c0 6.4 6.4 12.8 12.8 12.8zm-192 0h22.4c6.4 0 12.8-6.4 12.8-12.8V140.8c0-6.4-6.4-12.8-12.8-12.8h-22.4c-6.4 0-12.8 6.4-12.8 12.8v198.4c0 6.4 6.4 12.8 12.8 12.8zm96 0h22.4c6.4 0 12.8-6.4 12.8-12.8V204.8c0-6.4-6.4-12.8-12.8-12.8h-22.4c-6.4 0-12.8 6.4-12.8 12.8v134.4c0 6.4 6.4 12.8 12.8 12.8zM496 400H48V80c0-8.84-7.16-16-16-16H16C7.16 64 0 71.16 0 80v336c0 17.67 14.33 32 32 32h464c8.84 0 16-7.16 16-16v-16c0-8.84-7.16-16-16-16zm-387.2-48h22.4c6.4 0 12.8-6.4 12.8-12.8v-70.4c0-6.4-6.4-12.8-12.8-12.8h-22.4c-6.4 0-12.8 6.4-12.8 12.8v70.4c0 6.4 6.4 12.8 12.8 12.8z\" class=\"\"><\/path><\/svg><\/i> Vistas Totales&nbsp;1,206&nbsp;, Vistas Hoy&nbsp;8&nbsp;<\/p>\n<div class=\"pvc_clear\"><\/div>\n","protected":false},"excerpt":{"rendered":"<p>Autor: Dolfi G\u00f3mez Fecha: 6 de septiembre del 2021 Extra\u00eddo de:\u00a0El Dinero El costo de las materias primas, los problemas de log\u00edstica, la demanda y oferta de los productos, entre otros problemas empujados por el covid-19 han detonado un alza en los precios de productos de la canasta b\u00e1sica, no solo de Rep\u00fablica Dominicana, sino&#8230;<\/p>\n<div class=\"pvc_clear\"><\/div>\n<p class=\"pvc_stats all \" data-element-id=\"22069\" style=\"\"><i class=\"pvc-stats-icon medium\" aria-hidden=\"true\"><svg aria-hidden=\"true\" focusable=\"false\" data-prefix=\"far\" data-icon=\"chart-bar\" role=\"img\" xmlns=\"http:\/\/www.w3.org\/2000\/svg\" viewBox=\"0 0 512 512\" class=\"svg-inline--fa fa-chart-bar fa-w-16 fa-2x\"><path fill=\"currentColor\" d=\"M396.8 352h22.4c6.4 0 12.8-6.4 12.8-12.8V108.8c0-6.4-6.4-12.8-12.8-12.8h-22.4c-6.4 0-12.8 6.4-12.8 12.8v230.4c0 6.4 6.4 12.8 12.8 12.8zm-192 0h22.4c6.4 0 12.8-6.4 12.8-12.8V140.8c0-6.4-6.4-12.8-12.8-12.8h-22.4c-6.4 0-12.8 6.4-12.8 12.8v198.4c0 6.4 6.4 12.8 12.8 12.8zm96 0h22.4c6.4 0 12.8-6.4 12.8-12.8V204.8c0-6.4-6.4-12.8-12.8-12.8h-22.4c-6.4 0-12.8 6.4-12.8 12.8v134.4c0 6.4 6.4 12.8 12.8 12.8zM496 400H48V80c0-8.84-7.16-16-16-16H16C7.16 64 0 71.16 0 80v336c0 17.67 14.33 32 32 32h464c8.84 0 16-7.16 16-16v-16c0-8.84-7.16-16-16-16zm-387.2-48h22.4c6.4 0 12.8-6.4 12.8-12.8v-70.4c0-6.4-6.4-12.8-12.8-12.8h-22.4c-6.4 0-12.8 6.4-12.8 12.8v70.4c0 6.4 6.4 12.8 12.8 12.8z\" class=\"\"><\/path><\/svg><\/i> Vistas Totales&nbsp;1,206&nbsp;, Vistas Hoy&nbsp;8&nbsp;<\/p>\n<div class=\"pvc_clear\"><\/div>\n","protected":false},"author":2,"featured_media":22070,"comment_status":"closed","ping_status":"closed","sticky":false,"template":"","format":"standard","meta":{"footnotes":""},"categories":[19],"tags":[],"class_list":["post-22069","post","type-post","status-publish","format-standard","has-post-thumbnail","hentry","category-actualidad"],"yoast_head":"<!-- This site is optimized with the Yoast SEO plugin v25.2 - https:\/\/yoast.com\/wordpress\/plugins\/seo\/ -->\n<title>La inflaci\u00f3n alimentaria en la regi\u00f3n no ser\u00e1 transitoria | CREES<\/title>\n<meta name=\"robots\" content=\"index, follow, max-snippet:-1, max-image-preview:large, max-video-preview:-1\" \/>\n<link rel=\"canonical\" href=\"https:\/\/crees.org.do\/?p=22069\" \/>\n<meta property=\"og:locale\" content=\"es_ES\" \/>\n<meta property=\"og:type\" content=\"article\" \/>\n<meta property=\"og:title\" content=\"La inflaci\u00f3n alimentaria en la regi\u00f3n no ser\u00e1 transitoria | CREES\" \/>\n<meta property=\"og:description\" content=\"Autor: Dolfi G\u00f3mez Fecha: 6 de septiembre del 2021 Extra\u00eddo de:\u00a0El Dinero El costo de las materias primas, los problemas de log\u00edstica, la demanda y oferta de los productos, entre otros problemas empujados por el covid-19 han detonado un alza en los precios de productos de la canasta b\u00e1sica, no solo de Rep\u00fablica Dominicana, sino...\" \/>\n<meta property=\"og:url\" content=\"https:\/\/crees.org.do\/?p=22069\" \/>\n<meta property=\"og:site_name\" content=\"CREES\" \/>\n<meta property=\"article:publisher\" content=\"https:\/\/www.facebook.com\/CREESRD\/\" \/>\n<meta property=\"article:published_time\" content=\"2021-09-06T18:50:54+00:00\" \/>\n<meta property=\"article:modified_time\" content=\"2021-09-08T18:53:44+00:00\" \/>\n<meta property=\"og:image\" content=\"https:\/\/crees.org.do\/wp-content\/uploads\/2021\/09\/inflacion-alimentaria-canasta-basica-750x536-1.jpg\" \/>\n\t<meta property=\"og:image:width\" content=\"750\" \/>\n\t<meta property=\"og:image:height\" content=\"536\" \/>\n\t<meta property=\"og:image:type\" content=\"image\/jpeg\" \/>\n<meta name=\"author\" content=\"Crees\" \/>\n<meta name=\"twitter:card\" content=\"summary_large_image\" \/>\n<meta name=\"twitter:creator\" content=\"@CREESRD\" \/>\n<meta name=\"twitter:site\" content=\"@CREESRD\" \/>\n<meta name=\"twitter:label1\" content=\"Escrito por\" \/>\n\t<meta name=\"twitter:data1\" content=\"Crees\" \/>\n\t<meta name=\"twitter:label2\" content=\"Tiempo de lectura\" \/>\n\t<meta name=\"twitter:data2\" content=\"5 minutos\" \/>\n<script type=\"application\/ld+json\" class=\"yoast-schema-graph\">{\"@context\":\"https:\/\/schema.org\",\"@graph\":[{\"@type\":\"Article\",\"@id\":\"https:\/\/crees.org.do\/?p=22069#article\",\"isPartOf\":{\"@id\":\"https:\/\/crees.org.do\/?p=22069\"},\"author\":{\"name\":\"Crees\",\"@id\":\"https:\/\/crees.org.do\/#\/schema\/person\/e7f97cd94d7bf9cd0e0ce30acb7d56b8\"},\"headline\":\"La inflaci\u00f3n alimentaria en la regi\u00f3n no ser\u00e1 transitoria\",\"datePublished\":\"2021-09-06T18:50:54+00:00\",\"dateModified\":\"2021-09-08T18:53:44+00:00\",\"mainEntityOfPage\":{\"@id\":\"https:\/\/crees.org.do\/?p=22069\"},\"wordCount\":950,\"publisher\":{\"@id\":\"https:\/\/crees.org.do\/#organization\"},\"image\":{\"@id\":\"https:\/\/crees.org.do\/?p=22069#primaryimage\"},\"thumbnailUrl\":\"https:\/\/crees.org.do\/wp-content\/uploads\/2021\/09\/inflacion-alimentaria-canasta-basica-750x536-1.jpg\",\"articleSection\":[\"Actualidad\"],\"inLanguage\":\"es\"},{\"@type\":\"WebPage\",\"@id\":\"https:\/\/crees.org.do\/?p=22069\",\"url\":\"https:\/\/crees.org.do\/?p=22069\",\"name\":\"La inflaci\u00f3n alimentaria en la regi\u00f3n no ser\u00e1 transitoria | CREES\",\"isPartOf\":{\"@id\":\"https:\/\/crees.org.do\/#website\"},\"primaryImageOfPage\":{\"@id\":\"https:\/\/crees.org.do\/?p=22069#primaryimage\"},\"image\":{\"@id\":\"https:\/\/crees.org.do\/?p=22069#primaryimage\"},\"thumbnailUrl\":\"https:\/\/crees.org.do\/wp-content\/uploads\/2021\/09\/inflacion-alimentaria-canasta-basica-750x536-1.jpg\",\"datePublished\":\"2021-09-06T18:50:54+00:00\",\"dateModified\":\"2021-09-08T18:53:44+00:00\",\"breadcrumb\":{\"@id\":\"https:\/\/crees.org.do\/?p=22069#breadcrumb\"},\"inLanguage\":\"es\",\"potentialAction\":[{\"@type\":\"ReadAction\",\"target\":[\"https:\/\/crees.org.do\/?p=22069\"]}]},{\"@type\":\"ImageObject\",\"inLanguage\":\"es\",\"@id\":\"https:\/\/crees.org.do\/?p=22069#primaryimage\",\"url\":\"https:\/\/crees.org.do\/wp-content\/uploads\/2021\/09\/inflacion-alimentaria-canasta-basica-750x536-1.jpg\",\"contentUrl\":\"https:\/\/crees.org.do\/wp-content\/uploads\/2021\/09\/inflacion-alimentaria-canasta-basica-750x536-1.jpg\",\"width\":750,\"height\":536},{\"@type\":\"BreadcrumbList\",\"@id\":\"https:\/\/crees.org.do\/?p=22069#breadcrumb\",\"itemListElement\":[{\"@type\":\"ListItem\",\"position\":1,\"name\":\"Portada\",\"item\":\"https:\/\/crees.org.do\/\"},{\"@type\":\"ListItem\",\"position\":2,\"name\":\"La inflaci\u00f3n alimentaria en la regi\u00f3n no ser\u00e1 transitoria\"}]},{\"@type\":\"WebSite\",\"@id\":\"https:\/\/crees.org.do\/#website\",\"url\":\"https:\/\/crees.org.do\/\",\"name\":\"CREES\",\"description\":\"Centro Regional de Estrategias Econ\u00f3micas Sostenibles\",\"publisher\":{\"@id\":\"https:\/\/crees.org.do\/#organization\"},\"potentialAction\":[{\"@type\":\"SearchAction\",\"target\":{\"@type\":\"EntryPoint\",\"urlTemplate\":\"https:\/\/crees.org.do\/?s={search_term_string}\"},\"query-input\":{\"@type\":\"PropertyValueSpecification\",\"valueRequired\":true,\"valueName\":\"search_term_string\"}}],\"inLanguage\":\"es\"},{\"@type\":\"Organization\",\"@id\":\"https:\/\/crees.org.do\/#organization\",\"name\":\"CREES | Centro Regional de Estrategias Econ\u00f3micas Sostenibles\",\"url\":\"https:\/\/crees.org.do\/\",\"logo\":{\"@type\":\"ImageObject\",\"inLanguage\":\"es\",\"@id\":\"https:\/\/crees.org.do\/#\/schema\/logo\/image\/\",\"url\":\"https:\/\/crees.org.do\/wp-content\/uploads\/2022\/03\/crees-logo-1.jpg\",\"contentUrl\":\"https:\/\/crees.org.do\/wp-content\/uploads\/2022\/03\/crees-logo-1.jpg\",\"width\":244,\"height\":71,\"caption\":\"CREES | Centro Regional de Estrategias Econ\u00f3micas Sostenibles\"},\"image\":{\"@id\":\"https:\/\/crees.org.do\/#\/schema\/logo\/image\/\"},\"sameAs\":[\"https:\/\/www.facebook.com\/CREESRD\/\",\"https:\/\/x.com\/CREESRD\"]},{\"@type\":\"Person\",\"@id\":\"https:\/\/crees.org.do\/#\/schema\/person\/e7f97cd94d7bf9cd0e0ce30acb7d56b8\",\"name\":\"Crees\",\"image\":{\"@type\":\"ImageObject\",\"inLanguage\":\"es\",\"@id\":\"https:\/\/crees.org.do\/#\/schema\/person\/image\/\",\"url\":\"https:\/\/secure.gravatar.com\/avatar\/390ac8f0be5d9aa046152553e2dd7011b59a512d89c150f5e5f28bb8d9a0b165?s=96&d=mm&r=g\",\"contentUrl\":\"https:\/\/secure.gravatar.com\/avatar\/390ac8f0be5d9aa046152553e2dd7011b59a512d89c150f5e5f28bb8d9a0b165?s=96&d=mm&r=g\",\"caption\":\"Crees\"},\"url\":\"https:\/\/crees.org.do\/?author=2\"}]}<\/script>\n<!-- \/ Yoast SEO plugin. -->","yoast_head_json":{"title":"La inflaci\u00f3n alimentaria en la regi\u00f3n no ser\u00e1 transitoria | CREES","robots":{"index":"index","follow":"follow","max-snippet":"max-snippet:-1","max-image-preview":"max-image-preview:large","max-video-preview":"max-video-preview:-1"},"canonical":"https:\/\/crees.org.do\/?p=22069","og_locale":"es_ES","og_type":"article","og_title":"La inflaci\u00f3n alimentaria en la regi\u00f3n no ser\u00e1 transitoria | CREES","og_description":"Autor: Dolfi G\u00f3mez Fecha: 6 de septiembre del 2021 Extra\u00eddo de:\u00a0El Dinero El costo de las materias primas, los problemas de log\u00edstica, la demanda y oferta de los productos, entre otros problemas empujados por el covid-19 han detonado un alza en los precios de productos de la canasta b\u00e1sica, no solo de Rep\u00fablica Dominicana, sino...","og_url":"https:\/\/crees.org.do\/?p=22069","og_site_name":"CREES","article_publisher":"https:\/\/www.facebook.com\/CREESRD\/","article_published_time":"2021-09-06T18:50:54+00:00","article_modified_time":"2021-09-08T18:53:44+00:00","og_image":[{"width":750,"height":536,"url":"https:\/\/crees.org.do\/wp-content\/uploads\/2021\/09\/inflacion-alimentaria-canasta-basica-750x536-1.jpg","type":"image\/jpeg"}],"author":"Crees","twitter_card":"summary_large_image","twitter_creator":"@CREESRD","twitter_site":"@CREESRD","twitter_misc":{"Escrito por":"Crees","Tiempo de lectura":"5 minutos"},"schema":{"@context":"https:\/\/schema.org","@graph":[{"@type":"Article","@id":"https:\/\/crees.org.do\/?p=22069#article","isPartOf":{"@id":"https:\/\/crees.org.do\/?p=22069"},"author":{"name":"Crees","@id":"https:\/\/crees.org.do\/#\/schema\/person\/e7f97cd94d7bf9cd0e0ce30acb7d56b8"},"headline":"La inflaci\u00f3n alimentaria en la regi\u00f3n no ser\u00e1 transitoria","datePublished":"2021-09-06T18:50:54+00:00","dateModified":"2021-09-08T18:53:44+00:00","mainEntityOfPage":{"@id":"https:\/\/crees.org.do\/?p=22069"},"wordCount":950,"publisher":{"@id":"https:\/\/crees.org.do\/#organization"},"image":{"@id":"https:\/\/crees.org.do\/?p=22069#primaryimage"},"thumbnailUrl":"https:\/\/crees.org.do\/wp-content\/uploads\/2021\/09\/inflacion-alimentaria-canasta-basica-750x536-1.jpg","articleSection":["Actualidad"],"inLanguage":"es"},{"@type":"WebPage","@id":"https:\/\/crees.org.do\/?p=22069","url":"https:\/\/crees.org.do\/?p=22069","name":"La inflaci\u00f3n alimentaria en la regi\u00f3n no ser\u00e1 transitoria | CREES","isPartOf":{"@id":"https:\/\/crees.org.do\/#website"},"primaryImageOfPage":{"@id":"https:\/\/crees.org.do\/?p=22069#primaryimage"},"image":{"@id":"https:\/\/crees.org.do\/?p=22069#primaryimage"},"thumbnailUrl":"https:\/\/crees.org.do\/wp-content\/uploads\/2021\/09\/inflacion-alimentaria-canasta-basica-750x536-1.jpg","datePublished":"2021-09-06T18:50:54+00:00","dateModified":"2021-09-08T18:53:44+00:00","breadcrumb":{"@id":"https:\/\/crees.org.do\/?p=22069#breadcrumb"},"inLanguage":"es","potentialAction":[{"@type":"ReadAction","target":["https:\/\/crees.org.do\/?p=22069"]}]},{"@type":"ImageObject","inLanguage":"es","@id":"https:\/\/crees.org.do\/?p=22069#primaryimage","url":"https:\/\/crees.org.do\/wp-content\/uploads\/2021\/09\/inflacion-alimentaria-canasta-basica-750x536-1.jpg","contentUrl":"https:\/\/crees.org.do\/wp-content\/uploads\/2021\/09\/inflacion-alimentaria-canasta-basica-750x536-1.jpg","width":750,"height":536},{"@type":"BreadcrumbList","@id":"https:\/\/crees.org.do\/?p=22069#breadcrumb","itemListElement":[{"@type":"ListItem","position":1,"name":"Portada","item":"https:\/\/crees.org.do\/"},{"@type":"ListItem","position":2,"name":"La inflaci\u00f3n alimentaria en la regi\u00f3n no ser\u00e1 transitoria"}]},{"@type":"WebSite","@id":"https:\/\/crees.org.do\/#website","url":"https:\/\/crees.org.do\/","name":"CREES","description":"Centro Regional de Estrategias Econ\u00f3micas Sostenibles","publisher":{"@id":"https:\/\/crees.org.do\/#organization"},"potentialAction":[{"@type":"SearchAction","target":{"@type":"EntryPoint","urlTemplate":"https:\/\/crees.org.do\/?s={search_term_string}"},"query-input":{"@type":"PropertyValueSpecification","valueRequired":true,"valueName":"search_term_string"}}],"inLanguage":"es"},{"@type":"Organization","@id":"https:\/\/crees.org.do\/#organization","name":"CREES | Centro Regional de Estrategias Econ\u00f3micas Sostenibles","url":"https:\/\/crees.org.do\/","logo":{"@type":"ImageObject","inLanguage":"es","@id":"https:\/\/crees.org.do\/#\/schema\/logo\/image\/","url":"https:\/\/crees.org.do\/wp-content\/uploads\/2022\/03\/crees-logo-1.jpg","contentUrl":"https:\/\/crees.org.do\/wp-content\/uploads\/2022\/03\/crees-logo-1.jpg","width":244,"height":71,"caption":"CREES | Centro Regional de Estrategias Econ\u00f3micas Sostenibles"},"image":{"@id":"https:\/\/crees.org.do\/#\/schema\/logo\/image\/"},"sameAs":["https:\/\/www.facebook.com\/CREESRD\/","https:\/\/x.com\/CREESRD"]},{"@type":"Person","@id":"https:\/\/crees.org.do\/#\/schema\/person\/e7f97cd94d7bf9cd0e0ce30acb7d56b8","name":"Crees","image":{"@type":"ImageObject","inLanguage":"es","@id":"https:\/\/crees.org.do\/#\/schema\/person\/image\/","url":"https:\/\/secure.gravatar.com\/avatar\/390ac8f0be5d9aa046152553e2dd7011b59a512d89c150f5e5f28bb8d9a0b165?s=96&d=mm&r=g","contentUrl":"https:\/\/secure.gravatar.com\/avatar\/390ac8f0be5d9aa046152553e2dd7011b59a512d89c150f5e5f28bb8d9a0b165?s=96&d=mm&r=g","caption":"Crees"},"url":"https:\/\/crees.org.do\/?author=2"}]}},"_links":{"self":[{"href":"https:\/\/crees.org.do\/index.php?rest_route=\/wp\/v2\/posts\/22069","targetHints":{"allow":["GET"]}}],"collection":[{"href":"https:\/\/crees.org.do\/index.php?rest_route=\/wp\/v2\/posts"}],"about":[{"href":"https:\/\/crees.org.do\/index.php?rest_route=\/wp\/v2\/types\/post"}],"author":[{"embeddable":true,"href":"https:\/\/crees.org.do\/index.php?rest_route=\/wp\/v2\/users\/2"}],"replies":[{"embeddable":true,"href":"https:\/\/crees.org.do\/index.php?rest_route=%2Fwp%2Fv2%2Fcomments&post=22069"}],"version-history":[{"count":1,"href":"https:\/\/crees.org.do\/index.php?rest_route=\/wp\/v2\/posts\/22069\/revisions"}],"predecessor-version":[{"id":22071,"href":"https:\/\/crees.org.do\/index.php?rest_route=\/wp\/v2\/posts\/22069\/revisions\/22071"}],"wp:featuredmedia":[{"embeddable":true,"href":"https:\/\/crees.org.do\/index.php?rest_route=\/wp\/v2\/media\/22070"}],"wp:attachment":[{"href":"https:\/\/crees.org.do\/index.php?rest_route=%2Fwp%2Fv2%2Fmedia&parent=22069"}],"wp:term":[{"taxonomy":"category","embeddable":true,"href":"https:\/\/crees.org.do\/index.php?rest_route=%2Fwp%2Fv2%2Fcategories&post=22069"},{"taxonomy":"post_tag","embeddable":true,"href":"https:\/\/crees.org.do\/index.php?rest_route=%2Fwp%2Fv2%2Ftags&post=22069"}],"curies":[{"name":"wp","href":"https:\/\/api.w.org\/{rel}","templated":true}]}}