{"id":22151,"date":"2021-09-27T17:00:31","date_gmt":"2021-09-27T17:00:31","guid":{"rendered":"https:\/\/crees.org.do\/?p=22151"},"modified":"2021-09-27T19:36:58","modified_gmt":"2021-09-27T19:36:58","slug":"la-deuda-publica-consolidada-se-ubico-en-68-9-del-pib-en-agosto-del-2021","status":"publish","type":"post","link":"https:\/\/crees.org.do\/?p=22151","title":{"rendered":"La deuda p\u00fablica consolidada se ubic\u00f3 en 68.9% del PIB en agosto del 2021"},"content":{"rendered":"<p>En agosto de 2021 la deuda p\u00fablica consolidada de Rep\u00fablica Dominicana (incluyendo deuda intragubernamental) se ubic\u00f3 en 68.9% del nuevo PIB incluido en la \u00faltima versi\u00f3n del panorama macroecon\u00f3mico (Agosto 2021). Como se observa la gr\u00e1fica, la deuda del sector p\u00fablico no financiero (SPNF) represent\u00f3 un 51.9% del PIB, equivalente a US$47,559.6 millones (unos RD$2.7 billones); mientras que la deuda del Banco Central de la Rep\u00fablica Dominicana (BCRD) represent\u00f3 un 16.9% del PIB, equivalente a US$15,498.6 millones (unos RD$876,336.3 millones, de los cuales RD$788,094.6 millones correspondes a los valores en circulaci\u00f3n del BCRD y los RD$88,241.7 millones\u00a0 restantes a los dem\u00e1s pasivos no monetarios del BCRD a agosto de 2021).<\/p>\n<p>\u00bfCu\u00e1nto fue el nivel de endeudamiento en lo primeros ocho meses del a\u00f1o? Desde diciembre de 2020 a agosto pasado, los desembolsos recibidos por el SPNF fueron US$5,077.4 millones (US$2,791.7 millones de deuda externa y US$2,285.7 millones de deuda interna). Sin embargo, el incremento de la deuda p\u00fablica del SPNF fue de US$2,937.3 millones, luego de restar US$2,409.3 millones de pago de capital de la deuda, y otros ajustes como el aumento del saldo por apreciaci\u00f3n del tipo de cambio entre 2020 y 2021. La deuda del BCRD sufri\u00f3 una variaci\u00f3n neta de US$2,854 millones.<\/p>\n<p>La deuda p\u00fablica consolidada creci\u00f3 en US$5,791.9 millones, al sumar el incremento de la deuda del BCRD de US$2,854.5 millones m\u00e1s los US$2,937.3 millones del SPNF.<\/p>\n<p>A agosto de 2021, la deuda del SPNF como porcentaje del PIB se ha incrementado en 38.5 puntos porcentuales desde el a\u00f1o 2000. Una mayor deuda p\u00fablica implica un mayor pago de intereses y nuevos recursos financieros para amortizar la deuda. El gasto en intereses y de amortizaci\u00f3n de la deuda son pagados por los ciudadanos mediante los impuestos que le son cobrados e, incluso, m\u00e1s endeudamiento cuando no son cubiertos con ingresos tributarios.<\/p>\n<p>El ritmo de endeudamiento del Estado dominicano debe ser reducido de forma sostenible. Una forma de lograr este objetivo es con una Ley de Responsabilidad y Transparencia Fiscal que ordene y fortalezca las finanzas p\u00fablicas y una reforma al C\u00f3digo Tributario que simplifique el sistema tributario y reduzca incentivos a la evasi\u00f3n e informalidad.<\/p>\n<div class=\"pvc_clear\"><\/div>\n<p class=\"pvc_stats all \" data-element-id=\"22151\" style=\"\"><i class=\"pvc-stats-icon medium\" aria-hidden=\"true\"><svg aria-hidden=\"true\" focusable=\"false\" data-prefix=\"far\" data-icon=\"chart-bar\" role=\"img\" xmlns=\"http:\/\/www.w3.org\/2000\/svg\" viewBox=\"0 0 512 512\" class=\"svg-inline--fa fa-chart-bar fa-w-16 fa-2x\"><path fill=\"currentColor\" d=\"M396.8 352h22.4c6.4 0 12.8-6.4 12.8-12.8V108.8c0-6.4-6.4-12.8-12.8-12.8h-22.4c-6.4 0-12.8 6.4-12.8 12.8v230.4c0 6.4 6.4 12.8 12.8 12.8zm-192 0h22.4c6.4 0 12.8-6.4 12.8-12.8V140.8c0-6.4-6.4-12.8-12.8-12.8h-22.4c-6.4 0-12.8 6.4-12.8 12.8v198.4c0 6.4 6.4 12.8 12.8 12.8zm96 0h22.4c6.4 0 12.8-6.4 12.8-12.8V204.8c0-6.4-6.4-12.8-12.8-12.8h-22.4c-6.4 0-12.8 6.4-12.8 12.8v134.4c0 6.4 6.4 12.8 12.8 12.8zM496 400H48V80c0-8.84-7.16-16-16-16H16C7.16 64 0 71.16 0 80v336c0 17.67 14.33 32 32 32h464c8.84 0 16-7.16 16-16v-16c0-8.84-7.16-16-16-16zm-387.2-48h22.4c6.4 0 12.8-6.4 12.8-12.8v-70.4c0-6.4-6.4-12.8-12.8-12.8h-22.4c-6.4 0-12.8 6.4-12.8 12.8v70.4c0 6.4 6.4 12.8 12.8 12.8z\" class=\"\"><\/path><\/svg><\/i> Vistas Totales&nbsp;1,317&nbsp;, Vistas Hoy&nbsp;2&nbsp;<\/p>\n<div class=\"pvc_clear\"><\/div>\n","protected":false},"excerpt":{"rendered":"<p>En agosto de 2021 la deuda p\u00fablica consolidada de Rep\u00fablica Dominicana (incluyendo deuda intragubernamental) se ubic\u00f3 en 68.9% del nuevo PIB incluido en la \u00faltima versi\u00f3n del panorama macroecon\u00f3mico (Agosto 2021). Como se observa la gr\u00e1fica, la deuda del sector p\u00fablico no financiero (SPNF) represent\u00f3 un 51.9% del PIB, equivalente a US$47,559.6 millones (unos RD$2.7&#8230;<\/p>\n<div class=\"pvc_clear\"><\/div>\n<p class=\"pvc_stats all \" data-element-id=\"22151\" style=\"\"><i class=\"pvc-stats-icon medium\" aria-hidden=\"true\"><svg aria-hidden=\"true\" focusable=\"false\" data-prefix=\"far\" data-icon=\"chart-bar\" role=\"img\" xmlns=\"http:\/\/www.w3.org\/2000\/svg\" viewBox=\"0 0 512 512\" class=\"svg-inline--fa fa-chart-bar fa-w-16 fa-2x\"><path fill=\"currentColor\" d=\"M396.8 352h22.4c6.4 0 12.8-6.4 12.8-12.8V108.8c0-6.4-6.4-12.8-12.8-12.8h-22.4c-6.4 0-12.8 6.4-12.8 12.8v230.4c0 6.4 6.4 12.8 12.8 12.8zm-192 0h22.4c6.4 0 12.8-6.4 12.8-12.8V140.8c0-6.4-6.4-12.8-12.8-12.8h-22.4c-6.4 0-12.8 6.4-12.8 12.8v198.4c0 6.4 6.4 12.8 12.8 12.8zm96 0h22.4c6.4 0 12.8-6.4 12.8-12.8V204.8c0-6.4-6.4-12.8-12.8-12.8h-22.4c-6.4 0-12.8 6.4-12.8 12.8v134.4c0 6.4 6.4 12.8 12.8 12.8zM496 400H48V80c0-8.84-7.16-16-16-16H16C7.16 64 0 71.16 0 80v336c0 17.67 14.33 32 32 32h464c8.84 0 16-7.16 16-16v-16c0-8.84-7.16-16-16-16zm-387.2-48h22.4c6.4 0 12.8-6.4 12.8-12.8v-70.4c0-6.4-6.4-12.8-12.8-12.8h-22.4c-6.4 0-12.8 6.4-12.8 12.8v70.4c0 6.4 6.4 12.8 12.8 12.8z\" class=\"\"><\/path><\/svg><\/i> Vistas Totales&nbsp;1,317&nbsp;, Vistas Hoy&nbsp;2&nbsp;<\/p>\n<div class=\"pvc_clear\"><\/div>\n","protected":false},"author":2,"featured_media":22152,"comment_status":"closed","ping_status":"closed","sticky":false,"template":"","format":"standard","meta":{"footnotes":""},"categories":[21],"tags":[],"class_list":["post-22151","post","type-post","status-publish","format-standard","has-post-thumbnail","hentry","category-blog"],"yoast_head":"<!-- This site is optimized with the Yoast SEO plugin v25.2 - https:\/\/yoast.com\/wordpress\/plugins\/seo\/ -->\n<title>La deuda p\u00fablica consolidada se ubic\u00f3 en 68.9% del PIB en agosto del 2021 | CREES<\/title>\n<meta name=\"robots\" content=\"index, follow, max-snippet:-1, max-image-preview:large, max-video-preview:-1\" \/>\n<link rel=\"canonical\" href=\"https:\/\/crees.org.do\/?p=22151\" \/>\n<meta property=\"og:locale\" content=\"es_ES\" \/>\n<meta property=\"og:type\" content=\"article\" \/>\n<meta property=\"og:title\" content=\"La deuda p\u00fablica consolidada se ubic\u00f3 en 68.9% del PIB en agosto del 2021 | CREES\" \/>\n<meta property=\"og:description\" content=\"En agosto de 2021 la deuda p\u00fablica consolidada de Rep\u00fablica Dominicana (incluyendo deuda intragubernamental) se ubic\u00f3 en 68.9% del nuevo PIB incluido en la \u00faltima versi\u00f3n del panorama macroecon\u00f3mico (Agosto 2021). Como se observa la gr\u00e1fica, la deuda del sector p\u00fablico no financiero (SPNF) represent\u00f3 un 51.9% del PIB, equivalente a US$47,559.6 millones (unos RD$2.7...\" \/>\n<meta property=\"og:url\" content=\"https:\/\/crees.org.do\/?p=22151\" \/>\n<meta property=\"og:site_name\" content=\"CREES\" \/>\n<meta property=\"article:publisher\" content=\"https:\/\/www.facebook.com\/CREESRD\/\" \/>\n<meta property=\"article:published_time\" content=\"2021-09-27T17:00:31+00:00\" \/>\n<meta property=\"article:modified_time\" content=\"2021-09-27T19:36:58+00:00\" \/>\n<meta property=\"og:image\" content=\"https:\/\/crees.org.do\/wp-content\/uploads\/2021\/09\/Screen-Shot-2021-09-27-at-10.48.00-AM.png\" \/>\n\t<meta property=\"og:image:width\" content=\"1456\" \/>\n\t<meta property=\"og:image:height\" content=\"1456\" \/>\n\t<meta property=\"og:image:type\" content=\"image\/png\" \/>\n<meta name=\"author\" content=\"Crees\" \/>\n<meta name=\"twitter:card\" content=\"summary_large_image\" \/>\n<meta name=\"twitter:creator\" content=\"@CREESRD\" \/>\n<meta name=\"twitter:site\" content=\"@CREESRD\" \/>\n<meta name=\"twitter:label1\" content=\"Escrito por\" \/>\n\t<meta name=\"twitter:data1\" content=\"Crees\" \/>\n\t<meta name=\"twitter:label2\" content=\"Tiempo de lectura\" \/>\n\t<meta name=\"twitter:data2\" content=\"2 minutos\" \/>\n<script type=\"application\/ld+json\" class=\"yoast-schema-graph\">{\"@context\":\"https:\/\/schema.org\",\"@graph\":[{\"@type\":\"Article\",\"@id\":\"https:\/\/crees.org.do\/?p=22151#article\",\"isPartOf\":{\"@id\":\"https:\/\/crees.org.do\/?p=22151\"},\"author\":{\"name\":\"Crees\",\"@id\":\"https:\/\/crees.org.do\/#\/schema\/person\/e7f97cd94d7bf9cd0e0ce30acb7d56b8\"},\"headline\":\"La deuda p\u00fablica consolidada se ubic\u00f3 en 68.9% del PIB en agosto del 2021\",\"datePublished\":\"2021-09-27T17:00:31+00:00\",\"dateModified\":\"2021-09-27T19:36:58+00:00\",\"mainEntityOfPage\":{\"@id\":\"https:\/\/crees.org.do\/?p=22151\"},\"wordCount\":383,\"publisher\":{\"@id\":\"https:\/\/crees.org.do\/#organization\"},\"image\":{\"@id\":\"https:\/\/crees.org.do\/?p=22151#primaryimage\"},\"thumbnailUrl\":\"https:\/\/crees.org.do\/wp-content\/uploads\/2021\/09\/Screen-Shot-2021-09-27-at-10.48.00-AM.png\",\"articleSection\":[\"Blog\"],\"inLanguage\":\"es\"},{\"@type\":\"WebPage\",\"@id\":\"https:\/\/crees.org.do\/?p=22151\",\"url\":\"https:\/\/crees.org.do\/?p=22151\",\"name\":\"La deuda p\u00fablica consolidada se ubic\u00f3 en 68.9% del PIB en agosto del 2021 | CREES\",\"isPartOf\":{\"@id\":\"https:\/\/crees.org.do\/#website\"},\"primaryImageOfPage\":{\"@id\":\"https:\/\/crees.org.do\/?p=22151#primaryimage\"},\"image\":{\"@id\":\"https:\/\/crees.org.do\/?p=22151#primaryimage\"},\"thumbnailUrl\":\"https:\/\/crees.org.do\/wp-content\/uploads\/2021\/09\/Screen-Shot-2021-09-27-at-10.48.00-AM.png\",\"datePublished\":\"2021-09-27T17:00:31+00:00\",\"dateModified\":\"2021-09-27T19:36:58+00:00\",\"breadcrumb\":{\"@id\":\"https:\/\/crees.org.do\/?p=22151#breadcrumb\"},\"inLanguage\":\"es\",\"potentialAction\":[{\"@type\":\"ReadAction\",\"target\":[\"https:\/\/crees.org.do\/?p=22151\"]}]},{\"@type\":\"ImageObject\",\"inLanguage\":\"es\",\"@id\":\"https:\/\/crees.org.do\/?p=22151#primaryimage\",\"url\":\"https:\/\/crees.org.do\/wp-content\/uploads\/2021\/09\/Screen-Shot-2021-09-27-at-10.48.00-AM.png\",\"contentUrl\":\"https:\/\/crees.org.do\/wp-content\/uploads\/2021\/09\/Screen-Shot-2021-09-27-at-10.48.00-AM.png\",\"width\":1456,\"height\":1456},{\"@type\":\"BreadcrumbList\",\"@id\":\"https:\/\/crees.org.do\/?p=22151#breadcrumb\",\"itemListElement\":[{\"@type\":\"ListItem\",\"position\":1,\"name\":\"Portada\",\"item\":\"https:\/\/crees.org.do\/\"},{\"@type\":\"ListItem\",\"position\":2,\"name\":\"La deuda p\u00fablica consolidada se ubic\u00f3 en 68.9% del PIB en agosto del 2021\"}]},{\"@type\":\"WebSite\",\"@id\":\"https:\/\/crees.org.do\/#website\",\"url\":\"https:\/\/crees.org.do\/\",\"name\":\"CREES\",\"description\":\"Centro Regional de Estrategias Econ\u00f3micas Sostenibles\",\"publisher\":{\"@id\":\"https:\/\/crees.org.do\/#organization\"},\"potentialAction\":[{\"@type\":\"SearchAction\",\"target\":{\"@type\":\"EntryPoint\",\"urlTemplate\":\"https:\/\/crees.org.do\/?s={search_term_string}\"},\"query-input\":{\"@type\":\"PropertyValueSpecification\",\"valueRequired\":true,\"valueName\":\"search_term_string\"}}],\"inLanguage\":\"es\"},{\"@type\":\"Organization\",\"@id\":\"https:\/\/crees.org.do\/#organization\",\"name\":\"CREES | Centro Regional de Estrategias Econ\u00f3micas Sostenibles\",\"url\":\"https:\/\/crees.org.do\/\",\"logo\":{\"@type\":\"ImageObject\",\"inLanguage\":\"es\",\"@id\":\"https:\/\/crees.org.do\/#\/schema\/logo\/image\/\",\"url\":\"https:\/\/crees.org.do\/wp-content\/uploads\/2022\/03\/crees-logo-1.jpg\",\"contentUrl\":\"https:\/\/crees.org.do\/wp-content\/uploads\/2022\/03\/crees-logo-1.jpg\",\"width\":244,\"height\":71,\"caption\":\"CREES | Centro Regional de Estrategias Econ\u00f3micas Sostenibles\"},\"image\":{\"@id\":\"https:\/\/crees.org.do\/#\/schema\/logo\/image\/\"},\"sameAs\":[\"https:\/\/www.facebook.com\/CREESRD\/\",\"https:\/\/x.com\/CREESRD\"]},{\"@type\":\"Person\",\"@id\":\"https:\/\/crees.org.do\/#\/schema\/person\/e7f97cd94d7bf9cd0e0ce30acb7d56b8\",\"name\":\"Crees\",\"image\":{\"@type\":\"ImageObject\",\"inLanguage\":\"es\",\"@id\":\"https:\/\/crees.org.do\/#\/schema\/person\/image\/\",\"url\":\"https:\/\/secure.gravatar.com\/avatar\/390ac8f0be5d9aa046152553e2dd7011b59a512d89c150f5e5f28bb8d9a0b165?s=96&d=mm&r=g\",\"contentUrl\":\"https:\/\/secure.gravatar.com\/avatar\/390ac8f0be5d9aa046152553e2dd7011b59a512d89c150f5e5f28bb8d9a0b165?s=96&d=mm&r=g\",\"caption\":\"Crees\"},\"url\":\"https:\/\/crees.org.do\/?author=2\"}]}<\/script>\n<!-- \/ Yoast SEO plugin. -->","yoast_head_json":{"title":"La deuda p\u00fablica consolidada se ubic\u00f3 en 68.9% del PIB en agosto del 2021 | CREES","robots":{"index":"index","follow":"follow","max-snippet":"max-snippet:-1","max-image-preview":"max-image-preview:large","max-video-preview":"max-video-preview:-1"},"canonical":"https:\/\/crees.org.do\/?p=22151","og_locale":"es_ES","og_type":"article","og_title":"La deuda p\u00fablica consolidada se ubic\u00f3 en 68.9% del PIB en agosto del 2021 | CREES","og_description":"En agosto de 2021 la deuda p\u00fablica consolidada de Rep\u00fablica Dominicana (incluyendo deuda intragubernamental) se ubic\u00f3 en 68.9% del nuevo PIB incluido en la \u00faltima versi\u00f3n del panorama macroecon\u00f3mico (Agosto 2021). Como se observa la gr\u00e1fica, la deuda del sector p\u00fablico no financiero (SPNF) represent\u00f3 un 51.9% del PIB, equivalente a US$47,559.6 millones (unos RD$2.7...","og_url":"https:\/\/crees.org.do\/?p=22151","og_site_name":"CREES","article_publisher":"https:\/\/www.facebook.com\/CREESRD\/","article_published_time":"2021-09-27T17:00:31+00:00","article_modified_time":"2021-09-27T19:36:58+00:00","og_image":[{"width":1456,"height":1456,"url":"https:\/\/crees.org.do\/wp-content\/uploads\/2021\/09\/Screen-Shot-2021-09-27-at-10.48.00-AM.png","type":"image\/png"}],"author":"Crees","twitter_card":"summary_large_image","twitter_creator":"@CREESRD","twitter_site":"@CREESRD","twitter_misc":{"Escrito por":"Crees","Tiempo de lectura":"2 minutos"},"schema":{"@context":"https:\/\/schema.org","@graph":[{"@type":"Article","@id":"https:\/\/crees.org.do\/?p=22151#article","isPartOf":{"@id":"https:\/\/crees.org.do\/?p=22151"},"author":{"name":"Crees","@id":"https:\/\/crees.org.do\/#\/schema\/person\/e7f97cd94d7bf9cd0e0ce30acb7d56b8"},"headline":"La deuda p\u00fablica consolidada se ubic\u00f3 en 68.9% del PIB en agosto del 2021","datePublished":"2021-09-27T17:00:31+00:00","dateModified":"2021-09-27T19:36:58+00:00","mainEntityOfPage":{"@id":"https:\/\/crees.org.do\/?p=22151"},"wordCount":383,"publisher":{"@id":"https:\/\/crees.org.do\/#organization"},"image":{"@id":"https:\/\/crees.org.do\/?p=22151#primaryimage"},"thumbnailUrl":"https:\/\/crees.org.do\/wp-content\/uploads\/2021\/09\/Screen-Shot-2021-09-27-at-10.48.00-AM.png","articleSection":["Blog"],"inLanguage":"es"},{"@type":"WebPage","@id":"https:\/\/crees.org.do\/?p=22151","url":"https:\/\/crees.org.do\/?p=22151","name":"La deuda p\u00fablica consolidada se ubic\u00f3 en 68.9% del PIB en agosto del 2021 | CREES","isPartOf":{"@id":"https:\/\/crees.org.do\/#website"},"primaryImageOfPage":{"@id":"https:\/\/crees.org.do\/?p=22151#primaryimage"},"image":{"@id":"https:\/\/crees.org.do\/?p=22151#primaryimage"},"thumbnailUrl":"https:\/\/crees.org.do\/wp-content\/uploads\/2021\/09\/Screen-Shot-2021-09-27-at-10.48.00-AM.png","datePublished":"2021-09-27T17:00:31+00:00","dateModified":"2021-09-27T19:36:58+00:00","breadcrumb":{"@id":"https:\/\/crees.org.do\/?p=22151#breadcrumb"},"inLanguage":"es","potentialAction":[{"@type":"ReadAction","target":["https:\/\/crees.org.do\/?p=22151"]}]},{"@type":"ImageObject","inLanguage":"es","@id":"https:\/\/crees.org.do\/?p=22151#primaryimage","url":"https:\/\/crees.org.do\/wp-content\/uploads\/2021\/09\/Screen-Shot-2021-09-27-at-10.48.00-AM.png","contentUrl":"https:\/\/crees.org.do\/wp-content\/uploads\/2021\/09\/Screen-Shot-2021-09-27-at-10.48.00-AM.png","width":1456,"height":1456},{"@type":"BreadcrumbList","@id":"https:\/\/crees.org.do\/?p=22151#breadcrumb","itemListElement":[{"@type":"ListItem","position":1,"name":"Portada","item":"https:\/\/crees.org.do\/"},{"@type":"ListItem","position":2,"name":"La deuda p\u00fablica consolidada se ubic\u00f3 en 68.9% del PIB en agosto del 2021"}]},{"@type":"WebSite","@id":"https:\/\/crees.org.do\/#website","url":"https:\/\/crees.org.do\/","name":"CREES","description":"Centro Regional de Estrategias Econ\u00f3micas Sostenibles","publisher":{"@id":"https:\/\/crees.org.do\/#organization"},"potentialAction":[{"@type":"SearchAction","target":{"@type":"EntryPoint","urlTemplate":"https:\/\/crees.org.do\/?s={search_term_string}"},"query-input":{"@type":"PropertyValueSpecification","valueRequired":true,"valueName":"search_term_string"}}],"inLanguage":"es"},{"@type":"Organization","@id":"https:\/\/crees.org.do\/#organization","name":"CREES | Centro Regional de Estrategias Econ\u00f3micas Sostenibles","url":"https:\/\/crees.org.do\/","logo":{"@type":"ImageObject","inLanguage":"es","@id":"https:\/\/crees.org.do\/#\/schema\/logo\/image\/","url":"https:\/\/crees.org.do\/wp-content\/uploads\/2022\/03\/crees-logo-1.jpg","contentUrl":"https:\/\/crees.org.do\/wp-content\/uploads\/2022\/03\/crees-logo-1.jpg","width":244,"height":71,"caption":"CREES | Centro Regional de Estrategias Econ\u00f3micas Sostenibles"},"image":{"@id":"https:\/\/crees.org.do\/#\/schema\/logo\/image\/"},"sameAs":["https:\/\/www.facebook.com\/CREESRD\/","https:\/\/x.com\/CREESRD"]},{"@type":"Person","@id":"https:\/\/crees.org.do\/#\/schema\/person\/e7f97cd94d7bf9cd0e0ce30acb7d56b8","name":"Crees","image":{"@type":"ImageObject","inLanguage":"es","@id":"https:\/\/crees.org.do\/#\/schema\/person\/image\/","url":"https:\/\/secure.gravatar.com\/avatar\/390ac8f0be5d9aa046152553e2dd7011b59a512d89c150f5e5f28bb8d9a0b165?s=96&d=mm&r=g","contentUrl":"https:\/\/secure.gravatar.com\/avatar\/390ac8f0be5d9aa046152553e2dd7011b59a512d89c150f5e5f28bb8d9a0b165?s=96&d=mm&r=g","caption":"Crees"},"url":"https:\/\/crees.org.do\/?author=2"}]}},"_links":{"self":[{"href":"https:\/\/crees.org.do\/index.php?rest_route=\/wp\/v2\/posts\/22151","targetHints":{"allow":["GET"]}}],"collection":[{"href":"https:\/\/crees.org.do\/index.php?rest_route=\/wp\/v2\/posts"}],"about":[{"href":"https:\/\/crees.org.do\/index.php?rest_route=\/wp\/v2\/types\/post"}],"author":[{"embeddable":true,"href":"https:\/\/crees.org.do\/index.php?rest_route=\/wp\/v2\/users\/2"}],"replies":[{"embeddable":true,"href":"https:\/\/crees.org.do\/index.php?rest_route=%2Fwp%2Fv2%2Fcomments&post=22151"}],"version-history":[{"count":3,"href":"https:\/\/crees.org.do\/index.php?rest_route=\/wp\/v2\/posts\/22151\/revisions"}],"predecessor-version":[{"id":22163,"href":"https:\/\/crees.org.do\/index.php?rest_route=\/wp\/v2\/posts\/22151\/revisions\/22163"}],"wp:featuredmedia":[{"embeddable":true,"href":"https:\/\/crees.org.do\/index.php?rest_route=\/wp\/v2\/media\/22152"}],"wp:attachment":[{"href":"https:\/\/crees.org.do\/index.php?rest_route=%2Fwp%2Fv2%2Fmedia&parent=22151"}],"wp:term":[{"taxonomy":"category","embeddable":true,"href":"https:\/\/crees.org.do\/index.php?rest_route=%2Fwp%2Fv2%2Fcategories&post=22151"},{"taxonomy":"post_tag","embeddable":true,"href":"https:\/\/crees.org.do\/index.php?rest_route=%2Fwp%2Fv2%2Ftags&post=22151"}],"curies":[{"name":"wp","href":"https:\/\/api.w.org\/{rel}","templated":true}]}}