{"id":22287,"date":"2021-10-27T20:31:41","date_gmt":"2021-10-27T20:31:41","guid":{"rendered":"https:\/\/crees.org.do\/?p=22287"},"modified":"2021-10-27T20:31:41","modified_gmt":"2021-10-27T20:31:41","slug":"expertos-proponen-urgente-reforma-en-el-sector-energetico","status":"publish","type":"post","link":"https:\/\/crees.org.do\/?p=22287","title":{"rendered":"Expertos proponen urgente reforma en el sector energ\u00e9tico"},"content":{"rendered":"<p>Autor: Dilenni Bonilla<\/p>\n<p>Fecha: 27 de octubre del 2021<\/p>\n<p>Extra\u00eddo de:\u00a0<a href=\"https:\/\/eldia.com.do\/expertos-proponen-urgente-reforma-en-el-sector-energetico\/\">El D\u00eda<\/a><\/p>\n<p style=\"text-align: justify;\">Sin aplicaci\u00f3n de una reforma al sector el\u00e9ctrico en la que las empresas distribuidoras pasen a ser administradas por el sector privado, ser\u00e1 dif\u00edcil que el Gobierno mejore la operatividad de esas compa\u00f1\u00edas, reduzca las p\u00e9rdidas de 27 % a 15 % y se aumente el recaudo del rengl\u00f3n energ\u00e9tico, como indican los planes de mejoras planteados en el reglamento de aplicaci\u00f3n del Pacto El\u00e9ctrico.<\/p>\n<p style=\"text-align: justify;\">As\u00ed lo entiende el Centro Regional de Estrategias Econ\u00f3micas Sostenibles, al se\u00f1alar que es necesario que el Gobierno busque socios privados para poder alcanzar una gesti\u00f3n eficiente y tener un servicio menos costoso.<\/p>\n<p style=\"text-align: justify;\">De su lado, el experto en energ\u00eda y miembro del Instituto de Energ\u00eda de la UASD, Jos\u00e9 Moreno San Juan, apunt\u00f3 que la aplicaci\u00f3n de un programa de gesti\u00f3n de p\u00e9rdidas depende de la gerencia, ya que para eso se requiere que ning\u00fan servicio se deje sin medici\u00f3n.<\/p>\n<p style=\"text-align: justify;\">Se\u00f1al\u00f3 que para eso se requerir\u00e1 una inversi\u00f3n de cerca de 10 o 12 millones de d\u00f3lares con medidores econ\u00f3micos y en caso de los medidores tradicionales se requiere una inversi\u00f3n que sobrepasa los 100 millones de d\u00f3lares solo en compra de los medidores.<\/p>\n<p style=\"text-align: justify;\">\u201cEstimamos que cerca de un mill\u00f3n de usuarios no tiene servicio regularizado, eso incluyen los usuarios conectados sin contratos y el que no tiene energ\u00eda en las zonas rurales sobre todo\u201d, resalt\u00f3.<\/p>\n<p style=\"text-align: justify;\">Adem\u00e1s, considera necesario que se aplique en el plan de instrucci\u00f3n un programa de educaci\u00f3n de eficiencia energ\u00e9tica en el cual los alumnos sean formados en base al ahorro de energ\u00eda. \u201cHay que hacer un plan de gesti\u00f3n que debe de incluir un plan educativo que inicie en las escuelas. Se debe de tratar de ahorrar energ\u00eda no solo en lo el\u00e9ctrico, sino tambi\u00e9n en el transporte\u201d, asever\u00f3.<\/p>\n<p style=\"text-align: justify;\">Subsidio focalizado<br \/>\nEn cuanto al reajuste de la tarifa el\u00e9ctrica, se\u00f1al\u00f3 que el Gobierno est\u00e1 tratando de reducir las transferencias al sector el\u00e9ctrico, ya que en los \u00faltimos 13 a\u00f1os se han destinado a ese sector alrededor de 14 mil millones de d\u00f3lares, este a\u00f1o alcanzar\u00e1 los mil millones de d\u00f3lares.<\/p>\n<p style=\"text-align: justify;\">Se\u00f1al\u00f3 que aunque estos sectores ser\u00e1n subsidiados habr\u00e1 un impacto.<br \/>\n\u201cEs obvio que este desmonte, aunque el Gobierno lo plantea de manera gradual, tendr\u00e1 un impacto en la tarifa el\u00e9ctrica. Este desmonte del subsidio puede tener un efecto en la tarifa el\u00e9ctrica que puede llegar a un 155 % a los grupos de menores ingresos\u201d, destac\u00f3.<\/p>\n<p style=\"text-align: justify;\">Plazos<\/p>\n<p style=\"text-align: justify;\">\u2014 Retos<br \/>\nExpertos coinciden en que cinco a\u00f1os no ser\u00e1n suficientes. Para lograr eficiencia en el sector el\u00e9ctrico se requiere mejorar la gesti\u00f3n del cobro, seguir con la transformaci\u00f3n de la matriz energ\u00e9tica y reducir las p\u00e9rdidas.<\/p>\n<div class=\"pvc_clear\"><\/div>\n<p class=\"pvc_stats all \" data-element-id=\"22287\" style=\"\"><i class=\"pvc-stats-icon medium\" aria-hidden=\"true\"><svg aria-hidden=\"true\" focusable=\"false\" data-prefix=\"far\" data-icon=\"chart-bar\" role=\"img\" xmlns=\"http:\/\/www.w3.org\/2000\/svg\" viewBox=\"0 0 512 512\" class=\"svg-inline--fa fa-chart-bar fa-w-16 fa-2x\"><path fill=\"currentColor\" d=\"M396.8 352h22.4c6.4 0 12.8-6.4 12.8-12.8V108.8c0-6.4-6.4-12.8-12.8-12.8h-22.4c-6.4 0-12.8 6.4-12.8 12.8v230.4c0 6.4 6.4 12.8 12.8 12.8zm-192 0h22.4c6.4 0 12.8-6.4 12.8-12.8V140.8c0-6.4-6.4-12.8-12.8-12.8h-22.4c-6.4 0-12.8 6.4-12.8 12.8v198.4c0 6.4 6.4 12.8 12.8 12.8zm96 0h22.4c6.4 0 12.8-6.4 12.8-12.8V204.8c0-6.4-6.4-12.8-12.8-12.8h-22.4c-6.4 0-12.8 6.4-12.8 12.8v134.4c0 6.4 6.4 12.8 12.8 12.8zM496 400H48V80c0-8.84-7.16-16-16-16H16C7.16 64 0 71.16 0 80v336c0 17.67 14.33 32 32 32h464c8.84 0 16-7.16 16-16v-16c0-8.84-7.16-16-16-16zm-387.2-48h22.4c6.4 0 12.8-6.4 12.8-12.8v-70.4c0-6.4-6.4-12.8-12.8-12.8h-22.4c-6.4 0-12.8 6.4-12.8 12.8v70.4c0 6.4 6.4 12.8 12.8 12.8z\" class=\"\"><\/path><\/svg><\/i> Vistas Totales&nbsp;1,063&nbsp;, Vistas Hoy&nbsp;4&nbsp;<\/p>\n<div class=\"pvc_clear\"><\/div>\n","protected":false},"excerpt":{"rendered":"<p>Autor: Dilenni Bonilla Fecha: 27 de octubre del 2021 Extra\u00eddo de:\u00a0El D\u00eda Sin aplicaci\u00f3n de una reforma al sector el\u00e9ctrico en la que las empresas distribuidoras pasen a ser administradas por el sector privado, ser\u00e1 dif\u00edcil que el Gobierno mejore la operatividad de esas compa\u00f1\u00edas, reduzca las p\u00e9rdidas de 27 % a 15 % y&#8230;<\/p>\n<div class=\"pvc_clear\"><\/div>\n<p class=\"pvc_stats all \" data-element-id=\"22287\" style=\"\"><i class=\"pvc-stats-icon medium\" aria-hidden=\"true\"><svg aria-hidden=\"true\" focusable=\"false\" data-prefix=\"far\" data-icon=\"chart-bar\" role=\"img\" xmlns=\"http:\/\/www.w3.org\/2000\/svg\" viewBox=\"0 0 512 512\" class=\"svg-inline--fa fa-chart-bar fa-w-16 fa-2x\"><path fill=\"currentColor\" d=\"M396.8 352h22.4c6.4 0 12.8-6.4 12.8-12.8V108.8c0-6.4-6.4-12.8-12.8-12.8h-22.4c-6.4 0-12.8 6.4-12.8 12.8v230.4c0 6.4 6.4 12.8 12.8 12.8zm-192 0h22.4c6.4 0 12.8-6.4 12.8-12.8V140.8c0-6.4-6.4-12.8-12.8-12.8h-22.4c-6.4 0-12.8 6.4-12.8 12.8v198.4c0 6.4 6.4 12.8 12.8 12.8zm96 0h22.4c6.4 0 12.8-6.4 12.8-12.8V204.8c0-6.4-6.4-12.8-12.8-12.8h-22.4c-6.4 0-12.8 6.4-12.8 12.8v134.4c0 6.4 6.4 12.8 12.8 12.8zM496 400H48V80c0-8.84-7.16-16-16-16H16C7.16 64 0 71.16 0 80v336c0 17.67 14.33 32 32 32h464c8.84 0 16-7.16 16-16v-16c0-8.84-7.16-16-16-16zm-387.2-48h22.4c6.4 0 12.8-6.4 12.8-12.8v-70.4c0-6.4-6.4-12.8-12.8-12.8h-22.4c-6.4 0-12.8 6.4-12.8 12.8v70.4c0 6.4 6.4 12.8 12.8 12.8z\" class=\"\"><\/path><\/svg><\/i> Vistas Totales&nbsp;1,063&nbsp;, Vistas Hoy&nbsp;4&nbsp;<\/p>\n<div class=\"pvc_clear\"><\/div>\n","protected":false},"author":2,"featured_media":22288,"comment_status":"closed","ping_status":"closed","sticky":false,"template":"","format":"standard","meta":{"footnotes":""},"categories":[19],"tags":[],"class_list":["post-22287","post","type-post","status-publish","format-standard","has-post-thumbnail","hentry","category-actualidad"],"yoast_head":"<!-- This site is optimized with the Yoast SEO plugin v25.2 - https:\/\/yoast.com\/wordpress\/plugins\/seo\/ -->\n<title>Expertos proponen urgente reforma en el sector energ\u00e9tico | CREES<\/title>\n<meta name=\"robots\" content=\"index, follow, max-snippet:-1, max-image-preview:large, max-video-preview:-1\" \/>\n<link rel=\"canonical\" href=\"https:\/\/crees.org.do\/?p=22287\" \/>\n<meta property=\"og:locale\" content=\"es_ES\" \/>\n<meta property=\"og:type\" content=\"article\" \/>\n<meta property=\"og:title\" content=\"Expertos proponen urgente reforma en el sector energ\u00e9tico | CREES\" \/>\n<meta property=\"og:description\" content=\"Autor: Dilenni Bonilla Fecha: 27 de octubre del 2021 Extra\u00eddo de:\u00a0El D\u00eda Sin aplicaci\u00f3n de una reforma al sector el\u00e9ctrico en la que las empresas distribuidoras pasen a ser administradas por el sector privado, ser\u00e1 dif\u00edcil que el Gobierno mejore la operatividad de esas compa\u00f1\u00edas, reduzca las p\u00e9rdidas de 27 % a 15 % y...\" \/>\n<meta property=\"og:url\" content=\"https:\/\/crees.org.do\/?p=22287\" \/>\n<meta property=\"og:site_name\" content=\"CREES\" \/>\n<meta property=\"article:publisher\" content=\"https:\/\/www.facebook.com\/CREESRD\/\" \/>\n<meta property=\"article:published_time\" content=\"2021-10-27T20:31:41+00:00\" \/>\n<meta property=\"og:image\" content=\"https:\/\/crees.org.do\/wp-content\/uploads\/2021\/10\/13_econo-27_1p02.jpg\" \/>\n\t<meta property=\"og:image:width\" content=\"1173\" \/>\n\t<meta property=\"og:image:height\" content=\"803\" \/>\n\t<meta property=\"og:image:type\" content=\"image\/jpeg\" \/>\n<meta name=\"author\" content=\"Crees\" \/>\n<meta name=\"twitter:card\" content=\"summary_large_image\" \/>\n<meta name=\"twitter:creator\" content=\"@CREESRD\" \/>\n<meta name=\"twitter:site\" content=\"@CREESRD\" \/>\n<meta name=\"twitter:label1\" content=\"Escrito por\" \/>\n\t<meta name=\"twitter:data1\" content=\"Crees\" \/>\n\t<meta name=\"twitter:label2\" content=\"Tiempo de lectura\" \/>\n\t<meta name=\"twitter:data2\" content=\"2 minutos\" \/>\n<script type=\"application\/ld+json\" class=\"yoast-schema-graph\">{\"@context\":\"https:\/\/schema.org\",\"@graph\":[{\"@type\":\"Article\",\"@id\":\"https:\/\/crees.org.do\/?p=22287#article\",\"isPartOf\":{\"@id\":\"https:\/\/crees.org.do\/?p=22287\"},\"author\":{\"name\":\"Crees\",\"@id\":\"https:\/\/crees.org.do\/#\/schema\/person\/e7f97cd94d7bf9cd0e0ce30acb7d56b8\"},\"headline\":\"Expertos proponen urgente reforma en el sector energ\u00e9tico\",\"datePublished\":\"2021-10-27T20:31:41+00:00\",\"mainEntityOfPage\":{\"@id\":\"https:\/\/crees.org.do\/?p=22287\"},\"wordCount\":499,\"publisher\":{\"@id\":\"https:\/\/crees.org.do\/#organization\"},\"image\":{\"@id\":\"https:\/\/crees.org.do\/?p=22287#primaryimage\"},\"thumbnailUrl\":\"https:\/\/crees.org.do\/wp-content\/uploads\/2021\/10\/13_econo-27_1p02.jpg\",\"articleSection\":[\"Actualidad\"],\"inLanguage\":\"es\"},{\"@type\":\"WebPage\",\"@id\":\"https:\/\/crees.org.do\/?p=22287\",\"url\":\"https:\/\/crees.org.do\/?p=22287\",\"name\":\"Expertos proponen urgente reforma en el sector energ\u00e9tico | CREES\",\"isPartOf\":{\"@id\":\"https:\/\/crees.org.do\/#website\"},\"primaryImageOfPage\":{\"@id\":\"https:\/\/crees.org.do\/?p=22287#primaryimage\"},\"image\":{\"@id\":\"https:\/\/crees.org.do\/?p=22287#primaryimage\"},\"thumbnailUrl\":\"https:\/\/crees.org.do\/wp-content\/uploads\/2021\/10\/13_econo-27_1p02.jpg\",\"datePublished\":\"2021-10-27T20:31:41+00:00\",\"breadcrumb\":{\"@id\":\"https:\/\/crees.org.do\/?p=22287#breadcrumb\"},\"inLanguage\":\"es\",\"potentialAction\":[{\"@type\":\"ReadAction\",\"target\":[\"https:\/\/crees.org.do\/?p=22287\"]}]},{\"@type\":\"ImageObject\",\"inLanguage\":\"es\",\"@id\":\"https:\/\/crees.org.do\/?p=22287#primaryimage\",\"url\":\"https:\/\/crees.org.do\/wp-content\/uploads\/2021\/10\/13_econo-27_1p02.jpg\",\"contentUrl\":\"https:\/\/crees.org.do\/wp-content\/uploads\/2021\/10\/13_econo-27_1p02.jpg\",\"width\":1173,\"height\":803},{\"@type\":\"BreadcrumbList\",\"@id\":\"https:\/\/crees.org.do\/?p=22287#breadcrumb\",\"itemListElement\":[{\"@type\":\"ListItem\",\"position\":1,\"name\":\"Portada\",\"item\":\"https:\/\/crees.org.do\/\"},{\"@type\":\"ListItem\",\"position\":2,\"name\":\"Expertos proponen urgente reforma en el sector energ\u00e9tico\"}]},{\"@type\":\"WebSite\",\"@id\":\"https:\/\/crees.org.do\/#website\",\"url\":\"https:\/\/crees.org.do\/\",\"name\":\"CREES\",\"description\":\"Centro Regional de Estrategias Econ\u00f3micas Sostenibles\",\"publisher\":{\"@id\":\"https:\/\/crees.org.do\/#organization\"},\"potentialAction\":[{\"@type\":\"SearchAction\",\"target\":{\"@type\":\"EntryPoint\",\"urlTemplate\":\"https:\/\/crees.org.do\/?s={search_term_string}\"},\"query-input\":{\"@type\":\"PropertyValueSpecification\",\"valueRequired\":true,\"valueName\":\"search_term_string\"}}],\"inLanguage\":\"es\"},{\"@type\":\"Organization\",\"@id\":\"https:\/\/crees.org.do\/#organization\",\"name\":\"CREES | Centro Regional de Estrategias Econ\u00f3micas Sostenibles\",\"url\":\"https:\/\/crees.org.do\/\",\"logo\":{\"@type\":\"ImageObject\",\"inLanguage\":\"es\",\"@id\":\"https:\/\/crees.org.do\/#\/schema\/logo\/image\/\",\"url\":\"https:\/\/crees.org.do\/wp-content\/uploads\/2022\/03\/crees-logo-1.jpg\",\"contentUrl\":\"https:\/\/crees.org.do\/wp-content\/uploads\/2022\/03\/crees-logo-1.jpg\",\"width\":244,\"height\":71,\"caption\":\"CREES | Centro Regional de Estrategias Econ\u00f3micas Sostenibles\"},\"image\":{\"@id\":\"https:\/\/crees.org.do\/#\/schema\/logo\/image\/\"},\"sameAs\":[\"https:\/\/www.facebook.com\/CREESRD\/\",\"https:\/\/x.com\/CREESRD\"]},{\"@type\":\"Person\",\"@id\":\"https:\/\/crees.org.do\/#\/schema\/person\/e7f97cd94d7bf9cd0e0ce30acb7d56b8\",\"name\":\"Crees\",\"image\":{\"@type\":\"ImageObject\",\"inLanguage\":\"es\",\"@id\":\"https:\/\/crees.org.do\/#\/schema\/person\/image\/\",\"url\":\"https:\/\/secure.gravatar.com\/avatar\/390ac8f0be5d9aa046152553e2dd7011b59a512d89c150f5e5f28bb8d9a0b165?s=96&d=mm&r=g\",\"contentUrl\":\"https:\/\/secure.gravatar.com\/avatar\/390ac8f0be5d9aa046152553e2dd7011b59a512d89c150f5e5f28bb8d9a0b165?s=96&d=mm&r=g\",\"caption\":\"Crees\"},\"url\":\"https:\/\/crees.org.do\/?author=2\"}]}<\/script>\n<!-- \/ Yoast SEO plugin. -->","yoast_head_json":{"title":"Expertos proponen urgente reforma en el sector energ\u00e9tico | CREES","robots":{"index":"index","follow":"follow","max-snippet":"max-snippet:-1","max-image-preview":"max-image-preview:large","max-video-preview":"max-video-preview:-1"},"canonical":"https:\/\/crees.org.do\/?p=22287","og_locale":"es_ES","og_type":"article","og_title":"Expertos proponen urgente reforma en el sector energ\u00e9tico | CREES","og_description":"Autor: Dilenni Bonilla Fecha: 27 de octubre del 2021 Extra\u00eddo de:\u00a0El D\u00eda Sin aplicaci\u00f3n de una reforma al sector el\u00e9ctrico en la que las empresas distribuidoras pasen a ser administradas por el sector privado, ser\u00e1 dif\u00edcil que el Gobierno mejore la operatividad de esas compa\u00f1\u00edas, reduzca las p\u00e9rdidas de 27 % a 15 % y...","og_url":"https:\/\/crees.org.do\/?p=22287","og_site_name":"CREES","article_publisher":"https:\/\/www.facebook.com\/CREESRD\/","article_published_time":"2021-10-27T20:31:41+00:00","og_image":[{"width":1173,"height":803,"url":"https:\/\/crees.org.do\/wp-content\/uploads\/2021\/10\/13_econo-27_1p02.jpg","type":"image\/jpeg"}],"author":"Crees","twitter_card":"summary_large_image","twitter_creator":"@CREESRD","twitter_site":"@CREESRD","twitter_misc":{"Escrito por":"Crees","Tiempo de lectura":"2 minutos"},"schema":{"@context":"https:\/\/schema.org","@graph":[{"@type":"Article","@id":"https:\/\/crees.org.do\/?p=22287#article","isPartOf":{"@id":"https:\/\/crees.org.do\/?p=22287"},"author":{"name":"Crees","@id":"https:\/\/crees.org.do\/#\/schema\/person\/e7f97cd94d7bf9cd0e0ce30acb7d56b8"},"headline":"Expertos proponen urgente reforma en el sector energ\u00e9tico","datePublished":"2021-10-27T20:31:41+00:00","mainEntityOfPage":{"@id":"https:\/\/crees.org.do\/?p=22287"},"wordCount":499,"publisher":{"@id":"https:\/\/crees.org.do\/#organization"},"image":{"@id":"https:\/\/crees.org.do\/?p=22287#primaryimage"},"thumbnailUrl":"https:\/\/crees.org.do\/wp-content\/uploads\/2021\/10\/13_econo-27_1p02.jpg","articleSection":["Actualidad"],"inLanguage":"es"},{"@type":"WebPage","@id":"https:\/\/crees.org.do\/?p=22287","url":"https:\/\/crees.org.do\/?p=22287","name":"Expertos proponen urgente reforma en el sector energ\u00e9tico | CREES","isPartOf":{"@id":"https:\/\/crees.org.do\/#website"},"primaryImageOfPage":{"@id":"https:\/\/crees.org.do\/?p=22287#primaryimage"},"image":{"@id":"https:\/\/crees.org.do\/?p=22287#primaryimage"},"thumbnailUrl":"https:\/\/crees.org.do\/wp-content\/uploads\/2021\/10\/13_econo-27_1p02.jpg","datePublished":"2021-10-27T20:31:41+00:00","breadcrumb":{"@id":"https:\/\/crees.org.do\/?p=22287#breadcrumb"},"inLanguage":"es","potentialAction":[{"@type":"ReadAction","target":["https:\/\/crees.org.do\/?p=22287"]}]},{"@type":"ImageObject","inLanguage":"es","@id":"https:\/\/crees.org.do\/?p=22287#primaryimage","url":"https:\/\/crees.org.do\/wp-content\/uploads\/2021\/10\/13_econo-27_1p02.jpg","contentUrl":"https:\/\/crees.org.do\/wp-content\/uploads\/2021\/10\/13_econo-27_1p02.jpg","width":1173,"height":803},{"@type":"BreadcrumbList","@id":"https:\/\/crees.org.do\/?p=22287#breadcrumb","itemListElement":[{"@type":"ListItem","position":1,"name":"Portada","item":"https:\/\/crees.org.do\/"},{"@type":"ListItem","position":2,"name":"Expertos proponen urgente reforma en el sector energ\u00e9tico"}]},{"@type":"WebSite","@id":"https:\/\/crees.org.do\/#website","url":"https:\/\/crees.org.do\/","name":"CREES","description":"Centro Regional de Estrategias Econ\u00f3micas Sostenibles","publisher":{"@id":"https:\/\/crees.org.do\/#organization"},"potentialAction":[{"@type":"SearchAction","target":{"@type":"EntryPoint","urlTemplate":"https:\/\/crees.org.do\/?s={search_term_string}"},"query-input":{"@type":"PropertyValueSpecification","valueRequired":true,"valueName":"search_term_string"}}],"inLanguage":"es"},{"@type":"Organization","@id":"https:\/\/crees.org.do\/#organization","name":"CREES | Centro Regional de Estrategias Econ\u00f3micas Sostenibles","url":"https:\/\/crees.org.do\/","logo":{"@type":"ImageObject","inLanguage":"es","@id":"https:\/\/crees.org.do\/#\/schema\/logo\/image\/","url":"https:\/\/crees.org.do\/wp-content\/uploads\/2022\/03\/crees-logo-1.jpg","contentUrl":"https:\/\/crees.org.do\/wp-content\/uploads\/2022\/03\/crees-logo-1.jpg","width":244,"height":71,"caption":"CREES | Centro Regional de Estrategias Econ\u00f3micas Sostenibles"},"image":{"@id":"https:\/\/crees.org.do\/#\/schema\/logo\/image\/"},"sameAs":["https:\/\/www.facebook.com\/CREESRD\/","https:\/\/x.com\/CREESRD"]},{"@type":"Person","@id":"https:\/\/crees.org.do\/#\/schema\/person\/e7f97cd94d7bf9cd0e0ce30acb7d56b8","name":"Crees","image":{"@type":"ImageObject","inLanguage":"es","@id":"https:\/\/crees.org.do\/#\/schema\/person\/image\/","url":"https:\/\/secure.gravatar.com\/avatar\/390ac8f0be5d9aa046152553e2dd7011b59a512d89c150f5e5f28bb8d9a0b165?s=96&d=mm&r=g","contentUrl":"https:\/\/secure.gravatar.com\/avatar\/390ac8f0be5d9aa046152553e2dd7011b59a512d89c150f5e5f28bb8d9a0b165?s=96&d=mm&r=g","caption":"Crees"},"url":"https:\/\/crees.org.do\/?author=2"}]}},"_links":{"self":[{"href":"https:\/\/crees.org.do\/index.php?rest_route=\/wp\/v2\/posts\/22287","targetHints":{"allow":["GET"]}}],"collection":[{"href":"https:\/\/crees.org.do\/index.php?rest_route=\/wp\/v2\/posts"}],"about":[{"href":"https:\/\/crees.org.do\/index.php?rest_route=\/wp\/v2\/types\/post"}],"author":[{"embeddable":true,"href":"https:\/\/crees.org.do\/index.php?rest_route=\/wp\/v2\/users\/2"}],"replies":[{"embeddable":true,"href":"https:\/\/crees.org.do\/index.php?rest_route=%2Fwp%2Fv2%2Fcomments&post=22287"}],"version-history":[{"count":1,"href":"https:\/\/crees.org.do\/index.php?rest_route=\/wp\/v2\/posts\/22287\/revisions"}],"predecessor-version":[{"id":22289,"href":"https:\/\/crees.org.do\/index.php?rest_route=\/wp\/v2\/posts\/22287\/revisions\/22289"}],"wp:featuredmedia":[{"embeddable":true,"href":"https:\/\/crees.org.do\/index.php?rest_route=\/wp\/v2\/media\/22288"}],"wp:attachment":[{"href":"https:\/\/crees.org.do\/index.php?rest_route=%2Fwp%2Fv2%2Fmedia&parent=22287"}],"wp:term":[{"taxonomy":"category","embeddable":true,"href":"https:\/\/crees.org.do\/index.php?rest_route=%2Fwp%2Fv2%2Fcategories&post=22287"},{"taxonomy":"post_tag","embeddable":true,"href":"https:\/\/crees.org.do\/index.php?rest_route=%2Fwp%2Fv2%2Ftags&post=22287"}],"curies":[{"name":"wp","href":"https:\/\/api.w.org\/{rel}","templated":true}]}}