{"id":22325,"date":"2021-11-11T10:50:19","date_gmt":"2021-11-11T10:50:19","guid":{"rendered":"https:\/\/crees.org.do\/?p=22325"},"modified":"2021-11-17T15:13:52","modified_gmt":"2021-11-17T15:13:52","slug":"aumenta-la-carga-de-dependientes-del-estado-dominicano","status":"publish","type":"post","link":"https:\/\/crees.org.do\/?p=22325","title":{"rendered":"Aumenta la carga de dependientes del Estado dominicano"},"content":{"rendered":"<p>Autor: Miguel Collado Di Franco<\/p>\n<p>Fecha: 11 de noviembre del 2021<\/p>\n<p style=\"text-align: justify;\">Hace dos a\u00f1os atr\u00e1s estimamos la cantidad de ciudadanos que reciben un <em>ingreso recurrente mensual<\/em> del gobierno dominicano<a href=\"#_ftn1\" name=\"_ftnref1\">[1]<\/a>. La situaci\u00f3n actual ha empeorado con respecto a la medici\u00f3n anterior. En t\u00e9rminos absolutos y relativos, la cantidad de personas dependientes de una mensualidad proveniente del gobierno ha aumentado con relaci\u00f3n al 2018.<\/p>\n<p style=\"text-align: justify;\">En este trabajo presentamos los resultados de la estimaci\u00f3n del n\u00famero de personas que reciben mensualmente alg\u00fan tipo de ingreso p\u00fablico. Para el presente an\u00e1lisis, esos ingresos son transferencias monetarias, salarios y pensiones.\u00a0 Est\u00e1n excluidos aquellos ciudadanos que consumen servicios p\u00fablicos, como salud y educaci\u00f3n. Tampoco han sido incluidos quienes se benefician de programas de viviendas o de subsidios no focalizados, como el de la electricidad o el recientemente instituido a los combustibles.<\/p>\n<p style=\"text-align: justify;\">Como dependientes recurrentes de fondos del sector p\u00fablico son considerados: 1) los empleados del sector p\u00fablico; 2) los pensionados por el Estado; y 3) quienes se benefician de subsidios sociales que otorga el gobierno por medio de los programas de transferencias monetarias dentro del actual programa Sup\u00e9rate, antes denominado Progresando con Solidaridad. La metodolog\u00eda para determinar la cantidad de dependientes de cada segmento est\u00e1 explicada en el art\u00edculo La carga de dependientes del Estado dominicano, antes citado.<\/p>\n<p style=\"text-align: justify;\">Aunque hay avances en ciertos aspectos, es alta la carga de dependientes de los aportes que hacen los mismos ciudadanos al fisco. Cerca de 40 de cada 100 dominicanos recibe mensualmente alg\u00fan tipo de ingreso o transferencia de los fondos administrados por el gobierno. Esto es 4.2 millones de habitantes.<\/p>\n<p style=\"text-align: justify;\">Es pertinente se\u00f1alar algunos avances en las cifras de dependientes. El primero es que el n\u00famero de empleados p\u00fablicos registrados en la Tesorer\u00eda de la Seguridad Social se redujo entre 2020 y agosto de 2021. Los datos del mes de agosto muestran 41,427 empleados menos que en diciembre de 2020. Comparado con el dato de 2018, el periodo de referencia de la primera medici\u00f3n que realizamos, el n\u00famero de empleados p\u00fablicos en la TSS pas\u00f3 de 623,867 a 590,717 en la actualidad; una reducci\u00f3n menor, de 33,150 empleados p\u00fablicos cotizando en la seguridad social.<\/p>\n<p style=\"text-align: justify;\"><img fetchpriority=\"high\" decoding=\"async\" class=\"aligncenter wp-image-22326\" src=\"https:\/\/crees.org.do\/wp-content\/uploads\/2021\/11\/1-project-2021-11-10_16-11_PM.png\" alt=\"\" width=\"1000\" height=\"683\" srcset=\"https:\/\/crees.org.do\/wp-content\/uploads\/2021\/11\/1-project-2021-11-10_16-11_PM.png 1200w, https:\/\/crees.org.do\/wp-content\/uploads\/2021\/11\/1-project-2021-11-10_16-11_PM-450x308.png 450w, https:\/\/crees.org.do\/wp-content\/uploads\/2021\/11\/1-project-2021-11-10_16-11_PM-2000x1367.png 2000w, https:\/\/crees.org.do\/wp-content\/uploads\/2021\/11\/1-project-2021-11-10_16-11_PM-768x525.png 768w, https:\/\/crees.org.do\/wp-content\/uploads\/2021\/11\/1-project-2021-11-10_16-11_PM-1536x1050.png 1536w, https:\/\/crees.org.do\/wp-content\/uploads\/2021\/11\/1-project-2021-11-10_16-11_PM-2048x1400.png 2048w, https:\/\/crees.org.do\/wp-content\/uploads\/2021\/11\/1-project-2021-11-10_16-11_PM-600x410.png 600w\" sizes=\"(max-width: 1000px) 100vw, 1000px\" \/><\/p>\n<p style=\"text-align: justify;\">Con relaci\u00f3n al empleo p\u00fablico, es importante se\u00f1alar que, aunque el n\u00famero de empleados registrados en la TSS ahora sea menor, el monto reportado en forma de salarios es mayor. A inicios de este a\u00f1o 2021, en enero, en la TSS fueron reportados 645,914 empleos p\u00fablicos. Esta cantidad es superior a la de empleados. En agosto pasado, el n\u00famero de empleos era de 630,387; un cambio c\u00f3nsono con la reducci\u00f3n en el n\u00famero de empleados descrito en el p\u00e1rrafo anterior.<\/p>\n<p style=\"text-align: justify;\">Ante una disminuci\u00f3n en el n\u00famero de empleos y empleados, y ante una situaci\u00f3n de necesidad de administrar los recursos p\u00fablicos de forma eficiente debido a las condiciones de emergencia bajo las cuales se ha manejado el gobierno desde el inicio de la pandemia hasta muy recientemente, se esperar\u00eda una disminuci\u00f3n en el pago por concepto de personal. Esta no es la realidad que aportan las cifras de la Tesorer\u00eda de la Seguridad Social.<\/p>\n<p style=\"text-align: justify;\">En enero pasado, la masa salarial reportada en ese mes fue de RD$18,902 millones<a href=\"#_ftn2\" name=\"_ftnref2\">[2]<\/a>. Sin embargo, los datos recientes de agosto muestran que el conjunto de los salarios otorgados en el sector p\u00fablico fue de RD$20,860 millones. En promedio, mientras en enero se pag\u00f3 RD$29,264 por empleo, siete meses despu\u00e9s ese monto pas\u00f3 a representar RD$33,091 mensuales. No ha habido ahorro para los contribuyentes, solo una disminuci\u00f3n en el n\u00famero de empleos y empleados.<\/p>\n<p style=\"text-align: justify;\">Otro punto para destacar con relaci\u00f3n al empleo p\u00fablico es que los empleados en la Administraci\u00f3n P\u00fablica de Rep\u00fablica Dominicana representan uno de los mayores porcentajes en Am\u00e9rica Latina. En el siguiente gr\u00e1fico aparecen los datos con relaci\u00f3n al total de empleos. Los pa\u00edses que le siguen a Argentina, primero en la gr\u00e1fica, no guardan mucha diferencia entre unos y otros. Rep\u00fablica Dominicana en lugar de reducir la cantidad de personas que trabajan en la Administraci\u00f3n P\u00fablica, ha experimentado un aumento como porcentaje del empleo total. \u00a0Las cifras oficiales muestran, como se aprecia en el recuadro, que aproximadamente 15 de cada 100 dominicanos trabajan en la Administraci\u00f3n P\u00fablica, y que, entre los empleados formales, la cifra representa 31 de cada 100. Esta es una forma de dimensionar el tama\u00f1o del Estado dominicano y, en consecuencia, el consumo de recursos que demanda.<\/p>\n<p style=\"text-align: justify;\"><img decoding=\"async\" class=\"aligncenter wp-image-22371\" src=\"https:\/\/crees.org.do\/wp-content\/uploads\/2021\/11\/Title-copy-6-1.png\" alt=\"\" width=\"1000\" height=\"683\" srcset=\"https:\/\/crees.org.do\/wp-content\/uploads\/2021\/11\/Title-copy-6-1.png 1200w, https:\/\/crees.org.do\/wp-content\/uploads\/2021\/11\/Title-copy-6-1-450x308.png 450w, https:\/\/crees.org.do\/wp-content\/uploads\/2021\/11\/Title-copy-6-1-2000x1367.png 2000w, https:\/\/crees.org.do\/wp-content\/uploads\/2021\/11\/Title-copy-6-1-768x525.png 768w, https:\/\/crees.org.do\/wp-content\/uploads\/2021\/11\/Title-copy-6-1-1536x1050.png 1536w, https:\/\/crees.org.do\/wp-content\/uploads\/2021\/11\/Title-copy-6-1-2048x1400.png 2048w, https:\/\/crees.org.do\/wp-content\/uploads\/2021\/11\/Title-copy-6-1-600x410.png 600w\" sizes=\"(max-width: 1000px) 100vw, 1000px\" \/><\/p>\n<p style=\"text-align: justify;\">Con respecto a los jubilados, la cifra es mayor en la actualidad que a final de 2018. La cifra ha pasado de 147,676 a 160,037, seg\u00fan el dato de agosto. El aumento en el n\u00famero de pensionados en la Direcci\u00f3n General de Jubilaciones y Pensiones se viene verificando desde el a\u00f1o 2019.<\/p>\n<p style=\"text-align: justify;\"><img decoding=\"async\" class=\"aligncenter wp-image-22328\" src=\"https:\/\/crees.org.do\/wp-content\/uploads\/2021\/11\/3-project-2021-11-10_16-11_PM.png\" alt=\"\" width=\"1000\" height=\"683\" srcset=\"https:\/\/crees.org.do\/wp-content\/uploads\/2021\/11\/3-project-2021-11-10_16-11_PM.png 1200w, https:\/\/crees.org.do\/wp-content\/uploads\/2021\/11\/3-project-2021-11-10_16-11_PM-450x308.png 450w, https:\/\/crees.org.do\/wp-content\/uploads\/2021\/11\/3-project-2021-11-10_16-11_PM-2000x1367.png 2000w, https:\/\/crees.org.do\/wp-content\/uploads\/2021\/11\/3-project-2021-11-10_16-11_PM-768x525.png 768w, https:\/\/crees.org.do\/wp-content\/uploads\/2021\/11\/3-project-2021-11-10_16-11_PM-1536x1050.png 1536w, https:\/\/crees.org.do\/wp-content\/uploads\/2021\/11\/3-project-2021-11-10_16-11_PM-2048x1400.png 2048w, https:\/\/crees.org.do\/wp-content\/uploads\/2021\/11\/3-project-2021-11-10_16-11_PM-600x410.png 600w\" sizes=\"(max-width: 1000px) 100vw, 1000px\" \/><\/p>\n<p style=\"text-align: justify;\">Con la aparici\u00f3n de la pandemia de Covid-19, el n\u00famero de personas beneficiarias del programa Comer es Primero, pas\u00f3 a ser el mayor de todos dentro de los programas de transferencias monetarias dentro de Sup\u00e9rate. Antes de la pandemia, el mayor programa para otorgar dinero a las familias era el denominado Bonog\u00e1s Hogar. Desde 2018 a la fecha, son los dos programas que han incrementado el n\u00famero de beneficiarios. \u00a0Comer es Primero pas\u00f3 de 831,106 familias a 1,038,551 entre 2018 y agosto de 2021. Bonog\u00e1s Hogar tiene 967,348 de acuerdo con el dato de agosto de 2021, el \u00faltimo disponible, mientras que en 2018 hab\u00eda cerrado con 957,790.<\/p>\n<p style=\"text-align: justify;\">Afortunadamente para la sociedad en su conjunto, los dem\u00e1s programas de transferencias monetarias han reducido el n\u00famero de receptores. \u00a0El avance m\u00e1s notable est\u00e1 relacionado con Bonoluz. Este programa ten\u00eda 452,433 hogares receptores en 2018, mientras que en la actualidad el n\u00famero que se beneficia es de 332,816.<\/p>\n<p style=\"text-align: justify;\"><img loading=\"lazy\" decoding=\"async\" class=\"aligncenter wp-image-22329\" src=\"https:\/\/crees.org.do\/wp-content\/uploads\/2021\/11\/4-project-2021-11-10_16-11_PM.png\" alt=\"\" width=\"1000\" height=\"683\" srcset=\"https:\/\/crees.org.do\/wp-content\/uploads\/2021\/11\/4-project-2021-11-10_16-11_PM.png 1200w, https:\/\/crees.org.do\/wp-content\/uploads\/2021\/11\/4-project-2021-11-10_16-11_PM-450x308.png 450w, https:\/\/crees.org.do\/wp-content\/uploads\/2021\/11\/4-project-2021-11-10_16-11_PM-2000x1367.png 2000w, https:\/\/crees.org.do\/wp-content\/uploads\/2021\/11\/4-project-2021-11-10_16-11_PM-768x525.png 768w, https:\/\/crees.org.do\/wp-content\/uploads\/2021\/11\/4-project-2021-11-10_16-11_PM-1536x1050.png 1536w, https:\/\/crees.org.do\/wp-content\/uploads\/2021\/11\/4-project-2021-11-10_16-11_PM-2048x1400.png 2048w, https:\/\/crees.org.do\/wp-content\/uploads\/2021\/11\/4-project-2021-11-10_16-11_PM-600x410.png 600w\" sizes=\"(max-width: 1000px) 100vw, 1000px\" \/><\/p>\n<p><img loading=\"lazy\" decoding=\"async\" class=\"aligncenter wp-image-22330\" src=\"https:\/\/crees.org.do\/wp-content\/uploads\/2021\/11\/5-project-2021-11-10_16-11_PM-scaled.jpg\" alt=\"\" width=\"1000\" height=\"683\" srcset=\"https:\/\/crees.org.do\/wp-content\/uploads\/2021\/11\/5-project-2021-11-10_16-11_PM-scaled.jpg 1200w, https:\/\/crees.org.do\/wp-content\/uploads\/2021\/11\/5-project-2021-11-10_16-11_PM-450x308.jpg 450w, https:\/\/crees.org.do\/wp-content\/uploads\/2021\/11\/5-project-2021-11-10_16-11_PM-2000x1367.jpg 2000w, https:\/\/crees.org.do\/wp-content\/uploads\/2021\/11\/5-project-2021-11-10_16-11_PM-768x525.jpg 768w, https:\/\/crees.org.do\/wp-content\/uploads\/2021\/11\/5-project-2021-11-10_16-11_PM-1536x1050.jpg 1536w, https:\/\/crees.org.do\/wp-content\/uploads\/2021\/11\/5-project-2021-11-10_16-11_PM-2048x1400.jpg 2048w, https:\/\/crees.org.do\/wp-content\/uploads\/2021\/11\/5-project-2021-11-10_16-11_PM-600x410.jpg 600w\" sizes=\"(max-width: 1000px) 100vw, 1000px\" \/><\/p>\n<p style=\"text-align: justify;\">Los trabajadores, los pensionados y el total de receptores (individuales y miembros de familia) de subsidios monetarios representan 4.2 millones. El monto de receptores que hemos calculado representa el 40.2% de la poblaci\u00f3n de 2021 estimada por la Oficina Nacional de Estad\u00edsticas.<\/p>\n<p style=\"text-align: justify;\"><img loading=\"lazy\" decoding=\"async\" class=\"aligncenter wp-image-22364\" src=\"https:\/\/crees.org.do\/wp-content\/uploads\/2021\/11\/1-Title-copy-10.png\" alt=\"\" width=\"1000\" height=\"683\" srcset=\"https:\/\/crees.org.do\/wp-content\/uploads\/2021\/11\/1-Title-copy-10.png 1200w, https:\/\/crees.org.do\/wp-content\/uploads\/2021\/11\/1-Title-copy-10-450x308.png 450w, https:\/\/crees.org.do\/wp-content\/uploads\/2021\/11\/1-Title-copy-10-2000x1367.png 2000w, https:\/\/crees.org.do\/wp-content\/uploads\/2021\/11\/1-Title-copy-10-768x525.png 768w, https:\/\/crees.org.do\/wp-content\/uploads\/2021\/11\/1-Title-copy-10-1536x1050.png 1536w, https:\/\/crees.org.do\/wp-content\/uploads\/2021\/11\/1-Title-copy-10-2048x1400.png 2048w, https:\/\/crees.org.do\/wp-content\/uploads\/2021\/11\/1-Title-copy-10-600x410.png 600w\" sizes=\"(max-width: 1000px) 100vw, 1000px\" \/> <img loading=\"lazy\" decoding=\"async\" class=\"aligncenter wp-image-22365\" src=\"https:\/\/crees.org.do\/wp-content\/uploads\/2021\/11\/2-Title-copy-3-1.png\" alt=\"\" width=\"1000\" height=\"683\" srcset=\"https:\/\/crees.org.do\/wp-content\/uploads\/2021\/11\/2-Title-copy-3-1.png 1200w, https:\/\/crees.org.do\/wp-content\/uploads\/2021\/11\/2-Title-copy-3-1-450x308.png 450w, https:\/\/crees.org.do\/wp-content\/uploads\/2021\/11\/2-Title-copy-3-1-2000x1367.png 2000w, https:\/\/crees.org.do\/wp-content\/uploads\/2021\/11\/2-Title-copy-3-1-768x525.png 768w, https:\/\/crees.org.do\/wp-content\/uploads\/2021\/11\/2-Title-copy-3-1-1536x1050.png 1536w, https:\/\/crees.org.do\/wp-content\/uploads\/2021\/11\/2-Title-copy-3-1-2048x1400.png 2048w, https:\/\/crees.org.do\/wp-content\/uploads\/2021\/11\/2-Title-copy-3-1-600x410.png 600w\" sizes=\"(max-width: 1000px) 100vw, 1000px\" \/><\/p>\n<p>&nbsp;<\/p>\n<h4 style=\"text-align: justify;\"><strong>Consideraciones para pol\u00edticas p\u00fablicas.<\/strong><\/h4>\n<p style=\"text-align: justify;\">A manera de conclusi\u00f3n, es preciso realizar varios se\u00f1alamientos con relaci\u00f3n a los resultados mostrados.<\/p>\n<p style=\"text-align: justify;\">Son los mismos ciudadanos que reciben estas ayudas e ingresos quienes pagan por estos. Un an\u00e1lisis riguroso sobre la <em>incidencia de los<\/em> <em>impuestos<\/em> demuestra que no son aquellas personas que pagan los impuestos sobre quienes inciden los tributos<a href=\"#_ftn3\" name=\"_ftnref3\">[3]<\/a>. Cuando se grava la renta de una emprendedora, el impuesto es pagado por ella a la DGII. Pero la incidencia del impuesto recae sobre sobre los empleados y sobre otros participantes en la producci\u00f3n del bien y servicio, as\u00ed como sobre los consumidores.<\/p>\n<p style=\"text-align: justify;\">La parte del gasto corriente que no se paga con impuestos, es cubierta con endeudamiento p\u00fablico. Es pertinente recordar que la deuda p\u00fablica representa un riesgo para la sostenibilidad de las finanzas p\u00fablicas. Las crisis fiscales suelen estar relacionadas con el endeudamiento p\u00fablico y resultan en depreciaci\u00f3n de la moneda, en altas tasas de inter\u00e9s y en inflaci\u00f3n. Rep\u00fablica Dominicana debe tener particular cuidado en continuar aumentando el endeudamiento p\u00fablico.<\/p>\n<p style=\"text-align: justify;\">Pero el endeudamiento p\u00fablico representa un problema que toca los fundamentos morales y no muchas veces es abordado. Los gobernantes toman decisiones para beneficiar a los votantes actuales con dinero que pagar\u00e1n los votantes del futuro. Los contribuyentes del futuro pagar\u00e1n la deuda de hoy. En consecuencia, en el presente se beneficia a los votantes con dinero que saldr\u00e1 de los bolsillos de personas ajenas a las decisiones actuales. Sacrificar a los ciudadanos del futuro por las decisiones de gasto corriente actual es una acci\u00f3n que carece de car\u00e1cter moral.<\/p>\n<p style=\"text-align: justify;\">M\u00e1s inversiones de mayor valor agregado que las que tenemos actualmente es la clave para generar riqueza y lograr el objetivo de ciudadanos con mayores ingresos. Para propiciar la movilidad social. En consecuencia, ser\u00e1 necesario que las reformas estructurales pendientes en Rep\u00fablica Dominicana est\u00e9n dirigidas a fomentar el clima de inversi\u00f3n que necesitamos. La sociedad aguarda por pol\u00edticas bien formuladas y efectivas, no por medidas populares.<\/p>\n<p style=\"text-align: justify;\"><a href=\"#_ftnref1\" name=\"_ftn1\">[1]<\/a> Collado Di Franco, M. (2019). La carga de dependientes del Estado dominicano. CREES. Recuperado 10 de noviembre de 2021, de https:\/\/crees.org.do\/la-carga-de-dependientes-del-estado-dominicano\/<\/p>\n<p style=\"text-align: justify;\"><a href=\"#_ftnref2\" name=\"_ftn2\">[2]<\/a> Tesorer\u00eda de la Seguridad Social. (2021). Panorama Laboral SDSS. https:\/\/www.tss.gob.do\/transparencia\/panorama-laboral-sdss&#8211;estarecuado-tss-2021.html. https:\/\/www.tss.gob.do\/transparencia\/panorama-laboral-sdss&#8211;estarecuado-tss-2021.html<\/p>\n<p style=\"text-align: justify;\"><a href=\"#_ftnref3\" name=\"_ftn3\">[3]<\/a> Collado Di Franco, M. (2017). Pobreza y fiscalidad: \u00bfQui\u00e9nes pagan los impuestos? CREES. Recuperado 10 de noviembre de 2021, de https:\/\/crees.org.do\/pobreza-y-fiscalidad-quienes-pagan-los-impuestos\/<br \/>\nCollado Di Franco, M. (2021, 13 mayo). En realidad, \u00bfqui\u00e9nes pagan los impuestos? Peri\u00f3dico elDinero. Recuperado 10 de noviembre de 2021, de https:\/\/eldinero.com.do\/160149\/en-realidad-quienes-pagan-los-impuestos\/<\/p>\n<div class=\"pvc_clear\"><\/div>\n<p class=\"pvc_stats all \" data-element-id=\"22325\" style=\"\"><i class=\"pvc-stats-icon medium\" aria-hidden=\"true\"><svg aria-hidden=\"true\" focusable=\"false\" data-prefix=\"far\" data-icon=\"chart-bar\" role=\"img\" xmlns=\"http:\/\/www.w3.org\/2000\/svg\" viewBox=\"0 0 512 512\" class=\"svg-inline--fa fa-chart-bar fa-w-16 fa-2x\"><path fill=\"currentColor\" d=\"M396.8 352h22.4c6.4 0 12.8-6.4 12.8-12.8V108.8c0-6.4-6.4-12.8-12.8-12.8h-22.4c-6.4 0-12.8 6.4-12.8 12.8v230.4c0 6.4 6.4 12.8 12.8 12.8zm-192 0h22.4c6.4 0 12.8-6.4 12.8-12.8V140.8c0-6.4-6.4-12.8-12.8-12.8h-22.4c-6.4 0-12.8 6.4-12.8 12.8v198.4c0 6.4 6.4 12.8 12.8 12.8zm96 0h22.4c6.4 0 12.8-6.4 12.8-12.8V204.8c0-6.4-6.4-12.8-12.8-12.8h-22.4c-6.4 0-12.8 6.4-12.8 12.8v134.4c0 6.4 6.4 12.8 12.8 12.8zM496 400H48V80c0-8.84-7.16-16-16-16H16C7.16 64 0 71.16 0 80v336c0 17.67 14.33 32 32 32h464c8.84 0 16-7.16 16-16v-16c0-8.84-7.16-16-16-16zm-387.2-48h22.4c6.4 0 12.8-6.4 12.8-12.8v-70.4c0-6.4-6.4-12.8-12.8-12.8h-22.4c-6.4 0-12.8 6.4-12.8 12.8v70.4c0 6.4 6.4 12.8 12.8 12.8z\" class=\"\"><\/path><\/svg><\/i> Vistas Totales&nbsp;1,670&nbsp;, Vistas Hoy&nbsp;2&nbsp;<\/p>\n<div class=\"pvc_clear\"><\/div>\n","protected":false},"excerpt":{"rendered":"<p>Autor: Miguel Collado Di Franco Fecha: 11 de noviembre del 2021 Hace dos a\u00f1os atr\u00e1s estimamos la cantidad de ciudadanos que reciben un ingreso recurrente mensual del gobierno dominicano[1]. La situaci\u00f3n actual ha empeorado con respecto a la medici\u00f3n anterior. En t\u00e9rminos absolutos y relativos, la cantidad de personas dependientes de una mensualidad proveniente del&#8230;<\/p>\n<div class=\"pvc_clear\"><\/div>\n<p class=\"pvc_stats all \" data-element-id=\"22325\" style=\"\"><i class=\"pvc-stats-icon medium\" aria-hidden=\"true\"><svg aria-hidden=\"true\" focusable=\"false\" data-prefix=\"far\" data-icon=\"chart-bar\" role=\"img\" xmlns=\"http:\/\/www.w3.org\/2000\/svg\" viewBox=\"0 0 512 512\" class=\"svg-inline--fa fa-chart-bar fa-w-16 fa-2x\"><path fill=\"currentColor\" d=\"M396.8 352h22.4c6.4 0 12.8-6.4 12.8-12.8V108.8c0-6.4-6.4-12.8-12.8-12.8h-22.4c-6.4 0-12.8 6.4-12.8 12.8v230.4c0 6.4 6.4 12.8 12.8 12.8zm-192 0h22.4c6.4 0 12.8-6.4 12.8-12.8V140.8c0-6.4-6.4-12.8-12.8-12.8h-22.4c-6.4 0-12.8 6.4-12.8 12.8v198.4c0 6.4 6.4 12.8 12.8 12.8zm96 0h22.4c6.4 0 12.8-6.4 12.8-12.8V204.8c0-6.4-6.4-12.8-12.8-12.8h-22.4c-6.4 0-12.8 6.4-12.8 12.8v134.4c0 6.4 6.4 12.8 12.8 12.8zM496 400H48V80c0-8.84-7.16-16-16-16H16C7.16 64 0 71.16 0 80v336c0 17.67 14.33 32 32 32h464c8.84 0 16-7.16 16-16v-16c0-8.84-7.16-16-16-16zm-387.2-48h22.4c6.4 0 12.8-6.4 12.8-12.8v-70.4c0-6.4-6.4-12.8-12.8-12.8h-22.4c-6.4 0-12.8 6.4-12.8 12.8v70.4c0 6.4 6.4 12.8 12.8 12.8z\" class=\"\"><\/path><\/svg><\/i> Vistas Totales&nbsp;1,670&nbsp;, Vistas Hoy&nbsp;2&nbsp;<\/p>\n<div class=\"pvc_clear\"><\/div>\n","protected":false},"author":2,"featured_media":22354,"comment_status":"closed","ping_status":"closed","sticky":false,"template":"","format":"standard","meta":{"footnotes":""},"categories":[22],"tags":[],"class_list":["post-22325","post","type-post","status-publish","format-standard","has-post-thumbnail","hentry","category-articulos"],"yoast_head":"<!-- This site is optimized with the Yoast SEO plugin v25.2 - https:\/\/yoast.com\/wordpress\/plugins\/seo\/ -->\n<title>Aumenta la carga de dependientes del Estado dominicano | CREES<\/title>\n<meta name=\"robots\" content=\"index, follow, max-snippet:-1, max-image-preview:large, max-video-preview:-1\" \/>\n<link rel=\"canonical\" href=\"https:\/\/crees.org.do\/?p=22325\" \/>\n<meta property=\"og:locale\" content=\"es_ES\" \/>\n<meta property=\"og:type\" content=\"article\" \/>\n<meta property=\"og:title\" content=\"Aumenta la carga de dependientes del Estado dominicano | CREES\" \/>\n<meta property=\"og:description\" content=\"Autor: Miguel Collado Di Franco Fecha: 11 de noviembre del 2021 Hace dos a\u00f1os atr\u00e1s estimamos la cantidad de ciudadanos que reciben un ingreso recurrente mensual del gobierno dominicano[1]. La situaci\u00f3n actual ha empeorado con respecto a la medici\u00f3n anterior. En t\u00e9rminos absolutos y relativos, la cantidad de personas dependientes de una mensualidad proveniente del...\" \/>\n<meta property=\"og:url\" content=\"https:\/\/crees.org.do\/?p=22325\" \/>\n<meta property=\"og:site_name\" content=\"CREES\" \/>\n<meta property=\"article:publisher\" content=\"https:\/\/www.facebook.com\/CREESRD\/\" \/>\n<meta property=\"article:published_time\" content=\"2021-11-11T10:50:19+00:00\" \/>\n<meta property=\"article:modified_time\" content=\"2021-11-17T15:13:52+00:00\" \/>\n<meta property=\"og:image\" content=\"https:\/\/crees.org.do\/wp-content\/uploads\/2021\/11\/Untitled-scaled.jpg\" \/>\n\t<meta property=\"og:image:width\" content=\"1200\" \/>\n\t<meta property=\"og:image:height\" content=\"820\" \/>\n\t<meta property=\"og:image:type\" content=\"image\/jpeg\" \/>\n<meta name=\"author\" content=\"Crees\" \/>\n<meta name=\"twitter:card\" content=\"summary_large_image\" \/>\n<meta name=\"twitter:creator\" content=\"@CREESRD\" \/>\n<meta name=\"twitter:site\" content=\"@CREESRD\" \/>\n<meta name=\"twitter:label1\" content=\"Escrito por\" \/>\n\t<meta name=\"twitter:data1\" content=\"Crees\" \/>\n\t<meta name=\"twitter:label2\" content=\"Tiempo de lectura\" \/>\n\t<meta name=\"twitter:data2\" content=\"7 minutos\" \/>\n<script type=\"application\/ld+json\" class=\"yoast-schema-graph\">{\"@context\":\"https:\/\/schema.org\",\"@graph\":[{\"@type\":\"Article\",\"@id\":\"https:\/\/crees.org.do\/?p=22325#article\",\"isPartOf\":{\"@id\":\"https:\/\/crees.org.do\/?p=22325\"},\"author\":{\"name\":\"Crees\",\"@id\":\"https:\/\/crees.org.do\/#\/schema\/person\/e7f97cd94d7bf9cd0e0ce30acb7d56b8\"},\"headline\":\"Aumenta la carga de dependientes del Estado dominicano\",\"datePublished\":\"2021-11-11T10:50:19+00:00\",\"dateModified\":\"2021-11-17T15:13:52+00:00\",\"mainEntityOfPage\":{\"@id\":\"https:\/\/crees.org.do\/?p=22325\"},\"wordCount\":1473,\"publisher\":{\"@id\":\"https:\/\/crees.org.do\/#organization\"},\"image\":{\"@id\":\"https:\/\/crees.org.do\/?p=22325#primaryimage\"},\"thumbnailUrl\":\"https:\/\/crees.org.do\/wp-content\/uploads\/2021\/11\/Untitled-scaled.jpg\",\"articleSection\":[\"Art\u00edculos\"],\"inLanguage\":\"es\"},{\"@type\":\"WebPage\",\"@id\":\"https:\/\/crees.org.do\/?p=22325\",\"url\":\"https:\/\/crees.org.do\/?p=22325\",\"name\":\"Aumenta la carga de dependientes del Estado dominicano | CREES\",\"isPartOf\":{\"@id\":\"https:\/\/crees.org.do\/#website\"},\"primaryImageOfPage\":{\"@id\":\"https:\/\/crees.org.do\/?p=22325#primaryimage\"},\"image\":{\"@id\":\"https:\/\/crees.org.do\/?p=22325#primaryimage\"},\"thumbnailUrl\":\"https:\/\/crees.org.do\/wp-content\/uploads\/2021\/11\/Untitled-scaled.jpg\",\"datePublished\":\"2021-11-11T10:50:19+00:00\",\"dateModified\":\"2021-11-17T15:13:52+00:00\",\"breadcrumb\":{\"@id\":\"https:\/\/crees.org.do\/?p=22325#breadcrumb\"},\"inLanguage\":\"es\",\"potentialAction\":[{\"@type\":\"ReadAction\",\"target\":[\"https:\/\/crees.org.do\/?p=22325\"]}]},{\"@type\":\"ImageObject\",\"inLanguage\":\"es\",\"@id\":\"https:\/\/crees.org.do\/?p=22325#primaryimage\",\"url\":\"https:\/\/crees.org.do\/wp-content\/uploads\/2021\/11\/Untitled-scaled.jpg\",\"contentUrl\":\"https:\/\/crees.org.do\/wp-content\/uploads\/2021\/11\/Untitled-scaled.jpg\",\"width\":1200,\"height\":820},{\"@type\":\"BreadcrumbList\",\"@id\":\"https:\/\/crees.org.do\/?p=22325#breadcrumb\",\"itemListElement\":[{\"@type\":\"ListItem\",\"position\":1,\"name\":\"Portada\",\"item\":\"https:\/\/crees.org.do\/\"},{\"@type\":\"ListItem\",\"position\":2,\"name\":\"Aumenta la carga de dependientes del Estado dominicano\"}]},{\"@type\":\"WebSite\",\"@id\":\"https:\/\/crees.org.do\/#website\",\"url\":\"https:\/\/crees.org.do\/\",\"name\":\"CREES\",\"description\":\"Centro Regional de Estrategias Econ\u00f3micas Sostenibles\",\"publisher\":{\"@id\":\"https:\/\/crees.org.do\/#organization\"},\"potentialAction\":[{\"@type\":\"SearchAction\",\"target\":{\"@type\":\"EntryPoint\",\"urlTemplate\":\"https:\/\/crees.org.do\/?s={search_term_string}\"},\"query-input\":{\"@type\":\"PropertyValueSpecification\",\"valueRequired\":true,\"valueName\":\"search_term_string\"}}],\"inLanguage\":\"es\"},{\"@type\":\"Organization\",\"@id\":\"https:\/\/crees.org.do\/#organization\",\"name\":\"CREES | Centro Regional de Estrategias Econ\u00f3micas Sostenibles\",\"url\":\"https:\/\/crees.org.do\/\",\"logo\":{\"@type\":\"ImageObject\",\"inLanguage\":\"es\",\"@id\":\"https:\/\/crees.org.do\/#\/schema\/logo\/image\/\",\"url\":\"https:\/\/crees.org.do\/wp-content\/uploads\/2022\/03\/crees-logo-1.jpg\",\"contentUrl\":\"https:\/\/crees.org.do\/wp-content\/uploads\/2022\/03\/crees-logo-1.jpg\",\"width\":244,\"height\":71,\"caption\":\"CREES | Centro Regional de Estrategias Econ\u00f3micas Sostenibles\"},\"image\":{\"@id\":\"https:\/\/crees.org.do\/#\/schema\/logo\/image\/\"},\"sameAs\":[\"https:\/\/www.facebook.com\/CREESRD\/\",\"https:\/\/x.com\/CREESRD\"]},{\"@type\":\"Person\",\"@id\":\"https:\/\/crees.org.do\/#\/schema\/person\/e7f97cd94d7bf9cd0e0ce30acb7d56b8\",\"name\":\"Crees\",\"image\":{\"@type\":\"ImageObject\",\"inLanguage\":\"es\",\"@id\":\"https:\/\/crees.org.do\/#\/schema\/person\/image\/\",\"url\":\"https:\/\/secure.gravatar.com\/avatar\/390ac8f0be5d9aa046152553e2dd7011b59a512d89c150f5e5f28bb8d9a0b165?s=96&d=mm&r=g\",\"contentUrl\":\"https:\/\/secure.gravatar.com\/avatar\/390ac8f0be5d9aa046152553e2dd7011b59a512d89c150f5e5f28bb8d9a0b165?s=96&d=mm&r=g\",\"caption\":\"Crees\"},\"url\":\"https:\/\/crees.org.do\/?author=2\"}]}<\/script>\n<!-- \/ Yoast SEO plugin. -->","yoast_head_json":{"title":"Aumenta la carga de dependientes del Estado dominicano | CREES","robots":{"index":"index","follow":"follow","max-snippet":"max-snippet:-1","max-image-preview":"max-image-preview:large","max-video-preview":"max-video-preview:-1"},"canonical":"https:\/\/crees.org.do\/?p=22325","og_locale":"es_ES","og_type":"article","og_title":"Aumenta la carga de dependientes del Estado dominicano | CREES","og_description":"Autor: Miguel Collado Di Franco Fecha: 11 de noviembre del 2021 Hace dos a\u00f1os atr\u00e1s estimamos la cantidad de ciudadanos que reciben un ingreso recurrente mensual del gobierno dominicano[1]. La situaci\u00f3n actual ha empeorado con respecto a la medici\u00f3n anterior. En t\u00e9rminos absolutos y relativos, la cantidad de personas dependientes de una mensualidad proveniente del...","og_url":"https:\/\/crees.org.do\/?p=22325","og_site_name":"CREES","article_publisher":"https:\/\/www.facebook.com\/CREESRD\/","article_published_time":"2021-11-11T10:50:19+00:00","article_modified_time":"2021-11-17T15:13:52+00:00","og_image":[{"width":1200,"height":820,"url":"https:\/\/crees.org.do\/wp-content\/uploads\/2021\/11\/Untitled-scaled.jpg","type":"image\/jpeg"}],"author":"Crees","twitter_card":"summary_large_image","twitter_creator":"@CREESRD","twitter_site":"@CREESRD","twitter_misc":{"Escrito por":"Crees","Tiempo de lectura":"7 minutos"},"schema":{"@context":"https:\/\/schema.org","@graph":[{"@type":"Article","@id":"https:\/\/crees.org.do\/?p=22325#article","isPartOf":{"@id":"https:\/\/crees.org.do\/?p=22325"},"author":{"name":"Crees","@id":"https:\/\/crees.org.do\/#\/schema\/person\/e7f97cd94d7bf9cd0e0ce30acb7d56b8"},"headline":"Aumenta la carga de dependientes del Estado dominicano","datePublished":"2021-11-11T10:50:19+00:00","dateModified":"2021-11-17T15:13:52+00:00","mainEntityOfPage":{"@id":"https:\/\/crees.org.do\/?p=22325"},"wordCount":1473,"publisher":{"@id":"https:\/\/crees.org.do\/#organization"},"image":{"@id":"https:\/\/crees.org.do\/?p=22325#primaryimage"},"thumbnailUrl":"https:\/\/crees.org.do\/wp-content\/uploads\/2021\/11\/Untitled-scaled.jpg","articleSection":["Art\u00edculos"],"inLanguage":"es"},{"@type":"WebPage","@id":"https:\/\/crees.org.do\/?p=22325","url":"https:\/\/crees.org.do\/?p=22325","name":"Aumenta la carga de dependientes del Estado dominicano | CREES","isPartOf":{"@id":"https:\/\/crees.org.do\/#website"},"primaryImageOfPage":{"@id":"https:\/\/crees.org.do\/?p=22325#primaryimage"},"image":{"@id":"https:\/\/crees.org.do\/?p=22325#primaryimage"},"thumbnailUrl":"https:\/\/crees.org.do\/wp-content\/uploads\/2021\/11\/Untitled-scaled.jpg","datePublished":"2021-11-11T10:50:19+00:00","dateModified":"2021-11-17T15:13:52+00:00","breadcrumb":{"@id":"https:\/\/crees.org.do\/?p=22325#breadcrumb"},"inLanguage":"es","potentialAction":[{"@type":"ReadAction","target":["https:\/\/crees.org.do\/?p=22325"]}]},{"@type":"ImageObject","inLanguage":"es","@id":"https:\/\/crees.org.do\/?p=22325#primaryimage","url":"https:\/\/crees.org.do\/wp-content\/uploads\/2021\/11\/Untitled-scaled.jpg","contentUrl":"https:\/\/crees.org.do\/wp-content\/uploads\/2021\/11\/Untitled-scaled.jpg","width":1200,"height":820},{"@type":"BreadcrumbList","@id":"https:\/\/crees.org.do\/?p=22325#breadcrumb","itemListElement":[{"@type":"ListItem","position":1,"name":"Portada","item":"https:\/\/crees.org.do\/"},{"@type":"ListItem","position":2,"name":"Aumenta la carga de dependientes del Estado dominicano"}]},{"@type":"WebSite","@id":"https:\/\/crees.org.do\/#website","url":"https:\/\/crees.org.do\/","name":"CREES","description":"Centro Regional de Estrategias Econ\u00f3micas Sostenibles","publisher":{"@id":"https:\/\/crees.org.do\/#organization"},"potentialAction":[{"@type":"SearchAction","target":{"@type":"EntryPoint","urlTemplate":"https:\/\/crees.org.do\/?s={search_term_string}"},"query-input":{"@type":"PropertyValueSpecification","valueRequired":true,"valueName":"search_term_string"}}],"inLanguage":"es"},{"@type":"Organization","@id":"https:\/\/crees.org.do\/#organization","name":"CREES | Centro Regional de Estrategias Econ\u00f3micas Sostenibles","url":"https:\/\/crees.org.do\/","logo":{"@type":"ImageObject","inLanguage":"es","@id":"https:\/\/crees.org.do\/#\/schema\/logo\/image\/","url":"https:\/\/crees.org.do\/wp-content\/uploads\/2022\/03\/crees-logo-1.jpg","contentUrl":"https:\/\/crees.org.do\/wp-content\/uploads\/2022\/03\/crees-logo-1.jpg","width":244,"height":71,"caption":"CREES | Centro Regional de Estrategias Econ\u00f3micas Sostenibles"},"image":{"@id":"https:\/\/crees.org.do\/#\/schema\/logo\/image\/"},"sameAs":["https:\/\/www.facebook.com\/CREESRD\/","https:\/\/x.com\/CREESRD"]},{"@type":"Person","@id":"https:\/\/crees.org.do\/#\/schema\/person\/e7f97cd94d7bf9cd0e0ce30acb7d56b8","name":"Crees","image":{"@type":"ImageObject","inLanguage":"es","@id":"https:\/\/crees.org.do\/#\/schema\/person\/image\/","url":"https:\/\/secure.gravatar.com\/avatar\/390ac8f0be5d9aa046152553e2dd7011b59a512d89c150f5e5f28bb8d9a0b165?s=96&d=mm&r=g","contentUrl":"https:\/\/secure.gravatar.com\/avatar\/390ac8f0be5d9aa046152553e2dd7011b59a512d89c150f5e5f28bb8d9a0b165?s=96&d=mm&r=g","caption":"Crees"},"url":"https:\/\/crees.org.do\/?author=2"}]}},"_links":{"self":[{"href":"https:\/\/crees.org.do\/index.php?rest_route=\/wp\/v2\/posts\/22325","targetHints":{"allow":["GET"]}}],"collection":[{"href":"https:\/\/crees.org.do\/index.php?rest_route=\/wp\/v2\/posts"}],"about":[{"href":"https:\/\/crees.org.do\/index.php?rest_route=\/wp\/v2\/types\/post"}],"author":[{"embeddable":true,"href":"https:\/\/crees.org.do\/index.php?rest_route=\/wp\/v2\/users\/2"}],"replies":[{"embeddable":true,"href":"https:\/\/crees.org.do\/index.php?rest_route=%2Fwp%2Fv2%2Fcomments&post=22325"}],"version-history":[{"count":8,"href":"https:\/\/crees.org.do\/index.php?rest_route=\/wp\/v2\/posts\/22325\/revisions"}],"predecessor-version":[{"id":22398,"href":"https:\/\/crees.org.do\/index.php?rest_route=\/wp\/v2\/posts\/22325\/revisions\/22398"}],"wp:featuredmedia":[{"embeddable":true,"href":"https:\/\/crees.org.do\/index.php?rest_route=\/wp\/v2\/media\/22354"}],"wp:attachment":[{"href":"https:\/\/crees.org.do\/index.php?rest_route=%2Fwp%2Fv2%2Fmedia&parent=22325"}],"wp:term":[{"taxonomy":"category","embeddable":true,"href":"https:\/\/crees.org.do\/index.php?rest_route=%2Fwp%2Fv2%2Fcategories&post=22325"},{"taxonomy":"post_tag","embeddable":true,"href":"https:\/\/crees.org.do\/index.php?rest_route=%2Fwp%2Fv2%2Ftags&post=22325"}],"curies":[{"name":"wp","href":"https:\/\/api.w.org\/{rel}","templated":true}]}}