{"id":22389,"date":"2021-11-15T16:43:23","date_gmt":"2021-11-15T16:43:23","guid":{"rendered":"https:\/\/crees.org.do\/?p=22389"},"modified":"2021-11-16T16:41:53","modified_gmt":"2021-11-16T16:41:53","slug":"en-los-ultimos-seis-anos-mas-de-3-0-millones-de-dominicanos-dependian-de-las-transferencias-de-subsidios-sociales","status":"publish","type":"post","link":"https:\/\/crees.org.do\/?p=22389","title":{"rendered":"En los \u00faltimos seis a\u00f1os m\u00e1s de 3.0 millones de dominicanos depend\u00edan de las transferencias de subsidios sociales"},"content":{"rendered":"<p style=\"text-align: justify;\">Desde sus inicios, la cantidad de personas que\u00a0 dependen de las transferencias mensuales de los programas de subsidios sociales en Rep\u00fablica Dominicana han crecido bastante. De acuerdo con las estimaciones realizadas de desde CREES, en base a los datos de la Administradora de Subsidios Sociales (ADESS), en los \u00faltimos seis a\u00f1os (2014-2020) m\u00e1s de 3.0 millones de dominicanos depend\u00edan de las transferencias de subsidios sociales; ascendiendo a 3.5 millones, a agosto de 2021.<\/p>\n<p style=\"text-align: justify;\">Puesto en perspectiva, cerca de un 33.0% de la poblaci\u00f3n total depend\u00eda de las transferencias mensuales de los subsidios sociales, agosto de 2021.<\/p>\n<p style=\"text-align: justify;\">La estimaci\u00f3n del n\u00famero de beneficiarios result\u00f3 de la suma de aquellos individuos que reciben una transferencia directa como beneficio particular y de aquellas personas que se benefician de las transferencias dirigidas a hogares. Para evitar la duplicidad de personas en los programas focalizados a hogares, se tom\u00f3 el valor del programa con mayor cantidad de beneficiarios en cada a\u00f1o.<\/p>\n<p style=\"text-align: justify;\">La tendencia de crecimiento en la cantidad de receptores de subsidios sociales, as\u00ed como el gasto p\u00fablico en los mismo, resalta la importancia de ejecutar planes innovadores que aseguren la salida gradual de los beneficiaros. Se esperar\u00eda que el nuevo programa Sup\u00e9rate fortalezca el actual sistema de asistencia social y que verdaderamente promueva el acompa\u00f1amiento hacia la graduaci\u00f3n de las personas de los subsidios sociales y, por consiguiente, contribuya a la reducci\u00f3n de la pobreza.<\/p>\n<p>Ver m\u00e1s en <a href=\"https:\/\/crees.org.do\/los-subsidios-sociales-en-republica-dominicana\/\">\u201cSubsidios sociales en Rep\u00fablica Dominicana\u201d<\/a>.<\/p>\n<div class=\"pvc_clear\"><\/div>\n<p class=\"pvc_stats all \" data-element-id=\"22389\" style=\"\"><i class=\"pvc-stats-icon medium\" aria-hidden=\"true\"><svg aria-hidden=\"true\" focusable=\"false\" data-prefix=\"far\" data-icon=\"chart-bar\" role=\"img\" xmlns=\"http:\/\/www.w3.org\/2000\/svg\" viewBox=\"0 0 512 512\" class=\"svg-inline--fa fa-chart-bar fa-w-16 fa-2x\"><path fill=\"currentColor\" d=\"M396.8 352h22.4c6.4 0 12.8-6.4 12.8-12.8V108.8c0-6.4-6.4-12.8-12.8-12.8h-22.4c-6.4 0-12.8 6.4-12.8 12.8v230.4c0 6.4 6.4 12.8 12.8 12.8zm-192 0h22.4c6.4 0 12.8-6.4 12.8-12.8V140.8c0-6.4-6.4-12.8-12.8-12.8h-22.4c-6.4 0-12.8 6.4-12.8 12.8v198.4c0 6.4 6.4 12.8 12.8 12.8zm96 0h22.4c6.4 0 12.8-6.4 12.8-12.8V204.8c0-6.4-6.4-12.8-12.8-12.8h-22.4c-6.4 0-12.8 6.4-12.8 12.8v134.4c0 6.4 6.4 12.8 12.8 12.8zM496 400H48V80c0-8.84-7.16-16-16-16H16C7.16 64 0 71.16 0 80v336c0 17.67 14.33 32 32 32h464c8.84 0 16-7.16 16-16v-16c0-8.84-7.16-16-16-16zm-387.2-48h22.4c6.4 0 12.8-6.4 12.8-12.8v-70.4c0-6.4-6.4-12.8-12.8-12.8h-22.4c-6.4 0-12.8 6.4-12.8 12.8v70.4c0 6.4 6.4 12.8 12.8 12.8z\" class=\"\"><\/path><\/svg><\/i> Vistas Totales&nbsp;1,046&nbsp;, Vistas Hoy&nbsp;4&nbsp;<\/p>\n<div class=\"pvc_clear\"><\/div>\n","protected":false},"excerpt":{"rendered":"<p>Desde sus inicios, la cantidad de personas que\u00a0 dependen de las transferencias mensuales de los programas de subsidios sociales en Rep\u00fablica Dominicana han crecido bastante. De acuerdo con las estimaciones realizadas de desde CREES, en base a los datos de la Administradora de Subsidios Sociales (ADESS), en los \u00faltimos seis a\u00f1os (2014-2020) m\u00e1s de 3.0&#8230;<\/p>\n<div class=\"pvc_clear\"><\/div>\n<p class=\"pvc_stats all \" data-element-id=\"22389\" style=\"\"><i class=\"pvc-stats-icon medium\" aria-hidden=\"true\"><svg aria-hidden=\"true\" focusable=\"false\" data-prefix=\"far\" data-icon=\"chart-bar\" role=\"img\" xmlns=\"http:\/\/www.w3.org\/2000\/svg\" viewBox=\"0 0 512 512\" class=\"svg-inline--fa fa-chart-bar fa-w-16 fa-2x\"><path fill=\"currentColor\" d=\"M396.8 352h22.4c6.4 0 12.8-6.4 12.8-12.8V108.8c0-6.4-6.4-12.8-12.8-12.8h-22.4c-6.4 0-12.8 6.4-12.8 12.8v230.4c0 6.4 6.4 12.8 12.8 12.8zm-192 0h22.4c6.4 0 12.8-6.4 12.8-12.8V140.8c0-6.4-6.4-12.8-12.8-12.8h-22.4c-6.4 0-12.8 6.4-12.8 12.8v198.4c0 6.4 6.4 12.8 12.8 12.8zm96 0h22.4c6.4 0 12.8-6.4 12.8-12.8V204.8c0-6.4-6.4-12.8-12.8-12.8h-22.4c-6.4 0-12.8 6.4-12.8 12.8v134.4c0 6.4 6.4 12.8 12.8 12.8zM496 400H48V80c0-8.84-7.16-16-16-16H16C7.16 64 0 71.16 0 80v336c0 17.67 14.33 32 32 32h464c8.84 0 16-7.16 16-16v-16c0-8.84-7.16-16-16-16zm-387.2-48h22.4c6.4 0 12.8-6.4 12.8-12.8v-70.4c0-6.4-6.4-12.8-12.8-12.8h-22.4c-6.4 0-12.8 6.4-12.8 12.8v70.4c0 6.4 6.4 12.8 12.8 12.8z\" class=\"\"><\/path><\/svg><\/i> Vistas Totales&nbsp;1,046&nbsp;, Vistas Hoy&nbsp;4&nbsp;<\/p>\n<div class=\"pvc_clear\"><\/div>\n","protected":false},"author":2,"featured_media":22390,"comment_status":"closed","ping_status":"closed","sticky":false,"template":"","format":"standard","meta":{"footnotes":""},"categories":[21],"tags":[],"class_list":["post-22389","post","type-post","status-publish","format-standard","has-post-thumbnail","hentry","category-blog"],"yoast_head":"<!-- This site is optimized with the Yoast SEO plugin v25.2 - https:\/\/yoast.com\/wordpress\/plugins\/seo\/ -->\n<title>En los \u00faltimos seis a\u00f1os m\u00e1s de 3.0 millones de dominicanos depend\u00edan de las transferencias de subsidios sociales | CREES<\/title>\n<meta name=\"robots\" content=\"index, follow, max-snippet:-1, max-image-preview:large, max-video-preview:-1\" \/>\n<link rel=\"canonical\" href=\"https:\/\/crees.org.do\/?p=22389\" \/>\n<meta property=\"og:locale\" content=\"es_ES\" \/>\n<meta property=\"og:type\" content=\"article\" \/>\n<meta property=\"og:title\" content=\"En los \u00faltimos seis a\u00f1os m\u00e1s de 3.0 millones de dominicanos depend\u00edan de las transferencias de subsidios sociales | CREES\" \/>\n<meta property=\"og:description\" content=\"Desde sus inicios, la cantidad de personas que\u00a0 dependen de las transferencias mensuales de los programas de subsidios sociales en Rep\u00fablica Dominicana han crecido bastante. De acuerdo con las estimaciones realizadas de desde CREES, en base a los datos de la Administradora de Subsidios Sociales (ADESS), en los \u00faltimos seis a\u00f1os (2014-2020) m\u00e1s de 3.0...\" \/>\n<meta property=\"og:url\" content=\"https:\/\/crees.org.do\/?p=22389\" \/>\n<meta property=\"og:site_name\" content=\"CREES\" \/>\n<meta property=\"article:publisher\" content=\"https:\/\/www.facebook.com\/CREESRD\/\" \/>\n<meta property=\"article:published_time\" content=\"2021-11-15T16:43:23+00:00\" \/>\n<meta property=\"article:modified_time\" content=\"2021-11-16T16:41:53+00:00\" \/>\n<meta property=\"og:image\" content=\"https:\/\/crees.org.do\/wp-content\/uploads\/2021\/11\/Grafica-del-dia-Subsidios-sociales.png\" \/>\n\t<meta property=\"og:image:width\" content=\"1200\" \/>\n\t<meta property=\"og:image:height\" content=\"1200\" \/>\n\t<meta property=\"og:image:type\" content=\"image\/png\" \/>\n<meta name=\"author\" content=\"Crees\" \/>\n<meta name=\"twitter:card\" content=\"summary_large_image\" \/>\n<meta name=\"twitter:creator\" content=\"@CREESRD\" \/>\n<meta name=\"twitter:site\" content=\"@CREESRD\" \/>\n<meta name=\"twitter:label1\" content=\"Escrito por\" \/>\n\t<meta name=\"twitter:data1\" content=\"Crees\" \/>\n\t<meta name=\"twitter:label2\" content=\"Tiempo de lectura\" \/>\n\t<meta name=\"twitter:data2\" content=\"1 minuto\" \/>\n<script type=\"application\/ld+json\" class=\"yoast-schema-graph\">{\"@context\":\"https:\/\/schema.org\",\"@graph\":[{\"@type\":\"Article\",\"@id\":\"https:\/\/crees.org.do\/?p=22389#article\",\"isPartOf\":{\"@id\":\"https:\/\/crees.org.do\/?p=22389\"},\"author\":{\"name\":\"Crees\",\"@id\":\"https:\/\/crees.org.do\/#\/schema\/person\/e7f97cd94d7bf9cd0e0ce30acb7d56b8\"},\"headline\":\"En los \u00faltimos seis a\u00f1os m\u00e1s de 3.0 millones de dominicanos depend\u00edan de las transferencias de subsidios sociales\",\"datePublished\":\"2021-11-15T16:43:23+00:00\",\"dateModified\":\"2021-11-16T16:41:53+00:00\",\"mainEntityOfPage\":{\"@id\":\"https:\/\/crees.org.do\/?p=22389\"},\"wordCount\":271,\"publisher\":{\"@id\":\"https:\/\/crees.org.do\/#organization\"},\"image\":{\"@id\":\"https:\/\/crees.org.do\/?p=22389#primaryimage\"},\"thumbnailUrl\":\"https:\/\/crees.org.do\/wp-content\/uploads\/2021\/11\/Grafica-del-dia-Subsidios-sociales.png\",\"articleSection\":[\"Blog\"],\"inLanguage\":\"es\"},{\"@type\":\"WebPage\",\"@id\":\"https:\/\/crees.org.do\/?p=22389\",\"url\":\"https:\/\/crees.org.do\/?p=22389\",\"name\":\"En los \u00faltimos seis a\u00f1os m\u00e1s de 3.0 millones de dominicanos depend\u00edan de las transferencias de subsidios sociales | CREES\",\"isPartOf\":{\"@id\":\"https:\/\/crees.org.do\/#website\"},\"primaryImageOfPage\":{\"@id\":\"https:\/\/crees.org.do\/?p=22389#primaryimage\"},\"image\":{\"@id\":\"https:\/\/crees.org.do\/?p=22389#primaryimage\"},\"thumbnailUrl\":\"https:\/\/crees.org.do\/wp-content\/uploads\/2021\/11\/Grafica-del-dia-Subsidios-sociales.png\",\"datePublished\":\"2021-11-15T16:43:23+00:00\",\"dateModified\":\"2021-11-16T16:41:53+00:00\",\"breadcrumb\":{\"@id\":\"https:\/\/crees.org.do\/?p=22389#breadcrumb\"},\"inLanguage\":\"es\",\"potentialAction\":[{\"@type\":\"ReadAction\",\"target\":[\"https:\/\/crees.org.do\/?p=22389\"]}]},{\"@type\":\"ImageObject\",\"inLanguage\":\"es\",\"@id\":\"https:\/\/crees.org.do\/?p=22389#primaryimage\",\"url\":\"https:\/\/crees.org.do\/wp-content\/uploads\/2021\/11\/Grafica-del-dia-Subsidios-sociales.png\",\"contentUrl\":\"https:\/\/crees.org.do\/wp-content\/uploads\/2021\/11\/Grafica-del-dia-Subsidios-sociales.png\",\"width\":1200,\"height\":1200},{\"@type\":\"BreadcrumbList\",\"@id\":\"https:\/\/crees.org.do\/?p=22389#breadcrumb\",\"itemListElement\":[{\"@type\":\"ListItem\",\"position\":1,\"name\":\"Portada\",\"item\":\"https:\/\/crees.org.do\/\"},{\"@type\":\"ListItem\",\"position\":2,\"name\":\"En los \u00faltimos seis a\u00f1os m\u00e1s de 3.0 millones de dominicanos depend\u00edan de las transferencias de subsidios sociales\"}]},{\"@type\":\"WebSite\",\"@id\":\"https:\/\/crees.org.do\/#website\",\"url\":\"https:\/\/crees.org.do\/\",\"name\":\"CREES\",\"description\":\"Centro Regional de Estrategias Econ\u00f3micas Sostenibles\",\"publisher\":{\"@id\":\"https:\/\/crees.org.do\/#organization\"},\"potentialAction\":[{\"@type\":\"SearchAction\",\"target\":{\"@type\":\"EntryPoint\",\"urlTemplate\":\"https:\/\/crees.org.do\/?s={search_term_string}\"},\"query-input\":{\"@type\":\"PropertyValueSpecification\",\"valueRequired\":true,\"valueName\":\"search_term_string\"}}],\"inLanguage\":\"es\"},{\"@type\":\"Organization\",\"@id\":\"https:\/\/crees.org.do\/#organization\",\"name\":\"CREES | Centro Regional de Estrategias Econ\u00f3micas Sostenibles\",\"url\":\"https:\/\/crees.org.do\/\",\"logo\":{\"@type\":\"ImageObject\",\"inLanguage\":\"es\",\"@id\":\"https:\/\/crees.org.do\/#\/schema\/logo\/image\/\",\"url\":\"https:\/\/crees.org.do\/wp-content\/uploads\/2022\/03\/crees-logo-1.jpg\",\"contentUrl\":\"https:\/\/crees.org.do\/wp-content\/uploads\/2022\/03\/crees-logo-1.jpg\",\"width\":244,\"height\":71,\"caption\":\"CREES | Centro Regional de Estrategias Econ\u00f3micas Sostenibles\"},\"image\":{\"@id\":\"https:\/\/crees.org.do\/#\/schema\/logo\/image\/\"},\"sameAs\":[\"https:\/\/www.facebook.com\/CREESRD\/\",\"https:\/\/x.com\/CREESRD\"]},{\"@type\":\"Person\",\"@id\":\"https:\/\/crees.org.do\/#\/schema\/person\/e7f97cd94d7bf9cd0e0ce30acb7d56b8\",\"name\":\"Crees\",\"image\":{\"@type\":\"ImageObject\",\"inLanguage\":\"es\",\"@id\":\"https:\/\/crees.org.do\/#\/schema\/person\/image\/\",\"url\":\"https:\/\/secure.gravatar.com\/avatar\/390ac8f0be5d9aa046152553e2dd7011b59a512d89c150f5e5f28bb8d9a0b165?s=96&d=mm&r=g\",\"contentUrl\":\"https:\/\/secure.gravatar.com\/avatar\/390ac8f0be5d9aa046152553e2dd7011b59a512d89c150f5e5f28bb8d9a0b165?s=96&d=mm&r=g\",\"caption\":\"Crees\"},\"url\":\"https:\/\/crees.org.do\/?author=2\"}]}<\/script>\n<!-- \/ Yoast SEO plugin. -->","yoast_head_json":{"title":"En los \u00faltimos seis a\u00f1os m\u00e1s de 3.0 millones de dominicanos depend\u00edan de las transferencias de subsidios sociales | CREES","robots":{"index":"index","follow":"follow","max-snippet":"max-snippet:-1","max-image-preview":"max-image-preview:large","max-video-preview":"max-video-preview:-1"},"canonical":"https:\/\/crees.org.do\/?p=22389","og_locale":"es_ES","og_type":"article","og_title":"En los \u00faltimos seis a\u00f1os m\u00e1s de 3.0 millones de dominicanos depend\u00edan de las transferencias de subsidios sociales | CREES","og_description":"Desde sus inicios, la cantidad de personas que\u00a0 dependen de las transferencias mensuales de los programas de subsidios sociales en Rep\u00fablica Dominicana han crecido bastante. De acuerdo con las estimaciones realizadas de desde CREES, en base a los datos de la Administradora de Subsidios Sociales (ADESS), en los \u00faltimos seis a\u00f1os (2014-2020) m\u00e1s de 3.0...","og_url":"https:\/\/crees.org.do\/?p=22389","og_site_name":"CREES","article_publisher":"https:\/\/www.facebook.com\/CREESRD\/","article_published_time":"2021-11-15T16:43:23+00:00","article_modified_time":"2021-11-16T16:41:53+00:00","og_image":[{"width":1200,"height":1200,"url":"https:\/\/crees.org.do\/wp-content\/uploads\/2021\/11\/Grafica-del-dia-Subsidios-sociales.png","type":"image\/png"}],"author":"Crees","twitter_card":"summary_large_image","twitter_creator":"@CREESRD","twitter_site":"@CREESRD","twitter_misc":{"Escrito por":"Crees","Tiempo de lectura":"1 minuto"},"schema":{"@context":"https:\/\/schema.org","@graph":[{"@type":"Article","@id":"https:\/\/crees.org.do\/?p=22389#article","isPartOf":{"@id":"https:\/\/crees.org.do\/?p=22389"},"author":{"name":"Crees","@id":"https:\/\/crees.org.do\/#\/schema\/person\/e7f97cd94d7bf9cd0e0ce30acb7d56b8"},"headline":"En los \u00faltimos seis a\u00f1os m\u00e1s de 3.0 millones de dominicanos depend\u00edan de las transferencias de subsidios sociales","datePublished":"2021-11-15T16:43:23+00:00","dateModified":"2021-11-16T16:41:53+00:00","mainEntityOfPage":{"@id":"https:\/\/crees.org.do\/?p=22389"},"wordCount":271,"publisher":{"@id":"https:\/\/crees.org.do\/#organization"},"image":{"@id":"https:\/\/crees.org.do\/?p=22389#primaryimage"},"thumbnailUrl":"https:\/\/crees.org.do\/wp-content\/uploads\/2021\/11\/Grafica-del-dia-Subsidios-sociales.png","articleSection":["Blog"],"inLanguage":"es"},{"@type":"WebPage","@id":"https:\/\/crees.org.do\/?p=22389","url":"https:\/\/crees.org.do\/?p=22389","name":"En los \u00faltimos seis a\u00f1os m\u00e1s de 3.0 millones de dominicanos depend\u00edan de las transferencias de subsidios sociales | CREES","isPartOf":{"@id":"https:\/\/crees.org.do\/#website"},"primaryImageOfPage":{"@id":"https:\/\/crees.org.do\/?p=22389#primaryimage"},"image":{"@id":"https:\/\/crees.org.do\/?p=22389#primaryimage"},"thumbnailUrl":"https:\/\/crees.org.do\/wp-content\/uploads\/2021\/11\/Grafica-del-dia-Subsidios-sociales.png","datePublished":"2021-11-15T16:43:23+00:00","dateModified":"2021-11-16T16:41:53+00:00","breadcrumb":{"@id":"https:\/\/crees.org.do\/?p=22389#breadcrumb"},"inLanguage":"es","potentialAction":[{"@type":"ReadAction","target":["https:\/\/crees.org.do\/?p=22389"]}]},{"@type":"ImageObject","inLanguage":"es","@id":"https:\/\/crees.org.do\/?p=22389#primaryimage","url":"https:\/\/crees.org.do\/wp-content\/uploads\/2021\/11\/Grafica-del-dia-Subsidios-sociales.png","contentUrl":"https:\/\/crees.org.do\/wp-content\/uploads\/2021\/11\/Grafica-del-dia-Subsidios-sociales.png","width":1200,"height":1200},{"@type":"BreadcrumbList","@id":"https:\/\/crees.org.do\/?p=22389#breadcrumb","itemListElement":[{"@type":"ListItem","position":1,"name":"Portada","item":"https:\/\/crees.org.do\/"},{"@type":"ListItem","position":2,"name":"En los \u00faltimos seis a\u00f1os m\u00e1s de 3.0 millones de dominicanos depend\u00edan de las transferencias de subsidios sociales"}]},{"@type":"WebSite","@id":"https:\/\/crees.org.do\/#website","url":"https:\/\/crees.org.do\/","name":"CREES","description":"Centro Regional de Estrategias Econ\u00f3micas Sostenibles","publisher":{"@id":"https:\/\/crees.org.do\/#organization"},"potentialAction":[{"@type":"SearchAction","target":{"@type":"EntryPoint","urlTemplate":"https:\/\/crees.org.do\/?s={search_term_string}"},"query-input":{"@type":"PropertyValueSpecification","valueRequired":true,"valueName":"search_term_string"}}],"inLanguage":"es"},{"@type":"Organization","@id":"https:\/\/crees.org.do\/#organization","name":"CREES | Centro Regional de Estrategias Econ\u00f3micas Sostenibles","url":"https:\/\/crees.org.do\/","logo":{"@type":"ImageObject","inLanguage":"es","@id":"https:\/\/crees.org.do\/#\/schema\/logo\/image\/","url":"https:\/\/crees.org.do\/wp-content\/uploads\/2022\/03\/crees-logo-1.jpg","contentUrl":"https:\/\/crees.org.do\/wp-content\/uploads\/2022\/03\/crees-logo-1.jpg","width":244,"height":71,"caption":"CREES | Centro Regional de Estrategias Econ\u00f3micas Sostenibles"},"image":{"@id":"https:\/\/crees.org.do\/#\/schema\/logo\/image\/"},"sameAs":["https:\/\/www.facebook.com\/CREESRD\/","https:\/\/x.com\/CREESRD"]},{"@type":"Person","@id":"https:\/\/crees.org.do\/#\/schema\/person\/e7f97cd94d7bf9cd0e0ce30acb7d56b8","name":"Crees","image":{"@type":"ImageObject","inLanguage":"es","@id":"https:\/\/crees.org.do\/#\/schema\/person\/image\/","url":"https:\/\/secure.gravatar.com\/avatar\/390ac8f0be5d9aa046152553e2dd7011b59a512d89c150f5e5f28bb8d9a0b165?s=96&d=mm&r=g","contentUrl":"https:\/\/secure.gravatar.com\/avatar\/390ac8f0be5d9aa046152553e2dd7011b59a512d89c150f5e5f28bb8d9a0b165?s=96&d=mm&r=g","caption":"Crees"},"url":"https:\/\/crees.org.do\/?author=2"}]}},"_links":{"self":[{"href":"https:\/\/crees.org.do\/index.php?rest_route=\/wp\/v2\/posts\/22389","targetHints":{"allow":["GET"]}}],"collection":[{"href":"https:\/\/crees.org.do\/index.php?rest_route=\/wp\/v2\/posts"}],"about":[{"href":"https:\/\/crees.org.do\/index.php?rest_route=\/wp\/v2\/types\/post"}],"author":[{"embeddable":true,"href":"https:\/\/crees.org.do\/index.php?rest_route=\/wp\/v2\/users\/2"}],"replies":[{"embeddable":true,"href":"https:\/\/crees.org.do\/index.php?rest_route=%2Fwp%2Fv2%2Fcomments&post=22389"}],"version-history":[{"count":2,"href":"https:\/\/crees.org.do\/index.php?rest_route=\/wp\/v2\/posts\/22389\/revisions"}],"predecessor-version":[{"id":22397,"href":"https:\/\/crees.org.do\/index.php?rest_route=\/wp\/v2\/posts\/22389\/revisions\/22397"}],"wp:featuredmedia":[{"embeddable":true,"href":"https:\/\/crees.org.do\/index.php?rest_route=\/wp\/v2\/media\/22390"}],"wp:attachment":[{"href":"https:\/\/crees.org.do\/index.php?rest_route=%2Fwp%2Fv2%2Fmedia&parent=22389"}],"wp:term":[{"taxonomy":"category","embeddable":true,"href":"https:\/\/crees.org.do\/index.php?rest_route=%2Fwp%2Fv2%2Fcategories&post=22389"},{"taxonomy":"post_tag","embeddable":true,"href":"https:\/\/crees.org.do\/index.php?rest_route=%2Fwp%2Fv2%2Ftags&post=22389"}],"curies":[{"name":"wp","href":"https:\/\/api.w.org\/{rel}","templated":true}]}}