{"id":22392,"date":"2021-11-16T16:39:13","date_gmt":"2021-11-16T16:39:13","guid":{"rendered":"https:\/\/crees.org.do\/?p=22392"},"modified":"2021-11-16T16:41:21","modified_gmt":"2021-11-16T16:41:21","slug":"en-los-ultimos-cinco-anos-el-porcentaje-de-beneficiarios-de-subsidios-ha-sido-superior-que-el-de-las-personas-viviendo-en-situacion-de-pobreza","status":"publish","type":"post","link":"https:\/\/crees.org.do\/?p=22392","title":{"rendered":"En los \u00faltimos cinco a\u00f1os el porcentaje de beneficiarios de subsidios ha sido superior que el de las personas viviendo en situaci\u00f3n de pobreza"},"content":{"rendered":"<p style=\"text-align: justify;\">Una comparaci\u00f3n entre la cantidad dependientes de los subsidios sociales como porcentaje de la poblaci\u00f3n total del pa\u00eds y la tasa de pobreza pone en evidencia como los programas de subsidios no han sido dise\u00f1ados para que llegado un momento la personas dependan menos de los mismos.<\/p>\n<p style=\"text-align: justify;\">En los \u00faltimos cinco a\u00f1os el porcentaje de beneficiarios de subsidios estatales ha sido superior que el de las personas viviendo por debajo de la l\u00ednea de pobreza oficial. Esto significa que las personas no est\u00e1n saliendo de los programas de subsidios sociales y, evidencia una vez m\u00e1s su ineficacia hist\u00f3rica.<\/p>\n<p style=\"text-align: justify;\">En particular, la proporci\u00f3n de dependientes de subsidios alcanz\u00f3 el 30% de la poblaci\u00f3n total en el a\u00f1o 2013 y desde entonces el mismo se ha mantenido por encima o cercano a esa cifra. Luego de casi 17 a\u00f1os del inicio de la implementaci\u00f3n de estos programas, el n\u00famero de beneficiarios deber\u00eda ir reduci\u00e9ndose; esa ser\u00eda una muestra de su impacto positivo sobre la poblaci\u00f3n.<\/p>\n<p style=\"text-align: justify;\">Es importante establecer estrategias que aseguren la graduaci\u00f3n o salida de las personas de estos programas de forma eficiente y, en consecuencia, lograr la superaci\u00f3n de los participantes su situaci\u00f3n de pobreza.<\/p>\n<p style=\"text-align: justify;\">Ahora bien, hay\u00a0 que tener claro que la mejor forma de incrementar los ingresos de las personas de forma sostenible, y de reducir la pobreza, no es aplicando pol\u00edticas que, en lugar de corregir problemas a fondo, solo impliquen un incremento del gasto p\u00fablico.<\/p>\n<p style=\"text-align: justify;\">La mejor opci\u00f3n de pol\u00edtica ser\u00eda una que mejore la estructura de la econom\u00eda creando las condiciones para aquellos que deseen invertir para la creaci\u00f3n de m\u00e1s y mejores puestos de empleo productivo. Ser\u00eda aplicar las reformas estructurales necesarias para crear un clima de negocios caracterizado por instituciones s\u00f3lidas y estables, con menores costos y que se propicien incrementos de productividad en la econom\u00eda.<\/p>\n<p style=\"text-align: justify;\">Ver m\u00e1s en <a href=\"https:\/\/crees.org.do\/los-subsidios-sociales-en-republica-dominicana\/\">\u201cSubsidios sociales en Rep\u00fablica Dominicana\u201d<\/a>.<\/p>\n<div class=\"pvc_clear\"><\/div>\n<p class=\"pvc_stats all \" data-element-id=\"22392\" style=\"\"><i class=\"pvc-stats-icon medium\" aria-hidden=\"true\"><svg aria-hidden=\"true\" focusable=\"false\" data-prefix=\"far\" data-icon=\"chart-bar\" role=\"img\" xmlns=\"http:\/\/www.w3.org\/2000\/svg\" viewBox=\"0 0 512 512\" class=\"svg-inline--fa fa-chart-bar fa-w-16 fa-2x\"><path fill=\"currentColor\" d=\"M396.8 352h22.4c6.4 0 12.8-6.4 12.8-12.8V108.8c0-6.4-6.4-12.8-12.8-12.8h-22.4c-6.4 0-12.8 6.4-12.8 12.8v230.4c0 6.4 6.4 12.8 12.8 12.8zm-192 0h22.4c6.4 0 12.8-6.4 12.8-12.8V140.8c0-6.4-6.4-12.8-12.8-12.8h-22.4c-6.4 0-12.8 6.4-12.8 12.8v198.4c0 6.4 6.4 12.8 12.8 12.8zm96 0h22.4c6.4 0 12.8-6.4 12.8-12.8V204.8c0-6.4-6.4-12.8-12.8-12.8h-22.4c-6.4 0-12.8 6.4-12.8 12.8v134.4c0 6.4 6.4 12.8 12.8 12.8zM496 400H48V80c0-8.84-7.16-16-16-16H16C7.16 64 0 71.16 0 80v336c0 17.67 14.33 32 32 32h464c8.84 0 16-7.16 16-16v-16c0-8.84-7.16-16-16-16zm-387.2-48h22.4c6.4 0 12.8-6.4 12.8-12.8v-70.4c0-6.4-6.4-12.8-12.8-12.8h-22.4c-6.4 0-12.8 6.4-12.8 12.8v70.4c0 6.4 6.4 12.8 12.8 12.8z\" class=\"\"><\/path><\/svg><\/i> Vistas Totales&nbsp;1,013&nbsp;, Vistas Hoy&nbsp;2&nbsp;<\/p>\n<div class=\"pvc_clear\"><\/div>\n","protected":false},"excerpt":{"rendered":"<p>Una comparaci\u00f3n entre la cantidad dependientes de los subsidios sociales como porcentaje de la poblaci\u00f3n total del pa\u00eds y la tasa de pobreza pone en evidencia como los programas de subsidios no han sido dise\u00f1ados para que llegado un momento la personas dependan menos de los mismos. En los \u00faltimos cinco a\u00f1os el porcentaje de&#8230;<\/p>\n<div class=\"pvc_clear\"><\/div>\n<p class=\"pvc_stats all \" data-element-id=\"22392\" style=\"\"><i class=\"pvc-stats-icon medium\" aria-hidden=\"true\"><svg aria-hidden=\"true\" focusable=\"false\" data-prefix=\"far\" data-icon=\"chart-bar\" role=\"img\" xmlns=\"http:\/\/www.w3.org\/2000\/svg\" viewBox=\"0 0 512 512\" class=\"svg-inline--fa fa-chart-bar fa-w-16 fa-2x\"><path fill=\"currentColor\" d=\"M396.8 352h22.4c6.4 0 12.8-6.4 12.8-12.8V108.8c0-6.4-6.4-12.8-12.8-12.8h-22.4c-6.4 0-12.8 6.4-12.8 12.8v230.4c0 6.4 6.4 12.8 12.8 12.8zm-192 0h22.4c6.4 0 12.8-6.4 12.8-12.8V140.8c0-6.4-6.4-12.8-12.8-12.8h-22.4c-6.4 0-12.8 6.4-12.8 12.8v198.4c0 6.4 6.4 12.8 12.8 12.8zm96 0h22.4c6.4 0 12.8-6.4 12.8-12.8V204.8c0-6.4-6.4-12.8-12.8-12.8h-22.4c-6.4 0-12.8 6.4-12.8 12.8v134.4c0 6.4 6.4 12.8 12.8 12.8zM496 400H48V80c0-8.84-7.16-16-16-16H16C7.16 64 0 71.16 0 80v336c0 17.67 14.33 32 32 32h464c8.84 0 16-7.16 16-16v-16c0-8.84-7.16-16-16-16zm-387.2-48h22.4c6.4 0 12.8-6.4 12.8-12.8v-70.4c0-6.4-6.4-12.8-12.8-12.8h-22.4c-6.4 0-12.8 6.4-12.8 12.8v70.4c0 6.4 6.4 12.8 12.8 12.8z\" class=\"\"><\/path><\/svg><\/i> Vistas Totales&nbsp;1,013&nbsp;, Vistas Hoy&nbsp;2&nbsp;<\/p>\n<div class=\"pvc_clear\"><\/div>\n","protected":false},"author":2,"featured_media":22394,"comment_status":"closed","ping_status":"closed","sticky":false,"template":"","format":"standard","meta":{"footnotes":""},"categories":[21],"tags":[],"class_list":["post-22392","post","type-post","status-publish","format-standard","has-post-thumbnail","hentry","category-blog"],"yoast_head":"<!-- This site is optimized with the Yoast SEO plugin v25.2 - https:\/\/yoast.com\/wordpress\/plugins\/seo\/ -->\n<title>En los \u00faltimos cinco a\u00f1os el porcentaje de beneficiarios de subsidios ha sido superior que el de las personas viviendo en situaci\u00f3n de pobreza | CREES<\/title>\n<meta name=\"robots\" content=\"index, follow, max-snippet:-1, max-image-preview:large, max-video-preview:-1\" \/>\n<link rel=\"canonical\" href=\"https:\/\/crees.org.do\/?p=22392\" \/>\n<meta property=\"og:locale\" content=\"es_ES\" \/>\n<meta property=\"og:type\" content=\"article\" \/>\n<meta property=\"og:title\" content=\"En los \u00faltimos cinco a\u00f1os el porcentaje de beneficiarios de subsidios ha sido superior que el de las personas viviendo en situaci\u00f3n de pobreza | CREES\" \/>\n<meta property=\"og:description\" content=\"Una comparaci\u00f3n entre la cantidad dependientes de los subsidios sociales como porcentaje de la poblaci\u00f3n total del pa\u00eds y la tasa de pobreza pone en evidencia como los programas de subsidios no han sido dise\u00f1ados para que llegado un momento la personas dependan menos de los mismos. En los \u00faltimos cinco a\u00f1os el porcentaje de...\" \/>\n<meta property=\"og:url\" content=\"https:\/\/crees.org.do\/?p=22392\" \/>\n<meta property=\"og:site_name\" content=\"CREES\" \/>\n<meta property=\"article:publisher\" content=\"https:\/\/www.facebook.com\/CREESRD\/\" \/>\n<meta property=\"article:published_time\" content=\"2021-11-16T16:39:13+00:00\" \/>\n<meta property=\"article:modified_time\" content=\"2021-11-16T16:41:21+00:00\" \/>\n<meta property=\"og:image\" content=\"https:\/\/crees.org.do\/wp-content\/uploads\/2021\/11\/Slide-1-copy-3-1.png\" \/>\n\t<meta property=\"og:image:width\" content=\"1200\" \/>\n\t<meta property=\"og:image:height\" content=\"1200\" \/>\n\t<meta property=\"og:image:type\" content=\"image\/png\" \/>\n<meta name=\"author\" content=\"Crees\" \/>\n<meta name=\"twitter:card\" content=\"summary_large_image\" \/>\n<meta name=\"twitter:creator\" content=\"@CREESRD\" \/>\n<meta name=\"twitter:site\" content=\"@CREESRD\" \/>\n<meta name=\"twitter:label1\" content=\"Escrito por\" \/>\n\t<meta name=\"twitter:data1\" content=\"Crees\" \/>\n\t<meta name=\"twitter:label2\" content=\"Tiempo de lectura\" \/>\n\t<meta name=\"twitter:data2\" content=\"2 minutos\" \/>\n<script type=\"application\/ld+json\" class=\"yoast-schema-graph\">{\"@context\":\"https:\/\/schema.org\",\"@graph\":[{\"@type\":\"Article\",\"@id\":\"https:\/\/crees.org.do\/?p=22392#article\",\"isPartOf\":{\"@id\":\"https:\/\/crees.org.do\/?p=22392\"},\"author\":{\"name\":\"Crees\",\"@id\":\"https:\/\/crees.org.do\/#\/schema\/person\/e7f97cd94d7bf9cd0e0ce30acb7d56b8\"},\"headline\":\"En los \u00faltimos cinco a\u00f1os el porcentaje de beneficiarios de subsidios ha sido superior que el de las personas viviendo en situaci\u00f3n de pobreza\",\"datePublished\":\"2021-11-16T16:39:13+00:00\",\"dateModified\":\"2021-11-16T16:41:21+00:00\",\"mainEntityOfPage\":{\"@id\":\"https:\/\/crees.org.do\/?p=22392\"},\"wordCount\":369,\"publisher\":{\"@id\":\"https:\/\/crees.org.do\/#organization\"},\"image\":{\"@id\":\"https:\/\/crees.org.do\/?p=22392#primaryimage\"},\"thumbnailUrl\":\"https:\/\/crees.org.do\/wp-content\/uploads\/2021\/11\/Slide-1-copy-3-1.png\",\"articleSection\":[\"Blog\"],\"inLanguage\":\"es\"},{\"@type\":\"WebPage\",\"@id\":\"https:\/\/crees.org.do\/?p=22392\",\"url\":\"https:\/\/crees.org.do\/?p=22392\",\"name\":\"En los \u00faltimos cinco a\u00f1os el porcentaje de beneficiarios de subsidios ha sido superior que el de las personas viviendo en situaci\u00f3n de pobreza | CREES\",\"isPartOf\":{\"@id\":\"https:\/\/crees.org.do\/#website\"},\"primaryImageOfPage\":{\"@id\":\"https:\/\/crees.org.do\/?p=22392#primaryimage\"},\"image\":{\"@id\":\"https:\/\/crees.org.do\/?p=22392#primaryimage\"},\"thumbnailUrl\":\"https:\/\/crees.org.do\/wp-content\/uploads\/2021\/11\/Slide-1-copy-3-1.png\",\"datePublished\":\"2021-11-16T16:39:13+00:00\",\"dateModified\":\"2021-11-16T16:41:21+00:00\",\"breadcrumb\":{\"@id\":\"https:\/\/crees.org.do\/?p=22392#breadcrumb\"},\"inLanguage\":\"es\",\"potentialAction\":[{\"@type\":\"ReadAction\",\"target\":[\"https:\/\/crees.org.do\/?p=22392\"]}]},{\"@type\":\"ImageObject\",\"inLanguage\":\"es\",\"@id\":\"https:\/\/crees.org.do\/?p=22392#primaryimage\",\"url\":\"https:\/\/crees.org.do\/wp-content\/uploads\/2021\/11\/Slide-1-copy-3-1.png\",\"contentUrl\":\"https:\/\/crees.org.do\/wp-content\/uploads\/2021\/11\/Slide-1-copy-3-1.png\",\"width\":1200,\"height\":1200},{\"@type\":\"BreadcrumbList\",\"@id\":\"https:\/\/crees.org.do\/?p=22392#breadcrumb\",\"itemListElement\":[{\"@type\":\"ListItem\",\"position\":1,\"name\":\"Portada\",\"item\":\"https:\/\/crees.org.do\/\"},{\"@type\":\"ListItem\",\"position\":2,\"name\":\"En los \u00faltimos cinco a\u00f1os el porcentaje de beneficiarios de subsidios ha sido superior que el de las personas viviendo en situaci\u00f3n de pobreza\"}]},{\"@type\":\"WebSite\",\"@id\":\"https:\/\/crees.org.do\/#website\",\"url\":\"https:\/\/crees.org.do\/\",\"name\":\"CREES\",\"description\":\"Centro Regional de Estrategias Econ\u00f3micas Sostenibles\",\"publisher\":{\"@id\":\"https:\/\/crees.org.do\/#organization\"},\"potentialAction\":[{\"@type\":\"SearchAction\",\"target\":{\"@type\":\"EntryPoint\",\"urlTemplate\":\"https:\/\/crees.org.do\/?s={search_term_string}\"},\"query-input\":{\"@type\":\"PropertyValueSpecification\",\"valueRequired\":true,\"valueName\":\"search_term_string\"}}],\"inLanguage\":\"es\"},{\"@type\":\"Organization\",\"@id\":\"https:\/\/crees.org.do\/#organization\",\"name\":\"CREES | Centro Regional de Estrategias Econ\u00f3micas Sostenibles\",\"url\":\"https:\/\/crees.org.do\/\",\"logo\":{\"@type\":\"ImageObject\",\"inLanguage\":\"es\",\"@id\":\"https:\/\/crees.org.do\/#\/schema\/logo\/image\/\",\"url\":\"https:\/\/crees.org.do\/wp-content\/uploads\/2022\/03\/crees-logo-1.jpg\",\"contentUrl\":\"https:\/\/crees.org.do\/wp-content\/uploads\/2022\/03\/crees-logo-1.jpg\",\"width\":244,\"height\":71,\"caption\":\"CREES | Centro Regional de Estrategias Econ\u00f3micas Sostenibles\"},\"image\":{\"@id\":\"https:\/\/crees.org.do\/#\/schema\/logo\/image\/\"},\"sameAs\":[\"https:\/\/www.facebook.com\/CREESRD\/\",\"https:\/\/x.com\/CREESRD\"]},{\"@type\":\"Person\",\"@id\":\"https:\/\/crees.org.do\/#\/schema\/person\/e7f97cd94d7bf9cd0e0ce30acb7d56b8\",\"name\":\"Crees\",\"image\":{\"@type\":\"ImageObject\",\"inLanguage\":\"es\",\"@id\":\"https:\/\/crees.org.do\/#\/schema\/person\/image\/\",\"url\":\"https:\/\/secure.gravatar.com\/avatar\/390ac8f0be5d9aa046152553e2dd7011b59a512d89c150f5e5f28bb8d9a0b165?s=96&d=mm&r=g\",\"contentUrl\":\"https:\/\/secure.gravatar.com\/avatar\/390ac8f0be5d9aa046152553e2dd7011b59a512d89c150f5e5f28bb8d9a0b165?s=96&d=mm&r=g\",\"caption\":\"Crees\"},\"url\":\"https:\/\/crees.org.do\/?author=2\"}]}<\/script>\n<!-- \/ Yoast SEO plugin. -->","yoast_head_json":{"title":"En los \u00faltimos cinco a\u00f1os el porcentaje de beneficiarios de subsidios ha sido superior que el de las personas viviendo en situaci\u00f3n de pobreza | CREES","robots":{"index":"index","follow":"follow","max-snippet":"max-snippet:-1","max-image-preview":"max-image-preview:large","max-video-preview":"max-video-preview:-1"},"canonical":"https:\/\/crees.org.do\/?p=22392","og_locale":"es_ES","og_type":"article","og_title":"En los \u00faltimos cinco a\u00f1os el porcentaje de beneficiarios de subsidios ha sido superior que el de las personas viviendo en situaci\u00f3n de pobreza | CREES","og_description":"Una comparaci\u00f3n entre la cantidad dependientes de los subsidios sociales como porcentaje de la poblaci\u00f3n total del pa\u00eds y la tasa de pobreza pone en evidencia como los programas de subsidios no han sido dise\u00f1ados para que llegado un momento la personas dependan menos de los mismos. En los \u00faltimos cinco a\u00f1os el porcentaje de...","og_url":"https:\/\/crees.org.do\/?p=22392","og_site_name":"CREES","article_publisher":"https:\/\/www.facebook.com\/CREESRD\/","article_published_time":"2021-11-16T16:39:13+00:00","article_modified_time":"2021-11-16T16:41:21+00:00","og_image":[{"width":1200,"height":1200,"url":"https:\/\/crees.org.do\/wp-content\/uploads\/2021\/11\/Slide-1-copy-3-1.png","type":"image\/png"}],"author":"Crees","twitter_card":"summary_large_image","twitter_creator":"@CREESRD","twitter_site":"@CREESRD","twitter_misc":{"Escrito por":"Crees","Tiempo de lectura":"2 minutos"},"schema":{"@context":"https:\/\/schema.org","@graph":[{"@type":"Article","@id":"https:\/\/crees.org.do\/?p=22392#article","isPartOf":{"@id":"https:\/\/crees.org.do\/?p=22392"},"author":{"name":"Crees","@id":"https:\/\/crees.org.do\/#\/schema\/person\/e7f97cd94d7bf9cd0e0ce30acb7d56b8"},"headline":"En los \u00faltimos cinco a\u00f1os el porcentaje de beneficiarios de subsidios ha sido superior que el de las personas viviendo en situaci\u00f3n de pobreza","datePublished":"2021-11-16T16:39:13+00:00","dateModified":"2021-11-16T16:41:21+00:00","mainEntityOfPage":{"@id":"https:\/\/crees.org.do\/?p=22392"},"wordCount":369,"publisher":{"@id":"https:\/\/crees.org.do\/#organization"},"image":{"@id":"https:\/\/crees.org.do\/?p=22392#primaryimage"},"thumbnailUrl":"https:\/\/crees.org.do\/wp-content\/uploads\/2021\/11\/Slide-1-copy-3-1.png","articleSection":["Blog"],"inLanguage":"es"},{"@type":"WebPage","@id":"https:\/\/crees.org.do\/?p=22392","url":"https:\/\/crees.org.do\/?p=22392","name":"En los \u00faltimos cinco a\u00f1os el porcentaje de beneficiarios de subsidios ha sido superior que el de las personas viviendo en situaci\u00f3n de pobreza | CREES","isPartOf":{"@id":"https:\/\/crees.org.do\/#website"},"primaryImageOfPage":{"@id":"https:\/\/crees.org.do\/?p=22392#primaryimage"},"image":{"@id":"https:\/\/crees.org.do\/?p=22392#primaryimage"},"thumbnailUrl":"https:\/\/crees.org.do\/wp-content\/uploads\/2021\/11\/Slide-1-copy-3-1.png","datePublished":"2021-11-16T16:39:13+00:00","dateModified":"2021-11-16T16:41:21+00:00","breadcrumb":{"@id":"https:\/\/crees.org.do\/?p=22392#breadcrumb"},"inLanguage":"es","potentialAction":[{"@type":"ReadAction","target":["https:\/\/crees.org.do\/?p=22392"]}]},{"@type":"ImageObject","inLanguage":"es","@id":"https:\/\/crees.org.do\/?p=22392#primaryimage","url":"https:\/\/crees.org.do\/wp-content\/uploads\/2021\/11\/Slide-1-copy-3-1.png","contentUrl":"https:\/\/crees.org.do\/wp-content\/uploads\/2021\/11\/Slide-1-copy-3-1.png","width":1200,"height":1200},{"@type":"BreadcrumbList","@id":"https:\/\/crees.org.do\/?p=22392#breadcrumb","itemListElement":[{"@type":"ListItem","position":1,"name":"Portada","item":"https:\/\/crees.org.do\/"},{"@type":"ListItem","position":2,"name":"En los \u00faltimos cinco a\u00f1os el porcentaje de beneficiarios de subsidios ha sido superior que el de las personas viviendo en situaci\u00f3n de pobreza"}]},{"@type":"WebSite","@id":"https:\/\/crees.org.do\/#website","url":"https:\/\/crees.org.do\/","name":"CREES","description":"Centro Regional de Estrategias Econ\u00f3micas Sostenibles","publisher":{"@id":"https:\/\/crees.org.do\/#organization"},"potentialAction":[{"@type":"SearchAction","target":{"@type":"EntryPoint","urlTemplate":"https:\/\/crees.org.do\/?s={search_term_string}"},"query-input":{"@type":"PropertyValueSpecification","valueRequired":true,"valueName":"search_term_string"}}],"inLanguage":"es"},{"@type":"Organization","@id":"https:\/\/crees.org.do\/#organization","name":"CREES | Centro Regional de Estrategias Econ\u00f3micas Sostenibles","url":"https:\/\/crees.org.do\/","logo":{"@type":"ImageObject","inLanguage":"es","@id":"https:\/\/crees.org.do\/#\/schema\/logo\/image\/","url":"https:\/\/crees.org.do\/wp-content\/uploads\/2022\/03\/crees-logo-1.jpg","contentUrl":"https:\/\/crees.org.do\/wp-content\/uploads\/2022\/03\/crees-logo-1.jpg","width":244,"height":71,"caption":"CREES | Centro Regional de Estrategias Econ\u00f3micas Sostenibles"},"image":{"@id":"https:\/\/crees.org.do\/#\/schema\/logo\/image\/"},"sameAs":["https:\/\/www.facebook.com\/CREESRD\/","https:\/\/x.com\/CREESRD"]},{"@type":"Person","@id":"https:\/\/crees.org.do\/#\/schema\/person\/e7f97cd94d7bf9cd0e0ce30acb7d56b8","name":"Crees","image":{"@type":"ImageObject","inLanguage":"es","@id":"https:\/\/crees.org.do\/#\/schema\/person\/image\/","url":"https:\/\/secure.gravatar.com\/avatar\/390ac8f0be5d9aa046152553e2dd7011b59a512d89c150f5e5f28bb8d9a0b165?s=96&d=mm&r=g","contentUrl":"https:\/\/secure.gravatar.com\/avatar\/390ac8f0be5d9aa046152553e2dd7011b59a512d89c150f5e5f28bb8d9a0b165?s=96&d=mm&r=g","caption":"Crees"},"url":"https:\/\/crees.org.do\/?author=2"}]}},"_links":{"self":[{"href":"https:\/\/crees.org.do\/index.php?rest_route=\/wp\/v2\/posts\/22392","targetHints":{"allow":["GET"]}}],"collection":[{"href":"https:\/\/crees.org.do\/index.php?rest_route=\/wp\/v2\/posts"}],"about":[{"href":"https:\/\/crees.org.do\/index.php?rest_route=\/wp\/v2\/types\/post"}],"author":[{"embeddable":true,"href":"https:\/\/crees.org.do\/index.php?rest_route=\/wp\/v2\/users\/2"}],"replies":[{"embeddable":true,"href":"https:\/\/crees.org.do\/index.php?rest_route=%2Fwp%2Fv2%2Fcomments&post=22392"}],"version-history":[{"count":3,"href":"https:\/\/crees.org.do\/index.php?rest_route=\/wp\/v2\/posts\/22392\/revisions"}],"predecessor-version":[{"id":22396,"href":"https:\/\/crees.org.do\/index.php?rest_route=\/wp\/v2\/posts\/22392\/revisions\/22396"}],"wp:featuredmedia":[{"embeddable":true,"href":"https:\/\/crees.org.do\/index.php?rest_route=\/wp\/v2\/media\/22394"}],"wp:attachment":[{"href":"https:\/\/crees.org.do\/index.php?rest_route=%2Fwp%2Fv2%2Fmedia&parent=22392"}],"wp:term":[{"taxonomy":"category","embeddable":true,"href":"https:\/\/crees.org.do\/index.php?rest_route=%2Fwp%2Fv2%2Fcategories&post=22392"},{"taxonomy":"post_tag","embeddable":true,"href":"https:\/\/crees.org.do\/index.php?rest_route=%2Fwp%2Fv2%2Ftags&post=22392"}],"curies":[{"name":"wp","href":"https:\/\/api.w.org\/{rel}","templated":true}]}}