{"id":22412,"date":"2021-11-23T16:12:38","date_gmt":"2021-11-23T16:12:38","guid":{"rendered":"https:\/\/crees.org.do\/?p=22412"},"modified":"2021-11-23T16:12:38","modified_gmt":"2021-11-23T16:12:38","slug":"desde-el-inicio-de-la-pandemia-los-precios-de-las-materias-primas-se-han-incrementado-en-un-79-8","status":"publish","type":"post","link":"https:\/\/crees.org.do\/?p=22412","title":{"rendered":"Desde el inicio de la pandemia los precios de las materias primas se han incrementado en un 79.8%"},"content":{"rendered":"<p style=\"text-align: justify;\">Desde el inicio de la pandemia, los precios internacionales de los bienes y servicios han experimentado incrementos importantes. La disminuci\u00f3n de la producci\u00f3n como consecuencia de las restricciones de movilidad y las pol\u00edticas monetaria y fiscal expansivas asumidas por los Estados del mundo han impulsados los precios. A partir del primer trimestre de 2021, como resultado de los avances en la inmunizaci\u00f3n y la reactivaci\u00f3n de la actividad econ\u00f3mica, la demanda de muchos bienes y servicios creci\u00f3 con mayor fuerza que la oferta; lo que no ha permitido que los precios vuelvan a los niveles previos.<\/p>\n<p style=\"text-align: justify;\">De acuerdo con los datos del \u00cdndice de Materias Primas o Commodities del Dow Jones, desde el inicio de la pandemia al 22 de noviembre de 2021 los precios de las materias primas se han incrementado en un 78.9%.<\/p>\n<p style=\"text-align: justify;\">El \u00cdndice de Materias Primas del Dow Jones es una medida amplia del mercado de futuros de materias primas que recoge los precios en los tres sectores principales: agricultura y ganader\u00eda, metales y energ\u00eda.<\/p>\n<p style=\"text-align: justify;\">Entre las principales materias primas incluidas en el \u00edndice que han experimentado incrementos en sus precios se pueden mencionar: el algod\u00f3n (88.4%), el ganado vivo (41.2%), la az\u00facar (61.2%), el cobre (77.0%), el oro (10.0%) y el petr\u00f3leo (130.4%).<\/p>\n<p style=\"text-align: justify;\">Es importante aclarar que el incremento en los precios de las materias primas no significa que los precios al consumidor han aumentado en la misma magnitud. Sin embargo, esto s\u00ed ha incidido en el aumento que est\u00e1n percibiendo las familias en los precios finales de productos como alimentos, combustibles y materiales de construcci\u00f3n o decoraci\u00f3n de sus hogares.<\/p>\n<div class=\"pvc_clear\"><\/div>\n<p class=\"pvc_stats all \" data-element-id=\"22412\" style=\"\"><i class=\"pvc-stats-icon medium\" aria-hidden=\"true\"><svg aria-hidden=\"true\" focusable=\"false\" data-prefix=\"far\" data-icon=\"chart-bar\" role=\"img\" xmlns=\"http:\/\/www.w3.org\/2000\/svg\" viewBox=\"0 0 512 512\" class=\"svg-inline--fa fa-chart-bar fa-w-16 fa-2x\"><path fill=\"currentColor\" d=\"M396.8 352h22.4c6.4 0 12.8-6.4 12.8-12.8V108.8c0-6.4-6.4-12.8-12.8-12.8h-22.4c-6.4 0-12.8 6.4-12.8 12.8v230.4c0 6.4 6.4 12.8 12.8 12.8zm-192 0h22.4c6.4 0 12.8-6.4 12.8-12.8V140.8c0-6.4-6.4-12.8-12.8-12.8h-22.4c-6.4 0-12.8 6.4-12.8 12.8v198.4c0 6.4 6.4 12.8 12.8 12.8zm96 0h22.4c6.4 0 12.8-6.4 12.8-12.8V204.8c0-6.4-6.4-12.8-12.8-12.8h-22.4c-6.4 0-12.8 6.4-12.8 12.8v134.4c0 6.4 6.4 12.8 12.8 12.8zM496 400H48V80c0-8.84-7.16-16-16-16H16C7.16 64 0 71.16 0 80v336c0 17.67 14.33 32 32 32h464c8.84 0 16-7.16 16-16v-16c0-8.84-7.16-16-16-16zm-387.2-48h22.4c6.4 0 12.8-6.4 12.8-12.8v-70.4c0-6.4-6.4-12.8-12.8-12.8h-22.4c-6.4 0-12.8 6.4-12.8 12.8v70.4c0 6.4 6.4 12.8 12.8 12.8z\" class=\"\"><\/path><\/svg><\/i> Vistas Totales&nbsp;1,007&nbsp;<\/p>\n<div class=\"pvc_clear\"><\/div>\n","protected":false},"excerpt":{"rendered":"<p>Desde el inicio de la pandemia, los precios internacionales de los bienes y servicios han experimentado incrementos importantes. La disminuci\u00f3n de la producci\u00f3n como consecuencia de las restricciones de movilidad y las pol\u00edticas monetaria y fiscal expansivas asumidas por los Estados del mundo han impulsados los precios. A partir del primer trimestre de 2021, como&#8230;<\/p>\n<div class=\"pvc_clear\"><\/div>\n<p class=\"pvc_stats all \" data-element-id=\"22412\" style=\"\"><i class=\"pvc-stats-icon medium\" aria-hidden=\"true\"><svg aria-hidden=\"true\" focusable=\"false\" data-prefix=\"far\" data-icon=\"chart-bar\" role=\"img\" xmlns=\"http:\/\/www.w3.org\/2000\/svg\" viewBox=\"0 0 512 512\" class=\"svg-inline--fa fa-chart-bar fa-w-16 fa-2x\"><path fill=\"currentColor\" d=\"M396.8 352h22.4c6.4 0 12.8-6.4 12.8-12.8V108.8c0-6.4-6.4-12.8-12.8-12.8h-22.4c-6.4 0-12.8 6.4-12.8 12.8v230.4c0 6.4 6.4 12.8 12.8 12.8zm-192 0h22.4c6.4 0 12.8-6.4 12.8-12.8V140.8c0-6.4-6.4-12.8-12.8-12.8h-22.4c-6.4 0-12.8 6.4-12.8 12.8v198.4c0 6.4 6.4 12.8 12.8 12.8zm96 0h22.4c6.4 0 12.8-6.4 12.8-12.8V204.8c0-6.4-6.4-12.8-12.8-12.8h-22.4c-6.4 0-12.8 6.4-12.8 12.8v134.4c0 6.4 6.4 12.8 12.8 12.8zM496 400H48V80c0-8.84-7.16-16-16-16H16C7.16 64 0 71.16 0 80v336c0 17.67 14.33 32 32 32h464c8.84 0 16-7.16 16-16v-16c0-8.84-7.16-16-16-16zm-387.2-48h22.4c6.4 0 12.8-6.4 12.8-12.8v-70.4c0-6.4-6.4-12.8-12.8-12.8h-22.4c-6.4 0-12.8 6.4-12.8 12.8v70.4c0 6.4 6.4 12.8 12.8 12.8z\" class=\"\"><\/path><\/svg><\/i> Vistas Totales&nbsp;1,007&nbsp;<\/p>\n<div class=\"pvc_clear\"><\/div>\n","protected":false},"author":2,"featured_media":22413,"comment_status":"closed","ping_status":"closed","sticky":false,"template":"","format":"standard","meta":{"footnotes":""},"categories":[21],"tags":[],"class_list":["post-22412","post","type-post","status-publish","format-standard","has-post-thumbnail","hentry","category-blog"],"yoast_head":"<!-- This site is optimized with the Yoast SEO plugin v25.2 - https:\/\/yoast.com\/wordpress\/plugins\/seo\/ -->\n<title>Desde el inicio de la pandemia los precios de las materias primas se han incrementado en un 79.8% | CREES<\/title>\n<meta name=\"robots\" content=\"index, follow, max-snippet:-1, max-image-preview:large, max-video-preview:-1\" \/>\n<link rel=\"canonical\" href=\"https:\/\/crees.org.do\/?p=22412\" \/>\n<meta property=\"og:locale\" content=\"es_ES\" \/>\n<meta property=\"og:type\" content=\"article\" \/>\n<meta property=\"og:title\" content=\"Desde el inicio de la pandemia los precios de las materias primas se han incrementado en un 79.8% | CREES\" \/>\n<meta property=\"og:description\" content=\"Desde el inicio de la pandemia, los precios internacionales de los bienes y servicios han experimentado incrementos importantes. La disminuci\u00f3n de la producci\u00f3n como consecuencia de las restricciones de movilidad y las pol\u00edticas monetaria y fiscal expansivas asumidas por los Estados del mundo han impulsados los precios. A partir del primer trimestre de 2021, como...\" \/>\n<meta property=\"og:url\" content=\"https:\/\/crees.org.do\/?p=22412\" \/>\n<meta property=\"og:site_name\" content=\"CREES\" \/>\n<meta property=\"article:publisher\" content=\"https:\/\/www.facebook.com\/CREESRD\/\" \/>\n<meta property=\"article:published_time\" content=\"2021-11-23T16:12:38+00:00\" \/>\n<meta property=\"og:image\" content=\"https:\/\/crees.org.do\/wp-content\/uploads\/2021\/11\/Screen-Shot-2021-11-23-at-11.48.40-AM.png\" \/>\n\t<meta property=\"og:image:width\" content=\"1444\" \/>\n\t<meta property=\"og:image:height\" content=\"1446\" \/>\n\t<meta property=\"og:image:type\" content=\"image\/png\" \/>\n<meta name=\"author\" content=\"Crees\" \/>\n<meta name=\"twitter:card\" content=\"summary_large_image\" \/>\n<meta name=\"twitter:creator\" content=\"@CREESRD\" \/>\n<meta name=\"twitter:site\" content=\"@CREESRD\" \/>\n<meta name=\"twitter:label1\" content=\"Escrito por\" \/>\n\t<meta name=\"twitter:data1\" content=\"Crees\" \/>\n\t<meta name=\"twitter:label2\" content=\"Tiempo de lectura\" \/>\n\t<meta name=\"twitter:data2\" content=\"1 minuto\" \/>\n<script type=\"application\/ld+json\" class=\"yoast-schema-graph\">{\"@context\":\"https:\/\/schema.org\",\"@graph\":[{\"@type\":\"Article\",\"@id\":\"https:\/\/crees.org.do\/?p=22412#article\",\"isPartOf\":{\"@id\":\"https:\/\/crees.org.do\/?p=22412\"},\"author\":{\"name\":\"Crees\",\"@id\":\"https:\/\/crees.org.do\/#\/schema\/person\/e7f97cd94d7bf9cd0e0ce30acb7d56b8\"},\"headline\":\"Desde el inicio de la pandemia los precios de las materias primas se han incrementado en un 79.8%\",\"datePublished\":\"2021-11-23T16:12:38+00:00\",\"mainEntityOfPage\":{\"@id\":\"https:\/\/crees.org.do\/?p=22412\"},\"wordCount\":287,\"publisher\":{\"@id\":\"https:\/\/crees.org.do\/#organization\"},\"image\":{\"@id\":\"https:\/\/crees.org.do\/?p=22412#primaryimage\"},\"thumbnailUrl\":\"https:\/\/crees.org.do\/wp-content\/uploads\/2021\/11\/Screen-Shot-2021-11-23-at-11.48.40-AM.png\",\"articleSection\":[\"Blog\"],\"inLanguage\":\"es\"},{\"@type\":\"WebPage\",\"@id\":\"https:\/\/crees.org.do\/?p=22412\",\"url\":\"https:\/\/crees.org.do\/?p=22412\",\"name\":\"Desde el inicio de la pandemia los precios de las materias primas se han incrementado en un 79.8% | CREES\",\"isPartOf\":{\"@id\":\"https:\/\/crees.org.do\/#website\"},\"primaryImageOfPage\":{\"@id\":\"https:\/\/crees.org.do\/?p=22412#primaryimage\"},\"image\":{\"@id\":\"https:\/\/crees.org.do\/?p=22412#primaryimage\"},\"thumbnailUrl\":\"https:\/\/crees.org.do\/wp-content\/uploads\/2021\/11\/Screen-Shot-2021-11-23-at-11.48.40-AM.png\",\"datePublished\":\"2021-11-23T16:12:38+00:00\",\"breadcrumb\":{\"@id\":\"https:\/\/crees.org.do\/?p=22412#breadcrumb\"},\"inLanguage\":\"es\",\"potentialAction\":[{\"@type\":\"ReadAction\",\"target\":[\"https:\/\/crees.org.do\/?p=22412\"]}]},{\"@type\":\"ImageObject\",\"inLanguage\":\"es\",\"@id\":\"https:\/\/crees.org.do\/?p=22412#primaryimage\",\"url\":\"https:\/\/crees.org.do\/wp-content\/uploads\/2021\/11\/Screen-Shot-2021-11-23-at-11.48.40-AM.png\",\"contentUrl\":\"https:\/\/crees.org.do\/wp-content\/uploads\/2021\/11\/Screen-Shot-2021-11-23-at-11.48.40-AM.png\",\"width\":1444,\"height\":1446},{\"@type\":\"BreadcrumbList\",\"@id\":\"https:\/\/crees.org.do\/?p=22412#breadcrumb\",\"itemListElement\":[{\"@type\":\"ListItem\",\"position\":1,\"name\":\"Portada\",\"item\":\"https:\/\/crees.org.do\/\"},{\"@type\":\"ListItem\",\"position\":2,\"name\":\"Desde el inicio de la pandemia los precios de las materias primas se han incrementado en un 79.8%\"}]},{\"@type\":\"WebSite\",\"@id\":\"https:\/\/crees.org.do\/#website\",\"url\":\"https:\/\/crees.org.do\/\",\"name\":\"CREES\",\"description\":\"Centro Regional de Estrategias Econ\u00f3micas Sostenibles\",\"publisher\":{\"@id\":\"https:\/\/crees.org.do\/#organization\"},\"potentialAction\":[{\"@type\":\"SearchAction\",\"target\":{\"@type\":\"EntryPoint\",\"urlTemplate\":\"https:\/\/crees.org.do\/?s={search_term_string}\"},\"query-input\":{\"@type\":\"PropertyValueSpecification\",\"valueRequired\":true,\"valueName\":\"search_term_string\"}}],\"inLanguage\":\"es\"},{\"@type\":\"Organization\",\"@id\":\"https:\/\/crees.org.do\/#organization\",\"name\":\"CREES | Centro Regional de Estrategias Econ\u00f3micas Sostenibles\",\"url\":\"https:\/\/crees.org.do\/\",\"logo\":{\"@type\":\"ImageObject\",\"inLanguage\":\"es\",\"@id\":\"https:\/\/crees.org.do\/#\/schema\/logo\/image\/\",\"url\":\"https:\/\/crees.org.do\/wp-content\/uploads\/2022\/03\/crees-logo-1.jpg\",\"contentUrl\":\"https:\/\/crees.org.do\/wp-content\/uploads\/2022\/03\/crees-logo-1.jpg\",\"width\":244,\"height\":71,\"caption\":\"CREES | Centro Regional de Estrategias Econ\u00f3micas Sostenibles\"},\"image\":{\"@id\":\"https:\/\/crees.org.do\/#\/schema\/logo\/image\/\"},\"sameAs\":[\"https:\/\/www.facebook.com\/CREESRD\/\",\"https:\/\/x.com\/CREESRD\"]},{\"@type\":\"Person\",\"@id\":\"https:\/\/crees.org.do\/#\/schema\/person\/e7f97cd94d7bf9cd0e0ce30acb7d56b8\",\"name\":\"Crees\",\"image\":{\"@type\":\"ImageObject\",\"inLanguage\":\"es\",\"@id\":\"https:\/\/crees.org.do\/#\/schema\/person\/image\/\",\"url\":\"https:\/\/secure.gravatar.com\/avatar\/390ac8f0be5d9aa046152553e2dd7011b59a512d89c150f5e5f28bb8d9a0b165?s=96&d=mm&r=g\",\"contentUrl\":\"https:\/\/secure.gravatar.com\/avatar\/390ac8f0be5d9aa046152553e2dd7011b59a512d89c150f5e5f28bb8d9a0b165?s=96&d=mm&r=g\",\"caption\":\"Crees\"},\"url\":\"https:\/\/crees.org.do\/?author=2\"}]}<\/script>\n<!-- \/ Yoast SEO plugin. -->","yoast_head_json":{"title":"Desde el inicio de la pandemia los precios de las materias primas se han incrementado en un 79.8% | CREES","robots":{"index":"index","follow":"follow","max-snippet":"max-snippet:-1","max-image-preview":"max-image-preview:large","max-video-preview":"max-video-preview:-1"},"canonical":"https:\/\/crees.org.do\/?p=22412","og_locale":"es_ES","og_type":"article","og_title":"Desde el inicio de la pandemia los precios de las materias primas se han incrementado en un 79.8% | CREES","og_description":"Desde el inicio de la pandemia, los precios internacionales de los bienes y servicios han experimentado incrementos importantes. La disminuci\u00f3n de la producci\u00f3n como consecuencia de las restricciones de movilidad y las pol\u00edticas monetaria y fiscal expansivas asumidas por los Estados del mundo han impulsados los precios. A partir del primer trimestre de 2021, como...","og_url":"https:\/\/crees.org.do\/?p=22412","og_site_name":"CREES","article_publisher":"https:\/\/www.facebook.com\/CREESRD\/","article_published_time":"2021-11-23T16:12:38+00:00","og_image":[{"width":1444,"height":1446,"url":"https:\/\/crees.org.do\/wp-content\/uploads\/2021\/11\/Screen-Shot-2021-11-23-at-11.48.40-AM.png","type":"image\/png"}],"author":"Crees","twitter_card":"summary_large_image","twitter_creator":"@CREESRD","twitter_site":"@CREESRD","twitter_misc":{"Escrito por":"Crees","Tiempo de lectura":"1 minuto"},"schema":{"@context":"https:\/\/schema.org","@graph":[{"@type":"Article","@id":"https:\/\/crees.org.do\/?p=22412#article","isPartOf":{"@id":"https:\/\/crees.org.do\/?p=22412"},"author":{"name":"Crees","@id":"https:\/\/crees.org.do\/#\/schema\/person\/e7f97cd94d7bf9cd0e0ce30acb7d56b8"},"headline":"Desde el inicio de la pandemia los precios de las materias primas se han incrementado en un 79.8%","datePublished":"2021-11-23T16:12:38+00:00","mainEntityOfPage":{"@id":"https:\/\/crees.org.do\/?p=22412"},"wordCount":287,"publisher":{"@id":"https:\/\/crees.org.do\/#organization"},"image":{"@id":"https:\/\/crees.org.do\/?p=22412#primaryimage"},"thumbnailUrl":"https:\/\/crees.org.do\/wp-content\/uploads\/2021\/11\/Screen-Shot-2021-11-23-at-11.48.40-AM.png","articleSection":["Blog"],"inLanguage":"es"},{"@type":"WebPage","@id":"https:\/\/crees.org.do\/?p=22412","url":"https:\/\/crees.org.do\/?p=22412","name":"Desde el inicio de la pandemia los precios de las materias primas se han incrementado en un 79.8% | CREES","isPartOf":{"@id":"https:\/\/crees.org.do\/#website"},"primaryImageOfPage":{"@id":"https:\/\/crees.org.do\/?p=22412#primaryimage"},"image":{"@id":"https:\/\/crees.org.do\/?p=22412#primaryimage"},"thumbnailUrl":"https:\/\/crees.org.do\/wp-content\/uploads\/2021\/11\/Screen-Shot-2021-11-23-at-11.48.40-AM.png","datePublished":"2021-11-23T16:12:38+00:00","breadcrumb":{"@id":"https:\/\/crees.org.do\/?p=22412#breadcrumb"},"inLanguage":"es","potentialAction":[{"@type":"ReadAction","target":["https:\/\/crees.org.do\/?p=22412"]}]},{"@type":"ImageObject","inLanguage":"es","@id":"https:\/\/crees.org.do\/?p=22412#primaryimage","url":"https:\/\/crees.org.do\/wp-content\/uploads\/2021\/11\/Screen-Shot-2021-11-23-at-11.48.40-AM.png","contentUrl":"https:\/\/crees.org.do\/wp-content\/uploads\/2021\/11\/Screen-Shot-2021-11-23-at-11.48.40-AM.png","width":1444,"height":1446},{"@type":"BreadcrumbList","@id":"https:\/\/crees.org.do\/?p=22412#breadcrumb","itemListElement":[{"@type":"ListItem","position":1,"name":"Portada","item":"https:\/\/crees.org.do\/"},{"@type":"ListItem","position":2,"name":"Desde el inicio de la pandemia los precios de las materias primas se han incrementado en un 79.8%"}]},{"@type":"WebSite","@id":"https:\/\/crees.org.do\/#website","url":"https:\/\/crees.org.do\/","name":"CREES","description":"Centro Regional de Estrategias Econ\u00f3micas Sostenibles","publisher":{"@id":"https:\/\/crees.org.do\/#organization"},"potentialAction":[{"@type":"SearchAction","target":{"@type":"EntryPoint","urlTemplate":"https:\/\/crees.org.do\/?s={search_term_string}"},"query-input":{"@type":"PropertyValueSpecification","valueRequired":true,"valueName":"search_term_string"}}],"inLanguage":"es"},{"@type":"Organization","@id":"https:\/\/crees.org.do\/#organization","name":"CREES | Centro Regional de Estrategias Econ\u00f3micas Sostenibles","url":"https:\/\/crees.org.do\/","logo":{"@type":"ImageObject","inLanguage":"es","@id":"https:\/\/crees.org.do\/#\/schema\/logo\/image\/","url":"https:\/\/crees.org.do\/wp-content\/uploads\/2022\/03\/crees-logo-1.jpg","contentUrl":"https:\/\/crees.org.do\/wp-content\/uploads\/2022\/03\/crees-logo-1.jpg","width":244,"height":71,"caption":"CREES | Centro Regional de Estrategias Econ\u00f3micas Sostenibles"},"image":{"@id":"https:\/\/crees.org.do\/#\/schema\/logo\/image\/"},"sameAs":["https:\/\/www.facebook.com\/CREESRD\/","https:\/\/x.com\/CREESRD"]},{"@type":"Person","@id":"https:\/\/crees.org.do\/#\/schema\/person\/e7f97cd94d7bf9cd0e0ce30acb7d56b8","name":"Crees","image":{"@type":"ImageObject","inLanguage":"es","@id":"https:\/\/crees.org.do\/#\/schema\/person\/image\/","url":"https:\/\/secure.gravatar.com\/avatar\/390ac8f0be5d9aa046152553e2dd7011b59a512d89c150f5e5f28bb8d9a0b165?s=96&d=mm&r=g","contentUrl":"https:\/\/secure.gravatar.com\/avatar\/390ac8f0be5d9aa046152553e2dd7011b59a512d89c150f5e5f28bb8d9a0b165?s=96&d=mm&r=g","caption":"Crees"},"url":"https:\/\/crees.org.do\/?author=2"}]}},"_links":{"self":[{"href":"https:\/\/crees.org.do\/index.php?rest_route=\/wp\/v2\/posts\/22412","targetHints":{"allow":["GET"]}}],"collection":[{"href":"https:\/\/crees.org.do\/index.php?rest_route=\/wp\/v2\/posts"}],"about":[{"href":"https:\/\/crees.org.do\/index.php?rest_route=\/wp\/v2\/types\/post"}],"author":[{"embeddable":true,"href":"https:\/\/crees.org.do\/index.php?rest_route=\/wp\/v2\/users\/2"}],"replies":[{"embeddable":true,"href":"https:\/\/crees.org.do\/index.php?rest_route=%2Fwp%2Fv2%2Fcomments&post=22412"}],"version-history":[{"count":1,"href":"https:\/\/crees.org.do\/index.php?rest_route=\/wp\/v2\/posts\/22412\/revisions"}],"predecessor-version":[{"id":22414,"href":"https:\/\/crees.org.do\/index.php?rest_route=\/wp\/v2\/posts\/22412\/revisions\/22414"}],"wp:featuredmedia":[{"embeddable":true,"href":"https:\/\/crees.org.do\/index.php?rest_route=\/wp\/v2\/media\/22413"}],"wp:attachment":[{"href":"https:\/\/crees.org.do\/index.php?rest_route=%2Fwp%2Fv2%2Fmedia&parent=22412"}],"wp:term":[{"taxonomy":"category","embeddable":true,"href":"https:\/\/crees.org.do\/index.php?rest_route=%2Fwp%2Fv2%2Fcategories&post=22412"},{"taxonomy":"post_tag","embeddable":true,"href":"https:\/\/crees.org.do\/index.php?rest_route=%2Fwp%2Fv2%2Ftags&post=22412"}],"curies":[{"name":"wp","href":"https:\/\/api.w.org\/{rel}","templated":true}]}}