{"id":22418,"date":"2021-11-24T13:22:21","date_gmt":"2021-11-24T13:22:21","guid":{"rendered":"https:\/\/crees.org.do\/?p=22418"},"modified":"2021-11-25T13:22:51","modified_gmt":"2021-11-25T13:22:51","slug":"impositiva-reduccion-de-evasion-fiscal-no-evitaria-reforma-rd","status":"publish","type":"post","link":"https:\/\/crees.org.do\/?p=22418","title":{"rendered":"Impositiva; Reducci\u00f3n de evasi\u00f3n fiscal no evitar\u00eda reforma RD"},"content":{"rendered":"<p>Autor: Ubaldo Guzm\u00e1n Molina<\/p>\n<p>Fecha: 24 de noviembre del 2021<\/p>\n<p>Extra\u00eddo de:\u00a0<a href=\"https:\/\/hoy.com.do\/impositiva-reduccion-de-evasion-fiscal-no-evitaria-reforma-rd\/\">Peri\u00f3dico Hoy<\/a><\/p>\n<p style=\"text-align: justify;\">El vicepresidente ejecutivo del Centro Regional de Estrategias Econ\u00f3micas Sostenibles (CREES), Miguel Collado, consider\u00f3 ayer que es poco optimista para pensar que con la reducci\u00f3n dr\u00e1stica de la evasi\u00f3n Itebis y el impuesto sobre la renta (ISR) se evitar\u00eda una reforma fiscal.<\/p>\n<p style=\"text-align: justify;\">Explic\u00f3 que existen muchas oportunidades para recaudar m\u00e1s por concepto de Itebis e ISR, as\u00ed con otros impuestos que se est\u00e1n evadiendo.<\/p>\n<p style=\"text-align: justify;\">Sin embargo, dijo que hasta que no se haga una reforma del Itebis y el ISR ser\u00e1 dif\u00edcil para cualquier administraci\u00f3n tributaria poder controlar la evasi\u00f3n, porque el sistema deja amplias oportunidades para evadir.<\/p>\n<p style=\"text-align: justify;\">Dijo que se pueden hacer intentos para reducir la evasi\u00f3n fiscal, pero no ser\u00edan suficientes para sustentar las finanzas del pa\u00eds.<\/p>\n<div class=\"pvc_clear\"><\/div>\n<p class=\"pvc_stats all \" data-element-id=\"22418\" style=\"\"><i class=\"pvc-stats-icon medium\" aria-hidden=\"true\"><svg aria-hidden=\"true\" focusable=\"false\" data-prefix=\"far\" data-icon=\"chart-bar\" role=\"img\" xmlns=\"http:\/\/www.w3.org\/2000\/svg\" viewBox=\"0 0 512 512\" class=\"svg-inline--fa fa-chart-bar fa-w-16 fa-2x\"><path fill=\"currentColor\" d=\"M396.8 352h22.4c6.4 0 12.8-6.4 12.8-12.8V108.8c0-6.4-6.4-12.8-12.8-12.8h-22.4c-6.4 0-12.8 6.4-12.8 12.8v230.4c0 6.4 6.4 12.8 12.8 12.8zm-192 0h22.4c6.4 0 12.8-6.4 12.8-12.8V140.8c0-6.4-6.4-12.8-12.8-12.8h-22.4c-6.4 0-12.8 6.4-12.8 12.8v198.4c0 6.4 6.4 12.8 12.8 12.8zm96 0h22.4c6.4 0 12.8-6.4 12.8-12.8V204.8c0-6.4-6.4-12.8-12.8-12.8h-22.4c-6.4 0-12.8 6.4-12.8 12.8v134.4c0 6.4 6.4 12.8 12.8 12.8zM496 400H48V80c0-8.84-7.16-16-16-16H16C7.16 64 0 71.16 0 80v336c0 17.67 14.33 32 32 32h464c8.84 0 16-7.16 16-16v-16c0-8.84-7.16-16-16-16zm-387.2-48h22.4c6.4 0 12.8-6.4 12.8-12.8v-70.4c0-6.4-6.4-12.8-12.8-12.8h-22.4c-6.4 0-12.8 6.4-12.8 12.8v70.4c0 6.4 6.4 12.8 12.8 12.8z\" class=\"\"><\/path><\/svg><\/i> Vistas Totales&nbsp;994&nbsp;, Vistas Hoy&nbsp;2&nbsp;<\/p>\n<div class=\"pvc_clear\"><\/div>\n","protected":false},"excerpt":{"rendered":"<p>Autor: Ubaldo Guzm\u00e1n Molina Fecha: 24 de noviembre del 2021 Extra\u00eddo de:\u00a0Peri\u00f3dico Hoy El vicepresidente ejecutivo del Centro Regional de Estrategias Econ\u00f3micas Sostenibles (CREES), Miguel Collado, consider\u00f3 ayer que es poco optimista para pensar que con la reducci\u00f3n dr\u00e1stica de la evasi\u00f3n Itebis y el impuesto sobre la renta (ISR) se evitar\u00eda una reforma fiscal&#8230;.<\/p>\n<div class=\"pvc_clear\"><\/div>\n<p class=\"pvc_stats all \" data-element-id=\"22418\" style=\"\"><i class=\"pvc-stats-icon medium\" aria-hidden=\"true\"><svg aria-hidden=\"true\" focusable=\"false\" data-prefix=\"far\" data-icon=\"chart-bar\" role=\"img\" xmlns=\"http:\/\/www.w3.org\/2000\/svg\" viewBox=\"0 0 512 512\" class=\"svg-inline--fa fa-chart-bar fa-w-16 fa-2x\"><path fill=\"currentColor\" d=\"M396.8 352h22.4c6.4 0 12.8-6.4 12.8-12.8V108.8c0-6.4-6.4-12.8-12.8-12.8h-22.4c-6.4 0-12.8 6.4-12.8 12.8v230.4c0 6.4 6.4 12.8 12.8 12.8zm-192 0h22.4c6.4 0 12.8-6.4 12.8-12.8V140.8c0-6.4-6.4-12.8-12.8-12.8h-22.4c-6.4 0-12.8 6.4-12.8 12.8v198.4c0 6.4 6.4 12.8 12.8 12.8zm96 0h22.4c6.4 0 12.8-6.4 12.8-12.8V204.8c0-6.4-6.4-12.8-12.8-12.8h-22.4c-6.4 0-12.8 6.4-12.8 12.8v134.4c0 6.4 6.4 12.8 12.8 12.8zM496 400H48V80c0-8.84-7.16-16-16-16H16C7.16 64 0 71.16 0 80v336c0 17.67 14.33 32 32 32h464c8.84 0 16-7.16 16-16v-16c0-8.84-7.16-16-16-16zm-387.2-48h22.4c6.4 0 12.8-6.4 12.8-12.8v-70.4c0-6.4-6.4-12.8-12.8-12.8h-22.4c-6.4 0-12.8 6.4-12.8 12.8v70.4c0 6.4 6.4 12.8 12.8 12.8z\" class=\"\"><\/path><\/svg><\/i> Vistas Totales&nbsp;994&nbsp;, Vistas Hoy&nbsp;2&nbsp;<\/p>\n<div class=\"pvc_clear\"><\/div>\n","protected":false},"author":2,"featured_media":22419,"comment_status":"closed","ping_status":"closed","sticky":false,"template":"","format":"standard","meta":{"footnotes":""},"categories":[19],"tags":[],"class_list":["post-22418","post","type-post","status-publish","format-standard","has-post-thumbnail","hentry","category-actualidad"],"yoast_head":"<!-- This site is optimized with the Yoast SEO plugin v25.2 - https:\/\/yoast.com\/wordpress\/plugins\/seo\/ -->\n<title>Impositiva; Reducci\u00f3n de evasi\u00f3n fiscal no evitar\u00eda reforma RD | CREES<\/title>\n<meta name=\"robots\" content=\"index, follow, max-snippet:-1, max-image-preview:large, max-video-preview:-1\" \/>\n<link rel=\"canonical\" href=\"https:\/\/crees.org.do\/?p=22418\" \/>\n<meta property=\"og:locale\" content=\"es_ES\" \/>\n<meta property=\"og:type\" content=\"article\" \/>\n<meta property=\"og:title\" content=\"Impositiva; Reducci\u00f3n de evasi\u00f3n fiscal no evitar\u00eda reforma RD | CREES\" \/>\n<meta property=\"og:description\" content=\"Autor: Ubaldo Guzm\u00e1n Molina Fecha: 24 de noviembre del 2021 Extra\u00eddo de:\u00a0Peri\u00f3dico Hoy El vicepresidente ejecutivo del Centro Regional de Estrategias Econ\u00f3micas Sostenibles (CREES), Miguel Collado, consider\u00f3 ayer que es poco optimista para pensar que con la reducci\u00f3n dr\u00e1stica de la evasi\u00f3n Itebis y el impuesto sobre la renta (ISR) se evitar\u00eda una reforma fiscal....\" \/>\n<meta property=\"og:url\" content=\"https:\/\/crees.org.do\/?p=22418\" \/>\n<meta property=\"og:site_name\" content=\"CREES\" \/>\n<meta property=\"article:publisher\" content=\"https:\/\/www.facebook.com\/CREESRD\/\" \/>\n<meta property=\"article:published_time\" content=\"2021-11-24T13:22:21+00:00\" \/>\n<meta property=\"article:modified_time\" content=\"2021-11-25T13:22:51+00:00\" \/>\n<meta property=\"og:image\" content=\"https:\/\/crees.org.do\/wp-content\/uploads\/2021\/11\/14_Economia_24_2okp01.jpeg\" \/>\n\t<meta property=\"og:image:width\" content=\"390\" \/>\n\t<meta property=\"og:image:height\" content=\"645\" \/>\n\t<meta property=\"og:image:type\" content=\"image\/jpeg\" \/>\n<meta name=\"author\" content=\"Crees\" \/>\n<meta name=\"twitter:card\" content=\"summary_large_image\" \/>\n<meta name=\"twitter:creator\" content=\"@CREESRD\" \/>\n<meta name=\"twitter:site\" content=\"@CREESRD\" \/>\n<meta name=\"twitter:label1\" content=\"Escrito por\" \/>\n\t<meta name=\"twitter:data1\" content=\"Crees\" \/>\n\t<meta name=\"twitter:label2\" content=\"Tiempo de lectura\" \/>\n\t<meta name=\"twitter:data2\" content=\"1 minuto\" \/>\n<script type=\"application\/ld+json\" class=\"yoast-schema-graph\">{\"@context\":\"https:\/\/schema.org\",\"@graph\":[{\"@type\":\"Article\",\"@id\":\"https:\/\/crees.org.do\/?p=22418#article\",\"isPartOf\":{\"@id\":\"https:\/\/crees.org.do\/?p=22418\"},\"author\":{\"name\":\"Crees\",\"@id\":\"https:\/\/crees.org.do\/#\/schema\/person\/e7f97cd94d7bf9cd0e0ce30acb7d56b8\"},\"headline\":\"Impositiva; Reducci\u00f3n de evasi\u00f3n fiscal no evitar\u00eda reforma RD\",\"datePublished\":\"2021-11-24T13:22:21+00:00\",\"dateModified\":\"2021-11-25T13:22:51+00:00\",\"mainEntityOfPage\":{\"@id\":\"https:\/\/crees.org.do\/?p=22418\"},\"wordCount\":159,\"publisher\":{\"@id\":\"https:\/\/crees.org.do\/#organization\"},\"image\":{\"@id\":\"https:\/\/crees.org.do\/?p=22418#primaryimage\"},\"thumbnailUrl\":\"https:\/\/crees.org.do\/wp-content\/uploads\/2021\/11\/14_Economia_24_2okp01.jpeg\",\"articleSection\":[\"Actualidad\"],\"inLanguage\":\"es\"},{\"@type\":\"WebPage\",\"@id\":\"https:\/\/crees.org.do\/?p=22418\",\"url\":\"https:\/\/crees.org.do\/?p=22418\",\"name\":\"Impositiva; Reducci\u00f3n de evasi\u00f3n fiscal no evitar\u00eda reforma RD | CREES\",\"isPartOf\":{\"@id\":\"https:\/\/crees.org.do\/#website\"},\"primaryImageOfPage\":{\"@id\":\"https:\/\/crees.org.do\/?p=22418#primaryimage\"},\"image\":{\"@id\":\"https:\/\/crees.org.do\/?p=22418#primaryimage\"},\"thumbnailUrl\":\"https:\/\/crees.org.do\/wp-content\/uploads\/2021\/11\/14_Economia_24_2okp01.jpeg\",\"datePublished\":\"2021-11-24T13:22:21+00:00\",\"dateModified\":\"2021-11-25T13:22:51+00:00\",\"breadcrumb\":{\"@id\":\"https:\/\/crees.org.do\/?p=22418#breadcrumb\"},\"inLanguage\":\"es\",\"potentialAction\":[{\"@type\":\"ReadAction\",\"target\":[\"https:\/\/crees.org.do\/?p=22418\"]}]},{\"@type\":\"ImageObject\",\"inLanguage\":\"es\",\"@id\":\"https:\/\/crees.org.do\/?p=22418#primaryimage\",\"url\":\"https:\/\/crees.org.do\/wp-content\/uploads\/2021\/11\/14_Economia_24_2okp01.jpeg\",\"contentUrl\":\"https:\/\/crees.org.do\/wp-content\/uploads\/2021\/11\/14_Economia_24_2okp01.jpeg\",\"width\":390,\"height\":645},{\"@type\":\"BreadcrumbList\",\"@id\":\"https:\/\/crees.org.do\/?p=22418#breadcrumb\",\"itemListElement\":[{\"@type\":\"ListItem\",\"position\":1,\"name\":\"Portada\",\"item\":\"https:\/\/crees.org.do\/\"},{\"@type\":\"ListItem\",\"position\":2,\"name\":\"Impositiva; Reducci\u00f3n de evasi\u00f3n fiscal no evitar\u00eda reforma RD\"}]},{\"@type\":\"WebSite\",\"@id\":\"https:\/\/crees.org.do\/#website\",\"url\":\"https:\/\/crees.org.do\/\",\"name\":\"CREES\",\"description\":\"Centro Regional de Estrategias Econ\u00f3micas Sostenibles\",\"publisher\":{\"@id\":\"https:\/\/crees.org.do\/#organization\"},\"potentialAction\":[{\"@type\":\"SearchAction\",\"target\":{\"@type\":\"EntryPoint\",\"urlTemplate\":\"https:\/\/crees.org.do\/?s={search_term_string}\"},\"query-input\":{\"@type\":\"PropertyValueSpecification\",\"valueRequired\":true,\"valueName\":\"search_term_string\"}}],\"inLanguage\":\"es\"},{\"@type\":\"Organization\",\"@id\":\"https:\/\/crees.org.do\/#organization\",\"name\":\"CREES | Centro Regional de Estrategias Econ\u00f3micas Sostenibles\",\"url\":\"https:\/\/crees.org.do\/\",\"logo\":{\"@type\":\"ImageObject\",\"inLanguage\":\"es\",\"@id\":\"https:\/\/crees.org.do\/#\/schema\/logo\/image\/\",\"url\":\"https:\/\/crees.org.do\/wp-content\/uploads\/2022\/03\/crees-logo-1.jpg\",\"contentUrl\":\"https:\/\/crees.org.do\/wp-content\/uploads\/2022\/03\/crees-logo-1.jpg\",\"width\":244,\"height\":71,\"caption\":\"CREES | Centro Regional de Estrategias Econ\u00f3micas Sostenibles\"},\"image\":{\"@id\":\"https:\/\/crees.org.do\/#\/schema\/logo\/image\/\"},\"sameAs\":[\"https:\/\/www.facebook.com\/CREESRD\/\",\"https:\/\/x.com\/CREESRD\"]},{\"@type\":\"Person\",\"@id\":\"https:\/\/crees.org.do\/#\/schema\/person\/e7f97cd94d7bf9cd0e0ce30acb7d56b8\",\"name\":\"Crees\",\"image\":{\"@type\":\"ImageObject\",\"inLanguage\":\"es\",\"@id\":\"https:\/\/crees.org.do\/#\/schema\/person\/image\/\",\"url\":\"https:\/\/secure.gravatar.com\/avatar\/390ac8f0be5d9aa046152553e2dd7011b59a512d89c150f5e5f28bb8d9a0b165?s=96&d=mm&r=g\",\"contentUrl\":\"https:\/\/secure.gravatar.com\/avatar\/390ac8f0be5d9aa046152553e2dd7011b59a512d89c150f5e5f28bb8d9a0b165?s=96&d=mm&r=g\",\"caption\":\"Crees\"},\"url\":\"https:\/\/crees.org.do\/?author=2\"}]}<\/script>\n<!-- \/ Yoast SEO plugin. -->","yoast_head_json":{"title":"Impositiva; Reducci\u00f3n de evasi\u00f3n fiscal no evitar\u00eda reforma RD | CREES","robots":{"index":"index","follow":"follow","max-snippet":"max-snippet:-1","max-image-preview":"max-image-preview:large","max-video-preview":"max-video-preview:-1"},"canonical":"https:\/\/crees.org.do\/?p=22418","og_locale":"es_ES","og_type":"article","og_title":"Impositiva; Reducci\u00f3n de evasi\u00f3n fiscal no evitar\u00eda reforma RD | CREES","og_description":"Autor: Ubaldo Guzm\u00e1n Molina Fecha: 24 de noviembre del 2021 Extra\u00eddo de:\u00a0Peri\u00f3dico Hoy El vicepresidente ejecutivo del Centro Regional de Estrategias Econ\u00f3micas Sostenibles (CREES), Miguel Collado, consider\u00f3 ayer que es poco optimista para pensar que con la reducci\u00f3n dr\u00e1stica de la evasi\u00f3n Itebis y el impuesto sobre la renta (ISR) se evitar\u00eda una reforma fiscal....","og_url":"https:\/\/crees.org.do\/?p=22418","og_site_name":"CREES","article_publisher":"https:\/\/www.facebook.com\/CREESRD\/","article_published_time":"2021-11-24T13:22:21+00:00","article_modified_time":"2021-11-25T13:22:51+00:00","og_image":[{"width":390,"height":645,"url":"https:\/\/crees.org.do\/wp-content\/uploads\/2021\/11\/14_Economia_24_2okp01.jpeg","type":"image\/jpeg"}],"author":"Crees","twitter_card":"summary_large_image","twitter_creator":"@CREESRD","twitter_site":"@CREESRD","twitter_misc":{"Escrito por":"Crees","Tiempo de lectura":"1 minuto"},"schema":{"@context":"https:\/\/schema.org","@graph":[{"@type":"Article","@id":"https:\/\/crees.org.do\/?p=22418#article","isPartOf":{"@id":"https:\/\/crees.org.do\/?p=22418"},"author":{"name":"Crees","@id":"https:\/\/crees.org.do\/#\/schema\/person\/e7f97cd94d7bf9cd0e0ce30acb7d56b8"},"headline":"Impositiva; Reducci\u00f3n de evasi\u00f3n fiscal no evitar\u00eda reforma RD","datePublished":"2021-11-24T13:22:21+00:00","dateModified":"2021-11-25T13:22:51+00:00","mainEntityOfPage":{"@id":"https:\/\/crees.org.do\/?p=22418"},"wordCount":159,"publisher":{"@id":"https:\/\/crees.org.do\/#organization"},"image":{"@id":"https:\/\/crees.org.do\/?p=22418#primaryimage"},"thumbnailUrl":"https:\/\/crees.org.do\/wp-content\/uploads\/2021\/11\/14_Economia_24_2okp01.jpeg","articleSection":["Actualidad"],"inLanguage":"es"},{"@type":"WebPage","@id":"https:\/\/crees.org.do\/?p=22418","url":"https:\/\/crees.org.do\/?p=22418","name":"Impositiva; Reducci\u00f3n de evasi\u00f3n fiscal no evitar\u00eda reforma RD | CREES","isPartOf":{"@id":"https:\/\/crees.org.do\/#website"},"primaryImageOfPage":{"@id":"https:\/\/crees.org.do\/?p=22418#primaryimage"},"image":{"@id":"https:\/\/crees.org.do\/?p=22418#primaryimage"},"thumbnailUrl":"https:\/\/crees.org.do\/wp-content\/uploads\/2021\/11\/14_Economia_24_2okp01.jpeg","datePublished":"2021-11-24T13:22:21+00:00","dateModified":"2021-11-25T13:22:51+00:00","breadcrumb":{"@id":"https:\/\/crees.org.do\/?p=22418#breadcrumb"},"inLanguage":"es","potentialAction":[{"@type":"ReadAction","target":["https:\/\/crees.org.do\/?p=22418"]}]},{"@type":"ImageObject","inLanguage":"es","@id":"https:\/\/crees.org.do\/?p=22418#primaryimage","url":"https:\/\/crees.org.do\/wp-content\/uploads\/2021\/11\/14_Economia_24_2okp01.jpeg","contentUrl":"https:\/\/crees.org.do\/wp-content\/uploads\/2021\/11\/14_Economia_24_2okp01.jpeg","width":390,"height":645},{"@type":"BreadcrumbList","@id":"https:\/\/crees.org.do\/?p=22418#breadcrumb","itemListElement":[{"@type":"ListItem","position":1,"name":"Portada","item":"https:\/\/crees.org.do\/"},{"@type":"ListItem","position":2,"name":"Impositiva; Reducci\u00f3n de evasi\u00f3n fiscal no evitar\u00eda reforma RD"}]},{"@type":"WebSite","@id":"https:\/\/crees.org.do\/#website","url":"https:\/\/crees.org.do\/","name":"CREES","description":"Centro Regional de Estrategias Econ\u00f3micas Sostenibles","publisher":{"@id":"https:\/\/crees.org.do\/#organization"},"potentialAction":[{"@type":"SearchAction","target":{"@type":"EntryPoint","urlTemplate":"https:\/\/crees.org.do\/?s={search_term_string}"},"query-input":{"@type":"PropertyValueSpecification","valueRequired":true,"valueName":"search_term_string"}}],"inLanguage":"es"},{"@type":"Organization","@id":"https:\/\/crees.org.do\/#organization","name":"CREES | Centro Regional de Estrategias Econ\u00f3micas Sostenibles","url":"https:\/\/crees.org.do\/","logo":{"@type":"ImageObject","inLanguage":"es","@id":"https:\/\/crees.org.do\/#\/schema\/logo\/image\/","url":"https:\/\/crees.org.do\/wp-content\/uploads\/2022\/03\/crees-logo-1.jpg","contentUrl":"https:\/\/crees.org.do\/wp-content\/uploads\/2022\/03\/crees-logo-1.jpg","width":244,"height":71,"caption":"CREES | Centro Regional de Estrategias Econ\u00f3micas Sostenibles"},"image":{"@id":"https:\/\/crees.org.do\/#\/schema\/logo\/image\/"},"sameAs":["https:\/\/www.facebook.com\/CREESRD\/","https:\/\/x.com\/CREESRD"]},{"@type":"Person","@id":"https:\/\/crees.org.do\/#\/schema\/person\/e7f97cd94d7bf9cd0e0ce30acb7d56b8","name":"Crees","image":{"@type":"ImageObject","inLanguage":"es","@id":"https:\/\/crees.org.do\/#\/schema\/person\/image\/","url":"https:\/\/secure.gravatar.com\/avatar\/390ac8f0be5d9aa046152553e2dd7011b59a512d89c150f5e5f28bb8d9a0b165?s=96&d=mm&r=g","contentUrl":"https:\/\/secure.gravatar.com\/avatar\/390ac8f0be5d9aa046152553e2dd7011b59a512d89c150f5e5f28bb8d9a0b165?s=96&d=mm&r=g","caption":"Crees"},"url":"https:\/\/crees.org.do\/?author=2"}]}},"_links":{"self":[{"href":"https:\/\/crees.org.do\/index.php?rest_route=\/wp\/v2\/posts\/22418","targetHints":{"allow":["GET"]}}],"collection":[{"href":"https:\/\/crees.org.do\/index.php?rest_route=\/wp\/v2\/posts"}],"about":[{"href":"https:\/\/crees.org.do\/index.php?rest_route=\/wp\/v2\/types\/post"}],"author":[{"embeddable":true,"href":"https:\/\/crees.org.do\/index.php?rest_route=\/wp\/v2\/users\/2"}],"replies":[{"embeddable":true,"href":"https:\/\/crees.org.do\/index.php?rest_route=%2Fwp%2Fv2%2Fcomments&post=22418"}],"version-history":[{"count":1,"href":"https:\/\/crees.org.do\/index.php?rest_route=\/wp\/v2\/posts\/22418\/revisions"}],"predecessor-version":[{"id":22420,"href":"https:\/\/crees.org.do\/index.php?rest_route=\/wp\/v2\/posts\/22418\/revisions\/22420"}],"wp:featuredmedia":[{"embeddable":true,"href":"https:\/\/crees.org.do\/index.php?rest_route=\/wp\/v2\/media\/22419"}],"wp:attachment":[{"href":"https:\/\/crees.org.do\/index.php?rest_route=%2Fwp%2Fv2%2Fmedia&parent=22418"}],"wp:term":[{"taxonomy":"category","embeddable":true,"href":"https:\/\/crees.org.do\/index.php?rest_route=%2Fwp%2Fv2%2Fcategories&post=22418"},{"taxonomy":"post_tag","embeddable":true,"href":"https:\/\/crees.org.do\/index.php?rest_route=%2Fwp%2Fv2%2Ftags&post=22418"}],"curies":[{"name":"wp","href":"https:\/\/api.w.org\/{rel}","templated":true}]}}