{"id":22425,"date":"2021-11-25T13:51:21","date_gmt":"2021-11-25T13:51:21","guid":{"rendered":"https:\/\/crees.org.do\/?p=22425"},"modified":"2022-01-05T23:16:45","modified_gmt":"2022-01-05T23:16:45","slug":"se-espera-movimiento-de-los-tipos-de-interes-en-el-mercado-con-el-incremento-de-la-tasa-del-banco-central","status":"publish","type":"post","link":"https:\/\/crees.org.do\/?p=22425","title":{"rendered":"Se espera movimiento de los tipos de inter\u00e9s en el mercado con el incremento de la tasa del Banco Central"},"content":{"rendered":"<p style=\"text-align: justify;\">Autor: C\u00e1ndida Acosta<\/p>\n<p style=\"text-align: justify;\">Fecha: 25 de noviembre del 2021<\/p>\n<p style=\"text-align: justify;\">Extra\u00eddo de: <a href=\"https:\/\/listindiario.com\/economia\/2021\/11\/25\/698343\/se-espera-movimiento-de-los-tipos-de-interes-en-el-mercado-con-el-incremento-de-la-tasa-del-banco-central\">List\u00edn Diario<\/a><\/p>\n<p style=\"text-align: justify;\">Condiciones externas de alta inflaci\u00f3n, producto del aumento de precios de los \u201ccommodities\u201d, al parecer, son las razones fundamentales para que el Banco Central de Rep\u00fablica Dominicana haya abandonado su laxa pol\u00edtica\u00a0 de expansi\u00f3n monetaria por una alza de su tasa de inter\u00e9s.<\/p>\n<p style=\"text-align: justify;\">Esa medida, que dispone un incremento de 50 puntos b\u00e1sicos en la tasa de pol\u00edtica monetaria (TPM) es el recurso de los bancos centrales para frenar la tendencia de procesos inflacionarios, que a la vez marca un nuevo ciclo en las condiciones de financiamientos internos y de inversiones.<\/p>\n<p style=\"text-align: justify;\"><strong>Los tipos de inter\u00e9s (tasa activa y tasa pasiva)<\/strong><\/p>\n<p style=\"text-align: justify;\">La tasa activa es la que pagan los clientes de los bancos y entidades del sistema financiero por sus pr\u00e9stamos y se mover\u00e1n al alza. Pero esto ocurre en la magnitud de riesgo de la entidad bancaria. Muchos aguantar\u00e1n un poco y otros que tienen mayor riesgo y menor capital aplicar\u00e1n la magnitud del incremento.<\/p>\n<p style=\"text-align: justify;\">De igual modo, las entidades de intermediaci\u00f3n financiera pagan por el ahorro y las inversiones las tasas pasivas. Pero esta es la \u00faltima que se mueve.<\/p>\n<p style=\"text-align: justify;\">Por el momento, el indicador directo que es la FED (Reserva Federal de Estados Unidos) mantiene su tasa de inter\u00e9s hasta 2022, pero se espera alg\u00fan movimiento a medio plazo para contener el sobrecalentamiento de la econom\u00eda, producto de los est\u00edmulos monetarios sobre el consumo.<\/p>\n<p style=\"text-align: justify;\">El BCRD subi\u00f3 tasa de inter\u00e9s de pol\u00edtica monetaria en 50 puntos b\u00e1sicos, de 3.00 % anual a 3.50 % anual. De este modo, la tasa de la facilidad permanente de expansi\u00f3n de liquidez (Repos a 1 d\u00eda) se incrementa de 3.50 % anual a 4.00 % anual y la tasa de dep\u00f3sitos remunerados (Overnight) de 2.50 % anual a 3.00 % anual.<\/p>\n<p style=\"text-align: justify;\">La entidad monetaria explic\u00f3 en su comunicado que el sistema de pron\u00f3sticos del BCRD indica que, en un escenario activo de pol\u00edtica monetaria, la inflaci\u00f3n interanual (variaci\u00f3n de los \u00faltimos 12 meses), que se ubic\u00f3 en 7.72 % en octubre de 2021, converger\u00eda al rango meta de 4 % \u00b1 1 % durante el segundo semestre de 2022, a un ritmo m\u00e1s gradual de lo previsto originalmente.<\/p>\n<p style=\"text-align: justify;\"><strong>Experto del CRESS<\/strong><\/p>\n<p style=\"text-align: justify;\">De acuerdo con Miguel Collado Di Franco, economista Senior para el Centro Regional de Estrategias Econ\u00f3micas Sostenibles (CREES), al \u00faltimo dato publicado por el Banco Central, los intermediarios financieros mantienen una alta liquidez en esta instituci\u00f3n. Un elemento importante para entender el comportamiento de las tasas.<\/p>\n<p style=\"text-align: justify;\">Sostiene que\u00a0<strong>la se\u00f1al de aumento de las tasas es importante<\/strong>. Pero, la liquidez es a\u00fan m\u00e1s importante que la tasa de referencia en Rep\u00fablica Dominicana en el corto plazo.<\/p>\n<p style=\"text-align: justify;\">En las pr\u00f3ximas semanas, ser\u00e1 importante observar si esa \u00faltima variable (liquidez) disminuye, ya que se\u00f1alar\u00eda una menor cantidad de recursos para ser prestados y s\u00ed podr\u00eda, en consecuencia, evidenciarse un aumento en las tasas.<\/p>\n<p style=\"text-align: justify;\">Con relaci\u00f3n a la tendencia a mediano plazo, las tasas en Rep\u00fablica Dominicana deber\u00edan ir en aumento, toda vez que la pol\u00edtica monetaria de los principales bancos centrales, marcada por la de la Reserva Federal de Estados Unidos, empiecen a dar se\u00f1ales restrictivas.<\/p>\n<p style=\"text-align: justify;\">Entendemos que en los pr\u00f3ximos meses, la pol\u00edtica monetaria internacional va a incentivar un revertimiento gradual de la muy laxa pol\u00edtica monetaria mantenida por las autoridades locales desde inicios de la pandemia de Covid-19.<\/p>\n<div class=\"pvc_clear\"><\/div>\n<p class=\"pvc_stats all \" data-element-id=\"22425\" style=\"\"><i class=\"pvc-stats-icon medium\" aria-hidden=\"true\"><svg aria-hidden=\"true\" focusable=\"false\" data-prefix=\"far\" data-icon=\"chart-bar\" role=\"img\" xmlns=\"http:\/\/www.w3.org\/2000\/svg\" viewBox=\"0 0 512 512\" class=\"svg-inline--fa fa-chart-bar fa-w-16 fa-2x\"><path fill=\"currentColor\" d=\"M396.8 352h22.4c6.4 0 12.8-6.4 12.8-12.8V108.8c0-6.4-6.4-12.8-12.8-12.8h-22.4c-6.4 0-12.8 6.4-12.8 12.8v230.4c0 6.4 6.4 12.8 12.8 12.8zm-192 0h22.4c6.4 0 12.8-6.4 12.8-12.8V140.8c0-6.4-6.4-12.8-12.8-12.8h-22.4c-6.4 0-12.8 6.4-12.8 12.8v198.4c0 6.4 6.4 12.8 12.8 12.8zm96 0h22.4c6.4 0 12.8-6.4 12.8-12.8V204.8c0-6.4-6.4-12.8-12.8-12.8h-22.4c-6.4 0-12.8 6.4-12.8 12.8v134.4c0 6.4 6.4 12.8 12.8 12.8zM496 400H48V80c0-8.84-7.16-16-16-16H16C7.16 64 0 71.16 0 80v336c0 17.67 14.33 32 32 32h464c8.84 0 16-7.16 16-16v-16c0-8.84-7.16-16-16-16zm-387.2-48h22.4c6.4 0 12.8-6.4 12.8-12.8v-70.4c0-6.4-6.4-12.8-12.8-12.8h-22.4c-6.4 0-12.8 6.4-12.8 12.8v70.4c0 6.4 6.4 12.8 12.8 12.8z\" class=\"\"><\/path><\/svg><\/i> Vistas Totales&nbsp;1,031&nbsp;<\/p>\n<div class=\"pvc_clear\"><\/div>\n","protected":false},"excerpt":{"rendered":"<p>Autor: C\u00e1ndida Acosta Fecha: 25 de noviembre del 2021 Extra\u00eddo de: List\u00edn Diario Condiciones externas de alta inflaci\u00f3n, producto del aumento de precios de los \u201ccommodities\u201d, al parecer, son las razones fundamentales para que el Banco Central de Rep\u00fablica Dominicana haya abandonado su laxa pol\u00edtica\u00a0 de expansi\u00f3n monetaria por una alza de su tasa de&#8230;<\/p>\n<div class=\"pvc_clear\"><\/div>\n<p class=\"pvc_stats all \" data-element-id=\"22425\" style=\"\"><i class=\"pvc-stats-icon medium\" aria-hidden=\"true\"><svg aria-hidden=\"true\" focusable=\"false\" data-prefix=\"far\" data-icon=\"chart-bar\" role=\"img\" xmlns=\"http:\/\/www.w3.org\/2000\/svg\" viewBox=\"0 0 512 512\" class=\"svg-inline--fa fa-chart-bar fa-w-16 fa-2x\"><path fill=\"currentColor\" d=\"M396.8 352h22.4c6.4 0 12.8-6.4 12.8-12.8V108.8c0-6.4-6.4-12.8-12.8-12.8h-22.4c-6.4 0-12.8 6.4-12.8 12.8v230.4c0 6.4 6.4 12.8 12.8 12.8zm-192 0h22.4c6.4 0 12.8-6.4 12.8-12.8V140.8c0-6.4-6.4-12.8-12.8-12.8h-22.4c-6.4 0-12.8 6.4-12.8 12.8v198.4c0 6.4 6.4 12.8 12.8 12.8zm96 0h22.4c6.4 0 12.8-6.4 12.8-12.8V204.8c0-6.4-6.4-12.8-12.8-12.8h-22.4c-6.4 0-12.8 6.4-12.8 12.8v134.4c0 6.4 6.4 12.8 12.8 12.8zM496 400H48V80c0-8.84-7.16-16-16-16H16C7.16 64 0 71.16 0 80v336c0 17.67 14.33 32 32 32h464c8.84 0 16-7.16 16-16v-16c0-8.84-7.16-16-16-16zm-387.2-48h22.4c6.4 0 12.8-6.4 12.8-12.8v-70.4c0-6.4-6.4-12.8-12.8-12.8h-22.4c-6.4 0-12.8 6.4-12.8 12.8v70.4c0 6.4 6.4 12.8 12.8 12.8z\" class=\"\"><\/path><\/svg><\/i> Vistas Totales&nbsp;1,031&nbsp;<\/p>\n<div class=\"pvc_clear\"><\/div>\n","protected":false},"author":2,"featured_media":22439,"comment_status":"closed","ping_status":"closed","sticky":false,"template":"","format":"standard","meta":{"footnotes":""},"categories":[19],"tags":[],"class_list":["post-22425","post","type-post","status-publish","format-standard","has-post-thumbnail","hentry","category-actualidad"],"yoast_head":"<!-- This site is optimized with the Yoast SEO plugin v25.2 - https:\/\/yoast.com\/wordpress\/plugins\/seo\/ -->\n<title>Se espera movimiento de los tipos de inter\u00e9s en el mercado con el incremento de la tasa del Banco Central | CREES<\/title>\n<meta name=\"robots\" content=\"index, follow, max-snippet:-1, max-image-preview:large, max-video-preview:-1\" \/>\n<link rel=\"canonical\" href=\"https:\/\/crees.org.do\/?p=22425\" \/>\n<meta property=\"og:locale\" content=\"es_ES\" \/>\n<meta property=\"og:type\" content=\"article\" \/>\n<meta property=\"og:title\" content=\"Se espera movimiento de los tipos de inter\u00e9s en el mercado con el incremento de la tasa del Banco Central | CREES\" \/>\n<meta property=\"og:description\" content=\"Autor: C\u00e1ndida Acosta Fecha: 25 de noviembre del 2021 Extra\u00eddo de: List\u00edn Diario Condiciones externas de alta inflaci\u00f3n, producto del aumento de precios de los \u201ccommodities\u201d, al parecer, son las razones fundamentales para que el Banco Central de Rep\u00fablica Dominicana haya abandonado su laxa pol\u00edtica\u00a0 de expansi\u00f3n monetaria por una alza de su tasa de...\" \/>\n<meta property=\"og:url\" content=\"https:\/\/crees.org.do\/?p=22425\" \/>\n<meta property=\"og:site_name\" content=\"CREES\" \/>\n<meta property=\"article:publisher\" content=\"https:\/\/www.facebook.com\/CREESRD\/\" \/>\n<meta property=\"article:published_time\" content=\"2021-11-25T13:51:21+00:00\" \/>\n<meta property=\"article:modified_time\" content=\"2022-01-05T23:16:45+00:00\" \/>\n<meta property=\"og:image\" content=\"https:\/\/crees.org.do\/wp-content\/uploads\/2021\/11\/202111251445001-1.jpeg\" \/>\n\t<meta property=\"og:image:width\" content=\"680\" \/>\n\t<meta property=\"og:image:height\" content=\"428\" \/>\n\t<meta property=\"og:image:type\" content=\"image\/jpeg\" \/>\n<meta name=\"author\" content=\"Crees\" \/>\n<meta name=\"twitter:card\" content=\"summary_large_image\" \/>\n<meta name=\"twitter:creator\" content=\"@CREESRD\" \/>\n<meta name=\"twitter:site\" content=\"@CREESRD\" \/>\n<meta name=\"twitter:label1\" content=\"Escrito por\" \/>\n\t<meta name=\"twitter:data1\" content=\"Crees\" \/>\n\t<meta name=\"twitter:label2\" content=\"Tiempo de lectura\" \/>\n\t<meta name=\"twitter:data2\" content=\"3 minutos\" \/>\n<script type=\"application\/ld+json\" class=\"yoast-schema-graph\">{\"@context\":\"https:\/\/schema.org\",\"@graph\":[{\"@type\":\"Article\",\"@id\":\"https:\/\/crees.org.do\/?p=22425#article\",\"isPartOf\":{\"@id\":\"https:\/\/crees.org.do\/?p=22425\"},\"author\":{\"name\":\"Crees\",\"@id\":\"https:\/\/crees.org.do\/#\/schema\/person\/e7f97cd94d7bf9cd0e0ce30acb7d56b8\"},\"headline\":\"Se espera movimiento de los tipos de inter\u00e9s en el mercado con el incremento de la tasa del Banco Central\",\"datePublished\":\"2021-11-25T13:51:21+00:00\",\"dateModified\":\"2022-01-05T23:16:45+00:00\",\"mainEntityOfPage\":{\"@id\":\"https:\/\/crees.org.do\/?p=22425\"},\"wordCount\":603,\"publisher\":{\"@id\":\"https:\/\/crees.org.do\/#organization\"},\"image\":{\"@id\":\"https:\/\/crees.org.do\/?p=22425#primaryimage\"},\"thumbnailUrl\":\"https:\/\/crees.org.do\/wp-content\/uploads\/2021\/11\/202111251445001-1.jpeg\",\"articleSection\":[\"Actualidad\"],\"inLanguage\":\"es\"},{\"@type\":\"WebPage\",\"@id\":\"https:\/\/crees.org.do\/?p=22425\",\"url\":\"https:\/\/crees.org.do\/?p=22425\",\"name\":\"Se espera movimiento de los tipos de inter\u00e9s en el mercado con el incremento de la tasa del Banco Central | CREES\",\"isPartOf\":{\"@id\":\"https:\/\/crees.org.do\/#website\"},\"primaryImageOfPage\":{\"@id\":\"https:\/\/crees.org.do\/?p=22425#primaryimage\"},\"image\":{\"@id\":\"https:\/\/crees.org.do\/?p=22425#primaryimage\"},\"thumbnailUrl\":\"https:\/\/crees.org.do\/wp-content\/uploads\/2021\/11\/202111251445001-1.jpeg\",\"datePublished\":\"2021-11-25T13:51:21+00:00\",\"dateModified\":\"2022-01-05T23:16:45+00:00\",\"breadcrumb\":{\"@id\":\"https:\/\/crees.org.do\/?p=22425#breadcrumb\"},\"inLanguage\":\"es\",\"potentialAction\":[{\"@type\":\"ReadAction\",\"target\":[\"https:\/\/crees.org.do\/?p=22425\"]}]},{\"@type\":\"ImageObject\",\"inLanguage\":\"es\",\"@id\":\"https:\/\/crees.org.do\/?p=22425#primaryimage\",\"url\":\"https:\/\/crees.org.do\/wp-content\/uploads\/2021\/11\/202111251445001-1.jpeg\",\"contentUrl\":\"https:\/\/crees.org.do\/wp-content\/uploads\/2021\/11\/202111251445001-1.jpeg\",\"width\":680,\"height\":428},{\"@type\":\"BreadcrumbList\",\"@id\":\"https:\/\/crees.org.do\/?p=22425#breadcrumb\",\"itemListElement\":[{\"@type\":\"ListItem\",\"position\":1,\"name\":\"Portada\",\"item\":\"https:\/\/crees.org.do\/\"},{\"@type\":\"ListItem\",\"position\":2,\"name\":\"Se espera movimiento de los tipos de inter\u00e9s en el mercado con el incremento de la tasa del Banco Central\"}]},{\"@type\":\"WebSite\",\"@id\":\"https:\/\/crees.org.do\/#website\",\"url\":\"https:\/\/crees.org.do\/\",\"name\":\"CREES\",\"description\":\"Centro Regional de Estrategias Econ\u00f3micas Sostenibles\",\"publisher\":{\"@id\":\"https:\/\/crees.org.do\/#organization\"},\"potentialAction\":[{\"@type\":\"SearchAction\",\"target\":{\"@type\":\"EntryPoint\",\"urlTemplate\":\"https:\/\/crees.org.do\/?s={search_term_string}\"},\"query-input\":{\"@type\":\"PropertyValueSpecification\",\"valueRequired\":true,\"valueName\":\"search_term_string\"}}],\"inLanguage\":\"es\"},{\"@type\":\"Organization\",\"@id\":\"https:\/\/crees.org.do\/#organization\",\"name\":\"CREES | Centro Regional de Estrategias Econ\u00f3micas Sostenibles\",\"url\":\"https:\/\/crees.org.do\/\",\"logo\":{\"@type\":\"ImageObject\",\"inLanguage\":\"es\",\"@id\":\"https:\/\/crees.org.do\/#\/schema\/logo\/image\/\",\"url\":\"https:\/\/crees.org.do\/wp-content\/uploads\/2022\/03\/crees-logo-1.jpg\",\"contentUrl\":\"https:\/\/crees.org.do\/wp-content\/uploads\/2022\/03\/crees-logo-1.jpg\",\"width\":244,\"height\":71,\"caption\":\"CREES | Centro Regional de Estrategias Econ\u00f3micas Sostenibles\"},\"image\":{\"@id\":\"https:\/\/crees.org.do\/#\/schema\/logo\/image\/\"},\"sameAs\":[\"https:\/\/www.facebook.com\/CREESRD\/\",\"https:\/\/x.com\/CREESRD\"]},{\"@type\":\"Person\",\"@id\":\"https:\/\/crees.org.do\/#\/schema\/person\/e7f97cd94d7bf9cd0e0ce30acb7d56b8\",\"name\":\"Crees\",\"image\":{\"@type\":\"ImageObject\",\"inLanguage\":\"es\",\"@id\":\"https:\/\/crees.org.do\/#\/schema\/person\/image\/\",\"url\":\"https:\/\/secure.gravatar.com\/avatar\/390ac8f0be5d9aa046152553e2dd7011b59a512d89c150f5e5f28bb8d9a0b165?s=96&d=mm&r=g\",\"contentUrl\":\"https:\/\/secure.gravatar.com\/avatar\/390ac8f0be5d9aa046152553e2dd7011b59a512d89c150f5e5f28bb8d9a0b165?s=96&d=mm&r=g\",\"caption\":\"Crees\"},\"url\":\"https:\/\/crees.org.do\/?author=2\"}]}<\/script>\n<!-- \/ Yoast SEO plugin. -->","yoast_head_json":{"title":"Se espera movimiento de los tipos de inter\u00e9s en el mercado con el incremento de la tasa del Banco Central | CREES","robots":{"index":"index","follow":"follow","max-snippet":"max-snippet:-1","max-image-preview":"max-image-preview:large","max-video-preview":"max-video-preview:-1"},"canonical":"https:\/\/crees.org.do\/?p=22425","og_locale":"es_ES","og_type":"article","og_title":"Se espera movimiento de los tipos de inter\u00e9s en el mercado con el incremento de la tasa del Banco Central | CREES","og_description":"Autor: C\u00e1ndida Acosta Fecha: 25 de noviembre del 2021 Extra\u00eddo de: List\u00edn Diario Condiciones externas de alta inflaci\u00f3n, producto del aumento de precios de los \u201ccommodities\u201d, al parecer, son las razones fundamentales para que el Banco Central de Rep\u00fablica Dominicana haya abandonado su laxa pol\u00edtica\u00a0 de expansi\u00f3n monetaria por una alza de su tasa de...","og_url":"https:\/\/crees.org.do\/?p=22425","og_site_name":"CREES","article_publisher":"https:\/\/www.facebook.com\/CREESRD\/","article_published_time":"2021-11-25T13:51:21+00:00","article_modified_time":"2022-01-05T23:16:45+00:00","og_image":[{"width":680,"height":428,"url":"https:\/\/crees.org.do\/wp-content\/uploads\/2021\/11\/202111251445001-1.jpeg","type":"image\/jpeg"}],"author":"Crees","twitter_card":"summary_large_image","twitter_creator":"@CREESRD","twitter_site":"@CREESRD","twitter_misc":{"Escrito por":"Crees","Tiempo de lectura":"3 minutos"},"schema":{"@context":"https:\/\/schema.org","@graph":[{"@type":"Article","@id":"https:\/\/crees.org.do\/?p=22425#article","isPartOf":{"@id":"https:\/\/crees.org.do\/?p=22425"},"author":{"name":"Crees","@id":"https:\/\/crees.org.do\/#\/schema\/person\/e7f97cd94d7bf9cd0e0ce30acb7d56b8"},"headline":"Se espera movimiento de los tipos de inter\u00e9s en el mercado con el incremento de la tasa del Banco Central","datePublished":"2021-11-25T13:51:21+00:00","dateModified":"2022-01-05T23:16:45+00:00","mainEntityOfPage":{"@id":"https:\/\/crees.org.do\/?p=22425"},"wordCount":603,"publisher":{"@id":"https:\/\/crees.org.do\/#organization"},"image":{"@id":"https:\/\/crees.org.do\/?p=22425#primaryimage"},"thumbnailUrl":"https:\/\/crees.org.do\/wp-content\/uploads\/2021\/11\/202111251445001-1.jpeg","articleSection":["Actualidad"],"inLanguage":"es"},{"@type":"WebPage","@id":"https:\/\/crees.org.do\/?p=22425","url":"https:\/\/crees.org.do\/?p=22425","name":"Se espera movimiento de los tipos de inter\u00e9s en el mercado con el incremento de la tasa del Banco Central | CREES","isPartOf":{"@id":"https:\/\/crees.org.do\/#website"},"primaryImageOfPage":{"@id":"https:\/\/crees.org.do\/?p=22425#primaryimage"},"image":{"@id":"https:\/\/crees.org.do\/?p=22425#primaryimage"},"thumbnailUrl":"https:\/\/crees.org.do\/wp-content\/uploads\/2021\/11\/202111251445001-1.jpeg","datePublished":"2021-11-25T13:51:21+00:00","dateModified":"2022-01-05T23:16:45+00:00","breadcrumb":{"@id":"https:\/\/crees.org.do\/?p=22425#breadcrumb"},"inLanguage":"es","potentialAction":[{"@type":"ReadAction","target":["https:\/\/crees.org.do\/?p=22425"]}]},{"@type":"ImageObject","inLanguage":"es","@id":"https:\/\/crees.org.do\/?p=22425#primaryimage","url":"https:\/\/crees.org.do\/wp-content\/uploads\/2021\/11\/202111251445001-1.jpeg","contentUrl":"https:\/\/crees.org.do\/wp-content\/uploads\/2021\/11\/202111251445001-1.jpeg","width":680,"height":428},{"@type":"BreadcrumbList","@id":"https:\/\/crees.org.do\/?p=22425#breadcrumb","itemListElement":[{"@type":"ListItem","position":1,"name":"Portada","item":"https:\/\/crees.org.do\/"},{"@type":"ListItem","position":2,"name":"Se espera movimiento de los tipos de inter\u00e9s en el mercado con el incremento de la tasa del Banco Central"}]},{"@type":"WebSite","@id":"https:\/\/crees.org.do\/#website","url":"https:\/\/crees.org.do\/","name":"CREES","description":"Centro Regional de Estrategias Econ\u00f3micas Sostenibles","publisher":{"@id":"https:\/\/crees.org.do\/#organization"},"potentialAction":[{"@type":"SearchAction","target":{"@type":"EntryPoint","urlTemplate":"https:\/\/crees.org.do\/?s={search_term_string}"},"query-input":{"@type":"PropertyValueSpecification","valueRequired":true,"valueName":"search_term_string"}}],"inLanguage":"es"},{"@type":"Organization","@id":"https:\/\/crees.org.do\/#organization","name":"CREES | Centro Regional de Estrategias Econ\u00f3micas Sostenibles","url":"https:\/\/crees.org.do\/","logo":{"@type":"ImageObject","inLanguage":"es","@id":"https:\/\/crees.org.do\/#\/schema\/logo\/image\/","url":"https:\/\/crees.org.do\/wp-content\/uploads\/2022\/03\/crees-logo-1.jpg","contentUrl":"https:\/\/crees.org.do\/wp-content\/uploads\/2022\/03\/crees-logo-1.jpg","width":244,"height":71,"caption":"CREES | Centro Regional de Estrategias Econ\u00f3micas Sostenibles"},"image":{"@id":"https:\/\/crees.org.do\/#\/schema\/logo\/image\/"},"sameAs":["https:\/\/www.facebook.com\/CREESRD\/","https:\/\/x.com\/CREESRD"]},{"@type":"Person","@id":"https:\/\/crees.org.do\/#\/schema\/person\/e7f97cd94d7bf9cd0e0ce30acb7d56b8","name":"Crees","image":{"@type":"ImageObject","inLanguage":"es","@id":"https:\/\/crees.org.do\/#\/schema\/person\/image\/","url":"https:\/\/secure.gravatar.com\/avatar\/390ac8f0be5d9aa046152553e2dd7011b59a512d89c150f5e5f28bb8d9a0b165?s=96&d=mm&r=g","contentUrl":"https:\/\/secure.gravatar.com\/avatar\/390ac8f0be5d9aa046152553e2dd7011b59a512d89c150f5e5f28bb8d9a0b165?s=96&d=mm&r=g","caption":"Crees"},"url":"https:\/\/crees.org.do\/?author=2"}]}},"_links":{"self":[{"href":"https:\/\/crees.org.do\/index.php?rest_route=\/wp\/v2\/posts\/22425","targetHints":{"allow":["GET"]}}],"collection":[{"href":"https:\/\/crees.org.do\/index.php?rest_route=\/wp\/v2\/posts"}],"about":[{"href":"https:\/\/crees.org.do\/index.php?rest_route=\/wp\/v2\/types\/post"}],"author":[{"embeddable":true,"href":"https:\/\/crees.org.do\/index.php?rest_route=\/wp\/v2\/users\/2"}],"replies":[{"embeddable":true,"href":"https:\/\/crees.org.do\/index.php?rest_route=%2Fwp%2Fv2%2Fcomments&post=22425"}],"version-history":[{"count":5,"href":"https:\/\/crees.org.do\/index.php?rest_route=\/wp\/v2\/posts\/22425\/revisions"}],"predecessor-version":[{"id":22499,"href":"https:\/\/crees.org.do\/index.php?rest_route=\/wp\/v2\/posts\/22425\/revisions\/22499"}],"wp:featuredmedia":[{"embeddable":true,"href":"https:\/\/crees.org.do\/index.php?rest_route=\/wp\/v2\/media\/22439"}],"wp:attachment":[{"href":"https:\/\/crees.org.do\/index.php?rest_route=%2Fwp%2Fv2%2Fmedia&parent=22425"}],"wp:term":[{"taxonomy":"category","embeddable":true,"href":"https:\/\/crees.org.do\/index.php?rest_route=%2Fwp%2Fv2%2Fcategories&post=22425"},{"taxonomy":"post_tag","embeddable":true,"href":"https:\/\/crees.org.do\/index.php?rest_route=%2Fwp%2Fv2%2Ftags&post=22425"}],"curies":[{"name":"wp","href":"https:\/\/api.w.org\/{rel}","templated":true}]}}