{"id":22427,"date":"2021-11-26T13:53:50","date_gmt":"2021-11-26T13:53:50","guid":{"rendered":"https:\/\/crees.org.do\/?p=22427"},"modified":"2021-11-29T14:01:34","modified_gmt":"2021-11-29T14:01:34","slug":"tasas-de-los-prestamos-subirian-tras-reciente-decision-del-banco-central","status":"publish","type":"post","link":"https:\/\/crees.org.do\/?p=22427","title":{"rendered":"Tasas de los pr\u00e9stamos subir\u00edan tras reciente decisi\u00f3n del Banco Central"},"content":{"rendered":"<p style=\"text-align: justify;\">Autor: Mariela Mej\u00eda<\/p>\n<p style=\"text-align: justify;\">Fecha: 26 de noviembre del 2021<\/p>\n<p style=\"text-align: justify;\">Extra\u00eddo de: <a href=\"https:\/\/www.diariolibre.com\/economia\/tasas-de-los-prestamos-subirian-tras-reciente-decision-del-banco-central-HG30147541\">Diario Libre<\/a><\/p>\n<p style=\"text-align: justify;\">La reciente decisi\u00f3n del Banco Central de aumentar su tasa de inter\u00e9s de pol\u00edtica monetaria en 50 puntos b\u00e1sicos, es decir, de 3.00 % anual a 3.50 %, tendr\u00eda un impacto en las tasas de los pr\u00e9stamos de la banca regular, proyectan economistas consultados por\u00a0<i>Diario Libre.<\/i><\/p>\n<p style=\"text-align: justify;\">\u201cEl Banco Central, al aumentar la tasa de referencia monetaria, impulsa las tasas del mercado financiero, es decir que la \u00e9poca de pr\u00e9stamos baratos est\u00e1 terminando\u201d, asegura Rafael Espinal, coordinador de las carreras de Econom\u00eda e Ingenier\u00eda Financiera del Instituto Tecnol\u00f3gico de Santo Domingo (Intec).<\/p>\n<p style=\"text-align: justify;\">\u201cA partir de este momento los pr\u00e9stamos volver\u00e1n a incrementar sus tasas de inter\u00e9s, y eso implica, obviamente, que va a disminuir la demanda de financimiento en la banca comercial\u201d, agrega.<\/p>\n<p style=\"text-align: justify;\">El 16 de marzo de 2020 el Banco Central decidi\u00f3 reducir de manera preventiva de 4.50 a 3.50 % anual su tasa de pol\u00edtica monetaria que manten\u00eda en el primer porcentaje desde agosto de 2019. La medida se tom\u00f3 \u201cante el incremento significativo de la incertidumbre a nivel global asociada al impacto econ\u00f3mico del coronavirus\u201d.<\/p>\n<p style=\"text-align: justify;\">Luego, en agosto tambi\u00e9n de 2020, la redujo de 3.50 a 3.00 %. Ahora, en noviembre de 2021, decidi\u00f3 volverla a llevar a 3.50 %. La decisi\u00f3n, inform\u00f3 el banco, se basa \u201cen una evaluaci\u00f3n exhaustiva del impacto del COVID-19 sobre la producci\u00f3n a nivel mundial y las mayores presiones inflacionarias de origen externo\u201d.<\/p>\n<p style=\"text-align: justify;\">Espinal indica que el nuevo incremento es un indicio de que el banco trata de contener los efectos de inflaci\u00f3n, es decir, de aumento de precios, por la cantidad de dinero que se puso a circular el a\u00f1o pasado para agilizar la recuperaci\u00f3n econ\u00f3mica.<\/p>\n<p style=\"text-align: justify;\">\u201cEs parte de un ciclo econ\u00f3mico\u201d, dice Espinal. \u201cComo ya la econom\u00eda se ha estado recuperando, el banco vuelve a lo que llamanos una pol\u00edtica restrictiva, es decir, una pol\u00edtica de tasas m\u00e1s altas para evitar el flujo monetario, o sea, la cantidad de dinero que va de la banca comercial a las empresas por v\u00edas de pr\u00e9stamos y a las personas\u201d.<\/p>\n<p style=\"text-align: justify;\">Miguel Collado, vicepresidente ejecutivo del Centro Regional de Estrategias Econ\u00f3micas Sostenibles (Crees), observa un ciclo de normalizaci\u00f3n con la decisi\u00f3n del banco, que va a tono con decisiones internacionales.<\/p>\n<p style=\"text-align: justify;\">\u201cLos bancos centrales empiezan a corregir, la FED (Reserva Federal de EE. UU.) tambi\u00e9n (&#8230;), y el Banco Central de Rep\u00fablica Dominicana ha seguido, en consecuencia, esa pol\u00edtica que ya se inicia\u201d, expresa.<\/p>\n<p style=\"text-align: justify;\">Ante el panorama, Espinal aconseja financiarse en este momento, a largo plazo y a tasa fija, antes de que la carrera ascendente de las tasas sea mayor. Estima que ser\u00eda a partir del segundo trimestre del pr\u00f3ximo a\u00f1o cuando el incremento se vea m\u00e1s reflejado.<\/p>\n<div class=\"pvc_clear\"><\/div>\n<p class=\"pvc_stats all \" data-element-id=\"22427\" style=\"\"><i class=\"pvc-stats-icon medium\" aria-hidden=\"true\"><svg aria-hidden=\"true\" focusable=\"false\" data-prefix=\"far\" data-icon=\"chart-bar\" role=\"img\" xmlns=\"http:\/\/www.w3.org\/2000\/svg\" viewBox=\"0 0 512 512\" class=\"svg-inline--fa fa-chart-bar fa-w-16 fa-2x\"><path fill=\"currentColor\" d=\"M396.8 352h22.4c6.4 0 12.8-6.4 12.8-12.8V108.8c0-6.4-6.4-12.8-12.8-12.8h-22.4c-6.4 0-12.8 6.4-12.8 12.8v230.4c0 6.4 6.4 12.8 12.8 12.8zm-192 0h22.4c6.4 0 12.8-6.4 12.8-12.8V140.8c0-6.4-6.4-12.8-12.8-12.8h-22.4c-6.4 0-12.8 6.4-12.8 12.8v198.4c0 6.4 6.4 12.8 12.8 12.8zm96 0h22.4c6.4 0 12.8-6.4 12.8-12.8V204.8c0-6.4-6.4-12.8-12.8-12.8h-22.4c-6.4 0-12.8 6.4-12.8 12.8v134.4c0 6.4 6.4 12.8 12.8 12.8zM496 400H48V80c0-8.84-7.16-16-16-16H16C7.16 64 0 71.16 0 80v336c0 17.67 14.33 32 32 32h464c8.84 0 16-7.16 16-16v-16c0-8.84-7.16-16-16-16zm-387.2-48h22.4c6.4 0 12.8-6.4 12.8-12.8v-70.4c0-6.4-6.4-12.8-12.8-12.8h-22.4c-6.4 0-12.8 6.4-12.8 12.8v70.4c0 6.4 6.4 12.8 12.8 12.8z\" class=\"\"><\/path><\/svg><\/i> Vistas Totales&nbsp;1,076&nbsp;<\/p>\n<div class=\"pvc_clear\"><\/div>\n","protected":false},"excerpt":{"rendered":"<p>Autor: Mariela Mej\u00eda Fecha: 26 de noviembre del 2021 Extra\u00eddo de: Diario Libre La reciente decisi\u00f3n del Banco Central de aumentar su tasa de inter\u00e9s de pol\u00edtica monetaria en 50 puntos b\u00e1sicos, es decir, de 3.00 % anual a 3.50 %, tendr\u00eda un impacto en las tasas de los pr\u00e9stamos de la banca regular, proyectan&#8230;<\/p>\n<div class=\"pvc_clear\"><\/div>\n<p class=\"pvc_stats all \" data-element-id=\"22427\" style=\"\"><i class=\"pvc-stats-icon medium\" aria-hidden=\"true\"><svg aria-hidden=\"true\" focusable=\"false\" data-prefix=\"far\" data-icon=\"chart-bar\" role=\"img\" xmlns=\"http:\/\/www.w3.org\/2000\/svg\" viewBox=\"0 0 512 512\" class=\"svg-inline--fa fa-chart-bar fa-w-16 fa-2x\"><path fill=\"currentColor\" d=\"M396.8 352h22.4c6.4 0 12.8-6.4 12.8-12.8V108.8c0-6.4-6.4-12.8-12.8-12.8h-22.4c-6.4 0-12.8 6.4-12.8 12.8v230.4c0 6.4 6.4 12.8 12.8 12.8zm-192 0h22.4c6.4 0 12.8-6.4 12.8-12.8V140.8c0-6.4-6.4-12.8-12.8-12.8h-22.4c-6.4 0-12.8 6.4-12.8 12.8v198.4c0 6.4 6.4 12.8 12.8 12.8zm96 0h22.4c6.4 0 12.8-6.4 12.8-12.8V204.8c0-6.4-6.4-12.8-12.8-12.8h-22.4c-6.4 0-12.8 6.4-12.8 12.8v134.4c0 6.4 6.4 12.8 12.8 12.8zM496 400H48V80c0-8.84-7.16-16-16-16H16C7.16 64 0 71.16 0 80v336c0 17.67 14.33 32 32 32h464c8.84 0 16-7.16 16-16v-16c0-8.84-7.16-16-16-16zm-387.2-48h22.4c6.4 0 12.8-6.4 12.8-12.8v-70.4c0-6.4-6.4-12.8-12.8-12.8h-22.4c-6.4 0-12.8 6.4-12.8 12.8v70.4c0 6.4 6.4 12.8 12.8 12.8z\" class=\"\"><\/path><\/svg><\/i> Vistas Totales&nbsp;1,076&nbsp;<\/p>\n<div class=\"pvc_clear\"><\/div>\n","protected":false},"author":2,"featured_media":22433,"comment_status":"closed","ping_status":"closed","sticky":false,"template":"","format":"standard","meta":{"footnotes":""},"categories":[19],"tags":[],"class_list":["post-22427","post","type-post","status-publish","format-standard","has-post-thumbnail","hentry","category-actualidad"],"yoast_head":"<!-- This site is optimized with the Yoast SEO plugin v25.2 - https:\/\/yoast.com\/wordpress\/plugins\/seo\/ -->\n<title>Tasas de los pr\u00e9stamos subir\u00edan tras reciente decisi\u00f3n del Banco Central | CREES<\/title>\n<meta name=\"robots\" content=\"index, follow, max-snippet:-1, max-image-preview:large, max-video-preview:-1\" \/>\n<link rel=\"canonical\" href=\"https:\/\/crees.org.do\/?p=22427\" \/>\n<meta property=\"og:locale\" content=\"es_ES\" \/>\n<meta property=\"og:type\" content=\"article\" \/>\n<meta property=\"og:title\" content=\"Tasas de los pr\u00e9stamos subir\u00edan tras reciente decisi\u00f3n del Banco Central | CREES\" \/>\n<meta property=\"og:description\" content=\"Autor: Mariela Mej\u00eda Fecha: 26 de noviembre del 2021 Extra\u00eddo de: Diario Libre La reciente decisi\u00f3n del Banco Central de aumentar su tasa de inter\u00e9s de pol\u00edtica monetaria en 50 puntos b\u00e1sicos, es decir, de 3.00 % anual a 3.50 %, tendr\u00eda un impacto en las tasas de los pr\u00e9stamos de la banca regular, proyectan...\" \/>\n<meta property=\"og:url\" content=\"https:\/\/crees.org.do\/?p=22427\" \/>\n<meta property=\"og:site_name\" content=\"CREES\" \/>\n<meta property=\"article:publisher\" content=\"https:\/\/www.facebook.com\/CREESRD\/\" \/>\n<meta property=\"article:published_time\" content=\"2021-11-26T13:53:50+00:00\" \/>\n<meta property=\"article:modified_time\" content=\"2021-11-29T14:01:34+00:00\" \/>\n<meta property=\"og:image\" content=\"https:\/\/crees.org.do\/wp-content\/uploads\/2021\/11\/dinero_1769.jpeg\" \/>\n\t<meta property=\"og:image:width\" content=\"546\" \/>\n\t<meta property=\"og:image:height\" content=\"350\" \/>\n\t<meta property=\"og:image:type\" content=\"image\/jpeg\" \/>\n<meta name=\"author\" content=\"Crees\" \/>\n<meta name=\"twitter:card\" content=\"summary_large_image\" \/>\n<meta name=\"twitter:creator\" content=\"@CREESRD\" \/>\n<meta name=\"twitter:site\" content=\"@CREESRD\" \/>\n<meta name=\"twitter:label1\" content=\"Escrito por\" \/>\n\t<meta name=\"twitter:data1\" content=\"Crees\" \/>\n\t<meta name=\"twitter:label2\" content=\"Tiempo de lectura\" \/>\n\t<meta name=\"twitter:data2\" content=\"2 minutos\" \/>\n<script type=\"application\/ld+json\" class=\"yoast-schema-graph\">{\"@context\":\"https:\/\/schema.org\",\"@graph\":[{\"@type\":\"Article\",\"@id\":\"https:\/\/crees.org.do\/?p=22427#article\",\"isPartOf\":{\"@id\":\"https:\/\/crees.org.do\/?p=22427\"},\"author\":{\"name\":\"Crees\",\"@id\":\"https:\/\/crees.org.do\/#\/schema\/person\/e7f97cd94d7bf9cd0e0ce30acb7d56b8\"},\"headline\":\"Tasas de los pr\u00e9stamos subir\u00edan tras reciente decisi\u00f3n del Banco Central\",\"datePublished\":\"2021-11-26T13:53:50+00:00\",\"dateModified\":\"2021-11-29T14:01:34+00:00\",\"mainEntityOfPage\":{\"@id\":\"https:\/\/crees.org.do\/?p=22427\"},\"wordCount\":494,\"publisher\":{\"@id\":\"https:\/\/crees.org.do\/#organization\"},\"image\":{\"@id\":\"https:\/\/crees.org.do\/?p=22427#primaryimage\"},\"thumbnailUrl\":\"https:\/\/crees.org.do\/wp-content\/uploads\/2021\/11\/dinero_1769.jpeg\",\"articleSection\":[\"Actualidad\"],\"inLanguage\":\"es\"},{\"@type\":\"WebPage\",\"@id\":\"https:\/\/crees.org.do\/?p=22427\",\"url\":\"https:\/\/crees.org.do\/?p=22427\",\"name\":\"Tasas de los pr\u00e9stamos subir\u00edan tras reciente decisi\u00f3n del Banco Central | CREES\",\"isPartOf\":{\"@id\":\"https:\/\/crees.org.do\/#website\"},\"primaryImageOfPage\":{\"@id\":\"https:\/\/crees.org.do\/?p=22427#primaryimage\"},\"image\":{\"@id\":\"https:\/\/crees.org.do\/?p=22427#primaryimage\"},\"thumbnailUrl\":\"https:\/\/crees.org.do\/wp-content\/uploads\/2021\/11\/dinero_1769.jpeg\",\"datePublished\":\"2021-11-26T13:53:50+00:00\",\"dateModified\":\"2021-11-29T14:01:34+00:00\",\"breadcrumb\":{\"@id\":\"https:\/\/crees.org.do\/?p=22427#breadcrumb\"},\"inLanguage\":\"es\",\"potentialAction\":[{\"@type\":\"ReadAction\",\"target\":[\"https:\/\/crees.org.do\/?p=22427\"]}]},{\"@type\":\"ImageObject\",\"inLanguage\":\"es\",\"@id\":\"https:\/\/crees.org.do\/?p=22427#primaryimage\",\"url\":\"https:\/\/crees.org.do\/wp-content\/uploads\/2021\/11\/dinero_1769.jpeg\",\"contentUrl\":\"https:\/\/crees.org.do\/wp-content\/uploads\/2021\/11\/dinero_1769.jpeg\",\"width\":546,\"height\":350},{\"@type\":\"BreadcrumbList\",\"@id\":\"https:\/\/crees.org.do\/?p=22427#breadcrumb\",\"itemListElement\":[{\"@type\":\"ListItem\",\"position\":1,\"name\":\"Portada\",\"item\":\"https:\/\/crees.org.do\/\"},{\"@type\":\"ListItem\",\"position\":2,\"name\":\"Tasas de los pr\u00e9stamos subir\u00edan tras reciente decisi\u00f3n del Banco Central\"}]},{\"@type\":\"WebSite\",\"@id\":\"https:\/\/crees.org.do\/#website\",\"url\":\"https:\/\/crees.org.do\/\",\"name\":\"CREES\",\"description\":\"Centro Regional de Estrategias Econ\u00f3micas Sostenibles\",\"publisher\":{\"@id\":\"https:\/\/crees.org.do\/#organization\"},\"potentialAction\":[{\"@type\":\"SearchAction\",\"target\":{\"@type\":\"EntryPoint\",\"urlTemplate\":\"https:\/\/crees.org.do\/?s={search_term_string}\"},\"query-input\":{\"@type\":\"PropertyValueSpecification\",\"valueRequired\":true,\"valueName\":\"search_term_string\"}}],\"inLanguage\":\"es\"},{\"@type\":\"Organization\",\"@id\":\"https:\/\/crees.org.do\/#organization\",\"name\":\"CREES | Centro Regional de Estrategias Econ\u00f3micas Sostenibles\",\"url\":\"https:\/\/crees.org.do\/\",\"logo\":{\"@type\":\"ImageObject\",\"inLanguage\":\"es\",\"@id\":\"https:\/\/crees.org.do\/#\/schema\/logo\/image\/\",\"url\":\"https:\/\/crees.org.do\/wp-content\/uploads\/2022\/03\/crees-logo-1.jpg\",\"contentUrl\":\"https:\/\/crees.org.do\/wp-content\/uploads\/2022\/03\/crees-logo-1.jpg\",\"width\":244,\"height\":71,\"caption\":\"CREES | Centro Regional de Estrategias Econ\u00f3micas Sostenibles\"},\"image\":{\"@id\":\"https:\/\/crees.org.do\/#\/schema\/logo\/image\/\"},\"sameAs\":[\"https:\/\/www.facebook.com\/CREESRD\/\",\"https:\/\/x.com\/CREESRD\"]},{\"@type\":\"Person\",\"@id\":\"https:\/\/crees.org.do\/#\/schema\/person\/e7f97cd94d7bf9cd0e0ce30acb7d56b8\",\"name\":\"Crees\",\"image\":{\"@type\":\"ImageObject\",\"inLanguage\":\"es\",\"@id\":\"https:\/\/crees.org.do\/#\/schema\/person\/image\/\",\"url\":\"https:\/\/secure.gravatar.com\/avatar\/390ac8f0be5d9aa046152553e2dd7011b59a512d89c150f5e5f28bb8d9a0b165?s=96&d=mm&r=g\",\"contentUrl\":\"https:\/\/secure.gravatar.com\/avatar\/390ac8f0be5d9aa046152553e2dd7011b59a512d89c150f5e5f28bb8d9a0b165?s=96&d=mm&r=g\",\"caption\":\"Crees\"},\"url\":\"https:\/\/crees.org.do\/?author=2\"}]}<\/script>\n<!-- \/ Yoast SEO plugin. -->","yoast_head_json":{"title":"Tasas de los pr\u00e9stamos subir\u00edan tras reciente decisi\u00f3n del Banco Central | CREES","robots":{"index":"index","follow":"follow","max-snippet":"max-snippet:-1","max-image-preview":"max-image-preview:large","max-video-preview":"max-video-preview:-1"},"canonical":"https:\/\/crees.org.do\/?p=22427","og_locale":"es_ES","og_type":"article","og_title":"Tasas de los pr\u00e9stamos subir\u00edan tras reciente decisi\u00f3n del Banco Central | CREES","og_description":"Autor: Mariela Mej\u00eda Fecha: 26 de noviembre del 2021 Extra\u00eddo de: Diario Libre La reciente decisi\u00f3n del Banco Central de aumentar su tasa de inter\u00e9s de pol\u00edtica monetaria en 50 puntos b\u00e1sicos, es decir, de 3.00 % anual a 3.50 %, tendr\u00eda un impacto en las tasas de los pr\u00e9stamos de la banca regular, proyectan...","og_url":"https:\/\/crees.org.do\/?p=22427","og_site_name":"CREES","article_publisher":"https:\/\/www.facebook.com\/CREESRD\/","article_published_time":"2021-11-26T13:53:50+00:00","article_modified_time":"2021-11-29T14:01:34+00:00","og_image":[{"width":546,"height":350,"url":"https:\/\/crees.org.do\/wp-content\/uploads\/2021\/11\/dinero_1769.jpeg","type":"image\/jpeg"}],"author":"Crees","twitter_card":"summary_large_image","twitter_creator":"@CREESRD","twitter_site":"@CREESRD","twitter_misc":{"Escrito por":"Crees","Tiempo de lectura":"2 minutos"},"schema":{"@context":"https:\/\/schema.org","@graph":[{"@type":"Article","@id":"https:\/\/crees.org.do\/?p=22427#article","isPartOf":{"@id":"https:\/\/crees.org.do\/?p=22427"},"author":{"name":"Crees","@id":"https:\/\/crees.org.do\/#\/schema\/person\/e7f97cd94d7bf9cd0e0ce30acb7d56b8"},"headline":"Tasas de los pr\u00e9stamos subir\u00edan tras reciente decisi\u00f3n del Banco Central","datePublished":"2021-11-26T13:53:50+00:00","dateModified":"2021-11-29T14:01:34+00:00","mainEntityOfPage":{"@id":"https:\/\/crees.org.do\/?p=22427"},"wordCount":494,"publisher":{"@id":"https:\/\/crees.org.do\/#organization"},"image":{"@id":"https:\/\/crees.org.do\/?p=22427#primaryimage"},"thumbnailUrl":"https:\/\/crees.org.do\/wp-content\/uploads\/2021\/11\/dinero_1769.jpeg","articleSection":["Actualidad"],"inLanguage":"es"},{"@type":"WebPage","@id":"https:\/\/crees.org.do\/?p=22427","url":"https:\/\/crees.org.do\/?p=22427","name":"Tasas de los pr\u00e9stamos subir\u00edan tras reciente decisi\u00f3n del Banco Central | CREES","isPartOf":{"@id":"https:\/\/crees.org.do\/#website"},"primaryImageOfPage":{"@id":"https:\/\/crees.org.do\/?p=22427#primaryimage"},"image":{"@id":"https:\/\/crees.org.do\/?p=22427#primaryimage"},"thumbnailUrl":"https:\/\/crees.org.do\/wp-content\/uploads\/2021\/11\/dinero_1769.jpeg","datePublished":"2021-11-26T13:53:50+00:00","dateModified":"2021-11-29T14:01:34+00:00","breadcrumb":{"@id":"https:\/\/crees.org.do\/?p=22427#breadcrumb"},"inLanguage":"es","potentialAction":[{"@type":"ReadAction","target":["https:\/\/crees.org.do\/?p=22427"]}]},{"@type":"ImageObject","inLanguage":"es","@id":"https:\/\/crees.org.do\/?p=22427#primaryimage","url":"https:\/\/crees.org.do\/wp-content\/uploads\/2021\/11\/dinero_1769.jpeg","contentUrl":"https:\/\/crees.org.do\/wp-content\/uploads\/2021\/11\/dinero_1769.jpeg","width":546,"height":350},{"@type":"BreadcrumbList","@id":"https:\/\/crees.org.do\/?p=22427#breadcrumb","itemListElement":[{"@type":"ListItem","position":1,"name":"Portada","item":"https:\/\/crees.org.do\/"},{"@type":"ListItem","position":2,"name":"Tasas de los pr\u00e9stamos subir\u00edan tras reciente decisi\u00f3n del Banco Central"}]},{"@type":"WebSite","@id":"https:\/\/crees.org.do\/#website","url":"https:\/\/crees.org.do\/","name":"CREES","description":"Centro Regional de Estrategias Econ\u00f3micas Sostenibles","publisher":{"@id":"https:\/\/crees.org.do\/#organization"},"potentialAction":[{"@type":"SearchAction","target":{"@type":"EntryPoint","urlTemplate":"https:\/\/crees.org.do\/?s={search_term_string}"},"query-input":{"@type":"PropertyValueSpecification","valueRequired":true,"valueName":"search_term_string"}}],"inLanguage":"es"},{"@type":"Organization","@id":"https:\/\/crees.org.do\/#organization","name":"CREES | Centro Regional de Estrategias Econ\u00f3micas Sostenibles","url":"https:\/\/crees.org.do\/","logo":{"@type":"ImageObject","inLanguage":"es","@id":"https:\/\/crees.org.do\/#\/schema\/logo\/image\/","url":"https:\/\/crees.org.do\/wp-content\/uploads\/2022\/03\/crees-logo-1.jpg","contentUrl":"https:\/\/crees.org.do\/wp-content\/uploads\/2022\/03\/crees-logo-1.jpg","width":244,"height":71,"caption":"CREES | Centro Regional de Estrategias Econ\u00f3micas Sostenibles"},"image":{"@id":"https:\/\/crees.org.do\/#\/schema\/logo\/image\/"},"sameAs":["https:\/\/www.facebook.com\/CREESRD\/","https:\/\/x.com\/CREESRD"]},{"@type":"Person","@id":"https:\/\/crees.org.do\/#\/schema\/person\/e7f97cd94d7bf9cd0e0ce30acb7d56b8","name":"Crees","image":{"@type":"ImageObject","inLanguage":"es","@id":"https:\/\/crees.org.do\/#\/schema\/person\/image\/","url":"https:\/\/secure.gravatar.com\/avatar\/390ac8f0be5d9aa046152553e2dd7011b59a512d89c150f5e5f28bb8d9a0b165?s=96&d=mm&r=g","contentUrl":"https:\/\/secure.gravatar.com\/avatar\/390ac8f0be5d9aa046152553e2dd7011b59a512d89c150f5e5f28bb8d9a0b165?s=96&d=mm&r=g","caption":"Crees"},"url":"https:\/\/crees.org.do\/?author=2"}]}},"_links":{"self":[{"href":"https:\/\/crees.org.do\/index.php?rest_route=\/wp\/v2\/posts\/22427","targetHints":{"allow":["GET"]}}],"collection":[{"href":"https:\/\/crees.org.do\/index.php?rest_route=\/wp\/v2\/posts"}],"about":[{"href":"https:\/\/crees.org.do\/index.php?rest_route=\/wp\/v2\/types\/post"}],"author":[{"embeddable":true,"href":"https:\/\/crees.org.do\/index.php?rest_route=\/wp\/v2\/users\/2"}],"replies":[{"embeddable":true,"href":"https:\/\/crees.org.do\/index.php?rest_route=%2Fwp%2Fv2%2Fcomments&post=22427"}],"version-history":[{"count":2,"href":"https:\/\/crees.org.do\/index.php?rest_route=\/wp\/v2\/posts\/22427\/revisions"}],"predecessor-version":[{"id":22432,"href":"https:\/\/crees.org.do\/index.php?rest_route=\/wp\/v2\/posts\/22427\/revisions\/22432"}],"wp:featuredmedia":[{"embeddable":true,"href":"https:\/\/crees.org.do\/index.php?rest_route=\/wp\/v2\/media\/22433"}],"wp:attachment":[{"href":"https:\/\/crees.org.do\/index.php?rest_route=%2Fwp%2Fv2%2Fmedia&parent=22427"}],"wp:term":[{"taxonomy":"category","embeddable":true,"href":"https:\/\/crees.org.do\/index.php?rest_route=%2Fwp%2Fv2%2Fcategories&post=22427"},{"taxonomy":"post_tag","embeddable":true,"href":"https:\/\/crees.org.do\/index.php?rest_route=%2Fwp%2Fv2%2Ftags&post=22427"}],"curies":[{"name":"wp","href":"https:\/\/api.w.org\/{rel}","templated":true}]}}